{"id":80464,"date":"2025-12-03T22:01:55","date_gmt":"2025-12-04T01:01:55","guid":{"rendered":"https:\/\/noticiasribeiraopreto.com.br\/index.php\/2025\/12\/03\/homem-e-resgatado-de-corrego-em-frente-ao-terminal-de-onibus-de-ribeirao-preto-veja-video\/"},"modified":"2025-12-03T22:01:55","modified_gmt":"2025-12-04T01:01:55","slug":"homem-e-resgatado-de-corrego-em-frente-ao-terminal-de-onibus-de-ribeirao-preto-veja-video","status":"publish","type":"post","link":"https:\/\/noticiasribeiraopreto.com.br\/index.php\/2025\/12\/03\/homem-e-resgatado-de-corrego-em-frente-ao-terminal-de-onibus-de-ribeirao-preto-veja-video\/","title":{"rendered":"Homem \u00e9 resgatado de c\u00f3rrego em frente ao terminal de \u00f4nibus de Ribeir\u00e3o Preto; veja v\u00eddeo"},"content":{"rendered":"<div class='code-block code-block-1' style='margin: 8px 0 8px auto; text-align: right; display: block; clear: both;'>\n<p><a href=\"https:\/\/wa.link\/vpicfd\"><img data-recalc-dims=\"1\" class=\"wp-image-4922\" style=\"aspect-ratio: 2.0253164556962027; width: 561px; height: auto;\" src=\"https:\/\/i0.wp.com\/ismaelcolosi.com.br\/wp-content\/uploads\/2023\/11\/grupo-de-empregos-whatsapp-e-facebook-ismael-colosi-vagas.jpg?ssl=1\" alt=\"\" \/><\/a><\/p>\n<!-- \/wp:image -->\n<\/div>\n<p> <br \/>\n<\/p>\n<p>Equipes do <strong>Corpo de Bombeiros <\/strong>resgataram um homem que <strong>ficou preso dentro do c\u00f3rrego<\/strong> em frente ao terminal de \u00f4nibus do Centro de<strong> Ribeir\u00e3o Preto<\/strong> na tarde desta quarta-feira (3) \u2013 veja v\u00eddeo abaixo.<\/p>\n<p>Segundo as primeiras informa\u00e7\u00f5es, ele estaria pescando no local e n\u00e3o percebeu a chegada da chuva. <mark style=\"background-color:#fcb900\" class=\"has-inline-color\">Com o aumento da correnteza, o homem acabou n\u00e3o conseguindo sair do local.<\/mark> V\u00eddeos que circulam nas redes sociais mostram o resgate do homem.<\/p>\n<p>De acordo com os bombeiros, <strong>a v\u00edtima foi socorrida e encaminhada para a UPA da Vila Virg\u00ednia<\/strong>. N\u00e3o h\u00e1 informa\u00e7\u00f5es sobre seu estado de sa\u00fade.<\/p>\n<blockquote class=\"instagram-media\" data-instgrm-permalink=\"https:\/\/www.instagram.com\/reel\/DR0UPR4Dr59\/?utm_source=ig_embed&amp;utm_campaign=loading\" data-instgrm-version=\"14\" style=\"background:#FFF;border:0;border-radius:3px;margin: 1px;max-width:540px;min-width:326px;padding:0;width:99.375%;width:-webkit-calc(100% - 2px);width:calc(100% - 2px)\">\n<div style=\"padding:16px\"> <a href=\"https:\/\/www.instagram.com\/reel\/DR0UPR4Dr59\/?utm_source=ig_embed&amp;utm_campaign=loading\" style=\"background:#FFFFFF;line-height:0;padding:0 0;text-align:center;text-decoration:none;width:100%\" target=\"_blank\" rel=\"noopener\"> <\/p>\n<div style=\"flex-direction: row;align-items: center\">\n<div style=\"background-color: #F4F4F4;border-radius: 50%;flex-grow: 0;height: 40px;margin-right: 14px;width: 40px\"><\/div>\n<div style=\"flex-direction: column;flex-grow: 1;justify-content: center\">\n<div style=\"background-color: #F4F4F4;border-radius: 4px;flex-grow: 0;height: 14px;margin-bottom: 6px;width: 100px\"><\/div>\n<div style=\"background-color: #F4F4F4;border-radius: 4px;flex-grow: 0;height: 14px;width: 60px\"><\/div>\n<\/div>\n<\/div>\n<div style=\"padding: 19% 0\"><\/div>\n<div style=\"height:50px;margin:0 auto 12px;width:50px\"><\/div>\n<div style=\"padding-top: 8px\">\n<div style=\"color:#3897f0;font-family:Arial,sans-serif;font-size:14px;font-style:normal;font-weight:550;line-height:18px\">Ver essa foto no Instagram<\/div>\n<\/div>\n<div style=\"padding: 12.5% 0\"><\/div>\n<div style=\"flex-direction: row;margin-bottom: 14px;align-items: center\">\n<div>\n<div style=\"background-color: #F4F4F4;border-radius: 50%;height: 12.5px;width: 12.5px\"><\/div>\n<div style=\"background-color: #F4F4F4;height: 12.5px;width: 12.5px;flex-grow: 0;margin-right: 14px;margin-left: 2px\"><\/div>\n<div style=\"background-color: #F4F4F4;border-radius: 50%;height: 12.5px;width: 12.5px\"><\/div>\n<\/div>\n<div style=\"margin-left: 8px\">\n<div style=\"background-color: #F4F4F4;border-radius: 50%;flex-grow: 0;height: 20px;width: 20px\"><\/div>\n<div style=\"width: 0;height: 0;border-top: 2px solid transparent;border-left: 6px solid #f4f4f4;border-bottom: 2px solid transparent\"><\/div>\n<\/div>\n<div style=\"margin-left: auto\">\n<div style=\"width: 0px;border-top: 8px solid #F4F4F4;border-right: 8px solid transparent\"><\/div>\n<div style=\"background-color: #F4F4F4;flex-grow: 0;height: 12px;width: 16px\"><\/div>\n<div style=\"width: 0;height: 0;border-top: 8px solid #F4F4F4;border-left: 8px solid transparent\"><\/div>\n<\/div>\n<\/div>\n<div style=\"flex-direction: column;flex-grow: 1;justify-content: center;margin-bottom: 24px\">\n<div style=\"background-color: #F4F4F4;border-radius: 4px;flex-grow: 0;height: 14px;margin-bottom: 6px;width: 224px\"><\/div>\n<div style=\"background-color: #F4F4F4;border-radius: 4px;flex-grow: 0;height: 14px;width: 144px\"><\/div>\n<\/div>\n<p><\/a><\/p>\n<p style=\"color:#c9c8cd;font-family:Arial,sans-serif;font-size:14px;line-height:17px;margin-bottom:0;margin-top:8px;overflow:hidden;padding:8px 0 7px;text-align:center\"><a href=\"https:\/\/www.instagram.com\/reel\/DR0UPR4Dr59\/?utm_source=ig_embed&amp;utm_campaign=loading\" style=\"color:#c9c8cd;font-family:Arial,sans-serif;font-size:14px;font-style:normal;font-weight:normal;line-height:17px;text-decoration:none\" target=\"_blank\" rel=\"noopener\">Uma publica\u00e7\u00e3o compartilhada por acidade on Ribeir\u00e3o (@acidadeonribeirao)<\/a><\/p>\n<\/div>\n<\/blockquote>\n<hr class=\"wp-block-separator has-alpha-channel-opacity\" \/>\n<p>SAIBA MAIS<\/p>\n<p>Morador registra momento em que \u00e1rvore cai em avenida de Ribeir\u00e3o durante temporal; Veja v\u00eddeo<\/p>\n<h2 class=\"wp-block-heading\"><strong>FIQUE ON<\/strong><\/h2>\n<p>Fique ligado em tudo que acontece em Ribeir\u00e3o Preto e regi\u00e3o. Siga os perfis do<strong>\u00a0acidade on<\/strong>\u00a0no<a href=\"https:\/\/www.instagram.com\/acidadeonribeirao\" target=\"_blank\" rel=\"noreferrer noopener\">\u00a0Instagram<\/a>\u00a0e no\u00a0<a href=\"https:\/\/www.facebook.com\/acidadeonribeirao\/\" target=\"_blank\" rel=\"noreferrer noopener\">Facebook<\/a>.<\/p>\n<p>Receba not\u00edcias do<strong>&nbsp;acidade on&nbsp;<\/strong>no WhatsApp. Para entrar no grupo,&nbsp;basta&nbsp;<a href=\"https:\/\/chat.whatsapp.com\/I4nieTEMKlf50pJ28aMemC?mode=ac_t\" target=\"_blank\" rel=\"noreferrer noopener\">clicar aqui<\/a>. Ou, acesse o nosso&nbsp;Canal&nbsp;<a href=\"https:\/\/whatsapp.com\/channel\/0029Vb6IQl1JENyAeS57fk2p\" target=\"_blank\" rel=\"noreferrer noopener\">clicando aqui<\/a>.<\/p>\n<p>Fa\u00e7a uma den\u00fancia ou sugira uma reportagem sobre Ribeir\u00e3o Preto e regi\u00e3o pelo WhatsApp: 16 99117 7802.<\/p>\n<p>VEJA TAMB\u00c9M<br \/>Salada X Molho: Qual a diferen\u00e7a dos dois tipos de tomate?<\/p>\n<p><\/p>\n<p>O post Homem \u00e9 resgatado de c\u00f3rrego em frente ao terminal de \u00f4nibus de Ribeir\u00e3o Preto; veja v\u00eddeo apareceu primeiro em ACidade ON Ribeir\u00e3o Preto.<\/p>\n<p><script async src=\"\/\/www.instagram.com\/embed.js\"><\/script><br \/>\n<br \/><br \/>\n<br \/><a href=\"https:\/\/www.acidadeon.com\/ribeiraopreto\/cotidiano\/homem-e-resgatado-de-corrego-em-frente-ao-terminal-de-onibus-de-ribeirao-preto-veja-video\/\">Source link <\/a><\/p>\n<!-- CONTENT END 1 -->\n","protected":false},"excerpt":{"rendered":"<p>Equipes do Corpo de Bombeiros resgataram um homem que ficou preso dentro do c\u00f3rrego em frente ao terminal de \u00f4nibus do Centro de Ribeir\u00e3o Preto&#8230;<\/p>\n","protected":false},"author":1,"featured_media":80465,"comment_status":"open","ping_status":"open","sticky":false,"template":"","format":"standard","meta":{"advanced_seo_description":"","jetpack_seo_html_title":"","jetpack_seo_noindex":false,"jetpack_post_was_ever_published":false,"_jetpack_newsletter_access":"","_jetpack_dont_email_post_to_subs":false,"_jetpack_newsletter_tier_id":0,"_jetpack_memberships_contains_paywalled_content":false,"_jetpack_memberships_contains_paid_content":false,"footnotes":"","jetpack_publicize_message":"","jetpack_publicize_feature_enabled":true,"jetpack_social_post_already_shared":true,"jetpack_social_options":{"image_generator_settings":{"template":"highway","default_image_id":0,"font":"","enabled":false},"version":2}},"categories":[11],"tags":[],"class_list":["post-80464","post","type-post","status-publish","format-standard","has-post-thumbnail","hentry","category-noticias-de-ribeirao-preto-sp-e-regiao-ismael-colosi"],"jetpack_publicize_connections":[],"jetpack_featured_media_url":"https:\/\/i0.wp.com\/noticiasribeiraopreto.com.br\/wp-content\/uploads\/2025\/12\/Copia-de-Copia-de-Copia-de-TAMANHO-EXATO-PARA-FOTOS-NO-SISTEMA-NOVO-2025-12-03T190723.900_2025-12-03_22-07-29.webp.webp?fit=1200%2C675&ssl=1","jetpack-related-posts":[{"id":43355,"url":"https:\/\/noticiasribeiraopreto.com.br\/index.php\/2024\/03\/20\/homem-cai-em-corrego-e-e-arrastado-por-tres-quilometros-na-regiao-de-ribeirao-veja-video\/","url_meta":{"origin":80464,"position":0},"title":"Homem cai em c\u00f3rrego e \u00e9 arrastado por tr\u00eas quil\u00f4metros na regi\u00e3o de Ribeir\u00e3o; Veja v\u00eddeo","author":"noticiasribeiraopreto.com.br","date":"20 de March de 2024","format":false,"excerpt":"Um homem, de 41 anos, caiu dentro do c\u00f3rrego dos Bagres, em Franca, cidade na regi\u00e3o de Ribeir\u00e3o Preto, e foi arrastado na tarde desta quarta-feira (20). Chovia forte na cidade no momento do ocorrido. De acordo com as informa\u00e7\u00f5es do Corpo de Bombeiros (CB), a v\u00edtima foi arrastada por\u2026","rel":"","context":"In &quot;Not\u00edcias de Ribeir\u00e3o Preto-SP e Regi\u00e3o&quot;","block_context":{"text":"Not\u00edcias de Ribeir\u00e3o Preto-SP e Regi\u00e3o","link":"https:\/\/noticiasribeiraopreto.com.br\/index.php\/category\/noticias-de-ribeirao-preto-sp-e-regiao-ismael-colosi\/"},"img":{"alt_text":"","src":"https:\/\/i0.wp.com\/noticiasribeiraopreto.com.br\/wp-content\/uploads\/2024\/03\/AnyConv.com__Copia-de-Copia-de-TAMANHO-EXATO-PARA-FOTOS-NO-SISTEMA-NOVO-14.webp.webp?fit=1200%2C675&ssl=1&resize=350%2C200","width":350,"height":200,"srcset":"https:\/\/i0.wp.com\/noticiasribeiraopreto.com.br\/wp-content\/uploads\/2024\/03\/AnyConv.com__Copia-de-Copia-de-TAMANHO-EXATO-PARA-FOTOS-NO-SISTEMA-NOVO-14.webp.webp?fit=1200%2C675&ssl=1&resize=350%2C200 1x, https:\/\/i0.wp.com\/noticiasribeiraopreto.com.br\/wp-content\/uploads\/2024\/03\/AnyConv.com__Copia-de-Copia-de-TAMANHO-EXATO-PARA-FOTOS-NO-SISTEMA-NOVO-14.webp.webp?fit=1200%2C675&ssl=1&resize=525%2C300 1.5x, https:\/\/i0.wp.com\/noticiasribeiraopreto.com.br\/wp-content\/uploads\/2024\/03\/AnyConv.com__Copia-de-Copia-de-TAMANHO-EXATO-PARA-FOTOS-NO-SISTEMA-NOVO-14.webp.webp?fit=1200%2C675&ssl=1&resize=700%2C400 2x, https:\/\/i0.wp.com\/noticiasribeiraopreto.com.br\/wp-content\/uploads\/2024\/03\/AnyConv.com__Copia-de-Copia-de-TAMANHO-EXATO-PARA-FOTOS-NO-SISTEMA-NOVO-14.webp.webp?fit=1200%2C675&ssl=1&resize=1050%2C600 3x"},"classes":[]},{"id":78991,"url":"https:\/\/noticiasribeiraopreto.com.br\/index.php\/2025\/10\/22\/homem-e-encontrado-morto-em-frente-ao-terminal-rodoviario-de-ribeirao-preto\/","url_meta":{"origin":80464,"position":1},"title":"Homem \u00e9 encontrado morto em frente ao Terminal Rodovi\u00e1rio de Ribeir\u00e3o Preto","author":"noticiasribeiraopreto.com.br","date":"22 de October de 2025","format":false,"excerpt":"Um homem foi encontrado morto na manh\u00e3 desta quarta-feira (22), em frente ao Terminal Rodovi\u00e1rio de Ribeir\u00e3o Preto, na avenida Jer\u00f4nimo Gon\u00e7alves. Segundo informa\u00e7\u00f5es, o homem, ainda sem identifica\u00e7\u00e3o e apar\u00eancia de 60 anos de idade, estava ca\u00eddo na cal\u00e7ada ao lado de um ponto de \u00f4nibus, onde h\u00e1 um\u2026","rel":"","context":"In &quot;Not\u00edcias de Ribeir\u00e3o Preto-SP e Regi\u00e3o&quot;","block_context":{"text":"Not\u00edcias de Ribeir\u00e3o Preto-SP e Regi\u00e3o","link":"https:\/\/noticiasribeiraopreto.com.br\/index.php\/category\/noticias-de-ribeirao-preto-sp-e-regiao-ismael-colosi\/"},"img":{"alt_text":"","src":"https:\/\/i0.wp.com\/noticiasribeiraopreto.com.br\/wp-content\/uploads\/2025\/10\/CORPO_2025-10-22_13-28-46.webp.webp?fit=1029%2C606&ssl=1&resize=350%2C200","width":350,"height":200,"srcset":"https:\/\/i0.wp.com\/noticiasribeiraopreto.com.br\/wp-content\/uploads\/2025\/10\/CORPO_2025-10-22_13-28-46.webp.webp?fit=1029%2C606&ssl=1&resize=350%2C200 1x, https:\/\/i0.wp.com\/noticiasribeiraopreto.com.br\/wp-content\/uploads\/2025\/10\/CORPO_2025-10-22_13-28-46.webp.webp?fit=1029%2C606&ssl=1&resize=525%2C300 1.5x, https:\/\/i0.wp.com\/noticiasribeiraopreto.com.br\/wp-content\/uploads\/2025\/10\/CORPO_2025-10-22_13-28-46.webp.webp?fit=1029%2C606&ssl=1&resize=700%2C400 2x"},"classes":[]},{"id":53592,"url":"https:\/\/noticiasribeiraopreto.com.br\/index.php\/2024\/06\/21\/corpo-e-encontrado-em-corrego-na-regiao-de-ribeirao-preto\/","url_meta":{"origin":80464,"position":2},"title":"Corpo \u00e9 encontrado em c\u00f3rrego na regi\u00e3o de Ribeir\u00e3o Preto","author":"noticiasribeiraopreto.com.br","date":"21 de June de 2024","format":false,"excerpt":"Um homem foi encontrado morto dentro de um c\u00f3rrego em Franca, na regi\u00e3o de Ribeir\u00e3o Preto, na manh\u00e3 desta sexta-feira (21). O corpo foi retirado do c\u00f3rrego Cubat\u00e3o, que corta a avenida Ismael Alonso y Alonso, pelos Bombeiros. De acordo com apura\u00e7\u00e3o da EPTV, a v\u00edtima ainda n\u00e3o foi identificada.\u2026","rel":"","context":"In &quot;Not\u00edcias de Ribeir\u00e3o Preto-SP e Regi\u00e3o&quot;","block_context":{"text":"Not\u00edcias de Ribeir\u00e3o Preto-SP e Regi\u00e3o","link":"https:\/\/noticiasribeiraopreto.com.br\/index.php\/category\/noticias-de-ribeirao-preto-sp-e-regiao-ismael-colosi\/"},"img":{"alt_text":"","src":"https:\/\/i0.wp.com\/noticiasribeiraopreto.com.br\/wp-content\/uploads\/2024\/06\/AnyConv.com__corpo-corrego-franca_2024-06-21_13-57-39-scaled.webp.webp?fit=1200%2C583&ssl=1&resize=350%2C200","width":350,"height":200,"srcset":"https:\/\/i0.wp.com\/noticiasribeiraopreto.com.br\/wp-content\/uploads\/2024\/06\/AnyConv.com__corpo-corrego-franca_2024-06-21_13-57-39-scaled.webp.webp?fit=1200%2C583&ssl=1&resize=350%2C200 1x, https:\/\/i0.wp.com\/noticiasribeiraopreto.com.br\/wp-content\/uploads\/2024\/06\/AnyConv.com__corpo-corrego-franca_2024-06-21_13-57-39-scaled.webp.webp?fit=1200%2C583&ssl=1&resize=525%2C300 1.5x, https:\/\/i0.wp.com\/noticiasribeiraopreto.com.br\/wp-content\/uploads\/2024\/06\/AnyConv.com__corpo-corrego-franca_2024-06-21_13-57-39-scaled.webp.webp?fit=1200%2C583&ssl=1&resize=700%2C400 2x, https:\/\/i0.wp.com\/noticiasribeiraopreto.com.br\/wp-content\/uploads\/2024\/06\/AnyConv.com__corpo-corrego-franca_2024-06-21_13-57-39-scaled.webp.webp?fit=1200%2C583&ssl=1&resize=1050%2C600 3x"},"classes":[]},{"id":51963,"url":"https:\/\/noticiasribeiraopreto.com.br\/index.php\/2024\/06\/02\/homem-e-socorrido-apos-cair-no-corrego-da-avenida-francisco-junqueira-em-ribeirao\/","url_meta":{"origin":80464,"position":3},"title":"Homem \u00e9 socorrido ap\u00f3s cair no c\u00f3rrego da avenida Francisco Junqueira em Ribeir\u00e3o","author":"noticiasribeiraopreto.com.br","date":"2 de June de 2024","format":false,"excerpt":"Um homem foi socorrido na tarde deste domingo (2), depois de cair no c\u00f3rrego Retiro Saudoso, na avenida Francisco Junqueira, em Ribeir\u00e3o Preto. Segundo as primeiras informa\u00e7\u00f5es, a v\u00edtima, que teria entre 30 e 40 anos de idade e estaria sem identifica\u00e7\u00e3o, foi retirada do c\u00f3rrego pelo Corpo de Bombeiros.\u2026","rel":"","context":"In &quot;Not\u00edcias de Ribeir\u00e3o Preto-SP e Regi\u00e3o&quot;","block_context":{"text":"Not\u00edcias de Ribeir\u00e3o Preto-SP e Regi\u00e3o","link":"https:\/\/noticiasribeiraopreto.com.br\/index.php\/category\/noticias-de-ribeirao-preto-sp-e-regiao-ismael-colosi\/"},"img":{"alt_text":"","src":"https:\/\/i0.wp.com\/noticiasribeiraopreto.com.br\/wp-content\/uploads\/2024\/06\/SAMU_2024-06-02_16-15-10_jpg_2024-06-02_16-15-11.webp.webp?fit=1200%2C719&ssl=1&resize=350%2C200","width":350,"height":200,"srcset":"https:\/\/i0.wp.com\/noticiasribeiraopreto.com.br\/wp-content\/uploads\/2024\/06\/SAMU_2024-06-02_16-15-10_jpg_2024-06-02_16-15-11.webp.webp?fit=1200%2C719&ssl=1&resize=350%2C200 1x, https:\/\/i0.wp.com\/noticiasribeiraopreto.com.br\/wp-content\/uploads\/2024\/06\/SAMU_2024-06-02_16-15-10_jpg_2024-06-02_16-15-11.webp.webp?fit=1200%2C719&ssl=1&resize=525%2C300 1.5x, https:\/\/i0.wp.com\/noticiasribeiraopreto.com.br\/wp-content\/uploads\/2024\/06\/SAMU_2024-06-02_16-15-10_jpg_2024-06-02_16-15-11.webp.webp?fit=1200%2C719&ssl=1&resize=700%2C400 2x, https:\/\/i0.wp.com\/noticiasribeiraopreto.com.br\/wp-content\/uploads\/2024\/06\/SAMU_2024-06-02_16-15-10_jpg_2024-06-02_16-15-11.webp.webp?fit=1200%2C719&ssl=1&resize=1050%2C600 3x"},"classes":[]},{"id":78734,"url":"https:\/\/noticiasribeiraopreto.com.br\/index.php\/2025\/10\/17\/video-homem-nada-no-ribeirao-preto\/","url_meta":{"origin":80464,"position":4},"title":"V\u00cdDEO &#8211; Homem nada no ribeir\u00e3o Preto","author":"noticiasribeiraopreto.com.br","date":"17 de October de 2025","format":false,"excerpt":"Pessoa em situa\u00e7\u00e3o de rua foi vista nadando nas \u00e1guas do c\u00f3rrego, na baixada e foi retirado pelo Corpo de Bombeiros 17 de outubro de 2025 12:2517 de outubro de 2025 12:2616 Compartilhar2 Por: Adalberto Luque Um homem que vive em situa\u00e7\u00e3o de rua foi visto, na tarde desta quinta-feira,\u2026","rel":"","context":"In &quot;Not\u00edcias de Ribeir\u00e3o Preto-SP e Regi\u00e3o&quot;","block_context":{"text":"Not\u00edcias de Ribeir\u00e3o Preto-SP e Regi\u00e3o","link":"https:\/\/noticiasribeiraopreto.com.br\/index.php\/category\/noticias-de-ribeirao-preto-sp-e-regiao-ismael-colosi\/"},"img":{"alt_text":"","src":"https:\/\/i0.wp.com\/noticiasribeiraopreto.com.br\/wp-content\/uploads\/2025\/10\/17-out-2025-nadadorcorrego1.jpg?fit=704%2C780&ssl=1&resize=350%2C200","width":350,"height":200,"srcset":"https:\/\/i0.wp.com\/noticiasribeiraopreto.com.br\/wp-content\/uploads\/2025\/10\/17-out-2025-nadadorcorrego1.jpg?fit=704%2C780&ssl=1&resize=350%2C200 1x, https:\/\/i0.wp.com\/noticiasribeiraopreto.com.br\/wp-content\/uploads\/2025\/10\/17-out-2025-nadadorcorrego1.jpg?fit=704%2C780&ssl=1&resize=525%2C300 1.5x, https:\/\/i0.wp.com\/noticiasribeiraopreto.com.br\/wp-content\/uploads\/2025\/10\/17-out-2025-nadadorcorrego1.jpg?fit=704%2C780&ssl=1&resize=700%2C400 2x"},"classes":[]},{"id":52106,"url":"https:\/\/noticiasribeiraopreto.com.br\/index.php\/2024\/06\/04\/corpo-e-encontrado-em-corrego-na-avenida-jeronimo-goncalves-em-ribeirao-preto\/","url_meta":{"origin":80464,"position":5},"title":"Corpo \u00e9 encontrado em c\u00f3rrego na avenida Jer\u00f4nimo Gon\u00e7alves em Ribeir\u00e3o Preto","author":"noticiasribeiraopreto.com.br","date":"4 de June de 2024","format":false,"excerpt":"Um corpo foi encontrado na madrugada desta ter\u00e7a-feira (4), no ribeir\u00e3o Preto, na avenida Jer\u00f4nimo Gon\u00e7alves, em Ribeir\u00e3o Preto. Segundo as primeiras informa\u00e7\u00f5es, o corpo, que seria de um homem ainda sem identifica\u00e7\u00e3o, foi retirado da \u00e1gua por uma equipe dos Bombeiros, na altura do Terminal de \u00f4nibus Dra.\u00a0Evangelina de\u2026","rel":"","context":"In &quot;Not\u00edcias de Ribeir\u00e3o Preto-SP e Regi\u00e3o&quot;","block_context":{"text":"Not\u00edcias de Ribeir\u00e3o Preto-SP e Regi\u00e3o","link":"https:\/\/noticiasribeiraopreto.com.br\/index.php\/category\/noticias-de-ribeirao-preto-sp-e-regiao-ismael-colosi\/"},"img":{"alt_text":"","src":"https:\/\/i0.wp.com\/noticiasribeiraopreto.com.br\/wp-content\/uploads\/2024\/06\/sirene_pm_1024x576_04022021085205.jpg?fit=1024%2C576&ssl=1&resize=350%2C200","width":350,"height":200,"srcset":"https:\/\/i0.wp.com\/noticiasribeiraopreto.com.br\/wp-content\/uploads\/2024\/06\/sirene_pm_1024x576_04022021085205.jpg?fit=1024%2C576&ssl=1&resize=350%2C200 1x, https:\/\/i0.wp.com\/noticiasribeiraopreto.com.br\/wp-content\/uploads\/2024\/06\/sirene_pm_1024x576_04022021085205.jpg?fit=1024%2C576&ssl=1&resize=525%2C300 1.5x, https:\/\/i0.wp.com\/noticiasribeiraopreto.com.br\/wp-content\/uploads\/2024\/06\/sirene_pm_1024x576_04022021085205.jpg?fit=1024%2C576&ssl=1&resize=700%2C400 2x"},"classes":[]}],"jetpack_sharing_enabled":true,"jetpack_shortlink":"https:\/\/wp.me\/peQAOb-kVO","_links":{"self":[{"href":"https:\/\/noticiasribeiraopreto.com.br\/index.php\/wp-json\/wp\/v2\/posts\/80464","targetHints":{"allow":["GET"]}}],"collection":[{"href":"https:\/\/noticiasribeiraopreto.com.br\/index.php\/wp-json\/wp\/v2\/posts"}],"about":[{"href":"https:\/\/noticiasribeiraopreto.com.br\/index.php\/wp-json\/wp\/v2\/types\/post"}],"author":[{"embeddable":true,"href":"https:\/\/noticiasribeiraopreto.com.br\/index.php\/wp-json\/wp\/v2\/users\/1"}],"replies":[{"embeddable":true,"href":"https:\/\/noticiasribeiraopreto.com.br\/index.php\/wp-json\/wp\/v2\/comments?post=80464"}],"version-history":[{"count":0,"href":"https:\/\/noticiasribeiraopreto.com.br\/index.php\/wp-json\/wp\/v2\/posts\/80464\/revisions"}],"wp:featuredmedia":[{"embeddable":true,"href":"https:\/\/noticiasribeiraopreto.com.br\/index.php\/wp-json\/wp\/v2\/media\/80465"}],"wp:attachment":[{"href":"https:\/\/noticiasribeiraopreto.com.br\/index.php\/wp-json\/wp\/v2\/media?parent=80464"}],"wp:term":[{"taxonomy":"category","embeddable":true,"href":"https:\/\/noticiasribeiraopreto.com.br\/index.php\/wp-json\/wp\/v2\/categories?post=80464"},{"taxonomy":"post_tag","embeddable":true,"href":"https:\/\/noticiasribeiraopreto.com.br\/index.php\/wp-json\/wp\/v2\/tags?post=80464"}],"curies":[{"name":"wp","href":"https:\/\/api.w.org\/{rel}","templated":true}]}}