{"id":80466,"date":"2025-12-03T22:08:44","date_gmt":"2025-12-04T01:08:44","guid":{"rendered":"https:\/\/noticiasribeiraopreto.com.br\/index.php\/2025\/12\/03\/shopping-de-ribeirao-preto-recebe-sinfonias-de-natal-com-entrada-gratuita-2\/"},"modified":"2025-12-03T22:08:44","modified_gmt":"2025-12-04T01:08:44","slug":"shopping-de-ribeirao-preto-recebe-sinfonias-de-natal-com-entrada-gratuita-2","status":"publish","type":"post","link":"https:\/\/noticiasribeiraopreto.com.br\/index.php\/2025\/12\/03\/shopping-de-ribeirao-preto-recebe-sinfonias-de-natal-com-entrada-gratuita-2\/","title":{"rendered":"Shopping de Ribeir\u00e3o Preto recebe &#8216;Sinfonias de Natal&#8217; com entrada gratuita"},"content":{"rendered":"<div class='code-block code-block-1' style='margin: 8px 0 8px auto; text-align: right; display: block; clear: both;'>\n<p><a href=\"https:\/\/wa.link\/vpicfd\"><img data-recalc-dims=\"1\" class=\"wp-image-4922\" style=\"aspect-ratio: 2.0253164556962027; width: 561px; height: auto;\" src=\"https:\/\/i0.wp.com\/ismaelcolosi.com.br\/wp-content\/uploads\/2023\/11\/grupo-de-empregos-whatsapp-e-facebook-ismael-colosi-vagas.jpg?ssl=1\" alt=\"\" \/><\/a><\/p>\n<!-- \/wp:image -->\n<\/div>\n<p> <br \/>\n<\/p>\n<div>\n<p>O <strong>Novo Shopping<\/strong>, em Ribeir\u00e3o Preto, inicia nesta quinta-feira (4) a programa\u00e7\u00e3o das <strong>Sinfonias de Natal<\/strong>, s\u00e9rie de apresenta\u00e7\u00f5es gratuitas que combina m\u00fasica, dan\u00e7a e clima natalino. As <strong>atra\u00e7\u00f5es seguem at\u00e9 o dia 14<\/strong>, com sess\u00f5es di\u00e1rias <strong>\u00e0s 19h<\/strong>, em frente \u00e0 Pra\u00e7a de Alimenta\u00e7\u00e3o.<\/p>\n<figure class=\"wp-block-gallery aligncenter has-nested-images columns-default is-cropped wp-block-gallery-1 is-layout-flex wp-block-gallery-is-layout-flex\">\n<figure class=\"wp-block-image size-large\"><img data-recalc-dims=\"1\" fetchpriority=\"high\" decoding=\"async\" width=\"1024\" height=\"558\" data-id=\"138153\" src=\"https:\/\/i0.wp.com\/cdn.media-acidadeon.com.br\/ribeiraopreto\/wp-content\/uploads\/sites\/3\/2025\/12\/WhatsApp-Image-2025-12-03-at-17.28.31_2025-12-03_20-29-56-1024x558.webp?resize=1024%2C558&#038;ssl=1\" alt=\"shopping coral usp\" class=\"wp-image-138153\" title=\"Shopping de Ribeir\u00e3o Preto recebe 'Sinfonias de Natal' com entrada gratuita 1\" srcset=\"https:\/\/cdn.media-acidadeon.com.br\/ribeiraopreto\/wp-content\/uploads\/sites\/3\/2025\/12\/WhatsApp-Image-2025-12-03-at-17.28.31_2025-12-03_20-29-56-1024x558.webp 1024w, https:\/\/cdn.media-acidadeon.com.br\/ribeiraopreto\/wp-content\/uploads\/sites\/3\/2025\/12\/WhatsApp-Image-2025-12-03-at-17.28.31_2025-12-03_20-29-56-300x163.webp 300w, https:\/\/cdn.media-acidadeon.com.br\/ribeiraopreto\/wp-content\/uploads\/sites\/3\/2025\/12\/WhatsApp-Image-2025-12-03-at-17.28.31_2025-12-03_20-29-56-768x418.webp 768w, https:\/\/cdn.media-acidadeon.com.br\/ribeiraopreto\/wp-content\/uploads\/sites\/3\/2025\/12\/WhatsApp-Image-2025-12-03-at-17.28.31_2025-12-03_20-29-56-696x379.webp 696w, https:\/\/cdn.media-acidadeon.com.br\/ribeiraopreto\/wp-content\/uploads\/sites\/3\/2025\/12\/WhatsApp-Image-2025-12-03-at-17.28.31_2025-12-03_20-29-56-1068x581.webp 1068w, https:\/\/cdn.media-acidadeon.com.br\/ribeiraopreto\/wp-content\/uploads\/sites\/3\/2025\/12\/WhatsApp-Image-2025-12-03-at-17.28.31_2025-12-03_20-29-56.webp 1080w\" sizes=\"(max-width: 1024px) 100vw, 1024px\"\/><figcaption class=\"wp-element-caption\">Coral da USP \u2013 foto: divulga\u00e7\u00e3o<\/figcaption><\/figure>\n<\/figure>\n<p>Durante 11 dias, grupos da cidade e da regi\u00e3o participam da <strong>programa\u00e7\u00e3o com corais<\/strong>, <strong>orquestra sinf\u00f4nica<\/strong> e <strong>espet\u00e1culo de bal\u00e9<\/strong>, criando um ambiente t\u00edpico da temporada.<\/p>\n<h2 class=\"wp-block-heading\"><strong>Programa\u00e7\u00e3o completa<\/strong><\/h2>\n<p><strong>04\/12 \u2013 Quinta-feira<\/strong><br \/>Projeto Guri (orquestra sinf\u00f4nica)<\/p>\n<p><strong>05\/12 \u2013 Sexta-feira<\/strong><br \/>Coral Vozes do HC<\/p>\n<p><strong>06\/12 \u2013 S\u00e1bado<\/strong><br \/>Cia da Voz<\/p>\n<p><strong>07\/12 \u2013 Domingo<\/strong><br \/>Respirart (Bal\u00e9)<\/p>\n<p><strong>08\/12 \u2013 Segunda-feira<\/strong><br \/>Coral Sincovarp e Coral Aquarela<\/p>\n<p><strong>09\/12 \u2013 Ter\u00e7a-feira<\/strong><br \/>Conservat\u00f3rio Contraponto e Coral Chiquinha Gonzaga<\/p>\n<p><strong>10\/12 \u2013 Quarta-feira<\/strong><br \/>Coral Afaban<\/p>\n<p><strong>11\/12 \u2013 Quinta-feira<\/strong><br \/>Col\u00e9gio Bassano Vaccarini<\/p>\n<p><strong>12\/12 \u2013 Sexta-feira<\/strong><br \/>Coral Santo Agostinho<\/p>\n<p><strong>13\/12 \u2013 S\u00e1bado<\/strong><br \/>Coral da Igreja de Jesus Cristo dos Santos dos \u00daltimos Dias<\/p>\n<p><strong>14\/12 \u2013 Domingo<\/strong><br \/>Cora\u00e7\u00e3o de Meimei<\/p>\n<hr class=\"wp-block-separator has-alpha-channel-opacity\"\/>\n<p>SAIBA MAIS<\/p>\n<p>Carro bate em poste e causa interdi\u00e7\u00e3o na Via Norte em Ribeir\u00e3o Preto; V\u00eddeo<\/p>\n<h2 class=\"wp-block-heading\"><strong>FIQUE ON<\/strong><\/h2>\n<p>Fique ligado em tudo que acontece em Ribeir\u00e3o Preto e regi\u00e3o. Siga os perfis do\u00a0<strong>acidade on<\/strong>\u00a0no\u00a0<a href=\"https:\/\/www.instagram.com\/acidadeonribeirao\" target=\"_blank\" rel=\"noreferrer noopener\">Instagram<\/a>\u00a0e no\u00a0<a href=\"https:\/\/www.facebook.com\/acidadeonribeirao\/\" target=\"_blank\" rel=\"noreferrer noopener\">Facebook<\/a>.<\/p>\n<p>Receba not\u00edcias do\u00a0<strong>acidade on\u00a0<\/strong>no WhatsApp. Para entrar no grupo,\u00a0basta<a href=\"https:\/\/chat.whatsapp.com\/I4nieTEMKlf50pJ28aMemC?mode=ac_t\" target=\"_blank\" rel=\"noreferrer noopener\">\u00a0clicar aqui<\/a>. Ou, acesse o nosso\u00a0Canal\u00a0<a href=\"https:\/\/whatsapp.com\/channel\/0029Vb6IQl1JENyAeS57fk2p\" target=\"_blank\" rel=\"noreferrer noopener\">clicando aqui<\/a>.<\/p>\n<p>Fa\u00e7a uma den\u00fancia ou sugira uma reportagem sobre Ribeir\u00e3o Preto e regi\u00e3o pelo WhatsApp: 16 99117 7802.<\/p>\n<p>VEJA TAMB\u00c9M<\/p>\n<p>Qual era a idade do menino que morreu na jaula de leoa?<\/p>\n<p><!-- AI CONTENT END 1 -->\n<\/div>\n<p><script async src=\"\/\/www.instagram.com\/embed.js\"><\/script><br \/>\n<br \/><br \/>\n<br \/><a href=\"https:\/\/www.acidadeon.com\/ribeiraopreto\/lazer-e-cultura\/shopping-de-ribeirao-recebe-sinfonias-de-natal-com-entrada-gratuita\/\">Source link <\/a><\/p>\n<!-- CONTENT END 1 -->\n","protected":false},"excerpt":{"rendered":"<p>O Novo Shopping, em Ribeir\u00e3o Preto, inicia nesta quinta-feira (4) a programa\u00e7\u00e3o das Sinfonias de Natal, s\u00e9rie de apresenta\u00e7\u00f5es gratuitas que combina m\u00fasica, dan\u00e7a e&#8230;<\/p>\n","protected":false},"author":1,"featured_media":80467,"comment_status":"open","ping_status":"open","sticky":false,"template":"","format":"standard","meta":{"advanced_seo_description":"","jetpack_seo_html_title":"","jetpack_seo_noindex":false,"jetpack_post_was_ever_published":false,"_jetpack_newsletter_access":"","_jetpack_dont_email_post_to_subs":false,"_jetpack_newsletter_tier_id":0,"_jetpack_memberships_contains_paywalled_content":false,"_jetpack_memberships_contains_paid_content":false,"footnotes":"","jetpack_publicize_message":"","jetpack_publicize_feature_enabled":true,"jetpack_social_post_already_shared":true,"jetpack_social_options":{"image_generator_settings":{"template":"highway","default_image_id":0,"font":"","enabled":false},"version":2}},"categories":[11],"tags":[],"class_list":["post-80466","post","type-post","status-publish","format-standard","has-post-thumbnail","hentry","category-noticias-de-ribeirao-preto-sp-e-regiao-ismael-colosi"],"jetpack_publicize_connections":[],"jetpack_featured_media_url":"https:\/\/i0.wp.com\/noticiasribeiraopreto.com.br\/wp-content\/uploads\/2025\/12\/WhatsApp-Image-2025-12-03-at-17.28.17-1_2025-12-03_20-29-53-1068x601-1.webp.webp?fit=1068%2C601&ssl=1","jetpack-related-posts":[{"id":80441,"url":"https:\/\/noticiasribeiraopreto.com.br\/index.php\/2025\/12\/03\/shopping-de-ribeirao-preto-recebe-sinfonias-de-natal-com-entrada-gratuita\/","url_meta":{"origin":80466,"position":0},"title":"Shopping de Ribeir\u00e3o Preto recebe &#8216;Sinfonias de Natal&#8217; com entrada gratuita","author":"noticiasribeiraopreto.com.br","date":"3 de December de 2025","format":false,"excerpt":"O Novo Shopping, em Ribeir\u00e3o Preto, inicia nesta quinta-feira (4) a programa\u00e7\u00e3o das Sinfonias de Natal, s\u00e9rie de apresenta\u00e7\u00f5es gratuitas que combina m\u00fasica, dan\u00e7a e clima natalino. As atra\u00e7\u00f5es seguem at\u00e9 o dia 14, com sess\u00f5es di\u00e1rias \u00e0s 19h, em frente \u00e0 Pra\u00e7a de Alimenta\u00e7\u00e3o. Coral da USP \u2013 foto:\u2026","rel":"","context":"In &quot;Not\u00edcias de Ribeir\u00e3o Preto-SP e Regi\u00e3o&quot;","block_context":{"text":"Not\u00edcias de Ribeir\u00e3o Preto-SP e Regi\u00e3o","link":"https:\/\/noticiasribeiraopreto.com.br\/index.php\/category\/noticias-de-ribeirao-preto-sp-e-regiao-ismael-colosi\/"},"img":{"alt_text":"","src":"https:\/\/i0.wp.com\/noticiasribeiraopreto.com.br\/wp-content\/uploads\/2025\/12\/WhatsApp-Image-2025-12-03-at-17.28.17-1_2025-12-03_20-29-53.webp.webp?fit=1200%2C675&ssl=1&resize=350%2C200","width":350,"height":200,"srcset":"https:\/\/i0.wp.com\/noticiasribeiraopreto.com.br\/wp-content\/uploads\/2025\/12\/WhatsApp-Image-2025-12-03-at-17.28.17-1_2025-12-03_20-29-53.webp.webp?fit=1200%2C675&ssl=1&resize=350%2C200 1x, https:\/\/i0.wp.com\/noticiasribeiraopreto.com.br\/wp-content\/uploads\/2025\/12\/WhatsApp-Image-2025-12-03-at-17.28.17-1_2025-12-03_20-29-53.webp.webp?fit=1200%2C675&ssl=1&resize=525%2C300 1.5x, https:\/\/i0.wp.com\/noticiasribeiraopreto.com.br\/wp-content\/uploads\/2025\/12\/WhatsApp-Image-2025-12-03-at-17.28.17-1_2025-12-03_20-29-53.webp.webp?fit=1200%2C675&ssl=1&resize=700%2C400 2x, https:\/\/i0.wp.com\/noticiasribeiraopreto.com.br\/wp-content\/uploads\/2025\/12\/WhatsApp-Image-2025-12-03-at-17.28.17-1_2025-12-03_20-29-53.webp.webp?fit=1200%2C675&ssl=1&resize=1050%2C600 3x"},"classes":[]},{"id":80548,"url":"https:\/\/noticiasribeiraopreto.com.br\/index.php\/2025\/12\/05\/guia-natalino-veja-o-que-fazer-em-ribeirao-preto-nos-proximos-dias\/","url_meta":{"origin":80466,"position":1},"title":"Guia natalino: Veja o que fazer em Ribeir\u00e3o Preto nos pr\u00f3ximos dias","author":"noticiasribeiraopreto.com.br","date":"5 de December de 2025","format":false,"excerpt":"Ribeir\u00e3o Preto j\u00e1 conta com uma programa\u00e7\u00e3o natalina para todos os gostos, com concertos, apresenta\u00e7\u00f5es culturais, oficina e visitas ao Papai Noel. As atra\u00e7\u00f5es acontecem em diferentes pontos da cidade. Confira abaixo o guia natalino: Coral da Unaerp na Catedral 7 de dezembro, domingo | \u00e0s 20h A Catedral recebe\u2026","rel":"","context":"In &quot;Not\u00edcias de Ribeir\u00e3o Preto-SP e Regi\u00e3o&quot;","block_context":{"text":"Not\u00edcias de Ribeir\u00e3o Preto-SP e Regi\u00e3o","link":"https:\/\/noticiasribeiraopreto.com.br\/index.php\/category\/noticias-de-ribeirao-preto-sp-e-regiao-ismael-colosi\/"},"img":{"alt_text":"","src":"https:\/\/i0.wp.com\/noticiasribeiraopreto.com.br\/wp-content\/uploads\/2025\/12\/1.png?fit=820%2C524&ssl=1&resize=350%2C200","width":350,"height":200,"srcset":"https:\/\/i0.wp.com\/noticiasribeiraopreto.com.br\/wp-content\/uploads\/2025\/12\/1.png?fit=820%2C524&ssl=1&resize=350%2C200 1x, https:\/\/i0.wp.com\/noticiasribeiraopreto.com.br\/wp-content\/uploads\/2025\/12\/1.png?fit=820%2C524&ssl=1&resize=525%2C300 1.5x, https:\/\/i0.wp.com\/noticiasribeiraopreto.com.br\/wp-content\/uploads\/2025\/12\/1.png?fit=820%2C524&ssl=1&resize=700%2C400 2x"},"classes":[]},{"id":77578,"url":"https:\/\/noticiasribeiraopreto.com.br\/index.php\/2025\/09\/22\/orquestra-sinfonica-de-ribeirao-apresenta-ciranda-sinfonica-na-regiao-entrada-e-gratuita\/","url_meta":{"origin":80466,"position":2},"title":"Orquestra Sinf\u00f4nica de Ribeir\u00e3o apresenta \u2018Ciranda Sinf\u00f4nica\u2019 na regi\u00e3o; Entrada \u00e9 gratuita","author":"noticiasribeiraopreto.com.br","date":"22 de September de 2025","format":false,"excerpt":"A Orquestra Sinf\u00f4nica de Ribeir\u00e3o Preto se apresenta na pr\u00f3xima sexta-feira (26) no Anfiteatro Municipal de Barrinha, a partir das 20h, com a s\u00e9rie \u201cCiranda Sinf\u00f4nica\u201d. O espet\u00e1culo conta com a reg\u00eancia do maestro Reginaldo Nascimento e a entrada \u00e9 gratuita. O repert\u00f3rio escolhido celebra a diversidade da m\u00fasica em\u2026","rel":"","context":"In &quot;Not\u00edcias de Ribeir\u00e3o Preto-SP e Regi\u00e3o&quot;","block_context":{"text":"Not\u00edcias de Ribeir\u00e3o Preto-SP e Regi\u00e3o","link":"https:\/\/noticiasribeiraopreto.com.br\/index.php\/category\/noticias-de-ribeirao-preto-sp-e-regiao-ismael-colosi\/"},"img":{"alt_text":"","src":"https:\/\/i0.wp.com\/noticiasribeiraopreto.com.br\/wp-content\/uploads\/2025\/09\/AMS-8958_2025-09-22_13-33-32.webp.webp?fit=1200%2C800&ssl=1&resize=350%2C200","width":350,"height":200,"srcset":"https:\/\/i0.wp.com\/noticiasribeiraopreto.com.br\/wp-content\/uploads\/2025\/09\/AMS-8958_2025-09-22_13-33-32.webp.webp?fit=1200%2C800&ssl=1&resize=350%2C200 1x, https:\/\/i0.wp.com\/noticiasribeiraopreto.com.br\/wp-content\/uploads\/2025\/09\/AMS-8958_2025-09-22_13-33-32.webp.webp?fit=1200%2C800&ssl=1&resize=525%2C300 1.5x, https:\/\/i0.wp.com\/noticiasribeiraopreto.com.br\/wp-content\/uploads\/2025\/09\/AMS-8958_2025-09-22_13-33-32.webp.webp?fit=1200%2C800&ssl=1&resize=700%2C400 2x, https:\/\/i0.wp.com\/noticiasribeiraopreto.com.br\/wp-content\/uploads\/2025\/09\/AMS-8958_2025-09-22_13-33-32.webp.webp?fit=1200%2C800&ssl=1&resize=1050%2C600 3x"},"classes":[]},{"id":6963,"url":"https:\/\/noticiasribeiraopreto.com.br\/index.php\/2023\/11\/27\/filarmonica-da-usp-tem-concerto-gratuito-de-compositores-negros-no-theatro-pedro-ii\/","url_meta":{"origin":80466,"position":3},"title":"Filarm\u00f4nica da USP tem concerto gratuito de compositores negros no Theatro Pedro II","author":"noticiasribeiraopreto.com.br","date":"27 de November de 2023","format":false,"excerpt":"O Theatro Pedro II, no Centro de Ribeir\u00e3o Preto, ir\u00e1 receber, nesta ter\u00e7a-feira (28), a Filarm\u00f4nica da USP com obras de compositores negros pela s\u00e9rie Concertos USP. A entrada \u00e9 gratuita. \u00a0 Este ser\u00e1 o 185\u00b0 concerto da Filarm\u00f4nica. A reg\u00eancia ser\u00e1 do maestro Rubens Russomanno Ricciardi e tamb\u00e9m ter\u00e1\u2026","rel":"","context":"In &quot;Not\u00edcias de Ribeir\u00e3o Preto-SP e Regi\u00e3o&quot;","block_context":{"text":"Not\u00edcias de Ribeir\u00e3o Preto-SP e Regi\u00e3o","link":"https:\/\/noticiasribeiraopreto.com.br\/index.php\/category\/noticias-de-ribeirao-preto-sp-e-regiao-ismael-colosi\/"},"img":{"alt_text":"","src":"https:\/\/i0.wp.com\/noticiasribeiraopreto.com.br\/wp-content\/uploads\/2023\/11\/WhatsApp-Image-2023-11-27-at-08.34.25.jpeg?fit=1200%2C800&ssl=1&resize=350%2C200","width":350,"height":200,"srcset":"https:\/\/i0.wp.com\/noticiasribeiraopreto.com.br\/wp-content\/uploads\/2023\/11\/WhatsApp-Image-2023-11-27-at-08.34.25.jpeg?fit=1200%2C800&ssl=1&resize=350%2C200 1x, https:\/\/i0.wp.com\/noticiasribeiraopreto.com.br\/wp-content\/uploads\/2023\/11\/WhatsApp-Image-2023-11-27-at-08.34.25.jpeg?fit=1200%2C800&ssl=1&resize=525%2C300 1.5x, https:\/\/i0.wp.com\/noticiasribeiraopreto.com.br\/wp-content\/uploads\/2023\/11\/WhatsApp-Image-2023-11-27-at-08.34.25.jpeg?fit=1200%2C800&ssl=1&resize=700%2C400 2x, https:\/\/i0.wp.com\/noticiasribeiraopreto.com.br\/wp-content\/uploads\/2023\/11\/WhatsApp-Image-2023-11-27-at-08.34.25.jpeg?fit=1200%2C800&ssl=1&resize=1050%2C600 3x"},"classes":[]},{"id":11269,"url":"https:\/\/noticiasribeiraopreto.com.br\/index.php\/2023\/12\/05\/coral-realiza-apresentacoes-gratuitas-de-natal-em-ribeirao-preto\/","url_meta":{"origin":80466,"position":4},"title":"Coral realiza apresenta\u00e7\u00f5es gratuitas de Natal em Ribeir\u00e3o Preto\u00a0","author":"noticiasribeiraopreto.com.br","date":"5 de December de 2023","format":false,"excerpt":"O Coral do Sincovarp (Sindicato do Com\u00e9rcio Varejista de Ribeir\u00e3o Preto) realiza uma s\u00e9rie de apresenta\u00e7\u00f5es natalinas em diferentes lugares de Ribeir\u00e3o Preto. A entrada \u00e9 gratuita. Os espet\u00e1culos acontecem durante os dias 5, 6, 11 e 12 de dezembro com reg\u00eancia do maestro Gabriel Locher. As apresenta\u00e7\u00f5es tamb\u00e9m tem\u2026","rel":"","context":"In &quot;Not\u00edcias de Ribeir\u00e3o Preto-SP e Regi\u00e3o&quot;","block_context":{"text":"Not\u00edcias de Ribeir\u00e3o Preto-SP e Regi\u00e3o","link":"https:\/\/noticiasribeiraopreto.com.br\/index.php\/category\/noticias-de-ribeirao-preto-sp-e-regiao-ismael-colosi\/"},"img":{"alt_text":"","src":"https:\/\/i0.wp.com\/noticiasribeiraopreto.com.br\/wp-content\/uploads\/2023\/12\/santa-hat-8413947_1280.jpg?fit=1200%2C821&ssl=1&resize=350%2C200","width":350,"height":200,"srcset":"https:\/\/i0.wp.com\/noticiasribeiraopreto.com.br\/wp-content\/uploads\/2023\/12\/santa-hat-8413947_1280.jpg?fit=1200%2C821&ssl=1&resize=350%2C200 1x, https:\/\/i0.wp.com\/noticiasribeiraopreto.com.br\/wp-content\/uploads\/2023\/12\/santa-hat-8413947_1280.jpg?fit=1200%2C821&ssl=1&resize=525%2C300 1.5x, https:\/\/i0.wp.com\/noticiasribeiraopreto.com.br\/wp-content\/uploads\/2023\/12\/santa-hat-8413947_1280.jpg?fit=1200%2C821&ssl=1&resize=700%2C400 2x, https:\/\/i0.wp.com\/noticiasribeiraopreto.com.br\/wp-content\/uploads\/2023\/12\/santa-hat-8413947_1280.jpg?fit=1200%2C821&ssl=1&resize=1050%2C600 3x"},"classes":[]},{"id":80801,"url":"https:\/\/noticiasribeiraopreto.com.br\/index.php\/2025\/12\/14\/ribeirao-preto-recebe-bazar-com-edicao-especial-de-natal-entrada-e-gratuita\/","url_meta":{"origin":80466,"position":5},"title":"Ribeir\u00e3o Preto recebe bazar com edi\u00e7\u00e3o especial de Natal; entrada \u00e9 gratuita","author":"noticiasribeiraopreto.com.br","date":"14 de December de 2025","format":false,"excerpt":"O Fashion Bazar realiza sua edi\u00e7\u00e3o especial de Natal nos dias 17 e 18 de dezembro, das 10h \u00e0s 22h, na avenida Nove de Julho, 652, em Ribeir\u00e3o Preto. A entrada \u00e9 gratuita. O p\u00fablico encontrar\u00e1 produtos de moda para toda a fam\u00edlia, decora\u00e7\u00e3o (incluindo pe\u00e7as natalinas), artesanato criativo, acess\u00f3rios,\u2026","rel":"","context":"In &quot;Not\u00edcias de Ribeir\u00e3o Preto-SP e Regi\u00e3o&quot;","block_context":{"text":"Not\u00edcias de Ribeir\u00e3o Preto-SP e Regi\u00e3o","link":"https:\/\/noticiasribeiraopreto.com.br\/index.php\/category\/noticias-de-ribeirao-preto-sp-e-regiao-ismael-colosi\/"},"img":{"alt_text":"","src":"https:\/\/i0.wp.com\/noticiasribeiraopreto.com.br\/wp-content\/uploads\/2025\/12\/bazar_2025-12-13_19-43-43.webp.webp?fit=1200%2C800&ssl=1&resize=350%2C200","width":350,"height":200,"srcset":"https:\/\/i0.wp.com\/noticiasribeiraopreto.com.br\/wp-content\/uploads\/2025\/12\/bazar_2025-12-13_19-43-43.webp.webp?fit=1200%2C800&ssl=1&resize=350%2C200 1x, https:\/\/i0.wp.com\/noticiasribeiraopreto.com.br\/wp-content\/uploads\/2025\/12\/bazar_2025-12-13_19-43-43.webp.webp?fit=1200%2C800&ssl=1&resize=525%2C300 1.5x, https:\/\/i0.wp.com\/noticiasribeiraopreto.com.br\/wp-content\/uploads\/2025\/12\/bazar_2025-12-13_19-43-43.webp.webp?fit=1200%2C800&ssl=1&resize=700%2C400 2x, https:\/\/i0.wp.com\/noticiasribeiraopreto.com.br\/wp-content\/uploads\/2025\/12\/bazar_2025-12-13_19-43-43.webp.webp?fit=1200%2C800&ssl=1&resize=1050%2C600 3x"},"classes":[]}],"jetpack_sharing_enabled":true,"jetpack_shortlink":"https:\/\/wp.me\/peQAOb-kVQ","_links":{"self":[{"href":"https:\/\/noticiasribeiraopreto.com.br\/index.php\/wp-json\/wp\/v2\/posts\/80466","targetHints":{"allow":["GET"]}}],"collection":[{"href":"https:\/\/noticiasribeiraopreto.com.br\/index.php\/wp-json\/wp\/v2\/posts"}],"about":[{"href":"https:\/\/noticiasribeiraopreto.com.br\/index.php\/wp-json\/wp\/v2\/types\/post"}],"author":[{"embeddable":true,"href":"https:\/\/noticiasribeiraopreto.com.br\/index.php\/wp-json\/wp\/v2\/users\/1"}],"replies":[{"embeddable":true,"href":"https:\/\/noticiasribeiraopreto.com.br\/index.php\/wp-json\/wp\/v2\/comments?post=80466"}],"version-history":[{"count":0,"href":"https:\/\/noticiasribeiraopreto.com.br\/index.php\/wp-json\/wp\/v2\/posts\/80466\/revisions"}],"wp:featuredmedia":[{"embeddable":true,"href":"https:\/\/noticiasribeiraopreto.com.br\/index.php\/wp-json\/wp\/v2\/media\/80467"}],"wp:attachment":[{"href":"https:\/\/noticiasribeiraopreto.com.br\/index.php\/wp-json\/wp\/v2\/media?parent=80466"}],"wp:term":[{"taxonomy":"category","embeddable":true,"href":"https:\/\/noticiasribeiraopreto.com.br\/index.php\/wp-json\/wp\/v2\/categories?post=80466"},{"taxonomy":"post_tag","embeddable":true,"href":"https:\/\/noticiasribeiraopreto.com.br\/index.php\/wp-json\/wp\/v2\/tags?post=80466"}],"curies":[{"name":"wp","href":"https:\/\/api.w.org\/{rel}","templated":true}]}}