{"id":80468,"date":"2025-12-04T00:04:12","date_gmt":"2025-12-04T03:04:12","guid":{"rendered":"https:\/\/noticiasribeiraopreto.com.br\/index.php\/2025\/12\/04\/palmeiras-vence-atletico-mg-mas-flamengo-confirma-titulo-brasileiro\/"},"modified":"2025-12-04T00:04:12","modified_gmt":"2025-12-04T03:04:12","slug":"palmeiras-vence-atletico-mg-mas-flamengo-confirma-titulo-brasileiro","status":"publish","type":"post","link":"https:\/\/noticiasribeiraopreto.com.br\/index.php\/2025\/12\/04\/palmeiras-vence-atletico-mg-mas-flamengo-confirma-titulo-brasileiro\/","title":{"rendered":"Palmeiras vence Atl\u00e9tico-MG, mas Flamengo confirma t\u00edtulo brasileiro"},"content":{"rendered":"<div class='code-block code-block-1' style='margin: 8px 0 8px auto; text-align: right; display: block; clear: both;'>\n<p><a href=\"https:\/\/wa.link\/vpicfd\"><img data-recalc-dims=\"1\" class=\"wp-image-4922\" style=\"aspect-ratio: 2.0253164556962027; width: 561px; height: auto;\" src=\"https:\/\/i0.wp.com\/ismaelcolosi.com.br\/wp-content\/uploads\/2023\/11\/grupo-de-empregos-whatsapp-e-facebook-ismael-colosi-vagas.jpg?ssl=1\" alt=\"\" \/><\/a><\/p>\n<!-- \/wp:image -->\n<\/div>\n<p> <br \/>\n<\/p>\n<div id=\"\">&#13;<\/p>\n<h2 class=\"penci-post-subtitle\">Rubro-Negro derrota Cear\u00e1 por 1 a 0 e levanta mais uma ta\u00e7a no ano<\/h2>\n<p>&#13;<\/p>\n<p>&#13;<br \/>\n\t\t\t\t\t\t\t\t\t<span class=\"entry-meta-item penci-posted-on\"><i class=\"fa fa-clock-o\"\/><time class=\"entry-date published\" datetime=\"2025-12-04T00:02:02-03:00\">4 de dezembro de 2025 00:02<\/time><time class=\"updated\" datetime=\"2025-12-04T00:02:38-03:00\">4 de dezembro de 2025 00:02<\/time><\/span><span class=\"entry-meta-item penci-post-countview\"\/>\t\t\t\t\t\t\t\t<\/p>\n<p><!-- .entry-meta -->&#13;<br \/>\n\t\t\t\t\t\t\t\t<span class=\"penci-social-buttons penci-social-share-footer\"><span class=\"penci-social-share-text\">Compartilhar<\/span><a href=\"#\" class=\"penci-post-like penci_post-meta_item  single-like-button penci-social-item like\" data-post_id=\"448008\" title=\"Like\" data-like=\"Like\" data-unlike=\"Unlike\"><i class=\"fa fa-thumbs-o-up\"\/><span class=\"penci-share-number\">1<\/span><\/a><i class=\"fa fa-facebook\"\/><a class=\"penci-social-item twitter\" target=\"_blank\" rel=\"noopener\" title=\"\" href=\"https:\/\/twitter.com\/intent\/tweet?text=Palmeiras%20vence%20Atl\u00e9tico-MG,%20mas%20Flamengo%20confirma%20t\u00edtulo%20brasileiro%20-%20https:\/\/www.tribunaribeirao.com.br\/palmeiras-vence-atletico-mg-mas-flamengo-confirma-titulo-brasileiro\/\"><i class=\"fa fa-twitter\"\/><\/a><i class=\"fa fa-linkedin\"\/><i class=\"fa fa-whatsapp\"\/><i class=\"fa fa-telegram\"\/><i class=\"fa fa-envelope\"\/><\/span>\t\t\t\t\t\t\t<\/div>\n<div>\n<p><strong><em>Por Hugo Luque<\/em><\/strong><\/p>\n<p>O Flamengo \u00e9 o campe\u00e3o brasileiro de 2025. A equipe carioca derrotou o Cear\u00e1 por 1 a 0 nesta quarta-feira (3), no Maracan\u00e3, e ergueu mais um trof\u00e9u em menos de uma semana, mesmo com a vit\u00f3ria do Palmeiras sobre o Atl\u00e9tico-MG por 3 a 0, na Arena MRV.<\/p>\n<p>O Verd\u00e3o precisava de um resultado positivo e de um trope\u00e7o flamenguista. Conseguiu apenas metade do que precisava e vai terminar a temporada sem trof\u00e9us pela primeira vez na era Abel Ferreira.<\/p>\n<p>A equipe paulista foi a Belo Horizonte (MG) com uma postura diferente da apresentada na final da Libertadores, no \u00faltimo s\u00e1bado, quando perdeu justamente para o Flamengo. Antes de um minuto, o Palmeiras teve um gol anulado por impedimento de Vitor Roque. Aos oito, em novo vacilo do Galo, Roque chutou em cima de Everson e, na sobra, Flaco L\u00f3pez abriu o placar.<\/p>\n<p>Mais um erro e mais um gol. Dessa vez foi Arana quem falhou e Allan bateu para fazer 2 a 0. Aos 43 minutos, Piquerez foi expulso e deixou os palmeirenses em desvantagem num\u00e9rica. Bernard acertou a trave pouco depois e quase descontou.<\/p>\n<p>Mesmo com dez em campo, o time visitante conseguiu levar a melhor, ainda que com press\u00e3o do outro lado \u2013 Carlos Miguel foi exigido e Scarpa parou na trave. O Atl\u00e9tico marcou aos 29, mas o VAR viu toque de m\u00e3o de Rony e anulou. Coube ao Verd\u00e3o matar a partida com o jovem Luighi.<\/p>\n<p><strong>Campe\u00e3o no Rio<\/strong><\/p>\n<p>Com 78 pontos contra 73 do Palmeiras, o Flamengo n\u00e3o pode mais ser alcan\u00e7ado na \u00faltima rodada e, desta forma, confirmou, apenas quatro dias depois de se tornar tetracampe\u00e3o da Libertadores, seu oitavo t\u00edtulo do Brasileir\u00e3o na hist\u00f3ria \u2013 alvo de pol\u00eamica hist\u00f3rica, a conquista da Copa Uni\u00e3o de 1987 n\u00e3o \u00e9 reconhecida pelo Supremo Tribunal Federal, que declarou o Sport como o vencedor daquele ano.<\/p>\n<p>Em ritmo de festa no Maracan\u00e3, os campe\u00f5es da Am\u00e9rica conquistaram tamb\u00e9m o Brasil com o triunfo sobre o Cear\u00e1. Samuel Lino, ainda no primeiro tempo, marcou o \u00fanico gol da partida.<\/p>\n<\/div>\n<p><script async src=\"\/\/platform.twitter.com\/widgets.js\" charset=\"utf-8\"><\/script><br \/>\n<br \/><br \/>\n<br \/><a href=\"https:\/\/www.tribunaribeirao.com.br\/palmeiras-vence-atletico-mg-mas-flamengo-confirma-titulo-brasileiro\/\">Source link <\/a><\/p>\n<!-- CONTENT END 1 -->\n","protected":false},"excerpt":{"rendered":"<p>&#13; Rubro-Negro derrota Cear\u00e1 por 1 a 0 e levanta mais uma ta\u00e7a no ano &#13; &#13; 4 de dezembro de 2025 00:024 de dezembro&#8230;<\/p>\n","protected":false},"author":1,"featured_media":80469,"comment_status":"open","ping_status":"open","sticky":false,"template":"","format":"standard","meta":{"advanced_seo_description":"","jetpack_seo_html_title":"","jetpack_seo_noindex":false,"jetpack_post_was_ever_published":false,"_jetpack_newsletter_access":"","_jetpack_dont_email_post_to_subs":false,"_jetpack_newsletter_tier_id":0,"_jetpack_memberships_contains_paywalled_content":false,"_jetpack_memberships_contains_paid_content":false,"footnotes":"","jetpack_publicize_message":"","jetpack_publicize_feature_enabled":true,"jetpack_social_post_already_shared":true,"jetpack_social_options":{"image_generator_settings":{"template":"highway","default_image_id":0,"font":"","enabled":false},"version":2}},"categories":[11],"tags":[],"class_list":["post-80468","post","type-post","status-publish","format-standard","has-post-thumbnail","hentry","category-noticias-de-ribeirao-preto-sp-e-regiao-ismael-colosi"],"jetpack_publicize_connections":[],"jetpack_featured_media_url":"https:\/\/i0.wp.com\/noticiasribeiraopreto.com.br\/wp-content\/uploads\/2025\/12\/Tribuna.jpg?fit=800%2C500&ssl=1","jetpack-related-posts":[{"id":13766,"url":"https:\/\/noticiasribeiraopreto.com.br\/index.php\/2023\/12\/11\/usf-do-jamil-cury-fechara-para-obras\/","url_meta":{"origin":80468,"position":0},"title":"USF do Jamil Cury fechar\u00e1 para obras\u00a0nesta segunda (11)","author":"noticiasribeiraopreto.com.br","date":"11 de December de 2023","format":false,"excerpt":"11 de dezembro de 2023 | 8:0010 de dezembro de 2023 | 15:00 0A Unidade de Sa\u00fade da Fam\u00edlia (USF) Doutora Helo\u00edsa Maia La Rocca, no Jardim Jamil Cury, Zona Oeste de Ribeir\u00e3o Preto, ser\u00e1 fechada para reforma, a partir desta segunda, dia 11 de dezembro. A previs\u00e3o de conclus\u00e3o\u2026","rel":"","context":"In &quot;Not\u00edcias de Ribeir\u00e3o Preto-SP e Regi\u00e3o&quot;","block_context":{"text":"Not\u00edcias de Ribeir\u00e3o Preto-SP e Regi\u00e3o","link":"https:\/\/noticiasribeiraopreto.com.br\/index.php\/category\/noticias-de-ribeirao-preto-sp-e-regiao-ismael-colosi\/"},"img":{"alt_text":"","src":"https:\/\/i0.wp.com\/noticiasribeiraopreto.com.br\/wp-content\/uploads\/2023\/12\/Saude.png?fit=962%2C645&ssl=1&resize=350%2C200","width":350,"height":200,"srcset":"https:\/\/i0.wp.com\/noticiasribeiraopreto.com.br\/wp-content\/uploads\/2023\/12\/Saude.png?fit=962%2C645&ssl=1&resize=350%2C200 1x, https:\/\/i0.wp.com\/noticiasribeiraopreto.com.br\/wp-content\/uploads\/2023\/12\/Saude.png?fit=962%2C645&ssl=1&resize=525%2C300 1.5x, https:\/\/i0.wp.com\/noticiasribeiraopreto.com.br\/wp-content\/uploads\/2023\/12\/Saude.png?fit=962%2C645&ssl=1&resize=700%2C400 2x"},"classes":[]},{"id":60581,"url":"https:\/\/noticiasribeiraopreto.com.br\/index.php\/2024\/11\/18\/confira-o-calendario-de-feriados-de-ribeirao-preto-em-2025\/","url_meta":{"origin":80468,"position":1},"title":"Confira o calend\u00e1rio de feriados de Ribeir\u00e3o Preto em 2025","author":"noticiasribeiraopreto.com.br","date":"18 de November de 2024","format":false,"excerpt":"Ribeir\u00e3o Preto ter\u00e1 12 feriados em 2025, de acordo com o calend\u00e1rio da Prefeitura Municipal da cidade. O expediente das reparti\u00e7\u00f5es p\u00fablicas municipais, relativos aos dias 2 de janeiro e 5 de mar\u00e7o, quarta-feira de cinzas, ser\u00e3o das 12h \u00e0s 18h. Servidores que cumprem a jornada de 4h horas di\u00e1rias\u2026","rel":"","context":"In &quot;Not\u00edcias de Ribeir\u00e3o Preto-SP e Regi\u00e3o&quot;","block_context":{"text":"Not\u00edcias de Ribeir\u00e3o Preto-SP e Regi\u00e3o","link":"https:\/\/noticiasribeiraopreto.com.br\/index.php\/category\/noticias-de-ribeirao-preto-sp-e-regiao-ismael-colosi\/"},"img":{"alt_text":"","src":"https:\/\/i0.wp.com\/noticiasribeiraopreto.com.br\/wp-content\/uploads\/2024\/10\/Copia-de-Copia-de-Copia-de-TAMANHO-EXATO-PARA-FOTOS-NO-SISTEMA-NOVO-21_2024-09-15_20-45-28_png_2024-09-15_20-45-28.webp.webp?fit=1200%2C675&ssl=1&resize=350%2C200","width":350,"height":200,"srcset":"https:\/\/i0.wp.com\/noticiasribeiraopreto.com.br\/wp-content\/uploads\/2024\/10\/Copia-de-Copia-de-Copia-de-TAMANHO-EXATO-PARA-FOTOS-NO-SISTEMA-NOVO-21_2024-09-15_20-45-28_png_2024-09-15_20-45-28.webp.webp?fit=1200%2C675&ssl=1&resize=350%2C200 1x, https:\/\/i0.wp.com\/noticiasribeiraopreto.com.br\/wp-content\/uploads\/2024\/10\/Copia-de-Copia-de-Copia-de-TAMANHO-EXATO-PARA-FOTOS-NO-SISTEMA-NOVO-21_2024-09-15_20-45-28_png_2024-09-15_20-45-28.webp.webp?fit=1200%2C675&ssl=1&resize=525%2C300 1.5x, https:\/\/i0.wp.com\/noticiasribeiraopreto.com.br\/wp-content\/uploads\/2024\/10\/Copia-de-Copia-de-Copia-de-TAMANHO-EXATO-PARA-FOTOS-NO-SISTEMA-NOVO-21_2024-09-15_20-45-28_png_2024-09-15_20-45-28.webp.webp?fit=1200%2C675&ssl=1&resize=700%2C400 2x, https:\/\/i0.wp.com\/noticiasribeiraopreto.com.br\/wp-content\/uploads\/2024\/10\/Copia-de-Copia-de-Copia-de-TAMANHO-EXATO-PARA-FOTOS-NO-SISTEMA-NOVO-21_2024-09-15_20-45-28_png_2024-09-15_20-45-28.webp.webp?fit=1200%2C675&ssl=1&resize=1050%2C600 3x"},"classes":[]},{"id":17184,"url":"https:\/\/noticiasribeiraopreto.com.br\/index.php\/2023\/12\/17\/ubds-vila-virginia-reabrira-nesta-segunda-18\/","url_meta":{"origin":80468,"position":2},"title":"UBDS Vila Virg\u00ednia reabrir\u00e1 nesta segunda (18)","author":"noticiasribeiraopreto.com.br","date":"17 de December de 2023","format":false,"excerpt":"17 de dezembro de 2023 | 18:0017 de dezembro de 2023 | 15:19 0A UBDS \u2013 Unidade B\u00e1sica e Distrital de Sa\u00fade Dr. Marco Ant\u00f4nio Sah\u00e3o, na Vila Virg\u00ednia, reabrir\u00e1 nesta segunda-feira, dia 18 de dezembro.A unidade de sa\u00fade foi fechada temporariamente para reforma, depois de sofrer graves danos estruturais\u2026","rel":"","context":"In &quot;Not\u00edcias de Ribeir\u00e3o Preto-SP e Regi\u00e3o&quot;","block_context":{"text":"Not\u00edcias de Ribeir\u00e3o Preto-SP e Regi\u00e3o","link":"https:\/\/noticiasribeiraopreto.com.br\/index.php\/category\/noticias-de-ribeirao-preto-sp-e-regiao-ismael-colosi\/"},"img":{"alt_text":"","src":"https:\/\/i0.wp.com\/noticiasribeiraopreto.com.br\/wp-content\/uploads\/2023\/12\/ubs-vila-virginia-scaled.jpg?fit=967%2C645&ssl=1&resize=350%2C200","width":350,"height":200,"srcset":"https:\/\/i0.wp.com\/noticiasribeiraopreto.com.br\/wp-content\/uploads\/2023\/12\/ubs-vila-virginia-scaled.jpg?fit=967%2C645&ssl=1&resize=350%2C200 1x, https:\/\/i0.wp.com\/noticiasribeiraopreto.com.br\/wp-content\/uploads\/2023\/12\/ubs-vila-virginia-scaled.jpg?fit=967%2C645&ssl=1&resize=525%2C300 1.5x, https:\/\/i0.wp.com\/noticiasribeiraopreto.com.br\/wp-content\/uploads\/2023\/12\/ubs-vila-virginia-scaled.jpg?fit=967%2C645&ssl=1&resize=700%2C400 2x"},"classes":[]},{"id":20785,"url":"https:\/\/noticiasribeiraopreto.com.br\/index.php\/2023\/12\/26\/rp-abre-concurso-publico-para-cargos-de-ensino-fundamental-medio-e-tecnico\/","url_meta":{"origin":80468,"position":3},"title":"RP abre concurso p\u00fablico para cargos de Ensino Fundamental, M\u00e9dio e T\u00e9cnico","author":"noticiasribeiraopreto.com.br","date":"26 de December de 2023","format":false,"excerpt":"Destaque Empregos e Est\u00e1gios 26 de dezembro de 2023 | 14:0026 de dezembro de 2023 | 13:37 0A prefeitura de Ribeir\u00e3o Preto, por meio da Secretaria Municipal da Administra\u00e7\u00e3o, publicou, no Di\u00e1rio Oficial do Munic\u00edpio de sexta-feira, 22 de dezembro, o Edital n\u00ba06\/2023 para a realiza\u00e7\u00e3o de um novo concurso\u2026","rel":"","context":"In &quot;Not\u00edcias de Ribeir\u00e3o Preto-SP e Regi\u00e3o&quot;","block_context":{"text":"Not\u00edcias de Ribeir\u00e3o Preto-SP e Regi\u00e3o","link":"https:\/\/noticiasribeiraopreto.com.br\/index.php\/category\/noticias-de-ribeirao-preto-sp-e-regiao-ismael-colosi\/"},"img":{"alt_text":"","src":"https:\/\/i0.wp.com\/noticiasribeiraopreto.com.br\/wp-content\/uploads\/2023\/12\/concurso1-scaled.jpeg?fit=968%2C645&ssl=1&resize=350%2C200","width":350,"height":200,"srcset":"https:\/\/i0.wp.com\/noticiasribeiraopreto.com.br\/wp-content\/uploads\/2023\/12\/concurso1-scaled.jpeg?fit=968%2C645&ssl=1&resize=350%2C200 1x, https:\/\/i0.wp.com\/noticiasribeiraopreto.com.br\/wp-content\/uploads\/2023\/12\/concurso1-scaled.jpeg?fit=968%2C645&ssl=1&resize=525%2C300 1.5x, https:\/\/i0.wp.com\/noticiasribeiraopreto.com.br\/wp-content\/uploads\/2023\/12\/concurso1-scaled.jpeg?fit=968%2C645&ssl=1&resize=700%2C400 2x"},"classes":[]},{"id":15102,"url":"https:\/\/noticiasribeiraopreto.com.br\/index.php\/2023\/12\/13\/inscricoes-para-fatec-vao-ate-segunda-feira\/","url_meta":{"origin":80468,"position":4},"title":"Inscri\u00e7\u00f5es para Fatec v\u00e3o at\u00e9 segunda-feira\u00a0","author":"noticiasribeiraopreto.com.br","date":"13 de December de 2023","format":false,"excerpt":"12 de dezembro de 2023 | 16:0012 de dezembro de 2023 | 9:48 0As inscri\u00e7\u00f5es para o processo seletivo das Faculdades de Tecnologia (Fatecs) do Estado de S\u00e3o Paulo foram prorrogadas at\u00e9 a pr\u00f3xima segunda-feira,18 de dezembro, e devem ser feitas, exclusivamente, pelo site www.vestibularfatec.com.br. No \u00faltimo dia, o prazo\u2026","rel":"","context":"In &quot;Not\u00edcias de Ribeir\u00e3o Preto-SP e Regi\u00e3o&quot;","block_context":{"text":"Not\u00edcias de Ribeir\u00e3o Preto-SP e Regi\u00e3o","link":"https:\/\/noticiasribeiraopreto.com.br\/index.php\/category\/noticias-de-ribeirao-preto-sp-e-regiao-ismael-colosi\/"},"img":{"alt_text":"","src":"https:\/\/i0.wp.com\/noticiasribeiraopreto.com.br\/wp-content\/uploads\/2023\/12\/imagem-27.jpg?fit=675%2C450&ssl=1&resize=350%2C200","width":350,"height":200,"srcset":"https:\/\/i0.wp.com\/noticiasribeiraopreto.com.br\/wp-content\/uploads\/2023\/12\/imagem-27.jpg?fit=675%2C450&ssl=1&resize=350%2C200 1x, https:\/\/i0.wp.com\/noticiasribeiraopreto.com.br\/wp-content\/uploads\/2023\/12\/imagem-27.jpg?fit=675%2C450&ssl=1&resize=525%2C300 1.5x"},"classes":[]},{"id":20493,"url":"https:\/\/noticiasribeiraopreto.com.br\/index.php\/2023\/12\/25\/linha-de-onibus-14-jardim-botanico-tera-quadro-de-horarios-alterado-nesta-terca-26\/","url_meta":{"origin":80468,"position":5},"title":"Linha de \u00f4nibus 14 \u2013 Jardim Bot\u00e2nico ter\u00e1 quadro de hor\u00e1rios alterado nesta ter\u00e7a, 26","author":"noticiasribeiraopreto.com.br","date":"25 de December de 2023","format":false,"excerpt":"25 de dezembro de 2023 | 18:0022 de dezembro de 2023 | 17:53 0A RP Mobi anunciou que a partir da pr\u00f3xima ter\u00e7a-feira, dia 26 de janeiro, a linha alimentadora 14 \u2013 Jardim Bot\u00e2nico ter\u00e1 seu quadro de hor\u00e1rios alterado e o itiner\u00e1rio estendido nos dias \u00fateis, de segunda a\u2026","rel":"","context":"In &quot;Not\u00edcias de Ribeir\u00e3o Preto-SP e Regi\u00e3o&quot;","block_context":{"text":"Not\u00edcias de Ribeir\u00e3o Preto-SP e Regi\u00e3o","link":"https:\/\/noticiasribeiraopreto.com.br\/index.php\/category\/noticias-de-ribeirao-preto-sp-e-regiao-ismael-colosi\/"},"img":{"alt_text":"","src":"https:\/\/i0.wp.com\/noticiasribeiraopreto.com.br\/wp-content\/uploads\/2023\/12\/foto_jd_botanico-scaled.jpeg?fit=860%2C645&ssl=1&resize=350%2C200","width":350,"height":200,"srcset":"https:\/\/i0.wp.com\/noticiasribeiraopreto.com.br\/wp-content\/uploads\/2023\/12\/foto_jd_botanico-scaled.jpeg?fit=860%2C645&ssl=1&resize=350%2C200 1x, https:\/\/i0.wp.com\/noticiasribeiraopreto.com.br\/wp-content\/uploads\/2023\/12\/foto_jd_botanico-scaled.jpeg?fit=860%2C645&ssl=1&resize=525%2C300 1.5x, https:\/\/i0.wp.com\/noticiasribeiraopreto.com.br\/wp-content\/uploads\/2023\/12\/foto_jd_botanico-scaled.jpeg?fit=860%2C645&ssl=1&resize=700%2C400 2x"},"classes":[]}],"jetpack_sharing_enabled":true,"jetpack_shortlink":"https:\/\/wp.me\/peQAOb-kVS","_links":{"self":[{"href":"https:\/\/noticiasribeiraopreto.com.br\/index.php\/wp-json\/wp\/v2\/posts\/80468","targetHints":{"allow":["GET"]}}],"collection":[{"href":"https:\/\/noticiasribeiraopreto.com.br\/index.php\/wp-json\/wp\/v2\/posts"}],"about":[{"href":"https:\/\/noticiasribeiraopreto.com.br\/index.php\/wp-json\/wp\/v2\/types\/post"}],"author":[{"embeddable":true,"href":"https:\/\/noticiasribeiraopreto.com.br\/index.php\/wp-json\/wp\/v2\/users\/1"}],"replies":[{"embeddable":true,"href":"https:\/\/noticiasribeiraopreto.com.br\/index.php\/wp-json\/wp\/v2\/comments?post=80468"}],"version-history":[{"count":0,"href":"https:\/\/noticiasribeiraopreto.com.br\/index.php\/wp-json\/wp\/v2\/posts\/80468\/revisions"}],"wp:featuredmedia":[{"embeddable":true,"href":"https:\/\/noticiasribeiraopreto.com.br\/index.php\/wp-json\/wp\/v2\/media\/80469"}],"wp:attachment":[{"href":"https:\/\/noticiasribeiraopreto.com.br\/index.php\/wp-json\/wp\/v2\/media?parent=80468"}],"wp:term":[{"taxonomy":"category","embeddable":true,"href":"https:\/\/noticiasribeiraopreto.com.br\/index.php\/wp-json\/wp\/v2\/categories?post=80468"},{"taxonomy":"post_tag","embeddable":true,"href":"https:\/\/noticiasribeiraopreto.com.br\/index.php\/wp-json\/wp\/v2\/tags?post=80468"}],"curies":[{"name":"wp","href":"https:\/\/api.w.org\/{rel}","templated":true}]}}