{"id":80484,"date":"2025-12-04T06:46:16","date_gmt":"2025-12-04T09:46:16","guid":{"rendered":"https:\/\/noticiasribeiraopreto.com.br\/index.php\/2025\/12\/04\/incendio-atinge-apartamento-na-zona-norte-de-ribeirao-preto\/"},"modified":"2025-12-04T06:46:16","modified_gmt":"2025-12-04T09:46:16","slug":"incendio-atinge-apartamento-na-zona-norte-de-ribeirao-preto","status":"publish","type":"post","link":"https:\/\/noticiasribeiraopreto.com.br\/index.php\/2025\/12\/04\/incendio-atinge-apartamento-na-zona-norte-de-ribeirao-preto\/","title":{"rendered":"Inc\u00eandio atinge apartamento na zona Norte de Ribeir\u00e3o Preto"},"content":{"rendered":"<div class='code-block code-block-1' style='margin: 8px 0 8px auto; text-align: right; display: block; clear: both;'>\n<p><a href=\"https:\/\/wa.link\/vpicfd\"><img data-recalc-dims=\"1\" class=\"wp-image-4922\" style=\"aspect-ratio: 2.0253164556962027; width: 561px; height: auto;\" src=\"https:\/\/i0.wp.com\/ismaelcolosi.com.br\/wp-content\/uploads\/2023\/11\/grupo-de-empregos-whatsapp-e-facebook-ismael-colosi-vagas.jpg?ssl=1\" alt=\"\" \/><\/a><\/p>\n<!-- \/wp:image -->\n<\/div>\n<p> <br \/>\n<\/p>\n<p><strong>Um inc\u00eandio atingiu um apartamento na madrugada desta quinta-feira (4), no Parque dos Pinus, zona Norte de Ribeir\u00e3o Preto.<\/strong><\/p>\n<p>O Corpo de Bombeiros fez o combate \u00e0s chamas na residencial localizado na rua Palmiro Bim por volta das 3h e extinguiu o fogo. N\u00e3o houve registro de v\u00edtimas.<\/p>\n<p>A Defesa Civil foi acionada para vistoriar o local.<\/p>\n<p>As causas ainda dever\u00e3o ser apuradas.<\/p>\n<p>SAIBA MAIS<\/p>\n<p>Obras de pontes est\u00e3o paradas em Ribeir\u00e3o Preto; saiba o que travou os projetos<\/p>\n<h2 class=\"wp-block-heading\"><strong>FIQUE ON<\/strong><\/h2>\n<p>Fique ligado em tudo que acontece em Ribeir\u00e3o Preto e regi\u00e3o. Siga os perfis do&nbsp;<strong>acidade on<\/strong>&nbsp;no&nbsp;<a href=\"https:\/\/www.instagram.com\/acidadeonribeirao\" target=\"_blank\" rel=\"noreferrer noopener\">Instagram<\/a>&nbsp;e no&nbsp;<a href=\"https:\/\/www.facebook.com\/acidadeonribeirao\/\" target=\"_blank\" rel=\"noreferrer noopener\">Facebook<\/a>.<\/p>\n<p>Receba not\u00edcias do&nbsp;<strong>acidade on&nbsp;<\/strong>no WhatsApp. Para entrar no grupo,&nbsp;basta<a href=\"https:\/\/chat.whatsapp.com\/I4nieTEMKlf50pJ28aMemC?mode=ac_t\" target=\"_blank\" rel=\"noreferrer noopener\">&nbsp;clicar aqui<\/a>. Ou, acesse o nosso&nbsp;Canal&nbsp;<a href=\"https:\/\/whatsapp.com\/channel\/0029Vb6IQl1JENyAeS57fk2p\" target=\"_blank\" rel=\"noreferrer noopener\">clicando aqui<\/a>.Fa\u00e7a uma den\u00fancia ou sugira uma reportagem sobre Ribeir\u00e3o Preto e regi\u00e3o pelo WhatsApp: 16 99117 7802.<\/p>\n<p>VEJA TAMB\u00c9M<\/p>\n<p>Como fazer crunch cake?<\/p>\n<p>O post Inc\u00eandio atinge apartamento na zona Norte de Ribeir\u00e3o Preto apareceu primeiro em ACidade ON Ribeir\u00e3o Preto.<\/p>\n<p><script async src=\"\/\/www.instagram.com\/embed.js\"><\/script><br \/>\n<br \/><br \/>\n<br \/><a href=\"https:\/\/www.acidadeon.com\/ribeiraopreto\/cotidiano\/incendio-atinge-apartamento-na-zona-norte-de-ribeirao-preto\/\">Source link <\/a><\/p>\n<!-- CONTENT END 1 -->\n","protected":false},"excerpt":{"rendered":"<p>Um inc\u00eandio atingiu um apartamento na madrugada desta quinta-feira (4), no Parque dos Pinus, zona Norte de Ribeir\u00e3o Preto. O Corpo de Bombeiros fez o&#8230;<\/p>\n","protected":false},"author":1,"featured_media":73423,"comment_status":"open","ping_status":"open","sticky":false,"template":"","format":"standard","meta":{"advanced_seo_description":"","jetpack_seo_html_title":"","jetpack_seo_noindex":false,"jetpack_post_was_ever_published":false,"_jetpack_newsletter_access":"","_jetpack_dont_email_post_to_subs":false,"_jetpack_newsletter_tier_id":0,"_jetpack_memberships_contains_paywalled_content":false,"_jetpack_memberships_contains_paid_content":false,"footnotes":"","jetpack_publicize_message":"","jetpack_publicize_feature_enabled":true,"jetpack_social_post_already_shared":true,"jetpack_social_options":{"image_generator_settings":{"template":"highway","default_image_id":0,"font":"","enabled":false},"version":2}},"categories":[11],"tags":[],"class_list":["post-80484","post","type-post","status-publish","format-standard","has-post-thumbnail","hentry","category-noticias-de-ribeirao-preto-sp-e-regiao-ismael-colosi"],"jetpack_publicize_connections":[],"jetpack_featured_media_url":"https:\/\/i0.wp.com\/noticiasribeiraopreto.com.br\/wp-content\/uploads\/2025\/07\/BOMBEIROS-1024x575-1_2024-05-31_13-44-44_jpg_2024-05-31_13-44-44.webp.webp?fit=1024%2C575&ssl=1","jetpack-related-posts":[{"id":52946,"url":"https:\/\/noticiasribeiraopreto.com.br\/index.php\/2024\/06\/14\/duas-pessoas-sao-socorridas-durante-incendio-em-apartamento-na-zona-sul-de-ribeirao-preto\/","url_meta":{"origin":80484,"position":0},"title":"Duas pessoas s\u00e3o socorridas durante inc\u00eandio em apartamento na zona Sul de Ribeir\u00e3o Preto","author":"noticiasribeiraopreto.com.br","date":"14 de June de 2024","format":false,"excerpt":"Duas pessoas foram socorridas na madrugada desta sexta-feira (14), durante um inc\u00eandio em um apartamento na rua do Professor, zona Sul de Ribeir\u00e3o Preto. Segundo o Corpo de Bombeiros, as v\u00edtimas s\u00e3o um homem, que sofreu queimaduras na parte superior do corpo, e uma mulher, que inalou fuma\u00e7a. As v\u00edtimas\u2026","rel":"","context":"In &quot;Not\u00edcias de Ribeir\u00e3o Preto-SP e Regi\u00e3o&quot;","block_context":{"text":"Not\u00edcias de Ribeir\u00e3o Preto-SP e Regi\u00e3o","link":"https:\/\/noticiasribeiraopreto.com.br\/index.php\/category\/noticias-de-ribeirao-preto-sp-e-regiao-ismael-colosi\/"},"img":{"alt_text":"","src":"https:\/\/i0.wp.com\/noticiasribeiraopreto.com.br\/wp-content\/uploads\/2024\/06\/resgate_foi_1024x576_05072021131543.jpg?fit=1024%2C576&ssl=1&resize=350%2C200","width":350,"height":200,"srcset":"https:\/\/i0.wp.com\/noticiasribeiraopreto.com.br\/wp-content\/uploads\/2024\/06\/resgate_foi_1024x576_05072021131543.jpg?fit=1024%2C576&ssl=1&resize=350%2C200 1x, https:\/\/i0.wp.com\/noticiasribeiraopreto.com.br\/wp-content\/uploads\/2024\/06\/resgate_foi_1024x576_05072021131543.jpg?fit=1024%2C576&ssl=1&resize=525%2C300 1.5x, https:\/\/i0.wp.com\/noticiasribeiraopreto.com.br\/wp-content\/uploads\/2024\/06\/resgate_foi_1024x576_05072021131543.jpg?fit=1024%2C576&ssl=1&resize=700%2C400 2x"},"classes":[]},{"id":48587,"url":"https:\/\/noticiasribeiraopreto.com.br\/index.php\/2024\/05\/03\/apartamento-pega-fogo-em-bairro-da-zona-leste-de-ribeirao-preto-veja-o-video\/","url_meta":{"origin":80484,"position":1},"title":"Apartamento pega fogo em bairro da zona Leste de Ribeir\u00e3o Preto; Veja o v\u00eddeo","author":"noticiasribeiraopreto.com.br","date":"3 de May de 2024","format":false,"excerpt":"Um apartamento na rua Jos\u00e9 Pierri, no bairro Nova Ribeir\u00e2nia, na zona Leste de Ribeir\u00e3o Preto, pegou fogo na noite desta sexta-feira (3). Segundo moradores, o fogo j\u00e1 foi controlado pelos bombeiros e, ainda, n\u00e3o se sabe o que provocou o inc\u00eandio. A informa\u00e7\u00e3o \u00e9 de que o apartamento, que\u2026","rel":"","context":"In &quot;Not\u00edcias de Ribeir\u00e3o Preto-SP e Regi\u00e3o&quot;","block_context":{"text":"Not\u00edcias de Ribeir\u00e3o Preto-SP e Regi\u00e3o","link":"https:\/\/noticiasribeiraopreto.com.br\/index.php\/category\/noticias-de-ribeirao-preto-sp-e-regiao-ismael-colosi\/"},"img":{"alt_text":"","src":"https:\/\/i0.wp.com\/noticiasribeiraopreto.com.br\/wp-content\/uploads\/2024\/05\/Copia-de-Copia-de-TAMANHO-EXATO-PARA-FOTOS-NO-SISTEMA-NOVO-36_2024-05-03_23-13-44_jpg_2024-05-03_23-13-44.webp.webp?fit=1200%2C675&ssl=1&resize=350%2C200","width":350,"height":200,"srcset":"https:\/\/i0.wp.com\/noticiasribeiraopreto.com.br\/wp-content\/uploads\/2024\/05\/Copia-de-Copia-de-TAMANHO-EXATO-PARA-FOTOS-NO-SISTEMA-NOVO-36_2024-05-03_23-13-44_jpg_2024-05-03_23-13-44.webp.webp?fit=1200%2C675&ssl=1&resize=350%2C200 1x, https:\/\/i0.wp.com\/noticiasribeiraopreto.com.br\/wp-content\/uploads\/2024\/05\/Copia-de-Copia-de-TAMANHO-EXATO-PARA-FOTOS-NO-SISTEMA-NOVO-36_2024-05-03_23-13-44_jpg_2024-05-03_23-13-44.webp.webp?fit=1200%2C675&ssl=1&resize=525%2C300 1.5x, https:\/\/i0.wp.com\/noticiasribeiraopreto.com.br\/wp-content\/uploads\/2024\/05\/Copia-de-Copia-de-TAMANHO-EXATO-PARA-FOTOS-NO-SISTEMA-NOVO-36_2024-05-03_23-13-44_jpg_2024-05-03_23-13-44.webp.webp?fit=1200%2C675&ssl=1&resize=700%2C400 2x, https:\/\/i0.wp.com\/noticiasribeiraopreto.com.br\/wp-content\/uploads\/2024\/05\/Copia-de-Copia-de-TAMANHO-EXATO-PARA-FOTOS-NO-SISTEMA-NOVO-36_2024-05-03_23-13-44_jpg_2024-05-03_23-13-44.webp.webp?fit=1200%2C675&ssl=1&resize=1050%2C600 3x"},"classes":[]},{"id":61479,"url":"https:\/\/noticiasribeiraopreto.com.br\/index.php\/2024\/12\/13\/incendio-atinge-galpao-na-zona-norte-de-ribeirao-preto-video\/","url_meta":{"origin":80484,"position":2},"title":"Inc\u00eandio atinge galp\u00e3o na zona Norte de Ribeir\u00e3o Preto; V\u00eddeo","author":"noticiasribeiraopreto.com.br","date":"13 de December de 2024","format":false,"excerpt":"Um\u00a0inc\u00eandio atinge um galp\u00e3o na tarde desta sexta (13), na rua Peru, na Vila Mariana, zona Norte de Ribeir\u00e3o Preto. O fogo gera uma intensa fuma\u00e7a preta. Assista ao v\u00eddeo abaixo. Segundo as primeiras informa\u00e7\u00f5es, no galp\u00e3o funcionaria uma empresa de fibras. O Corpo de Bombeiros foi mobilizado e atua\u2026","rel":"","context":"In &quot;Not\u00edcias de Ribeir\u00e3o Preto-SP e Regi\u00e3o&quot;","block_context":{"text":"Not\u00edcias de Ribeir\u00e3o Preto-SP e Regi\u00e3o","link":"https:\/\/noticiasribeiraopreto.com.br\/index.php\/category\/noticias-de-ribeirao-preto-sp-e-regiao-ismael-colosi\/"},"img":{"alt_text":"","src":"https:\/\/i0.wp.com\/noticiasribeiraopreto.com.br\/wp-content\/uploads\/2024\/12\/INCENDIO_2024-12-13_16-12-15_jpg_2024-12-13_16-12-15.webp.webp?fit=1200%2C773&ssl=1&resize=350%2C200","width":350,"height":200,"srcset":"https:\/\/i0.wp.com\/noticiasribeiraopreto.com.br\/wp-content\/uploads\/2024\/12\/INCENDIO_2024-12-13_16-12-15_jpg_2024-12-13_16-12-15.webp.webp?fit=1200%2C773&ssl=1&resize=350%2C200 1x, https:\/\/i0.wp.com\/noticiasribeiraopreto.com.br\/wp-content\/uploads\/2024\/12\/INCENDIO_2024-12-13_16-12-15_jpg_2024-12-13_16-12-15.webp.webp?fit=1200%2C773&ssl=1&resize=525%2C300 1.5x, https:\/\/i0.wp.com\/noticiasribeiraopreto.com.br\/wp-content\/uploads\/2024\/12\/INCENDIO_2024-12-13_16-12-15_jpg_2024-12-13_16-12-15.webp.webp?fit=1200%2C773&ssl=1&resize=700%2C400 2x, https:\/\/i0.wp.com\/noticiasribeiraopreto.com.br\/wp-content\/uploads\/2024\/12\/INCENDIO_2024-12-13_16-12-15_jpg_2024-12-13_16-12-15.webp.webp?fit=1200%2C773&ssl=1&resize=1050%2C600 3x"},"classes":[]},{"id":70591,"url":"https:\/\/noticiasribeiraopreto.com.br\/index.php\/2025\/05\/28\/incendio-atinge-deposito-de-colchoes-na-zona-norte-de-ribeirao-preto-video\/","url_meta":{"origin":80484,"position":3},"title":"Inc\u00eandio atinge dep\u00f3sito de colch\u00f5es na zona Norte de Ribeir\u00e3o Preto; V\u00eddeo","author":"noticiasribeiraopreto.com.br","date":"28 de May de 2025","format":false,"excerpt":"Um inc\u00eandio atingiu um dep\u00f3sito de colch\u00f5es na noite desta ter\u00e7a-feira (27), na Vila Elisa, zona Norte de Ribeir\u00e3o Preto. Assista ao v\u00eddeo abaixo. Apesar de as chamas tomarem grandes propor\u00e7\u00f5es no pr\u00e9dio, na rua Campinas, n\u00e3o houve registro de v\u00edtimas, segundo o Corpo de Bombeiros. A PM (Pol\u00edcia Militar)\u2026","rel":"","context":"In &quot;Not\u00edcias de Ribeir\u00e3o Preto-SP e Regi\u00e3o&quot;","block_context":{"text":"Not\u00edcias de Ribeir\u00e3o Preto-SP e Regi\u00e3o","link":"https:\/\/noticiasribeiraopreto.com.br\/index.php\/category\/noticias-de-ribeirao-preto-sp-e-regiao-ismael-colosi\/"},"img":{"alt_text":"","src":"https:\/\/i0.wp.com\/noticiasribeiraopreto.com.br\/wp-content\/uploads\/2025\/05\/WhatsApp-Image-2025-05-28-at-08.11.16_2025-05-28_11-11-57.webp.webp?fit=1200%2C675&ssl=1&resize=350%2C200","width":350,"height":200,"srcset":"https:\/\/i0.wp.com\/noticiasribeiraopreto.com.br\/wp-content\/uploads\/2025\/05\/WhatsApp-Image-2025-05-28-at-08.11.16_2025-05-28_11-11-57.webp.webp?fit=1200%2C675&ssl=1&resize=350%2C200 1x, https:\/\/i0.wp.com\/noticiasribeiraopreto.com.br\/wp-content\/uploads\/2025\/05\/WhatsApp-Image-2025-05-28-at-08.11.16_2025-05-28_11-11-57.webp.webp?fit=1200%2C675&ssl=1&resize=525%2C300 1.5x, https:\/\/i0.wp.com\/noticiasribeiraopreto.com.br\/wp-content\/uploads\/2025\/05\/WhatsApp-Image-2025-05-28-at-08.11.16_2025-05-28_11-11-57.webp.webp?fit=1200%2C675&ssl=1&resize=700%2C400 2x, https:\/\/i0.wp.com\/noticiasribeiraopreto.com.br\/wp-content\/uploads\/2025\/05\/WhatsApp-Image-2025-05-28-at-08.11.16_2025-05-28_11-11-57.webp.webp?fit=1200%2C675&ssl=1&resize=1050%2C600 3x"},"classes":[]},{"id":76655,"url":"https:\/\/noticiasribeiraopreto.com.br\/index.php\/2025\/09\/02\/incendio-atinge-deposito-de-reciclaveis-na-zona-norte-de-ribeirao-preto-veja-video-2\/","url_meta":{"origin":80484,"position":4},"title":"Inc\u00eandio atinge dep\u00f3sito de recicl\u00e1veis na zona Norte de Ribeir\u00e3o Preto; veja v\u00eddeo","author":"noticiasribeiraopreto.com.br","date":"2 de September de 2025","format":false,"excerpt":"Na noite desta ter\u00e7a-feira (2), um inc\u00eandio foi registrado em um dep\u00f3sito de recicl\u00e1veis no Jardim Jandaia, na zona Norte de Ribeir\u00e3o Preto. O Corpo de Bombeiros foi acionado e ainda permanece no local para combater as chamas. Apesar da intensidade das chamas, n\u00e3o houve feridos. Veja v\u00eddeo: Ver essa\u2026","rel":"","context":"In &quot;Not\u00edcias de Ribeir\u00e3o Preto-SP e Regi\u00e3o&quot;","block_context":{"text":"Not\u00edcias de Ribeir\u00e3o Preto-SP e Regi\u00e3o","link":"https:\/\/noticiasribeiraopreto.com.br\/index.php\/category\/noticias-de-ribeirao-preto-sp-e-regiao-ismael-colosi\/"},"img":{"alt_text":"","src":"https:\/\/i0.wp.com\/noticiasribeiraopreto.com.br\/wp-content\/uploads\/2025\/09\/Copia-de-Copia-de-Copia-de-TAMANHO-EXATO-PARA-FOTOS-NO-SISTEMA-NOVO-2025-09-02T192407.672_2025-09-02_22-24-12.webp.webp?fit=1200%2C675&ssl=1&resize=350%2C200","width":350,"height":200,"srcset":"https:\/\/i0.wp.com\/noticiasribeiraopreto.com.br\/wp-content\/uploads\/2025\/09\/Copia-de-Copia-de-Copia-de-TAMANHO-EXATO-PARA-FOTOS-NO-SISTEMA-NOVO-2025-09-02T192407.672_2025-09-02_22-24-12.webp.webp?fit=1200%2C675&ssl=1&resize=350%2C200 1x, https:\/\/i0.wp.com\/noticiasribeiraopreto.com.br\/wp-content\/uploads\/2025\/09\/Copia-de-Copia-de-Copia-de-TAMANHO-EXATO-PARA-FOTOS-NO-SISTEMA-NOVO-2025-09-02T192407.672_2025-09-02_22-24-12.webp.webp?fit=1200%2C675&ssl=1&resize=525%2C300 1.5x, https:\/\/i0.wp.com\/noticiasribeiraopreto.com.br\/wp-content\/uploads\/2025\/09\/Copia-de-Copia-de-Copia-de-TAMANHO-EXATO-PARA-FOTOS-NO-SISTEMA-NOVO-2025-09-02T192407.672_2025-09-02_22-24-12.webp.webp?fit=1200%2C675&ssl=1&resize=700%2C400 2x, https:\/\/i0.wp.com\/noticiasribeiraopreto.com.br\/wp-content\/uploads\/2025\/09\/Copia-de-Copia-de-Copia-de-TAMANHO-EXATO-PARA-FOTOS-NO-SISTEMA-NOVO-2025-09-02T192407.672_2025-09-02_22-24-12.webp.webp?fit=1200%2C675&ssl=1&resize=1050%2C600 3x"},"classes":[]},{"id":58869,"url":"https:\/\/noticiasribeiraopreto.com.br\/index.php\/2024\/10\/08\/incendio-mobiliza-bombeiros-em-residencia-na-zona-norte-de-ribeirao\/","url_meta":{"origin":80484,"position":5},"title":"Inc\u00eandio mobiliza Bombeiros em resid\u00eancia na zona Norte de Ribeir\u00e3o","author":"noticiasribeiraopreto.com.br","date":"8 de October de 2024","format":false,"excerpt":"O Corpo de Bombeiros foi mobilizado para conter um inc\u00eandio no fim da madrugada desta ter\u00e7a-feira (8), no quintal de uma casa localizada no bairro Ipiranga, zona Norte de Ribeir\u00e3o Preto. Segundo informa\u00e7\u00f5es, o fogo teria atingido material acumulado na parte externa da resid\u00eancia, na\u00a0rua Tapaj\u00f3s. Apesar do susto, n\u00e3o\u2026","rel":"","context":"In &quot;Not\u00edcias de Ribeir\u00e3o Preto-SP e Regi\u00e3o&quot;","block_context":{"text":"Not\u00edcias de Ribeir\u00e3o Preto-SP e Regi\u00e3o","link":"https:\/\/noticiasribeiraopreto.com.br\/index.php\/category\/noticias-de-ribeirao-preto-sp-e-regiao-ismael-colosi\/"},"img":{"alt_text":"","src":"https:\/\/i0.wp.com\/noticiasribeiraopreto.com.br\/wp-content\/uploads\/2024\/10\/WhatsApp-Image-2024-10-08-at-08.34.34_2024-10-08_11-35-30_jpeg_2024-10-08_11-35-30.webp.webp?fit=1200%2C1024&ssl=1&resize=350%2C200","width":350,"height":200,"srcset":"https:\/\/i0.wp.com\/noticiasribeiraopreto.com.br\/wp-content\/uploads\/2024\/10\/WhatsApp-Image-2024-10-08-at-08.34.34_2024-10-08_11-35-30_jpeg_2024-10-08_11-35-30.webp.webp?fit=1200%2C1024&ssl=1&resize=350%2C200 1x, https:\/\/i0.wp.com\/noticiasribeiraopreto.com.br\/wp-content\/uploads\/2024\/10\/WhatsApp-Image-2024-10-08-at-08.34.34_2024-10-08_11-35-30_jpeg_2024-10-08_11-35-30.webp.webp?fit=1200%2C1024&ssl=1&resize=525%2C300 1.5x, https:\/\/i0.wp.com\/noticiasribeiraopreto.com.br\/wp-content\/uploads\/2024\/10\/WhatsApp-Image-2024-10-08-at-08.34.34_2024-10-08_11-35-30_jpeg_2024-10-08_11-35-30.webp.webp?fit=1200%2C1024&ssl=1&resize=700%2C400 2x, https:\/\/i0.wp.com\/noticiasribeiraopreto.com.br\/wp-content\/uploads\/2024\/10\/WhatsApp-Image-2024-10-08-at-08.34.34_2024-10-08_11-35-30_jpeg_2024-10-08_11-35-30.webp.webp?fit=1200%2C1024&ssl=1&resize=1050%2C600 3x"},"classes":[]}],"jetpack_sharing_enabled":true,"jetpack_shortlink":"https:\/\/wp.me\/peQAOb-kW8","_links":{"self":[{"href":"https:\/\/noticiasribeiraopreto.com.br\/index.php\/wp-json\/wp\/v2\/posts\/80484","targetHints":{"allow":["GET"]}}],"collection":[{"href":"https:\/\/noticiasribeiraopreto.com.br\/index.php\/wp-json\/wp\/v2\/posts"}],"about":[{"href":"https:\/\/noticiasribeiraopreto.com.br\/index.php\/wp-json\/wp\/v2\/types\/post"}],"author":[{"embeddable":true,"href":"https:\/\/noticiasribeiraopreto.com.br\/index.php\/wp-json\/wp\/v2\/users\/1"}],"replies":[{"embeddable":true,"href":"https:\/\/noticiasribeiraopreto.com.br\/index.php\/wp-json\/wp\/v2\/comments?post=80484"}],"version-history":[{"count":0,"href":"https:\/\/noticiasribeiraopreto.com.br\/index.php\/wp-json\/wp\/v2\/posts\/80484\/revisions"}],"wp:featuredmedia":[{"embeddable":true,"href":"https:\/\/noticiasribeiraopreto.com.br\/index.php\/wp-json\/wp\/v2\/media\/73423"}],"wp:attachment":[{"href":"https:\/\/noticiasribeiraopreto.com.br\/index.php\/wp-json\/wp\/v2\/media?parent=80484"}],"wp:term":[{"taxonomy":"category","embeddable":true,"href":"https:\/\/noticiasribeiraopreto.com.br\/index.php\/wp-json\/wp\/v2\/categories?post=80484"},{"taxonomy":"post_tag","embeddable":true,"href":"https:\/\/noticiasribeiraopreto.com.br\/index.php\/wp-json\/wp\/v2\/tags?post=80484"}],"curies":[{"name":"wp","href":"https:\/\/api.w.org\/{rel}","templated":true}]}}