{"id":80486,"date":"2025-12-04T09:49:11","date_gmt":"2025-12-04T12:49:11","guid":{"rendered":"https:\/\/noticiasribeiraopreto.com.br\/index.php\/2025\/12\/04\/filmes-de-terror-aventura-comedia-e-acao-chegam-aos-cinemas-de-ribeirao-preto\/"},"modified":"2025-12-04T09:49:11","modified_gmt":"2025-12-04T12:49:11","slug":"filmes-de-terror-aventura-comedia-e-acao-chegam-aos-cinemas-de-ribeirao-preto","status":"publish","type":"post","link":"https:\/\/noticiasribeiraopreto.com.br\/index.php\/2025\/12\/04\/filmes-de-terror-aventura-comedia-e-acao-chegam-aos-cinemas-de-ribeirao-preto\/","title":{"rendered":"Filmes de terror, aventura, com\u00e9dia e a\u00e7\u00e3o chegam aos cinemas de Ribeir\u00e3o Preto"},"content":{"rendered":"<div class='code-block code-block-1' style='margin: 8px 0 8px auto; text-align: right; display: block; clear: both;'>\n<p><a href=\"https:\/\/wa.link\/vpicfd\"><img data-recalc-dims=\"1\" class=\"wp-image-4922\" style=\"aspect-ratio: 2.0253164556962027; width: 561px; height: auto;\" src=\"https:\/\/i0.wp.com\/ismaelcolosi.com.br\/wp-content\/uploads\/2023\/11\/grupo-de-empregos-whatsapp-e-facebook-ismael-colosi-vagas.jpg?ssl=1\" alt=\"\" \/><\/a><\/p>\n<!-- \/wp:image -->\n<\/div>\n<p> <br \/>\n<\/p>\n<div>\n<p>A primeira semana de estreias de dezembro chega com tudo nos cinemas de <strong>Ribeir\u00e3o Preto<\/strong>. A partir desta <strong>quinta-feira (4)<\/strong>, quatro novos filmes passam a integrar a programa\u00e7\u00e3o das telonas, como \u201c<strong>Five Nights At Freddy\u2019s 2<\/strong>\u201d, a nova aventura nacional para toda a fam\u00edlia \u201c<strong>D.P.A. 4 \u2013 O Fant\u00e1stico Reino de Ondion<\/strong>\u201d, o romance \u201c<strong>Eternidade<\/strong>\u201d e o filme de a\u00e7\u00e3o \u201c<strong>Soldado de Chumbo<\/strong>\u201d.<\/p>\n<p>Ribeir\u00e3o Preto conta com quatro cinemas, o\u00a0<strong>UCI<\/strong>\u00a0localizado no Ribeir\u00e3o Shopping, o\u00a0<strong>Cinep\u00f3lis<\/strong>\u00a0nos shoppings Santa \u00darsula e Iguatemi e o\u00a0<strong>Cinemark<\/strong>, no Novo Shopping.<\/p>\n<h2 class=\"wp-block-heading\"><strong>Five Nights At Freddy\u2019s 2<\/strong><\/h2>\n<p>Um ano ap\u00f3s os eventos no restaurante<em> <strong>Freddy Fazbear\u2019s Pizza<\/strong><\/em>, <strong>Mike (Josh Hutcherson) <\/strong>tenta proteger sua irm\u00e3<strong> Abby (Piper Rubio<\/strong>) da verdade sombria sobre os <em>animatr\u00f4nicos<\/em>. Por\u00e9m, a menina recebe um chamado das criaturas assustadoras <strong>Freddy, Bonnie, Chica e Foxy<\/strong>, que ao se reconectar com eles, desperta um mal esquecido e revelando segredos obscuros sobre a origem da pizzaria. <mark style=\"background-color:#fcb900\" class=\"has-inline-color\">A classifica\u00e7\u00e3o indicativa \u00e9 de <strong>14 anos<\/strong>.<\/mark> Assista ao trailer:<\/p>\n<figure class=\"wp-block-embed is-type-video is-provider-youtube wp-block-embed-youtube wp-embed-aspect-16-9 wp-has-aspect-ratio\">\n<p>\n<iframe loading=\"lazy\" title=\"Five Nights at Freddy&#039;s 2 | Trailer Oficial - Dublado (Universal Pictures) - HD\" width=\"500\" height=\"281\" src=\"https:\/\/www.youtube.com\/embed\/w8oP0T-7USo?feature=oembed\" frameborder=\"0\" allow=\"accelerometer; autoplay; clipboard-write; encrypted-media; gyroscope; picture-in-picture; web-share\" referrerpolicy=\"strict-origin-when-cross-origin\" allowfullscreen><\/iframe>\n<\/p>\n<\/figure>\n<h2 class=\"wp-block-heading\"><strong>D.P.A. 4 \u2013 O Fant\u00e1stico Reino de Ondion<\/strong><\/h2>\n<p>A nova aventura dos detetives do Pr\u00e9dio Azul come\u00e7a quando <strong>Max <strong>(Samuel Minervino) <\/strong> <\/strong>desaparece misteriosamente, durante a busca pelo o amigo, <strong>Mel (Emilly Puppim) e Zeca<\/strong> <strong>(St\u00e9fano Agostini) <\/strong>atravessam um portal no <strong>apartamento 333 <\/strong>e v\u00e3o parar no m\u00e1gico reino de <strong>Ondion<\/strong>. L\u00e1, eles enfrentam enigmas, criaturas encantadas e uma amea\u00e7a perigosa: o vil\u00e3o<strong> Juks (Enzo Campe\u00e3o) <\/strong>e o bruxo <strong>Rumorum<\/strong> <strong>(Gabriel Braga Nunes)<\/strong>, que querem roubar o poderoso <strong>Cetro On\u00edrion<\/strong> para dominar o reino. <mark style=\"background-color:#fcb900\" class=\"has-inline-color\">A classifica\u00e7\u00e3o indicativa \u00e9 livre. <\/mark>Confira o trailer:<\/p>\n<figure class=\"wp-block-embed is-type-video is-provider-youtube wp-block-embed-youtube wp-embed-aspect-16-9 wp-has-aspect-ratio\">\n<p>\n<iframe loading=\"lazy\" title=\"DPA 4 - O Fant\u00e1stico Reino de Ondion | Trailer Oficial\" width=\"500\" height=\"281\" src=\"https:\/\/www.youtube.com\/embed\/W6PxKa4kIYI?feature=oembed\" frameborder=\"0\" allow=\"accelerometer; autoplay; clipboard-write; encrypted-media; gyroscope; picture-in-picture; web-share\" referrerpolicy=\"strict-origin-when-cross-origin\" allowfullscreen><\/iframe>\n<\/p>\n<\/figure>\n<h2 class=\"wp-block-heading\"><strong>Eternidade<\/strong><\/h2>\n<p>Ap\u00f3s a morte,<strong> Joan (Elizabeth Olsen)<\/strong> chega ao limite chamado <em>Junction<\/em>, onde todas as almas t\u00eam uma semana para escolher onde e com quem passar a eternidade. Ela se v\u00ea dividida entre <strong>Larry (Miles Teller)<\/strong>, com quem viveu uma vida inteira, e <strong>Luke (Callum Turner)<\/strong>, seu primeiro amor, morto jovem na guerra e que a aguardou por 60 anos. <mark style=\"background-color:#fcb900\" class=\"has-inline-color\">O filme n\u00e3o \u00e9 indicado para menores de <strong>12 anos<\/strong>.<\/mark> Veja ao trailer:<\/p>\n<figure class=\"wp-block-embed is-type-video is-provider-youtube wp-block-embed-youtube wp-embed-aspect-16-9 wp-has-aspect-ratio\">\n<p>\n<iframe loading=\"lazy\" title=\"Eternidades (Eternity) | Trailer Oficial Dublado (2025) | A24\" width=\"500\" height=\"281\" src=\"https:\/\/www.youtube.com\/embed\/hbWIg2NIBXU?feature=oembed\" frameborder=\"0\" allow=\"accelerometer; autoplay; clipboard-write; encrypted-media; gyroscope; picture-in-picture; web-share\" referrerpolicy=\"strict-origin-when-cross-origin\" allowfullscreen><\/iframe>\n<\/p>\n<\/figure>\n<h2 class=\"wp-block-heading\"><strong>Soldado de Chumbo<\/strong><\/h2>\n<p><strong>Nash Cavanaugh (Scott Eastwood)<\/strong>, veterano de guerra, \u00e9 convocado pelo governo para uma miss\u00e3o que o obriga a revisitar um passado que tentou esquecer. Ao lado do agente <strong>Emmanuel Ashburn (Robert De Niro)<\/strong>, ele precisa se infiltrar novamente em um culto comandado por <strong>Bokushi (Jamie Foxx)<\/strong>, que vem conquistando soldados com promessas perigosas. Preocupados com o r\u00e1pido crescimento desse grupo, constroem um plano para tentar derrubar <strong>Bokushi<\/strong>. <mark style=\"background-color:#fcb900\" class=\"has-inline-color\">O filme n\u00e3o \u00e9 indicado para menores de <strong>18 anos<\/strong>.<\/mark> Assista ao trailer:<\/p>\n<figure class=\"wp-block-embed is-type-video is-provider-youtube wp-block-embed-youtube wp-embed-aspect-16-9 wp-has-aspect-ratio\">\n<p>\n<iframe loading=\"lazy\" title=\"SOLDADO DE CHUMBO | Trailer Oficial Legendado\" width=\"500\" height=\"281\" src=\"https:\/\/www.youtube.com\/embed\/kk6afZMJ4LI?feature=oembed\" frameborder=\"0\" allow=\"accelerometer; autoplay; clipboard-write; encrypted-media; gyroscope; picture-in-picture; web-share\" referrerpolicy=\"strict-origin-when-cross-origin\" allowfullscreen><\/iframe>\n<\/p>\n<\/figure>\n<p>SAIBA MAIS<br \/>Cafeteria colombiana e centro de eventos: veja o que chega nos pr\u00f3ximos meses aos shoppings de Ribeir\u00e3o<\/p>\n<h2 class=\"wp-block-heading\"><strong>FIQUE ON<\/strong><\/h2>\n<p>Fique ligado em tudo que acontece em Ribeir\u00e3o Preto e regi\u00e3o. Siga os perfis do\u00a0<strong>acidade on<\/strong>\u00a0no<a href=\"https:\/\/www.instagram.com\/acidadeonribeirao\" target=\"_blank\" rel=\"noreferrer noopener\">\u00a0Instagram\u00a0<\/a>e no\u00a0<a href=\"https:\/\/www.facebook.com\/acidadeonribeirao\/\" target=\"_blank\" rel=\"noreferrer noopener\">Facebook<\/a>.<\/p>\n<p>Receba not\u00edcias do<strong>\u00a0acidade on<\/strong>\u00a0no WhatsApp. Para entrar no grupo,\u00a0basta\u00a0<a href=\"https:\/\/chat.whatsapp.com\/I4nieTEMKlf50pJ28aMemC?mode=ac_t\" target=\"_blank\" rel=\"noreferrer noopener\">clicar aqui<\/a>. Ou, acesse o nosso\u00a0Canal\u00a0<a href=\"https:\/\/whatsapp.com\/channel\/0029Vb6IQl1JENyAeS57fk2p\" target=\"_blank\" rel=\"noreferrer noopener\">clicando aqui<\/a>.<\/p>\n<p>Fa\u00e7a uma den\u00fancia ou sugira uma reportagem sobre Ribeir\u00e3o Preto e regi\u00e3o pelo WhatsApp: 16 99117 7802.<\/p>\n<p>VEJA TAMB\u00c9M<br \/>Quando lan\u00e7a o Volume 2 de \u2018Stranger Things\u2019?<\/p>\n<p><!-- AI CONTENT END 1 -->\n<\/div>\n<p><script async src=\"\/\/www.instagram.com\/embed.js\"><\/script><br \/>\n<br \/><br \/>\n<br \/><a href=\"https:\/\/www.acidadeon.com\/ribeiraopreto\/lazer-e-cultura\/filmes-de-terror-aventura-comedia-e-acao-chegam-aos-cinemas-de-ribeirao-preto\/\">Source link <\/a><\/p>\n<!-- CONTENT END 1 -->\n","protected":false},"excerpt":{"rendered":"<p>A primeira semana de estreias de dezembro chega com tudo nos cinemas de Ribeir\u00e3o Preto. A partir desta quinta-feira (4), quatro novos filmes passam a&#8230;<\/p>\n","protected":false},"author":1,"featured_media":80488,"comment_status":"open","ping_status":"open","sticky":false,"template":"","format":"standard","meta":{"advanced_seo_description":"","jetpack_seo_html_title":"","jetpack_seo_noindex":false,"jetpack_post_was_ever_published":false,"_jetpack_newsletter_access":"","_jetpack_dont_email_post_to_subs":false,"_jetpack_newsletter_tier_id":0,"_jetpack_memberships_contains_paywalled_content":false,"_jetpack_memberships_contains_paid_content":false,"footnotes":"","jetpack_publicize_message":"","jetpack_publicize_feature_enabled":true,"jetpack_social_post_already_shared":true,"jetpack_social_options":{"image_generator_settings":{"template":"highway","default_image_id":0,"font":"","enabled":false},"version":2}},"categories":[11],"tags":[],"class_list":["post-80486","post","type-post","status-publish","format-standard","has-post-thumbnail","hentry","category-noticias-de-ribeirao-preto-sp-e-regiao-ismael-colosi"],"jetpack_publicize_connections":[],"jetpack_featured_media_url":"https:\/\/i0.wp.com\/noticiasribeiraopreto.com.br\/wp-content\/uploads\/2025\/12\/Vanderci-Pessotti_2025-12-04_12-30-08.webp.webp?fit=1200%2C675&ssl=1","jetpack-related-posts":[{"id":81170,"url":"https:\/\/noticiasribeiraopreto.com.br\/index.php\/2025\/12\/26\/tres-novos-filmes-estreiam-nos-cinemas-de-ribeirao-preto-nesta-quinta-feira-veja-quais\/","url_meta":{"origin":80486,"position":0},"title":"Tr\u00eas novos filmes estreiam nos cinemas de Ribeir\u00e3o Preto nesta quinta-feira; Veja quais","author":"noticiasribeiraopreto.com.br","date":"26 de December de 2025","format":false,"excerpt":"A \u00faltima quinta-feira (25) de 2025 marca a estreia de tr\u00eas novos filmes nos cinemas de Ribeir\u00e3o Preto. A programa\u00e7\u00e3o traz produ\u00e7\u00f5es que misturam a\u00e7\u00e3o, aventura, anima\u00e7\u00e3o, com\u00e9dia e drama. Ribeir\u00e3o Preto conta com quatro cinemas, o\u00a0UCI\u00a0localizado no Ribeir\u00e3o Shopping, o\u00a0Cinep\u00f3lis\u00a0nos shoppings Santa \u00darsula e Iguatemi e o\u00a0Cinemark, no Novo\u2026","rel":"","context":"In &quot;Not\u00edcias de Ribeir\u00e3o Preto-SP e Regi\u00e3o&quot;","block_context":{"text":"Not\u00edcias de Ribeir\u00e3o Preto-SP e Regi\u00e3o","link":"https:\/\/noticiasribeiraopreto.com.br\/index.php\/category\/noticias-de-ribeirao-preto-sp-e-regiao-ismael-colosi\/"},"img":{"alt_text":"","src":"https:\/\/i0.wp.com\/noticiasribeiraopreto.com.br\/wp-content\/uploads\/2025\/12\/domingo-40_2025-12-25_15-17-34.webp.webp?fit=1200%2C675&ssl=1&resize=350%2C200","width":350,"height":200,"srcset":"https:\/\/i0.wp.com\/noticiasribeiraopreto.com.br\/wp-content\/uploads\/2025\/12\/domingo-40_2025-12-25_15-17-34.webp.webp?fit=1200%2C675&ssl=1&resize=350%2C200 1x, https:\/\/i0.wp.com\/noticiasribeiraopreto.com.br\/wp-content\/uploads\/2025\/12\/domingo-40_2025-12-25_15-17-34.webp.webp?fit=1200%2C675&ssl=1&resize=525%2C300 1.5x, https:\/\/i0.wp.com\/noticiasribeiraopreto.com.br\/wp-content\/uploads\/2025\/12\/domingo-40_2025-12-25_15-17-34.webp.webp?fit=1200%2C675&ssl=1&resize=700%2C400 2x, https:\/\/i0.wp.com\/noticiasribeiraopreto.com.br\/wp-content\/uploads\/2025\/12\/domingo-40_2025-12-25_15-17-34.webp.webp?fit=1200%2C675&ssl=1&resize=1050%2C600 3x"},"classes":[]},{"id":60888,"url":"https:\/\/noticiasribeiraopreto.com.br\/index.php\/2024\/11\/28\/moana-2-e-a-contadora-de-filmes-estreiam-nos-cinemas-de-ribeirao-preto\/","url_meta":{"origin":80486,"position":1},"title":"\u2018Moana 2\u2019 e \u2018A Contadora de Filmes\u2019 estreiam nos cinemas de Ribeir\u00e3o Preto","author":"noticiasribeiraopreto.com.br","date":"28 de November de 2024","format":false,"excerpt":"Esta quinta-feira (28) \u00e9 marcada pelo lan\u00e7amento de dois filmes nos cinemas de Ribeir\u00e3o Preto. Uma das grandes apostas do ano \u201cMoana 2\u201d e o longa chileno \u201cA Contadora de Filmes\u201d entram em cartaz. Ribeir\u00e3o Preto conta com quatro cinemas, o UCI localizado no Ribeir\u00e3o Shopping, o Cinep\u00f3lis nos shoppings\u2026","rel":"","context":"In &quot;Not\u00edcias de Ribeir\u00e3o Preto-SP e Regi\u00e3o&quot;","block_context":{"text":"Not\u00edcias de Ribeir\u00e3o Preto-SP e Regi\u00e3o","link":"https:\/\/noticiasribeiraopreto.com.br\/index.php\/category\/noticias-de-ribeirao-preto-sp-e-regiao-ismael-colosi\/"},"img":{"alt_text":"","src":"https:\/\/i0.wp.com\/noticiasribeiraopreto.com.br\/wp-content\/uploads\/2024\/11\/novo-poster-moana_2024-11-28_12-14-29.webp.webp?fit=1200%2C675&ssl=1&resize=350%2C200","width":350,"height":200,"srcset":"https:\/\/i0.wp.com\/noticiasribeiraopreto.com.br\/wp-content\/uploads\/2024\/11\/novo-poster-moana_2024-11-28_12-14-29.webp.webp?fit=1200%2C675&ssl=1&resize=350%2C200 1x, https:\/\/i0.wp.com\/noticiasribeiraopreto.com.br\/wp-content\/uploads\/2024\/11\/novo-poster-moana_2024-11-28_12-14-29.webp.webp?fit=1200%2C675&ssl=1&resize=525%2C300 1.5x, https:\/\/i0.wp.com\/noticiasribeiraopreto.com.br\/wp-content\/uploads\/2024\/11\/novo-poster-moana_2024-11-28_12-14-29.webp.webp?fit=1200%2C675&ssl=1&resize=700%2C400 2x, https:\/\/i0.wp.com\/noticiasribeiraopreto.com.br\/wp-content\/uploads\/2024\/11\/novo-poster-moana_2024-11-28_12-14-29.webp.webp?fit=1200%2C675&ssl=1&resize=1050%2C600 3x"},"classes":[]},{"id":62741,"url":"https:\/\/noticiasribeiraopreto.com.br\/index.php\/2025\/01\/23\/paddington-e-conclave-estreiam-nos-cinemas-de-ribeirao-preto-nesta-quinta-feira\/","url_meta":{"origin":80486,"position":2},"title":"\u2018Paddington\u2019 e \u2018Conclave\u2019 estreiam nos cinemas de Ribeir\u00e3o Preto nesta quinta-feira","author":"noticiasribeiraopreto.com.br","date":"23 de January de 2025","format":false,"excerpt":"Hoje \u00e9 dia de estreia nos cinemas de Ribeir\u00e3o Preto. Entre os filmes que entram na programa\u00e7\u00e3o est\u00e3o a aventura \u201cPaddington \u2013 Uma Aventura na Floresta\u201d e \u201cConclave\u201c, que mostra os bastidores da escolha de um novo papa. Ribeir\u00e3o Preto conta com quatro cinemas, o UCI localizado no Ribeir\u00e3o Shopping,\u2026","rel":"","context":"In &quot;Not\u00edcias de Ribeir\u00e3o Preto-SP e Regi\u00e3o&quot;","block_context":{"text":"Not\u00edcias de Ribeir\u00e3o Preto-SP e Regi\u00e3o","link":"https:\/\/noticiasribeiraopreto.com.br\/index.php\/category\/noticias-de-ribeirao-preto-sp-e-regiao-ismael-colosi\/"},"img":{"alt_text":"","src":"https:\/\/i0.wp.com\/noticiasribeiraopreto.com.br\/wp-content\/uploads\/2025\/01\/paddington-3_kcg4PmW_2025-01-23_12-06-34_png_2025-01-23_12-06-34.webp.webp?fit=570%2C257&ssl=1&resize=350%2C200","width":350,"height":200,"srcset":"https:\/\/i0.wp.com\/noticiasribeiraopreto.com.br\/wp-content\/uploads\/2025\/01\/paddington-3_kcg4PmW_2025-01-23_12-06-34_png_2025-01-23_12-06-34.webp.webp?fit=570%2C257&ssl=1&resize=350%2C200 1x, https:\/\/i0.wp.com\/noticiasribeiraopreto.com.br\/wp-content\/uploads\/2025\/01\/paddington-3_kcg4PmW_2025-01-23_12-06-34_png_2025-01-23_12-06-34.webp.webp?fit=570%2C257&ssl=1&resize=525%2C300 1.5x"},"classes":[]},{"id":77771,"url":"https:\/\/noticiasribeiraopreto.com.br\/index.php\/2025\/09\/25\/filme-com-dicaprio-e-animacoes-chegam-aos-cinemas-de-ribeirao-preto\/","url_meta":{"origin":80486,"position":3},"title":"Filme com DiCaprio e anima\u00e7\u00f5es chegam aos cinemas de Ribeir\u00e3o Preto","author":"noticiasribeiraopreto.com.br","date":"25 de September de 2025","format":false,"excerpt":"Os cinemas de Ribeir\u00e3o Preto recebem quatro novos t\u00edtulos na programa\u00e7\u00e3o desta quinta-feira (25). O destaque \u00e9 o filme \u201cUma Batalha Ap\u00f3s a Outra\u201c, estrelado por Leonardo DiCaprio. Filmes de anima\u00e7\u00e3o para curtir com a fam\u00edlia tamb\u00e9m entram em cartaz esta semana. Ribeir\u00e3o Preto conta com quatro cinemas, o UCI\u2026","rel":"","context":"In &quot;Not\u00edcias de Ribeir\u00e3o Preto-SP e Regi\u00e3o&quot;","block_context":{"text":"Not\u00edcias de Ribeir\u00e3o Preto-SP e Regi\u00e3o","link":"https:\/\/noticiasribeiraopreto.com.br\/index.php\/category\/noticias-de-ribeirao-preto-sp-e-regiao-ismael-colosi\/"},"img":{"alt_text":"","src":"https:\/\/i0.wp.com\/noticiasribeiraopreto.com.br\/wp-content\/uploads\/2025\/09\/uma-batalha-apos-a-outra-leonardo-dicaprio_2025-09-25_14-33-14.webp.webp?fit=570%2C231&ssl=1&resize=350%2C200","width":350,"height":200,"srcset":"https:\/\/i0.wp.com\/noticiasribeiraopreto.com.br\/wp-content\/uploads\/2025\/09\/uma-batalha-apos-a-outra-leonardo-dicaprio_2025-09-25_14-33-14.webp.webp?fit=570%2C231&ssl=1&resize=350%2C200 1x, https:\/\/i0.wp.com\/noticiasribeiraopreto.com.br\/wp-content\/uploads\/2025\/09\/uma-batalha-apos-a-outra-leonardo-dicaprio_2025-09-25_14-33-14.webp.webp?fit=570%2C231&ssl=1&resize=525%2C300 1.5x"},"classes":[]},{"id":62137,"url":"https:\/\/noticiasribeiraopreto.com.br\/index.php\/2025\/01\/04\/ferias-confira-opcoes-de-filmes-em-cartaz-nos-cinemas-de-ribeirao-preto\/","url_meta":{"origin":80486,"position":4},"title":"F\u00e9rias: Confira op\u00e7\u00f5es de filmes em cartaz nos cinemas de Ribeir\u00e3o Preto","author":"noticiasribeiraopreto.com.br","date":"4 de January de 2025","format":false,"excerpt":"Durante as f\u00e9rias, os cinemas de Ribeir\u00e3o Preto oferecem uma programa\u00e7\u00e3o diversificada para todos os gostos. Al\u00e9m disso, as recentes estreias nos servi\u00e7os de streaming tamb\u00e9m garantem boas op\u00e7\u00f5es de longas e s\u00e9ries. Cinemas Ribeir\u00e3o Preto conta com quatro cinemas espalhados pela cidade, sendo o Cinemark, no Novo Shopping, duas\u2026","rel":"","context":"In &quot;Not\u00edcias de Ribeir\u00e3o Preto-SP e Regi\u00e3o&quot;","block_context":{"text":"Not\u00edcias de Ribeir\u00e3o Preto-SP e Regi\u00e3o","link":"https:\/\/noticiasribeiraopreto.com.br\/index.php\/category\/noticias-de-ribeirao-preto-sp-e-regiao-ismael-colosi\/"},"img":{"alt_text":"","src":"https:\/\/i0.wp.com\/noticiasribeiraopreto.com.br\/wp-content\/uploads\/2024\/09\/pexels-tima-miroshnichenko-7991158_2024-09-09_14-25-55.webp.webp?fit=888%2C592&ssl=1&resize=350%2C200","width":350,"height":200,"srcset":"https:\/\/i0.wp.com\/noticiasribeiraopreto.com.br\/wp-content\/uploads\/2024\/09\/pexels-tima-miroshnichenko-7991158_2024-09-09_14-25-55.webp.webp?fit=888%2C592&ssl=1&resize=350%2C200 1x, https:\/\/i0.wp.com\/noticiasribeiraopreto.com.br\/wp-content\/uploads\/2024\/09\/pexels-tima-miroshnichenko-7991158_2024-09-09_14-25-55.webp.webp?fit=888%2C592&ssl=1&resize=525%2C300 1.5x, https:\/\/i0.wp.com\/noticiasribeiraopreto.com.br\/wp-content\/uploads\/2024\/09\/pexels-tima-miroshnichenko-7991158_2024-09-09_14-25-55.webp.webp?fit=888%2C592&ssl=1&resize=700%2C400 2x"},"classes":[]},{"id":70735,"url":"https:\/\/noticiasribeiraopreto.com.br\/index.php\/2025\/05\/29\/quatro-novos-lancamentos-chegam-aos-cinemas-de-ribeirao-preto-nesta-quinta-feira\/","url_meta":{"origin":80486,"position":5},"title":"Quatro novos lan\u00e7amentos chegam aos cinemas de Ribeir\u00e3o Preto nesta quinta-feira","author":"noticiasribeiraopreto.com.br","date":"29 de May de 2025","format":false,"excerpt":"Encerrando o m\u00eas de maio, a programa\u00e7\u00e3o dos cinemas de Ribeir\u00e3o Preto recebe nesta quinta-feira (29) quatro novos lan\u00e7amentos. O destaque da semana \u00e9 o filme de a\u00e7\u00e3o e suspense \u201cConfinado\u201d, estrelado por Bill Skarsg\u00e5rd. Ribeir\u00e3o Preto conta com quatro cinemas, o\u00a0UCI\u00a0localizado no Ribeir\u00e3o Shopping, o\u00a0Cinep\u00f3lis\u00a0nos shoppings Santa \u00darsula e\u2026","rel":"","context":"In &quot;Not\u00edcias de Ribeir\u00e3o Preto-SP e Regi\u00e3o&quot;","block_context":{"text":"Not\u00edcias de Ribeir\u00e3o Preto-SP e Regi\u00e3o","link":"https:\/\/noticiasribeiraopreto.com.br\/index.php\/category\/noticias-de-ribeirao-preto-sp-e-regiao-ismael-colosi\/"},"img":{"alt_text":"","src":"https:\/\/i0.wp.com\/noticiasribeiraopreto.com.br\/wp-content\/uploads\/2025\/05\/Bill-Skarsgard_2025-05-29_12-20-07.webp.webp?fit=1200%2C675&ssl=1&resize=350%2C200","width":350,"height":200,"srcset":"https:\/\/i0.wp.com\/noticiasribeiraopreto.com.br\/wp-content\/uploads\/2025\/05\/Bill-Skarsgard_2025-05-29_12-20-07.webp.webp?fit=1200%2C675&ssl=1&resize=350%2C200 1x, https:\/\/i0.wp.com\/noticiasribeiraopreto.com.br\/wp-content\/uploads\/2025\/05\/Bill-Skarsgard_2025-05-29_12-20-07.webp.webp?fit=1200%2C675&ssl=1&resize=525%2C300 1.5x, https:\/\/i0.wp.com\/noticiasribeiraopreto.com.br\/wp-content\/uploads\/2025\/05\/Bill-Skarsgard_2025-05-29_12-20-07.webp.webp?fit=1200%2C675&ssl=1&resize=700%2C400 2x, https:\/\/i0.wp.com\/noticiasribeiraopreto.com.br\/wp-content\/uploads\/2025\/05\/Bill-Skarsgard_2025-05-29_12-20-07.webp.webp?fit=1200%2C675&ssl=1&resize=1050%2C600 3x"},"classes":[]}],"jetpack_sharing_enabled":true,"jetpack_shortlink":"https:\/\/wp.me\/peQAOb-kWa","_links":{"self":[{"href":"https:\/\/noticiasribeiraopreto.com.br\/index.php\/wp-json\/wp\/v2\/posts\/80486","targetHints":{"allow":["GET"]}}],"collection":[{"href":"https:\/\/noticiasribeiraopreto.com.br\/index.php\/wp-json\/wp\/v2\/posts"}],"about":[{"href":"https:\/\/noticiasribeiraopreto.com.br\/index.php\/wp-json\/wp\/v2\/types\/post"}],"author":[{"embeddable":true,"href":"https:\/\/noticiasribeiraopreto.com.br\/index.php\/wp-json\/wp\/v2\/users\/1"}],"replies":[{"embeddable":true,"href":"https:\/\/noticiasribeiraopreto.com.br\/index.php\/wp-json\/wp\/v2\/comments?post=80486"}],"version-history":[{"count":0,"href":"https:\/\/noticiasribeiraopreto.com.br\/index.php\/wp-json\/wp\/v2\/posts\/80486\/revisions"}],"wp:featuredmedia":[{"embeddable":true,"href":"https:\/\/noticiasribeiraopreto.com.br\/index.php\/wp-json\/wp\/v2\/media\/80488"}],"wp:attachment":[{"href":"https:\/\/noticiasribeiraopreto.com.br\/index.php\/wp-json\/wp\/v2\/media?parent=80486"}],"wp:term":[{"taxonomy":"category","embeddable":true,"href":"https:\/\/noticiasribeiraopreto.com.br\/index.php\/wp-json\/wp\/v2\/categories?post=80486"},{"taxonomy":"post_tag","embeddable":true,"href":"https:\/\/noticiasribeiraopreto.com.br\/index.php\/wp-json\/wp\/v2\/tags?post=80486"}],"curies":[{"name":"wp","href":"https:\/\/api.w.org\/{rel}","templated":true}]}}