{"id":80489,"date":"2025-12-04T09:56:47","date_gmt":"2025-12-04T12:56:47","guid":{"rendered":"https:\/\/noticiasribeiraopreto.com.br\/index.php\/2025\/12\/04\/cafeteria-colombiana-e-centro-de-eventos-veja-o-que-chega-nos-proximos-meses-aos-shoppings-de-ribeirao\/"},"modified":"2025-12-04T09:56:47","modified_gmt":"2025-12-04T12:56:47","slug":"cafeteria-colombiana-e-centro-de-eventos-veja-o-que-chega-nos-proximos-meses-aos-shoppings-de-ribeirao","status":"publish","type":"post","link":"https:\/\/noticiasribeiraopreto.com.br\/index.php\/2025\/12\/04\/cafeteria-colombiana-e-centro-de-eventos-veja-o-que-chega-nos-proximos-meses-aos-shoppings-de-ribeirao\/","title":{"rendered":"Cafeteria colombiana e centro de eventos: veja o que chega nos pr\u00f3ximos meses aos shoppings de Ribeir\u00e3o"},"content":{"rendered":"<div class='code-block code-block-1' style='margin: 8px 0 8px auto; text-align: right; display: block; clear: both;'>\n<p><a href=\"https:\/\/wa.link\/vpicfd\"><img data-recalc-dims=\"1\" class=\"wp-image-4922\" style=\"aspect-ratio: 2.0253164556962027; width: 561px; height: auto;\" src=\"https:\/\/i0.wp.com\/ismaelcolosi.com.br\/wp-content\/uploads\/2023\/11\/grupo-de-empregos-whatsapp-e-facebook-ismael-colosi-vagas.jpg?ssl=1\" alt=\"\" \/><\/a><\/p>\n<!-- \/wp:image -->\n<\/div>\n<p> <br \/>\n<\/p>\n<div>\n<p>Os c<strong>entros comerciais de Ribeir\u00e3o Preto e regi\u00e3o<\/strong> se preparam para receber <strong>novas lojas <\/strong>nos pr\u00f3ximos meses. A expectativa \u00e9 que esses novos empreendimentos fortale\u00e7am ainda mais o com\u00e9rcio local e a<strong>mpliem as op\u00e7\u00f5es oferecidas aos consumidores<\/strong>.<\/p>\n<p>Entre os destaques est\u00e3o<strong> marcas internacionais<\/strong>, <strong>joalherias<\/strong>, al\u00e9m de novas op\u00e7\u00f5es gastron\u00f4micas que incluem um <strong>bar tradicional da cidade<\/strong>, uma <strong>cafeteria colombiana<\/strong>, uma <strong>loja de chocolates saud\u00e1veis<\/strong> e um <strong>ponto especializado em mousses e tortas<\/strong>.<\/p>\n<h2 class=\"wp-block-heading\"><strong>Confira as novidades para os pr\u00f3ximos meses<\/strong><\/h2>\n<h3 class=\"wp-block-heading\"><strong>Ribeir\u00e3o Shopping<\/strong><\/h3>\n<p>Entre os destaques do <strong>Ribeir\u00e3o Shopping<\/strong> est\u00e1 a chegada da <strong>cafeteria colombiana Juan Valdez<\/strong>. A inaugura\u00e7\u00e3o da <mark style=\"background-color:#fcb900\" class=\"has-inline-color\">primeira unidade do pa\u00eds<\/mark> aconteceu nesta <strong>quinta-feira (4)<\/strong>. A nova loja ficar\u00e1 pr\u00f3xima ao elevador panor\u00e2mico do empreendimento.<\/p>\n<p>Al\u00e9m da novidade, o <strong>restaurante japon\u00eas Mirai<\/strong> passar\u00e1 por uma realoca\u00e7\u00e3o interna e ganhar\u00e1 um novo espa\u00e7o no centro comercial. De acordo com o empreendimento, seu mix foi ampliado ao longo de 2025 com marcas nacionais e internacionais.<\/p>\n<p>Entre as novidades que chegaram ao shopping neste ano est\u00e3o as lojas Farm Rio; Farm Rio Etc.; KIKO Milano; PatBo; Dudalina; Approve; Shoulder; Dafyne; Daiso; Vanessa Papelaria; Ambar Infinity; Pitanga Rosa; Jack Sir; Lilac; Baby Maternidade Reborn; Bable Pet; Berry\u2019s; Dengo Chocolates; e Haoma. Lojas como L\u2019Occitane au Br\u00e9sil, Drill e Me. Linda tamb\u00e9m passaram a operar em novos espa\u00e7os. <\/p>\n<div class=\"wp-block-image\">\n<figure class=\"aligncenter size-full is-resized\"><img data-recalc-dims=\"1\" decoding=\"async\" src=\"https:\/\/i0.wp.com\/cdn.media-acidadeon.com.br\/ribeiraopreto\/wp-content\/uploads\/sites\/3\/2023\/09\/ribeirao_shopping_1024x576_06052021101240.jpg?ssl=1\" alt=\"Ribeir\u00e3o Shopping est\u00e1 localizado na zona Sul de Ribeir\u00e3o - Foto: Divulga\u00e7\u00e3o.\" class=\"wp-image-48967\" style=\"width:654px\" title=\"Cafeteria colombiana e centro de eventos: veja o que chega nos pr\u00f3ximos meses aos shoppings de Ribeir\u00e3o 1\"\/><figcaption class=\"wp-element-caption\">Ribeir\u00e3o Shopping est\u00e1 localizado na zona Sul de Ribeir\u00e3o \u2013 Foto: Divulga\u00e7\u00e3o.<\/figcaption><\/figure>\n<\/div>\n<h3 class=\"wp-block-heading\"><strong>Shopping Santa \u00darsula<\/strong><\/h3>\n<p>Tradicional em Ribeir\u00e3o Preto, o <strong>Bar do Nelson <\/strong>inaugura uma nova unidade no <strong>Shopping Santa \u00darsula<\/strong> em 2026. De acordo com o empreendimento, ao longo de 2025 foram <strong>dez novas opera\u00e7\u00f5es<\/strong>.<\/p>\n<p>Entre as novidades do empreendimento est\u00e3o o 0 Minutos Escape Game, no segmento de entretenimento; o Seo Pitanga Bar Grill e o Bar Maltesa, na \u00e1rea de gastronomia; a Yolo, especializada em \u00f3culos; a Mini People, de roupas infantis.<\/p>\n<p>Al\u00e9m disso est\u00e3o as lojas HF Boutique de Bal\u00f5es, voltada para bal\u00f5es e decora\u00e7\u00e3o; a World Tennis, do setor de cal\u00e7ados; a Cacau Show Super Store, no segmento de gastronomia; al\u00e9m da Galeria ADDA, que ganhou nova extens\u00e3o, e da VIVO, que passou por expans\u00e3o e mudan\u00e7a para o piso t\u00e9rreo.<\/p>\n<div class=\"wp-block-image\">\n<figure class=\"aligncenter size-large is-resized\"><img data-recalc-dims=\"1\" fetchpriority=\"high\" decoding=\"async\" width=\"1024\" height=\"683\" src=\"https:\/\/i0.wp.com\/cdn.media-acidadeon.com.br\/ribeiraopreto\/wp-content\/uploads\/sites\/3\/2025\/12\/45-IMG_2492-1_2025-12-03_22-38-02-1024x683.webp?resize=1024%2C683&#038;ssl=1\" alt=\"Shopping Santa \u00darsula em Ribeir\u00e3o Preto - Foto: divulga\u00e7\u00e3o.\" class=\"wp-image-138184\" style=\"width:654px\" title=\"Cafeteria colombiana e centro de eventos: veja o que chega nos pr\u00f3ximos meses aos shoppings de Ribeir\u00e3o 2\" srcset=\"https:\/\/cdn.media-acidadeon.com.br\/ribeiraopreto\/wp-content\/uploads\/sites\/3\/2025\/12\/45-IMG_2492-1_2025-12-03_22-38-02-1024x683.webp 1024w, https:\/\/cdn.media-acidadeon.com.br\/ribeiraopreto\/wp-content\/uploads\/sites\/3\/2025\/12\/45-IMG_2492-1_2025-12-03_22-38-02-300x200.webp 300w, https:\/\/cdn.media-acidadeon.com.br\/ribeiraopreto\/wp-content\/uploads\/sites\/3\/2025\/12\/45-IMG_2492-1_2025-12-03_22-38-02-768x512.webp 768w, https:\/\/cdn.media-acidadeon.com.br\/ribeiraopreto\/wp-content\/uploads\/sites\/3\/2025\/12\/45-IMG_2492-1_2025-12-03_22-38-02-696x464.webp 696w, https:\/\/cdn.media-acidadeon.com.br\/ribeiraopreto\/wp-content\/uploads\/sites\/3\/2025\/12\/45-IMG_2492-1_2025-12-03_22-38-02-1068x712.webp 1068w, https:\/\/cdn.media-acidadeon.com.br\/ribeiraopreto\/wp-content\/uploads\/sites\/3\/2025\/12\/45-IMG_2492-1_2025-12-03_22-38-02.webp 1200w\" sizes=\"(max-width: 1024px) 100vw, 1024px\"\/><figcaption class=\"wp-element-caption\">Shopping Santa \u00darsula em Ribeir\u00e3o Preto \u2013 Foto: divulga\u00e7\u00e3o.<\/figcaption><\/figure>\n<\/div>\n<h3 class=\"wp-block-heading\"><strong>Shopping Iguatemi<\/strong><\/h3>\n<p>O <strong>shopping Iguatemi <\/strong>vai receber sete novas lojas nos pr\u00f3ximos meses. Entre elas est\u00e3o a <strong>Lenny Niemeyer<\/strong>, prevista para dezembro de 2025; a <strong>Life by Vivara<\/strong>, tamb\u00e9m em dezembro de 2025, no Piso Superior; e a <strong>Haoma<\/strong>, que abrir\u00e1 no mesmo m\u00eas, em frente \u00e0 Track&amp;Field.<\/p>\n<p>J\u00e1 a <strong>Hering <\/strong>tem inaugura\u00e7\u00e3o programada para janeiro de 2026, enquanto a <strong>Sunglass Hut <\/strong>e a<strong> Kindin<\/strong> devem abrir em fevereiro de 2026. Ao longo deste ano, o empreendimento tamb\u00e9m ampliou seu mix e inaugurou 13 lojas.<\/p>\n<p>Entre as aberturas est\u00e3o Zeiss; Una Gastronomia; Lupo (reinaugura\u00e7\u00e3o); Carter\u2019s; Caba\u00f1a Argentina; Lauzi; Maria Fil\u00f3; Escova Express; T\u00e2nia Bulh\u00f5es; Piazza (sapatos); Giovanna Cais; LUXE Haute Perfumaria; e Granado.<\/p>\n<div class=\"wp-block-image\">\n<figure class=\"aligncenter size-large is-resized\"><img data-recalc-dims=\"1\" loading=\"lazy\" decoding=\"async\" width=\"1024\" height=\"683\" src=\"https:\/\/i0.wp.com\/cdn.media-acidadeon.com.br\/ribeiraopreto\/wp-content\/uploads\/sites\/3\/2024\/02\/iguatemi-ribeirao-1024x683.jpg?resize=1024%2C683&#038;ssl=1\" alt=\"Shopping Iguatemi em Ribeir\u00e3o Preto -Foto: Divulga\u00e7\u00e3o.\" class=\"wp-image-69586\" style=\"width:654px\" title=\"Cafeteria colombiana e centro de eventos: veja o que chega nos pr\u00f3ximos meses aos shoppings de Ribeir\u00e3o 3\" srcset=\"https:\/\/cdn.media-acidadeon.com.br\/ribeiraopreto\/wp-content\/uploads\/sites\/3\/2024\/02\/iguatemi-ribeirao-1024x683.jpg 1024w, https:\/\/cdn.media-acidadeon.com.br\/ribeiraopreto\/wp-content\/uploads\/sites\/3\/2024\/02\/iguatemi-ribeirao-300x200.jpg 300w, https:\/\/cdn.media-acidadeon.com.br\/ribeiraopreto\/wp-content\/uploads\/sites\/3\/2024\/02\/iguatemi-ribeirao-768x512.jpg 768w, https:\/\/cdn.media-acidadeon.com.br\/ribeiraopreto\/wp-content\/uploads\/sites\/3\/2024\/02\/iguatemi-ribeirao-696x464.jpg 696w, https:\/\/cdn.media-acidadeon.com.br\/ribeiraopreto\/wp-content\/uploads\/sites\/3\/2024\/02\/iguatemi-ribeirao-1068x712.jpg 1068w, https:\/\/cdn.media-acidadeon.com.br\/ribeiraopreto\/wp-content\/uploads\/sites\/3\/2024\/02\/iguatemi-ribeirao.jpg 1200w\" sizes=\"auto, (max-width: 1024px) 100vw, 1024px\"\/><figcaption class=\"wp-element-caption\">Shopping Iguatemi em Ribeir\u00e3o Preto -Foto: Divulga\u00e7\u00e3o.<\/figcaption><\/figure>\n<\/div>\n<h3 class=\"wp-block-heading\"><strong>Novo Shopping<\/strong><\/h3>\n<p>O Novo Shopping tamb\u00e9m se prepara para receber novos empreendimentos que devem ampliar ainda mais seu mix de lojas e op\u00e7\u00f5es de lazer.<\/p>\n<p>Entre as novidades previstas para o primeiro semestre de 2026, est\u00e3o a chegada da loja de departamentos <strong>Caedu<\/strong>, uma nova <strong>loja-conceito da Ri Happy<\/strong>, al\u00e9m da <strong>amplia\u00e7\u00e3o do tradicional Boliche do Goril\u00e3o<\/strong>, que passar\u00e1 a ocupar um espa\u00e7o totalmente novo e com o dobro do tamanho atual. O <strong>Restaurante da Fazenda<\/strong> tamb\u00e9m ser\u00e1 ampliado, oferecendo mais conforto e capacidade para atender ao p\u00fablico.<\/p>\n<p>De acordo com a assessoria do shopping, o empreendimento ainda ganhar\u00e1 dois novos importantes espa\u00e7os: um <strong>Centro de Eventos<\/strong>, destinado a receber feiras, palestras e atra\u00e7\u00f5es diversas, e uma <strong>\u00e1rea de coworking<\/strong>, pensada para quem busca ambientes modernos e funcionais para trabalhar.<\/p>\n<p>Entre os demais empreendimentos confirmados est\u00e3o as lojas <strong>Pedcell<\/strong>, <strong>Tokio Machine<\/strong> e o quiosque <strong>Bonde Nata<\/strong>, especializado em past\u00e9is de Bel\u00e9m. <mark style=\"background-color:#fcb900\" class=\"has-inline-color\">Vale destacar que a pra\u00e7a de alimenta\u00e7\u00e3o est\u00e1 passando por uma ampla reforma.<\/mark><\/p>\n<div class=\"wp-block-image\">\n<figure class=\"aligncenter size-large is-resized\"><img data-recalc-dims=\"1\" loading=\"lazy\" decoding=\"async\" width=\"1024\" height=\"684\" src=\"https:\/\/i0.wp.com\/cdn.media-acidadeon.com.br\/ribeiraopreto\/wp-content\/uploads\/sites\/3\/2025\/08\/novo-shopping_2025-08-19_13-34-40-1024x684.webp?resize=1024%2C684&#038;ssl=1\" alt=\"Novo Shopping fica na zona Leste de Ribeir\u00e3o Preto - Foto: Divulga\u00e7\u00e3o\" class=\"wp-image-126279\" style=\"width:654px\" title=\"Cafeteria colombiana e centro de eventos: veja o que chega nos pr\u00f3ximos meses aos shoppings de Ribeir\u00e3o 4\" srcset=\"https:\/\/cdn.media-acidadeon.com.br\/ribeiraopreto\/wp-content\/uploads\/sites\/3\/2025\/08\/novo-shopping_2025-08-19_13-34-40-1024x684.webp 1024w, https:\/\/cdn.media-acidadeon.com.br\/ribeiraopreto\/wp-content\/uploads\/sites\/3\/2025\/08\/novo-shopping_2025-08-19_13-34-40-300x200.webp 300w, https:\/\/cdn.media-acidadeon.com.br\/ribeiraopreto\/wp-content\/uploads\/sites\/3\/2025\/08\/novo-shopping_2025-08-19_13-34-40-768x513.webp 768w, https:\/\/cdn.media-acidadeon.com.br\/ribeiraopreto\/wp-content\/uploads\/sites\/3\/2025\/08\/novo-shopping_2025-08-19_13-34-40-696x465.webp 696w, https:\/\/cdn.media-acidadeon.com.br\/ribeiraopreto\/wp-content\/uploads\/sites\/3\/2025\/08\/novo-shopping_2025-08-19_13-34-40-1068x713.webp 1068w, https:\/\/cdn.media-acidadeon.com.br\/ribeiraopreto\/wp-content\/uploads\/sites\/3\/2025\/08\/novo-shopping_2025-08-19_13-34-40.webp 1200w\" sizes=\"auto, (max-width: 1024px) 100vw, 1024px\"\/><figcaption class=\"wp-element-caption\">Novo Shopping fica na zona Leste de Ribeir\u00e3o Preto \u2013 Foto: Divulga\u00e7\u00e3o<\/figcaption><\/figure>\n<\/div>\n<h3 class=\"wp-block-heading\"><strong>Santa Maria Outlet<\/strong><\/h3>\n<p>O <strong>Santa Maria Outlet<\/strong>, localizada \u00e0s margens da rodovia Anhanguera (SP-330), em <strong>Cravinhos<\/strong>, prev\u00ea a inaugura\u00e7\u00e3o de <strong>quatro novas lojas<\/strong> no empreendimento entre dezembro de 2025 e fevereiro de 2026. Entre as novidades est\u00e3o <strong>Calvin Klein<\/strong>; <strong>New Balance<\/strong>; <strong>Fila<\/strong>; e <strong>Malwe<\/strong>.<\/p>\n<p>Inaugurado em novembro de 2024, o local se consolidou como um importante centro de compras e, ao longo de 2025, refor\u00e7ou seu mix com diversas marcas, incluindo Nike, Puma, Tommy Hilfiger, Boss e McDonald\u2019s.<\/p>\n<div class=\"wp-block-image\">\n<figure class=\"aligncenter size-large is-resized\"><img data-recalc-dims=\"1\" loading=\"lazy\" decoding=\"async\" width=\"1024\" height=\"576\" src=\"https:\/\/i0.wp.com\/cdn.media-acidadeon.com.br\/ribeiraopreto\/wp-content\/uploads\/sites\/3\/2024\/11\/Copia-de-Copia-de-Copia-de-TAMANHO-EXATO-PARA-FOTOS-NO-SISTEMA-NOVO-2024-11-20T151024.414_2024-11-20_18-10-39_png_2024-11-20_18-10-39-1024x576.webp?resize=1024%2C576&#038;ssl=1\" alt=\"Santa Maria Outlet, em Cravinhos - Foto: Divulga\u00e7\u00e3o\" class=\"wp-image-100263\" style=\"width:654px\" title=\"Cafeteria colombiana e centro de eventos: veja o que chega nos pr\u00f3ximos meses aos shoppings de Ribeir\u00e3o 5\" srcset=\"https:\/\/cdn.media-acidadeon.com.br\/ribeiraopreto\/wp-content\/uploads\/sites\/3\/2024\/11\/Copia-de-Copia-de-Copia-de-TAMANHO-EXATO-PARA-FOTOS-NO-SISTEMA-NOVO-2024-11-20T151024.414_2024-11-20_18-10-39_png_2024-11-20_18-10-39-1024x576.webp 1024w, https:\/\/cdn.media-acidadeon.com.br\/ribeiraopreto\/wp-content\/uploads\/sites\/3\/2024\/11\/Copia-de-Copia-de-Copia-de-TAMANHO-EXATO-PARA-FOTOS-NO-SISTEMA-NOVO-2024-11-20T151024.414_2024-11-20_18-10-39_png_2024-11-20_18-10-39-300x169.webp 300w, https:\/\/cdn.media-acidadeon.com.br\/ribeiraopreto\/wp-content\/uploads\/sites\/3\/2024\/11\/Copia-de-Copia-de-Copia-de-TAMANHO-EXATO-PARA-FOTOS-NO-SISTEMA-NOVO-2024-11-20T151024.414_2024-11-20_18-10-39_png_2024-11-20_18-10-39-768x432.webp 768w, https:\/\/cdn.media-acidadeon.com.br\/ribeiraopreto\/wp-content\/uploads\/sites\/3\/2024\/11\/Copia-de-Copia-de-Copia-de-TAMANHO-EXATO-PARA-FOTOS-NO-SISTEMA-NOVO-2024-11-20T151024.414_2024-11-20_18-10-39_png_2024-11-20_18-10-39-696x392.webp 696w, https:\/\/cdn.media-acidadeon.com.br\/ribeiraopreto\/wp-content\/uploads\/sites\/3\/2024\/11\/Copia-de-Copia-de-Copia-de-TAMANHO-EXATO-PARA-FOTOS-NO-SISTEMA-NOVO-2024-11-20T151024.414_2024-11-20_18-10-39_png_2024-11-20_18-10-39-1068x601.webp 1068w, https:\/\/cdn.media-acidadeon.com.br\/ribeiraopreto\/wp-content\/uploads\/sites\/3\/2024\/11\/Copia-de-Copia-de-Copia-de-TAMANHO-EXATO-PARA-FOTOS-NO-SISTEMA-NOVO-2024-11-20T151024.414_2024-11-20_18-10-39_png_2024-11-20_18-10-39.webp 1200w\" sizes=\"auto, (max-width: 1024px) 100vw, 1024px\"\/><figcaption class=\"wp-element-caption\">Santa Maria Outlet, em Cravinhos \u2013 Foto: Divulga\u00e7\u00e3o<\/figcaption><\/figure>\n<\/div>\n<hr class=\"wp-block-separator has-alpha-channel-opacity\"\/>\n<p>SAIBA MAIS<\/p>\n<p>Apartamento de luxo pode ser arrematado no leil\u00e3o da Caixa; Veja como participar<\/p>\n<h2 class=\"wp-block-heading\"><strong>FIQUE ON<\/strong><\/h2>\n<p>Fique ligado em tudo que acontece em Ribeir\u00e3o Preto e regi\u00e3o. Siga os perfis do\u00a0<strong>acidade on\u00a0<\/strong>no\u00a0<a href=\"https:\/\/www.instagram.com\/acidadeonribeirao\" target=\"_blank\" rel=\"noreferrer noopener\">Instagram\u00a0<\/a>e no\u00a0<a href=\"https:\/\/www.facebook.com\/acidadeonribeirao\/\" target=\"_blank\" rel=\"noreferrer noopener\">Facebook<\/a>.<\/p>\n<p>Receba not\u00edcias do\u00a0<strong>acidade on<\/strong>\u00a0no WhatsApp. Para entrar no grupo,\u00a0basta\u00a0<a href=\"https:\/\/chat.whatsapp.com\/I4nieTEMKlf50pJ28aMemC?mode=ac_t\" target=\"_blank\" rel=\"noreferrer noopener\">clicar aqui<\/a>. Ou, acesse o nosso\u00a0Canal<a href=\"https:\/\/whatsapp.com\/channel\/0029Vb6IQl1JENyAeS57fk2p\" target=\"_blank\" rel=\"noreferrer noopener\">\u00a0clicando aqui<\/a>.<\/p>\n<p>Fa\u00e7a uma den\u00fancia ou sugira uma reportagem sobre Ribeir\u00e3o Preto e regi\u00e3o pelo WhatsApp: 16 99117 7802.<\/p>\n<p>VEJA TAMB\u00c9M<\/p>\n<p>Quando lan\u00e7a o Volume 2 de \u2018Stranger Things\u2019?<\/p>\n<p><!-- AI CONTENT END 1 -->\n<\/div>\n<p><script async src=\"\/\/www.instagram.com\/embed.js\"><\/script><br \/>\n<br \/><br \/>\n<br \/><a href=\"https:\/\/www.acidadeon.com\/ribeiraopreto\/economia\/cafeteria-colombiana-e-centro-de-eventos-veja-o-que-chega-nos-proximos-meses-aos-shoppings-de-ribeirao\/\">Source link <\/a><\/p>\n<!-- CONTENT END 1 -->\n","protected":false},"excerpt":{"rendered":"<p>Os centros comerciais de Ribeir\u00e3o Preto e regi\u00e3o se preparam para receber novas lojas nos pr\u00f3ximos meses. A expectativa \u00e9 que esses novos empreendimentos fortale\u00e7am&#8230;<\/p>\n","protected":false},"author":1,"featured_media":80490,"comment_status":"open","ping_status":"open","sticky":false,"template":"","format":"standard","meta":{"advanced_seo_description":"","jetpack_seo_html_title":"","jetpack_seo_noindex":false,"jetpack_post_was_ever_published":false,"_jetpack_newsletter_access":"","_jetpack_dont_email_post_to_subs":false,"_jetpack_newsletter_tier_id":0,"_jetpack_memberships_contains_paywalled_content":false,"_jetpack_memberships_contains_paid_content":false,"footnotes":"","jetpack_publicize_message":"","jetpack_publicize_feature_enabled":true,"jetpack_social_post_already_shared":true,"jetpack_social_options":{"image_generator_settings":{"template":"highway","default_image_id":0,"font":"","enabled":false},"version":2}},"categories":[11],"tags":[],"class_list":["post-80489","post","type-post","status-publish","format-standard","has-post-thumbnail","hentry","category-noticias-de-ribeirao-preto-sp-e-regiao-ismael-colosi"],"jetpack_publicize_connections":[],"jetpack_featured_media_url":"https:\/\/i0.wp.com\/noticiasribeiraopreto.com.br\/wp-content\/uploads\/2025\/12\/IMG_0768-1_2025-12-03_22-39-13.webp.webp?fit=1200%2C800&ssl=1","jetpack-related-posts":[{"id":80513,"url":"https:\/\/noticiasribeiraopreto.com.br\/index.php\/2025\/12\/04\/ministerio-publico-abre-concurso-com-salarios-de-r-37-mil-veja-como-participar\/","url_meta":{"origin":80489,"position":0},"title":"Minist\u00e9rio P\u00fablico abre concurso com sal\u00e1rios de R$ 3,7 mil; Veja como participar","author":"noticiasribeiraopreto.com.br","date":"4 de December de 2025","format":false,"excerpt":"O MP-SP (Minist\u00e9rio P\u00fablico de S\u00e3o Paulo) publicou edital de concurso p\u00fablico para o cargo de auxiliar de promotoria I. O sal\u00e1rio para fun\u00e7\u00e3o, de n\u00edvel fundamental, \u00e9 de R$ 3.784,45, para 40 horas semanais. As oportunidades s\u00e3o para o cadastro de reserva. Al\u00e9m dos sal\u00e1rios, os aprovados no concurso\u2026","rel":"","context":"In &quot;Not\u00edcias de Ribeir\u00e3o Preto-SP e Regi\u00e3o&quot;","block_context":{"text":"Not\u00edcias de Ribeir\u00e3o Preto-SP e Regi\u00e3o","link":"https:\/\/noticiasribeiraopreto.com.br\/index.php\/category\/noticias-de-ribeirao-preto-sp-e-regiao-ismael-colosi\/"},"img":{"alt_text":"","src":"https:\/\/i0.wp.com\/noticiasribeiraopreto.com.br\/wp-content\/uploads\/2025\/10\/concurso_2025-10-10_18-32-50.webp.webp?fit=1200%2C963&ssl=1&resize=350%2C200","width":350,"height":200,"srcset":"https:\/\/i0.wp.com\/noticiasribeiraopreto.com.br\/wp-content\/uploads\/2025\/10\/concurso_2025-10-10_18-32-50.webp.webp?fit=1200%2C963&ssl=1&resize=350%2C200 1x, https:\/\/i0.wp.com\/noticiasribeiraopreto.com.br\/wp-content\/uploads\/2025\/10\/concurso_2025-10-10_18-32-50.webp.webp?fit=1200%2C963&ssl=1&resize=525%2C300 1.5x, https:\/\/i0.wp.com\/noticiasribeiraopreto.com.br\/wp-content\/uploads\/2025\/10\/concurso_2025-10-10_18-32-50.webp.webp?fit=1200%2C963&ssl=1&resize=700%2C400 2x, https:\/\/i0.wp.com\/noticiasribeiraopreto.com.br\/wp-content\/uploads\/2025\/10\/concurso_2025-10-10_18-32-50.webp.webp?fit=1200%2C963&ssl=1&resize=1050%2C600 3x"},"classes":[]},{"id":1059,"url":"https:\/\/noticiasribeiraopreto.com.br\/index.php\/2023\/11\/10\/produtor-de-cafe-da-regiao-de-ribeirao-lanca-modelo-de-franquias-de-cafeteria\/","url_meta":{"origin":80489,"position":1},"title":"Produtor de caf\u00e9 da regi\u00e3o de Ribeir\u00e3o lan\u00e7a modelo de franquias de cafeteria","author":"noticiasribeiraopreto.com.br","date":"10 de November de 2023","format":false,"excerpt":"com Coluna Giro A marca Pagliaroni, ligada ao setor do cafeeiro, anunciou o lan\u00e7amento do modelo de franquias para cafeterias. A produ\u00e7\u00e3o do caf\u00e9 acontece em uma fazenda em Pedregulho e as duas primeiras cafeterias est\u00e3o em Ribeir\u00e3o Preto e S\u00e3o Carlos. \u00a0 O evento para anunciar a novidade aconteceu\u2026","rel":"","context":"In &quot;Not\u00edcias de Ribeir\u00e3o Preto-SP e Regi\u00e3o&quot;","block_context":{"text":"Not\u00edcias de Ribeir\u00e3o Preto-SP e Regi\u00e3o","link":"https:\/\/noticiasribeiraopreto.com.br\/index.php\/category\/noticias-de-ribeirao-preto-sp-e-regiao-ismael-colosi\/"},"img":{"alt_text":"","src":"https:\/\/i0.wp.com\/noticiasribeiraopreto.com.br\/wp-content\/uploads\/2023\/11\/WhatsApp-Image-2023-11-10-at-08.41.27-1.jpeg?fit=1200%2C675&ssl=1&resize=350%2C200","width":350,"height":200,"srcset":"https:\/\/i0.wp.com\/noticiasribeiraopreto.com.br\/wp-content\/uploads\/2023\/11\/WhatsApp-Image-2023-11-10-at-08.41.27-1.jpeg?fit=1200%2C675&ssl=1&resize=350%2C200 1x, https:\/\/i0.wp.com\/noticiasribeiraopreto.com.br\/wp-content\/uploads\/2023\/11\/WhatsApp-Image-2023-11-10-at-08.41.27-1.jpeg?fit=1200%2C675&ssl=1&resize=525%2C300 1.5x, https:\/\/i0.wp.com\/noticiasribeiraopreto.com.br\/wp-content\/uploads\/2023\/11\/WhatsApp-Image-2023-11-10-at-08.41.27-1.jpeg?fit=1200%2C675&ssl=1&resize=700%2C400 2x, https:\/\/i0.wp.com\/noticiasribeiraopreto.com.br\/wp-content\/uploads\/2023\/11\/WhatsApp-Image-2023-11-10-at-08.41.27-1.jpeg?fit=1200%2C675&ssl=1&resize=1050%2C600 3x"},"classes":[]},{"id":80666,"url":"https:\/\/noticiasribeiraopreto.com.br\/index.php\/2025\/12\/10\/shopping-de-ribeirao-preto-anuncia-mudanca-na-superintendencia\/","url_meta":{"origin":80489,"position":2},"title":"Shopping de Ribeir\u00e3o Preto anuncia mudan\u00e7a na superintend\u00eancia","author":"noticiasribeiraopreto.com.br","date":"10 de December de 2025","format":false,"excerpt":"O Ribeir\u00e3o Shopping anunciou, nesta ter\u00e7a-feira (9), a troca no comando da superintend\u00eancia do empreendimento. Conforme o comunicado enviado, Marcelo Portela assume o cargo deixado por Marcos Botelho, que j\u00e1 havia comunicado anteriormente sua sa\u00edda da fun\u00e7\u00e3o. Em nota, o executivo afirmou que assume a fun\u00e7\u00e3o com o objetivo de\u2026","rel":"","context":"In &quot;Not\u00edcias de Ribeir\u00e3o Preto-SP e Regi\u00e3o&quot;","block_context":{"text":"Not\u00edcias de Ribeir\u00e3o Preto-SP e Regi\u00e3o","link":"https:\/\/noticiasribeiraopreto.com.br\/index.php\/category\/noticias-de-ribeirao-preto-sp-e-regiao-ismael-colosi\/"},"img":{"alt_text":"","src":"https:\/\/i0.wp.com\/noticiasribeiraopreto.com.br\/wp-content\/uploads\/2025\/12\/Copia-de-Copia-de-Copia-de-TAMANHO-EXATO-PARA-FOTOS-NO-SISTEMA-NOVO-2025-12-09T180502.323_2025-12-09_21-05-07.webp.webp?fit=1200%2C675&ssl=1&resize=350%2C200","width":350,"height":200,"srcset":"https:\/\/i0.wp.com\/noticiasribeiraopreto.com.br\/wp-content\/uploads\/2025\/12\/Copia-de-Copia-de-Copia-de-TAMANHO-EXATO-PARA-FOTOS-NO-SISTEMA-NOVO-2025-12-09T180502.323_2025-12-09_21-05-07.webp.webp?fit=1200%2C675&ssl=1&resize=350%2C200 1x, https:\/\/i0.wp.com\/noticiasribeiraopreto.com.br\/wp-content\/uploads\/2025\/12\/Copia-de-Copia-de-Copia-de-TAMANHO-EXATO-PARA-FOTOS-NO-SISTEMA-NOVO-2025-12-09T180502.323_2025-12-09_21-05-07.webp.webp?fit=1200%2C675&ssl=1&resize=525%2C300 1.5x, https:\/\/i0.wp.com\/noticiasribeiraopreto.com.br\/wp-content\/uploads\/2025\/12\/Copia-de-Copia-de-Copia-de-TAMANHO-EXATO-PARA-FOTOS-NO-SISTEMA-NOVO-2025-12-09T180502.323_2025-12-09_21-05-07.webp.webp?fit=1200%2C675&ssl=1&resize=700%2C400 2x, https:\/\/i0.wp.com\/noticiasribeiraopreto.com.br\/wp-content\/uploads\/2025\/12\/Copia-de-Copia-de-Copia-de-TAMANHO-EXATO-PARA-FOTOS-NO-SISTEMA-NOVO-2025-12-09T180502.323_2025-12-09_21-05-07.webp.webp?fit=1200%2C675&ssl=1&resize=1050%2C600 3x"},"classes":[]},{"id":80486,"url":"https:\/\/noticiasribeiraopreto.com.br\/index.php\/2025\/12\/04\/filmes-de-terror-aventura-comedia-e-acao-chegam-aos-cinemas-de-ribeirao-preto\/","url_meta":{"origin":80489,"position":3},"title":"Filmes de terror, aventura, com\u00e9dia e a\u00e7\u00e3o chegam aos cinemas de Ribeir\u00e3o Preto","author":"noticiasribeiraopreto.com.br","date":"4 de December de 2025","format":false,"excerpt":"A primeira semana de estreias de dezembro chega com tudo nos cinemas de Ribeir\u00e3o Preto. A partir desta quinta-feira (4), quatro novos filmes passam a integrar a programa\u00e7\u00e3o das telonas, como \u201cFive Nights At Freddy\u2019s 2\u201d, a nova aventura nacional para toda a fam\u00edlia \u201cD.P.A. 4 \u2013 O Fant\u00e1stico Reino\u2026","rel":"","context":"In &quot;Not\u00edcias de Ribeir\u00e3o Preto-SP e Regi\u00e3o&quot;","block_context":{"text":"Not\u00edcias de Ribeir\u00e3o Preto-SP e Regi\u00e3o","link":"https:\/\/noticiasribeiraopreto.com.br\/index.php\/category\/noticias-de-ribeirao-preto-sp-e-regiao-ismael-colosi\/"},"img":{"alt_text":"","src":"https:\/\/i0.wp.com\/noticiasribeiraopreto.com.br\/wp-content\/uploads\/2025\/12\/Vanderci-Pessotti_2025-12-04_12-30-08.webp.webp?fit=1200%2C675&ssl=1&resize=350%2C200","width":350,"height":200,"srcset":"https:\/\/i0.wp.com\/noticiasribeiraopreto.com.br\/wp-content\/uploads\/2025\/12\/Vanderci-Pessotti_2025-12-04_12-30-08.webp.webp?fit=1200%2C675&ssl=1&resize=350%2C200 1x, https:\/\/i0.wp.com\/noticiasribeiraopreto.com.br\/wp-content\/uploads\/2025\/12\/Vanderci-Pessotti_2025-12-04_12-30-08.webp.webp?fit=1200%2C675&ssl=1&resize=525%2C300 1.5x, https:\/\/i0.wp.com\/noticiasribeiraopreto.com.br\/wp-content\/uploads\/2025\/12\/Vanderci-Pessotti_2025-12-04_12-30-08.webp.webp?fit=1200%2C675&ssl=1&resize=700%2C400 2x, https:\/\/i0.wp.com\/noticiasribeiraopreto.com.br\/wp-content\/uploads\/2025\/12\/Vanderci-Pessotti_2025-12-04_12-30-08.webp.webp?fit=1200%2C675&ssl=1&resize=1050%2C600 3x"},"classes":[]},{"id":80577,"url":"https:\/\/noticiasribeiraopreto.com.br\/index.php\/2025\/12\/06\/fora-de-casa-comercial-perde-o-primeiro-jogo-treino-para-o-xv-de-jau\/","url_meta":{"origin":80489,"position":4},"title":"Fora de casa, Comercial perde o primeiro jogo-treino para o XV de Ja\u00fa","author":"noticiasribeiraopreto.com.br","date":"6 de December de 2025","format":false,"excerpt":"O Comercial abriu a s\u00e9rie de testes da pr\u00e9-temporada 2026 com derrota por 1 a 0 para o XV de Ja\u00fa, na manh\u00e3 desta sexta-feira (5), no est\u00e1dio Zezinho Magalh\u00e3es, em Ja\u00fa. O Bafo sofreu o gol logo aos 10 minutos do primeiro tempo, quando Gugu apareceu na \u00e1rea e\u2026","rel":"","context":"In &quot;Not\u00edcias de Ribeir\u00e3o Preto-SP e Regi\u00e3o&quot;","block_context":{"text":"Not\u00edcias de Ribeir\u00e3o Preto-SP e Regi\u00e3o","link":"https:\/\/noticiasribeiraopreto.com.br\/index.php\/category\/noticias-de-ribeirao-preto-sp-e-regiao-ismael-colosi\/"},"img":{"alt_text":"","src":"https:\/\/i0.wp.com\/noticiasribeiraopreto.com.br\/wp-content\/uploads\/2025\/12\/IMG_8817_2025-12-05_17-37-21.webp.webp?fit=1200%2C800&ssl=1&resize=350%2C200","width":350,"height":200,"srcset":"https:\/\/i0.wp.com\/noticiasribeiraopreto.com.br\/wp-content\/uploads\/2025\/12\/IMG_8817_2025-12-05_17-37-21.webp.webp?fit=1200%2C800&ssl=1&resize=350%2C200 1x, https:\/\/i0.wp.com\/noticiasribeiraopreto.com.br\/wp-content\/uploads\/2025\/12\/IMG_8817_2025-12-05_17-37-21.webp.webp?fit=1200%2C800&ssl=1&resize=525%2C300 1.5x, https:\/\/i0.wp.com\/noticiasribeiraopreto.com.br\/wp-content\/uploads\/2025\/12\/IMG_8817_2025-12-05_17-37-21.webp.webp?fit=1200%2C800&ssl=1&resize=700%2C400 2x, https:\/\/i0.wp.com\/noticiasribeiraopreto.com.br\/wp-content\/uploads\/2025\/12\/IMG_8817_2025-12-05_17-37-21.webp.webp?fit=1200%2C800&ssl=1&resize=1050%2C600 3x"},"classes":[]},{"id":63523,"url":"https:\/\/noticiasribeiraopreto.com.br\/index.php\/2025\/02\/14\/ribeiraoshopping-anuncia-a-chegada-de-sete-novas-lojas-nos-primeiros-meses-do-ano\/","url_meta":{"origin":80489,"position":5},"title":"Ribeir\u00e3oShopping anuncia a chegada de sete novas lojas nos primeiros meses do ano","author":"noticiasribeiraopreto.com.br","date":"14 de February de 2025","format":false,"excerpt":"O Ribeir\u00e3oShopping se prepara para a chegada de sete novas marcas ao seu mix de lojas nos pr\u00f3ximos meses. Entre as novidades, destacam-se grandes nomes da moda nacional e internacional, al\u00e9m de opera\u00e7\u00f5es voltadas para lifestyle, utilidades dom\u00e9sticas e gastronomia. As inaugura\u00e7\u00f5es acompanham o momento positivo do com\u00e9rcio varejista local,\u2026","rel":"","context":"In &quot;Not\u00edcias de Ribeir\u00e3o Preto-SP e Regi\u00e3o&quot;","block_context":{"text":"Not\u00edcias de Ribeir\u00e3o Preto-SP e Regi\u00e3o","link":"https:\/\/noticiasribeiraopreto.com.br\/index.php\/category\/noticias-de-ribeirao-preto-sp-e-regiao-ismael-colosi\/"},"img":{"alt_text":"","src":"https:\/\/i0.wp.com\/noticiasribeiraopreto.com.br\/wp-content\/uploads\/2025\/02\/WhatsApp-Image-2025-02-13-at-09.59.51.jpeg?fit=1200%2C900&ssl=1&resize=350%2C200","width":350,"height":200,"srcset":"https:\/\/i0.wp.com\/noticiasribeiraopreto.com.br\/wp-content\/uploads\/2025\/02\/WhatsApp-Image-2025-02-13-at-09.59.51.jpeg?fit=1200%2C900&ssl=1&resize=350%2C200 1x, https:\/\/i0.wp.com\/noticiasribeiraopreto.com.br\/wp-content\/uploads\/2025\/02\/WhatsApp-Image-2025-02-13-at-09.59.51.jpeg?fit=1200%2C900&ssl=1&resize=525%2C300 1.5x, https:\/\/i0.wp.com\/noticiasribeiraopreto.com.br\/wp-content\/uploads\/2025\/02\/WhatsApp-Image-2025-02-13-at-09.59.51.jpeg?fit=1200%2C900&ssl=1&resize=700%2C400 2x, https:\/\/i0.wp.com\/noticiasribeiraopreto.com.br\/wp-content\/uploads\/2025\/02\/WhatsApp-Image-2025-02-13-at-09.59.51.jpeg?fit=1200%2C900&ssl=1&resize=1050%2C600 3x"},"classes":[]}],"jetpack_sharing_enabled":true,"jetpack_shortlink":"https:\/\/wp.me\/peQAOb-kWd","_links":{"self":[{"href":"https:\/\/noticiasribeiraopreto.com.br\/index.php\/wp-json\/wp\/v2\/posts\/80489","targetHints":{"allow":["GET"]}}],"collection":[{"href":"https:\/\/noticiasribeiraopreto.com.br\/index.php\/wp-json\/wp\/v2\/posts"}],"about":[{"href":"https:\/\/noticiasribeiraopreto.com.br\/index.php\/wp-json\/wp\/v2\/types\/post"}],"author":[{"embeddable":true,"href":"https:\/\/noticiasribeiraopreto.com.br\/index.php\/wp-json\/wp\/v2\/users\/1"}],"replies":[{"embeddable":true,"href":"https:\/\/noticiasribeiraopreto.com.br\/index.php\/wp-json\/wp\/v2\/comments?post=80489"}],"version-history":[{"count":0,"href":"https:\/\/noticiasribeiraopreto.com.br\/index.php\/wp-json\/wp\/v2\/posts\/80489\/revisions"}],"wp:featuredmedia":[{"embeddable":true,"href":"https:\/\/noticiasribeiraopreto.com.br\/index.php\/wp-json\/wp\/v2\/media\/80490"}],"wp:attachment":[{"href":"https:\/\/noticiasribeiraopreto.com.br\/index.php\/wp-json\/wp\/v2\/media?parent=80489"}],"wp:term":[{"taxonomy":"category","embeddable":true,"href":"https:\/\/noticiasribeiraopreto.com.br\/index.php\/wp-json\/wp\/v2\/categories?post=80489"},{"taxonomy":"post_tag","embeddable":true,"href":"https:\/\/noticiasribeiraopreto.com.br\/index.php\/wp-json\/wp\/v2\/tags?post=80489"}],"curies":[{"name":"wp","href":"https:\/\/api.w.org\/{rel}","templated":true}]}}