{"id":8052,"date":"2023-11-29T11:27:01","date_gmt":"2023-11-29T14:27:01","guid":{"rendered":"https:\/\/noticiasribeiraopreto.com.br\/index.php\/2023\/11\/29\/expectativa-de-vida-do-brasileiro-e-de-755-anos\/"},"modified":"2023-11-29T11:27:01","modified_gmt":"2023-11-29T14:27:01","slug":"expectativa-de-vida-do-brasileiro-e-de-755-anos","status":"publish","type":"post","link":"https:\/\/noticiasribeiraopreto.com.br\/index.php\/2023\/11\/29\/expectativa-de-vida-do-brasileiro-e-de-755-anos\/","title":{"rendered":"Expectativa de vida do brasileiro \u00e9 de 75,5 anos"},"content":{"rendered":"<div class='code-block code-block-1' style='margin: 8px 0 8px auto; text-align: right; display: block; clear: both;'>\n<p><a href=\"https:\/\/wa.link\/vpicfd\"><img data-recalc-dims=\"1\" class=\"wp-image-4922\" style=\"aspect-ratio: 2.0253164556962027; width: 561px; height: auto;\" src=\"https:\/\/i0.wp.com\/ismaelcolosi.com.br\/wp-content\/uploads\/2023\/11\/grupo-de-empregos-whatsapp-e-facebook-ismael-colosi-vagas.jpg?ssl=1\" alt=\"\" \/><\/a><\/p>\n<!-- \/wp:image -->\n<\/div>\n<p> <br \/>\n<\/p>\n<div>\n<p>A expectativa de vida ao nascer no Brasil, em 2022, ficou em 75,5 anos, segundo dados das T\u00e1buas da Mortalidade, divulgados nesta quarta-feira (29), no Rio de Janeiro, pelo Instituto Brasileiro de Geografia e Estat\u00edstica (IBGE). \u00a0<noscript><img data-recalc-dims=\"1\" decoding=\"async\" src=\"https:\/\/i0.wp.com\/agenciabrasil.ebc.com.br\/ebc.png?ssl=1\"\/><\/noscript><img data-recalc-dims=\"1\" decoding=\"async\" src=\"https:\/\/i0.wp.com\/agenciabrasil.ebc.com.br\/ebc.gif?ssl=1\" class=\"lazyload\"\/><noscript><img data-recalc-dims=\"1\" decoding=\"async\" src=\"https:\/\/i0.wp.com\/agenciabrasil.ebc.com.br\/ebc.gif?ssl=1\"\/><\/noscript><\/p>\n<p>O estudo foi constru\u00eddo com base no Censo Demogr\u00e1fico de 2022, diferentemente dos anos anteriores, em que a expectativa de vida era calculada a partir de proje\u00e7\u00f5es populacionais revisadas em 2018, que eram baseadas no Censo de 2010.<\/p>\n<p>A informa\u00e7\u00e3o mostra tamb\u00e9m, pela primeira vez, os impactos da pandemia de covid-19 na expectativa de vida do brasileiro, uma vez que os n\u00fameros de 2020 (76,8 anos) e 2021 (77 anos) ainda n\u00e3o levavam em conta os \u00f3bitos provocados pela doen\u00e7a. \u201cA gente fez uma estimativa n\u00e3o prevendo uma crise sanit\u00e1ria que afetasse os \u00f3bitos\u201d, diz Izabel Marri, pesquisadora do IBGE.<\/p>\n<p>Neste ano, o IBGE tamb\u00e9m est\u00e1 revisando os n\u00fameros de anos anteriores. Os n\u00fameros preliminares apontam que a esperan\u00e7a de vida no pa\u00eds em 2020 foi de 74,8 anos, portanto, dois anos a menos do que o estimado anteriormente. Em 2021, ano da pandemia com mais mortes, foi de 72,8 anos (ou seja, 4,2 anos a menos).<\/p>\n<h2>Esperan\u00e7a recuperada<\/h2>\n<p>\u201cA\u00a0esperan\u00e7a de vida de 2022 \u00e9 como se a gente recuperasse um pouco a esperan\u00e7a de vida em rela\u00e7\u00e3o ao pior ano da pandemia. Passado o pior ano, com o maior aumento de \u00f3bitos do mundo, a gente consegue recuperar um c\u00e1lculo de esperan\u00e7a de vida ao nascer\u201d, afirma Marri.<\/p>\n<p>Em rela\u00e7\u00e3o aos anos pr\u00e9-pandemia, a revis\u00e3o do IBGE aponta para as seguintes expectativas de vida: 2019 (76,2 anos), 2018 (76,1 anos), 2017 (75,6 anos) e 2016 (75,3 anos). Portanto, com a revis\u00e3o do IBGE, a esperan\u00e7a de vida ao nascer em 2022 \u00e9 a menor desde 2017.<\/p>\n<p>Marri acredita que, em 2023, cujos dados sair\u00e3o apenas em 2024, a expectativa de vida continuar\u00e1 crescendo, recuperando as perdas ocorridas durante a pandemia. \u201cA gente j\u00e1 recuperou um pouco o n\u00edvel de esperan\u00e7a de vida ao nascer e a gente tende a recuperar um pouco mais no pr\u00f3ximo ano\u201d, argumenta a pesquisadora.<\/p>\n<h2>Sexo<\/h2>\n<p>Em rela\u00e7\u00e3o aos sexos, a expectativa de vida das mulheres ficou em 79 anos, abaixo dos 80,1 anos de 2019, enquanto a dos homens ficou em 72 anos, taxa tamb\u00e9m inferior aos 73,1 anos de 2019.<\/p>\n<p>A probabilidade de morte do rec\u00e9m-nascido \u2013 registrada em 2022 \u2013 ficou em 12,84 por mil nascidos vivos, acima dos 11,94 por mil de 2019. Entre os homens, a taxa foi de 13,94 (superior aos 12,85 de 2019), enquanto entre as mulheres foi 11,69 (maior que os 10,98 de 2019).<\/p>\n<\/div>\n<p><br \/>\n<br \/><a href=\"https:\/\/www.tribunaribeirao.com.br\/site\/expectativa-de-vida-do-brasileiro-e-de-755-anos\/\">Source link <\/a><\/p>\n<!-- CONTENT END 1 -->\n","protected":false},"excerpt":{"rendered":"<p>A expectativa de vida ao nascer no Brasil, em 2022, ficou em 75,5 anos, segundo dados das T\u00e1buas da Mortalidade, divulgados nesta quarta-feira (29), no&#8230;<\/p>\n","protected":false},"author":1,"featured_media":8053,"comment_status":"open","ping_status":"open","sticky":false,"template":"","format":"standard","meta":{"advanced_seo_description":"","jetpack_seo_html_title":"","jetpack_seo_noindex":false,"jetpack_post_was_ever_published":false,"_jetpack_newsletter_access":"","_jetpack_dont_email_post_to_subs":false,"_jetpack_newsletter_tier_id":0,"_jetpack_memberships_contains_paywalled_content":false,"_jetpack_memberships_contains_paid_content":false,"footnotes":"","jetpack_publicize_message":"","jetpack_publicize_feature_enabled":true,"jetpack_social_post_already_shared":true,"jetpack_social_options":{"image_generator_settings":{"template":"highway","default_image_id":0,"font":"","enabled":false},"version":2}},"categories":[11],"tags":[84,484,1045,1046],"class_list":["post-8052","post","type-post","status-publish","format-standard","has-post-thumbnail","hentry","category-noticias-de-ribeirao-preto-sp-e-regiao-ismael-colosi","tag-anos","tag-brasileiro","tag-expectativa","tag-vida"],"jetpack_publicize_connections":[],"jetpack_featured_media_url":"https:\/\/i0.wp.com\/noticiasribeiraopreto.com.br\/wp-content\/uploads\/2023\/11\/expectativa-de-vida-scaled.jpg?fit=1000%2C598&ssl=1","jetpack-related-posts":[{"id":57651,"url":"https:\/\/noticiasribeiraopreto.com.br\/index.php\/2024\/09\/06\/censo-2022-revela-realidade-de-idosos-e-criancas-em-instituicoes-no-brasil\/","url_meta":{"origin":8052,"position":0},"title":"Censo 2022 Revela Realidade de Idosos e Crian\u00e7as em Institui\u00e7\u00f5es no Brasil","author":"noticiasribeiraopreto.com.br","date":"6 de September de 2024","format":false,"excerpt":"O Censo 2022, divulgado pelo Instituto Brasileiro de Geografia e Estat\u00edstica (IBGE), revelou dados preocupantes sobre a popula\u00e7\u00e3o brasileira vivendo em institui\u00e7\u00f5es. Segundo o levantamento, 160.784 pessoas residem em asilos ou institui\u00e7\u00f5es de longa perman\u00eancia para idosos, representando 0,5% da popula\u00e7\u00e3o com mais de 60 anos no pa\u00eds. A maior\u2026","rel":"","context":"In &quot;Not\u00edcias de Ribeir\u00e3o Preto-SP e Regi\u00e3o&quot;","block_context":{"text":"Not\u00edcias de Ribeir\u00e3o Preto-SP e Regi\u00e3o","link":"https:\/\/noticiasribeiraopreto.com.br\/index.php\/category\/noticias-de-ribeirao-preto-sp-e-regiao-ismael-colosi\/"},"img":{"alt_text":"","src":"","width":0,"height":0},"classes":[]},{"id":8320,"url":"https:\/\/noticiasribeiraopreto.com.br\/index.php\/2023\/11\/29\/medicamento-que-prolonga-a-vida-de-cachorro-esta-perto-de-ser-aprovado\/","url_meta":{"origin":8052,"position":1},"title":"Medicamento que prolonga a vida de cachorro est\u00e1 perto de ser aprovado","author":"noticiasribeiraopreto.com.br","date":"29 de November de 2023","format":false,"excerpt":"Um medicamento que poderia prolongar a expectativa de vida de cachorros grandes est\u00e1 um passo mais perto de se tornar uma realidade. \u00c9 sabido que c\u00e3es maiores vivem vidas mais curtas do que c\u00e3es menores. Cr\u00e9ditos: RalfWeigel\/istockMedicamento poderia aumentar expectativa de cachorros de porte grande Um dogue alem\u00e3o, por exemplo,\u2026","rel":"","context":"In &quot;Variedades&quot;","block_context":{"text":"Variedades","link":"https:\/\/noticiasribeiraopreto.com.br\/index.php\/category\/variedades\/"},"img":{"alt_text":"","src":"https:\/\/i0.wp.com\/noticiasribeiraopreto.com.br\/wp-content\/uploads\/2023\/11\/istock-179050736.jpg?fit=1200%2C638&ssl=1&resize=350%2C200","width":350,"height":200,"srcset":"https:\/\/i0.wp.com\/noticiasribeiraopreto.com.br\/wp-content\/uploads\/2023\/11\/istock-179050736.jpg?fit=1200%2C638&ssl=1&resize=350%2C200 1x, https:\/\/i0.wp.com\/noticiasribeiraopreto.com.br\/wp-content\/uploads\/2023\/11\/istock-179050736.jpg?fit=1200%2C638&ssl=1&resize=525%2C300 1.5x, https:\/\/i0.wp.com\/noticiasribeiraopreto.com.br\/wp-content\/uploads\/2023\/11\/istock-179050736.jpg?fit=1200%2C638&ssl=1&resize=700%2C400 2x, https:\/\/i0.wp.com\/noticiasribeiraopreto.com.br\/wp-content\/uploads\/2023\/11\/istock-179050736.jpg?fit=1200%2C638&ssl=1&resize=1050%2C600 3x"},"classes":[]},{"id":11565,"url":"https:\/\/noticiasribeiraopreto.com.br\/index.php\/2023\/12\/06\/nem-o-minha-casa-minha-vida-salva-pib-da-construcao-frustra-expectativas-e-setor-ve-veto-de-lula-como-ameaca-em-2024\/","url_meta":{"origin":8052,"position":2},"title":"Nem o Minha Casa Minha Vida salva: PIB da constru\u00e7\u00e3o frustra expectativas e setor v\u00ea veto de Lula como amea\u00e7a em 2024","author":"noticiasribeiraopreto.com.br","date":"6 de December de 2023","format":false,"excerpt":"Apesar das mudan\u00e7as no programa Minha Casa Minha Vida (MCMV) j\u00e1 terem impulsionado o desempenho operacional das construtoras e incorporadoras, a repaginada no programa habitacional ainda n\u00e3o se refletiu na constru\u00e7\u00e3o como um todo. O Produto Interno Bruto (PIB) do setor registrou queda de 3,8% no terceiro trimestre, segundo o\u2026","rel":"","context":"In &quot;Dinheiro e Investimento&quot;","block_context":{"text":"Dinheiro e Investimento","link":"https:\/\/noticiasribeiraopreto.com.br\/index.php\/category\/dinheiro-e-investimento-como-fazer-como-ganhar\/"},"img":{"alt_text":"","src":"https:\/\/i0.wp.com\/noticiasribeiraopreto.com.br\/wp-content\/uploads\/2023\/12\/construction-workers-at-sunset-628x353.jpg?fit=628%2C353&ssl=1&resize=350%2C200","width":350,"height":200,"srcset":"https:\/\/i0.wp.com\/noticiasribeiraopreto.com.br\/wp-content\/uploads\/2023\/12\/construction-workers-at-sunset-628x353.jpg?fit=628%2C353&ssl=1&resize=350%2C200 1x, https:\/\/i0.wp.com\/noticiasribeiraopreto.com.br\/wp-content\/uploads\/2023\/12\/construction-workers-at-sunset-628x353.jpg?fit=628%2C353&ssl=1&resize=525%2C300 1.5x"},"classes":[]},{"id":72908,"url":"https:\/\/noticiasribeiraopreto.com.br\/index.php\/2025\/06\/22\/jornal-da-franca-saiba-por-que-os-animais-de-estimacao-estao-vivendo-mais-de-acordo-com-a-ciencia\/","url_meta":{"origin":8052,"position":3},"title":"Jornal da Franca &#8211; Saiba por que os animais de estima\u00e7\u00e3o est\u00e3o vivendo mais, de acordo com a ci\u00eancia","author":"noticiasribeiraopreto.com.br","date":"22 de June de 2025","format":false,"excerpt":"compartilhar no whatsapp compartilhar no telegram compartilhar no facebook compartilhar no linkedin Avan\u00e7os tecnol\u00f3gicos na medicina veterin\u00e1ria tem contribu\u00eddo para o aumento da longevidade dos animais de estima\u00e7\u00e3o Nos \u00faltimos anos, a expectativa de vida dos pets tem aumentado significativamente. Conforme estudos recentes, c\u00e3es e gatos vivem hoje, em m\u00e9dia,\u2026","rel":"","context":"In &quot;Not\u00edcias de Franca-SP&quot;","block_context":{"text":"Not\u00edcias de Franca-SP","link":"https:\/\/noticiasribeiraopreto.com.br\/index.php\/category\/noticias-de-ribeirao-preto-sp-e-regiao-ismael-colosi\/noticias-franca-sp\/"},"img":{"alt_text":"","src":"https:\/\/i0.wp.com\/noticiasribeiraopreto.com.br\/wp-content\/uploads\/2025\/06\/44261-1.jpg?fit=1000%2C664&ssl=1&resize=350%2C200","width":350,"height":200,"srcset":"https:\/\/i0.wp.com\/noticiasribeiraopreto.com.br\/wp-content\/uploads\/2025\/06\/44261-1.jpg?fit=1000%2C664&ssl=1&resize=350%2C200 1x, https:\/\/i0.wp.com\/noticiasribeiraopreto.com.br\/wp-content\/uploads\/2025\/06\/44261-1.jpg?fit=1000%2C664&ssl=1&resize=525%2C300 1.5x, https:\/\/i0.wp.com\/noticiasribeiraopreto.com.br\/wp-content\/uploads\/2025\/06\/44261-1.jpg?fit=1000%2C664&ssl=1&resize=700%2C400 2x"},"classes":[]},{"id":82447,"url":"https:\/\/noticiasribeiraopreto.com.br\/index.php\/2026\/02\/14\/lucas-pinheiro-braathen-conquista-ouro-nos-jogos-olimpicos-de-inverno\/","url_meta":{"origin":8052,"position":4},"title":"Lucas Pinheiro Braathen conquista ouro nos Jogos Ol\u00edmpicos de Inverno","author":"noticiasribeiraopreto.com.br","date":"14 de February de 2026","format":false,"excerpt":"\r Brasileiro garante primeira medalha do Brasil e da Am\u00e9rica Latina na hist\u00f3ria da competi\u00e7\u00e3o\r \r 14 de fevereiro de 2026 12:50 \r Compartilhar1 O Brasil acordou ol\u00edmpico nas montanhas de Mil\u00e3o-Cortina e, pela primeira vez na hist\u00f3ria, ouviu seu hino ecoar em uma edi\u00e7\u00e3o de Jogos Ol\u00edmpicos de Inverno.\u2026","rel":"","context":"In &quot;Not\u00edcias de Ribeir\u00e3o Preto-SP e Regi\u00e3o&quot;","block_context":{"text":"Not\u00edcias de Ribeir\u00e3o Preto-SP e Regi\u00e3o","link":"https:\/\/noticiasribeiraopreto.com.br\/index.php\/category\/noticias-de-ribeirao-preto-sp-e-regiao-ismael-colosi\/"},"img":{"alt_text":"","src":"https:\/\/i0.wp.com\/noticiasribeiraopreto.com.br\/wp-content\/uploads\/2026\/02\/Lucas-Pinheiro-Braathen-Dimitar-Dilkoff_AFP.jpg?fit=1000%2C563&ssl=1&resize=350%2C200","width":350,"height":200,"srcset":"https:\/\/i0.wp.com\/noticiasribeiraopreto.com.br\/wp-content\/uploads\/2026\/02\/Lucas-Pinheiro-Braathen-Dimitar-Dilkoff_AFP.jpg?fit=1000%2C563&ssl=1&resize=350%2C200 1x, https:\/\/i0.wp.com\/noticiasribeiraopreto.com.br\/wp-content\/uploads\/2026\/02\/Lucas-Pinheiro-Braathen-Dimitar-Dilkoff_AFP.jpg?fit=1000%2C563&ssl=1&resize=525%2C300 1.5x, https:\/\/i0.wp.com\/noticiasribeiraopreto.com.br\/wp-content\/uploads\/2026\/02\/Lucas-Pinheiro-Braathen-Dimitar-Dilkoff_AFP.jpg?fit=1000%2C563&ssl=1&resize=700%2C400 2x"},"classes":[]},{"id":36144,"url":"https:\/\/noticiasribeiraopreto.com.br\/index.php\/2024\/02\/08\/atencao-confira-a-novidade-para-os-motoristas-brasileiros-cnh-recebe-novo-prazo-para-a-renovacao-saiba-mais\/","url_meta":{"origin":8052,"position":5},"title":"Aten\u00e7\u00e3o! Confira a novidade para os motoristas brasileiros; CNH recebe novo prazo para a renova\u00e7\u00e3o. Saiba mais","author":"noticiasribeiraopreto.com.br","date":"8 de February de 2024","format":false,"excerpt":"Mudan\u00e7as na sociedade ao longo do tempo, novos acontecimentos, determinantes das gera\u00e7\u00f5es anteriores\u2026 Tudo isso levou \u00e0 necessidade de uma reforma jur\u00eddica no pa\u00eds. Em rela\u00e7\u00e3o \u00e0 legisla\u00e7\u00e3o de tr\u00e2nsito no Brasil e \u00e0 famosa CNH (Carteira Nacional de Habilita\u00e7\u00e3o), nos \u00faltimos anos ela tem sido alvo de coment\u00e1rios sobre\u2026","rel":"","context":"In &quot;Dinheiro e Investimento&quot;","block_context":{"text":"Dinheiro e Investimento","link":"https:\/\/noticiasribeiraopreto.com.br\/index.php\/category\/dinheiro-e-investimento-como-fazer-como-ganhar\/"},"img":{"alt_text":"","src":"https:\/\/i0.wp.com\/noticiasribeiraopreto.com.br\/wp-content\/uploads\/2024\/02\/cnh-nova-1024x640-1.jpg?fit=1024%2C640&ssl=1&resize=350%2C200","width":350,"height":200,"srcset":"https:\/\/i0.wp.com\/noticiasribeiraopreto.com.br\/wp-content\/uploads\/2024\/02\/cnh-nova-1024x640-1.jpg?fit=1024%2C640&ssl=1&resize=350%2C200 1x, https:\/\/i0.wp.com\/noticiasribeiraopreto.com.br\/wp-content\/uploads\/2024\/02\/cnh-nova-1024x640-1.jpg?fit=1024%2C640&ssl=1&resize=525%2C300 1.5x, https:\/\/i0.wp.com\/noticiasribeiraopreto.com.br\/wp-content\/uploads\/2024\/02\/cnh-nova-1024x640-1.jpg?fit=1024%2C640&ssl=1&resize=700%2C400 2x"},"classes":[]}],"jetpack_sharing_enabled":true,"jetpack_shortlink":"https:\/\/wp.me\/peQAOb-25S","_links":{"self":[{"href":"https:\/\/noticiasribeiraopreto.com.br\/index.php\/wp-json\/wp\/v2\/posts\/8052","targetHints":{"allow":["GET"]}}],"collection":[{"href":"https:\/\/noticiasribeiraopreto.com.br\/index.php\/wp-json\/wp\/v2\/posts"}],"about":[{"href":"https:\/\/noticiasribeiraopreto.com.br\/index.php\/wp-json\/wp\/v2\/types\/post"}],"author":[{"embeddable":true,"href":"https:\/\/noticiasribeiraopreto.com.br\/index.php\/wp-json\/wp\/v2\/users\/1"}],"replies":[{"embeddable":true,"href":"https:\/\/noticiasribeiraopreto.com.br\/index.php\/wp-json\/wp\/v2\/comments?post=8052"}],"version-history":[{"count":0,"href":"https:\/\/noticiasribeiraopreto.com.br\/index.php\/wp-json\/wp\/v2\/posts\/8052\/revisions"}],"wp:featuredmedia":[{"embeddable":true,"href":"https:\/\/noticiasribeiraopreto.com.br\/index.php\/wp-json\/wp\/v2\/media\/8053"}],"wp:attachment":[{"href":"https:\/\/noticiasribeiraopreto.com.br\/index.php\/wp-json\/wp\/v2\/media?parent=8052"}],"wp:term":[{"taxonomy":"category","embeddable":true,"href":"https:\/\/noticiasribeiraopreto.com.br\/index.php\/wp-json\/wp\/v2\/categories?post=8052"},{"taxonomy":"post_tag","embeddable":true,"href":"https:\/\/noticiasribeiraopreto.com.br\/index.php\/wp-json\/wp\/v2\/tags?post=8052"}],"curies":[{"name":"wp","href":"https:\/\/api.w.org\/{rel}","templated":true}]}}