{"id":8075,"date":"2023-11-29T12:32:30","date_gmt":"2023-11-29T15:32:30","guid":{"rendered":"https:\/\/noticiasribeiraopreto.com.br\/index.php\/2023\/11\/29\/seu-ritmo-de-caminhada-pode-prever-se-voce-tera-diabetes\/"},"modified":"2023-11-29T12:32:30","modified_gmt":"2023-11-29T15:32:30","slug":"seu-ritmo-de-caminhada-pode-prever-se-voce-tera-diabetes","status":"publish","type":"post","link":"https:\/\/noticiasribeiraopreto.com.br\/index.php\/2023\/11\/29\/seu-ritmo-de-caminhada-pode-prever-se-voce-tera-diabetes\/","title":{"rendered":"Seu ritmo de caminhada pode prever se voc\u00ea ter\u00e1 diabetes"},"content":{"rendered":"<div class='code-block code-block-1' style='margin: 8px 0 8px auto; text-align: right; display: block; clear: both;'>\n<p><a href=\"https:\/\/wa.link\/vpicfd\"><img data-recalc-dims=\"1\" class=\"wp-image-4922\" style=\"aspect-ratio: 2.0253164556962027; width: 561px; height: auto;\" src=\"https:\/\/i0.wp.com\/ismaelcolosi.com.br\/wp-content\/uploads\/2023\/11\/grupo-de-empregos-whatsapp-e-facebook-ismael-colosi-vagas.jpg?ssl=1\" alt=\"\" \/><\/a><\/p>\n<!-- \/wp:image -->\n<\/div>\n<p> <br \/>\n<\/p>\n<div>\n<p>Andar mais r\u00e1pido pode reduzir o risco de <a href=\"https:\/\/catracalivre.com.br\/saude-bem-estar\/diabetes\/\">diabetes tipo 2<\/a>, segundo o primeiro estudo global deste tipo.<\/p>\n<p>O diabetes \u00e9 uma doen\u00e7a metab\u00f3lica cr\u00f3nica caracterizada por n\u00edveis elevados de glicose no sangue (ou <a href=\"https:\/\/catracalivre.com.br\/saude-bem-estar\/e-assim-que-o-corpo-alerta-para-niveis-elevados-de-acucar-no-sangue\/\">a\u00e7\u00facar no sangue)<\/a>. O tipo 2 \u00e9 o mais comum, que ocorre quando o corpo se torna resistente \u00e0 insulina ou n\u00e3o produz insulina suficiente.<\/p>\n<p>A doen\u00e7a \u00e9 uma\u00a0das principais causas de cegueira, <a href=\"https:\/\/catracalivre.com.br\/saude-bem-estar\/urina-espumosa-e-outros-sinais-de-doenca-renal\/\">insufici\u00eancia renal,<\/a> ataques card\u00edacos, <a href=\"https:\/\/catracalivre.com.br\/saude-bem-estar\/conheca-os-sintomas-do-acidente-vascular-cerebral-avc\/\">acidente vascular cerebral<\/a> (AVC) e amputa\u00e7\u00e3o de membros inferiores.<\/p>\n<div id=\"attachment_2305678\" class=\"wp-caption alignnone\">\n<div class=\"d-flex justify-content-center\" data-attachment-id=\"2305678\">\n<div class=\"position-relative d-inline-block\"><img data-recalc-dims=\"1\" data-portal-copyright=\"iStock\/Burak GULER\" decoding=\"async\" fetchpriority=\"high\" class=\"size-large wp-image-2305678\" src=\"https:\/\/i0.wp.com\/catracalivre.com.br\/wp-content\/uploads\/2023\/10\/istock-1398806598-910x607.jpg?resize=910%2C607&#038;ssl=1\" alt=\"Cientistas avaliam os impactos do ritmo de caminhada na sa\u00fade das pessoas\" width=\"910\" height=\"607\" srcset=\"https:\/\/catracalivre.com.br\/wp-content\/uploads\/2023\/10\/istock-1398806598-910x607.jpg 910w, https:\/\/catracalivre.com.br\/wp-content\/uploads\/2023\/10\/istock-1398806598-450x300.jpg 450w, https:\/\/catracalivre.com.br\/wp-content\/uploads\/2023\/10\/istock-1398806598-768x512.jpg 768w\" sizes=\"(max-width: 910px) 100vw, 910px\"\/><\/p>\n<p>Cr\u00e9ditos: iStock\/Burak GULER<\/p>\n<\/div>\n<\/div>\n<p><span class=\"post-imagem__legenda\">Cientistas avaliam os impactos do ritmo de caminhada na sa\u00fade das pessoas<\/span><\/p>\n<\/div>\n<p>De acordo com o estudo, pessoas que caminham a 6 km\/h t\u00eam 39% menos probabilidade de desenvolver a doen\u00e7a do que aquelas que andam a menos de 3 km\/h.<\/p>\n<p>O estudo \u00e9 uma an\u00e1lise de dados agrupados das evid\u00eancias dispon\u00edveis e foi publicado no <a href=\"https:\/\/bjsm.bmj.com\/\">British Journal of Sports Medicine<\/a>.<\/p>\n<h2>Detalhes do estudo<\/h2>\n<p>Embora se saiba que a atividade f\u00edsica est\u00e1 associada a um menor risco de desenvolver diabetes tipo 2, investigadores do Imperial College London, da Universidade de Ci\u00eancias M\u00e9dicas do Ir\u00e3o e do Oslo New University College, na Noruega, queriam descobrir a velocidade ideal de <a href=\"https:\/\/catracalivre.com.br\/saude-bem-estar\/teste-durante-caminhada-preve-envelhecimento-cerebral\/\">caminhada<\/a>.<\/p>\n<p>A equipe analisou 10 estudos publicados entre 1999 e 2022, que inclu\u00edram per\u00edodos de acompanhamento entre tr\u00eas e 11 anos. Um total de 508.121 pacientes adultos de todo o Reino Unido, Jap\u00e3o e EUA foram inclu\u00eddos.<\/p>\n<p>\u201cEmbora as estrat\u00e9gias atuais para aumentar o tempo total de caminhada sejam ben\u00e9ficas, tamb\u00e9m pode ser razo\u00e1vel encorajar as pessoas a caminhar em velocidades mais r\u00e1pidas para aumentar ainda mais os benef\u00edcios da caminhada para a sa\u00fade\u201d, disseram os pesquisadores.<\/p>\n<p>Os investigadores reconheceram que as pessoas com uma velocidade de caminhada mais r\u00e1pida t\u00eam maior probabilidade de estar em melhor forma, com maior massa muscular e melhor sa\u00fade geral.<\/p>\n<p>Mas h\u00e1 explica\u00e7\u00f5es plaus\u00edveis para as descobertas, explicaram.<\/p>\n<p>A velocidade de caminhada \u00e9 um importante indicador da sa\u00fade geral e um indicador-chave da capacidade funcional.<\/p>\n<p>Uma velocidade de caminhada mais r\u00e1pida est\u00e1 associada a uma melhor aptid\u00e3o cardiorrespirat\u00f3ria e for\u00e7a muscular, ambas ligadas ao risco de diabetes \u2013 e uma caminhada r\u00e1pida \u00e9 boa para a perda de peso, o que ajuda a melhorar a sensibilidade \u00e0 insulina.<\/p>\n<p>Os pesquisadores dizem que mais pesquisas s\u00e3o necess\u00e1rias para confirmar se, e em que medida, acelerar o ritmo aumenta os efeitos positivos que a caminhada pode ter na redu\u00e7\u00e3o do risco de desenvolver diabetes tipo 2.<\/p>\n<\/div>\n<p><script>\n\t\t! function(f, b, e, v, n, t, s) {\n\t\t\tif (f.fbq) return;\n\t\t\tn = f.fbq = function() {\n\t\t\t\tn.callMethod ?\n\t\t\t\t\tn.callMethod.apply(n, arguments) : n.queue.push(arguments)\n\t\t\t};\n\t\t\tif (!f._fbq) f._fbq = n;\n\t\t\tn.push = n;\n\t\t\tn.loaded = !0;\n\t\t\tn.version = '2.0';\n\t\t\tn.queue = [];\n\t\t\tt = b.createElement(e);\n\t\t\tt.async = !0;\n\t\t\tt.src = v;\n\t\t\ts = b.getElementsByTagName(e)[0];\n\t\t\ts.parentNode.insertBefore(t, s)\n\t\t}(window, document, 'script',\n\t\t\t'https:\/\/connect.facebook.net\/en_US\/fbevents.js');\n\t\tfbq('init', '338315473262380');\n\t\tfbq('track', 'PageView');\n\t<\/script><br \/>\n<br \/><br \/>\n<br \/><a href=\"https:\/\/catracalivre.com.br\/saude-bem-estar\/seu-ritmo-de-caminhada-pode-prever-se-voce-tera-diabetes\/\">Source link <\/a><\/p>\n<!-- CONTENT END 1 -->\n","protected":false},"excerpt":{"rendered":"<p>Andar mais r\u00e1pido pode reduzir o risco de diabetes tipo 2, segundo o primeiro estudo global deste tipo. O diabetes \u00e9 uma doen\u00e7a metab\u00f3lica cr\u00f3nica&#8230;<\/p>\n","protected":false},"author":1,"featured_media":8076,"comment_status":"open","ping_status":"open","sticky":false,"template":"","format":"standard","meta":{"advanced_seo_description":"","jetpack_seo_html_title":"","jetpack_seo_noindex":false,"jetpack_post_was_ever_published":false,"_jetpack_newsletter_access":"","_jetpack_dont_email_post_to_subs":false,"_jetpack_newsletter_tier_id":0,"_jetpack_memberships_contains_paywalled_content":false,"_jetpack_memberships_contains_paid_content":false,"footnotes":"","jetpack_publicize_message":"","jetpack_publicize_feature_enabled":true,"jetpack_social_post_already_shared":true,"jetpack_social_options":{"image_generator_settings":{"template":"highway","default_image_id":0,"font":"","enabled":false},"version":2}},"categories":[19],"tags":[],"class_list":["post-8075","post","type-post","status-publish","format-standard","has-post-thumbnail","hentry","category-variedades"],"jetpack_publicize_connections":[],"jetpack_featured_media_url":"https:\/\/i0.wp.com\/noticiasribeiraopreto.com.br\/wp-content\/uploads\/2023\/11\/istock-1398806598.jpg?fit=1200%2C638&ssl=1","jetpack-related-posts":[{"id":18610,"url":"https:\/\/noticiasribeiraopreto.com.br\/index.php\/2023\/12\/20\/cientistas-dos-eua-descobrem-nova-causa-de-diabetes-tipo-2\/","url_meta":{"origin":8075,"position":0},"title":"Cientistas dos EUA descobrem nova causa de diabetes tipo 2","author":"noticiasribeiraopreto.com.br","date":"20 de December de 2023","format":false,"excerpt":"Em um mundo onde o sobrepeso e o sedentarismo s\u00e3o comuns, doen\u00e7as como o diabetes tipo 2, em que o organismo n\u00e3o consegue usar a insulina de maneira eficaz para controlar os n\u00edveis de a\u00e7\u00facar no sangue, tornam-se cada vez mais frequentes. O problema de sa\u00fade \u00e9 diretamente influenciado por\u2026","rel":"","context":"In &quot;Variedades&quot;","block_context":{"text":"Variedades","link":"https:\/\/noticiasribeiraopreto.com.br\/index.php\/category\/variedades\/"},"img":{"alt_text":"","src":"https:\/\/i0.wp.com\/noticiasribeiraopreto.com.br\/wp-content\/uploads\/2023\/12\/depositphotos-224234686-xl-scaled.jpg?fit=1200%2C638&ssl=1&resize=350%2C200","width":350,"height":200,"srcset":"https:\/\/i0.wp.com\/noticiasribeiraopreto.com.br\/wp-content\/uploads\/2023\/12\/depositphotos-224234686-xl-scaled.jpg?fit=1200%2C638&ssl=1&resize=350%2C200 1x, https:\/\/i0.wp.com\/noticiasribeiraopreto.com.br\/wp-content\/uploads\/2023\/12\/depositphotos-224234686-xl-scaled.jpg?fit=1200%2C638&ssl=1&resize=525%2C300 1.5x, https:\/\/i0.wp.com\/noticiasribeiraopreto.com.br\/wp-content\/uploads\/2023\/12\/depositphotos-224234686-xl-scaled.jpg?fit=1200%2C638&ssl=1&resize=700%2C400 2x, https:\/\/i0.wp.com\/noticiasribeiraopreto.com.br\/wp-content\/uploads\/2023\/12\/depositphotos-224234686-xl-scaled.jpg?fit=1200%2C638&ssl=1&resize=1050%2C600 3x"},"classes":[]},{"id":15987,"url":"https:\/\/noticiasribeiraopreto.com.br\/index.php\/2023\/12\/14\/3-chas-acessiveis-reduzem-o-acucar-no-sangue\/","url_meta":{"origin":8075,"position":1},"title":"3 ch\u00e1s acess\u00edveis reduzem o a\u00e7\u00facar no sangue","author":"noticiasribeiraopreto.com.br","date":"14 de December de 2023","format":false,"excerpt":"Cr\u00e9ditos: Depositphotos\/digiartCh\u00e1s que ajudam a reduzir o a\u00e7\u00facar no sangue A inclus\u00e3o de ch\u00e1s medicinais pode trazer in\u00fameros benef\u00edcios para a sa\u00fade, como, por exemplo, uma ajuda no controle dos n\u00edveis de a\u00e7\u00facar no sangue. Considerando a expressiva parcela da popula\u00e7\u00e3o brasileira que sofre de diabetes, essa descoberta tem grande\u2026","rel":"","context":"In &quot;Variedades&quot;","block_context":{"text":"Variedades","link":"https:\/\/noticiasribeiraopreto.com.br\/index.php\/category\/variedades\/"},"img":{"alt_text":"","src":"https:\/\/i0.wp.com\/noticiasribeiraopreto.com.br\/wp-content\/uploads\/2023\/12\/depositphotos-16933151-xl-scaled.jpg?fit=1200%2C638&ssl=1&resize=350%2C200","width":350,"height":200,"srcset":"https:\/\/i0.wp.com\/noticiasribeiraopreto.com.br\/wp-content\/uploads\/2023\/12\/depositphotos-16933151-xl-scaled.jpg?fit=1200%2C638&ssl=1&resize=350%2C200 1x, https:\/\/i0.wp.com\/noticiasribeiraopreto.com.br\/wp-content\/uploads\/2023\/12\/depositphotos-16933151-xl-scaled.jpg?fit=1200%2C638&ssl=1&resize=525%2C300 1.5x, https:\/\/i0.wp.com\/noticiasribeiraopreto.com.br\/wp-content\/uploads\/2023\/12\/depositphotos-16933151-xl-scaled.jpg?fit=1200%2C638&ssl=1&resize=700%2C400 2x, https:\/\/i0.wp.com\/noticiasribeiraopreto.com.br\/wp-content\/uploads\/2023\/12\/depositphotos-16933151-xl-scaled.jpg?fit=1200%2C638&ssl=1&resize=1050%2C600 3x"},"classes":[]},{"id":18919,"url":"https:\/\/noticiasribeiraopreto.com.br\/index.php\/2023\/12\/21\/atencao-para-sinal-de-diabetes-que-pode-aparecer-no-pescoco\/","url_meta":{"origin":8075,"position":2},"title":"Aten\u00e7\u00e3o para sinal de diabetes que pode aparecer no pesco\u00e7o","author":"noticiasribeiraopreto.com.br","date":"21 de December de 2023","format":false,"excerpt":"Os sintomas do diabetes nem sempre est\u00e3o relacionados apenas \u00e0 sede excessiva, fome, perda de peso, fraqueza intensa e sonol\u00eancia. H\u00e1 outro sinal da doen\u00e7a que costuma aparecer no pesco\u00e7o. Manchas escuras com textura aveludada no pesco\u00e7o ou em outras partes do corpo s\u00e3o t\u00edpicas da doen\u00e7a. Essas manchas s\u00e3o\u2026","rel":"","context":"In &quot;Variedades&quot;","block_context":{"text":"Variedades","link":"https:\/\/noticiasribeiraopreto.com.br\/index.php\/category\/variedades\/"},"img":{"alt_text":"","src":"https:\/\/i0.wp.com\/noticiasribeiraopreto.com.br\/wp-content\/uploads\/2023\/12\/depositphotos-679043034-l.jpg?fit=1200%2C638&ssl=1&resize=350%2C200","width":350,"height":200,"srcset":"https:\/\/i0.wp.com\/noticiasribeiraopreto.com.br\/wp-content\/uploads\/2023\/12\/depositphotos-679043034-l.jpg?fit=1200%2C638&ssl=1&resize=350%2C200 1x, https:\/\/i0.wp.com\/noticiasribeiraopreto.com.br\/wp-content\/uploads\/2023\/12\/depositphotos-679043034-l.jpg?fit=1200%2C638&ssl=1&resize=525%2C300 1.5x, https:\/\/i0.wp.com\/noticiasribeiraopreto.com.br\/wp-content\/uploads\/2023\/12\/depositphotos-679043034-l.jpg?fit=1200%2C638&ssl=1&resize=700%2C400 2x, https:\/\/i0.wp.com\/noticiasribeiraopreto.com.br\/wp-content\/uploads\/2023\/12\/depositphotos-679043034-l.jpg?fit=1200%2C638&ssl=1&resize=1050%2C600 3x"},"classes":[]},{"id":19866,"url":"https:\/\/noticiasribeiraopreto.com.br\/index.php\/2023\/12\/23\/cientistas-parecem-ter-encontrado-nova-causa-para-diabetes-tipo-2\/","url_meta":{"origin":8075,"position":3},"title":"Cientistas parecem ter encontrado nova causa para diabetes tipo 2","author":"noticiasribeiraopreto.com.br","date":"23 de December de 2023","format":false,"excerpt":"Mais de meio bilh\u00e3o de pessoas em todo o mundo s\u00e3o afetadas pelo diabetes tipo 2 e, ainda assim, os pesquisadores ainda n\u00e3o sabem o que exatamente est\u00e1 por tr\u00e1s da quebra da funcionalidade da insulina causada pela doen\u00e7a. Mas pesquisadores da Universidade Case Western Reserve, nos EUA, acabaram de\u2026","rel":"","context":"In &quot;Variedades&quot;","block_context":{"text":"Variedades","link":"https:\/\/noticiasribeiraopreto.com.br\/index.php\/category\/variedades\/"},"img":{"alt_text":"","src":"https:\/\/i0.wp.com\/noticiasribeiraopreto.com.br\/wp-content\/uploads\/2023\/12\/istock-1042653080.jpg?fit=1200%2C638&ssl=1&resize=350%2C200","width":350,"height":200,"srcset":"https:\/\/i0.wp.com\/noticiasribeiraopreto.com.br\/wp-content\/uploads\/2023\/12\/istock-1042653080.jpg?fit=1200%2C638&ssl=1&resize=350%2C200 1x, https:\/\/i0.wp.com\/noticiasribeiraopreto.com.br\/wp-content\/uploads\/2023\/12\/istock-1042653080.jpg?fit=1200%2C638&ssl=1&resize=525%2C300 1.5x, https:\/\/i0.wp.com\/noticiasribeiraopreto.com.br\/wp-content\/uploads\/2023\/12\/istock-1042653080.jpg?fit=1200%2C638&ssl=1&resize=700%2C400 2x, https:\/\/i0.wp.com\/noticiasribeiraopreto.com.br\/wp-content\/uploads\/2023\/12\/istock-1042653080.jpg?fit=1200%2C638&ssl=1&resize=1050%2C600 3x"},"classes":[]},{"id":6862,"url":"https:\/\/noticiasribeiraopreto.com.br\/index.php\/2023\/11\/27\/tres-sinais-que-podem-surgir-antes-do-diagnostico\/","url_meta":{"origin":8075,"position":4},"title":"Tr\u00eas sinais que podem surgir antes do diagn\u00f3stico","author":"noticiasribeiraopreto.com.br","date":"27 de November de 2023","format":false,"excerpt":"Cr\u00e9ditos: Getty Images\/iStockphotoColesterol alto \u00e9 uma dos sinais associados a diabetes, segundo especialistas \u2013 iStock\/Getty Images Diagnosticado geralmente em exames de sangue, o diabetes tipo 2, em seu est\u00e1gio inicial, n\u00e3o apresenta sintomas. H\u00e1, no entanto, dois sinais que podem servir de alerta para a presen\u00e7a silenciosa da doen\u00e7a. Indicados\u2026","rel":"","context":"In &quot;Variedades&quot;","block_context":{"text":"Variedades","link":"https:\/\/noticiasribeiraopreto.com.br\/index.php\/category\/variedades\/"},"img":{"alt_text":"","src":"https:\/\/i0.wp.com\/noticiasribeiraopreto.com.br\/wp-content\/uploads\/2023\/11\/istock-1173046608.jpg?fit=1200%2C638&ssl=1&resize=350%2C200","width":350,"height":200,"srcset":"https:\/\/i0.wp.com\/noticiasribeiraopreto.com.br\/wp-content\/uploads\/2023\/11\/istock-1173046608.jpg?fit=1200%2C638&ssl=1&resize=350%2C200 1x, https:\/\/i0.wp.com\/noticiasribeiraopreto.com.br\/wp-content\/uploads\/2023\/11\/istock-1173046608.jpg?fit=1200%2C638&ssl=1&resize=525%2C300 1.5x, https:\/\/i0.wp.com\/noticiasribeiraopreto.com.br\/wp-content\/uploads\/2023\/11\/istock-1173046608.jpg?fit=1200%2C638&ssl=1&resize=700%2C400 2x, https:\/\/i0.wp.com\/noticiasribeiraopreto.com.br\/wp-content\/uploads\/2023\/11\/istock-1173046608.jpg?fit=1200%2C638&ssl=1&resize=1050%2C600 3x"},"classes":[]},{"id":22534,"url":"https:\/\/noticiasribeiraopreto.com.br\/index.php\/2023\/12\/30\/o-substituto-chines-do-cafe-que-reduz-pela-metade-o-risco-de-diabetes\/","url_meta":{"origin":8075,"position":5},"title":"O substituto chin\u00eas do caf\u00e9 que reduz pela metade o risco de diabetes","author":"noticiasribeiraopreto.com.br","date":"30 de December de 2023","format":false,"excerpt":"Cr\u00e9ditos: iSTockPesquisadores afirmam que o substituto do caf\u00e9 tamb\u00e9m pode ajudar a controlar o a\u00e7\u00facar no sangue O caf\u00e9 possui uma subst\u00e2ncia que pode estimular a mem\u00f3ria e reduzir significativamente o decl\u00ednio cognitivo relacionado com a idade. Da mesma forma, outras pesquisas d\u00e3o ao caf\u00e9 poss\u00edveis benef\u00edcios \u00e0 sa\u00fade, como\u2026","rel":"","context":"In &quot;Variedades&quot;","block_context":{"text":"Variedades","link":"https:\/\/noticiasribeiraopreto.com.br\/index.php\/category\/variedades\/"},"img":{"alt_text":"","src":"https:\/\/i0.wp.com\/noticiasribeiraopreto.com.br\/wp-content\/uploads\/2023\/12\/istock-1317500695.jpg?fit=1200%2C638&ssl=1&resize=350%2C200","width":350,"height":200,"srcset":"https:\/\/i0.wp.com\/noticiasribeiraopreto.com.br\/wp-content\/uploads\/2023\/12\/istock-1317500695.jpg?fit=1200%2C638&ssl=1&resize=350%2C200 1x, https:\/\/i0.wp.com\/noticiasribeiraopreto.com.br\/wp-content\/uploads\/2023\/12\/istock-1317500695.jpg?fit=1200%2C638&ssl=1&resize=525%2C300 1.5x, https:\/\/i0.wp.com\/noticiasribeiraopreto.com.br\/wp-content\/uploads\/2023\/12\/istock-1317500695.jpg?fit=1200%2C638&ssl=1&resize=700%2C400 2x, https:\/\/i0.wp.com\/noticiasribeiraopreto.com.br\/wp-content\/uploads\/2023\/12\/istock-1317500695.jpg?fit=1200%2C638&ssl=1&resize=1050%2C600 3x"},"classes":[]}],"jetpack_sharing_enabled":true,"jetpack_shortlink":"https:\/\/wp.me\/peQAOb-26f","_links":{"self":[{"href":"https:\/\/noticiasribeiraopreto.com.br\/index.php\/wp-json\/wp\/v2\/posts\/8075","targetHints":{"allow":["GET"]}}],"collection":[{"href":"https:\/\/noticiasribeiraopreto.com.br\/index.php\/wp-json\/wp\/v2\/posts"}],"about":[{"href":"https:\/\/noticiasribeiraopreto.com.br\/index.php\/wp-json\/wp\/v2\/types\/post"}],"author":[{"embeddable":true,"href":"https:\/\/noticiasribeiraopreto.com.br\/index.php\/wp-json\/wp\/v2\/users\/1"}],"replies":[{"embeddable":true,"href":"https:\/\/noticiasribeiraopreto.com.br\/index.php\/wp-json\/wp\/v2\/comments?post=8075"}],"version-history":[{"count":0,"href":"https:\/\/noticiasribeiraopreto.com.br\/index.php\/wp-json\/wp\/v2\/posts\/8075\/revisions"}],"wp:featuredmedia":[{"embeddable":true,"href":"https:\/\/noticiasribeiraopreto.com.br\/index.php\/wp-json\/wp\/v2\/media\/8076"}],"wp:attachment":[{"href":"https:\/\/noticiasribeiraopreto.com.br\/index.php\/wp-json\/wp\/v2\/media?parent=8075"}],"wp:term":[{"taxonomy":"category","embeddable":true,"href":"https:\/\/noticiasribeiraopreto.com.br\/index.php\/wp-json\/wp\/v2\/categories?post=8075"},{"taxonomy":"post_tag","embeddable":true,"href":"https:\/\/noticiasribeiraopreto.com.br\/index.php\/wp-json\/wp\/v2\/tags?post=8075"}],"curies":[{"name":"wp","href":"https:\/\/api.w.org\/{rel}","templated":true}]}}