{"id":80750,"date":"2025-12-13T00:20:04","date_gmt":"2025-12-13T03:20:04","guid":{"rendered":"https:\/\/noticiasribeiraopreto.com.br\/index.php\/2025\/12\/13\/saiba-quem-e-o-deputado-da-regiao-de-ribeirao-preto-que-deve-substituir-carla-zambelli\/"},"modified":"2025-12-13T00:20:04","modified_gmt":"2025-12-13T03:20:04","slug":"saiba-quem-e-o-deputado-da-regiao-de-ribeirao-preto-que-deve-substituir-carla-zambelli","status":"publish","type":"post","link":"https:\/\/noticiasribeiraopreto.com.br\/index.php\/2025\/12\/13\/saiba-quem-e-o-deputado-da-regiao-de-ribeirao-preto-que-deve-substituir-carla-zambelli\/","title":{"rendered":"Saiba quem \u00e9 o deputado da regi\u00e3o de Ribeir\u00e3o Preto que deve substituir Carla Zambelli"},"content":{"rendered":"<div class='code-block code-block-1' style='margin: 8px 0 8px auto; text-align: right; display: block; clear: both;'>\n<p><a href=\"https:\/\/wa.link\/vpicfd\"><img data-recalc-dims=\"1\" class=\"wp-image-4922\" style=\"aspect-ratio: 2.0253164556962027; width: 561px; height: auto;\" src=\"https:\/\/i0.wp.com\/ismaelcolosi.com.br\/wp-content\/uploads\/2023\/11\/grupo-de-empregos-whatsapp-e-facebook-ismael-colosi-vagas.jpg?ssl=1\" alt=\"\" \/><\/a><\/p>\n<!-- \/wp:image -->\n<\/div>\n<p> <br \/>\n<\/p>\n<div>\n<p>O<strong> deputado federal Adilson Barroso (PL)<\/strong>, com base pol\u00edtica em<strong> Barrinha<\/strong>, na regi\u00e3o de<strong> Ribeir\u00e3o Preto<\/strong>, dever\u00e1 substituir<strong> Carla Zambelli (PL)<\/strong>, que teve o mandato cassado por decis\u00e3o do ministro Alexandre de Moraes, do <strong><a href=\"https:\/\/noticias.stf.jus.br\/postsnoticias\/stf-declara-perda-imediata-de-mandato-da-deputada-federal-carla-zambelli\/\" data-type=\"link\" data-id=\"https:\/\/noticias.stf.jus.br\/postsnoticias\/stf-declara-perda-imediata-de-mandato-da-deputada-federal-carla-zambelli\/\" target=\"_blank\" rel=\"noopener\">STF (Supremo Tribunal Federal)<\/a><\/strong>, ap\u00f3s a <a href=\"https:\/\/www.camara.leg.br\/\" data-type=\"link\" data-id=\"https:\/\/www.camara.leg.br\/\" target=\"_blank\" rel=\"noopener\">C\u00e2mara dos Deputados <\/a>ter mantido o mandato da parlamentar.<\/p>\n<p>Barroso \u00e9 aliado do ex-presidente<strong> Jair Bolsonaro (PL)<\/strong>, e migrou para o PL nas elei\u00e7\u00f5es de 2022. Nas redes, ele se define como \u201cbolsonarista de direita, conservador, patriota, amigo de Bolsonaro, Michele Bolsonaro e Nikolas Ferreira\u201d.<\/p>\n<p>Antes disso, o deputado foi presidente do Patriota e trabalhou, em 2018 e 2021, para trazer Bolsonaro para o partido.<\/p>\n<p>A articula\u00e7\u00e3o, por\u00e9m, fracassou ap\u00f3s Barroso ser expulso da presid\u00eancia da legenda. Ovasco Resende, que era contr\u00e1rio, assumiu a fun\u00e7\u00e3o e minou os planos.<\/p>\n<p><mark style=\"background-color:#fcb900\" class=\"has-inline-color has-black-color\">Barroso j\u00e1 ocupava o cargo na C\u00e2mara em raz\u00e3o de ser o primeiro suplente do deputado federal Guilherme Derrite (PP)<\/mark>, licenciado para exercer o comando da Secretaria de Seguran\u00e7a P\u00fablica de S\u00e3o Paulo \u2013 Derrite voltou ao Legislativo no in\u00edcio de dezembro. Em 2022, Derrite disputou a elei\u00e7\u00e3o como candidato do PL.<\/p>\n<p>Antes de 2022, a atua\u00e7\u00e3o pol\u00edtica de Barroso ficou dentro do Estado de S\u00e3o Paulo. <mark style=\"background-color:#fcb900\" class=\"has-inline-color has-black-color\">Ele foi vereador de Barrinha por dois mandatos, vice-prefeito do munic\u00edpio entre 1997 e 2002.<\/mark><\/p>\n<p>Depois, foi eleito deputado estadual de S\u00e3o Paulo entre 2003 e 2007. Foi fundador do Partido Ecol\u00f3gico Nacional, em 2012, que acabou virando o Patriota.<\/p>\n<figure class=\"wp-block-image size-large\"><img data-recalc-dims=\"1\" fetchpriority=\"high\" decoding=\"async\" width=\"1024\" height=\"630\" src=\"https:\/\/i0.wp.com\/cdn.media-acidadeon.com.br\/ribeiraopreto\/wp-content\/uploads\/sites\/3\/2025\/12\/adilson-barroso-plenario_2025-12-12_16-19-47-1024x630.webp?resize=1024%2C630&#038;ssl=1\" alt=\"adilson barroso plenario 2025 12 12 16 19 47\" class=\"wp-image-139207\" title=\"Saiba quem \u00e9 o deputado da regi\u00e3o de Ribeir\u00e3o Preto que deve substituir Carla Zambelli 1\" srcset=\"https:\/\/cdn.media-acidadeon.com.br\/ribeiraopreto\/wp-content\/uploads\/sites\/3\/2025\/12\/adilson-barroso-plenario_2025-12-12_16-19-47-1024x630.webp 1024w, https:\/\/cdn.media-acidadeon.com.br\/ribeiraopreto\/wp-content\/uploads\/sites\/3\/2025\/12\/adilson-barroso-plenario_2025-12-12_16-19-47-300x185.webp 300w, https:\/\/cdn.media-acidadeon.com.br\/ribeiraopreto\/wp-content\/uploads\/sites\/3\/2025\/12\/adilson-barroso-plenario_2025-12-12_16-19-47-768x472.webp 768w, https:\/\/cdn.media-acidadeon.com.br\/ribeiraopreto\/wp-content\/uploads\/sites\/3\/2025\/12\/adilson-barroso-plenario_2025-12-12_16-19-47-696x428.webp 696w, https:\/\/cdn.media-acidadeon.com.br\/ribeiraopreto\/wp-content\/uploads\/sites\/3\/2025\/12\/adilson-barroso-plenario_2025-12-12_16-19-47-1068x657.webp 1068w, https:\/\/cdn.media-acidadeon.com.br\/ribeiraopreto\/wp-content\/uploads\/sites\/3\/2025\/12\/adilson-barroso-plenario_2025-12-12_16-19-47.webp 1200w\" sizes=\"(max-width: 1024px) 100vw, 1024px\"\/><figcaption class=\"wp-element-caption\">Adilson Barroso esteve na C\u00e2mara dos Deputados ocupando a vaga de Guilherme Derrite (Foto: <em>Kayo Magalh\u00e3es \/ C\u00e2mara dos Deputados<\/em>)<\/figcaption><\/figure>\n<h2 class=\"wp-block-heading\"><strong>Prazo vence na segunda<\/strong><\/h2>\n<p>Barroso disse \u00e0 reportagem que deve ser comunicado oficialmente ainda nesta tarde sobre a posse. Segundo ele, o prazo formal se encerra na pr\u00f3xima segunda-feira.<\/p>\n<p>\u201cO prazo vence na segunda-feira. A decis\u00e3o j\u00e1 foi dada, e decis\u00e3o tem que ser cumprida. Ent\u00e3o, semana que vem a gente est\u00e1 l\u00e1 para trabalhar\u201d, afirmou.<\/p>\n<p>O deputado declarou ainda que j\u00e1 esperava que a cassa\u00e7\u00e3o de Carla Zambelli ocorresse em algum momento, diante do contexto das condena\u00e7\u00f5es que envolvem a parlamentar, mas ressaltou que discorda dos processos que levaram \u00e0 perda do mandato.<\/p>\n<p>\u201cN\u00e3o concordo com o processo ligado ao hacker, com gente ligada \u00e0 esquerda, daquele per\u00edodo da pris\u00e3o do Lula. N\u00e3o d\u00e1 para confiar num processo conduzido dessa forma. Tamb\u00e9m no caso da arma: se fosse, por exemplo, o (Andr\u00e9) Janones (Avante), ele teria feito um acordo, como fez em outro epis\u00f3dio, e estaria livre. Quando \u00e9 algu\u00e9m da direita, acaba sendo condenado e cassado\u201d, disse.<\/p>\n<p>Apesar das cr\u00edticas, Barroso afirmou que decis\u00f5es judiciais devem ser respeitadas. \u201cEu n\u00e3o concordo com nenhum desses processos, nem com as condena\u00e7\u00f5es. Mas decis\u00e3o judicial se cumpre, se aceita\u201d, concluiu (com informa\u00e7\u00f5es <strong>Por Levy Teles e Jo\u00e3o Pedro Bitencourt\/Estad\u00e3o Conte\u00fado<\/strong>).<\/p>\n<p>SAIBA MAIS<br \/>Virada no tempo com risco de temporais; Veja previs\u00e3o para o fim de semana<\/p>\n<h2 class=\"wp-block-heading\"><strong>FIQUE ON<\/strong><\/h2>\n<p>Fique ligado em tudo que acontece em Ribeir\u00e3o Preto e regi\u00e3o. Siga os perfis do<strong>\u00a0acidade on<\/strong>\u00a0no<a href=\"https:\/\/www.instagram.com\/acidadeonribeirao\" target=\"_blank\" rel=\"noreferrer noopener\">\u00a0Instagram\u00a0<\/a>e no\u00a0<a href=\"https:\/\/www.facebook.com\/acidadeonribeirao\/\" target=\"_blank\" rel=\"noreferrer noopener\">Facebook<\/a>.<\/p>\n<p>Receba not\u00edcias do\u00a0<strong>acidade on\u00a0<\/strong>no WhatsApp. Para entrar no grupo,\u00a0basta<a href=\"https:\/\/chat.whatsapp.com\/GFH9HUMUTHNFJdnyEd0xxq\" target=\"_blank\" rel=\"noreferrer noopener\">\u00a0clicar aqui<\/a>. Ou, acesse o nosso\u00a0Canal\u00a0<a href=\"https:\/\/whatsapp.com\/channel\/0029Vb6IQl1JENyAeS57fk2p\" target=\"_blank\" rel=\"noreferrer noopener\">clicando aqui<\/a>.<\/p>\n<p>Fa\u00e7a uma den\u00fancia ou sugira uma reportagem sobre Ribeir\u00e3o Preto e regi\u00e3o pelo WhatsApp: 16 99117 7802.<\/p>\n<p>VEJA TAMB\u00c9M<br \/>Lotof\u00e1cil 3560: sete apostas dividem pr\u00eamio m\u00e1ximo; veja cidades<\/p>\n<p><!-- AI CONTENT END 1 -->\n<\/div>\n<p><script async src=\"\/\/www.instagram.com\/embed.js\"><\/script><br \/>\n<br \/><br \/>\n<br \/><a href=\"https:\/\/www.acidadeon.com\/ribeiraopreto\/politica\/saiba-quem-e-o-deputado-da-regiao-de-ribeirao-preto-que-deve-substituir-carla-zambelli\/\">Source link <\/a><\/p>\n<!-- CONTENT END 1 -->\n","protected":false},"excerpt":{"rendered":"<p>O deputado federal Adilson Barroso (PL), com base pol\u00edtica em Barrinha, na regi\u00e3o de Ribeir\u00e3o Preto, dever\u00e1 substituir Carla Zambelli (PL), que teve o mandato&#8230;<\/p>\n","protected":false},"author":1,"featured_media":80751,"comment_status":"open","ping_status":"open","sticky":false,"template":"","format":"standard","meta":{"advanced_seo_description":"","jetpack_seo_html_title":"","jetpack_seo_noindex":false,"jetpack_post_was_ever_published":false,"_jetpack_newsletter_access":"","_jetpack_dont_email_post_to_subs":false,"_jetpack_newsletter_tier_id":0,"_jetpack_memberships_contains_paywalled_content":false,"_jetpack_memberships_contains_paid_content":false,"footnotes":"","jetpack_publicize_message":"","jetpack_publicize_feature_enabled":true,"jetpack_social_post_already_shared":true,"jetpack_social_options":{"image_generator_settings":{"template":"highway","default_image_id":0,"font":"","enabled":false},"version":2}},"categories":[11],"tags":[],"class_list":["post-80750","post","type-post","status-publish","format-standard","has-post-thumbnail","hentry","category-noticias-de-ribeirao-preto-sp-e-regiao-ismael-colosi"],"jetpack_publicize_connections":[],"jetpack_featured_media_url":"https:\/\/i0.wp.com\/noticiasribeiraopreto.com.br\/wp-content\/uploads\/2025\/12\/adilson-barroso-bolsonaro_2025-12-12_16-18-57.webp.webp?fit=1200%2C1043&ssl=1","jetpack-related-posts":[{"id":80834,"url":"https:\/\/noticiasribeiraopreto.com.br\/index.php\/2025\/12\/15\/carla-zambelli-renuncia-ao-mandato-e-camara-convoca-deputado-da-regiao-de-ribeirao-preto\/","url_meta":{"origin":80750,"position":0},"title":"Carla Zambelli renuncia ao mandato e C\u00e2mara convoca deputado da regi\u00e3o de Ribeir\u00e3o Preto","author":"noticiasribeiraopreto.com.br","date":"15 de December de 2025","format":false,"excerpt":"O presidente da C\u00e2mara dos Deputados, Hugo Motta (Republicanos-PB), informou neste domingo (14) que a deputada federal Carla Zambelli (PL-SP) apresentou ren\u00fancia ao mandato parlamentar. A decis\u00e3o ocorreu ap\u00f3s determina\u00e7\u00e3o do STF (Supremo Tribunal Federal) que estabeleceu prazo de 48 horas para a posse do suplente. Em nota oficial, a\u2026","rel":"","context":"In &quot;Not\u00edcias de Ribeir\u00e3o Preto-SP e Regi\u00e3o&quot;","block_context":{"text":"Not\u00edcias de Ribeir\u00e3o Preto-SP e Regi\u00e3o","link":"https:\/\/noticiasribeiraopreto.com.br\/index.php\/category\/noticias-de-ribeirao-preto-sp-e-regiao-ismael-colosi\/"},"img":{"alt_text":"","src":"https:\/\/i0.wp.com\/noticiasribeiraopreto.com.br\/wp-content\/uploads\/2025\/12\/adilson-barroso-plenario_2025-12-12_16-19-47.webp.webp?fit=1200%2C738&ssl=1&resize=350%2C200","width":350,"height":200,"srcset":"https:\/\/i0.wp.com\/noticiasribeiraopreto.com.br\/wp-content\/uploads\/2025\/12\/adilson-barroso-plenario_2025-12-12_16-19-47.webp.webp?fit=1200%2C738&ssl=1&resize=350%2C200 1x, https:\/\/i0.wp.com\/noticiasribeiraopreto.com.br\/wp-content\/uploads\/2025\/12\/adilson-barroso-plenario_2025-12-12_16-19-47.webp.webp?fit=1200%2C738&ssl=1&resize=525%2C300 1.5x, https:\/\/i0.wp.com\/noticiasribeiraopreto.com.br\/wp-content\/uploads\/2025\/12\/adilson-barroso-plenario_2025-12-12_16-19-47.webp.webp?fit=1200%2C738&ssl=1&resize=700%2C400 2x, https:\/\/i0.wp.com\/noticiasribeiraopreto.com.br\/wp-content\/uploads\/2025\/12\/adilson-barroso-plenario_2025-12-12_16-19-47.webp.webp?fit=1200%2C738&ssl=1&resize=1050%2C600 3x"},"classes":[]},{"id":71164,"url":"https:\/\/noticiasribeiraopreto.com.br\/index.php\/2025\/06\/03\/deputada-nascida-em-ribeirao-diz-que-deixou-o-brasil-apos-condenacao-pelo-stf\/","url_meta":{"origin":80750,"position":1},"title":"Deputada nascida em Ribeir\u00e3o diz que deixou o Brasil ap\u00f3s condena\u00e7\u00e3o pelo STF","author":"noticiasribeiraopreto.com.br","date":"3 de June de 2025","format":false,"excerpt":"A deputada federal Carla Zambelli (PL), que \u00e9 natural de Ribeir\u00e3o Preto, afirmou nesta ter\u00e7a-feira (3), que deixou o Brasil. A parlamentar disse estar fora do Pa\u00eds h\u00e1 alguns dias, a princ\u00edpio para buscar tratamento m\u00e9dico. Contudo, ela informou que vai pedir licen\u00e7a n\u00e3o remunerada de seu mandato na C\u00e2mara\u2026","rel":"","context":"In &quot;Not\u00edcias de Ribeir\u00e3o Preto-SP e Regi\u00e3o&quot;","block_context":{"text":"Not\u00edcias de Ribeir\u00e3o Preto-SP e Regi\u00e3o","link":"https:\/\/noticiasribeiraopreto.com.br\/index.php\/category\/noticias-de-ribeirao-preto-sp-e-regiao-ismael-colosi\/"},"img":{"alt_text":"","src":"https:\/\/i0.wp.com\/noticiasribeiraopreto.com.br\/wp-content\/uploads\/2024\/09\/lula1069-10_2024-09-26_19-47-04.webp.webp?fit=1170%2C700&ssl=1&resize=350%2C200","width":350,"height":200,"srcset":"https:\/\/i0.wp.com\/noticiasribeiraopreto.com.br\/wp-content\/uploads\/2024\/09\/lula1069-10_2024-09-26_19-47-04.webp.webp?fit=1170%2C700&ssl=1&resize=350%2C200 1x, https:\/\/i0.wp.com\/noticiasribeiraopreto.com.br\/wp-content\/uploads\/2024\/09\/lula1069-10_2024-09-26_19-47-04.webp.webp?fit=1170%2C700&ssl=1&resize=525%2C300 1.5x, https:\/\/i0.wp.com\/noticiasribeiraopreto.com.br\/wp-content\/uploads\/2024\/09\/lula1069-10_2024-09-26_19-47-04.webp.webp?fit=1170%2C700&ssl=1&resize=700%2C400 2x, https:\/\/i0.wp.com\/noticiasribeiraopreto.com.br\/wp-content\/uploads\/2024\/09\/lula1069-10_2024-09-26_19-47-04.webp.webp?fit=1170%2C700&ssl=1&resize=1050%2C600 3x"},"classes":[]},{"id":65913,"url":"https:\/\/noticiasribeiraopreto.com.br\/index.php\/2025\/03\/25\/carla-zambelli-rebate-declaracao-de-bolsonaro-sobre-derrota-em-2022\/","url_meta":{"origin":80750,"position":2},"title":"Carla Zambelli Rebate Declara\u00e7\u00e3o de Bolsonaro sobre Derrota em 2022","author":"noticiasribeiraopreto.com.br","date":"25 de March de 2025","format":false,"excerpt":"A deputada federal Carla Zambelli (PL-SP) respondeu \u00e0s declara\u00e7\u00f5es do ex-presidente Jair Bolsonaro, que sugeriu que sua derrota nas elei\u00e7\u00f5es de 2022 foi influenciada por um epis\u00f3dio envolvendo a parlamentar. Bolsonaro referiu-se ao incidente em que Zambelli perseguiu um homem com uma arma em S\u00e3o Paulo, na v\u00e9spera do segundo\u2026","rel":"","context":"In &quot;Not\u00edcias de Ribeir\u00e3o Preto-SP e Regi\u00e3o&quot;","block_context":{"text":"Not\u00edcias de Ribeir\u00e3o Preto-SP e Regi\u00e3o","link":"https:\/\/noticiasribeiraopreto.com.br\/index.php\/category\/noticias-de-ribeirao-preto-sp-e-regiao-ismael-colosi\/"},"img":{"alt_text":"","src":"https:\/\/i0.wp.com\/noticiasribeiraopreto.com.br\/wp-content\/uploads\/2025\/03\/lula0996-3.webp.webp?fit=770%2C473&ssl=1&resize=350%2C200","width":350,"height":200,"srcset":"https:\/\/i0.wp.com\/noticiasribeiraopreto.com.br\/wp-content\/uploads\/2025\/03\/lula0996-3.webp.webp?fit=770%2C473&ssl=1&resize=350%2C200 1x, https:\/\/i0.wp.com\/noticiasribeiraopreto.com.br\/wp-content\/uploads\/2025\/03\/lula0996-3.webp.webp?fit=770%2C473&ssl=1&resize=525%2C300 1.5x, https:\/\/i0.wp.com\/noticiasribeiraopreto.com.br\/wp-content\/uploads\/2025\/03\/lula0996-3.webp.webp?fit=770%2C473&ssl=1&resize=700%2C400 2x"},"classes":[]},{"id":71311,"url":"https:\/\/noticiasribeiraopreto.com.br\/index.php\/2025\/06\/04\/deputada-natural-de-ribeirao-preto-tem-prisao-preventiva-decretada-por-morais\/","url_meta":{"origin":80750,"position":3},"title":"Deputada natural de Ribeir\u00e3o Preto tem pris\u00e3o preventiva decretada por Morais","author":"noticiasribeiraopreto.com.br","date":"4 de June de 2025","format":false,"excerpt":"Foi decretada a pris\u00e3o preventiva da deputada Carla Zambelli (PL), natural de Ribeir\u00e3o Preto, nesta quarta-feira (4), pelo ministro do STF (Supremo Tribunal Federal), Alexandre de Moraes. Na \u00faltima ter\u00e7a-feira, a ribeir\u00e3o-pretana disse que deixou o Brasil. Em maio, Zambelli foi condenada por unanimidade pelo STF (Supremo Tribunal Federal) a\u2026","rel":"","context":"In &quot;Not\u00edcias de Ribeir\u00e3o Preto-SP e Regi\u00e3o&quot;","block_context":{"text":"Not\u00edcias de Ribeir\u00e3o Preto-SP e Regi\u00e3o","link":"https:\/\/noticiasribeiraopreto.com.br\/index.php\/category\/noticias-de-ribeirao-preto-sp-e-regiao-ismael-colosi\/"},"img":{"alt_text":"","src":"https:\/\/i0.wp.com\/noticiasribeiraopreto.com.br\/wp-content\/uploads\/2025\/06\/img20220706213323124-scaled.jpg?fit=1200%2C800&ssl=1&resize=350%2C200","width":350,"height":200,"srcset":"https:\/\/i0.wp.com\/noticiasribeiraopreto.com.br\/wp-content\/uploads\/2025\/06\/img20220706213323124-scaled.jpg?fit=1200%2C800&ssl=1&resize=350%2C200 1x, https:\/\/i0.wp.com\/noticiasribeiraopreto.com.br\/wp-content\/uploads\/2025\/06\/img20220706213323124-scaled.jpg?fit=1200%2C800&ssl=1&resize=525%2C300 1.5x, https:\/\/i0.wp.com\/noticiasribeiraopreto.com.br\/wp-content\/uploads\/2025\/06\/img20220706213323124-scaled.jpg?fit=1200%2C800&ssl=1&resize=700%2C400 2x, https:\/\/i0.wp.com\/noticiasribeiraopreto.com.br\/wp-content\/uploads\/2025\/06\/img20220706213323124-scaled.jpg?fit=1200%2C800&ssl=1&resize=1050%2C600 3x"},"classes":[]},{"id":77372,"url":"https:\/\/noticiasribeiraopreto.com.br\/index.php\/2025\/09\/17\/maioria-dos-deputados-da-regiao-votou-para-dificultar-processos-criminais-contra-eles-mesmos\/","url_meta":{"origin":80750,"position":4},"title":"Maioria dos deputados da regi\u00e3o votou para dificultar processos criminais contra eles mesmos","author":"noticiasribeiraopreto.com.br","date":"17 de September de 2025","format":false,"excerpt":"17 de setembro de 2025 14:123 Compartilhar0 A \u2018PEC da Blindagem\u2019, como ficou conhecida, amplia o Foro privilegiado para os deputados e dificulta a instaura\u00e7\u00e3o de processos Dos cinco deputados federais da regi\u00e3o de Ribeir\u00e3o Preto, tr\u00eas votaram a favor da Proposta de Emenda Constitucional (PEC) da Blindagem que quer\u2026","rel":"","context":"In &quot;Not\u00edcias de Ribeir\u00e3o Preto-SP e Regi\u00e3o&quot;","block_context":{"text":"Not\u00edcias de Ribeir\u00e3o Preto-SP e Regi\u00e3o","link":"https:\/\/noticiasribeiraopreto.com.br\/index.php\/category\/noticias-de-ribeirao-preto-sp-e-regiao-ismael-colosi\/"},"img":{"alt_text":"","src":"https:\/\/i0.wp.com\/noticiasribeiraopreto.com.br\/wp-content\/uploads\/2025\/09\/deputados-.jpg?fit=960%2C640&ssl=1&resize=350%2C200","width":350,"height":200,"srcset":"https:\/\/i0.wp.com\/noticiasribeiraopreto.com.br\/wp-content\/uploads\/2025\/09\/deputados-.jpg?fit=960%2C640&ssl=1&resize=350%2C200 1x, https:\/\/i0.wp.com\/noticiasribeiraopreto.com.br\/wp-content\/uploads\/2025\/09\/deputados-.jpg?fit=960%2C640&ssl=1&resize=525%2C300 1.5x, https:\/\/i0.wp.com\/noticiasribeiraopreto.com.br\/wp-content\/uploads\/2025\/09\/deputados-.jpg?fit=960%2C640&ssl=1&resize=700%2C400 2x"},"classes":[]},{"id":58291,"url":"https:\/\/noticiasribeiraopreto.com.br\/index.php\/2024\/09\/23\/zambelli-e-hacker-preso-em-ribeirao-devem-prestar-depoimento-ao-stf-nesta-semana\/","url_meta":{"origin":80750,"position":5},"title":"Zambelli e hacker preso em Ribeir\u00e3o devem prestar depoimento ao STF nesta semana","author":"noticiasribeiraopreto.com.br","date":"23 de September de 2024","format":false,"excerpt":"A deputada federal Carla Zambelli (PL-SP) deve prestar depoimento ao Supremo Tribunal Federal (STF) na pr\u00f3xima quinta-feira (26). A oitiva ocorrer\u00e1 na a\u00e7\u00e3o penal na qual a parlamentar e o hacker Walter Delgatti s\u00e3o r\u00e9us pela invas\u00e3o ao sistema eletr\u00f4nico do Conselho Nacional de Justi\u00e7a (CNJ), em 2023. O depoimento\u2026","rel":"","context":"In &quot;Not\u00edcias de Ribeir\u00e3o Preto-SP e Regi\u00e3o&quot;","block_context":{"text":"Not\u00edcias de Ribeir\u00e3o Preto-SP e Regi\u00e3o","link":"https:\/\/noticiasribeiraopreto.com.br\/index.php\/category\/noticias-de-ribeirao-preto-sp-e-regiao-ismael-colosi\/"},"img":{"alt_text":"","src":"https:\/\/i0.wp.com\/noticiasribeiraopreto.com.br\/wp-content\/uploads\/2024\/09\/Copia-de-Copia-de-TAMANHO-EXATO-PARA-FOTOS-NO-SISTEMA-NOVO-26_2024-05-21_19-04-52_jpg_2024-05-21_19-04-53.webp.webp?fit=1200%2C675&ssl=1&resize=350%2C200","width":350,"height":200,"srcset":"https:\/\/i0.wp.com\/noticiasribeiraopreto.com.br\/wp-content\/uploads\/2024\/09\/Copia-de-Copia-de-TAMANHO-EXATO-PARA-FOTOS-NO-SISTEMA-NOVO-26_2024-05-21_19-04-52_jpg_2024-05-21_19-04-53.webp.webp?fit=1200%2C675&ssl=1&resize=350%2C200 1x, https:\/\/i0.wp.com\/noticiasribeiraopreto.com.br\/wp-content\/uploads\/2024\/09\/Copia-de-Copia-de-TAMANHO-EXATO-PARA-FOTOS-NO-SISTEMA-NOVO-26_2024-05-21_19-04-52_jpg_2024-05-21_19-04-53.webp.webp?fit=1200%2C675&ssl=1&resize=525%2C300 1.5x, https:\/\/i0.wp.com\/noticiasribeiraopreto.com.br\/wp-content\/uploads\/2024\/09\/Copia-de-Copia-de-TAMANHO-EXATO-PARA-FOTOS-NO-SISTEMA-NOVO-26_2024-05-21_19-04-52_jpg_2024-05-21_19-04-53.webp.webp?fit=1200%2C675&ssl=1&resize=700%2C400 2x, https:\/\/i0.wp.com\/noticiasribeiraopreto.com.br\/wp-content\/uploads\/2024\/09\/Copia-de-Copia-de-TAMANHO-EXATO-PARA-FOTOS-NO-SISTEMA-NOVO-26_2024-05-21_19-04-52_jpg_2024-05-21_19-04-53.webp.webp?fit=1200%2C675&ssl=1&resize=1050%2C600 3x"},"classes":[]}],"jetpack_sharing_enabled":true,"jetpack_shortlink":"https:\/\/wp.me\/peQAOb-l0q","_links":{"self":[{"href":"https:\/\/noticiasribeiraopreto.com.br\/index.php\/wp-json\/wp\/v2\/posts\/80750","targetHints":{"allow":["GET"]}}],"collection":[{"href":"https:\/\/noticiasribeiraopreto.com.br\/index.php\/wp-json\/wp\/v2\/posts"}],"about":[{"href":"https:\/\/noticiasribeiraopreto.com.br\/index.php\/wp-json\/wp\/v2\/types\/post"}],"author":[{"embeddable":true,"href":"https:\/\/noticiasribeiraopreto.com.br\/index.php\/wp-json\/wp\/v2\/users\/1"}],"replies":[{"embeddable":true,"href":"https:\/\/noticiasribeiraopreto.com.br\/index.php\/wp-json\/wp\/v2\/comments?post=80750"}],"version-history":[{"count":0,"href":"https:\/\/noticiasribeiraopreto.com.br\/index.php\/wp-json\/wp\/v2\/posts\/80750\/revisions"}],"wp:featuredmedia":[{"embeddable":true,"href":"https:\/\/noticiasribeiraopreto.com.br\/index.php\/wp-json\/wp\/v2\/media\/80751"}],"wp:attachment":[{"href":"https:\/\/noticiasribeiraopreto.com.br\/index.php\/wp-json\/wp\/v2\/media?parent=80750"}],"wp:term":[{"taxonomy":"category","embeddable":true,"href":"https:\/\/noticiasribeiraopreto.com.br\/index.php\/wp-json\/wp\/v2\/categories?post=80750"},{"taxonomy":"post_tag","embeddable":true,"href":"https:\/\/noticiasribeiraopreto.com.br\/index.php\/wp-json\/wp\/v2\/tags?post=80750"}],"curies":[{"name":"wp","href":"https:\/\/api.w.org\/{rel}","templated":true}]}}