{"id":80754,"date":"2025-12-13T05:26:33","date_gmt":"2025-12-13T08:26:33","guid":{"rendered":"https:\/\/noticiasribeiraopreto.com.br\/index.php\/2025\/12\/13\/tornado-entenda-fenomeno-registrado-no-interior-de-sp\/"},"modified":"2025-12-13T05:26:33","modified_gmt":"2025-12-13T08:26:33","slug":"tornado-entenda-fenomeno-registrado-no-interior-de-sp","status":"publish","type":"post","link":"https:\/\/noticiasribeiraopreto.com.br\/index.php\/2025\/12\/13\/tornado-entenda-fenomeno-registrado-no-interior-de-sp\/","title":{"rendered":"Tornado? Entenda fen\u00f4meno registrado no interior de SP"},"content":{"rendered":"<div class='code-block code-block-1' style='margin: 8px 0 8px auto; text-align: right; display: block; clear: both;'>\n<p><a href=\"https:\/\/wa.link\/vpicfd\"><img data-recalc-dims=\"1\" class=\"wp-image-4922\" style=\"aspect-ratio: 2.0253164556962027; width: 561px; height: auto;\" src=\"https:\/\/i0.wp.com\/ismaelcolosi.com.br\/wp-content\/uploads\/2023\/11\/grupo-de-empregos-whatsapp-e-facebook-ismael-colosi-vagas.jpg?ssl=1\" alt=\"\" \/><\/a><\/p>\n<!-- \/wp:image -->\n<\/div>\n<p> <br \/>\n<\/p>\n<div data-td-block-uid=\"tdi_95\">\n<div class=\"tdb-block-inner td-fix-index\">\n<p>Um v\u00eddeo registrado na <strong>\u00e1rea rural de Oscar Bressane<\/strong>, no interior de S\u00e3o Paulo, na tarde desta <strong>sexta-feira<\/strong>, gerou d\u00favidas sobre a forma\u00e7\u00e3o de um poss\u00edvel tornado. Por\u00e9m, de acordo com a Defesa Civil, o fen\u00f4meno observado n\u00e3o corresponde a um tornado tradicional: trata-se de um <strong>landspout<\/strong>.<\/p>\n<div class=\"wp-block-image\">\n<figure class=\"aligncenter size-large\"><img data-recalc-dims=\"1\" fetchpriority=\"high\" decoding=\"async\" width=\"1024\" height=\"576\" src=\"https:\/\/i0.wp.com\/cdn.media-acidadeon.com.br\/ribeiraopreto\/wp-content\/uploads\/sites\/3\/2025\/12\/image_2025-12-12_23-05-05-1024x576.webp?resize=1024%2C576&#038;ssl=1\" alt=\"image 2025 12 12 23 05 05\" class=\"wp-image-139271\" title=\"Tornado? Entenda fen\u00f4meno registrado no interior de SP 1\" srcset=\"https:\/\/cdn.media-acidadeon.com.br\/ribeiraopreto\/wp-content\/uploads\/sites\/3\/2025\/12\/image_2025-12-12_23-05-05-1024x576.webp 1024w, https:\/\/cdn.media-acidadeon.com.br\/ribeiraopreto\/wp-content\/uploads\/sites\/3\/2025\/12\/image_2025-12-12_23-05-05-300x169.webp 300w, https:\/\/cdn.media-acidadeon.com.br\/ribeiraopreto\/wp-content\/uploads\/sites\/3\/2025\/12\/image_2025-12-12_23-05-05-768x432.webp 768w, https:\/\/cdn.media-acidadeon.com.br\/ribeiraopreto\/wp-content\/uploads\/sites\/3\/2025\/12\/image_2025-12-12_23-05-05-696x392.webp 696w, https:\/\/cdn.media-acidadeon.com.br\/ribeiraopreto\/wp-content\/uploads\/sites\/3\/2025\/12\/image_2025-12-12_23-05-05-1068x601.webp 1068w, https:\/\/cdn.media-acidadeon.com.br\/ribeiraopreto\/wp-content\/uploads\/sites\/3\/2025\/12\/image_2025-12-12_23-05-05.webp 1200w\" sizes=\"(max-width: 1024px) 100vw, 1024px\"\/><\/figure>\n<\/div>\n<h3 class=\"wp-block-heading\"><strong>O que \u00e9 um landspout?<\/strong><\/h3>\n<p>O landspout \u00e9 uma varia\u00e7\u00e3o mais fraca de tornado. Ele se forma de maneira diferente dos tornados cl\u00e1ssicos, que nascem dentro de tempestades intensas j\u00e1 em rota\u00e7\u00e3o. No landspout, <strong>a rota\u00e7\u00e3o come\u00e7a no solo<\/strong>.<\/p>\n<p>Quando o ar quente sobe, esse giro inicial se \u201cestica\u201d e cria um <strong>funil estreito<\/strong>, capaz de levantar poeira e pequenos detritos.<\/p>\n<h3 class=\"wp-block-heading\"><strong>Veja v\u00eddeo:<\/strong><\/h3>\n<blockquote class=\"instagram-media\" data-instgrm-permalink=\"https:\/\/www.instagram.com\/reel\/DSLmuB-jqbO\/?utm_source=ig_embed&amp;utm_campaign=loading\" data-instgrm-version=\"14\" style=\" background:#FFF; border:0; border-radius:3px; box-shadow:0 0 1px 0 rgba(0,0,0,0.5),0 1px 10px 0 rgba(0,0,0,0.15); margin: 1px; max-width:540px; min-width:326px; padding:0; width:99.375%; width:-webkit-calc(100% - 2px); width:calc(100% - 2px);\"\/>\n<h3 class=\"wp-block-heading\"><strong>Landspout x tornado cl\u00e1ssico<\/strong><\/h3>\n<p>Diferente dos tornados tradicionais, que exigem tempestades robustas e j\u00e1 girando, o landspout se origina antes do desenvolvimento total da nuvem. Por isso, costuma apresentar <strong>menor for\u00e7a<\/strong>, <strong>menos danos<\/strong> e <strong>menor tempo de vida<\/strong>.<\/p>\n<hr class=\"wp-block-separator has-alpha-channel-opacity\"\/>\n<p>SAIBA MAIS<\/p>\n<p>Domingo de eventos muda tr\u00e2nsito em Ribeir\u00e3o Preto; confira rotas<\/p>\n<h2 class=\"wp-block-heading\"><strong>FIQUE ON<\/strong><\/h2>\n<p>Fique ligado em tudo que acontece em Ribeir\u00e3o Preto e regi\u00e3o. Siga os perfis do<strong>\u00a0acidade on<\/strong>\u00a0no<a href=\"https:\/\/www.instagram.com\/acidadeonribeirao\" target=\"_blank\" rel=\"noreferrer noopener\">\u00a0Instagram\u00a0<\/a>e no\u00a0<a href=\"https:\/\/www.facebook.com\/acidadeonribeirao\/\" target=\"_blank\" rel=\"noreferrer noopener\">Facebook<\/a>.<\/p>\n<p>Receba not\u00edcias do\u00a0<strong>acidade on\u00a0<\/strong>no WhatsApp. Para entrar no grupo,\u00a0basta<a href=\"https:\/\/chat.whatsapp.com\/GFH9HUMUTHNFJdnyEd0xxq\" target=\"_blank\" rel=\"noreferrer noopener\">\u00a0clicar aqui<\/a>. Ou, acesse o nosso\u00a0Canal\u00a0<a href=\"https:\/\/whatsapp.com\/channel\/0029Vb6IQl1JENyAeS57fk2p\" target=\"_blank\" rel=\"noreferrer noopener\">clicando aqui<\/a>.<\/p>\n<p>Fa\u00e7a uma den\u00fancia ou sugira uma reportagem sobre Ribeir\u00e3o Preto e regi\u00e3o pelo WhatsApp: 16 99117 7802.<\/p>\n<p>VEJA TAMB\u00c9M<br \/>Lotof\u00e1cil 3560: sete apostas dividem pr\u00eamio m\u00e1ximo; veja cidades<\/p>\n<p><!-- AI CONTENT END 1 -->\n<\/div>\n<\/div>\n<p><script async src=\"\/\/www.instagram.com\/embed.js\"><\/script><br \/>\n<br \/><br \/>\n<br \/><a href=\"https:\/\/www.acidadeon.com\/ribeiraopreto\/cotidiano\/tornado-entenda-fenomeno-registrado-no-interior-de-sp\/\">Source link <\/a><\/p>\n<!-- CONTENT END 1 -->\n","protected":false},"excerpt":{"rendered":"<p>Um v\u00eddeo registrado na \u00e1rea rural de Oscar Bressane, no interior de S\u00e3o Paulo, na tarde desta sexta-feira, gerou d\u00favidas sobre a forma\u00e7\u00e3o de um&#8230;<\/p>\n","protected":false},"author":1,"featured_media":80755,"comment_status":"open","ping_status":"open","sticky":false,"template":"","format":"standard","meta":{"advanced_seo_description":"","jetpack_seo_html_title":"","jetpack_seo_noindex":false,"jetpack_post_was_ever_published":false,"_jetpack_newsletter_access":"","_jetpack_dont_email_post_to_subs":false,"_jetpack_newsletter_tier_id":0,"_jetpack_memberships_contains_paywalled_content":false,"_jetpack_memberships_contains_paid_content":false,"footnotes":"","jetpack_publicize_message":"","jetpack_publicize_feature_enabled":true,"jetpack_social_post_already_shared":true,"jetpack_social_options":{"image_generator_settings":{"template":"highway","default_image_id":0,"font":"","enabled":false},"version":2}},"categories":[11],"tags":[],"class_list":["post-80754","post","type-post","status-publish","format-standard","has-post-thumbnail","hentry","category-noticias-de-ribeirao-preto-sp-e-regiao-ismael-colosi"],"jetpack_publicize_connections":[],"jetpack_featured_media_url":"https:\/\/i0.wp.com\/noticiasribeiraopreto.com.br\/wp-content\/uploads\/2025\/12\/image_2025-12-12_23-04-34.webp.webp?fit=1200%2C675&ssl=1","jetpack-related-posts":[{"id":57612,"url":"https:\/\/noticiasribeiraopreto.com.br\/index.php\/2024\/09\/05\/grande-redemoinho-de-poeira-e-flagrado-na-regiao-de-ribeirao-preto-veja-video\/","url_meta":{"origin":80754,"position":0},"title":"Grande redemoinho de poeira \u00e9 flagrado na regi\u00e3o de Ribeir\u00e3o Preto; Veja v\u00eddeo","author":"noticiasribeiraopreto.com.br","date":"5 de September de 2024","format":false,"excerpt":"Um grande redemoinho de poeira foi registrado nesta quinta (5), na Fazenda Tr\u00eas Barras, em Pitangueiras, na regi\u00e3o de Ribeir\u00e3o Preto. Assista ao v\u00eddeo abaixo. Segundo a Climatempo, o calor intenso possibilita a ocorr\u00eancia deste fen\u00f4meno. O que \u00e9? Os redemoinhos de poeira est\u00e3o associados a uma regi\u00e3o de baixa\u2026","rel":"","context":"In &quot;Not\u00edcias de Ribeir\u00e3o Preto-SP e Regi\u00e3o&quot;","block_context":{"text":"Not\u00edcias de Ribeir\u00e3o Preto-SP e Regi\u00e3o","link":"https:\/\/noticiasribeiraopreto.com.br\/index.php\/category\/noticias-de-ribeirao-preto-sp-e-regiao-ismael-colosi\/"},"img":{"alt_text":"","src":"https:\/\/i0.wp.com\/noticiasribeiraopreto.com.br\/wp-content\/uploads\/2024\/09\/WhatsApp-Image-2024-09-05-at-12.01.16_2024-09-05_15-01-57_jpeg_2024-09-05_15-01-57.webp.webp?fit=1200%2C1084&ssl=1&resize=350%2C200","width":350,"height":200,"srcset":"https:\/\/i0.wp.com\/noticiasribeiraopreto.com.br\/wp-content\/uploads\/2024\/09\/WhatsApp-Image-2024-09-05-at-12.01.16_2024-09-05_15-01-57_jpeg_2024-09-05_15-01-57.webp.webp?fit=1200%2C1084&ssl=1&resize=350%2C200 1x, https:\/\/i0.wp.com\/noticiasribeiraopreto.com.br\/wp-content\/uploads\/2024\/09\/WhatsApp-Image-2024-09-05-at-12.01.16_2024-09-05_15-01-57_jpeg_2024-09-05_15-01-57.webp.webp?fit=1200%2C1084&ssl=1&resize=525%2C300 1.5x, https:\/\/i0.wp.com\/noticiasribeiraopreto.com.br\/wp-content\/uploads\/2024\/09\/WhatsApp-Image-2024-09-05-at-12.01.16_2024-09-05_15-01-57_jpeg_2024-09-05_15-01-57.webp.webp?fit=1200%2C1084&ssl=1&resize=700%2C400 2x, https:\/\/i0.wp.com\/noticiasribeiraopreto.com.br\/wp-content\/uploads\/2024\/09\/WhatsApp-Image-2024-09-05-at-12.01.16_2024-09-05_15-01-57_jpeg_2024-09-05_15-01-57.webp.webp?fit=1200%2C1084&ssl=1&resize=1050%2C600 3x"},"classes":[]},{"id":8390,"url":"https:\/\/noticiasribeiraopreto.com.br\/index.php\/2023\/11\/30\/video-impressionante-mostra-o-sexto-tornado-que-atingiu-o-estado-catarinense-em-novembro\/","url_meta":{"origin":80754,"position":1},"title":"V\u00eddeo impressionante mostra o sexto tornado que atingiu o estado catarinense em novembro","author":"noticiasribeiraopreto.com.br","date":"30 de November de 2023","format":false,"excerpt":"O m\u00eas de novembro est\u00e1 se despedindo como um dos mais chuvosos da hist\u00f3ria recente do estado de Santa Catarina que vem sofrendo com precipita\u00e7\u00f5es intensas de chuvas, tempestades, rajadas de ventos e tornados.Nas \u00faltimas horas um v\u00eddeo que vem circulando nas redes sociais e que ganhou destaque nos principais\u2026","rel":"","context":"In &quot;Blog&quot;","block_context":{"text":"Blog","link":"https:\/\/noticiasribeiraopreto.com.br\/index.php\/category\/blog\/"},"img":{"alt_text":"","src":"https:\/\/i0.wp.com\/noticiasribeiraopreto.com.br\/wp-content\/uploads\/2023\/11\/postimg-6568110020ddb1352.jpg?fit=1200%2C628&ssl=1&resize=350%2C200","width":350,"height":200,"srcset":"https:\/\/i0.wp.com\/noticiasribeiraopreto.com.br\/wp-content\/uploads\/2023\/11\/postimg-6568110020ddb1352.jpg?fit=1200%2C628&ssl=1&resize=350%2C200 1x, https:\/\/i0.wp.com\/noticiasribeiraopreto.com.br\/wp-content\/uploads\/2023\/11\/postimg-6568110020ddb1352.jpg?fit=1200%2C628&ssl=1&resize=525%2C300 1.5x, https:\/\/i0.wp.com\/noticiasribeiraopreto.com.br\/wp-content\/uploads\/2023\/11\/postimg-6568110020ddb1352.jpg?fit=1200%2C628&ssl=1&resize=700%2C400 2x, https:\/\/i0.wp.com\/noticiasribeiraopreto.com.br\/wp-content\/uploads\/2023\/11\/postimg-6568110020ddb1352.jpg?fit=1200%2C628&ssl=1&resize=1050%2C600 3x"},"classes":[]},{"id":79837,"url":"https:\/\/noticiasribeiraopreto.com.br\/index.php\/2025\/11\/08\/veja-o-que-se-sabe-sobre-o-tornado-que-deixou-6-mortos-no-interior-do-parana\/","url_meta":{"origin":80754,"position":2},"title":"Veja o que se sabe sobre o tornado que deixou 6 mortos no interior do Paran\u00e1","author":"noticiasribeiraopreto.com.br","date":"8 de November de 2025","format":false,"excerpt":"Um tornado destruiu parte do munic\u00edpio de Rio Bonito do Igua\u00e7u, no interior do estado do Paran\u00e1, na noite desta sexta-feira (7). Segundo a Defesa Civil, o fen\u00f4meno deixou seis mortos \u2013 cinco em Rio Bonito do Igua\u00e7u e um em Guarapuava), al\u00e9m de 750 feridos. O tornado foi classificado\u2026","rel":"","context":"In &quot;Not\u00edcias de Ribeir\u00e3o Preto-SP e Regi\u00e3o&quot;","block_context":{"text":"Not\u00edcias de Ribeir\u00e3o Preto-SP e Regi\u00e3o","link":"https:\/\/noticiasribeiraopreto.com.br\/index.php\/category\/noticias-de-ribeirao-preto-sp-e-regiao-ismael-colosi\/"},"img":{"alt_text":"","src":"https:\/\/i0.wp.com\/noticiasribeiraopreto.com.br\/wp-content\/uploads\/2025\/11\/parana_2025-11-08_16-09-30.webp.webp?fit=1200%2C800&ssl=1&resize=350%2C200","width":350,"height":200,"srcset":"https:\/\/i0.wp.com\/noticiasribeiraopreto.com.br\/wp-content\/uploads\/2025\/11\/parana_2025-11-08_16-09-30.webp.webp?fit=1200%2C800&ssl=1&resize=350%2C200 1x, https:\/\/i0.wp.com\/noticiasribeiraopreto.com.br\/wp-content\/uploads\/2025\/11\/parana_2025-11-08_16-09-30.webp.webp?fit=1200%2C800&ssl=1&resize=525%2C300 1.5x, https:\/\/i0.wp.com\/noticiasribeiraopreto.com.br\/wp-content\/uploads\/2025\/11\/parana_2025-11-08_16-09-30.webp.webp?fit=1200%2C800&ssl=1&resize=700%2C400 2x, https:\/\/i0.wp.com\/noticiasribeiraopreto.com.br\/wp-content\/uploads\/2025\/11\/parana_2025-11-08_16-09-30.webp.webp?fit=1200%2C800&ssl=1&resize=1050%2C600 3x"},"classes":[]},{"id":60688,"url":"https:\/\/noticiasribeiraopreto.com.br\/index.php\/2024\/11\/22\/nuvem-em-espiral-surpreende-moradores-na-regiao-de-ribeirao-mini-tornado-video\/","url_meta":{"origin":80754,"position":3},"title":"Nuvem em espiral\u00a0surpreende moradores na regi\u00e3o de Ribeir\u00e3o: &#8216;mini tornado&#8217;; V\u00eddeo","author":"noticiasribeiraopreto.com.br","date":"22 de November de 2024","format":false,"excerpt":"A forma\u00e7\u00e3o de uma nuvem chamou a aten\u00e7\u00e3o de moradores de Gua\u00edra, na regi\u00e3o de Ribeir\u00e3o Preto, na tarde desta quinta-feira (21). As imagens circulam por redes sociais e os moradores chegaram a chamar de \u201cmini tornado\u201d. Assista ao v\u00eddeo abaixo. A\u00a0Climatempo\u00a0explica que a\u00a0nuvem funil\u00a0\u00e9 considerada o primeiro est\u00e1gio do\u2026","rel":"","context":"In &quot;Not\u00edcias de Ribeir\u00e3o Preto-SP e Regi\u00e3o&quot;","block_context":{"text":"Not\u00edcias de Ribeir\u00e3o Preto-SP e Regi\u00e3o","link":"https:\/\/noticiasribeiraopreto.com.br\/index.php\/category\/noticias-de-ribeirao-preto-sp-e-regiao-ismael-colosi\/"},"img":{"alt_text":"","src":"https:\/\/i0.wp.com\/noticiasribeiraopreto.com.br\/wp-content\/uploads\/2024\/11\/WhatsApp-Image-2024-11-22-at-09.35.29_2024-11-22_12-42-23_jpeg_2024-11-22_12-42-24.webp.webp?fit=1200%2C977&ssl=1&resize=350%2C200","width":350,"height":200,"srcset":"https:\/\/i0.wp.com\/noticiasribeiraopreto.com.br\/wp-content\/uploads\/2024\/11\/WhatsApp-Image-2024-11-22-at-09.35.29_2024-11-22_12-42-23_jpeg_2024-11-22_12-42-24.webp.webp?fit=1200%2C977&ssl=1&resize=350%2C200 1x, https:\/\/i0.wp.com\/noticiasribeiraopreto.com.br\/wp-content\/uploads\/2024\/11\/WhatsApp-Image-2024-11-22-at-09.35.29_2024-11-22_12-42-23_jpeg_2024-11-22_12-42-24.webp.webp?fit=1200%2C977&ssl=1&resize=525%2C300 1.5x, https:\/\/i0.wp.com\/noticiasribeiraopreto.com.br\/wp-content\/uploads\/2024\/11\/WhatsApp-Image-2024-11-22-at-09.35.29_2024-11-22_12-42-23_jpeg_2024-11-22_12-42-24.webp.webp?fit=1200%2C977&ssl=1&resize=700%2C400 2x, https:\/\/i0.wp.com\/noticiasribeiraopreto.com.br\/wp-content\/uploads\/2024\/11\/WhatsApp-Image-2024-11-22-at-09.35.29_2024-11-22_12-42-23_jpeg_2024-11-22_12-42-24.webp.webp?fit=1200%2C977&ssl=1&resize=1050%2C600 3x"},"classes":[]},{"id":57808,"url":"https:\/\/noticiasribeiraopreto.com.br\/index.php\/2024\/09\/10\/grande-redemoinho-de-poeira-e-registrado-na-regiao-de-ribeirao-veja-video\/","url_meta":{"origin":80754,"position":4},"title":"Grande redemoinho de poeira \u00e9 registrado na regi\u00e3o de Ribeir\u00e3o; Veja v\u00eddeo","author":"noticiasribeiraopreto.com.br","date":"10 de September de 2024","format":false,"excerpt":"Um grande redemoinho de poeira foi registrado nesta ter\u00e7a-feira (10), pr\u00f3ximo \u00e0 rodovia Albano Baccega, que liga Sert\u00e3ozinho e Dumont, cidades na regi\u00e3o de Ribeir\u00e3o Preto. O fen\u00f4meno foi registrado pelo coordenador de produ\u00e7\u00e3o Rodrigo Lopes. Segundo ele, \u00e9 comum a forma\u00e7\u00e3o de redemoinhos no local, contudo, s\u00e3o menores do\u2026","rel":"","context":"In &quot;Not\u00edcias de Ribeir\u00e3o Preto-SP e Regi\u00e3o&quot;","block_context":{"text":"Not\u00edcias de Ribeir\u00e3o Preto-SP e Regi\u00e3o","link":"https:\/\/noticiasribeiraopreto.com.br\/index.php\/category\/noticias-de-ribeirao-preto-sp-e-regiao-ismael-colosi\/"},"img":{"alt_text":"","src":"https:\/\/i0.wp.com\/noticiasribeiraopreto.com.br\/wp-content\/uploads\/2024\/09\/Copia-de-Copia-de-Copia-de-TAMANHO-EXATO-PARA-FOTOS-NO-SISTEMA-NOVO-46_2024-09-11_00-56-23_png_2024-09-11_00-56-23.webp.webp?fit=1200%2C675&ssl=1&resize=350%2C200","width":350,"height":200,"srcset":"https:\/\/i0.wp.com\/noticiasribeiraopreto.com.br\/wp-content\/uploads\/2024\/09\/Copia-de-Copia-de-Copia-de-TAMANHO-EXATO-PARA-FOTOS-NO-SISTEMA-NOVO-46_2024-09-11_00-56-23_png_2024-09-11_00-56-23.webp.webp?fit=1200%2C675&ssl=1&resize=350%2C200 1x, https:\/\/i0.wp.com\/noticiasribeiraopreto.com.br\/wp-content\/uploads\/2024\/09\/Copia-de-Copia-de-Copia-de-TAMANHO-EXATO-PARA-FOTOS-NO-SISTEMA-NOVO-46_2024-09-11_00-56-23_png_2024-09-11_00-56-23.webp.webp?fit=1200%2C675&ssl=1&resize=525%2C300 1.5x, https:\/\/i0.wp.com\/noticiasribeiraopreto.com.br\/wp-content\/uploads\/2024\/09\/Copia-de-Copia-de-Copia-de-TAMANHO-EXATO-PARA-FOTOS-NO-SISTEMA-NOVO-46_2024-09-11_00-56-23_png_2024-09-11_00-56-23.webp.webp?fit=1200%2C675&ssl=1&resize=700%2C400 2x, https:\/\/i0.wp.com\/noticiasribeiraopreto.com.br\/wp-content\/uploads\/2024\/09\/Copia-de-Copia-de-Copia-de-TAMANHO-EXATO-PARA-FOTOS-NO-SISTEMA-NOVO-46_2024-09-11_00-56-23_png_2024-09-11_00-56-23.webp.webp?fit=1200%2C675&ssl=1&resize=1050%2C600 3x"},"classes":[]},{"id":77051,"url":"https:\/\/noticiasribeiraopreto.com.br\/index.php\/2025\/09\/10\/fenomeno-pode-trazer-chuva-ao-interior-de-sp-veja-quando\/","url_meta":{"origin":80754,"position":5},"title":"Fen\u00f4meno pode trazer chuva ao interior de SP; Veja quando","author":"noticiasribeiraopreto.com.br","date":"10 de September de 2025","format":false,"excerpt":"O deslocamento de um cavado meteorol\u00f3gico em n\u00edveis m\u00e9dios da atmosfera pode provocar chuva no interior de S\u00e3o Paulo e aliviar um pouco o tempo seco dos \u00faltimos dias. Cavado \u00e9 nome dado a uma \u00e1rea de instabilidade que favorece a forma\u00e7\u00e3o de nuvens de tempestade. Segundo a Climatempo, essa\u2026","rel":"","context":"In &quot;Not\u00edcias de Ribeir\u00e3o Preto-SP e Regi\u00e3o&quot;","block_context":{"text":"Not\u00edcias de Ribeir\u00e3o Preto-SP e Regi\u00e3o","link":"https:\/\/noticiasribeiraopreto.com.br\/index.php\/category\/noticias-de-ribeirao-preto-sp-e-regiao-ismael-colosi\/"},"img":{"alt_text":"","src":"https:\/\/i0.wp.com\/noticiasribeiraopreto.com.br\/wp-content\/uploads\/2025\/07\/WhatsApp-Image-2024-07-13-at-19.42.17_2024-07-13_22-42-51_jpeg_2024-07-13_22-42-51.webp.webp?fit=1200%2C553&ssl=1&resize=350%2C200","width":350,"height":200,"srcset":"https:\/\/i0.wp.com\/noticiasribeiraopreto.com.br\/wp-content\/uploads\/2025\/07\/WhatsApp-Image-2024-07-13-at-19.42.17_2024-07-13_22-42-51_jpeg_2024-07-13_22-42-51.webp.webp?fit=1200%2C553&ssl=1&resize=350%2C200 1x, https:\/\/i0.wp.com\/noticiasribeiraopreto.com.br\/wp-content\/uploads\/2025\/07\/WhatsApp-Image-2024-07-13-at-19.42.17_2024-07-13_22-42-51_jpeg_2024-07-13_22-42-51.webp.webp?fit=1200%2C553&ssl=1&resize=525%2C300 1.5x, https:\/\/i0.wp.com\/noticiasribeiraopreto.com.br\/wp-content\/uploads\/2025\/07\/WhatsApp-Image-2024-07-13-at-19.42.17_2024-07-13_22-42-51_jpeg_2024-07-13_22-42-51.webp.webp?fit=1200%2C553&ssl=1&resize=700%2C400 2x, https:\/\/i0.wp.com\/noticiasribeiraopreto.com.br\/wp-content\/uploads\/2025\/07\/WhatsApp-Image-2024-07-13-at-19.42.17_2024-07-13_22-42-51_jpeg_2024-07-13_22-42-51.webp.webp?fit=1200%2C553&ssl=1&resize=1050%2C600 3x"},"classes":[]}],"jetpack_sharing_enabled":true,"jetpack_shortlink":"https:\/\/wp.me\/peQAOb-l0u","_links":{"self":[{"href":"https:\/\/noticiasribeiraopreto.com.br\/index.php\/wp-json\/wp\/v2\/posts\/80754","targetHints":{"allow":["GET"]}}],"collection":[{"href":"https:\/\/noticiasribeiraopreto.com.br\/index.php\/wp-json\/wp\/v2\/posts"}],"about":[{"href":"https:\/\/noticiasribeiraopreto.com.br\/index.php\/wp-json\/wp\/v2\/types\/post"}],"author":[{"embeddable":true,"href":"https:\/\/noticiasribeiraopreto.com.br\/index.php\/wp-json\/wp\/v2\/users\/1"}],"replies":[{"embeddable":true,"href":"https:\/\/noticiasribeiraopreto.com.br\/index.php\/wp-json\/wp\/v2\/comments?post=80754"}],"version-history":[{"count":0,"href":"https:\/\/noticiasribeiraopreto.com.br\/index.php\/wp-json\/wp\/v2\/posts\/80754\/revisions"}],"wp:featuredmedia":[{"embeddable":true,"href":"https:\/\/noticiasribeiraopreto.com.br\/index.php\/wp-json\/wp\/v2\/media\/80755"}],"wp:attachment":[{"href":"https:\/\/noticiasribeiraopreto.com.br\/index.php\/wp-json\/wp\/v2\/media?parent=80754"}],"wp:term":[{"taxonomy":"category","embeddable":true,"href":"https:\/\/noticiasribeiraopreto.com.br\/index.php\/wp-json\/wp\/v2\/categories?post=80754"},{"taxonomy":"post_tag","embeddable":true,"href":"https:\/\/noticiasribeiraopreto.com.br\/index.php\/wp-json\/wp\/v2\/tags?post=80754"}],"curies":[{"name":"wp","href":"https:\/\/api.w.org\/{rel}","templated":true}]}}