{"id":80756,"date":"2025-12-13T05:32:53","date_gmt":"2025-12-13T08:32:53","guid":{"rendered":"https:\/\/noticiasribeiraopreto.com.br\/index.php\/2025\/12\/13\/estado-libera-vaga-mas-santa-casa-de-sertaozinho-nao-tem-leito-disponivel-para-receber-paciente\/"},"modified":"2025-12-13T05:32:53","modified_gmt":"2025-12-13T08:32:53","slug":"estado-libera-vaga-mas-santa-casa-de-sertaozinho-nao-tem-leito-disponivel-para-receber-paciente","status":"publish","type":"post","link":"https:\/\/noticiasribeiraopreto.com.br\/index.php\/2025\/12\/13\/estado-libera-vaga-mas-santa-casa-de-sertaozinho-nao-tem-leito-disponivel-para-receber-paciente\/","title":{"rendered":"Estado libera vaga, mas Santa Casa de Sert\u00e3ozinho n\u00e3o tem leito dispon\u00edvel para receber paciente"},"content":{"rendered":"<div class='code-block code-block-1' style='margin: 8px 0 8px auto; text-align: right; display: block; clear: both;'>\n<p><a href=\"https:\/\/wa.link\/vpicfd\"><img data-recalc-dims=\"1\" class=\"wp-image-4922\" style=\"aspect-ratio: 2.0253164556962027; width: 561px; height: auto;\" src=\"https:\/\/i0.wp.com\/ismaelcolosi.com.br\/wp-content\/uploads\/2023\/11\/grupo-de-empregos-whatsapp-e-facebook-ismael-colosi-vagas.jpg?ssl=1\" alt=\"\" \/><\/a><\/p>\n<!-- \/wp:image -->\n<\/div>\n<p> <br \/>\n<\/p>\n<div>\n<p>A <strong>fam\u00edlia de um idoso de 72 anos afirma que enfrenta dificuldade para conseguir a interna\u00e7\u00e3o dele<\/strong>, em Sert\u00e3ozinho, na regi\u00e3o de Ribeir\u00e3o Preto. O paciente convive com <strong>amiloidose card\u00edaca<\/strong>, condi\u00e7\u00e3o rara que compromete a imunidade e exige acompanhamento. <\/p>\n<p>Segundo familiares, o idoso apresentou queda significativa no estado de sa\u00fade nas \u00faltimas semanas. Ele contraiu <strong>pneumonia bacteriana<\/strong>, que comprometeu os dois pulm\u00f5es, e n\u00e3o respondeu ao tratamento feito em casa. Por causa da debilidade, da baixa alimenta\u00e7\u00e3o e da evolu\u00e7\u00e3o da infec\u00e7\u00e3o, a fam\u00edlia buscou atendimento na <strong>UPA de Sert\u00e3ozinho<\/strong> na manh\u00e3 de quinta-feira (11).<\/p>\n<p>A equipe m\u00e9dica avaliou que o paciente n\u00e3o poderia retornar para casa e deveria receber interna\u00e7\u00e3o hospitalar. A fam\u00edlia informou que o idoso n\u00e3o possui plano de sa\u00fade por quest\u00f5es financeiras, o que aumentou a depend\u00eancia da regula\u00e7\u00e3o pelo SUS.<\/p>\n<figure class=\"wp-block-pullquote\">\n<blockquote>\n<p>N\u00e3o acha vaga e a gente t\u00e1 com medo do meu pai falecer<\/p>\n<p><cite>conta o filho do paciente<\/cite><\/p><\/blockquote>\n<\/figure>\n<h3 class=\"wp-block-heading\"><strong>Fam\u00edlia reclama de falta de vagas na regi\u00e3o<\/strong><\/h3>\n<p>Os familiares relatam que a UPA acionou o sistema CROSS para solicitar um leito de estabiliza\u00e7\u00e3o em hospitais de Sert\u00e3ozinho, Ribeir\u00e3o Preto e cidades pr\u00f3ximas. At\u00e9 o momento, <strong>nenhuma unidade disponibilizou vaga.<\/strong> <\/p>\n<p> Os parentes dizem temer o agravamento do quadro e relatam que outros pacientes aguardam interna\u00e7\u00e3o na mesma condi\u00e7\u00e3o.<\/p>\n<div class=\"wp-block-image\">\n<figure class=\"aligncenter size-large\"><img data-recalc-dims=\"1\" fetchpriority=\"high\" decoding=\"async\" width=\"1024\" height=\"576\" src=\"https:\/\/i0.wp.com\/cdn.media-acidadeon.com.br\/ribeiraopreto\/wp-content\/uploads\/sites\/3\/2025\/12\/Imagem-do-WhatsApp-de-2025-12-12-as-19.27.18_6b571e7a_2025-12-12_22-42-47-1024x576.webp?resize=1024%2C576&#038;ssl=1\" alt=\"vaga idoso\" class=\"wp-image-139263\" title=\"Estado libera vaga, mas Santa Casa de Sert\u00e3ozinho n\u00e3o tem leito dispon\u00edvel para receber paciente 1\" srcset=\"https:\/\/cdn.media-acidadeon.com.br\/ribeiraopreto\/wp-content\/uploads\/sites\/3\/2025\/12\/Imagem-do-WhatsApp-de-2025-12-12-as-19.27.18_6b571e7a_2025-12-12_22-42-47-1024x576.webp 1024w, https:\/\/cdn.media-acidadeon.com.br\/ribeiraopreto\/wp-content\/uploads\/sites\/3\/2025\/12\/Imagem-do-WhatsApp-de-2025-12-12-as-19.27.18_6b571e7a_2025-12-12_22-42-47-300x169.webp 300w, https:\/\/cdn.media-acidadeon.com.br\/ribeiraopreto\/wp-content\/uploads\/sites\/3\/2025\/12\/Imagem-do-WhatsApp-de-2025-12-12-as-19.27.18_6b571e7a_2025-12-12_22-42-47-768x432.webp 768w, https:\/\/cdn.media-acidadeon.com.br\/ribeiraopreto\/wp-content\/uploads\/sites\/3\/2025\/12\/Imagem-do-WhatsApp-de-2025-12-12-as-19.27.18_6b571e7a_2025-12-12_22-42-47-696x392.webp 696w, https:\/\/cdn.media-acidadeon.com.br\/ribeiraopreto\/wp-content\/uploads\/sites\/3\/2025\/12\/Imagem-do-WhatsApp-de-2025-12-12-as-19.27.18_6b571e7a_2025-12-12_22-42-47-1068x601.webp 1068w, https:\/\/cdn.media-acidadeon.com.br\/ribeiraopreto\/wp-content\/uploads\/sites\/3\/2025\/12\/Imagem-do-WhatsApp-de-2025-12-12-as-19.27.18_6b571e7a_2025-12-12_22-42-47.webp 1200w\" sizes=\"(max-width: 1024px) 100vw, 1024px\"\/><\/figure>\n<\/div>\n<h4 class=\"wp-block-heading\"><strong>Secretaria de Sa\u00fade de Sert\u00e3ozinho<\/strong><\/h4>\n<p>A <strong>Secretaria Municipal de Sa\u00fade de Sert\u00e3ozinho<\/strong> enviou nota e informou que o paciente permanece em observa\u00e7\u00e3o na UPA desde o dia 11. De acordo com o \u00f3rg\u00e3o, a equipe inseriu o nome do idoso no sistema CROSS no mesmo dia, ap\u00f3s a conduta cl\u00ednica indicar a necessidade de um leito de estabiliza\u00e7\u00e3o.<\/p>\n<p>A pasta afirma que o idoso evolui clinicamente, recebe toda a assist\u00eancia necess\u00e1ria e se mant\u00e9m est\u00e1vel. A secretaria tamb\u00e9m informou que autoriza a transfer\u00eancia assim que o CROSS liberar a vaga na unidade indicada.<\/p>\n<h4 class=\"wp-block-heading\"><strong>O que diz a Santa Casa?<\/strong><\/h4>\n<p>A <strong>Santa Casa de Sert\u00e3ozinho<\/strong> tamb\u00e9m comentou o caso. O hospital informou que o paciente precisa de um leito de estabiliza\u00e7\u00e3o, mas n\u00e3o possui vaga desse tipo no momento. Segundo a nota, a institui\u00e7\u00e3o n\u00e3o prev\u00ea alta de outros pacientes e solicita apoio ao Sistema de Regula\u00e7\u00e3o de Vagas para conseguir receber o idoso, j\u00e1 que n\u00e3o disp\u00f5e de estrutura dispon\u00edvel no momento.<\/p>\n<h4 class=\"wp-block-heading\"><strong>Secretaria de Sa\u00fade do Estado<\/strong><\/h4>\n<p>A <strong>Secretaria de Estado da Sa\u00fade<\/strong>, por meio da Central de Regula\u00e7\u00e3o de Ofertas de Servi\u00e7os de Sa\u00fade (CROSS), informou que j\u00e1 autorizou a transfer\u00eancia do paciente para a Santa Casa de Sert\u00e3ozinho. <strong>O \u00f3rg\u00e3o explica que a unidade de origem, no caso a UPA, deve organizar o transporte seguro do idoso at\u00e9 o hospital.<\/strong><\/p>\n<p>A nota tamb\u00e9m destaca que o papel do CROSS consiste em identificar vagas dispon\u00edveis na rede, e n\u00e3o em criar novos leitos. O servi\u00e7o busca a unidade mais pr\u00f3xima e adequada para o atendimento, seja municipal, estadual ou filantr\u00f3pica.<\/p>\n<hr class=\"wp-block-separator has-alpha-channel-opacity\"\/>\n<p>SAIBA MAIS<\/p>\n<p>Domingo de eventos muda tr\u00e2nsito em Ribeir\u00e3o Preto; confira rotas<\/p>\n<h2 class=\"wp-block-heading\"><strong>FIQUE ON<\/strong><\/h2>\n<p>Fique ligado em tudo que acontece em Ribeir\u00e3o Preto e regi\u00e3o. Siga os perfis do<strong>\u00a0acidade on<\/strong>\u00a0no<a href=\"https:\/\/www.instagram.com\/acidadeonribeirao\" target=\"_blank\" rel=\"noreferrer noopener\">\u00a0Instagram\u00a0<\/a>e no\u00a0<a href=\"https:\/\/www.facebook.com\/acidadeonribeirao\/\" target=\"_blank\" rel=\"noreferrer noopener\">Facebook<\/a>.<\/p>\n<p>Receba not\u00edcias do\u00a0<strong>acidade on\u00a0<\/strong>no WhatsApp. Para entrar no grupo,\u00a0basta<a href=\"https:\/\/chat.whatsapp.com\/GFH9HUMUTHNFJdnyEd0xxq\" target=\"_blank\" rel=\"noreferrer noopener\">\u00a0clicar aqui<\/a>. Ou, acesse o nosso\u00a0Canal\u00a0<a href=\"https:\/\/whatsapp.com\/channel\/0029Vb6IQl1JENyAeS57fk2p\" target=\"_blank\" rel=\"noreferrer noopener\">clicando aqui<\/a>.<\/p>\n<p>Fa\u00e7a uma den\u00fancia ou sugira uma reportagem sobre Ribeir\u00e3o Preto e regi\u00e3o pelo WhatsApp: 16 99117 7802.<\/p>\n<p>VEJA TAMB\u00c9M<br \/>Lotof\u00e1cil 3560: sete apostas dividem pr\u00eamio m\u00e1ximo; veja cidades<\/p>\n<p><!-- AI CONTENT END 1 -->\n<\/div>\n<p><script async src=\"\/\/www.instagram.com\/embed.js\"><\/script><br \/>\n<br \/><br \/>\n<br \/><a href=\"https:\/\/www.acidadeon.com\/ribeiraopreto\/cotidiano\/familia-relata-dificuldade-para-internar-idoso-com-pneumonia-grave-na-regiao-de-ribeirao\/\">Source link <\/a><\/p>\n<!-- CONTENT END 1 -->\n","protected":false},"excerpt":{"rendered":"<p>A fam\u00edlia de um idoso de 72 anos afirma que enfrenta dificuldade para conseguir a interna\u00e7\u00e3o dele, em Sert\u00e3ozinho, na regi\u00e3o de Ribeir\u00e3o Preto. O&#8230;<\/p>\n","protected":false},"author":1,"featured_media":80757,"comment_status":"open","ping_status":"open","sticky":false,"template":"","format":"standard","meta":{"advanced_seo_description":"","jetpack_seo_html_title":"","jetpack_seo_noindex":false,"jetpack_post_was_ever_published":false,"_jetpack_newsletter_access":"","_jetpack_dont_email_post_to_subs":false,"_jetpack_newsletter_tier_id":0,"_jetpack_memberships_contains_paywalled_content":false,"_jetpack_memberships_contains_paid_content":false,"footnotes":"","jetpack_publicize_message":"","jetpack_publicize_feature_enabled":true,"jetpack_social_post_already_shared":true,"jetpack_social_options":{"image_generator_settings":{"template":"highway","default_image_id":0,"font":"","enabled":false},"version":2}},"categories":[11],"tags":[],"class_list":["post-80756","post","type-post","status-publish","format-standard","has-post-thumbnail","hentry","category-noticias-de-ribeirao-preto-sp-e-regiao-ismael-colosi"],"jetpack_publicize_connections":[],"jetpack_featured_media_url":"https:\/\/i0.wp.com\/noticiasribeiraopreto.com.br\/wp-content\/uploads\/2025\/12\/5161a92adb40278e8186dddb276b6ac5_2025-01-27_18-08-40_jpg_2025-01-27_18-08-40.webp.webp?fit=1968%2C1312&ssl=1","jetpack-related-posts":[{"id":81259,"url":"https:\/\/noticiasribeiraopreto.com.br\/index.php\/2025\/12\/30\/santa-casa-de-sertaozinho-opera-no-limite-e-enfrenta-falta-de-vagas-para-internacao\/","url_meta":{"origin":80756,"position":0},"title":"Santa Casa de Sert\u00e3ozinho opera no limite e enfrenta falta de vagas para interna\u00e7\u00e3o","author":"noticiasribeiraopreto.com.br","date":"30 de December de 2025","format":false,"excerpt":"A Santa Casa de Sert\u00e3ozinho, na regi\u00e3o de Ribeir\u00e3o Preto, opera com lota\u00e7\u00e3o m\u00e1xima, cen\u00e1rio que tem dificultado novas interna\u00e7\u00f5es e aumentado a depend\u00eancia do sistema estadual de regula\u00e7\u00e3o de vagas, o Cross. A situa\u00e7\u00e3o impacta diretamente pacientes atendidos na rede de urg\u00eancia, que aguardam transfer\u00eancia para leitos hospitalares. Com\u2026","rel":"","context":"In &quot;Not\u00edcias de Ribeir\u00e3o Preto-SP e Regi\u00e3o&quot;","block_context":{"text":"Not\u00edcias de Ribeir\u00e3o Preto-SP e Regi\u00e3o","link":"https:\/\/noticiasribeiraopreto.com.br\/index.php\/category\/noticias-de-ribeirao-preto-sp-e-regiao-ismael-colosi\/"},"img":{"alt_text":"","src":"https:\/\/i0.wp.com\/noticiasribeiraopreto.com.br\/wp-content\/uploads\/2025\/11\/WhatsApp-Image-2025-11-07-at-09.36.51_2025-11-07_12-41-54.webp.webp?fit=849%2C470&ssl=1&resize=350%2C200","width":350,"height":200,"srcset":"https:\/\/i0.wp.com\/noticiasribeiraopreto.com.br\/wp-content\/uploads\/2025\/11\/WhatsApp-Image-2025-11-07-at-09.36.51_2025-11-07_12-41-54.webp.webp?fit=849%2C470&ssl=1&resize=350%2C200 1x, https:\/\/i0.wp.com\/noticiasribeiraopreto.com.br\/wp-content\/uploads\/2025\/11\/WhatsApp-Image-2025-11-07-at-09.36.51_2025-11-07_12-41-54.webp.webp?fit=849%2C470&ssl=1&resize=525%2C300 1.5x, https:\/\/i0.wp.com\/noticiasribeiraopreto.com.br\/wp-content\/uploads\/2025\/11\/WhatsApp-Image-2025-11-07-at-09.36.51_2025-11-07_12-41-54.webp.webp?fit=849%2C470&ssl=1&resize=700%2C400 2x"},"classes":[]},{"id":79770,"url":"https:\/\/noticiasribeiraopreto.com.br\/index.php\/2025\/11\/07\/santa-casa-de-sertaozinho-alerta-para-golpe-contra-familias-de-pacientes\/","url_meta":{"origin":80756,"position":1},"title":"Santa Casa de Sert\u00e3ozinho alerta para golpe contra fam\u00edlias\u00a0de pacientes","author":"noticiasribeiraopreto.com.br","date":"7 de November de 2025","format":false,"excerpt":"A Santa Casa de Sert\u00e3ozinho emitiu um comunicado que alerta sobre um golpe contra familiares de pacientes internados na UTI da institui\u00e7\u00e3o. A Santa Casa disse que tomou conhecimento de que uma pessoa estaria se passando por m\u00e9dico para solicitar dinheiro a familiares de pacientes para compra de um medicamento\u2026","rel":"","context":"In &quot;Not\u00edcias de Ribeir\u00e3o Preto-SP e Regi\u00e3o&quot;","block_context":{"text":"Not\u00edcias de Ribeir\u00e3o Preto-SP e Regi\u00e3o","link":"https:\/\/noticiasribeiraopreto.com.br\/index.php\/category\/noticias-de-ribeirao-preto-sp-e-regiao-ismael-colosi\/"},"img":{"alt_text":"","src":"https:\/\/i0.wp.com\/noticiasribeiraopreto.com.br\/wp-content\/uploads\/2025\/11\/WhatsApp-Image-2025-11-07-at-09.36.51_2025-11-07_12-41-54.webp.webp?fit=849%2C470&ssl=1&resize=350%2C200","width":350,"height":200,"srcset":"https:\/\/i0.wp.com\/noticiasribeiraopreto.com.br\/wp-content\/uploads\/2025\/11\/WhatsApp-Image-2025-11-07-at-09.36.51_2025-11-07_12-41-54.webp.webp?fit=849%2C470&ssl=1&resize=350%2C200 1x, https:\/\/i0.wp.com\/noticiasribeiraopreto.com.br\/wp-content\/uploads\/2025\/11\/WhatsApp-Image-2025-11-07-at-09.36.51_2025-11-07_12-41-54.webp.webp?fit=849%2C470&ssl=1&resize=525%2C300 1.5x, https:\/\/i0.wp.com\/noticiasribeiraopreto.com.br\/wp-content\/uploads\/2025\/11\/WhatsApp-Image-2025-11-07-at-09.36.51_2025-11-07_12-41-54.webp.webp?fit=849%2C470&ssl=1&resize=700%2C400 2x"},"classes":[]},{"id":83564,"url":"https:\/\/noticiasribeiraopreto.com.br\/index.php\/2026\/03\/20\/pacientes-aguardam-em-ambulancias-por-falta-de-leitos-na-santa-casa-de-ribeirao-preto\/","url_meta":{"origin":80756,"position":2},"title":"Pacientes aguardam em ambul\u00e2ncias por falta de leitos na Santa Casa de Ribeir\u00e3o Preto","author":"noticiasribeiraopreto.com.br","date":"20 de March de 2026","format":false,"excerpt":"Pacientes com vagas j\u00e1 reguladas enfrentaram espera para interna\u00e7\u00e3o na Santa Casa de Ribeir\u00e3o Preto devido \u00e0 indisponibilidade de leitos na unidade. Em alguns casos, a espera acontece dentro de ambul\u00e2ncias estacionadas no local. Entre as situa\u00e7\u00f5es registradas nesta sexta-feira (20), est\u00e1 a do paciente Bruno Henrique da Costa, morador\u2026","rel":"","context":"In &quot;Not\u00edcias de Ribeir\u00e3o Preto-SP e Regi\u00e3o&quot;","block_context":{"text":"Not\u00edcias de Ribeir\u00e3o Preto-SP e Regi\u00e3o","link":"https:\/\/noticiasribeiraopreto.com.br\/index.php\/category\/noticias-de-ribeirao-preto-sp-e-regiao-ismael-colosi\/"},"img":{"alt_text":"","src":"https:\/\/i0.wp.com\/noticiasribeiraopreto.com.br\/wp-content\/uploads\/2026\/03\/domingo-29_2026-03-20_20-11-18.webp.webp?fit=1200%2C675&ssl=1&resize=350%2C200","width":350,"height":200,"srcset":"https:\/\/i0.wp.com\/noticiasribeiraopreto.com.br\/wp-content\/uploads\/2026\/03\/domingo-29_2026-03-20_20-11-18.webp.webp?fit=1200%2C675&ssl=1&resize=350%2C200 1x, https:\/\/i0.wp.com\/noticiasribeiraopreto.com.br\/wp-content\/uploads\/2026\/03\/domingo-29_2026-03-20_20-11-18.webp.webp?fit=1200%2C675&ssl=1&resize=525%2C300 1.5x, https:\/\/i0.wp.com\/noticiasribeiraopreto.com.br\/wp-content\/uploads\/2026\/03\/domingo-29_2026-03-20_20-11-18.webp.webp?fit=1200%2C675&ssl=1&resize=700%2C400 2x, https:\/\/i0.wp.com\/noticiasribeiraopreto.com.br\/wp-content\/uploads\/2026\/03\/domingo-29_2026-03-20_20-11-18.webp.webp?fit=1200%2C675&ssl=1&resize=1050%2C600 3x"},"classes":[]},{"id":82182,"url":"https:\/\/noticiasribeiraopreto.com.br\/index.php\/2026\/02\/06\/homem-joga-oleo-quente-na-irma-e-no-sobrinho-de-8-anos-em-sertaozinho\/","url_meta":{"origin":80756,"position":3},"title":"Homem joga \u00f3leo quente na irm\u00e3 e no sobrinho de 8 anos em Sert\u00e3ozinho","author":"noticiasribeiraopreto.com.br","date":"6 de February de 2026","format":false,"excerpt":"Uma mulher de 39 anos e o filho dela, de 8 anos, foram v\u00edtimas de um ataque com \u00f3leo quente na noite desta quarta-feira (4), em Sert\u00e3ozinho, na regi\u00e3o de Ribeir\u00e3o Preto. Segundo a Delegacia de Defesa da Mulher (DDM), o autor \u00e9 o irm\u00e3o da v\u00edtima. O crime aconteceu\u2026","rel":"","context":"In &quot;Not\u00edcias de Ribeir\u00e3o Preto-SP e Regi\u00e3o&quot;","block_context":{"text":"Not\u00edcias de Ribeir\u00e3o Preto-SP e Regi\u00e3o","link":"https:\/\/noticiasribeiraopreto.com.br\/index.php\/category\/noticias-de-ribeirao-preto-sp-e-regiao-ismael-colosi\/"},"img":{"alt_text":"","src":"https:\/\/i0.wp.com\/noticiasribeiraopreto.com.br\/wp-content\/uploads\/2026\/02\/MulherficaemestadograveapsserbaleadanaregiodeRibeiroPreto_Tamanho_2_image_2025-01-30_00-36-33_jpg_2025-01-30_00-36-33.webp.webp?fit=1200%2C900&ssl=1&resize=350%2C200","width":350,"height":200,"srcset":"https:\/\/i0.wp.com\/noticiasribeiraopreto.com.br\/wp-content\/uploads\/2026\/02\/MulherficaemestadograveapsserbaleadanaregiodeRibeiroPreto_Tamanho_2_image_2025-01-30_00-36-33_jpg_2025-01-30_00-36-33.webp.webp?fit=1200%2C900&ssl=1&resize=350%2C200 1x, https:\/\/i0.wp.com\/noticiasribeiraopreto.com.br\/wp-content\/uploads\/2026\/02\/MulherficaemestadograveapsserbaleadanaregiodeRibeiroPreto_Tamanho_2_image_2025-01-30_00-36-33_jpg_2025-01-30_00-36-33.webp.webp?fit=1200%2C900&ssl=1&resize=525%2C300 1.5x, https:\/\/i0.wp.com\/noticiasribeiraopreto.com.br\/wp-content\/uploads\/2026\/02\/MulherficaemestadograveapsserbaleadanaregiodeRibeiroPreto_Tamanho_2_image_2025-01-30_00-36-33_jpg_2025-01-30_00-36-33.webp.webp?fit=1200%2C900&ssl=1&resize=700%2C400 2x, https:\/\/i0.wp.com\/noticiasribeiraopreto.com.br\/wp-content\/uploads\/2026\/02\/MulherficaemestadograveapsserbaleadanaregiodeRibeiroPreto_Tamanho_2_image_2025-01-30_00-36-33_jpg_2025-01-30_00-36-33.webp.webp?fit=1200%2C900&ssl=1&resize=1050%2C600 3x"},"classes":[]},{"id":81929,"url":"https:\/\/noticiasribeiraopreto.com.br\/index.php\/2026\/01\/30\/vi-inumeras-irregularidades-diz-acompanhante-sobre-atendimento-na-beneficencia-portuguesa\/","url_meta":{"origin":80756,"position":4},"title":"&#8216;Vi in\u00fameras irregularidades&#8217;, diz acompanhante sobre atendimento na Benefic\u00eancia Portuguesa","author":"noticiasribeiraopreto.com.br","date":"30 de January de 2026","format":false,"excerpt":"O comerciante Andr\u00e9 Eduardo Iossi denunciou uma s\u00e9rie de supostas irregularidades no atendimento prestado ao pai durante uma interna\u00e7\u00e3o na Benefic\u00eancia Portuguesa de Ribeir\u00e3o Preto. O paciente, um idoso com hist\u00f3rico de c\u00e2ncer de pr\u00f3stata com met\u00e1stase, morreu ap\u00f3s cerca de tr\u00eas semanas hospitalizado, no in\u00edcio de dezembro do ano\u2026","rel":"","context":"In &quot;Not\u00edcias de Ribeir\u00e3o Preto-SP e Regi\u00e3o&quot;","block_context":{"text":"Not\u00edcias de Ribeir\u00e3o Preto-SP e Regi\u00e3o","link":"https:\/\/noticiasribeiraopreto.com.br\/index.php\/category\/noticias-de-ribeirao-preto-sp-e-regiao-ismael-colosi\/"},"img":{"alt_text":"","src":"https:\/\/i0.wp.com\/noticiasribeiraopreto.com.br\/wp-content\/uploads\/2026\/01\/image_2026-01-29_18-13-52.webp.webp?fit=984%2C552&ssl=1&resize=350%2C200","width":350,"height":200,"srcset":"https:\/\/i0.wp.com\/noticiasribeiraopreto.com.br\/wp-content\/uploads\/2026\/01\/image_2026-01-29_18-13-52.webp.webp?fit=984%2C552&ssl=1&resize=350%2C200 1x, https:\/\/i0.wp.com\/noticiasribeiraopreto.com.br\/wp-content\/uploads\/2026\/01\/image_2026-01-29_18-13-52.webp.webp?fit=984%2C552&ssl=1&resize=525%2C300 1.5x, https:\/\/i0.wp.com\/noticiasribeiraopreto.com.br\/wp-content\/uploads\/2026\/01\/image_2026-01-29_18-13-52.webp.webp?fit=984%2C552&ssl=1&resize=700%2C400 2x"},"classes":[]},{"id":81903,"url":"https:\/\/noticiasribeiraopreto.com.br\/index.php\/2026\/01\/29\/prefeito-anuncia-nova-unidade-para-casos-de-urgencia\/","url_meta":{"origin":80756,"position":5},"title":"Prefeito anuncia Nova Unidade para casos de Urg\u00eancia","author":"noticiasribeiraopreto.com.br","date":"29 de January de 2026","format":false,"excerpt":"\r \r \r 29 de janeiro de 2026 11:20 \r Compartilhar0 O prefeito de Ribeir\u00e3o Preto (SP), Ricardo Silva (PSD), anunciou na manh\u00e3 desta quinta-feira, 29 de janeiro, uma nova unidade de sa\u00fade para auxiliar nos atendimentos emergenciais em fun\u00e7\u00e3o da proibi\u00e7\u00e3o pela Justi\u00e7a do encaminhamento, pela prefeitura, de pacientes\u2026","rel":"","context":"In &quot;Not\u00edcias de Ribeir\u00e3o Preto-SP e Regi\u00e3o&quot;","block_context":{"text":"Not\u00edcias de Ribeir\u00e3o Preto-SP e Regi\u00e3o","link":"https:\/\/noticiasribeiraopreto.com.br\/index.php\/category\/noticias-de-ribeirao-preto-sp-e-regiao-ismael-colosi\/"},"img":{"alt_text":"","src":"https:\/\/i0.wp.com\/noticiasribeiraopreto.com.br\/wp-content\/uploads\/2026\/01\/Coletiva-Dengue-Foto-Fernando-Gonzaga-1-scaled.jpg?fit=1170%2C780&ssl=1&resize=350%2C200","width":350,"height":200,"srcset":"https:\/\/i0.wp.com\/noticiasribeiraopreto.com.br\/wp-content\/uploads\/2026\/01\/Coletiva-Dengue-Foto-Fernando-Gonzaga-1-scaled.jpg?fit=1170%2C780&ssl=1&resize=350%2C200 1x, https:\/\/i0.wp.com\/noticiasribeiraopreto.com.br\/wp-content\/uploads\/2026\/01\/Coletiva-Dengue-Foto-Fernando-Gonzaga-1-scaled.jpg?fit=1170%2C780&ssl=1&resize=525%2C300 1.5x, https:\/\/i0.wp.com\/noticiasribeiraopreto.com.br\/wp-content\/uploads\/2026\/01\/Coletiva-Dengue-Foto-Fernando-Gonzaga-1-scaled.jpg?fit=1170%2C780&ssl=1&resize=700%2C400 2x, https:\/\/i0.wp.com\/noticiasribeiraopreto.com.br\/wp-content\/uploads\/2026\/01\/Coletiva-Dengue-Foto-Fernando-Gonzaga-1-scaled.jpg?fit=1170%2C780&ssl=1&resize=1050%2C600 3x"},"classes":[]}],"jetpack_sharing_enabled":true,"jetpack_shortlink":"https:\/\/wp.me\/peQAOb-l0w","_links":{"self":[{"href":"https:\/\/noticiasribeiraopreto.com.br\/index.php\/wp-json\/wp\/v2\/posts\/80756","targetHints":{"allow":["GET"]}}],"collection":[{"href":"https:\/\/noticiasribeiraopreto.com.br\/index.php\/wp-json\/wp\/v2\/posts"}],"about":[{"href":"https:\/\/noticiasribeiraopreto.com.br\/index.php\/wp-json\/wp\/v2\/types\/post"}],"author":[{"embeddable":true,"href":"https:\/\/noticiasribeiraopreto.com.br\/index.php\/wp-json\/wp\/v2\/users\/1"}],"replies":[{"embeddable":true,"href":"https:\/\/noticiasribeiraopreto.com.br\/index.php\/wp-json\/wp\/v2\/comments?post=80756"}],"version-history":[{"count":0,"href":"https:\/\/noticiasribeiraopreto.com.br\/index.php\/wp-json\/wp\/v2\/posts\/80756\/revisions"}],"wp:featuredmedia":[{"embeddable":true,"href":"https:\/\/noticiasribeiraopreto.com.br\/index.php\/wp-json\/wp\/v2\/media\/80757"}],"wp:attachment":[{"href":"https:\/\/noticiasribeiraopreto.com.br\/index.php\/wp-json\/wp\/v2\/media?parent=80756"}],"wp:term":[{"taxonomy":"category","embeddable":true,"href":"https:\/\/noticiasribeiraopreto.com.br\/index.php\/wp-json\/wp\/v2\/categories?post=80756"},{"taxonomy":"post_tag","embeddable":true,"href":"https:\/\/noticiasribeiraopreto.com.br\/index.php\/wp-json\/wp\/v2\/tags?post=80756"}],"curies":[{"name":"wp","href":"https:\/\/api.w.org\/{rel}","templated":true}]}}