{"id":80758,"date":"2025-12-13T05:39:19","date_gmt":"2025-12-13T08:39:19","guid":{"rendered":"https:\/\/noticiasribeiraopreto.com.br\/index.php\/2025\/12\/13\/quando-cai-a-segunda-parcela-do-13o-salario-veja-a-data-e-quem-recebe\/"},"modified":"2025-12-13T05:39:19","modified_gmt":"2025-12-13T08:39:19","slug":"quando-cai-a-segunda-parcela-do-13o-salario-veja-a-data-e-quem-recebe","status":"publish","type":"post","link":"https:\/\/noticiasribeiraopreto.com.br\/index.php\/2025\/12\/13\/quando-cai-a-segunda-parcela-do-13o-salario-veja-a-data-e-quem-recebe\/","title":{"rendered":"Quando cai a segunda parcela do 13\u00ba sal\u00e1rio? Veja a data e quem recebe"},"content":{"rendered":"<div class='code-block code-block-1' style='margin: 8px 0 8px auto; text-align: right; display: block; clear: both;'>\n<p><a href=\"https:\/\/wa.link\/vpicfd\"><img data-recalc-dims=\"1\" class=\"wp-image-4922\" style=\"aspect-ratio: 2.0253164556962027; width: 561px; height: auto;\" src=\"https:\/\/i0.wp.com\/ismaelcolosi.com.br\/wp-content\/uploads\/2023\/11\/grupo-de-empregos-whatsapp-e-facebook-ismael-colosi-vagas.jpg?ssl=1\" alt=\"\" \/><\/a><\/p>\n<!-- \/wp:image -->\n<\/div>\n<p> <br \/>\n<\/p>\n<div>\n<p>A <strong>segunda parcela do d\u00e9cimo terceiro sal\u00e1rio <\/strong>deve ser depositada <strong>at\u00e9 o dia 19 de dezembro<\/strong> aos mais de 95 milh\u00f5es trabalhadores com carteira assinada no Brasil.<mark style=\"background-color:#fcb900\" class=\"has-inline-color\"> A primeira parcela foi paga at\u00e9 28 de novembro, conforme a legisla\u00e7\u00e3o.<\/mark><\/p>\n<p>Segundo o <strong>Departamento Intersindical de Estat\u00edstica e Estudos Socioecon\u00f4micos (Dieese)<\/strong>, o sal\u00e1rio extra injetar\u00e1 <strong>R$ 369,4 bilh\u00f5es na economia neste ano<\/strong>. Em m\u00e9dia, cada trabalhador dever\u00e1 receber R$ 3.512, somadas as duas parcelas.<\/p>\n<p><strong>Essas datas valem apenas para os trabalhadores na ativa.<\/strong> Como nos \u00faltimos anos, o d\u00e9cimo terceiro dos aposentados e pensionistas do <strong>Instituto Nacional do Seguro Social (INSS)<\/strong> foi antecipado. A primeira parcela foi paga entre 24 de abril e 8 de maio. A segunda foi depositada de 26 de maio a 6 de junho.<\/p>\n<div class=\"wp-block-image\">\n<figure class=\"aligncenter size-large is-resized\"><img data-recalc-dims=\"1\" fetchpriority=\"high\" decoding=\"async\" width=\"1024\" height=\"613\" src=\"https:\/\/i0.wp.com\/cdn.media-acidadeon.com.br\/ribeiraopreto\/wp-content\/uploads\/sites\/3\/2025\/07\/dinheiro-fgts_2025-07-25_13-27-21-1024x613.webp?resize=1024%2C613&#038;ssl=1\" alt=\"13\u00ba deve ser pago at\u00e9 o dia 19 de dezembro de 2026 - Foto: Jos\u00e9 Cruz\/Ag\u00eancia Brasil)\" class=\"wp-image-123799\" style=\"width:654px\" title=\"Quando cai a segunda parcela do 13\u00ba sal\u00e1rio? Veja a data e quem recebe 1\" srcset=\"https:\/\/cdn.media-acidadeon.com.br\/ribeiraopreto\/wp-content\/uploads\/sites\/3\/2025\/07\/dinheiro-fgts_2025-07-25_13-27-21-1024x613.webp 1024w, https:\/\/cdn.media-acidadeon.com.br\/ribeiraopreto\/wp-content\/uploads\/sites\/3\/2025\/07\/dinheiro-fgts_2025-07-25_13-27-21-300x179.webp 300w, https:\/\/cdn.media-acidadeon.com.br\/ribeiraopreto\/wp-content\/uploads\/sites\/3\/2025\/07\/dinheiro-fgts_2025-07-25_13-27-21-768x459.webp 768w, https:\/\/cdn.media-acidadeon.com.br\/ribeiraopreto\/wp-content\/uploads\/sites\/3\/2025\/07\/dinheiro-fgts_2025-07-25_13-27-21-696x416.webp 696w, https:\/\/cdn.media-acidadeon.com.br\/ribeiraopreto\/wp-content\/uploads\/sites\/3\/2025\/07\/dinheiro-fgts_2025-07-25_13-27-21-1068x639.webp 1068w, https:\/\/cdn.media-acidadeon.com.br\/ribeiraopreto\/wp-content\/uploads\/sites\/3\/2025\/07\/dinheiro-fgts_2025-07-25_13-27-21.webp 1170w\" sizes=\"(max-width: 1024px) 100vw, 1024px\"\/><figcaption class=\"wp-element-caption\">13\u00ba deve ser pago at\u00e9 o dia 19 de dezembro de 2026 \u2013 Foto: Jos\u00e9 Cruz\/Ag\u00eancia Brasil)<\/figcaption><\/figure>\n<\/div>\n<h2 class=\"wp-block-heading\"><strong>Quem tem direito ao 13\u00ba sal\u00e1rio?<\/strong><\/h2>\n<p>Segundo a <strong>Lei 4.090\/1962<\/strong>, que criou a gratifica\u00e7\u00e3o natalina, t\u00eam direito ao d\u00e9cimo terceiro aposentados, pensionistas e quem trabalhou com carteira assinada por pelo menos 15 dias. <strong>Dessa forma, o m\u00eas em que o empregado tiver trabalhado 15 dias ou mais ser\u00e1 contado como m\u00eas inteiro, com pagamento integral da gratifica\u00e7\u00e3o correspondente \u00e0quele m\u00eas.<\/strong><\/p>\n<p>Trabalhadores em licen\u00e7a-maternidade e afastados por doen\u00e7a ou por acidente tamb\u00e9m recebem o benef\u00edcio. No caso de demiss\u00e3o sem justa causa, o d\u00e9cimo terceiro deve ser calculado proporcionalmente ao per\u00edodo trabalhado e pago junto com a rescis\u00e3o. No entanto, o trabalhador perde o benef\u00edcio se for dispensado com justa causa.<\/p>\n<h3 class=\"wp-block-heading\"><strong>C\u00e1lculo proporcional<\/strong><\/h3>\n<p>O <strong>d\u00e9cimo terceiro sal\u00e1rio<\/strong> s\u00f3 ser\u00e1 pago integralmente a quem trabalha h\u00e1 pelo menos um ano na mesma empresa. Quem trabalhou menos tempo receber\u00e1 proporcionalmente. <mark style=\"background-color:#fcb900\" class=\"has-inline-color\">O c\u00e1lculo \u00e9 feito da seguinte forma: a cada m\u00eas em que trabalha pelo menos 15 dias, o empregado tem direito a um doze avos (1\/12) do sal\u00e1rio total de dezembro. Dessa forma, o c\u00e1lculo do d\u00e9cimo terceiro considera como um m\u00eas inteiro o prazo de 15 dias trabalhados.<\/mark><\/p>\n<p>A regra que beneficia o trabalhador o prejudica no caso de excesso de faltas sem justificativa. O m\u00eas inteiro ser\u00e1 descontado do d\u00e9cimo terceiro se o empregado deixar de trabalhar mais de 15 dias no m\u00eas e n\u00e3o justificar a aus\u00eancia.<\/p>\n<div class=\"wp-block-image\">\n<figure class=\"aligncenter size-large is-resized\"><img data-recalc-dims=\"1\" loading=\"lazy\" decoding=\"async\" width=\"1024\" height=\"645\" src=\"https:\/\/i0.wp.com\/cdn.media-acidadeon.com.br\/ribeiraopreto\/wp-content\/uploads\/sites\/3\/2024\/06\/CALCADAO_2024-06-18_13-51-25_jpg_2024-06-18_13-51-25-1024x645.webp?resize=1024%2C645&#038;ssl=1\" alt=\"Com\u00e9rcio de Ribeir\u00e3o Preto - Foto: Fernando Gonzaga \/ CCS\" class=\"wp-image-84863\" style=\"width:654px\" title=\"Quando cai a segunda parcela do 13\u00ba sal\u00e1rio? Veja a data e quem recebe 2\" srcset=\"https:\/\/cdn.media-acidadeon.com.br\/ribeiraopreto\/wp-content\/uploads\/sites\/3\/2024\/06\/CALCADAO_2024-06-18_13-51-25_jpg_2024-06-18_13-51-25-1024x645.webp 1024w, https:\/\/cdn.media-acidadeon.com.br\/ribeiraopreto\/wp-content\/uploads\/sites\/3\/2024\/06\/CALCADAO_2024-06-18_13-51-25_jpg_2024-06-18_13-51-25-300x189.webp 300w, https:\/\/cdn.media-acidadeon.com.br\/ribeiraopreto\/wp-content\/uploads\/sites\/3\/2024\/06\/CALCADAO_2024-06-18_13-51-25_jpg_2024-06-18_13-51-25-768x484.webp 768w, https:\/\/cdn.media-acidadeon.com.br\/ribeiraopreto\/wp-content\/uploads\/sites\/3\/2024\/06\/CALCADAO_2024-06-18_13-51-25_jpg_2024-06-18_13-51-25-1536x968.webp 1536w, https:\/\/cdn.media-acidadeon.com.br\/ribeiraopreto\/wp-content\/uploads\/sites\/3\/2024\/06\/CALCADAO_2024-06-18_13-51-25_jpg_2024-06-18_13-51-25-696x438.webp 696w, https:\/\/cdn.media-acidadeon.com.br\/ribeiraopreto\/wp-content\/uploads\/sites\/3\/2024\/06\/CALCADAO_2024-06-18_13-51-25_jpg_2024-06-18_13-51-25-1068x673.webp 1068w, https:\/\/cdn.media-acidadeon.com.br\/ribeiraopreto\/wp-content\/uploads\/sites\/3\/2024\/06\/CALCADAO_2024-06-18_13-51-25_jpg_2024-06-18_13-51-25-1920x1210.webp 1920w, https:\/\/cdn.media-acidadeon.com.br\/ribeiraopreto\/wp-content\/uploads\/sites\/3\/2024\/06\/CALCADAO_2024-06-18_13-51-25_jpg_2024-06-18_13-51-25.webp 2000w\" sizes=\"auto, (max-width: 1024px) 100vw, 1024px\"\/><figcaption class=\"wp-element-caption\">Com\u00e9rcio de Ribeir\u00e3o Preto \u2013 Foto: Fernando Gonzaga \/ CCS<\/figcaption><\/figure>\n<\/div>\n<h3 class=\"wp-block-heading\"><strong>Tributa\u00e7\u00e3o<\/strong><\/h3>\n<p>O trabalhador deve estar atento quanto \u00e0 tributa\u00e7\u00e3o do d\u00e9cimo terceiro. Sobre o d\u00e9cimo terceiro, incide tributa\u00e7\u00e3o de Imposto de Renda, INSS e, no caso do patr\u00e3o, <strong>Fundo de Garantia do Tempo de Servi\u00e7o (FGTS)<\/strong>. No entanto, os tributos s\u00f3 s\u00e3o cobrados no pagamento da segunda parcela.<\/p>\n<p>A primeira metade do sal\u00e1rio \u00e9 paga integralmente, sem descontos. A tributa\u00e7\u00e3o do d\u00e9cimo terceiro \u00e9 informada num campo especial na declara\u00e7\u00e3o anual do Imposto de Renda Pessoa F\u00edsica.<\/p>\n<p><em>*Com informa\u00e7\u00f5es de Wellton M\u00e1ximo, rep\u00f3rter da Ag\u00eancia Brasil<\/em><\/p>\n<hr class=\"wp-block-separator has-alpha-channel-opacity\"\/>\n<p>SAIBA MAIS<\/p>\n<p>Domingo de eventos muda tr\u00e2nsito em Ribeir\u00e3o Preto; confira rotas<\/p>\n<h2 class=\"wp-block-heading\"><strong>FIQUE ON<\/strong><\/h2>\n<p>Fique ligado em tudo que acontece em Ribeir\u00e3o Preto e regi\u00e3o. Siga os perfis do<strong>\u00a0acidade on<\/strong>\u00a0no<a href=\"https:\/\/www.instagram.com\/acidadeonribeirao\" target=\"_blank\" rel=\"noreferrer noopener\">\u00a0Instagram\u00a0<\/a>e no\u00a0<a href=\"https:\/\/www.facebook.com\/acidadeonribeirao\/\" target=\"_blank\" rel=\"noreferrer noopener\">Facebook<\/a>.<\/p>\n<p>Receba not\u00edcias do\u00a0<strong>acidade on\u00a0<\/strong>no WhatsApp. Para entrar no grupo,\u00a0basta<a href=\"https:\/\/chat.whatsapp.com\/GFH9HUMUTHNFJdnyEd0xxq\" target=\"_blank\" rel=\"noreferrer noopener\">\u00a0clicar aqui<\/a>. Ou, acesse o nosso\u00a0Canal\u00a0<a href=\"https:\/\/whatsapp.com\/channel\/0029Vb6IQl1JENyAeS57fk2p\" target=\"_blank\" rel=\"noreferrer noopener\">clicando aqui<\/a>.<\/p>\n<p>Fa\u00e7a uma den\u00fancia ou sugira uma reportagem sobre Ribeir\u00e3o Preto e regi\u00e3o pelo WhatsApp: 16 99117 7802.<\/p>\n<p>VEJA TAMB\u00c9M<br \/>Lotof\u00e1cil 3560: sete apostas dividem pr\u00eamio m\u00e1ximo; veja cidades<\/p>\n<p><!-- AI CONTENT END 1 -->\n<\/div>\n<p><script async src=\"\/\/www.instagram.com\/embed.js\"><\/script><br \/>\n<br \/><br \/>\n<br \/><a href=\"https:\/\/www.acidadeon.com\/ribeiraopreto\/economia\/quando-cai-a-segunda-parcela-do-13o-salario-veja-a-data-e-quem-recebe\/\">Source link <\/a><\/p>\n<!-- CONTENT END 1 -->\n","protected":false},"excerpt":{"rendered":"<p>A segunda parcela do d\u00e9cimo terceiro sal\u00e1rio deve ser depositada at\u00e9 o dia 19 de dezembro aos mais de 95 milh\u00f5es trabalhadores com carteira assinada&#8230;<\/p>\n","protected":false},"author":1,"featured_media":76124,"comment_status":"open","ping_status":"open","sticky":false,"template":"","format":"standard","meta":{"advanced_seo_description":"","jetpack_seo_html_title":"","jetpack_seo_noindex":false,"jetpack_post_was_ever_published":false,"_jetpack_newsletter_access":"","_jetpack_dont_email_post_to_subs":false,"_jetpack_newsletter_tier_id":0,"_jetpack_memberships_contains_paywalled_content":false,"_jetpack_memberships_contains_paid_content":false,"footnotes":"","jetpack_publicize_message":"","jetpack_publicize_feature_enabled":true,"jetpack_social_post_already_shared":true,"jetpack_social_options":{"image_generator_settings":{"template":"highway","default_image_id":0,"font":"","enabled":false},"version":2}},"categories":[11],"tags":[],"class_list":["post-80758","post","type-post","status-publish","format-standard","has-post-thumbnail","hentry","category-noticias-de-ribeirao-preto-sp-e-regiao-ismael-colosi"],"jetpack_publicize_connections":[],"jetpack_featured_media_url":"https:\/\/i0.wp.com\/noticiasribeiraopreto.com.br\/wp-content\/uploads\/2025\/08\/imposto-de-renda_2025-03-18_17-20-00_jpg_2025-03-18_17-20-00.webp.webp?fit=1200%2C800&ssl=1","jetpack-related-posts":[{"id":18744,"url":"https:\/\/noticiasribeiraopreto.com.br\/index.php\/2023\/12\/20\/segunda-parcela-do-decimo-terceiro-deve-ser-paga-ate-hoje\/","url_meta":{"origin":80758,"position":0},"title":"Segunda parcela do d\u00e9cimo terceiro deve ser paga at\u00e9 hoje","author":"noticiasribeiraopreto.com.br","date":"20 de December de 2023","format":false,"excerpt":"Um dos principais benef\u00edcios trabalhistas do pa\u00eds, o d\u00e9cimo terceiro sal\u00e1rio tem a segunda parcela paga at\u00e9 esta quarta-feira, 20. Pela legisla\u00e7\u00e3o, a primeira parcela foi paga at\u00e9 30 de novembro ao empregado com carteira assinada. Cr\u00e9ditos: Ag\u00eancia BrasilSegunda parcela do d\u00e9cimo terceiro deve ser paga at\u00e9 hoje De acordo\u2026","rel":"","context":"In &quot;Variedades&quot;","block_context":{"text":"Variedades","link":"https:\/\/noticiasribeiraopreto.com.br\/index.php\/category\/variedades\/"},"img":{"alt_text":"","src":"https:\/\/i0.wp.com\/noticiasribeiraopreto.com.br\/wp-content\/uploads\/2023\/12\/1703124243_prazo-para-sacar-cotas-do-pis-pasep.jpg?fit=1200%2C638&ssl=1&resize=350%2C200","width":350,"height":200,"srcset":"https:\/\/i0.wp.com\/noticiasribeiraopreto.com.br\/wp-content\/uploads\/2023\/12\/1703124243_prazo-para-sacar-cotas-do-pis-pasep.jpg?fit=1200%2C638&ssl=1&resize=350%2C200 1x, https:\/\/i0.wp.com\/noticiasribeiraopreto.com.br\/wp-content\/uploads\/2023\/12\/1703124243_prazo-para-sacar-cotas-do-pis-pasep.jpg?fit=1200%2C638&ssl=1&resize=525%2C300 1.5x, https:\/\/i0.wp.com\/noticiasribeiraopreto.com.br\/wp-content\/uploads\/2023\/12\/1703124243_prazo-para-sacar-cotas-do-pis-pasep.jpg?fit=1200%2C638&ssl=1&resize=700%2C400 2x, https:\/\/i0.wp.com\/noticiasribeiraopreto.com.br\/wp-content\/uploads\/2023\/12\/1703124243_prazo-para-sacar-cotas-do-pis-pasep.jpg?fit=1200%2C638&ssl=1&resize=1050%2C600 3x"},"classes":[]},{"id":60745,"url":"https:\/\/noticiasribeiraopreto.com.br\/index.php\/2024\/11\/24\/13o-salario-primeira-parcela-deve-ser-paga-ate-quando\/","url_meta":{"origin":80758,"position":1},"title":"13\u00ba sal\u00e1rio: Primeira parcela deve ser paga at\u00e9 quando?","author":"noticiasribeiraopreto.com.br","date":"24 de November de 2024","format":false,"excerpt":"O empregado com carteira assinada, que trabalha h\u00e1 pelo menos um ano na mesma empresa, tem direito a receber o d\u00e9cimo terceiro sal\u00e1rio integral, um dos principais benef\u00edcios trabalhistas do pa\u00eds.\u00a0 A primeira parcela do sal\u00e1rio extra deve ser paga at\u00e9 a pr\u00f3xima sexta-feira (29). A partir de 1\u00ba de\u2026","rel":"","context":"In &quot;Not\u00edcias de Ribeir\u00e3o Preto-SP e Regi\u00e3o&quot;","block_context":{"text":"Not\u00edcias de Ribeir\u00e3o Preto-SP e Regi\u00e3o","link":"https:\/\/noticiasribeiraopreto.com.br\/index.php\/category\/noticias-de-ribeirao-preto-sp-e-regiao-ismael-colosi\/"},"img":{"alt_text":"","src":"https:\/\/i0.wp.com\/noticiasribeiraopreto.com.br\/wp-content\/uploads\/2024\/11\/dinheiro_1024x576_07042021112808.jpg?fit=1024%2C576&ssl=1&resize=350%2C200","width":350,"height":200,"srcset":"https:\/\/i0.wp.com\/noticiasribeiraopreto.com.br\/wp-content\/uploads\/2024\/11\/dinheiro_1024x576_07042021112808.jpg?fit=1024%2C576&ssl=1&resize=350%2C200 1x, https:\/\/i0.wp.com\/noticiasribeiraopreto.com.br\/wp-content\/uploads\/2024\/11\/dinheiro_1024x576_07042021112808.jpg?fit=1024%2C576&ssl=1&resize=525%2C300 1.5x, https:\/\/i0.wp.com\/noticiasribeiraopreto.com.br\/wp-content\/uploads\/2024\/11\/dinheiro_1024x576_07042021112808.jpg?fit=1024%2C576&ssl=1&resize=700%2C400 2x"},"classes":[]},{"id":18704,"url":"https:\/\/noticiasribeiraopreto.com.br\/index.php\/2023\/12\/20\/novidade-sobre-a-segunda-parcela-do-decimo-terceiro-surpreende\/","url_meta":{"origin":80758,"position":2},"title":"Novidade sobre a segunda parcela do d\u00e9cimo terceiro SURPREENDE","author":"noticiasribeiraopreto.com.br","date":"20 de December de 2023","format":false,"excerpt":"Um dos principais benef\u00edcios trabalhistas do pa\u00eds, o d\u00e9cimo terceiro sal\u00e1rio tem a segunda parcela paga at\u00e9 esta quarta-feira, 20. Pela legisla\u00e7\u00e3o, a primeira parcela foi paga at\u00e9 30 de novembro ao empregado com carteira assinada. Cr\u00e9ditos: Istock\/Pollyana VenturaNovidade sobre a segunda parcela do d\u00e9cimo terceiro SURPREENDE De acordo com\u2026","rel":"","context":"In &quot;Variedades&quot;","block_context":{"text":"Variedades","link":"https:\/\/noticiasribeiraopreto.com.br\/index.php\/category\/variedades\/"},"img":{"alt_text":"","src":"https:\/\/i0.wp.com\/noticiasribeiraopreto.com.br\/wp-content\/uploads\/2023\/12\/1703118707_istock-1005160690.jpg?fit=1200%2C638&ssl=1&resize=350%2C200","width":350,"height":200,"srcset":"https:\/\/i0.wp.com\/noticiasribeiraopreto.com.br\/wp-content\/uploads\/2023\/12\/1703118707_istock-1005160690.jpg?fit=1200%2C638&ssl=1&resize=350%2C200 1x, https:\/\/i0.wp.com\/noticiasribeiraopreto.com.br\/wp-content\/uploads\/2023\/12\/1703118707_istock-1005160690.jpg?fit=1200%2C638&ssl=1&resize=525%2C300 1.5x, https:\/\/i0.wp.com\/noticiasribeiraopreto.com.br\/wp-content\/uploads\/2023\/12\/1703118707_istock-1005160690.jpg?fit=1200%2C638&ssl=1&resize=700%2C400 2x, https:\/\/i0.wp.com\/noticiasribeiraopreto.com.br\/wp-content\/uploads\/2023\/12\/1703118707_istock-1005160690.jpg?fit=1200%2C638&ssl=1&resize=1050%2C600 3x"},"classes":[]},{"id":15096,"url":"https:\/\/noticiasribeiraopreto.com.br\/index.php\/2023\/12\/13\/decimo-terceiro-prazo-para-segunda-parcela-e-divulgado-confira-todos-os-detalhes\/","url_meta":{"origin":80758,"position":3},"title":"D\u00e9cimo terceiro: PRAZO para segunda parcela \u00e9 DIVULGADO; confira todos os detalhes","author":"noticiasribeiraopreto.com.br","date":"13 de December de 2023","format":false,"excerpt":"Final do ano chegou e o que os trabalhadores mais esperam \u00e9 o pagamento do d\u00e9cimo terceiro sal\u00e1rio. Geralmente, os empregadores dividem o pagamento em duas parcelas, mas possuem uma data limite que devem respeitar. O prazo para o pagamento da primeira parcela foi at\u00e9 o dia 30 de novembro.\u2026","rel":"","context":"In &quot;Vagas de Emprego em Ribeir\u00e3o Preto-SP&quot;","block_context":{"text":"Vagas de Emprego em Ribeir\u00e3o Preto-SP","link":"https:\/\/noticiasribeiraopreto.com.br\/index.php\/category\/empregos-classificados-vagas-trabalho\/vagas-de-empregos-em-ribeirao-preto-regiao-brasil\/"},"img":{"alt_text":"","src":"https:\/\/i0.wp.com\/noticiasribeiraopreto.com.br\/wp-content\/uploads\/2023\/12\/noticiasconcursos.com_.br-decimo-terceiro-prazo-para-segunda-parcela-e-divulgado-confira-todos-os-detalhes-reproducao-canva.jpg?fit=1200%2C800&ssl=1&resize=350%2C200","width":350,"height":200,"srcset":"https:\/\/i0.wp.com\/noticiasribeiraopreto.com.br\/wp-content\/uploads\/2023\/12\/noticiasconcursos.com_.br-decimo-terceiro-prazo-para-segunda-parcela-e-divulgado-confira-todos-os-detalhes-reproducao-canva.jpg?fit=1200%2C800&ssl=1&resize=350%2C200 1x, https:\/\/i0.wp.com\/noticiasribeiraopreto.com.br\/wp-content\/uploads\/2023\/12\/noticiasconcursos.com_.br-decimo-terceiro-prazo-para-segunda-parcela-e-divulgado-confira-todos-os-detalhes-reproducao-canva.jpg?fit=1200%2C800&ssl=1&resize=525%2C300 1.5x, https:\/\/i0.wp.com\/noticiasribeiraopreto.com.br\/wp-content\/uploads\/2023\/12\/noticiasconcursos.com_.br-decimo-terceiro-prazo-para-segunda-parcela-e-divulgado-confira-todos-os-detalhes-reproducao-canva.jpg?fit=1200%2C800&ssl=1&resize=700%2C400 2x, https:\/\/i0.wp.com\/noticiasribeiraopreto.com.br\/wp-content\/uploads\/2023\/12\/noticiasconcursos.com_.br-decimo-terceiro-prazo-para-segunda-parcela-e-divulgado-confira-todos-os-detalhes-reproducao-canva.jpg?fit=1200%2C800&ssl=1&resize=1050%2C600 3x"},"classes":[]},{"id":60137,"url":"https:\/\/noticiasribeiraopreto.com.br\/index.php\/2024\/11\/06\/quando-sai-o-decimo-terceiro-salario-de-2024-saiba-as-datas\/","url_meta":{"origin":80758,"position":4},"title":"Quando sai o d\u00e9cimo terceiro sal\u00e1rio de 2024? Saiba as datas","author":"noticiasribeiraopreto.com.br","date":"6 de November de 2024","format":false,"excerpt":"O esperado 13\u00ba sal\u00e1rio est\u00e1 perto de cair na conta dos trabalhadores. O valor pode ser pago de uma vez ou dividido em duas parcelas. A primeira parcela deve ser depositada at\u00e9 30 de novembro, sem descontos, enquanto a segunda parcela, com descontos de INSS e Imposto de Renda, deve\u2026","rel":"","context":"In &quot;Not\u00edcias de Ribeir\u00e3o Preto-SP e Regi\u00e3o&quot;","block_context":{"text":"Not\u00edcias de Ribeir\u00e3o Preto-SP e Regi\u00e3o","link":"https:\/\/noticiasribeiraopreto.com.br\/index.php\/category\/noticias-de-ribeirao-preto-sp-e-regiao-ismael-colosi\/"},"img":{"alt_text":"","src":"https:\/\/i0.wp.com\/noticiasribeiraopreto.com.br\/wp-content\/uploads\/2024\/04\/real_moeda_dinheiro_mcajr_2904223671.webp.webp?fit=1024%2C768&ssl=1&resize=350%2C200","width":350,"height":200,"srcset":"https:\/\/i0.wp.com\/noticiasribeiraopreto.com.br\/wp-content\/uploads\/2024\/04\/real_moeda_dinheiro_mcajr_2904223671.webp.webp?fit=1024%2C768&ssl=1&resize=350%2C200 1x, https:\/\/i0.wp.com\/noticiasribeiraopreto.com.br\/wp-content\/uploads\/2024\/04\/real_moeda_dinheiro_mcajr_2904223671.webp.webp?fit=1024%2C768&ssl=1&resize=525%2C300 1.5x, https:\/\/i0.wp.com\/noticiasribeiraopreto.com.br\/wp-content\/uploads\/2024\/04\/real_moeda_dinheiro_mcajr_2904223671.webp.webp?fit=1024%2C768&ssl=1&resize=700%2C400 2x"},"classes":[]},{"id":13010,"url":"https:\/\/noticiasribeiraopreto.com.br\/index.php\/2023\/12\/08\/o-que-fazer-se-ainda-nao-recebeu-a-primeira-parcela-do-13o-salario\/","url_meta":{"origin":80758,"position":5},"title":"O que fazer se ainda n\u00e3o recebeu a primeira parcela do 13\u00ba sal\u00e1rio?","author":"noticiasribeiraopreto.com.br","date":"8 de December de 2023","format":false,"excerpt":"J\u00e1 entramos no m\u00eas de dezembro e o clima das festas est\u00e1 em todo lugar. Nessa \u00e9poca, os trabalhadores modelo CLT (Consolida\u00e7\u00e3o das Leis do Trabalho) anseiam pelo pagamento do 13\u00ba sal\u00e1rio, que representa um al\u00edvio significativo nas finan\u00e7as e no equil\u00edbrio das contas.\u00a0 No entanto, apesar de haver prazos\u2026","rel":"","context":"In &quot;Vagas de Emprego em Ribeir\u00e3o Preto-SP&quot;","block_context":{"text":"Vagas de Emprego em Ribeir\u00e3o Preto-SP","link":"https:\/\/noticiasribeiraopreto.com.br\/index.php\/category\/empregos-classificados-vagas-trabalho\/vagas-de-empregos-em-ribeirao-preto-regiao-brasil\/"},"img":{"alt_text":"As empresas tinham at\u00e9 dia 30 de novembro para realizar o pagamento da primeira parcela do 13\u00ba sal\u00e1rio a seus funcion\u00e1rios.","src":"https:\/\/i0.wp.com\/noticiasconcursos.com.br\/wp-content\/uploads\/2023\/12\/noticiasconcursos.com.br-r-752-bilhoes-esquecidos-sera-que-voce-tem-dinheiro-esperando-por-voce-13-dinheiro-300x205.png?resize=350%2C200&ssl=1","width":350,"height":200,"srcset":"https:\/\/i0.wp.com\/noticiasconcursos.com.br\/wp-content\/uploads\/2023\/12\/noticiasconcursos.com.br-r-752-bilhoes-esquecidos-sera-que-voce-tem-dinheiro-esperando-por-voce-13-dinheiro-300x205.png?resize=350%2C200&ssl=1 1x, https:\/\/i0.wp.com\/noticiasconcursos.com.br\/wp-content\/uploads\/2023\/12\/noticiasconcursos.com.br-r-752-bilhoes-esquecidos-sera-que-voce-tem-dinheiro-esperando-por-voce-13-dinheiro-300x205.png?resize=525%2C300&ssl=1 1.5x, https:\/\/i0.wp.com\/noticiasconcursos.com.br\/wp-content\/uploads\/2023\/12\/noticiasconcursos.com.br-r-752-bilhoes-esquecidos-sera-que-voce-tem-dinheiro-esperando-por-voce-13-dinheiro-300x205.png?resize=700%2C400&ssl=1 2x"},"classes":[]}],"jetpack_sharing_enabled":true,"jetpack_shortlink":"https:\/\/wp.me\/peQAOb-l0y","_links":{"self":[{"href":"https:\/\/noticiasribeiraopreto.com.br\/index.php\/wp-json\/wp\/v2\/posts\/80758","targetHints":{"allow":["GET"]}}],"collection":[{"href":"https:\/\/noticiasribeiraopreto.com.br\/index.php\/wp-json\/wp\/v2\/posts"}],"about":[{"href":"https:\/\/noticiasribeiraopreto.com.br\/index.php\/wp-json\/wp\/v2\/types\/post"}],"author":[{"embeddable":true,"href":"https:\/\/noticiasribeiraopreto.com.br\/index.php\/wp-json\/wp\/v2\/users\/1"}],"replies":[{"embeddable":true,"href":"https:\/\/noticiasribeiraopreto.com.br\/index.php\/wp-json\/wp\/v2\/comments?post=80758"}],"version-history":[{"count":0,"href":"https:\/\/noticiasribeiraopreto.com.br\/index.php\/wp-json\/wp\/v2\/posts\/80758\/revisions"}],"wp:featuredmedia":[{"embeddable":true,"href":"https:\/\/noticiasribeiraopreto.com.br\/index.php\/wp-json\/wp\/v2\/media\/76124"}],"wp:attachment":[{"href":"https:\/\/noticiasribeiraopreto.com.br\/index.php\/wp-json\/wp\/v2\/media?parent=80758"}],"wp:term":[{"taxonomy":"category","embeddable":true,"href":"https:\/\/noticiasribeiraopreto.com.br\/index.php\/wp-json\/wp\/v2\/categories?post=80758"},{"taxonomy":"post_tag","embeddable":true,"href":"https:\/\/noticiasribeiraopreto.com.br\/index.php\/wp-json\/wp\/v2\/tags?post=80758"}],"curies":[{"name":"wp","href":"https:\/\/api.w.org\/{rel}","templated":true}]}}