{"id":80759,"date":"2025-12-13T05:45:13","date_gmt":"2025-12-13T08:45:13","guid":{"rendered":"https:\/\/noticiasribeiraopreto.com.br\/index.php\/2025\/12\/13\/domingo-de-eventos-muda-transito-em-ribeirao-preto-confira-rotas\/"},"modified":"2025-12-13T05:45:13","modified_gmt":"2025-12-13T08:45:13","slug":"domingo-de-eventos-muda-transito-em-ribeirao-preto-confira-rotas","status":"publish","type":"post","link":"https:\/\/noticiasribeiraopreto.com.br\/index.php\/2025\/12\/13\/domingo-de-eventos-muda-transito-em-ribeirao-preto-confira-rotas\/","title":{"rendered":"Domingo de eventos muda tr\u00e2nsito em Ribeir\u00e3o Preto; confira rotas"},"content":{"rendered":"<div class='code-block code-block-1' style='margin: 8px 0 8px auto; text-align: right; display: block; clear: both;'>\n<p><a href=\"https:\/\/wa.link\/vpicfd\"><img data-recalc-dims=\"1\" class=\"wp-image-4922\" style=\"aspect-ratio: 2.0253164556962027; width: 561px; height: auto;\" src=\"https:\/\/i0.wp.com\/ismaelcolosi.com.br\/wp-content\/uploads\/2023\/11\/grupo-de-empregos-whatsapp-e-facebook-ismael-colosi-vagas.jpg?ssl=1\" alt=\"\" \/><\/a><\/p>\n<!-- \/wp:image -->\n<\/div>\n<p> <br \/>\n<\/p>\n<div data-td-block-uid=\"tdi_95\">\n<div class=\"tdb-block-inner td-fix-index\">\n<p>A <strong>RP Mobi informou que tr\u00eas eventos programados para este domingo (14) <\/strong>v\u00e3o alterar o tr\u00e2nsito em v\u00e1rios pontos de Ribeir\u00e3o Preto. Os bloqueios acontecem em hor\u00e1rios diferentes, e os motoristas podem consultar rotas alternativas para evitar congestionamentos.<\/p>\n<h2 class=\"wp-block-heading\"><strong>Confira:<\/strong><\/h2>\n<h3 class=\"wp-block-heading\"><strong>Corrida Solid\u00e1ria<\/strong><\/h3>\n<p>A Corrida Solid\u00e1ria come\u00e7a \u00e0s 7h e interfere no tr\u00e1fego das avenidas Dr. Oscar de Moura Lacerda e Cavaleiro Paschoal Innechi.<\/p>\n<p><strong>Rotas alternativas:<\/strong><\/p>\n<ul class=\"wp-block-list\">\n<li><strong>Sentido Centro:<\/strong> Avenida Mogiana \u2192 Rua Francisco Sampaio \u2192 Rua M\u00e9xico \u2192 Rua Malito de Luca \u2192 Rua Guiana Inglesa \u2192 Rua Capit\u00e3o Os\u00f3rio Junqueira \u2192 Avenida Paris.<\/li>\n<li><strong>Sentido Bairro:<\/strong> Avenida Paris \u2192 Rua Capit\u00e3o Os\u00f3rio Junqueira \u2192 Rua Professor Jo\u00e3o Sales Pupo \u2192 Avenida Mogiana.<\/li>\n<\/ul>\n<div class=\"wp-block-image\">\n<figure class=\"aligncenter size-large is-resized\"><img data-recalc-dims=\"1\" fetchpriority=\"high\" decoding=\"async\" width=\"722\" height=\"1024\" src=\"https:\/\/i0.wp.com\/cdn.media-acidadeon.com.br\/ribeiraopreto\/wp-content\/uploads\/sites\/3\/2025\/12\/image_2025-12-12_21-25-43-722x1024.webp?resize=722%2C1024&#038;ssl=1\" alt=\"image 2025 12 12 21 25 43\" class=\"wp-image-139252\" style=\"width:539px;height:auto\" title=\"Domingo de eventos muda tr\u00e2nsito em Ribeir\u00e3o Preto; confira rotas 1\" srcset=\"https:\/\/cdn.media-acidadeon.com.br\/ribeiraopreto\/wp-content\/uploads\/sites\/3\/2025\/12\/image_2025-12-12_21-25-43-722x1024.webp 722w, https:\/\/cdn.media-acidadeon.com.br\/ribeiraopreto\/wp-content\/uploads\/sites\/3\/2025\/12\/image_2025-12-12_21-25-43-211x300.webp 211w, https:\/\/cdn.media-acidadeon.com.br\/ribeiraopreto\/wp-content\/uploads\/sites\/3\/2025\/12\/image_2025-12-12_21-25-43-696x988.webp 696w, https:\/\/cdn.media-acidadeon.com.br\/ribeiraopreto\/wp-content\/uploads\/sites\/3\/2025\/12\/image_2025-12-12_21-25-43.webp 761w\" sizes=\"(max-width: 722px) 100vw, 722px\"\/><\/figure>\n<\/div>\n<h3 class=\"wp-block-heading\"><strong>Viva a Nove<\/strong><\/h3>\n<p>O Viva a Nove ocorre entre 8h e 12h e altera a circula\u00e7\u00e3o na avenida Nove de Julho.<\/p>\n<p><strong>Interdi\u00e7\u00f5es:<\/strong><\/p>\n<ul class=\"wp-block-list\">\n<li>Duas pistas entre as ruas Tibiri\u00e7\u00e1 e Bar\u00e3o do Amazonas.<\/li>\n<li>Trecho da rua Visconde de Inha\u00fama entre Rui Barbosa e Bernardino de Campos.<\/li>\n<\/ul>\n<p><strong>Rotas alternativas:<\/strong><\/p>\n<ul class=\"wp-block-list\">\n<li><strong>Sentido Bairro:<\/strong> Rua Rui Barbosa \u2192 Rua \u00c1lvares Cabral \u2192 retorno \u2192 Rua Jo\u00e3o Penteado.<\/li>\n<li><strong>Sentido Centro:<\/strong> Rua Bar\u00e3o do Amazonas.<\/li>\n<\/ul>\n<div class=\"wp-block-image\">\n<figure class=\"aligncenter size-large is-resized\"><img data-recalc-dims=\"1\" loading=\"lazy\" decoding=\"async\" width=\"1024\" height=\"682\" src=\"https:\/\/i0.wp.com\/cdn.media-acidadeon.com.br\/ribeiraopreto\/wp-content\/uploads\/sites\/3\/2025\/12\/image_2025-12-12_21-26-33-1024x682.webp?resize=1024%2C682&#038;ssl=1\" alt=\"image 2025 12 12 21 26 33\" class=\"wp-image-139253\" style=\"width:676px;height:auto\" title=\"Domingo de eventos muda tr\u00e2nsito em Ribeir\u00e3o Preto; confira rotas 2\" srcset=\"https:\/\/cdn.media-acidadeon.com.br\/ribeiraopreto\/wp-content\/uploads\/sites\/3\/2025\/12\/image_2025-12-12_21-26-33-1024x682.webp 1024w, https:\/\/cdn.media-acidadeon.com.br\/ribeiraopreto\/wp-content\/uploads\/sites\/3\/2025\/12\/image_2025-12-12_21-26-33-300x200.webp 300w, https:\/\/cdn.media-acidadeon.com.br\/ribeiraopreto\/wp-content\/uploads\/sites\/3\/2025\/12\/image_2025-12-12_21-26-33-768x511.webp 768w, https:\/\/cdn.media-acidadeon.com.br\/ribeiraopreto\/wp-content\/uploads\/sites\/3\/2025\/12\/image_2025-12-12_21-26-33-696x463.webp 696w, https:\/\/cdn.media-acidadeon.com.br\/ribeiraopreto\/wp-content\/uploads\/sites\/3\/2025\/12\/image_2025-12-12_21-26-33-1068x711.webp 1068w, https:\/\/cdn.media-acidadeon.com.br\/ribeiraopreto\/wp-content\/uploads\/sites\/3\/2025\/12\/image_2025-12-12_21-26-33.webp 1200w\" sizes=\"auto, (max-width: 1024px) 100vw, 1024px\"\/><\/figure>\n<\/div>\n<h3 class=\"wp-block-heading\"><strong>Encontro de Cl\u00e1ssicos e Miniaturas<\/strong><\/h3>\n<p>O Encontro de Cl\u00e1ssicos e Miniaturas acontece das 8h \u00e0s 15h na regi\u00e3o da rua Thomaz Nogueira Gaia.<\/p>\n<p><strong>Interdi\u00e7\u00e3o:<\/strong><br \/>Trecho entre a avenida Ant\u00f4nio Diederichsen e a rua Jo\u00e3o Godoy.<\/p>\n<p><strong>Rota alternativa:<\/strong><br \/>Acesso pela avenida Ant\u00f4nio Diederichsen com convers\u00e3o \u00e0 direita na avenida Presidente Vargas.<\/p>\n<div class=\"wp-block-image\">\n<figure class=\"aligncenter size-large is-resized\"><img data-recalc-dims=\"1\" loading=\"lazy\" decoding=\"async\" width=\"1024\" height=\"682\" src=\"https:\/\/i0.wp.com\/cdn.media-acidadeon.com.br\/ribeiraopreto\/wp-content\/uploads\/sites\/3\/2025\/12\/image_2025-12-12_21-29-47-1024x682.webp?resize=1024%2C682&#038;ssl=1\" alt=\"tr\u00e2nsito\" class=\"wp-image-139254\" style=\"width:763px;height:auto\" title=\"Domingo de eventos muda tr\u00e2nsito em Ribeir\u00e3o Preto; confira rotas 3\" srcset=\"https:\/\/cdn.media-acidadeon.com.br\/ribeiraopreto\/wp-content\/uploads\/sites\/3\/2025\/12\/image_2025-12-12_21-29-47-1024x682.webp 1024w, https:\/\/cdn.media-acidadeon.com.br\/ribeiraopreto\/wp-content\/uploads\/sites\/3\/2025\/12\/image_2025-12-12_21-29-47-300x200.webp 300w, https:\/\/cdn.media-acidadeon.com.br\/ribeiraopreto\/wp-content\/uploads\/sites\/3\/2025\/12\/image_2025-12-12_21-29-47-768x511.webp 768w, https:\/\/cdn.media-acidadeon.com.br\/ribeiraopreto\/wp-content\/uploads\/sites\/3\/2025\/12\/image_2025-12-12_21-29-47-696x463.webp 696w, https:\/\/cdn.media-acidadeon.com.br\/ribeiraopreto\/wp-content\/uploads\/sites\/3\/2025\/12\/image_2025-12-12_21-29-47-1068x711.webp 1068w, https:\/\/cdn.media-acidadeon.com.br\/ribeiraopreto\/wp-content\/uploads\/sites\/3\/2025\/12\/image_2025-12-12_21-29-47.webp 1200w\" sizes=\"auto, (max-width: 1024px) 100vw, 1024px\"\/><\/figure>\n<\/div>\n<hr class=\"wp-block-separator has-alpha-channel-opacity\"\/>\n<p>SAIBA MAIS<br \/>Virada no tempo com risco de temporais; Veja previs\u00e3o para o fim de semana<\/p>\n<h2 class=\"wp-block-heading\"><strong>FIQUE ON<\/strong><\/h2>\n<p>Fique ligado em tudo que acontece em Ribeir\u00e3o Preto e regi\u00e3o. Siga os perfis do<strong>\u00a0acidade on<\/strong>\u00a0no<a href=\"https:\/\/www.instagram.com\/acidadeonribeirao\" target=\"_blank\" rel=\"noreferrer noopener\">\u00a0Instagram\u00a0<\/a>e no\u00a0<a href=\"https:\/\/www.facebook.com\/acidadeonribeirao\/\" target=\"_blank\" rel=\"noreferrer noopener\">Facebook<\/a>.<\/p>\n<p>Receba not\u00edcias do\u00a0<strong>acidade on\u00a0<\/strong>no WhatsApp. Para entrar no grupo,\u00a0basta<a href=\"https:\/\/chat.whatsapp.com\/GFH9HUMUTHNFJdnyEd0xxq\" target=\"_blank\" rel=\"noreferrer noopener\">\u00a0clicar aqui<\/a>. Ou, acesse o nosso\u00a0Canal\u00a0<a href=\"https:\/\/whatsapp.com\/channel\/0029Vb6IQl1JENyAeS57fk2p\" target=\"_blank\" rel=\"noreferrer noopener\">clicando aqui<\/a>.<\/p>\n<p>Fa\u00e7a uma den\u00fancia ou sugira uma reportagem sobre Ribeir\u00e3o Preto e regi\u00e3o pelo WhatsApp: 16 99117 7802.<\/p>\n<p>VEJA TAMB\u00c9M<br \/>Lotof\u00e1cil 3560: sete apostas dividem pr\u00eamio m\u00e1ximo; veja cidades<\/p>\n<p><!-- AI CONTENT END 1 -->\n<\/div>\n<\/div>\n<p><script async src=\"\/\/www.instagram.com\/embed.js\"><\/script><br \/>\n<br \/><br \/>\n<br \/><a href=\"https:\/\/www.acidadeon.com\/ribeiraopreto\/cotidiano\/domingo-de-eventos-muda-transito-em-ribeirao-preto-confira-rotas\/\">Source link <\/a><\/p>\n<!-- CONTENT END 1 -->\n","protected":false},"excerpt":{"rendered":"<p>A RP Mobi informou que tr\u00eas eventos programados para este domingo (14) v\u00e3o alterar o tr\u00e2nsito em v\u00e1rios pontos de Ribeir\u00e3o Preto. Os bloqueios acontecem&#8230;<\/p>\n","protected":false},"author":1,"featured_media":80760,"comment_status":"open","ping_status":"open","sticky":false,"template":"","format":"standard","meta":{"advanced_seo_description":"","jetpack_seo_html_title":"","jetpack_seo_noindex":false,"jetpack_post_was_ever_published":false,"_jetpack_newsletter_access":"","_jetpack_dont_email_post_to_subs":false,"_jetpack_newsletter_tier_id":0,"_jetpack_memberships_contains_paywalled_content":false,"_jetpack_memberships_contains_paid_content":false,"footnotes":"","jetpack_publicize_message":"","jetpack_publicize_feature_enabled":true,"jetpack_social_post_already_shared":true,"jetpack_social_options":{"image_generator_settings":{"template":"highway","default_image_id":0,"font":"","enabled":false},"version":2}},"categories":[11],"tags":[],"class_list":["post-80759","post","type-post","status-publish","format-standard","has-post-thumbnail","hentry","category-noticias-de-ribeirao-preto-sp-e-regiao-ismael-colosi"],"jetpack_publicize_connections":[],"jetpack_featured_media_url":"https:\/\/i0.wp.com\/noticiasribeiraopreto.com.br\/wp-content\/uploads\/2025\/12\/interdicoes_004_2025-12-12_21-33-02.webp.webp?fit=1200%2C799&ssl=1","jetpack-related-posts":[{"id":84509,"url":"https:\/\/noticiasribeiraopreto.com.br\/index.php\/2026\/04\/10\/transito-em-ribeirao-preto-tera-interdicoes-neste-fim-de-semana-veja-locais-e-horarios\/","url_meta":{"origin":80759,"position":0},"title":"Tr\u00e2nsito em Ribeir\u00e3o Preto ter\u00e1 interdi\u00e7\u00f5es neste fim de semana; veja locais e hor\u00e1rios","author":"noticiasribeiraopreto.com.br","date":"10 de April de 2026","format":false,"excerpt":"Ler o resumo da not\u00edcia Tr\u00e2nsito em Ribeir\u00e3o Preto ter\u00e1 interdi\u00e7\u00f5es neste fim de semana, entre s\u00e1bado (11) e domingo (12), devido a eventos na cidade. No s\u00e1bado, ocorrer\u00e3o tr\u00eas eventos com bloqueios: Churrasquinho Menos \u00e9 Mais no Est\u00e1dio do Comercial (14h-23h59), Xtreme \u2013 A\u00e7\u00e3o Solid\u00e1ria na Avenida \u00c1urea Machado\u2026","rel":"","context":"In &quot;Not\u00edcias de Ribeir\u00e3o Preto-SP e Regi\u00e3o&quot;","block_context":{"text":"Not\u00edcias de Ribeir\u00e3o Preto-SP e Regi\u00e3o","link":"https:\/\/noticiasribeiraopreto.com.br\/index.php\/category\/noticias-de-ribeirao-preto-sp-e-regiao-ismael-colosi\/"},"img":{"alt_text":"","src":"https:\/\/i0.wp.com\/noticiasribeiraopreto.com.br\/wp-content\/uploads\/2026\/04\/carros_transerp_2__2026-03-02_18-03-41.webp.webp?fit=1200%2C800&ssl=1&resize=350%2C200","width":350,"height":200,"srcset":"https:\/\/i0.wp.com\/noticiasribeiraopreto.com.br\/wp-content\/uploads\/2026\/04\/carros_transerp_2__2026-03-02_18-03-41.webp.webp?fit=1200%2C800&ssl=1&resize=350%2C200 1x, https:\/\/i0.wp.com\/noticiasribeiraopreto.com.br\/wp-content\/uploads\/2026\/04\/carros_transerp_2__2026-03-02_18-03-41.webp.webp?fit=1200%2C800&ssl=1&resize=525%2C300 1.5x, https:\/\/i0.wp.com\/noticiasribeiraopreto.com.br\/wp-content\/uploads\/2026\/04\/carros_transerp_2__2026-03-02_18-03-41.webp.webp?fit=1200%2C800&ssl=1&resize=700%2C400 2x, https:\/\/i0.wp.com\/noticiasribeiraopreto.com.br\/wp-content\/uploads\/2026\/04\/carros_transerp_2__2026-03-02_18-03-41.webp.webp?fit=1200%2C800&ssl=1&resize=1050%2C600 3x"},"classes":[]},{"id":76832,"url":"https:\/\/noticiasribeiraopreto.com.br\/index.php\/2025\/09\/06\/veja-quais-ruas-de-ribeirao-preto-estarao-interditadas-para-o-desfile-de-7-de-setembro\/","url_meta":{"origin":80759,"position":1},"title":"Veja quais ruas de Ribeir\u00e3o Preto estar\u00e3o interditadas para o desfile de 7 de Setembro","author":"noticiasribeiraopreto.com.br","date":"6 de September de 2025","format":false,"excerpt":"A avenida Cavalheiro Paschoal Innechi, em Ribeir\u00e3o Preto, ser\u00e1 interditada nos dois sentidos neste domingo (7), juntamente com as vias paralelas, em raz\u00e3o do desfile c\u00edvico do Dia da Independ\u00eancia do Brasil. De acordo com a RP Mobi, todas as vias paralelas \u00e0 avenida, entre a avenida Paris e a\u2026","rel":"","context":"In &quot;Not\u00edcias de Ribeir\u00e3o Preto-SP e Regi\u00e3o&quot;","block_context":{"text":"Not\u00edcias de Ribeir\u00e3o Preto-SP e Regi\u00e3o","link":"https:\/\/noticiasribeiraopreto.com.br\/index.php\/category\/noticias-de-ribeirao-preto-sp-e-regiao-ismael-colosi\/"},"img":{"alt_text":"","src":"https:\/\/i0.wp.com\/noticiasribeiraopreto.com.br\/wp-content\/uploads\/2025\/09\/7-de-setembro_2024-09-07_12-22-06_jpeg_2024-09-07_12-22-06.webp.webp?fit=1200%2C900&ssl=1&resize=350%2C200","width":350,"height":200,"srcset":"https:\/\/i0.wp.com\/noticiasribeiraopreto.com.br\/wp-content\/uploads\/2025\/09\/7-de-setembro_2024-09-07_12-22-06_jpeg_2024-09-07_12-22-06.webp.webp?fit=1200%2C900&ssl=1&resize=350%2C200 1x, https:\/\/i0.wp.com\/noticiasribeiraopreto.com.br\/wp-content\/uploads\/2025\/09\/7-de-setembro_2024-09-07_12-22-06_jpeg_2024-09-07_12-22-06.webp.webp?fit=1200%2C900&ssl=1&resize=525%2C300 1.5x, https:\/\/i0.wp.com\/noticiasribeiraopreto.com.br\/wp-content\/uploads\/2025\/09\/7-de-setembro_2024-09-07_12-22-06_jpeg_2024-09-07_12-22-06.webp.webp?fit=1200%2C900&ssl=1&resize=700%2C400 2x, https:\/\/i0.wp.com\/noticiasribeiraopreto.com.br\/wp-content\/uploads\/2025\/09\/7-de-setembro_2024-09-07_12-22-06_jpeg_2024-09-07_12-22-06.webp.webp?fit=1200%2C900&ssl=1&resize=1050%2C600 3x"},"classes":[]},{"id":84948,"url":"https:\/\/noticiasribeiraopreto.com.br\/index.php\/2026\/04\/18\/avenida-maurilio-biagi-tera-interdicoes-neste-domingo-veja-os-trechos-afetados\/","url_meta":{"origin":80759,"position":2},"title":"Avenida Maur\u00edlio Biagi ter\u00e1 interdi\u00e7\u00f5es neste domingo; Veja os trechos afetados","author":"noticiasribeiraopreto.com.br","date":"18 de April de 2026","format":false,"excerpt":"Ler o resumo da not\u00edcia RP Mobi interditar\u00e1 dois trechos da Avenida Maur\u00edcio Biagi em Ribeir\u00e3o Preto neste domingo (19) das 5h \u00e0s 8h para a realiza\u00e7\u00e3o de uma corrida de rua. O bloqueio total ser\u00e1 na pista Bairro\/Centro entre a Rua Ov\u00eddeo Jos\u00e9 de Faria e a Avenida Cost\u00e1bile\u2026","rel":"","context":"In &quot;Not\u00edcias de Ribeir\u00e3o Preto-SP e Regi\u00e3o&quot;","block_context":{"text":"Not\u00edcias de Ribeir\u00e3o Preto-SP e Regi\u00e3o","link":"https:\/\/noticiasribeiraopreto.com.br\/index.php\/category\/noticias-de-ribeirao-preto-sp-e-regiao-ismael-colosi\/"},"img":{"alt_text":"","src":"https:\/\/i0.wp.com\/noticiasribeiraopreto.com.br\/wp-content\/uploads\/2026\/04\/avenida-maurilio-biagi-1_2024-06-29_19-39-53_jpg_2024-06-29_19-39-53-768x431-1.webp.webp?fit=768%2C431&ssl=1&resize=350%2C200","width":350,"height":200,"srcset":"https:\/\/i0.wp.com\/noticiasribeiraopreto.com.br\/wp-content\/uploads\/2026\/04\/avenida-maurilio-biagi-1_2024-06-29_19-39-53_jpg_2024-06-29_19-39-53-768x431-1.webp.webp?fit=768%2C431&ssl=1&resize=350%2C200 1x, https:\/\/i0.wp.com\/noticiasribeiraopreto.com.br\/wp-content\/uploads\/2026\/04\/avenida-maurilio-biagi-1_2024-06-29_19-39-53_jpg_2024-06-29_19-39-53-768x431-1.webp.webp?fit=768%2C431&ssl=1&resize=525%2C300 1.5x, https:\/\/i0.wp.com\/noticiasribeiraopreto.com.br\/wp-content\/uploads\/2026\/04\/avenida-maurilio-biagi-1_2024-06-29_19-39-53_jpg_2024-06-29_19-39-53-768x431-1.webp.webp?fit=768%2C431&ssl=1&resize=700%2C400 2x"},"classes":[]},{"id":78460,"url":"https:\/\/noticiasribeiraopreto.com.br\/index.php\/2025\/10\/10\/transito-de-ribeirao-preto-tera-interdicoes-para-eventos-no-fim-de-semana-confira\/","url_meta":{"origin":80759,"position":3},"title":"Tr\u00e2nsito de Ribeir\u00e3o Preto ter\u00e1 interdi\u00e7\u00f5es para eventos no fim de semana; Confira","author":"noticiasribeiraopreto.com.br","date":"10 de October de 2025","format":false,"excerpt":"O tr\u00e2nsito de Ribeir\u00e3o Preto ter\u00e1 tr\u00eas interdi\u00e7\u00f5es neste fim de semana por conta de eventos na cidade. Segundo a RP Mobi, empresa respons\u00e1vel pela mobilidade urbana, os condutores devem ficar atentos aos bloqueios e utilizar as rotas alternativas indicadas para evitar transtornos. S\u00e1bado, 11 de outubro Festival Repique Local:\u2026","rel":"","context":"In &quot;Not\u00edcias de Ribeir\u00e3o Preto-SP e Regi\u00e3o&quot;","block_context":{"text":"Not\u00edcias de Ribeir\u00e3o Preto-SP e Regi\u00e3o","link":"https:\/\/noticiasribeiraopreto.com.br\/index.php\/category\/noticias-de-ribeirao-preto-sp-e-regiao-ismael-colosi\/"},"img":{"alt_text":"","src":"https:\/\/i0.wp.com\/noticiasribeiraopreto.com.br\/wp-content\/uploads\/2025\/10\/rp-mobi_2025-10-10_19-36-20.webp.webp?fit=1200%2C800&ssl=1&resize=350%2C200","width":350,"height":200,"srcset":"https:\/\/i0.wp.com\/noticiasribeiraopreto.com.br\/wp-content\/uploads\/2025\/10\/rp-mobi_2025-10-10_19-36-20.webp.webp?fit=1200%2C800&ssl=1&resize=350%2C200 1x, https:\/\/i0.wp.com\/noticiasribeiraopreto.com.br\/wp-content\/uploads\/2025\/10\/rp-mobi_2025-10-10_19-36-20.webp.webp?fit=1200%2C800&ssl=1&resize=525%2C300 1.5x, https:\/\/i0.wp.com\/noticiasribeiraopreto.com.br\/wp-content\/uploads\/2025\/10\/rp-mobi_2025-10-10_19-36-20.webp.webp?fit=1200%2C800&ssl=1&resize=700%2C400 2x, https:\/\/i0.wp.com\/noticiasribeiraopreto.com.br\/wp-content\/uploads\/2025\/10\/rp-mobi_2025-10-10_19-36-20.webp.webp?fit=1200%2C800&ssl=1&resize=1050%2C600 3x"},"classes":[]},{"id":77065,"url":"https:\/\/noticiasribeiraopreto.com.br\/index.php\/2025\/09\/10\/festival-altera-transito-e-bloqueia-ruas-no-centro-de-ribeirao-preto-veja-rotas\/","url_meta":{"origin":80759,"position":4},"title":"Festival altera tr\u00e2nsito e bloqueia ruas no Centro de Ribeir\u00e3o Preto; veja rotas","author":"noticiasribeiraopreto.com.br","date":"10 de September de 2025","format":false,"excerpt":"O Festival Rueda provoca mudan\u00e7as no tr\u00e2nsito da regi\u00e3o central de Ribeir\u00e3o Preto neste fim de semana. O evento acontece no s\u00e1bado (13) das 14h \u00e0s 22h, com bloqueios em trechos das ruas Visconde de Inha\u00fama e Visconde do Rio Branco. De acordo com a RP Mobi, as interdi\u00e7\u00f5es come\u00e7am\u2026","rel":"","context":"In &quot;Not\u00edcias de Ribeir\u00e3o Preto-SP e Regi\u00e3o&quot;","block_context":{"text":"Not\u00edcias de Ribeir\u00e3o Preto-SP e Regi\u00e3o","link":"https:\/\/noticiasribeiraopreto.com.br\/index.php\/category\/noticias-de-ribeirao-preto-sp-e-regiao-ismael-colosi\/"},"img":{"alt_text":"","src":"https:\/\/i0.wp.com\/noticiasribeiraopreto.com.br\/wp-content\/uploads\/2025\/08\/transito-sca_2025-08-12_22-20-28.webp.webp?fit=1200%2C675&ssl=1&resize=350%2C200","width":350,"height":200,"srcset":"https:\/\/i0.wp.com\/noticiasribeiraopreto.com.br\/wp-content\/uploads\/2025\/08\/transito-sca_2025-08-12_22-20-28.webp.webp?fit=1200%2C675&ssl=1&resize=350%2C200 1x, https:\/\/i0.wp.com\/noticiasribeiraopreto.com.br\/wp-content\/uploads\/2025\/08\/transito-sca_2025-08-12_22-20-28.webp.webp?fit=1200%2C675&ssl=1&resize=525%2C300 1.5x, https:\/\/i0.wp.com\/noticiasribeiraopreto.com.br\/wp-content\/uploads\/2025\/08\/transito-sca_2025-08-12_22-20-28.webp.webp?fit=1200%2C675&ssl=1&resize=700%2C400 2x, https:\/\/i0.wp.com\/noticiasribeiraopreto.com.br\/wp-content\/uploads\/2025\/08\/transito-sca_2025-08-12_22-20-28.webp.webp?fit=1200%2C675&ssl=1&resize=1050%2C600 3x"},"classes":[]},{"id":83049,"url":"https:\/\/noticiasribeiraopreto.com.br\/index.php\/2026\/03\/07\/eventos-provocam-bloqueios-no-transito-de-ribeirao-preto-veja-os-locais\/","url_meta":{"origin":80759,"position":5},"title":"Eventos provocam bloqueios no tr\u00e2nsito de Ribeir\u00e3o Preto; veja os locais","author":"noticiasribeiraopreto.com.br","date":"7 de March de 2026","format":false,"excerpt":"Motoristas de Ribeir\u00e3o Preto devem ficar atentos, pois o tr\u00e2nsito na cidade ter\u00e1 mudan\u00e7as neste domingo (8) por causa de dois eventos programados: a corrida de rua Santander Track&Field Run Series e a Cavalgada 2026. As atividades v\u00e3o acontecer em diferentes regi\u00f5es e provocar\u00e3o interdi\u00e7\u00f5es tempor\u00e1rias em avenidas importantes, o\u2026","rel":"","context":"In &quot;Not\u00edcias de Ribeir\u00e3o Preto-SP e Regi\u00e3o&quot;","block_context":{"text":"Not\u00edcias de Ribeir\u00e3o Preto-SP e Regi\u00e3o","link":"https:\/\/noticiasribeiraopreto.com.br\/index.php\/category\/noticias-de-ribeirao-preto-sp-e-regiao-ismael-colosi\/"},"img":{"alt_text":"","src":"https:\/\/i0.wp.com\/noticiasribeiraopreto.com.br\/wp-content\/uploads\/2025\/12\/interdicoes_004_2025-12-12_21-33-02.webp.webp?fit=1200%2C799&ssl=1&resize=350%2C200","width":350,"height":200,"srcset":"https:\/\/i0.wp.com\/noticiasribeiraopreto.com.br\/wp-content\/uploads\/2025\/12\/interdicoes_004_2025-12-12_21-33-02.webp.webp?fit=1200%2C799&ssl=1&resize=350%2C200 1x, https:\/\/i0.wp.com\/noticiasribeiraopreto.com.br\/wp-content\/uploads\/2025\/12\/interdicoes_004_2025-12-12_21-33-02.webp.webp?fit=1200%2C799&ssl=1&resize=525%2C300 1.5x, https:\/\/i0.wp.com\/noticiasribeiraopreto.com.br\/wp-content\/uploads\/2025\/12\/interdicoes_004_2025-12-12_21-33-02.webp.webp?fit=1200%2C799&ssl=1&resize=700%2C400 2x, https:\/\/i0.wp.com\/noticiasribeiraopreto.com.br\/wp-content\/uploads\/2025\/12\/interdicoes_004_2025-12-12_21-33-02.webp.webp?fit=1200%2C799&ssl=1&resize=1050%2C600 3x"},"classes":[]}],"jetpack_sharing_enabled":true,"jetpack_shortlink":"https:\/\/wp.me\/peQAOb-l0z","_links":{"self":[{"href":"https:\/\/noticiasribeiraopreto.com.br\/index.php\/wp-json\/wp\/v2\/posts\/80759","targetHints":{"allow":["GET"]}}],"collection":[{"href":"https:\/\/noticiasribeiraopreto.com.br\/index.php\/wp-json\/wp\/v2\/posts"}],"about":[{"href":"https:\/\/noticiasribeiraopreto.com.br\/index.php\/wp-json\/wp\/v2\/types\/post"}],"author":[{"embeddable":true,"href":"https:\/\/noticiasribeiraopreto.com.br\/index.php\/wp-json\/wp\/v2\/users\/1"}],"replies":[{"embeddable":true,"href":"https:\/\/noticiasribeiraopreto.com.br\/index.php\/wp-json\/wp\/v2\/comments?post=80759"}],"version-history":[{"count":0,"href":"https:\/\/noticiasribeiraopreto.com.br\/index.php\/wp-json\/wp\/v2\/posts\/80759\/revisions"}],"wp:featuredmedia":[{"embeddable":true,"href":"https:\/\/noticiasribeiraopreto.com.br\/index.php\/wp-json\/wp\/v2\/media\/80760"}],"wp:attachment":[{"href":"https:\/\/noticiasribeiraopreto.com.br\/index.php\/wp-json\/wp\/v2\/media?parent=80759"}],"wp:term":[{"taxonomy":"category","embeddable":true,"href":"https:\/\/noticiasribeiraopreto.com.br\/index.php\/wp-json\/wp\/v2\/categories?post=80759"},{"taxonomy":"post_tag","embeddable":true,"href":"https:\/\/noticiasribeiraopreto.com.br\/index.php\/wp-json\/wp\/v2\/tags?post=80759"}],"curies":[{"name":"wp","href":"https:\/\/api.w.org\/{rel}","templated":true}]}}