{"id":80761,"date":"2025-12-13T05:53:18","date_gmt":"2025-12-13T08:53:18","guid":{"rendered":"https:\/\/noticiasribeiraopreto.com.br\/index.php\/2025\/12\/13\/tres-mulheres-altas-e-coral-dos-meninos-cantores-veja-opcoes-para-curtir-fim-de-semana-em-ribeirao-preto\/"},"modified":"2025-12-13T05:53:18","modified_gmt":"2025-12-13T08:53:18","slug":"tres-mulheres-altas-e-coral-dos-meninos-cantores-veja-opcoes-para-curtir-fim-de-semana-em-ribeirao-preto","status":"publish","type":"post","link":"https:\/\/noticiasribeiraopreto.com.br\/index.php\/2025\/12\/13\/tres-mulheres-altas-e-coral-dos-meninos-cantores-veja-opcoes-para-curtir-fim-de-semana-em-ribeirao-preto\/","title":{"rendered":"&#8216;Tr\u00eas Mulheres Altas&#8217; e Coral dos Meninos Cantores: veja op\u00e7\u00f5es para curtir fim de semana em Ribeir\u00e3o Preto"},"content":{"rendered":"<div class='code-block code-block-1' style='margin: 8px 0 8px auto; text-align: right; display: block; clear: both;'>\n<p><a href=\"https:\/\/wa.link\/vpicfd\"><img data-recalc-dims=\"1\" class=\"wp-image-4922\" style=\"aspect-ratio: 2.0253164556962027; width: 561px; height: auto;\" src=\"https:\/\/i0.wp.com\/ismaelcolosi.com.br\/wp-content\/uploads\/2023\/11\/grupo-de-empregos-whatsapp-e-facebook-ismael-colosi-vagas.jpg?ssl=1\" alt=\"\" \/><\/a><\/p>\n<!-- \/wp:image -->\n<\/div>\n<p> <br \/>\n<\/p>\n<div>\n<p>A agenda cultural deste fim de semana est\u00e1 em clima natalino. H\u00e1 diversas op\u00e7\u00f5es para aproveitar com os amigos e a fam\u00edlia, como a tradicional apresenta\u00e7\u00e3o do <strong>Coral dos Meninos Cantores<\/strong>, a locomotiva iluminada do <strong>Natal da VLI<\/strong> e <strong>feiras<\/strong> com tem\u00e1tica natalina. Al\u00e9m disso, a cidade tamb\u00e9m recebe a pe\u00e7a \u201c<strong>Tr\u00eas Mulheres Altas<\/strong>\u201c, com Ana Rosa, Helena Ranaldi e Fernanda Nobre. Confira abaixo.<\/p>\n<h2 class=\"wp-block-heading\"><strong>Tr\u00eas Mulheres Altas<\/strong><\/h2>\n<p>O espet\u00e1culo\u00a0<strong>\u201cTr\u00eas Mulheres Altas\u201d<\/strong>, estrelado por\u00a0<strong>Ana Rosa, Helena Ranaldi e Fernanda Nobre<\/strong>, chega a\u00a0<strong>Ribeir\u00e3o Preto<\/strong>\u00a0para encerrar a turn\u00ea de 2025 com duas apresenta\u00e7\u00f5es no\u00a0<strong>Theatro Pedro II<\/strong>, programadas para este fim de semana, \u00e0s 20h. A montagem, dirigida por\u00a0<strong>Fernando Philbert<\/strong>\u00a0e inspirada no cl\u00e1ssico de\u00a0<strong>Edward Albee<\/strong>, acompanha o encontro de tr\u00eas mulheres em fases distintas da vida: juventude, maturidade e velhice. O p\u00fablico ainda encontra ingressos dispon\u00edveis on-line, com valores entre\u00a0<strong>R$ 25 (meia-entrada)<\/strong>\u00a0e\u00a0<strong>R$ 200<\/strong>\u00a0\u2013\u00a0<a href=\"https:\/\/megabilheteria.com\/evento\/temporada?id=20211011154108\" target=\"_blank\" rel=\"noreferrer noopener\">clique aqui<\/a>.<\/p>\n<p><strong>Quando:\u00a0<\/strong>12 e 13 de dezembro, sexta-feira e s\u00e1bado \u00a0<strong><br \/>Hor\u00e1rio:\u00a0<\/strong>20h<br \/><strong>Local:\u00a0<\/strong>Theatro Pedro II | rua \u00c1lvares Cabral, 370 \u2013 Centro \u2013 Ribeir\u00e3o Preto<br \/><strong>Entrada gratuita \u00a0<\/strong><\/p>\n<h2 class=\"wp-block-heading\"><strong>Coral dos Meninos Cantores<\/strong><\/h2>\n<p>A tradicional apresenta\u00e7\u00e3o do\u00a0<strong>Coral dos Meninos Cantores<\/strong>, nas janelas da Choperia Pinguim, em\u00a0<strong>Ribeir\u00e3o Preto<\/strong>, acontece\u00a0<strong>neste domingo (14), <\/strong><strong>a partir das 20h. <\/strong>Com dire\u00e7\u00e3o da maestrina<strong>\u00a0Gisele Ganade<\/strong>\u00a0e dos maestros\u00a0<strong>Marcos Pinafo\u00a0<\/strong>e\u00a0<strong>Pedro Coelho<\/strong>, o Coral da Cia. Minaz re\u00fane cerca de 200 vozes, al\u00e9m de solistas, instrumentistas e de toda a equipe de produ\u00e7\u00e3o da companhia. Entre os cl\u00e1ssicos que ser\u00e3o apresentados est\u00e3o \u201c<strong>Noite Feliz<\/strong>\u201d, \u201c<strong>Boas Festas<\/strong>\u201d e \u201c<strong>Jingle Bell Rock<\/strong>\u201d. <strong\/><\/p>\n<p><strong>Quando:<\/strong>\u00a014 de dezembro, domingo<br \/><strong>Hor\u00e1rio:\u00a0<\/strong>20h<br \/><strong>Local:<\/strong>\u00a0Choperia Pinguim | rua General Os\u00f3rio, 389 \u2013 Centro \u2013 Ribeir\u00e3o Preto<br \/><strong>Gratuito<\/strong><\/p>\n<h2 class=\"wp-block-heading\"><strong>Natal da VLI<\/strong><\/h2>\n<p>A tradicional chegada da locomotiva de\u00a0<strong>Natal da VLI<\/strong>, concession\u00e1ria de ferrovias, acontece<strong> <\/strong>nesta sexta-feira (12), a partir das 18h30, na rua Artur de Jesus Campos, 160, Quintino Facci II, em<strong>\u00a0Ribeir\u00e3o Preto<\/strong>. No local, o Papai Noel seguir\u00e1 para um espa\u00e7o preparado para tirar fotos com as crian\u00e7as e suas fam\u00edlias, bem como distribuir lembrancinhas.<strong>\u00a0Haver\u00e1 tamb\u00e9m atra\u00e7\u00f5es musicais e barraquinhas com comidas locais.<\/strong><\/p>\n<p><strong>Quando:<\/strong>\u00a012 de dezembro, sexta-feira<br \/><strong>Hor\u00e1rio:<\/strong>\u00a018h30<br \/><strong>Local:<\/strong>\u00a0rua Artur de Jesus Campos, 160 \u2013 Quintino Facci II \u2013 Ribeir\u00e3o Preto<br \/><strong>Gratuito<\/strong><\/p>\n<h2 class=\"wp-block-heading\"><strong>Feira Vegana edi\u00e7\u00e3o de Natal<\/strong><\/h2>\n<p>Ribeir\u00e3o Preto recebe uma edi\u00e7\u00e3o especial de Natal da Feira Veg neste <strong>s\u00e1bado (13)<\/strong>, das <strong>10h \u00e0s 17h<\/strong>, na unidade do Sesi Castelo Branco, com entrada gratuita. A feira re\u00fane marcas autorais, gastronomia vegana e atividades para todas as idades.<\/p>\n<p><strong>Quando:<\/strong>\u00a013 de dezembro, s\u00e1bado \u00a0<br \/><strong>Hor\u00e1rio:<\/strong>\u00a010h \u00e0s 17h<br \/><strong>Local:\u00a0<\/strong>Sesi Ribeir\u00e3o Preto | entrada pela rua Artur Jos\u00e9 Suzana, s\/n\u00ba (atr\u00e1s da avenida Castelo Branco) \u00a0\u2013 Ribeir\u00e3o Preto<br \/><strong>Entrada gratuita<\/strong><\/p>\n<h2 class=\"wp-block-heading\"><strong>Clube\u00a0da\u00a0Viola<\/strong><\/h2>\n<p>Ribeir\u00e3o Preto recebe o show do\u00a0<strong>Clube\u00a0da\u00a0Viola<\/strong>, com os integrantes Roby &amp; Roger, Fred, Maur\u00edcio &amp; Marcelo e Guilherme &amp; Gustavo. O grupo revisita cl\u00e1ssicos eternizados ao longo de sua hist\u00f3ria, como \u201cAbre a Janela\u201d, \u201cMocinhas\u00a0da\u00a0Cidade\u201d e o hino \u201cMais Que Um Estilo, Uma Paix\u00e3o\u201d. Al\u00e9m dos anfitri\u00f5es, o show de lan\u00e7amento do DVD tamb\u00e9m recebe participa\u00e7\u00f5es especiais de convidados que refor\u00e7am o peso hist\u00f3rico\u00a0da\u00a0celebra\u00e7\u00e3o, como Neto &amp; Vin\u00edcius e Moys\u00e9s Rico, filho de Jos\u00e9 Rico.<\/p>\n<p><strong>Data:<\/strong> 13 de dezembro, s\u00e1bado <br \/><strong>Hor\u00e1rio:<\/strong> 20h<br \/><strong>Local: <\/strong>Restaurante Fazendinha \u2013 Via Sp-330 Pista Lateral, Km 316 \u2013 Jardim Salgado Filho, Ribeir\u00e3o Preto<br \/><strong>Ingressos:<\/strong> A partir de R$ 50 no site <a href=\"https:\/\/www.guicheweb.com.br\/lancamento-dvd-clube-da-viola_48207\" target=\"_blank\" rel=\"noopener\">(clique aqui)<\/a><\/p>\n<h2 class=\"wp-block-heading\"><strong>Feira do Coletivo<\/strong><\/h2>\n<p>A <strong>Feira do Coletivo<\/strong> edi\u00e7\u00e3o de Natal acontece neste <strong>domingo (14)<\/strong>, na <strong>pra\u00e7a 7 de Setembro<\/strong>. O evento contar\u00e1 com m\u00fasica ao vivo, comida de rua e atra\u00e7\u00f5es gratuitas para toda a fam\u00edlia. O evento re\u00fane 60 marcas autorais e uma programa\u00e7\u00e3o intensa ao longo do dia, com food trucks, incluindo op\u00e7\u00f5es vegetarianas e veganas al\u00e9m de chope artesanal.<\/p>\n<p><strong>Quando: <\/strong>14 de dezembro, domingo \u00a0\u00a0<br \/><strong>Hor\u00e1rio: <\/strong>A partir das 14h<br \/><strong>Local: <\/strong>Pra\u00e7a 7 de Setembro \u2013 Centro \u00a0\u00a0\u2013 Ribeir\u00e3o Preto<br \/><strong>Entrada gratuita<\/strong><\/p>\n<h2 class=\"wp-block-heading\"><strong>Concerto Pedag\u00f3gico<\/strong><\/h2>\n<p>A <strong>Institui\u00e7\u00e3o Aparecido Savegnago<\/strong>\u00a0realiza, no\u00a0<strong>domingo (14)<\/strong>, \u00e0s\u00a0<strong>15h<\/strong>, o\u00a0<strong>Concerto Pedag\u00f3gico<\/strong>\u00a0de fim de ano no\u00a0<strong>Theatro Pedro II<\/strong>, em\u00a0<strong>Ribeir\u00e3o Preto<\/strong>. A apresenta\u00e7\u00e3o,\u00a0<strong>gratuita<\/strong>\u00a0e aberta ao p\u00fablico, marca o encerramento das atividades de\u00a0<strong>2025<\/strong>\u00a0com crian\u00e7as e adolescentes que, ao longo do ano, tiveram aulas de m\u00fasica.<\/p>\n<p>O repert\u00f3rio re\u00fane obras de Bach, Mozart, Chostakovich, Bart\u00f3k, Handel, Johann Strauss Jr. e outros compositores que atravessam diferentes per\u00edodos e est\u00e9ticas. Participam a\u00a0<strong>Orquestra Acad\u00eamica<\/strong>, o corpo de professores, solistas e classes de instrumentos.<\/p>\n<p><strong>Quando: <\/strong>14 de dezembro, domingo \u00a0\u00a0<strong><br \/>Hor\u00e1rio: <\/strong>15h \u00a0<strong><br \/>Local: <\/strong>Theatro Pedro II | rua \u00c1lvares Cabral, 370 \u2013 Centro \u00a0<strong>\u00a0\u2013 Ribeir\u00e3o Preto<br \/>Entrada gratuita<\/strong><\/p>\n<h2 class=\"wp-block-heading\"><strong>Geriatricus<\/strong><\/h2>\n<p>A <strong>Banda Geri\u00e1tricos<\/strong> chega \u00e0 <strong>Ribeir\u00e3o Preto<\/strong> pela primeira vez para uma noite inesquec\u00edvel, neste <strong>s\u00e1bado (13)<\/strong>, a partir das <strong>21h<\/strong>. os figurinos remetem a idosos caricatos para performances carregadas de humor, o grupo entrega um espet\u00e1culo visual e sonoro surpreendente, onde o rock encontra a nostalgia e diverte a todos os p\u00fablicos. Os ingressos custam a partir de R$ 160 <a href=\"https:\/\/www.ticketmaster.com.br\/event\/geriatricus-ribeirao-preto\" target=\"_blank\" rel=\"noopener\">(clique aqui)<\/a>, \u00a0e todas as pessoas podem comprar os ingressos \u201csolid\u00e1rios\u201d levando 1kg de alimento na hora do show.<\/p>\n<p><strong>Quando: <\/strong>13 de dezembro, s\u00e1bado \u00a0<strong><br \/>Hor\u00e1rio: <\/strong>Abertura da casa 19h30 e show \u00e0s 21h <strong><br \/>Local: <\/strong>Ribeir\u00e3o Shopping | avenida Coronel Fernando Ferreira Leite, 1540 \u2013 Jardim Nova Alian\u00e7a \u2013 Ribeir\u00e3o Preto<strong><br \/>Ingressos: <\/strong>A partir de R$ 160<\/p>\n<h2 class=\"wp-block-heading\"><strong>Rodovi\u00e1ria de Ribeir\u00e3o Preto<\/strong><\/h2>\n<p>A\u00a0<strong>Rodovi\u00e1ria de Ribeir\u00e3o Preto<\/strong>\u00a0recebe<strong>\u00a0nesta sexta-feira (12)<\/strong>, \u00e0s\u00a0<strong>20h<\/strong>, uma apresenta\u00e7\u00e3o especial de m\u00fasicas natalinas aberta ao p\u00fablico e gratuita. Quem passar pelo terminal poder\u00e1 acompanhar o espet\u00e1culo \u201cMaravilhoso Conselheiro\u201d. A apresenta\u00e7\u00e3o re\u00fane\u00a0<strong>25 integrantes<\/strong>\u00a0do coral das Igrejas Batistas Jardim Bela Vista e Monte Sinai, que interpretam um repert\u00f3rio voltado ao esp\u00edrito natalino.<\/p>\n<p><strong>Quando: <\/strong>12 de dezembro, sexta-feira <strong><br \/>Hor\u00e1rio: <\/strong>20h<strong><br \/>Local: <\/strong>Rodovi\u00e1ria de Ribeir\u00e3o Preto \u00a0<br \/><strong>Entrada gratuita <\/strong><strong\/><\/p>\n<h2 class=\"wp-block-heading\"><strong>A Incr\u00edvel Viagem do Quintal<\/strong><\/h2>\n<p>No enredo, os quatro personagens do <strong>Quintal<\/strong> est\u00e3o prontos para realizar uma viagem de muita descoberta. Eles passam por estradas que levam de um lugar a outro, param em vilarejos, visitam fazendas e, nessa saga, conhecem pessoas incr\u00edveis que trazem hist\u00f3rias ricas da tradi\u00e7\u00e3o regional. A viagem ser\u00e1 contada com recursos cenogr\u00e1ficos e figurinos que\u00a0 agu\u00e7am a imagina\u00e7\u00e3o do espectador. Em cena com os personagens do <strong>Quintal<\/strong>, atores\/m\u00fasicos participam da encena\u00e7\u00e3o tocando v\u00e1rios instrumentos, dan\u00e7ando, cantando e se transformando em v\u00e1rios personagens.<\/p>\n<p><strong>Quando: <\/strong>12 A 21 de dezembro <strong><br \/>Hor\u00e1rio: <\/strong>17h<strong><br \/>Local: <\/strong>Sesi Ribeir\u00e3o Preto | rua Jo\u00e3o Ignachiti, 20-364 \u2013 Jardim Castelo Branco\u00a0\u2013 Ribeir\u00e3o Preto<br \/><strong>Entrada gratuita<\/strong> mediante a reserva <a href=\"https:\/\/www.sesisp.org.br\/evento\/9124a12d-d101-439b-9f2c-8207f93e0746\/a-incrivel-viagem-do-quintal\" target=\"_blank\" rel=\"noopener\">(clique aqui)<\/a><\/p>\n<h2 class=\"wp-block-heading\"><strong>Baile da Maisinha <\/strong><\/h2>\n<p>Sob o comando da cantora <strong>Ma\u00edsa Arantes<\/strong>, o projeto traz os mais dan\u00e7antes sucessos do forr\u00f3 e algumas faixas autorais da cantora, que tamb\u00e9m \u00e9 rabequeira, pifeira e arranjadora. A apresenta\u00e7\u00e3o acontece a partir das 20h, no domingo (14), na conviv\u00eancia do Sesc. A entrada \u00e9 gratuita. <\/p>\n<p><strong>Quando: <\/strong>14 de dezembro, domingo  <strong><br \/>Hor\u00e1rio: <\/strong>20h<strong><br \/>Local: <\/strong>Sesc Ribeir\u00e3o Preto | rua Tibiri\u00e7\u00e1, 80 \u00a0<br \/><strong>Entrada gratuita <\/strong><\/p>\n<h2 class=\"wp-block-heading\"><strong>Geek Sinf\u00f4nico<\/strong><\/h2>\n<p>Interpretado pela <strong>Orquestra Sinf\u00f4nica Villa-Lobos<\/strong> e reg\u00eancia do <strong>Maestro Adriano Machado<\/strong>, a apresenta\u00e7\u00e3o une a m\u00fasica sinf\u00f4nica com as trilhas sonoras mais marcantes da cultura pop mundial, com trilhas de filmes e s\u00e9ries a games e anima\u00e7\u00f5es. Com arranjos orquestrais envolventes e proje\u00e7\u00f5es visuais de alto impacto, o repert\u00f3rio percorre universos como Star Wars, Harry Potter, The Legend of Zelda, Marvel, DC, Game of Thrones, senhor dos an\u00e9is, gladiadores, entre muitos outros. Os ingressos podem ser adquiridos on-line <a href=\"https:\/\/www.ticketmaster.com.br\/event\/geek-sinfonico-ribeirao-preto\" data-type=\"link\" data-id=\"https:\/\/www.ticketmaster.com.br\/event\/geek-sinfonico-ribeirao-preto\" target=\"_blank\" rel=\"noopener\">(clique aqui<\/a>), com pre\u00e7os a partir de<strong> R$ 55<\/strong>.<\/p>\n<p><strong>Quando: <\/strong>14 de dezembro, domingo<strong><br \/>Hor\u00e1rio: <\/strong>Abertura da casa 16h e show \u00e0s 18h <strong><br \/>Local: <\/strong>Ribeir\u00e3o Shopping | avenida Coronel Fernando Ferreira Leite, 1540 \u2013 Jardim Nova Alian\u00e7a \u2013 Ribeir\u00e3o Preto<strong><br \/>Ingressos: <\/strong>A partir de R$ 160<\/p>\n<h2 class=\"wp-block-heading\"><strong>Feirinha do Produtor<\/strong><\/h2>\n<p>Neste fim de semana acontece mais uma edi\u00e7\u00e3o da <strong>Feirinha do Produtor<\/strong>, desta vez, a edi\u00e7\u00e3o \u00e9 especial de <strong>Natal<\/strong>. O evento ter\u00e1 entrada gratuita e contar\u00e1 com decora\u00e7\u00e3o tem\u00e1tica e produtos artesanais relacionados ao per\u00edodo de fim de ano. A Feirinha vai reunir produtores da regi\u00e3o que apresentam uma variedade de produtos artesanais pensados para a temporada de festas e para consumir em casa.<\/p>\n<p><strong>Quando: <\/strong>12 e 13 de dezembro, s\u00e1bado e domingo<br \/><strong>Hor\u00e1rio:<\/strong> Sexta-feira (12) \u2013 das 16h \u00e0s 20h | S\u00e1bado (13) \u2013 das 9h \u00e0s 13h<br \/><strong>Local: <\/strong>Galeria Renato Aguiar \u2013 rua Jos\u00e9 Ferreira da Costa, 345 \u2013 Jardim Nova Alian\u00e7a Sul \u2013 Ribeir\u00e3o Preto<br \/><strong>Entrada gratuita<\/strong><\/p>\n<h2 class=\"wp-block-heading\"><strong>Projeto 80\u2019s Flashback <\/strong><\/h2>\n<p>O grupo Debbie Smith Lipstick sobe ao palco do Projeto 80\u2019s Flashback neste domingo (14), a partir das 9h30. A atra\u00e7\u00e3o integra a programa\u00e7\u00e3o do evento \u201cViva a Nove\u201d, que acontece na avenida Nove de Julho, na esquina com a rua Visconde de Inha\u00fama. O espet\u00e1culo \u00e9 gratuito, e haver\u00e1 mais atividades e op\u00e7\u00f5es para se divertir durante o evento. <\/p>\n<p><strong>Quando: <\/strong>14 de dezembro, domingo <br \/><strong>Hor\u00e1rio:<\/strong> 9h30<br \/><strong>Local: <\/strong>Avenida Nove de Julho esquina com a rua Visconde de Inha\u00fama \u2013 Ribeir\u00e3o Preto<br \/><strong>Entrada gratuita<\/strong><\/p>\n<h2 class=\"wp-block-heading\"><strong>Choro da Casa<\/strong><\/h2>\n<p>Neste <strong>domingo (14)<\/strong>, o grupo Choro da Casa integra a programa\u00e7\u00e3o do projeto \u201cVem pra Nove\u201d, na avenida <strong>Nove de Julho, 299<\/strong>. O repert\u00f3rio celebra a tradi\u00e7\u00e3o do choro, valorizando sua eleg\u00e2ncia, improviso e alegria. A apresenta\u00e7\u00e3o acontece a partir das <strong>10h30<\/strong>. A entrada \u00e9 <strong>gratuita<\/strong>. <\/p>\n<p><strong>Quando: <\/strong>14 de dezembro, domingo <br \/><strong>Hor\u00e1rio:<\/strong> 9h30<br \/><strong>Local: <\/strong>Avenida Nove de Julho esquina com a rua Visconde de Inha\u00fama \u2013 Ribeir\u00e3o Preto<br \/><strong>Entrada gratuita<\/strong><\/p>\n<h2 class=\"wp-block-heading\"><strong>A Mesma Ferida<\/strong><\/h2>\n<p>Neste <strong>s\u00e1bado (13)<\/strong> acontece o lan\u00e7amento do livro \u201c<strong>A Mesma Ferida<\/strong>\u201c, de <strong>Augusto Figliaggi<\/strong>. A obra \u00e9 um romance sobre alcoolismo, trauma familiar e viol\u00eancia estrutural, lan\u00e7ado em formatos acess\u00edveis, incluindo audiobook e edi\u00e7\u00e3o em braille. A hist\u00f3ria \u00e9 ancorada em <strong>Ziza<\/strong>, uma mulher idosa que vende ervas em <strong>Campo Grande (MS)<\/strong> e revisita sua inf\u00e2ncia e juventude no interior de <strong>S\u00e3o Jos\u00e9 do Rio Preto (SP)<\/strong>. Ao reconstituir mem\u00f3rias e perdas, entre elas a morte do neto, v\u00edtima do mesmo ciclo de viol\u00eancia, <strong>Ziza<\/strong> confronta o que o pref\u00e1cio da obra define como \u201cpecado transgeracional\u201d, a heran\u00e7a traum\u00e1tica que se repete de gera\u00e7\u00e3o em gera\u00e7\u00e3o.<\/p>\n<p><strong>Quando: <\/strong>13 de dezembro, s\u00e1bado <br \/><strong>Hor\u00e1rio:<\/strong> 16h<br \/><strong>Local: <\/strong>Biblioteca Sinh\u00e1 Junqueira | rua Duque de Caxias, 547 \u2013 Centro \u2013 Ribeir\u00e3o Preto<br \/><strong>Entrada gratuita<\/strong><\/p>\n<h2 class=\"wp-block-heading\"><strong>Toda M\u00e3e \u00e9 Noel <\/strong><\/h2>\n<p>Neste <strong>s\u00e1bado (13)<\/strong>, \u00e0s <strong>16h<\/strong>, o <strong>Sesc<\/strong> recebe a pe\u00e7a \u201c<strong>Toda M\u00e3e \u00e9 Noel<\/strong>\u201c, da <strong>Cia Guarda Chuva<\/strong>. O texto conta a hist\u00f3ria de uma m\u00e3e costureira que, no <strong>Natal<\/strong>, dedica-se a confeccionar uma boneca \u00e0 m\u00e3o para sua filha. Entre os afazeres dom\u00e9sticos e o trabalho, ela simboliza amor, dedica\u00e7\u00e3o e o esp\u00edrito natalino. O espet\u00e1culo celebra o carinho das m\u00e3es brasileiras, mostrando que elas mant\u00eam viva a magia do Natal. Com m\u00fasicas autorais inspiradas em diferentes estados do pa\u00eds e sonoplastia ao vivo.<\/p>\n<p><strong>Quando: <\/strong>13 de dezembro, s\u00e1bado <br \/><strong>Hor\u00e1rio:<\/strong> 16h<br \/><strong>Local: <\/strong>Sesc Ribeir\u00e3o | rua Tibiri\u00e7\u00e1, 50 \u2013 Ribeir\u00e3o Preto<br \/><strong>Entrada gratuita<\/strong><\/p>\n<p>SAIBA MAIS<br \/>Veja programa\u00e7\u00e3o da feira vegana natalina neste s\u00e1bado em Ribeir\u00e3o Preto<\/p>\n<h2 class=\"wp-block-heading\"><strong>FIQUE ON<\/strong><\/h2>\n<p>Fique ligado em tudo que acontece em Ribeir\u00e3o Preto e regi\u00e3o. Siga os perfis do\u00a0<strong>acidade on<\/strong>\u00a0no<a href=\"https:\/\/www.instagram.com\/acidadeonribeirao\" target=\"_blank\" rel=\"noreferrer noopener\">\u00a0Instagram\u00a0<\/a>e no\u00a0<a href=\"https:\/\/www.facebook.com\/acidadeonribeirao\/\" target=\"_blank\" rel=\"noreferrer noopener\">Facebook<\/a>.<\/p>\n<p>Receba not\u00edcias do<strong>\u00a0acidade on<\/strong>\u00a0no WhatsApp. Para entrar no grupo,\u00a0basta\u00a0<a href=\"https:\/\/chat.whatsapp.com\/I4nieTEMKlf50pJ28aMemC?mode=ac_t\" target=\"_blank\" rel=\"noreferrer noopener\">clicar aqui<\/a>. Ou, acesse o nosso\u00a0Canal\u00a0<a href=\"https:\/\/whatsapp.com\/channel\/0029Vb6IQl1JENyAeS57fk2p\" target=\"_blank\" rel=\"noreferrer noopener\">clicando aqui<\/a>.<\/p>\n<p>Fa\u00e7a uma den\u00fancia ou sugira uma reportagem sobre Ribeir\u00e3o Preto e regi\u00e3o pelo WhatsApp: 16 99117 7802.<\/p>\n<p>VEJA TAMB\u00c9M<br \/>TikTok Awards 2025: confira os nomes dos ganhadores em cada categoria<\/p>\n<p><!-- AI CONTENT END 1 -->\n<\/div>\n<p><script async src=\"\/\/www.instagram.com\/embed.js\"><\/script><br \/>\n<br \/><br \/>\n<br \/><a href=\"https:\/\/www.acidadeon.com\/ribeiraopreto\/lazer-e-cultura\/tres-mulheres-altas-e-coral-dos-meninos-cantores-veja-opcoes-para-curtir-fim-de-semana-em-ribeirao-preto\/\">Source link <\/a><\/p>\n<!-- CONTENT END 1 -->\n","protected":false},"excerpt":{"rendered":"<p>A agenda cultural deste fim de semana est\u00e1 em clima natalino. H\u00e1 diversas op\u00e7\u00f5es para aproveitar com os amigos e a fam\u00edlia, como a tradicional&#8230;<\/p>\n","protected":false},"author":1,"featured_media":80762,"comment_status":"open","ping_status":"open","sticky":false,"template":"","format":"standard","meta":{"advanced_seo_description":"","jetpack_seo_html_title":"","jetpack_seo_noindex":false,"jetpack_post_was_ever_published":false,"_jetpack_newsletter_access":"","_jetpack_dont_email_post_to_subs":false,"_jetpack_newsletter_tier_id":0,"_jetpack_memberships_contains_paywalled_content":false,"_jetpack_memberships_contains_paid_content":false,"footnotes":"","jetpack_publicize_message":"","jetpack_publicize_feature_enabled":true,"jetpack_social_post_already_shared":true,"jetpack_social_options":{"image_generator_settings":{"template":"highway","default_image_id":0,"font":"","enabled":false},"version":2}},"categories":[11],"tags":[],"class_list":["post-80761","post","type-post","status-publish","format-standard","has-post-thumbnail","hentry","category-noticias-de-ribeirao-preto-sp-e-regiao-ismael-colosi"],"jetpack_publicize_connections":[],"jetpack_featured_media_url":"https:\/\/i0.wp.com\/noticiasribeiraopreto.com.br\/wp-content\/uploads\/2025\/12\/MENINOS-CANTORES-2.jpg?fit=2000%2C1116&ssl=1","jetpack-related-posts":[{"id":75339,"url":"https:\/\/noticiasribeiraopreto.com.br\/index.php\/2025\/08\/07\/ana-rosa-helena-rinaldi-e-fernanda-nobre-estrelam-peca-no-theatro-pedro-ii-veja-quando\/","url_meta":{"origin":80761,"position":0},"title":"Ana Rosa, Helena Rinaldi e Fernanda Nobre estrelam pe\u00e7a no Theatro Pedro II; veja quando","author":"noticiasribeiraopreto.com.br","date":"7 de August de 2025","format":false,"excerpt":"As atrizes Ana Rosa, Helena Rinaldi e Fernanda Nobre sobem ao palco do Theatro Pedro II, em Ribeir\u00e3o Preto, nos dias 12 e 13 de dezembro, \u00e0s 20h, com a com\u00e9dia \u201cTr\u00eas Mulheres Altas\u201d. Os ingressos j\u00e1 podem ser adquiridos on-line \u2013 veja como abaixo. Escrita por Edward Albee, no\u2026","rel":"","context":"In &quot;Not\u00edcias de Ribeir\u00e3o Preto-SP e Regi\u00e3o&quot;","block_context":{"text":"Not\u00edcias de Ribeir\u00e3o Preto-SP e Regi\u00e3o","link":"https:\/\/noticiasribeiraopreto.com.br\/index.php\/category\/noticias-de-ribeirao-preto-sp-e-regiao-ismael-colosi\/"},"img":{"alt_text":"","src":"https:\/\/i0.wp.com\/noticiasribeiraopreto.com.br\/wp-content\/uploads\/2025\/08\/Elenco-3MA-Estudio-Foto-Pino-Gomes-8_2025-08-07_13-54-42.webp.webp?fit=1200%2C801&ssl=1&resize=350%2C200","width":350,"height":200,"srcset":"https:\/\/i0.wp.com\/noticiasribeiraopreto.com.br\/wp-content\/uploads\/2025\/08\/Elenco-3MA-Estudio-Foto-Pino-Gomes-8_2025-08-07_13-54-42.webp.webp?fit=1200%2C801&ssl=1&resize=350%2C200 1x, https:\/\/i0.wp.com\/noticiasribeiraopreto.com.br\/wp-content\/uploads\/2025\/08\/Elenco-3MA-Estudio-Foto-Pino-Gomes-8_2025-08-07_13-54-42.webp.webp?fit=1200%2C801&ssl=1&resize=525%2C300 1.5x, https:\/\/i0.wp.com\/noticiasribeiraopreto.com.br\/wp-content\/uploads\/2025\/08\/Elenco-3MA-Estudio-Foto-Pino-Gomes-8_2025-08-07_13-54-42.webp.webp?fit=1200%2C801&ssl=1&resize=700%2C400 2x, https:\/\/i0.wp.com\/noticiasribeiraopreto.com.br\/wp-content\/uploads\/2025\/08\/Elenco-3MA-Estudio-Foto-Pino-Gomes-8_2025-08-07_13-54-42.webp.webp?fit=1200%2C801&ssl=1&resize=1050%2C600 3x"},"classes":[]},{"id":75367,"url":"https:\/\/noticiasribeiraopreto.com.br\/index.php\/2025\/08\/07\/ana-rosa-helena-ranaldi-e-fernanda-nobre-estrelam-peca-no-theatro-pedro-ii-veja-quando\/","url_meta":{"origin":80761,"position":1},"title":"Ana Rosa, Helena Ranaldi e Fernanda Nobre estrelam pe\u00e7a no Theatro Pedro II; veja quando","author":"noticiasribeiraopreto.com.br","date":"7 de August de 2025","format":false,"excerpt":"As atrizes Ana Rosa, Helena Ranaldi e Fernanda Nobre sobem ao palco do Theatro Pedro II, em Ribeir\u00e3o Preto, nos dias 12 e 13 de dezembro, \u00e0s 20h, com a com\u00e9dia \u201cTr\u00eas Mulheres Altas\u201d. Os ingressos j\u00e1 podem ser adquiridos on-line \u2013 veja como abaixo. Escrita por Edward Albee, no\u2026","rel":"","context":"In &quot;Not\u00edcias de Ribeir\u00e3o Preto-SP e Regi\u00e3o&quot;","block_context":{"text":"Not\u00edcias de Ribeir\u00e3o Preto-SP e Regi\u00e3o","link":"https:\/\/noticiasribeiraopreto.com.br\/index.php\/category\/noticias-de-ribeirao-preto-sp-e-regiao-ismael-colosi\/"},"img":{"alt_text":"","src":"https:\/\/i0.wp.com\/noticiasribeiraopreto.com.br\/wp-content\/uploads\/2025\/08\/Elenco-3MA-Estudio-Foto-Pino-Gomes-8_2025-08-07_13-54-42.webp.webp?fit=1200%2C801&ssl=1&resize=350%2C200","width":350,"height":200,"srcset":"https:\/\/i0.wp.com\/noticiasribeiraopreto.com.br\/wp-content\/uploads\/2025\/08\/Elenco-3MA-Estudio-Foto-Pino-Gomes-8_2025-08-07_13-54-42.webp.webp?fit=1200%2C801&ssl=1&resize=350%2C200 1x, https:\/\/i0.wp.com\/noticiasribeiraopreto.com.br\/wp-content\/uploads\/2025\/08\/Elenco-3MA-Estudio-Foto-Pino-Gomes-8_2025-08-07_13-54-42.webp.webp?fit=1200%2C801&ssl=1&resize=525%2C300 1.5x, https:\/\/i0.wp.com\/noticiasribeiraopreto.com.br\/wp-content\/uploads\/2025\/08\/Elenco-3MA-Estudio-Foto-Pino-Gomes-8_2025-08-07_13-54-42.webp.webp?fit=1200%2C801&ssl=1&resize=700%2C400 2x, https:\/\/i0.wp.com\/noticiasribeiraopreto.com.br\/wp-content\/uploads\/2025\/08\/Elenco-3MA-Estudio-Foto-Pino-Gomes-8_2025-08-07_13-54-42.webp.webp?fit=1200%2C801&ssl=1&resize=1050%2C600 3x"},"classes":[]},{"id":80633,"url":"https:\/\/noticiasribeiraopreto.com.br\/index.php\/2025\/12\/09\/peca-tres-mulheres-altas-chega-a-ribeirao-preto-ainda-ha-ingressos\/","url_meta":{"origin":80761,"position":2},"title":"Pe\u00e7a \u2018Tr\u00eas Mulheres Altas\u2019 chega a Ribeir\u00e3o Preto; ainda h\u00e1 ingressos","author":"noticiasribeiraopreto.com.br","date":"9 de December de 2025","format":false,"excerpt":"O espet\u00e1culo \u201cTr\u00eas Mulheres Altas\u201d, estrelado por Ana Rosa, Helena Ranaldi e Fernanda Nobre, chega a Ribeir\u00e3o Preto para encerrar a turn\u00ea de 2025 com duas apresenta\u00e7\u00f5es no Theatro Pedro II, programadas para os dias 12 e 13 de dezembro, \u00e0s 20h. A pe\u00e7a A montagem, dirigida por Fernando Philbert\u2026","rel":"","context":"In &quot;Not\u00edcias de Ribeir\u00e3o Preto-SP e Regi\u00e3o&quot;","block_context":{"text":"Not\u00edcias de Ribeir\u00e3o Preto-SP e Regi\u00e3o","link":"https:\/\/noticiasribeiraopreto.com.br\/index.php\/category\/noticias-de-ribeirao-preto-sp-e-regiao-ismael-colosi\/"},"img":{"alt_text":"","src":"https:\/\/i0.wp.com\/noticiasribeiraopreto.com.br\/wp-content\/uploads\/2025\/12\/Copia-de-Copia-de-Copia-de-TAMANHO-EXATO-PARA-FOTOS-NO-SISTEMA-NOVO-2025-12-08T195317.552_2025-12-08_22-53-28.webp.webp?fit=1200%2C675&ssl=1&resize=350%2C200","width":350,"height":200,"srcset":"https:\/\/i0.wp.com\/noticiasribeiraopreto.com.br\/wp-content\/uploads\/2025\/12\/Copia-de-Copia-de-Copia-de-TAMANHO-EXATO-PARA-FOTOS-NO-SISTEMA-NOVO-2025-12-08T195317.552_2025-12-08_22-53-28.webp.webp?fit=1200%2C675&ssl=1&resize=350%2C200 1x, https:\/\/i0.wp.com\/noticiasribeiraopreto.com.br\/wp-content\/uploads\/2025\/12\/Copia-de-Copia-de-Copia-de-TAMANHO-EXATO-PARA-FOTOS-NO-SISTEMA-NOVO-2025-12-08T195317.552_2025-12-08_22-53-28.webp.webp?fit=1200%2C675&ssl=1&resize=525%2C300 1.5x, https:\/\/i0.wp.com\/noticiasribeiraopreto.com.br\/wp-content\/uploads\/2025\/12\/Copia-de-Copia-de-Copia-de-TAMANHO-EXATO-PARA-FOTOS-NO-SISTEMA-NOVO-2025-12-08T195317.552_2025-12-08_22-53-28.webp.webp?fit=1200%2C675&ssl=1&resize=700%2C400 2x, https:\/\/i0.wp.com\/noticiasribeiraopreto.com.br\/wp-content\/uploads\/2025\/12\/Copia-de-Copia-de-Copia-de-TAMANHO-EXATO-PARA-FOTOS-NO-SISTEMA-NOVO-2025-12-08T195317.552_2025-12-08_22-53-28.webp.webp?fit=1200%2C675&ssl=1&resize=1050%2C600 3x"},"classes":[]},{"id":75518,"url":"https:\/\/noticiasribeiraopreto.com.br\/index.php\/2025\/08\/10\/classico-de-edward-albee-encerra-turne-nacional-com-apresentacoes-em-rp\/","url_meta":{"origin":80761,"position":3},"title":"Cl\u00e1ssico de Edward Albee encerra turn\u00ea nacional com apresenta\u00e7\u00f5es em RP","author":"noticiasribeiraopreto.com.br","date":"10 de August de 2025","format":false,"excerpt":"Montagem encerra a turn\u00ea 2025 na cidade, ap\u00f3s passar por 18 cidades brasileiras, alcan\u00e7ar mais de 100 mil espectadores e conquistar indica\u00e7\u00f5es a pr\u00eamios importantes Com as atrizes Ana Rosa, Helena Ranaldi e Fernanda Nobre no elenco, o premiado espet\u00e1culo Tr\u00eas Mulheres Altas chega a Ribeir\u00e3o Preto para duas apresenta\u00e7\u00f5es\u2026","rel":"","context":"In &quot;Not\u00edcias de Ribeir\u00e3o Preto-SP e Regi\u00e3o&quot;","block_context":{"text":"Not\u00edcias de Ribeir\u00e3o Preto-SP e Regi\u00e3o","link":"https:\/\/noticiasribeiraopreto.com.br\/index.php\/category\/noticias-de-ribeirao-preto-sp-e-regiao-ismael-colosi\/"},"img":{"alt_text":"","src":"https:\/\/i0.wp.com\/noticiasribeiraopreto.com.br\/wp-content\/uploads\/2025\/08\/3MA_Foto-Pino-Gomes-site.jpg?fit=800%2C534&ssl=1&resize=350%2C200","width":350,"height":200,"srcset":"https:\/\/i0.wp.com\/noticiasribeiraopreto.com.br\/wp-content\/uploads\/2025\/08\/3MA_Foto-Pino-Gomes-site.jpg?fit=800%2C534&ssl=1&resize=350%2C200 1x, https:\/\/i0.wp.com\/noticiasribeiraopreto.com.br\/wp-content\/uploads\/2025\/08\/3MA_Foto-Pino-Gomes-site.jpg?fit=800%2C534&ssl=1&resize=525%2C300 1.5x, https:\/\/i0.wp.com\/noticiasribeiraopreto.com.br\/wp-content\/uploads\/2025\/08\/3MA_Foto-Pino-Gomes-site.jpg?fit=800%2C534&ssl=1&resize=700%2C400 2x"},"classes":[]},{"id":61447,"url":"https:\/\/noticiasribeiraopreto.com.br\/index.php\/2024\/12\/12\/saiba-tudo-sobre-a-apresentacao-do-coral-dos-meninos-cantores-em-ribeirao-preto\/","url_meta":{"origin":80761,"position":4},"title":"Saiba tudo sobre a apresenta\u00e7\u00e3o do Coral dos Meninos Cantores\u00a0em Ribeir\u00e3o Preto","author":"noticiasribeiraopreto.com.br","date":"12 de December de 2024","format":false,"excerpt":"A tradicional apresenta\u00e7\u00e3o do\u00a0Coral dos Meninos Cantores, da\u00a0Cia. Minaz, acontece neste domingo (15), em\u00a0Ribeir\u00e3o Preto.\u00a0O evento \u00e9 gratuito e acontece a partir das 20h, nas janelas da Choperia Pinguim, no Centro. Essa \u00e9 a 27\u00aa edi\u00e7\u00e3o da apresenta\u00e7\u00e3o do coral, que \u00e9 dirigido pela maestrina Gisele Ganade ser\u00e1 acompanhado pelo\u2026","rel":"","context":"In &quot;Not\u00edcias de Ribeir\u00e3o Preto-SP e Regi\u00e3o&quot;","block_context":{"text":"Not\u00edcias de Ribeir\u00e3o Preto-SP e Regi\u00e3o","link":"https:\/\/noticiasribeiraopreto.com.br\/index.php\/category\/noticias-de-ribeirao-preto-sp-e-regiao-ismael-colosi\/"},"img":{"alt_text":"","src":"https:\/\/i0.wp.com\/noticiasribeiraopreto.com.br\/wp-content\/uploads\/2024\/12\/Copia-de-Copia-de-Copia-de-TAMANHO-EXATO-PARA-FOTOS-NO-SISTEMA-NOVO-2024-12-08T134616.689_2024-12-08_16-46-31_png_2024-12-08_16-46-31.webp.webp?fit=1200%2C675&ssl=1&resize=350%2C200","width":350,"height":200,"srcset":"https:\/\/i0.wp.com\/noticiasribeiraopreto.com.br\/wp-content\/uploads\/2024\/12\/Copia-de-Copia-de-Copia-de-TAMANHO-EXATO-PARA-FOTOS-NO-SISTEMA-NOVO-2024-12-08T134616.689_2024-12-08_16-46-31_png_2024-12-08_16-46-31.webp.webp?fit=1200%2C675&ssl=1&resize=350%2C200 1x, https:\/\/i0.wp.com\/noticiasribeiraopreto.com.br\/wp-content\/uploads\/2024\/12\/Copia-de-Copia-de-Copia-de-TAMANHO-EXATO-PARA-FOTOS-NO-SISTEMA-NOVO-2024-12-08T134616.689_2024-12-08_16-46-31_png_2024-12-08_16-46-31.webp.webp?fit=1200%2C675&ssl=1&resize=525%2C300 1.5x, https:\/\/i0.wp.com\/noticiasribeiraopreto.com.br\/wp-content\/uploads\/2024\/12\/Copia-de-Copia-de-Copia-de-TAMANHO-EXATO-PARA-FOTOS-NO-SISTEMA-NOVO-2024-12-08T134616.689_2024-12-08_16-46-31_png_2024-12-08_16-46-31.webp.webp?fit=1200%2C675&ssl=1&resize=700%2C400 2x, https:\/\/i0.wp.com\/noticiasribeiraopreto.com.br\/wp-content\/uploads\/2024\/12\/Copia-de-Copia-de-Copia-de-TAMANHO-EXATO-PARA-FOTOS-NO-SISTEMA-NOVO-2024-12-08T134616.689_2024-12-08_16-46-31_png_2024-12-08_16-46-31.webp.webp?fit=1200%2C675&ssl=1&resize=1050%2C600 3x"},"classes":[]},{"id":16304,"url":"https:\/\/noticiasribeiraopreto.com.br\/index.php\/2023\/12\/15\/apresentacao-do-coral-dos-meninos-cantores-e-neste-domingo-em-ribeirao\/","url_meta":{"origin":80761,"position":5},"title":"Apresenta\u00e7\u00e3o do Coral dos Meninos Cantores \u00e9 neste domingo em Ribeir\u00e3o","author":"noticiasribeiraopreto.com.br","date":"15 de December de 2023","format":false,"excerpt":"A tradicional apresenta\u00e7\u00e3o do Coral dos Meninos Cantores, da Cia. Minaz, acontece neste domingo (17), em Ribeir\u00e3o Preto. O evento \u00e9 gratuito e o concerto acontece a partir das 20h, nas janelas da Choperia Pinguim, no Centro. Essa \u00e9 a 26\u00aa edi\u00e7\u00e3o da apresenta\u00e7\u00e3o do coral, que \u00e9 dirigido pela\u2026","rel":"","context":"In &quot;Not\u00edcias de Ribeir\u00e3o Preto-SP e Regi\u00e3o&quot;","block_context":{"text":"Not\u00edcias de Ribeir\u00e3o Preto-SP e Regi\u00e3o","link":"https:\/\/noticiasribeiraopreto.com.br\/index.php\/category\/noticias-de-ribeirao-preto-sp-e-regiao-ismael-colosi\/"},"img":{"alt_text":"","src":"https:\/\/i0.wp.com\/noticiasribeiraopreto.com.br\/wp-content\/uploads\/2023\/12\/coral-de-natal.jpg?fit=1068%2C601&ssl=1&resize=350%2C200","width":350,"height":200,"srcset":"https:\/\/i0.wp.com\/noticiasribeiraopreto.com.br\/wp-content\/uploads\/2023\/12\/coral-de-natal.jpg?fit=1068%2C601&ssl=1&resize=350%2C200 1x, https:\/\/i0.wp.com\/noticiasribeiraopreto.com.br\/wp-content\/uploads\/2023\/12\/coral-de-natal.jpg?fit=1068%2C601&ssl=1&resize=525%2C300 1.5x, https:\/\/i0.wp.com\/noticiasribeiraopreto.com.br\/wp-content\/uploads\/2023\/12\/coral-de-natal.jpg?fit=1068%2C601&ssl=1&resize=700%2C400 2x, https:\/\/i0.wp.com\/noticiasribeiraopreto.com.br\/wp-content\/uploads\/2023\/12\/coral-de-natal.jpg?fit=1068%2C601&ssl=1&resize=1050%2C600 3x"},"classes":[]}],"jetpack_sharing_enabled":true,"jetpack_shortlink":"https:\/\/wp.me\/peQAOb-l0B","_links":{"self":[{"href":"https:\/\/noticiasribeiraopreto.com.br\/index.php\/wp-json\/wp\/v2\/posts\/80761","targetHints":{"allow":["GET"]}}],"collection":[{"href":"https:\/\/noticiasribeiraopreto.com.br\/index.php\/wp-json\/wp\/v2\/posts"}],"about":[{"href":"https:\/\/noticiasribeiraopreto.com.br\/index.php\/wp-json\/wp\/v2\/types\/post"}],"author":[{"embeddable":true,"href":"https:\/\/noticiasribeiraopreto.com.br\/index.php\/wp-json\/wp\/v2\/users\/1"}],"replies":[{"embeddable":true,"href":"https:\/\/noticiasribeiraopreto.com.br\/index.php\/wp-json\/wp\/v2\/comments?post=80761"}],"version-history":[{"count":0,"href":"https:\/\/noticiasribeiraopreto.com.br\/index.php\/wp-json\/wp\/v2\/posts\/80761\/revisions"}],"wp:featuredmedia":[{"embeddable":true,"href":"https:\/\/noticiasribeiraopreto.com.br\/index.php\/wp-json\/wp\/v2\/media\/80762"}],"wp:attachment":[{"href":"https:\/\/noticiasribeiraopreto.com.br\/index.php\/wp-json\/wp\/v2\/media?parent=80761"}],"wp:term":[{"taxonomy":"category","embeddable":true,"href":"https:\/\/noticiasribeiraopreto.com.br\/index.php\/wp-json\/wp\/v2\/categories?post=80761"},{"taxonomy":"post_tag","embeddable":true,"href":"https:\/\/noticiasribeiraopreto.com.br\/index.php\/wp-json\/wp\/v2\/tags?post=80761"}],"curies":[{"name":"wp","href":"https:\/\/api.w.org\/{rel}","templated":true}]}}