{"id":80763,"date":"2025-12-13T05:59:36","date_gmt":"2025-12-13T08:59:36","guid":{"rendered":"https:\/\/noticiasribeiraopreto.com.br\/index.php\/2025\/12\/13\/caravana-de-natal-da-coca-cola-vai-voltar-a-ribeirao-preto-veja-detalhes\/"},"modified":"2025-12-13T05:59:36","modified_gmt":"2025-12-13T08:59:36","slug":"caravana-de-natal-da-coca-cola-vai-voltar-a-ribeirao-preto-veja-detalhes","status":"publish","type":"post","link":"https:\/\/noticiasribeiraopreto.com.br\/index.php\/2025\/12\/13\/caravana-de-natal-da-coca-cola-vai-voltar-a-ribeirao-preto-veja-detalhes\/","title":{"rendered":"Caravana de Natal da Coca-Cola vai voltar a Ribeir\u00e3o Preto? Veja detalhes"},"content":{"rendered":"<div class='code-block code-block-1' style='margin: 8px 0 8px auto; text-align: right; display: block; clear: both;'>\n<p><a href=\"https:\/\/wa.link\/vpicfd\"><img data-recalc-dims=\"1\" class=\"wp-image-4922\" style=\"aspect-ratio: 2.0253164556962027; width: 561px; height: auto;\" src=\"https:\/\/i0.wp.com\/ismaelcolosi.com.br\/wp-content\/uploads\/2023\/11\/grupo-de-empregos-whatsapp-e-facebook-ismael-colosi-vagas.jpg?ssl=1\" alt=\"\" \/><\/a><\/p>\n<!-- \/wp:image -->\n<\/div>\n<p> <br \/>\n<\/p>\n<div data-td-block-uid=\"tdi_95\">\n<div class=\"tdb-block-inner td-fix-index\">\n<p>A<strong> Caravana de Natal da Coca-Cola<\/strong> retorna a Ribeir\u00e3o Preto no dia <strong>23 de dezembro<\/strong>, a partir das <strong>19h<\/strong>, e encerra a participa\u00e7\u00e3o da cidade na programa\u00e7\u00e3o natalina de 2025. A marca j\u00e1 levou o desfile \u00e0 regi\u00e3o em outras tr\u00eas ocasi\u00f5es neste ano: <strong>26, 29 e 30 de novembro<\/strong>, quando os caminh\u00f5es iluminados circularam por diferentes bairros e avenidas.<\/p>\n<div class=\"wp-block-image\">\n<figure class=\"aligncenter size-full is-resized\"><img data-recalc-dims=\"1\" fetchpriority=\"high\" decoding=\"async\" width=\"1000\" height=\"563\" src=\"https:\/\/i0.wp.com\/cdn.media-acidadeon.com.br\/ribeiraopreto\/wp-content\/uploads\/sites\/3\/2025\/11\/caravana-natal-riberiao_2025-11-26_14-06-28.webp?resize=1000%2C563&#038;ssl=1\" alt=\"Caravana de Natal passa por Ribeir\u00e3o Preto nesta quarta-feira - Foto: Divulga\u00e7\u00e3o\" class=\"wp-image-137205\" style=\"width:817px;height:auto\" title=\"Caravana de Natal da Coca-Cola vai voltar a Ribeir\u00e3o Preto? Veja detalhes 1\" srcset=\"https:\/\/cdn.media-acidadeon.com.br\/ribeiraopreto\/wp-content\/uploads\/sites\/3\/2025\/11\/caravana-natal-riberiao_2025-11-26_14-06-28.webp 1000w, https:\/\/cdn.media-acidadeon.com.br\/ribeiraopreto\/wp-content\/uploads\/sites\/3\/2025\/11\/caravana-natal-riberiao_2025-11-26_14-06-28-300x169.webp 300w, https:\/\/cdn.media-acidadeon.com.br\/ribeiraopreto\/wp-content\/uploads\/sites\/3\/2025\/11\/caravana-natal-riberiao_2025-11-26_14-06-28-768x432.webp 768w, https:\/\/cdn.media-acidadeon.com.br\/ribeiraopreto\/wp-content\/uploads\/sites\/3\/2025\/11\/caravana-natal-riberiao_2025-11-26_14-06-28-696x392.webp 696w\" sizes=\"(max-width: 1000px) 100vw, 1000px\"\/><\/figure>\n<\/div>\n<h3 class=\"wp-block-heading\"><strong>Caravana Coca-Cola<\/strong><\/h3>\n<p>Para o novo desfile, a Coca-Cola definiu um percurso que come\u00e7a na Rua Javari, no <strong>Ipiranga<\/strong> e avan\u00e7a pela <strong>avenida Francisco Junqueira<\/strong>. O comboio tamb\u00e9m percorre a <strong>avenida Wladimir Meirelles<\/strong>, <strong>Presidente Vargas<\/strong> e o <strong>Alto da Boa Vista<\/strong>. A rota inclui ainda a <strong>avenida Independ\u00eancia<\/strong>, <strong>Jardim Nova Alian\u00e7a<\/strong>, <strong>Vila do Golfe<\/strong>, <strong>Bonfim Paulista<\/strong> e a regi\u00e3o do <strong>Olhos D\u2019\u00c1gua<\/strong>.<\/p>\n<h3 class=\"wp-block-heading\"><strong>Veja o mapa:<\/strong><\/h3>\n<p>Os trajetos realizados pela<strong>\u00a0Caravana de Natal\u00a0<\/strong>s\u00e3o distintos, portanto, \u00e9 importante ficar atento ao\u00a0<strong>dia\u00a0<\/strong>e aos\u00a0<strong>pontos de refer\u00eancia<\/strong>\u00a0que os ve\u00edculos passar\u00e3o.<\/p>\n<div class=\"wp-block-image\">\n<figure class=\"aligncenter size-large\"><img data-recalc-dims=\"1\" loading=\"lazy\" decoding=\"async\" width=\"1024\" height=\"576\" src=\"https:\/\/i0.wp.com\/cdn.media-acidadeon.com.br\/ribeiraopreto\/wp-content\/uploads\/sites\/3\/2025\/12\/image_2025-12-12_19-46-54-1024x576.webp?resize=1024%2C576&#038;ssl=1\" alt=\"caravana coca\" class=\"wp-image-139249\" title=\"Caravana de Natal da Coca-Cola vai voltar a Ribeir\u00e3o Preto? Veja detalhes 2\" srcset=\"https:\/\/cdn.media-acidadeon.com.br\/ribeiraopreto\/wp-content\/uploads\/sites\/3\/2025\/12\/image_2025-12-12_19-46-54-1024x576.webp 1024w, https:\/\/cdn.media-acidadeon.com.br\/ribeiraopreto\/wp-content\/uploads\/sites\/3\/2025\/12\/image_2025-12-12_19-46-54-300x169.webp 300w, https:\/\/cdn.media-acidadeon.com.br\/ribeiraopreto\/wp-content\/uploads\/sites\/3\/2025\/12\/image_2025-12-12_19-46-54-768x432.webp 768w, https:\/\/cdn.media-acidadeon.com.br\/ribeiraopreto\/wp-content\/uploads\/sites\/3\/2025\/12\/image_2025-12-12_19-46-54-696x392.webp 696w, https:\/\/cdn.media-acidadeon.com.br\/ribeiraopreto\/wp-content\/uploads\/sites\/3\/2025\/12\/image_2025-12-12_19-46-54-1068x601.webp 1068w, https:\/\/cdn.media-acidadeon.com.br\/ribeiraopreto\/wp-content\/uploads\/sites\/3\/2025\/12\/image_2025-12-12_19-46-54.webp 1200w\" sizes=\"auto, (max-width: 1024px) 100vw, 1024px\"\/><\/figure>\n<\/div>\n<p>Al\u00e9m da famosa caravana, a campanha deste ano ainda cria um\u00a0<strong>papel de presente personalizado<\/strong>\u00a0a partir de uma foto pelo WhatsApp (<a href=\"https:\/\/natal.coca-cola.com.br\/?utm_source=google_p&amp;utm_medium=Search&amp;utm_campaign=GL2505001025&amp;utm_term=141R104000&amp;utm_content=link&amp;gad_source=1\" target=\"_blank\" rel=\"noreferrer noopener\">saiba mais clicando aqui<\/a>).<\/p>\n<hr class=\"wp-block-separator has-alpha-channel-opacity\"\/>\n<p>SAIBA MAIS<br \/>Virada no tempo com risco de temporais; Veja previs\u00e3o para o fim de semana<\/p>\n<h2 class=\"wp-block-heading\"><strong>FIQUE ON<\/strong><\/h2>\n<p>Fique ligado em tudo que acontece em Ribeir\u00e3o Preto e regi\u00e3o. Siga os perfis do<strong>\u00a0acidade on<\/strong>\u00a0no<a href=\"https:\/\/www.instagram.com\/acidadeonribeirao\" target=\"_blank\" rel=\"noreferrer noopener\">\u00a0Instagram\u00a0<\/a>e no\u00a0<a href=\"https:\/\/www.facebook.com\/acidadeonribeirao\/\" target=\"_blank\" rel=\"noreferrer noopener\">Facebook<\/a>.<\/p>\n<p>Receba not\u00edcias do\u00a0<strong>acidade on\u00a0<\/strong>no WhatsApp. Para entrar no grupo,\u00a0basta<a href=\"https:\/\/chat.whatsapp.com\/GFH9HUMUTHNFJdnyEd0xxq\" target=\"_blank\" rel=\"noreferrer noopener\">\u00a0clicar aqui<\/a>. Ou, acesse o nosso\u00a0Canal\u00a0<a href=\"https:\/\/whatsapp.com\/channel\/0029Vb6IQl1JENyAeS57fk2p\" target=\"_blank\" rel=\"noreferrer noopener\">clicando aqui<\/a>.<\/p>\n<p>Fa\u00e7a uma den\u00fancia ou sugira uma reportagem sobre Ribeir\u00e3o Preto e regi\u00e3o pelo WhatsApp: 16 99117 7802.<\/p>\n<p>VEJA TAMB\u00c9M<br \/>Lotof\u00e1cil 3560: sete apostas dividem pr\u00eamio m\u00e1ximo; veja cidades<\/p>\n<p><!-- AI CONTENT END 1 -->\n<\/div>\n<\/div>\n<p><script async src=\"\/\/www.instagram.com\/embed.js\"><\/script><br \/>\n<br \/><br \/>\n<br \/><a href=\"https:\/\/www.acidadeon.com\/ribeiraopreto\/lazer-e-cultura\/caravana-de-natal-da-coca-cola-vai-voltar-a-ribeirao-preto-veja-detalhes\/\">Source link <\/a><\/p>\n<!-- CONTENT END 1 -->\n","protected":false},"excerpt":{"rendered":"<p>A Caravana de Natal da Coca-Cola retorna a Ribeir\u00e3o Preto no dia 23 de dezembro, a partir das 19h, e encerra a participa\u00e7\u00e3o da cidade&#8230;<\/p>\n","protected":false},"author":1,"featured_media":80764,"comment_status":"open","ping_status":"open","sticky":false,"template":"","format":"standard","meta":{"advanced_seo_description":"","jetpack_seo_html_title":"","jetpack_seo_noindex":false,"jetpack_post_was_ever_published":false,"_jetpack_newsletter_access":"","_jetpack_dont_email_post_to_subs":false,"_jetpack_newsletter_tier_id":0,"_jetpack_memberships_contains_paywalled_content":false,"_jetpack_memberships_contains_paid_content":false,"footnotes":"","jetpack_publicize_message":"","jetpack_publicize_feature_enabled":true,"jetpack_social_post_already_shared":true,"jetpack_social_options":{"image_generator_settings":{"template":"highway","default_image_id":0,"font":"","enabled":false},"version":2}},"categories":[11],"tags":[],"class_list":["post-80763","post","type-post","status-publish","format-standard","has-post-thumbnail","hentry","category-noticias-de-ribeirao-preto-sp-e-regiao-ismael-colosi"],"jetpack_publicize_connections":[],"jetpack_featured_media_url":"https:\/\/i0.wp.com\/noticiasribeiraopreto.com.br\/wp-content\/uploads\/2025\/12\/Imagem-do-WhatsApp-de-2025-12-01-as-13.18.24_52341c3a_2025-12-01_16-20-19.webp.webp?fit=1200%2C675&ssl=1","jetpack-related-posts":[{"id":60952,"url":"https:\/\/noticiasribeiraopreto.com.br\/index.php\/2024\/11\/29\/caravana-de-natal-da-coca-cola-passa-por-cidades-da-regiao-de-ribeirao-veja-quais\/","url_meta":{"origin":80763,"position":0},"title":"Caravana de Natal da Coca-Cola passa por cidades da regi\u00e3o de Ribeir\u00e3o; Veja quais","author":"noticiasribeiraopreto.com.br","date":"29 de November de 2024","format":false,"excerpt":"A Caravana de Natal da Coca-Cola \u00e9 uma tradi\u00e7\u00e3o em diversas cidades da regi\u00e3o de Ribeir\u00e3o Preto. Nesta sexta-feira (29), o munic\u00edpio de Jaboticabal \u00e9 quem recebe o comboio iluminado \u2013 veja o trajeto abaixo. Com o tema \u201cDesperte o Papai Noel que h\u00e1 em Voc\u00ea\u201d, o desfile acontece sempre\u2026","rel":"","context":"In &quot;Not\u00edcias de Ribeir\u00e3o Preto-SP e Regi\u00e3o&quot;","block_context":{"text":"Not\u00edcias de Ribeir\u00e3o Preto-SP e Regi\u00e3o","link":"https:\/\/noticiasribeiraopreto.com.br\/index.php\/category\/noticias-de-ribeirao-preto-sp-e-regiao-ismael-colosi\/"},"img":{"alt_text":"","src":"https:\/\/i0.wp.com\/noticiasribeiraopreto.com.br\/wp-content\/uploads\/2024\/11\/Copia-de-Copia-de-Copia-de-TAMANHO-EXATO-PARA-FOTOS-NO-SISTEMA-NOVO-2024-11-29T164936.356_2024-11-29_19-49-42_png_2024-11-29_19-49-42.webp.webp?fit=1200%2C675&ssl=1&resize=350%2C200","width":350,"height":200,"srcset":"https:\/\/i0.wp.com\/noticiasribeiraopreto.com.br\/wp-content\/uploads\/2024\/11\/Copia-de-Copia-de-Copia-de-TAMANHO-EXATO-PARA-FOTOS-NO-SISTEMA-NOVO-2024-11-29T164936.356_2024-11-29_19-49-42_png_2024-11-29_19-49-42.webp.webp?fit=1200%2C675&ssl=1&resize=350%2C200 1x, https:\/\/i0.wp.com\/noticiasribeiraopreto.com.br\/wp-content\/uploads\/2024\/11\/Copia-de-Copia-de-Copia-de-TAMANHO-EXATO-PARA-FOTOS-NO-SISTEMA-NOVO-2024-11-29T164936.356_2024-11-29_19-49-42_png_2024-11-29_19-49-42.webp.webp?fit=1200%2C675&ssl=1&resize=525%2C300 1.5x, https:\/\/i0.wp.com\/noticiasribeiraopreto.com.br\/wp-content\/uploads\/2024\/11\/Copia-de-Copia-de-Copia-de-TAMANHO-EXATO-PARA-FOTOS-NO-SISTEMA-NOVO-2024-11-29T164936.356_2024-11-29_19-49-42_png_2024-11-29_19-49-42.webp.webp?fit=1200%2C675&ssl=1&resize=700%2C400 2x, https:\/\/i0.wp.com\/noticiasribeiraopreto.com.br\/wp-content\/uploads\/2024\/11\/Copia-de-Copia-de-Copia-de-TAMANHO-EXATO-PARA-FOTOS-NO-SISTEMA-NOVO-2024-11-29T164936.356_2024-11-29_19-49-42_png_2024-11-29_19-49-42.webp.webp?fit=1200%2C675&ssl=1&resize=1050%2C600 3x"},"classes":[]},{"id":60832,"url":"https:\/\/noticiasribeiraopreto.com.br\/index.php\/2024\/11\/26\/confira-o-trajeto-da-caravana-de-natal-da-coca-cola-em-ribeirao-preto\/","url_meta":{"origin":80763,"position":1},"title":"Confira o trajeto da Caravana de Natal da Coca-Cola em Ribeir\u00e3o Preto","author":"noticiasribeiraopreto.com.br","date":"26 de November de 2024","format":false,"excerpt":"A Caravana de Natal da Coca-Cola vai passar em Ribeir\u00e3o Preto entre os dias 1, 13 e 22 de dezembro. Os caminh\u00f5es decorados, iluminados e com o Papai Noel sair\u00e3o de pontos espec\u00edficos da cidade e percorreram diversos bairros. Com o tema \u201cDesperte o Papai Noel que h\u00e1 em Voc\u00ea\u201d,\u2026","rel":"","context":"In &quot;Not\u00edcias de Ribeir\u00e3o Preto-SP e Regi\u00e3o&quot;","block_context":{"text":"Not\u00edcias de Ribeir\u00e3o Preto-SP e Regi\u00e3o","link":"https:\/\/noticiasribeiraopreto.com.br\/index.php\/category\/noticias-de-ribeirao-preto-sp-e-regiao-ismael-colosi\/"},"img":{"alt_text":"","src":"https:\/\/i0.wp.com\/noticiasribeiraopreto.com.br\/wp-content\/uploads\/2024\/11\/carreata_natal_1024x576_20122019154323.jpg?fit=1024%2C576&ssl=1&resize=350%2C200","width":350,"height":200,"srcset":"https:\/\/i0.wp.com\/noticiasribeiraopreto.com.br\/wp-content\/uploads\/2024\/11\/carreata_natal_1024x576_20122019154323.jpg?fit=1024%2C576&ssl=1&resize=350%2C200 1x, https:\/\/i0.wp.com\/noticiasribeiraopreto.com.br\/wp-content\/uploads\/2024\/11\/carreata_natal_1024x576_20122019154323.jpg?fit=1024%2C576&ssl=1&resize=525%2C300 1.5x, https:\/\/i0.wp.com\/noticiasribeiraopreto.com.br\/wp-content\/uploads\/2024\/11\/carreata_natal_1024x576_20122019154323.jpg?fit=1024%2C576&ssl=1&resize=700%2C400 2x"},"classes":[]},{"id":81014,"url":"https:\/\/noticiasribeiraopreto.com.br\/index.php\/2025\/12\/21\/caravana-de-natal-da-coca-cola-volta-a-ribeirao-veja-ruas-e-avenidas-do-trajeto\/","url_meta":{"origin":80763,"position":2},"title":"Caravana de Natal da Coca-Cola volta a Ribeir\u00e3o; Veja ruas e avenidas do trajeto","author":"noticiasribeiraopreto.com.br","date":"21 de December de 2025","format":false,"excerpt":"A Caravana de Natal da Coca-Cola retorna a Ribeir\u00e3o Preto no dia 23 de dezembro, a partir das 19h. Esta ser\u00e1 a \u00faltima apari\u00e7\u00e3o do ano dos caminh\u00f5es decorados e iluminados, que contam com a presen\u00e7a do Papai Noel. Os trajetos realizados pela Caravana de Natal s\u00e3o distintos, portanto, \u00e9\u2026","rel":"","context":"In &quot;Not\u00edcias de Ribeir\u00e3o Preto-SP e Regi\u00e3o&quot;","block_context":{"text":"Not\u00edcias de Ribeir\u00e3o Preto-SP e Regi\u00e3o","link":"https:\/\/noticiasribeiraopreto.com.br\/index.php\/category\/noticias-de-ribeirao-preto-sp-e-regiao-ismael-colosi\/"},"img":{"alt_text":"","src":"https:\/\/i0.wp.com\/noticiasribeiraopreto.com.br\/wp-content\/uploads\/2025\/12\/Imagem-do-WhatsApp-de-2025-12-01-as-13.18.24_52341c3a_2025-12-01_16-20-19.webp.webp?fit=1200%2C675&ssl=1&resize=350%2C200","width":350,"height":200,"srcset":"https:\/\/i0.wp.com\/noticiasribeiraopreto.com.br\/wp-content\/uploads\/2025\/12\/Imagem-do-WhatsApp-de-2025-12-01-as-13.18.24_52341c3a_2025-12-01_16-20-19.webp.webp?fit=1200%2C675&ssl=1&resize=350%2C200 1x, https:\/\/i0.wp.com\/noticiasribeiraopreto.com.br\/wp-content\/uploads\/2025\/12\/Imagem-do-WhatsApp-de-2025-12-01-as-13.18.24_52341c3a_2025-12-01_16-20-19.webp.webp?fit=1200%2C675&ssl=1&resize=525%2C300 1.5x, https:\/\/i0.wp.com\/noticiasribeiraopreto.com.br\/wp-content\/uploads\/2025\/12\/Imagem-do-WhatsApp-de-2025-12-01-as-13.18.24_52341c3a_2025-12-01_16-20-19.webp.webp?fit=1200%2C675&ssl=1&resize=700%2C400 2x, https:\/\/i0.wp.com\/noticiasribeiraopreto.com.br\/wp-content\/uploads\/2025\/12\/Imagem-do-WhatsApp-de-2025-12-01-as-13.18.24_52341c3a_2025-12-01_16-20-19.webp.webp?fit=1200%2C675&ssl=1&resize=1050%2C600 3x"},"classes":[]},{"id":79833,"url":"https:\/\/noticiasribeiraopreto.com.br\/index.php\/2025\/11\/08\/ribeirao-preto-recebe-caravana-de-natal-da-coca-cola-confira-o-trajeto\/","url_meta":{"origin":80763,"position":3},"title":"Ribeir\u00e3o Preto recebe Caravana de Natal da Coca-Cola; Confira o trajeto","author":"noticiasribeiraopreto.com.br","date":"8 de November de 2025","format":false,"excerpt":"Ribeir\u00e3o Preto e regi\u00e3o recebem os tradicionais caminh\u00f5es decorados, iluminados e com o Papai Noel da Caravana de Natal da Coca-Cola, entre os dias 26 de novembro e 23 de dezembro. A caravana integra as a\u00e7\u00f5es da empresa para as festividades de fim de ano. A programa\u00e7\u00e3o completa pode ser\u2026","rel":"","context":"In &quot;Not\u00edcias de Ribeir\u00e3o Preto-SP e Regi\u00e3o&quot;","block_context":{"text":"Not\u00edcias de Ribeir\u00e3o Preto-SP e Regi\u00e3o","link":"https:\/\/noticiasribeiraopreto.com.br\/index.php\/category\/noticias-de-ribeirao-preto-sp-e-regiao-ismael-colosi\/"},"img":{"alt_text":"","src":"https:\/\/i0.wp.com\/noticiasribeiraopreto.com.br\/wp-content\/uploads\/2025\/11\/carreata-coca-cola.jpg?fit=1200%2C675&ssl=1&resize=350%2C200","width":350,"height":200,"srcset":"https:\/\/i0.wp.com\/noticiasribeiraopreto.com.br\/wp-content\/uploads\/2025\/11\/carreata-coca-cola.jpg?fit=1200%2C675&ssl=1&resize=350%2C200 1x, https:\/\/i0.wp.com\/noticiasribeiraopreto.com.br\/wp-content\/uploads\/2025\/11\/carreata-coca-cola.jpg?fit=1200%2C675&ssl=1&resize=525%2C300 1.5x, https:\/\/i0.wp.com\/noticiasribeiraopreto.com.br\/wp-content\/uploads\/2025\/11\/carreata-coca-cola.jpg?fit=1200%2C675&ssl=1&resize=700%2C400 2x, https:\/\/i0.wp.com\/noticiasribeiraopreto.com.br\/wp-content\/uploads\/2025\/11\/carreata-coca-cola.jpg?fit=1200%2C675&ssl=1&resize=1050%2C600 3x"},"classes":[]},{"id":61741,"url":"https:\/\/noticiasribeiraopreto.com.br\/index.php\/2024\/12\/20\/caravana-da-coca-cola-passa-por-ribeirao-neste-fim-de-semana-veja-o-trajeto\/","url_meta":{"origin":80763,"position":4},"title":"Caravana da Coca-Cola passa por Ribeir\u00e3o neste fim de semana; Veja o trajeto","author":"noticiasribeiraopreto.com.br","date":"20 de December de 2024","format":false,"excerpt":"Aqueles que ainda n\u00e3o conseguiram ver a Caravana de Natal da Coca-Cola passando por Ribeir\u00e3o Preto, ter\u00e3o mais uma chance neste final de semana. O comboio de caminh\u00f5es decorados, iluminados e com o Papai Noel passam pela \u00faltima vez neste domingo (22), por diversos bairros da cidade, a partir das\u2026","rel":"","context":"In &quot;Not\u00edcias de Ribeir\u00e3o Preto-SP e Regi\u00e3o&quot;","block_context":{"text":"Not\u00edcias de Ribeir\u00e3o Preto-SP e Regi\u00e3o","link":"https:\/\/noticiasribeiraopreto.com.br\/index.php\/category\/noticias-de-ribeirao-preto-sp-e-regiao-ismael-colosi\/"},"img":{"alt_text":"","src":"https:\/\/i0.wp.com\/noticiasribeiraopreto.com.br\/wp-content\/uploads\/2024\/11\/Copia-de-Copia-de-Copia-de-TAMANHO-EXATO-PARA-FOTOS-NO-SISTEMA-NOVO-2024-11-29T164936.356_2024-11-29_19-49-42_png_2024-11-29_19-49-42.webp.webp?fit=1200%2C675&ssl=1&resize=350%2C200","width":350,"height":200,"srcset":"https:\/\/i0.wp.com\/noticiasribeiraopreto.com.br\/wp-content\/uploads\/2024\/11\/Copia-de-Copia-de-Copia-de-TAMANHO-EXATO-PARA-FOTOS-NO-SISTEMA-NOVO-2024-11-29T164936.356_2024-11-29_19-49-42_png_2024-11-29_19-49-42.webp.webp?fit=1200%2C675&ssl=1&resize=350%2C200 1x, https:\/\/i0.wp.com\/noticiasribeiraopreto.com.br\/wp-content\/uploads\/2024\/11\/Copia-de-Copia-de-Copia-de-TAMANHO-EXATO-PARA-FOTOS-NO-SISTEMA-NOVO-2024-11-29T164936.356_2024-11-29_19-49-42_png_2024-11-29_19-49-42.webp.webp?fit=1200%2C675&ssl=1&resize=525%2C300 1.5x, https:\/\/i0.wp.com\/noticiasribeiraopreto.com.br\/wp-content\/uploads\/2024\/11\/Copia-de-Copia-de-Copia-de-TAMANHO-EXATO-PARA-FOTOS-NO-SISTEMA-NOVO-2024-11-29T164936.356_2024-11-29_19-49-42_png_2024-11-29_19-49-42.webp.webp?fit=1200%2C675&ssl=1&resize=700%2C400 2x, https:\/\/i0.wp.com\/noticiasribeiraopreto.com.br\/wp-content\/uploads\/2024\/11\/Copia-de-Copia-de-Copia-de-TAMANHO-EXATO-PARA-FOTOS-NO-SISTEMA-NOVO-2024-11-29T164936.356_2024-11-29_19-49-42_png_2024-11-29_19-49-42.webp.webp?fit=1200%2C675&ssl=1&resize=1050%2C600 3x"},"classes":[]},{"id":5446,"url":"https:\/\/noticiasribeiraopreto.com.br\/index.php\/2023\/11\/23\/confira-as-datas-da-caravana-de-natal-da-coca-cola-em-ribeirao\/","url_meta":{"origin":80763,"position":5},"title":"Confira as datas da Caravana de Natal da Coca-Cola em Ribeir\u00e3o Preto","author":"noticiasribeiraopreto.com.br","date":"23 de November de 2023","format":false,"excerpt":"A tradicional Caravana de Natal da Coca-Cola foi confirmada em Ribeir\u00e3o Preto. De acordo com a empresa, a comitiva com os carros iluminados e com o Papai Noel passar\u00e1 pelo munic\u00edpio nos dias 11, 20 e 21 de dezembro. Neste ano, o tema central da campanha \u2018Desperte o Papai Noel\u2026","rel":"","context":"In &quot;Not\u00edcias de Ribeir\u00e3o Preto-SP e Regi\u00e3o&quot;","block_context":{"text":"Not\u00edcias de Ribeir\u00e3o Preto-SP e Regi\u00e3o","link":"https:\/\/noticiasribeiraopreto.com.br\/index.php\/category\/noticias-de-ribeirao-preto-sp-e-regiao-ismael-colosi\/"},"img":{"alt_text":"","src":"https:\/\/i0.wp.com\/noticiasribeiraopreto.com.br\/wp-content\/uploads\/2023\/11\/carreata_natal_1024x576_20122019154323.jpg?fit=1024%2C576&ssl=1&resize=350%2C200","width":350,"height":200,"srcset":"https:\/\/i0.wp.com\/noticiasribeiraopreto.com.br\/wp-content\/uploads\/2023\/11\/carreata_natal_1024x576_20122019154323.jpg?fit=1024%2C576&ssl=1&resize=350%2C200 1x, https:\/\/i0.wp.com\/noticiasribeiraopreto.com.br\/wp-content\/uploads\/2023\/11\/carreata_natal_1024x576_20122019154323.jpg?fit=1024%2C576&ssl=1&resize=525%2C300 1.5x, https:\/\/i0.wp.com\/noticiasribeiraopreto.com.br\/wp-content\/uploads\/2023\/11\/carreata_natal_1024x576_20122019154323.jpg?fit=1024%2C576&ssl=1&resize=700%2C400 2x"},"classes":[]}],"jetpack_sharing_enabled":true,"jetpack_shortlink":"https:\/\/wp.me\/peQAOb-l0D","_links":{"self":[{"href":"https:\/\/noticiasribeiraopreto.com.br\/index.php\/wp-json\/wp\/v2\/posts\/80763","targetHints":{"allow":["GET"]}}],"collection":[{"href":"https:\/\/noticiasribeiraopreto.com.br\/index.php\/wp-json\/wp\/v2\/posts"}],"about":[{"href":"https:\/\/noticiasribeiraopreto.com.br\/index.php\/wp-json\/wp\/v2\/types\/post"}],"author":[{"embeddable":true,"href":"https:\/\/noticiasribeiraopreto.com.br\/index.php\/wp-json\/wp\/v2\/users\/1"}],"replies":[{"embeddable":true,"href":"https:\/\/noticiasribeiraopreto.com.br\/index.php\/wp-json\/wp\/v2\/comments?post=80763"}],"version-history":[{"count":0,"href":"https:\/\/noticiasribeiraopreto.com.br\/index.php\/wp-json\/wp\/v2\/posts\/80763\/revisions"}],"wp:featuredmedia":[{"embeddable":true,"href":"https:\/\/noticiasribeiraopreto.com.br\/index.php\/wp-json\/wp\/v2\/media\/80764"}],"wp:attachment":[{"href":"https:\/\/noticiasribeiraopreto.com.br\/index.php\/wp-json\/wp\/v2\/media?parent=80763"}],"wp:term":[{"taxonomy":"category","embeddable":true,"href":"https:\/\/noticiasribeiraopreto.com.br\/index.php\/wp-json\/wp\/v2\/categories?post=80763"},{"taxonomy":"post_tag","embeddable":true,"href":"https:\/\/noticiasribeiraopreto.com.br\/index.php\/wp-json\/wp\/v2\/tags?post=80763"}],"curies":[{"name":"wp","href":"https:\/\/api.w.org\/{rel}","templated":true}]}}