{"id":80765,"date":"2025-12-13T06:06:35","date_gmt":"2025-12-13T09:06:35","guid":{"rendered":"https:\/\/noticiasribeiraopreto.com.br\/index.php\/2025\/12\/13\/motorista-morre-apos-caminhonete-bater-de-frente-com-caminhao-na-regiao-de-ribeirao-preto\/"},"modified":"2025-12-13T06:06:35","modified_gmt":"2025-12-13T09:06:35","slug":"motorista-morre-apos-caminhonete-bater-de-frente-com-caminhao-na-regiao-de-ribeirao-preto","status":"publish","type":"post","link":"https:\/\/noticiasribeiraopreto.com.br\/index.php\/2025\/12\/13\/motorista-morre-apos-caminhonete-bater-de-frente-com-caminhao-na-regiao-de-ribeirao-preto\/","title":{"rendered":"Motorista morre ap\u00f3s caminhonete bater de frente com caminh\u00e3o na regi\u00e3o de Ribeir\u00e3o Preto"},"content":{"rendered":"<div class='code-block code-block-1' style='margin: 8px 0 8px auto; text-align: right; display: block; clear: both;'>\n<p><a href=\"https:\/\/wa.link\/vpicfd\"><img data-recalc-dims=\"1\" class=\"wp-image-4922\" style=\"aspect-ratio: 2.0253164556962027; width: 561px; height: auto;\" src=\"https:\/\/i0.wp.com\/ismaelcolosi.com.br\/wp-content\/uploads\/2023\/11\/grupo-de-empregos-whatsapp-e-facebook-ismael-colosi-vagas.jpg?ssl=1\" alt=\"\" \/><\/a><\/p>\n<!-- \/wp:image -->\n<\/div>\n<p> <br \/>\n<\/p>\n<div data-td-block-uid=\"tdi_95\">\n<div class=\"tdb-block-inner td-fix-index\">\n<p>Um<strong> motorista morreu na tarde desta sexta-feira (12) ap\u00f3s um acidente envolvendo uma caminhonete e um caminh\u00e3o na estrada que liga Sert\u00e3ozinho a Jardin\u00f3polis<\/strong>, na regi\u00e3o de Ribeir\u00e3o Preto. A batida ocorreu logo depois da ponte do rio Pardo, no sentido Rodovia Anhanguera, j\u00e1 no territ\u00f3rio de Jardin\u00f3polis.<\/p>\n<p>De acordo com a assessoria da Prefeitura de Sert\u00e3ozinho, a<strong> caminhonete colidiu de frente com o caminh\u00e3o. <\/strong>O motorista n\u00e3o resistiu aos ferimentos e morreu no local, preso \u00e0s ferragens.<\/p>\n<div class=\"wp-block-image\">\n<figure class=\"aligncenter size-large is-resized\"><img data-recalc-dims=\"1\" fetchpriority=\"high\" decoding=\"async\" width=\"1024\" height=\"576\" src=\"https:\/\/i0.wp.com\/cdn.media-acidadeon.com.br\/ribeiraopreto\/wp-content\/uploads\/sites\/3\/2025\/12\/palace-44_2025-12-12_19-10-58-1024x576.webp?resize=1024%2C576&#038;ssl=1\" alt=\"caminh\u00e3o\" class=\"wp-image-139245\" style=\"width:811px;height:auto\" title=\"Motorista morre ap\u00f3s caminhonete bater de frente com caminh\u00e3o na regi\u00e3o de Ribeir\u00e3o Preto 1\" srcset=\"https:\/\/cdn.media-acidadeon.com.br\/ribeiraopreto\/wp-content\/uploads\/sites\/3\/2025\/12\/palace-44_2025-12-12_19-10-58-1024x576.webp 1024w, https:\/\/cdn.media-acidadeon.com.br\/ribeiraopreto\/wp-content\/uploads\/sites\/3\/2025\/12\/palace-44_2025-12-12_19-10-58-300x169.webp 300w, https:\/\/cdn.media-acidadeon.com.br\/ribeiraopreto\/wp-content\/uploads\/sites\/3\/2025\/12\/palace-44_2025-12-12_19-10-58-768x432.webp 768w, https:\/\/cdn.media-acidadeon.com.br\/ribeiraopreto\/wp-content\/uploads\/sites\/3\/2025\/12\/palace-44_2025-12-12_19-10-58-696x392.webp 696w, https:\/\/cdn.media-acidadeon.com.br\/ribeiraopreto\/wp-content\/uploads\/sites\/3\/2025\/12\/palace-44_2025-12-12_19-10-58-1068x601.webp 1068w, https:\/\/cdn.media-acidadeon.com.br\/ribeiraopreto\/wp-content\/uploads\/sites\/3\/2025\/12\/palace-44_2025-12-12_19-10-58.webp 1200w\" sizes=\"(max-width: 1024px) 100vw, 1024px\"\/><\/figure>\n<\/div>\n<p><strong>A identidade da v\u00edtima n\u00e3o foi divulgada. <\/strong><\/p>\n<p>Segundo o comando da Guarda Civil Municipal, equipes da Pol\u00edcia Militar e da Pol\u00edcia Rodovi\u00e1ria atendem a ocorr\u00eancia e controlam o fluxo de ve\u00edculos no trecho enquanto apuram as causas do acidente.<\/p>\n<hr class=\"wp-block-separator has-alpha-channel-opacity\"\/>\n<p>SAIBA MAIS<br \/>Virada no tempo com risco de temporais; Veja previs\u00e3o para o fim de semana<\/p>\n<h2 class=\"wp-block-heading\"><strong>FIQUE ON<\/strong><\/h2>\n<p>Fique ligado em tudo que acontece em Ribeir\u00e3o Preto e regi\u00e3o. Siga os perfis do<strong>\u00a0acidade on<\/strong>\u00a0no<a href=\"https:\/\/www.instagram.com\/acidadeonribeirao\" target=\"_blank\" rel=\"noreferrer noopener\">\u00a0Instagram\u00a0<\/a>e no\u00a0<a href=\"https:\/\/www.facebook.com\/acidadeonribeirao\/\" target=\"_blank\" rel=\"noreferrer noopener\">Facebook<\/a>.<\/p>\n<p>Receba not\u00edcias do\u00a0<strong>acidade on\u00a0<\/strong>no WhatsApp. Para entrar no grupo,\u00a0basta<a href=\"https:\/\/chat.whatsapp.com\/GFH9HUMUTHNFJdnyEd0xxq\" target=\"_blank\" rel=\"noreferrer noopener\">\u00a0clicar aqui<\/a>. Ou, acesse o nosso\u00a0Canal\u00a0<a href=\"https:\/\/whatsapp.com\/channel\/0029Vb6IQl1JENyAeS57fk2p\" target=\"_blank\" rel=\"noreferrer noopener\">clicando aqui<\/a>.<\/p>\n<p>Fa\u00e7a uma den\u00fancia ou sugira uma reportagem sobre Ribeir\u00e3o Preto e regi\u00e3o pelo WhatsApp: 16 99117 7802.<\/p>\n<p>VEJA TAMB\u00c9M<br \/>Lotof\u00e1cil 3560: sete apostas dividem pr\u00eamio m\u00e1ximo; veja cidades<\/p>\n<p><!-- AI CONTENT END 1 -->\n<\/div>\n<\/div>\n<p><script async src=\"\/\/www.instagram.com\/embed.js\"><\/script><br \/>\n<br \/><br \/>\n<br \/><a href=\"https:\/\/www.acidadeon.com\/ribeiraopreto\/cotidiano\/motorista-morre-apos-caminhonete-bater-de-frente-com-caminhao-na-regiao-de-ribeirao-preto\/\">Source link <\/a><\/p>\n<!-- CONTENT END 1 -->\n","protected":false},"excerpt":{"rendered":"<p>Um motorista morreu na tarde desta sexta-feira (12) ap\u00f3s um acidente envolvendo uma caminhonete e um caminh\u00e3o na estrada que liga Sert\u00e3ozinho a Jardin\u00f3polis, na&#8230;<\/p>\n","protected":false},"author":1,"featured_media":80766,"comment_status":"open","ping_status":"open","sticky":false,"template":"","format":"standard","meta":{"advanced_seo_description":"","jetpack_seo_html_title":"","jetpack_seo_noindex":false,"jetpack_post_was_ever_published":false,"_jetpack_newsletter_access":"","_jetpack_dont_email_post_to_subs":false,"_jetpack_newsletter_tier_id":0,"_jetpack_memberships_contains_paywalled_content":false,"_jetpack_memberships_contains_paid_content":false,"footnotes":"","jetpack_publicize_message":"","jetpack_publicize_feature_enabled":true,"jetpack_social_post_already_shared":true,"jetpack_social_options":{"image_generator_settings":{"template":"highway","default_image_id":0,"font":"","enabled":false},"version":2}},"categories":[11],"tags":[],"class_list":["post-80765","post","type-post","status-publish","format-standard","has-post-thumbnail","hentry","category-noticias-de-ribeirao-preto-sp-e-regiao-ismael-colosi"],"jetpack_publicize_connections":[],"jetpack_featured_media_url":"https:\/\/i0.wp.com\/noticiasribeiraopreto.com.br\/wp-content\/uploads\/2025\/12\/domingo_2025-12-12_19-06-16.webp.webp?fit=1200%2C675&ssl=1","jetpack-related-posts":[{"id":60443,"url":"https:\/\/noticiasribeiraopreto.com.br\/index.php\/2024\/11\/14\/motorista-morre-apos-batida-traseira-em-rodovia-na-regiao-de-ribeirao-preto\/","url_meta":{"origin":80765,"position":0},"title":"Motorista morre ap\u00f3s batida traseira em rodovia na regi\u00e3o de Ribeir\u00e3o Preto","author":"noticiasribeiraopreto.com.br","date":"14 de November de 2024","format":false,"excerpt":"O motorista de uma caminhonete morreu, ap\u00f3s se envolver em uma batida com um caminh\u00e3o carregado de pedras na madrugada desta quinta-feira (14), na rodovia Jos\u00e9 Fegonezi (SP-328), em Cravinhos, na regi\u00e3o de Ribeir\u00e3o Preto. Segundo a PMR (Pol\u00edcia Militar Rodovi\u00e1ria), os dois ve\u00edculos seguiam em dire\u00e7\u00e3o \u00e0 rodovia Ant\u00f4nio\u2026","rel":"","context":"In &quot;Not\u00edcias de Ribeir\u00e3o Preto-SP e Regi\u00e3o&quot;","block_context":{"text":"Not\u00edcias de Ribeir\u00e3o Preto-SP e Regi\u00e3o","link":"https:\/\/noticiasribeiraopreto.com.br\/index.php\/category\/noticias-de-ribeirao-preto-sp-e-regiao-ismael-colosi\/"},"img":{"alt_text":"","src":"https:\/\/i0.wp.com\/noticiasribeiraopreto.com.br\/wp-content\/uploads\/2024\/11\/ACIDENTE_2024-11-14_10-49-52_jpg_2024-11-14_10-49-52.webp.webp?fit=1200%2C804&ssl=1&resize=350%2C200","width":350,"height":200,"srcset":"https:\/\/i0.wp.com\/noticiasribeiraopreto.com.br\/wp-content\/uploads\/2024\/11\/ACIDENTE_2024-11-14_10-49-52_jpg_2024-11-14_10-49-52.webp.webp?fit=1200%2C804&ssl=1&resize=350%2C200 1x, https:\/\/i0.wp.com\/noticiasribeiraopreto.com.br\/wp-content\/uploads\/2024\/11\/ACIDENTE_2024-11-14_10-49-52_jpg_2024-11-14_10-49-52.webp.webp?fit=1200%2C804&ssl=1&resize=525%2C300 1.5x, https:\/\/i0.wp.com\/noticiasribeiraopreto.com.br\/wp-content\/uploads\/2024\/11\/ACIDENTE_2024-11-14_10-49-52_jpg_2024-11-14_10-49-52.webp.webp?fit=1200%2C804&ssl=1&resize=700%2C400 2x, https:\/\/i0.wp.com\/noticiasribeiraopreto.com.br\/wp-content\/uploads\/2024\/11\/ACIDENTE_2024-11-14_10-49-52_jpg_2024-11-14_10-49-52.webp.webp?fit=1200%2C804&ssl=1&resize=1050%2C600 3x"},"classes":[]},{"id":5907,"url":"https:\/\/noticiasribeiraopreto.com.br\/index.php\/2023\/11\/24\/motorista-morre-apos-bater-carro-em-caminhao-bau-estacionado-na-regiao-de-ribeirao\/","url_meta":{"origin":80765,"position":1},"title":"Motorista morre ap\u00f3s bater carro em caminh\u00e3o-ba\u00fa estacionado na regi\u00e3o de Ribeir\u00e3o","author":"noticiasribeiraopreto.com.br","date":"24 de November de 2023","format":false,"excerpt":"O motorista de carro morreu\u00a0na madrugada desta sexta-feira (24), depois de bater o ve\u00edculo na traseira de um caminh\u00e3o-ba\u00fa estacionado em uma avenida de Sert\u00e3ozinho, na regi\u00e3o de Ribeir\u00e3o Preto. Segundo o boletim de ocorr\u00eancia (BO), Bruno Aparecido Ferreira Lopes, de 27 anos, seguia com um Fiat Pr\u00eamio pela avenida\u2026","rel":"","context":"In &quot;Not\u00edcias de Ribeir\u00e3o Preto-SP e Regi\u00e3o&quot;","block_context":{"text":"Not\u00edcias de Ribeir\u00e3o Preto-SP e Regi\u00e3o","link":"https:\/\/noticiasribeiraopreto.com.br\/index.php\/category\/noticias-de-ribeirao-preto-sp-e-regiao-ismael-colosi\/"},"img":{"alt_text":"","src":"https:\/\/i0.wp.com\/noticiasribeiraopreto.com.br\/wp-content\/uploads\/2023\/11\/samu_1024x576_06032020094007.jpg?fit=1024%2C576&ssl=1&resize=350%2C200","width":350,"height":200,"srcset":"https:\/\/i0.wp.com\/noticiasribeiraopreto.com.br\/wp-content\/uploads\/2023\/11\/samu_1024x576_06032020094007.jpg?fit=1024%2C576&ssl=1&resize=350%2C200 1x, https:\/\/i0.wp.com\/noticiasribeiraopreto.com.br\/wp-content\/uploads\/2023\/11\/samu_1024x576_06032020094007.jpg?fit=1024%2C576&ssl=1&resize=525%2C300 1.5x, https:\/\/i0.wp.com\/noticiasribeiraopreto.com.br\/wp-content\/uploads\/2023\/11\/samu_1024x576_06032020094007.jpg?fit=1024%2C576&ssl=1&resize=700%2C400 2x"},"classes":[]},{"id":45608,"url":"https:\/\/noticiasribeiraopreto.com.br\/index.php\/2024\/04\/05\/motorista-de-caminhao-fica-seis-horas-refem-na-regiao\/","url_meta":{"origin":80765,"position":2},"title":"Motorista de caminh\u00e3o fica seis horas ref\u00e9m na regi\u00e3o","author":"noticiasribeiraopreto.com.br","date":"5 de April de 2024","format":false,"excerpt":"5 de abril de 2024 | 10:25 0 O motorista de uma caminh\u00e3o ficou 6 horas ref\u00e9m de criminosos, na madrugada desta sexta-feira (5),\u00a0 em Prad\u00f3polis. Os ladr\u00f5es roubaram um carregamento de 47 toneladas de soja, avaliado em R$ 85 mil. A v\u00edtima n\u00e3o sofreu ferimentos. Segundo o\u00a0boletim de ocorr\u00eancia\u2026","rel":"","context":"In &quot;Not\u00edcias de Ribeir\u00e3o Preto-SP e Regi\u00e3o&quot;","block_context":{"text":"Not\u00edcias de Ribeir\u00e3o Preto-SP e Regi\u00e3o","link":"https:\/\/noticiasribeiraopreto.com.br\/index.php\/category\/noticias-de-ribeirao-preto-sp-e-regiao-ismael-colosi\/"},"img":{"alt_text":"","src":"https:\/\/i0.wp.com\/noticiasribeiraopreto.com.br\/wp-content\/uploads\/2024\/04\/e8f9e2c5-1b83-4efc-bea5-454be1130994.jpg?fit=1170%2C700&ssl=1&resize=350%2C200","width":350,"height":200,"srcset":"https:\/\/i0.wp.com\/noticiasribeiraopreto.com.br\/wp-content\/uploads\/2024\/04\/e8f9e2c5-1b83-4efc-bea5-454be1130994.jpg?fit=1170%2C700&ssl=1&resize=350%2C200 1x, https:\/\/i0.wp.com\/noticiasribeiraopreto.com.br\/wp-content\/uploads\/2024\/04\/e8f9e2c5-1b83-4efc-bea5-454be1130994.jpg?fit=1170%2C700&ssl=1&resize=525%2C300 1.5x, https:\/\/i0.wp.com\/noticiasribeiraopreto.com.br\/wp-content\/uploads\/2024\/04\/e8f9e2c5-1b83-4efc-bea5-454be1130994.jpg?fit=1170%2C700&ssl=1&resize=700%2C400 2x, https:\/\/i0.wp.com\/noticiasribeiraopreto.com.br\/wp-content\/uploads\/2024\/04\/e8f9e2c5-1b83-4efc-bea5-454be1130994.jpg?fit=1170%2C700&ssl=1&resize=1050%2C600 3x"},"classes":[]},{"id":52237,"url":"https:\/\/noticiasribeiraopreto.com.br\/index.php\/2024\/06\/05\/identificado-ciclista-morto-apos-atropelamento-por-caminhao-na-rodovia-anhanguera\/","url_meta":{"origin":80765,"position":3},"title":"Identificado ciclista morto ap\u00f3s atropelamento por caminh\u00e3o na rodovia Anhanguera","author":"noticiasribeiraopreto.com.br","date":"5 de June de 2024","format":false,"excerpt":"A Pol\u00edcia Civil identificou o ciclista que morreu no \u00faltimo s\u00e1bado (1\u00ba), ap\u00f3s ser atropelado por um caminh\u00e3o no km 327 da rodovia Anhanguera (SP-330), em Jardin\u00f3polis, na regi\u00e3o de Ribeir\u00e3o Preto. Segundo o boletim de ocorr\u00eancia (BO), a identidade de Luciano Batista dos Santos, de 46 anos, foi confirmada\u2026","rel":"","context":"In &quot;Not\u00edcias de Ribeir\u00e3o Preto-SP e Regi\u00e3o&quot;","block_context":{"text":"Not\u00edcias de Ribeir\u00e3o Preto-SP e Regi\u00e3o","link":"https:\/\/noticiasribeiraopreto.com.br\/index.php\/category\/noticias-de-ribeirao-preto-sp-e-regiao-ismael-colosi\/"},"img":{"alt_text":"","src":"https:\/\/i0.wp.com\/noticiasribeiraopreto.com.br\/wp-content\/uploads\/2024\/06\/PMR-3.jpg?fit=1200%2C907&ssl=1&resize=350%2C200","width":350,"height":200,"srcset":"https:\/\/i0.wp.com\/noticiasribeiraopreto.com.br\/wp-content\/uploads\/2024\/06\/PMR-3.jpg?fit=1200%2C907&ssl=1&resize=350%2C200 1x, https:\/\/i0.wp.com\/noticiasribeiraopreto.com.br\/wp-content\/uploads\/2024\/06\/PMR-3.jpg?fit=1200%2C907&ssl=1&resize=525%2C300 1.5x, https:\/\/i0.wp.com\/noticiasribeiraopreto.com.br\/wp-content\/uploads\/2024\/06\/PMR-3.jpg?fit=1200%2C907&ssl=1&resize=700%2C400 2x, https:\/\/i0.wp.com\/noticiasribeiraopreto.com.br\/wp-content\/uploads\/2024\/06\/PMR-3.jpg?fit=1200%2C907&ssl=1&resize=1050%2C600 3x"},"classes":[]},{"id":60453,"url":"https:\/\/noticiasribeiraopreto.com.br\/index.php\/2024\/11\/14\/identificado-motorista-morto-apos-batida-traseira-em-rodovia-na-regiao-de-ribeirao\/","url_meta":{"origin":80765,"position":4},"title":"Identificado motorista morto ap\u00f3s batida traseira em rodovia na regi\u00e3o de Ribeir\u00e3o","author":"noticiasribeiraopreto.com.br","date":"14 de November de 2024","format":false,"excerpt":"A Pol\u00edcia Civil identificou o motorista de uma caminhonete que morreu nesta quinta-feira (14), ap\u00f3s se envolver em uma batida com um caminh\u00e3o carregado de pedras, na rodovia Jos\u00e9 Fregonezi (SP-328), em Cravinhos, na regi\u00e3o de Ribeir\u00e3o Preto.\u00a0 Segundo o boletim de ocorr\u00eancia (BO), Adriano Conte seguia com o ve\u00edculo\u2026","rel":"","context":"In &quot;Not\u00edcias de Ribeir\u00e3o Preto-SP e Regi\u00e3o&quot;","block_context":{"text":"Not\u00edcias de Ribeir\u00e3o Preto-SP e Regi\u00e3o","link":"https:\/\/noticiasribeiraopreto.com.br\/index.php\/category\/noticias-de-ribeirao-preto-sp-e-regiao-ismael-colosi\/"},"img":{"alt_text":"","src":"https:\/\/i0.wp.com\/noticiasribeiraopreto.com.br\/wp-content\/uploads\/2024\/11\/ACIDENTE_2024-11-14_15-07-32_jpg_2024-11-14_15-07-33.webp.webp?fit=1200%2C780&ssl=1&resize=350%2C200","width":350,"height":200,"srcset":"https:\/\/i0.wp.com\/noticiasribeiraopreto.com.br\/wp-content\/uploads\/2024\/11\/ACIDENTE_2024-11-14_15-07-32_jpg_2024-11-14_15-07-33.webp.webp?fit=1200%2C780&ssl=1&resize=350%2C200 1x, https:\/\/i0.wp.com\/noticiasribeiraopreto.com.br\/wp-content\/uploads\/2024\/11\/ACIDENTE_2024-11-14_15-07-32_jpg_2024-11-14_15-07-33.webp.webp?fit=1200%2C780&ssl=1&resize=525%2C300 1.5x, https:\/\/i0.wp.com\/noticiasribeiraopreto.com.br\/wp-content\/uploads\/2024\/11\/ACIDENTE_2024-11-14_15-07-32_jpg_2024-11-14_15-07-33.webp.webp?fit=1200%2C780&ssl=1&resize=700%2C400 2x, https:\/\/i0.wp.com\/noticiasribeiraopreto.com.br\/wp-content\/uploads\/2024\/11\/ACIDENTE_2024-11-14_15-07-32_jpg_2024-11-14_15-07-33.webp.webp?fit=1200%2C780&ssl=1&resize=1050%2C600 3x"},"classes":[]},{"id":84515,"url":"https:\/\/noticiasribeiraopreto.com.br\/index.php\/2026\/04\/10\/motorista-morre-apos-colisao-entre-dois-caminhoes-em-rodovia-da-regiao\/","url_meta":{"origin":80765,"position":5},"title":"Motorista morre ap\u00f3s colis\u00e3o entre dois caminh\u00f5es em rodovia da regi\u00e3o","author":"noticiasribeiraopreto.com.br","date":"10 de April de 2026","format":false,"excerpt":"Ler o resumo da not\u00edcia Motorista morreu em colis\u00e3o entre dois caminh\u00f5es na rodovia Laurentino Mascari, em Taquaritinga (SP), na tarde desta sexta-feira (10). Condutor de caminh\u00e3o branco perdeu o controle ap\u00f3s dormir ao volante e atingiu a lateral de um caminh\u00e3o preto no sentido oposto. O passageiro do caminh\u00e3o\u2026","rel":"","context":"In &quot;Not\u00edcias de Ribeir\u00e3o Preto-SP e Regi\u00e3o&quot;","block_context":{"text":"Not\u00edcias de Ribeir\u00e3o Preto-SP e Regi\u00e3o","link":"https:\/\/noticiasribeiraopreto.com.br\/index.php\/category\/noticias-de-ribeirao-preto-sp-e-regiao-ismael-colosi\/"},"img":{"alt_text":"","src":"https:\/\/i0.wp.com\/noticiasribeiraopreto.com.br\/wp-content\/uploads\/2026\/04\/030911d9-d2f5-4c7a-8495-ad2559c94125_2026-04-10_18-59-43.webp.webp?fit=704%2C576&ssl=1&resize=350%2C200","width":350,"height":200,"srcset":"https:\/\/i0.wp.com\/noticiasribeiraopreto.com.br\/wp-content\/uploads\/2026\/04\/030911d9-d2f5-4c7a-8495-ad2559c94125_2026-04-10_18-59-43.webp.webp?fit=704%2C576&ssl=1&resize=350%2C200 1x, https:\/\/i0.wp.com\/noticiasribeiraopreto.com.br\/wp-content\/uploads\/2026\/04\/030911d9-d2f5-4c7a-8495-ad2559c94125_2026-04-10_18-59-43.webp.webp?fit=704%2C576&ssl=1&resize=525%2C300 1.5x, https:\/\/i0.wp.com\/noticiasribeiraopreto.com.br\/wp-content\/uploads\/2026\/04\/030911d9-d2f5-4c7a-8495-ad2559c94125_2026-04-10_18-59-43.webp.webp?fit=704%2C576&ssl=1&resize=700%2C400 2x"},"classes":[]}],"jetpack_sharing_enabled":true,"jetpack_shortlink":"https:\/\/wp.me\/peQAOb-l0F","_links":{"self":[{"href":"https:\/\/noticiasribeiraopreto.com.br\/index.php\/wp-json\/wp\/v2\/posts\/80765","targetHints":{"allow":["GET"]}}],"collection":[{"href":"https:\/\/noticiasribeiraopreto.com.br\/index.php\/wp-json\/wp\/v2\/posts"}],"about":[{"href":"https:\/\/noticiasribeiraopreto.com.br\/index.php\/wp-json\/wp\/v2\/types\/post"}],"author":[{"embeddable":true,"href":"https:\/\/noticiasribeiraopreto.com.br\/index.php\/wp-json\/wp\/v2\/users\/1"}],"replies":[{"embeddable":true,"href":"https:\/\/noticiasribeiraopreto.com.br\/index.php\/wp-json\/wp\/v2\/comments?post=80765"}],"version-history":[{"count":0,"href":"https:\/\/noticiasribeiraopreto.com.br\/index.php\/wp-json\/wp\/v2\/posts\/80765\/revisions"}],"wp:featuredmedia":[{"embeddable":true,"href":"https:\/\/noticiasribeiraopreto.com.br\/index.php\/wp-json\/wp\/v2\/media\/80766"}],"wp:attachment":[{"href":"https:\/\/noticiasribeiraopreto.com.br\/index.php\/wp-json\/wp\/v2\/media?parent=80765"}],"wp:term":[{"taxonomy":"category","embeddable":true,"href":"https:\/\/noticiasribeiraopreto.com.br\/index.php\/wp-json\/wp\/v2\/categories?post=80765"},{"taxonomy":"post_tag","embeddable":true,"href":"https:\/\/noticiasribeiraopreto.com.br\/index.php\/wp-json\/wp\/v2\/tags?post=80765"}],"curies":[{"name":"wp","href":"https:\/\/api.w.org\/{rel}","templated":true}]}}