{"id":80767,"date":"2025-12-13T06:14:06","date_gmt":"2025-12-13T09:14:06","guid":{"rendered":"https:\/\/noticiasribeiraopreto.com.br\/index.php\/2025\/12\/13\/policia-prende-dois-e-acaba-com-delivery-de-drogas-que-tinha-ate-cardapio-em-ribeirao-preto\/"},"modified":"2025-12-13T06:14:06","modified_gmt":"2025-12-13T09:14:06","slug":"policia-prende-dois-e-acaba-com-delivery-de-drogas-que-tinha-ate-cardapio-em-ribeirao-preto","status":"publish","type":"post","link":"https:\/\/noticiasribeiraopreto.com.br\/index.php\/2025\/12\/13\/policia-prende-dois-e-acaba-com-delivery-de-drogas-que-tinha-ate-cardapio-em-ribeirao-preto\/","title":{"rendered":"Pol\u00edcia prende dois e acaba com delivery de drogas que tinha at\u00e9 card\u00e1pio em Ribeir\u00e3o Preto"},"content":{"rendered":"<div class='code-block code-block-1' style='margin: 8px 0 8px auto; text-align: right; display: block; clear: both;'>\n<p><a href=\"https:\/\/wa.link\/vpicfd\"><img data-recalc-dims=\"1\" class=\"wp-image-4922\" style=\"aspect-ratio: 2.0253164556962027; width: 561px; height: auto;\" src=\"https:\/\/i0.wp.com\/ismaelcolosi.com.br\/wp-content\/uploads\/2023\/11\/grupo-de-empregos-whatsapp-e-facebook-ismael-colosi-vagas.jpg?ssl=1\" alt=\"\" \/><\/a><\/p>\n<!-- \/wp:image -->\n<\/div>\n<p> <br \/>\n<\/p>\n<div>\n<p><strong>A Pol\u00edcia Civil prendeu dois homens nesta quinta-feira (11) suspeitos de tr\u00e1fico de drogas e atuar com entrega de\u00a0entorpecentes em domic\u00edlio, em Ribeir\u00e3o Preto.<\/strong><\/p>\n<p>Segundo o <strong>boletim de ocorr\u00eancia (BO)<\/strong>, <mark style=\"background-color:#fcb900\" class=\"has-inline-color has-black-color\">a dupla, de 25 anos e 46 anos, \u00e9 a apontada por atuar em um esquema de venda de drogas via WhatsApp, com entregas em domic\u00edlio em um carro\u00a0Ford Ka branco e at\u00e9 a utilizar uma tabela com pre\u00e7o, quantidade e qualidade, enviada como \u201ccard\u00e1pio do dia\u201d.<\/mark><\/p>\n<p>Parte da droga foi encontrada no carro com um dos suspeitos, na Jardim Nova Alian\u00e7a Sul, zona Sul da cidade, e outra em um apartamento na Ch\u00e1caras H\u00edpica, com o outro suspeito.<\/p>\n<p>No im\u00f3vel a pol\u00edcia disse ter encontrado por\u00e7\u00f5es de maconha, de Tusi, conhecida como \u201ccoca\u00edna rosa\u201d, coca\u00edna branca, ice, 243 comprimidos de ecstasy, 12 ampolas de subst\u00e2ncia l\u00edquida, balan\u00e7a de precis\u00e3o, saquinhos para embalagem e R$ 2.210,00 em dinheiro. Um grama da Tusi custa aproximante R$ 100, de acordo com a pol\u00edcia.<\/p>\n<p>O motorista do carro disse que apenas realizava o transporte das drogas para o morador do apartamento, que seria a pessoa que havia lhe entregado um pacote momentos antes na rua Antenor de Sousa. No pacote, a pol\u00edcia afirma que havia drogas para entrega.<\/p>\n<p>O caso foi na 2\u00aa\u00a0Delegacia de Investiga\u00e7\u00f5es sobre\u00a0Entorpecentes\u00a0(Dise) como flagrante de tr\u00e1fico drogas e associa\u00e7\u00e3o para o tr\u00e1fico.<\/p>\n<figure class=\"wp-block-image\"><img data-recalc-dims=\"1\" fetchpriority=\"high\" decoding=\"async\" width=\"898\" height=\"830\" src=\"https:\/\/i0.wp.com\/cdn.media-acidadeon.com.br\/ribeiraopreto\/wp-content\/uploads\/sites\/3\/2025\/12\/WhatsApp-Image-2025-12-11-at-18.46.56_2025-12-12_15-15-31-e1765552562587.webp?resize=898%2C830&#038;ssl=1\" alt=\"drogas\" class=\"wp-image-139186\" title=\"Pol\u00edcia prende dois e acaba com delivery de drogas que tinha at\u00e9 card\u00e1pio em Ribeir\u00e3o Preto 1\" srcset=\"https:\/\/cdn.media-acidadeon.com.br\/ribeiraopreto\/wp-content\/uploads\/sites\/3\/2025\/12\/WhatsApp-Image-2025-12-11-at-18.46.56_2025-12-12_15-15-31-e1765552562587.webp 898w, https:\/\/cdn.media-acidadeon.com.br\/ribeiraopreto\/wp-content\/uploads\/sites\/3\/2025\/12\/WhatsApp-Image-2025-12-11-at-18.46.56_2025-12-12_15-15-31-e1765552562587-300x277.webp 300w, https:\/\/cdn.media-acidadeon.com.br\/ribeiraopreto\/wp-content\/uploads\/sites\/3\/2025\/12\/WhatsApp-Image-2025-12-11-at-18.46.56_2025-12-12_15-15-31-e1765552562587-768x710.webp 768w, https:\/\/cdn.media-acidadeon.com.br\/ribeiraopreto\/wp-content\/uploads\/sites\/3\/2025\/12\/WhatsApp-Image-2025-12-11-at-18.46.56_2025-12-12_15-15-31-e1765552562587-696x643.webp 696w\" sizes=\"(max-width: 898px) 100vw, 898px\"\/><figcaption class=\"wp-element-caption\">Drogas foram apreendidas nesta quinta-feira (11) \u2013 Foto: Divulga\u00e7\u00e3o \/ Pol\u00edcia Civil<\/figcaption><\/figure>\n<p>SAIBA MAIS<\/p>\n<p>Homem \u00e9 socorrido ap\u00f3s sofrer queda e bater a cabe\u00e7a no cal\u00e7ad\u00e3o de Ribeir\u00e3o<\/p>\n<h2 class=\"wp-block-heading\"><strong>FIQUE ON<\/strong><\/h2>\n<p>Fique ligado em tudo que acontece em Ribeir\u00e3o Preto e regi\u00e3o. Siga os perfis do<strong>\u00a0acidade on\u00a0<\/strong>no\u00a0<a href=\"https:\/\/www.instagram.com\/acidadeonribeirao\" target=\"_blank\" rel=\"noreferrer noopener\">Instagram\u00a0<\/a>e no<a href=\"https:\/\/www.facebook.com\/acidadeonribeirao\/\" target=\"_blank\" rel=\"noreferrer noopener\">\u00a0Facebook.<\/a><\/p>\n<p>Receba not\u00edcias do\u00a0<strong>acidade on<\/strong>\u00a0no WhatsApp. Para entrar no grupo,\u00a0basta\u00a0<a href=\"https:\/\/chat.whatsapp.com\/GFH9HUMUTHNFJdnyEd0xxq\" target=\"_blank\" rel=\"noreferrer noopener\">clicar aqui<\/a>. Ou, acesse o nosso\u00a0Canal\u00a0<a href=\"https:\/\/whatsapp.com\/channel\/0029Vb6IQl1JENyAeS57fk2p\" target=\"_blank\" rel=\"noreferrer noopener\">clicando aqui<\/a>.<\/p>\n<p>Fa\u00e7a uma den\u00fancia ou sugira uma reportagem sobre Ribeir\u00e3o Preto e regi\u00e3o pelo WhatsApp: 16 99117 7802.<\/p>\n<p>VEJA TAMB\u00c9M<\/p>\n<p>Como fazer crunch cake?<\/p>\n<p><!-- AI CONTENT END 1 -->\n<\/div>\n<p><script async src=\"\/\/www.instagram.com\/embed.js\"><\/script><br \/>\n<br \/><br \/>\n<br \/><a href=\"https:\/\/www.acidadeon.com\/ribeiraopreto\/cotidiano\/policia-prende-dois-e-acaba-com-delivery-de-drogas-que-tinha-ate-cardapio-em-ribeirao-preto\/\">Source link <\/a><\/p>\n<!-- CONTENT END 1 -->\n","protected":false},"excerpt":{"rendered":"<p>A Pol\u00edcia Civil prendeu dois homens nesta quinta-feira (11) suspeitos de tr\u00e1fico de drogas e atuar com entrega de\u00a0entorpecentes em domic\u00edlio, em Ribeir\u00e3o Preto. Segundo&#8230;<\/p>\n","protected":false},"author":1,"featured_media":80768,"comment_status":"open","ping_status":"open","sticky":false,"template":"","format":"standard","meta":{"advanced_seo_description":"","jetpack_seo_html_title":"","jetpack_seo_noindex":false,"jetpack_post_was_ever_published":false,"_jetpack_newsletter_access":"","_jetpack_dont_email_post_to_subs":false,"_jetpack_newsletter_tier_id":0,"_jetpack_memberships_contains_paywalled_content":false,"_jetpack_memberships_contains_paid_content":false,"footnotes":"","jetpack_publicize_message":"","jetpack_publicize_feature_enabled":true,"jetpack_social_post_already_shared":true,"jetpack_social_options":{"image_generator_settings":{"template":"highway","default_image_id":0,"font":"","enabled":false},"version":2}},"categories":[11],"tags":[],"class_list":["post-80767","post","type-post","status-publish","format-standard","has-post-thumbnail","hentry","category-noticias-de-ribeirao-preto-sp-e-regiao-ismael-colosi"],"jetpack_publicize_connections":[],"jetpack_featured_media_url":"https:\/\/i0.wp.com\/noticiasribeiraopreto.com.br\/wp-content\/uploads\/2025\/12\/cardapio-delivery_2025-12-12_15-16-01.webp.webp?fit=1200%2C675&ssl=1","jetpack-related-posts":[{"id":80743,"url":"https:\/\/noticiasribeiraopreto.com.br\/index.php\/2025\/12\/12\/preso-traficante-que-usava-cardapio-do-dia\/","url_meta":{"origin":80767,"position":0},"title":"Preso traficante que usava \u2018Card\u00e1pio do Dia\u2019","author":"noticiasribeiraopreto.com.br","date":"12 de December de 2025","format":false,"excerpt":"\r Homem fomentava delivery que entregava drogas convencionais e sint\u00e9ticas, inclusive por\u00e7\u00f5es de Tusei, conhecida por \u2018coca\u00edna rosa\u2019\r \r 12 de dezembro de 2025 12:07 \r Compartilhar1 Por: Adalberto Luque \u2013 Ap\u00f3s um trabalho de investiga\u00e7\u00e3o, dois homens foram presos, nesta quinta-feira (11), suspeitos de operarem um esquema de \u201cdelivery\u201d\u2026","rel":"","context":"In &quot;Not\u00edcias de Ribeir\u00e3o Preto-SP e Regi\u00e3o&quot;","block_context":{"text":"Not\u00edcias de Ribeir\u00e3o Preto-SP e Regi\u00e3o","link":"https:\/\/noticiasribeiraopreto.com.br\/index.php\/category\/noticias-de-ribeirao-preto-sp-e-regiao-ismael-colosi\/"},"img":{"alt_text":"","src":"https:\/\/i0.wp.com\/noticiasribeiraopreto.com.br\/wp-content\/uploads\/2025\/12\/12-dez-2025-deliverydroga2-scaled.jpg?fit=1194%2C780&ssl=1&resize=350%2C200","width":350,"height":200,"srcset":"https:\/\/i0.wp.com\/noticiasribeiraopreto.com.br\/wp-content\/uploads\/2025\/12\/12-dez-2025-deliverydroga2-scaled.jpg?fit=1194%2C780&ssl=1&resize=350%2C200 1x, https:\/\/i0.wp.com\/noticiasribeiraopreto.com.br\/wp-content\/uploads\/2025\/12\/12-dez-2025-deliverydroga2-scaled.jpg?fit=1194%2C780&ssl=1&resize=525%2C300 1.5x, https:\/\/i0.wp.com\/noticiasribeiraopreto.com.br\/wp-content\/uploads\/2025\/12\/12-dez-2025-deliverydroga2-scaled.jpg?fit=1194%2C780&ssl=1&resize=700%2C400 2x, https:\/\/i0.wp.com\/noticiasribeiraopreto.com.br\/wp-content\/uploads\/2025\/12\/12-dez-2025-deliverydroga2-scaled.jpg?fit=1194%2C780&ssl=1&resize=1050%2C600 3x"},"classes":[]},{"id":8079,"url":"https:\/\/noticiasribeiraopreto.com.br\/index.php\/2023\/11\/29\/gcm-encontra-drogas-em-churrasqueira\/","url_meta":{"origin":80767,"position":1},"title":"GCM encontra drogas em \u201cchurrasqueira\u201d","author":"noticiasribeiraopreto.com.br","date":"29 de November de 2023","format":false,"excerpt":"Ap\u00f3s perseguir suspeito que conseguiu fugir, unidade do Canil vasculhou terreno e encontrou drogas escondidas 29 de novembro de 2023 | 12:15 0Por: Adalberto LuqueEm uma a\u00e7\u00e3o conjunta entre a Romu e o Canil, ambos da Guarda Civil Metropolitana (GCM) de Ribeir\u00e3o Preto, os agentes localizaram tijolos de maconha, por\u00e7\u00f5es\u2026","rel":"","context":"In &quot;Not\u00edcias de Ribeir\u00e3o Preto-SP e Regi\u00e3o&quot;","block_context":{"text":"Not\u00edcias de Ribeir\u00e3o Preto-SP e Regi\u00e3o","link":"https:\/\/noticiasribeiraopreto.com.br\/index.php\/category\/noticias-de-ribeirao-preto-sp-e-regiao-ismael-colosi\/"},"img":{"alt_text":"","src":"https:\/\/i0.wp.com\/noticiasribeiraopreto.com.br\/wp-content\/uploads\/2023\/11\/gcm-pequena-1.jpg?fit=822%2C525&ssl=1&resize=350%2C200","width":350,"height":200,"srcset":"https:\/\/i0.wp.com\/noticiasribeiraopreto.com.br\/wp-content\/uploads\/2023\/11\/gcm-pequena-1.jpg?fit=822%2C525&ssl=1&resize=350%2C200 1x, https:\/\/i0.wp.com\/noticiasribeiraopreto.com.br\/wp-content\/uploads\/2023\/11\/gcm-pequena-1.jpg?fit=822%2C525&ssl=1&resize=525%2C300 1.5x, https:\/\/i0.wp.com\/noticiasribeiraopreto.com.br\/wp-content\/uploads\/2023\/11\/gcm-pequena-1.jpg?fit=822%2C525&ssl=1&resize=700%2C400 2x"},"classes":[]},{"id":38768,"url":"https:\/\/noticiasribeiraopreto.com.br\/index.php\/2024\/02\/21\/apos-denuncia-pm-prende-empresario-por-trafico-de-drogas-em-ribeirao\/","url_meta":{"origin":80767,"position":2},"title":"Ap\u00f3s den\u00fancia, PM prende empres\u00e1rio por tr\u00e1fico de drogas em Ribeir\u00e3o","author":"noticiasribeiraopreto.com.br","date":"21 de February de 2024","format":false,"excerpt":"Um empres\u00e1rio de 46 anos foi preso nesta ter\u00e7a-feira (20), suspeito de tr\u00e1fico de drogas no bairro Adelino Simioni, zona Norte de Ribeir\u00e3o Preto. Segundo o boletim de ocorr\u00eancia (BO), a PM (Pol\u00edcia Militar) recebeu den\u00fancia e abordou o homem em um carro em frente a uma casa, onde funciona\u2026","rel":"","context":"In &quot;Not\u00edcias de Ribeir\u00e3o Preto-SP e Regi\u00e3o&quot;","block_context":{"text":"Not\u00edcias de Ribeir\u00e3o Preto-SP e Regi\u00e3o","link":"https:\/\/noticiasribeiraopreto.com.br\/index.php\/category\/noticias-de-ribeirao-preto-sp-e-regiao-ismael-colosi\/"},"img":{"alt_text":"","src":"https:\/\/i0.wp.com\/noticiasribeiraopreto.com.br\/wp-content\/uploads\/2024\/02\/1708539655_policia_qru_1024x576_05012021161940.jpg?fit=1024%2C576&ssl=1&resize=350%2C200","width":350,"height":200,"srcset":"https:\/\/i0.wp.com\/noticiasribeiraopreto.com.br\/wp-content\/uploads\/2024\/02\/1708539655_policia_qru_1024x576_05012021161940.jpg?fit=1024%2C576&ssl=1&resize=350%2C200 1x, https:\/\/i0.wp.com\/noticiasribeiraopreto.com.br\/wp-content\/uploads\/2024\/02\/1708539655_policia_qru_1024x576_05012021161940.jpg?fit=1024%2C576&ssl=1&resize=525%2C300 1.5x, https:\/\/i0.wp.com\/noticiasribeiraopreto.com.br\/wp-content\/uploads\/2024\/02\/1708539655_policia_qru_1024x576_05012021161940.jpg?fit=1024%2C576&ssl=1&resize=700%2C400 2x"},"classes":[]},{"id":71141,"url":"https:\/\/noticiasribeiraopreto.com.br\/index.php\/2025\/06\/03\/video-pm-apreende-30-kg-de-drogas\/","url_meta":{"origin":80767,"position":3},"title":"V\u00cdDEO &#8211; PM apreende 30 kg de drogas","author":"noticiasribeiraopreto.com.br","date":"3 de June de 2025","format":false,"excerpt":"Policiais apreenderam quase 30 quilos de drogas, entre crack e coca\u00edna, al\u00e9m de R$ 14 mil em esp\u00e9cie 3 de junho de 2025 06:583 de junho de 2025 07:2420 Compartilhar3 Por: Adalberto Luque Um homem foi preso, no in\u00edcio da noite desta segunda-feira (2) e teve um enorme preju\u00edzo causado\u2026","rel":"","context":"In &quot;Not\u00edcias de Ribeir\u00e3o Preto-SP e Regi\u00e3o&quot;","block_context":{"text":"Not\u00edcias de Ribeir\u00e3o Preto-SP e Regi\u00e3o","link":"https:\/\/noticiasribeiraopreto.com.br\/index.php\/category\/noticias-de-ribeirao-preto-sp-e-regiao-ismael-colosi\/"},"img":{"alt_text":"","src":"https:\/\/i0.wp.com\/noticiasribeiraopreto.com.br\/wp-content\/uploads\/2025\/06\/1748946625_maxresdefault.jpg?fit=1200%2C675&ssl=1&resize=350%2C200","width":350,"height":200,"srcset":"https:\/\/i0.wp.com\/noticiasribeiraopreto.com.br\/wp-content\/uploads\/2025\/06\/1748946625_maxresdefault.jpg?fit=1200%2C675&ssl=1&resize=350%2C200 1x, https:\/\/i0.wp.com\/noticiasribeiraopreto.com.br\/wp-content\/uploads\/2025\/06\/1748946625_maxresdefault.jpg?fit=1200%2C675&ssl=1&resize=525%2C300 1.5x, https:\/\/i0.wp.com\/noticiasribeiraopreto.com.br\/wp-content\/uploads\/2025\/06\/1748946625_maxresdefault.jpg?fit=1200%2C675&ssl=1&resize=700%2C400 2x, https:\/\/i0.wp.com\/noticiasribeiraopreto.com.br\/wp-content\/uploads\/2025\/06\/1748946625_maxresdefault.jpg?fit=1200%2C675&ssl=1&resize=1050%2C600 3x"},"classes":[]},{"id":83653,"url":"https:\/\/noticiasribeiraopreto.com.br\/index.php\/2026\/03\/23\/policia-apreende-pasta-base-de-cocaina-e-prende-motociclista-apos-perseguicao-em-rodovia\/","url_meta":{"origin":80767,"position":4},"title":"Pol\u00edcia apreende pasta base de coca\u00edna e prende motociclista ap\u00f3s persegui\u00e7\u00e3o em rodovia","author":"noticiasribeiraopreto.com.br","date":"23 de March de 2026","format":false,"excerpt":"A PMP (Pol\u00edcia Militar Rodovi\u00e1ria) apreendeu pasta base de coca\u00edna e prendeu um motociclista suspeito de tr\u00e1fico de drogas na noite de s\u00e1bado (21), na rodovia Attilio Balbo (SP-322), em Sert\u00e3ozinho, na regi\u00e3o de Ribeir\u00e3o Preto. Segundo a pol\u00edcia, os agentes realizavam a Opera\u00e7\u00e3o Dire\u00e7\u00e3o Segura Integrada, quando deram ordem\u2026","rel":"","context":"In &quot;Not\u00edcias de Ribeir\u00e3o Preto-SP e Regi\u00e3o&quot;","block_context":{"text":"Not\u00edcias de Ribeir\u00e3o Preto-SP e Regi\u00e3o","link":"https:\/\/noticiasribeiraopreto.com.br\/index.php\/category\/noticias-de-ribeirao-preto-sp-e-regiao-ismael-colosi\/"},"img":{"alt_text":"","src":"https:\/\/i0.wp.com\/noticiasribeiraopreto.com.br\/wp-content\/uploads\/2026\/03\/POLICIA_2026-03-23_15-37-58.webp.webp?fit=1200%2C1001&ssl=1&resize=350%2C200","width":350,"height":200,"srcset":"https:\/\/i0.wp.com\/noticiasribeiraopreto.com.br\/wp-content\/uploads\/2026\/03\/POLICIA_2026-03-23_15-37-58.webp.webp?fit=1200%2C1001&ssl=1&resize=350%2C200 1x, https:\/\/i0.wp.com\/noticiasribeiraopreto.com.br\/wp-content\/uploads\/2026\/03\/POLICIA_2026-03-23_15-37-58.webp.webp?fit=1200%2C1001&ssl=1&resize=525%2C300 1.5x, https:\/\/i0.wp.com\/noticiasribeiraopreto.com.br\/wp-content\/uploads\/2026\/03\/POLICIA_2026-03-23_15-37-58.webp.webp?fit=1200%2C1001&ssl=1&resize=700%2C400 2x, https:\/\/i0.wp.com\/noticiasribeiraopreto.com.br\/wp-content\/uploads\/2026\/03\/POLICIA_2026-03-23_15-37-58.webp.webp?fit=1200%2C1001&ssl=1&resize=1050%2C600 3x"},"classes":[]},{"id":71137,"url":"https:\/\/noticiasribeiraopreto.com.br\/index.php\/2025\/06\/03\/video-pm-causa-desfalque-a-traficante-magnata\/","url_meta":{"origin":80767,"position":5},"title":"V\u00cdDEO &#8211; PM causa desfalque a traficante magnata","author":"noticiasribeiraopreto.com.br","date":"3 de June de 2025","format":false,"excerpt":"Policiais apreenderam quase 30 quilos de drogas, entre crack e coca\u00edna, al\u00e9m de R$ 14 mil em esp\u00e9cie 3 de junho de 2025 06:583 de junho de 2025 06:595 Compartilhar1 Por: Adalberto Luque Um homem foi preso, no in\u00edcio da noite desta segunda-feira (2) e teve um enorme preju\u00edzo causado\u2026","rel":"","context":"In &quot;Not\u00edcias de Ribeir\u00e3o Preto-SP e Regi\u00e3o&quot;","block_context":{"text":"Not\u00edcias de Ribeir\u00e3o Preto-SP e Regi\u00e3o","link":"https:\/\/noticiasribeiraopreto.com.br\/index.php\/category\/noticias-de-ribeirao-preto-sp-e-regiao-ismael-colosi\/"},"img":{"alt_text":"","src":"https:\/\/i0.wp.com\/noticiasribeiraopreto.com.br\/wp-content\/uploads\/2025\/06\/1748944894_maxresdefault.jpg?fit=1200%2C675&ssl=1&resize=350%2C200","width":350,"height":200,"srcset":"https:\/\/i0.wp.com\/noticiasribeiraopreto.com.br\/wp-content\/uploads\/2025\/06\/1748944894_maxresdefault.jpg?fit=1200%2C675&ssl=1&resize=350%2C200 1x, https:\/\/i0.wp.com\/noticiasribeiraopreto.com.br\/wp-content\/uploads\/2025\/06\/1748944894_maxresdefault.jpg?fit=1200%2C675&ssl=1&resize=525%2C300 1.5x, https:\/\/i0.wp.com\/noticiasribeiraopreto.com.br\/wp-content\/uploads\/2025\/06\/1748944894_maxresdefault.jpg?fit=1200%2C675&ssl=1&resize=700%2C400 2x, https:\/\/i0.wp.com\/noticiasribeiraopreto.com.br\/wp-content\/uploads\/2025\/06\/1748944894_maxresdefault.jpg?fit=1200%2C675&ssl=1&resize=1050%2C600 3x"},"classes":[]}],"jetpack_sharing_enabled":true,"jetpack_shortlink":"https:\/\/wp.me\/peQAOb-l0H","_links":{"self":[{"href":"https:\/\/noticiasribeiraopreto.com.br\/index.php\/wp-json\/wp\/v2\/posts\/80767","targetHints":{"allow":["GET"]}}],"collection":[{"href":"https:\/\/noticiasribeiraopreto.com.br\/index.php\/wp-json\/wp\/v2\/posts"}],"about":[{"href":"https:\/\/noticiasribeiraopreto.com.br\/index.php\/wp-json\/wp\/v2\/types\/post"}],"author":[{"embeddable":true,"href":"https:\/\/noticiasribeiraopreto.com.br\/index.php\/wp-json\/wp\/v2\/users\/1"}],"replies":[{"embeddable":true,"href":"https:\/\/noticiasribeiraopreto.com.br\/index.php\/wp-json\/wp\/v2\/comments?post=80767"}],"version-history":[{"count":0,"href":"https:\/\/noticiasribeiraopreto.com.br\/index.php\/wp-json\/wp\/v2\/posts\/80767\/revisions"}],"wp:featuredmedia":[{"embeddable":true,"href":"https:\/\/noticiasribeiraopreto.com.br\/index.php\/wp-json\/wp\/v2\/media\/80768"}],"wp:attachment":[{"href":"https:\/\/noticiasribeiraopreto.com.br\/index.php\/wp-json\/wp\/v2\/media?parent=80767"}],"wp:term":[{"taxonomy":"category","embeddable":true,"href":"https:\/\/noticiasribeiraopreto.com.br\/index.php\/wp-json\/wp\/v2\/categories?post=80767"},{"taxonomy":"post_tag","embeddable":true,"href":"https:\/\/noticiasribeiraopreto.com.br\/index.php\/wp-json\/wp\/v2\/tags?post=80767"}],"curies":[{"name":"wp","href":"https:\/\/api.w.org\/{rel}","templated":true}]}}