{"id":80769,"date":"2025-12-13T06:21:12","date_gmt":"2025-12-13T09:21:12","guid":{"rendered":"https:\/\/noticiasribeiraopreto.com.br\/index.php\/2025\/12\/13\/cravinhos-passa-a-usar-cep-individual-por-rua-e-atualiza-codigos-postais\/"},"modified":"2025-12-13T06:21:12","modified_gmt":"2025-12-13T09:21:12","slug":"cravinhos-passa-a-usar-cep-individual-por-rua-e-atualiza-codigos-postais","status":"publish","type":"post","link":"https:\/\/noticiasribeiraopreto.com.br\/index.php\/2025\/12\/13\/cravinhos-passa-a-usar-cep-individual-por-rua-e-atualiza-codigos-postais\/","title":{"rendered":"Cravinhos passa a usar CEP individual por rua e atualiza c\u00f3digos postais"},"content":{"rendered":"<div class='code-block code-block-1' style='margin: 8px 0 8px auto; text-align: right; display: block; clear: both;'>\n<p><a href=\"https:\/\/wa.link\/vpicfd\"><img data-recalc-dims=\"1\" class=\"wp-image-4922\" style=\"aspect-ratio: 2.0253164556962027; width: 561px; height: auto;\" src=\"https:\/\/i0.wp.com\/ismaelcolosi.com.br\/wp-content\/uploads\/2023\/11\/grupo-de-empregos-whatsapp-e-facebook-ismael-colosi-vagas.jpg?ssl=1\" alt=\"\" \/><\/a><\/p>\n<!-- \/wp:image -->\n<\/div>\n<p> <br \/>\n<\/p>\n<div>\n<p>Seis cidades do interior de S\u00e3o Paulo come\u00e7am a usar <strong>CEP por logradouro<\/strong> a partir da pr\u00f3xima segunda-feira (15). A mudan\u00e7a inclui <strong>Cravinhos<\/strong>, na regi\u00e3o de Ribeir\u00e3o Preto, que passa a adotar uma nova faixa de c\u00f3digos para identificar individualmente ruas, avenidas, travessas, vielas, alamedas e quadras. <\/p>\n<p>A atualiza\u00e7\u00e3o melhora a precis\u00e3o dos endere\u00e7os e facilita entregas e servi\u00e7os que dependem de confirma\u00e7\u00e3o cadastral.<\/p>\n<p>Em Cravinhos, o CEP geral <strong>14140-000<\/strong> passa a integrar a faixa <strong>14140-000 a 14149-999<\/strong>. \u00c1reas rurais utilizar\u00e3o o c\u00f3digo <strong>14143-899<\/strong>. <\/p>\n<div class=\"wp-block-image\">\n<figure class=\"aligncenter size-large is-resized\"><img data-recalc-dims=\"1\" fetchpriority=\"high\" decoding=\"async\" width=\"1024\" height=\"576\" src=\"https:\/\/i0.wp.com\/cdn.media-acidadeon.com.br\/ribeiraopreto\/wp-content\/uploads\/sites\/3\/2025\/12\/image_2025-12-12_18-20-40-1024x576.webp?resize=1024%2C576&#038;ssl=1\" alt=\"CEP\" class=\"wp-image-139236\" style=\"width:960px;height:auto\" title=\"Cravinhos passa a usar CEP individual por rua e atualiza c\u00f3digos postais 1\" srcset=\"https:\/\/cdn.media-acidadeon.com.br\/ribeiraopreto\/wp-content\/uploads\/sites\/3\/2025\/12\/image_2025-12-12_18-20-40-1024x576.webp 1024w, https:\/\/cdn.media-acidadeon.com.br\/ribeiraopreto\/wp-content\/uploads\/sites\/3\/2025\/12\/image_2025-12-12_18-20-40-300x169.webp 300w, https:\/\/cdn.media-acidadeon.com.br\/ribeiraopreto\/wp-content\/uploads\/sites\/3\/2025\/12\/image_2025-12-12_18-20-40-768x432.webp 768w, https:\/\/cdn.media-acidadeon.com.br\/ribeiraopreto\/wp-content\/uploads\/sites\/3\/2025\/12\/image_2025-12-12_18-20-40-696x392.webp 696w, https:\/\/cdn.media-acidadeon.com.br\/ribeiraopreto\/wp-content\/uploads\/sites\/3\/2025\/12\/image_2025-12-12_18-20-40-1068x601.webp 1068w, https:\/\/cdn.media-acidadeon.com.br\/ribeiraopreto\/wp-content\/uploads\/sites\/3\/2025\/12\/image_2025-12-12_18-20-40.webp 1200w\" sizes=\"(max-width: 1024px) 100vw, 1024px\"\/><\/figure>\n<\/div>\n<p>Vale ressaltar que os <strong>moradores precisam atualizar seus cadastros em bancos<\/strong>, <strong>prestadores de servi\u00e7os<\/strong> e <strong>empresas que utilizam o CEP como elemento de valida\u00e7\u00e3o.<\/strong><\/p>\n<h3 class=\"wp-block-heading\"><strong>Lista de CEP<\/strong><\/h3>\n<p><strong>Cravinhos<\/strong><br \/>\u2022 CEP geral: <strong>14140-000<\/strong><br \/>\u2022 Faixa: <strong>14140-000 a 14149-999<\/strong><br \/>\u2022 CEP rural: <strong>14143-899<\/strong><\/p>\n<p><strong>Natividade da Serra<\/strong><br \/>\u2022 CEP geral: <strong>12180-000<\/strong><br \/>\u2022 Faixa: <strong>12180-000 a 12199-999<\/strong><br \/>\u2022 CEP rural: <strong>12180-899<\/strong><\/p>\n<p><strong>Monteiro Lobato<\/strong><br \/>\u2022 CEP geral: <strong>12250-000<\/strong><br \/>\u2022 Faixa: <strong>12250-000 a 12259-999<\/strong><br \/>\u2022 CEP rural: <strong>12251-899<\/strong><\/p>\n<p><strong>Santa Branca<\/strong><br \/>\u2022 CEP geral: <strong>12380-000<\/strong><br \/>\u2022 Faixa: <strong>12380-000 a 12399-999<\/strong><br \/>\u2022 CEP rural: <strong>12383-899<\/strong><\/p>\n<p><strong>S\u00e3o Bento do Sapuca\u00ed<\/strong><br \/>\u2022 CEP geral: <strong>12490-000<\/strong><br \/>\u2022 Faixa: <strong>12490-000 a 12499-999<\/strong><br \/>\u2022 CEP rural: <strong>12492-899<\/strong><\/p>\n<p><strong>Motuca<\/strong><br \/>\u2022 CEP geral: <strong>14835-000<\/strong><br \/>\u2022 Faixa: <strong>14835-000 a 14839-999<\/strong><br \/>\u2022 CEP rural: <strong>14835-899<\/strong><\/p>\n<p>A nova codifica\u00e7\u00e3o aprimora o sistema de endere\u00e7amento e agiliza o trabalho de empresas que operam conectadas ao banco de dados dos Correios. <strong>Esses sistemas passam a consultar automaticamente os c\u00f3digos atualizados<\/strong>.<\/p>\n<h3 class=\"wp-block-heading\"><strong>Como atualizar?<\/strong><\/h3>\n<p>Os moradores dos seis munic\u00edpios devem conferir o CEP do pr\u00f3prio logradouro e informar o novo c\u00f3digo nos servi\u00e7os onde mant\u00eam cadastro. A consulta estar\u00e1 dispon\u00edvel no site dos Correios, na ferramenta <strong>Busca CEP<\/strong>, a partir de 15 de dezembro \u2013<a href=\"https:\/\/buscacepinter.correios.com.br\/app\/endereco\/index.php?t\" data-type=\"link\" data-id=\"https:\/\/buscacepinter.correios.com.br\/app\/endereco\/index.php?t\" target=\"_blank\" rel=\"noopener\"> clique aqui. <\/a><\/p>\n<hr class=\"wp-block-separator has-alpha-channel-opacity\"\/>\n<p>SAIBA MAIS<br \/>Virada no tempo com risco de temporais; Veja previs\u00e3o para o fim de semana<\/p>\n<h2 class=\"wp-block-heading\"><strong>FIQUE ON<\/strong><\/h2>\n<p>Fique ligado em tudo que acontece em Ribeir\u00e3o Preto e regi\u00e3o. Siga os perfis do<strong>\u00a0acidade on<\/strong>\u00a0no<a href=\"https:\/\/www.instagram.com\/acidadeonribeirao\" target=\"_blank\" rel=\"noreferrer noopener\">\u00a0Instagram\u00a0<\/a>e no\u00a0<a href=\"https:\/\/www.facebook.com\/acidadeonribeirao\/\" target=\"_blank\" rel=\"noreferrer noopener\">Facebook<\/a>.<\/p>\n<p>Receba not\u00edcias do\u00a0<strong>acidade on\u00a0<\/strong>no WhatsApp. Para entrar no grupo,\u00a0basta<a href=\"https:\/\/chat.whatsapp.com\/GFH9HUMUTHNFJdnyEd0xxq\" target=\"_blank\" rel=\"noreferrer noopener\">\u00a0clicar aqui<\/a>. Ou, acesse o nosso\u00a0Canal\u00a0<a href=\"https:\/\/whatsapp.com\/channel\/0029Vb6IQl1JENyAeS57fk2p\" target=\"_blank\" rel=\"noreferrer noopener\">clicando aqui<\/a>.<\/p>\n<p>Fa\u00e7a uma den\u00fancia ou sugira uma reportagem sobre Ribeir\u00e3o Preto e regi\u00e3o pelo WhatsApp: 16 99117 7802.<\/p>\n<p>VEJA TAMB\u00c9M<br \/>Lotof\u00e1cil 3560: sete apostas dividem pr\u00eamio m\u00e1ximo; veja cidades<\/p>\n<p><!-- AI CONTENT END 1 -->\n<\/div>\n<p><script async src=\"\/\/www.instagram.com\/embed.js\"><\/script><br \/>\n<br \/><br \/>\n<br \/><a href=\"https:\/\/www.acidadeon.com\/ribeiraopreto\/cotidiano\/cravinhos-passa-a-usar-cep-individual-por-rua-e-atualiza-codigos-postais\/\">Source link <\/a><\/p>\n<!-- CONTENT END 1 -->\n","protected":false},"excerpt":{"rendered":"<p>Seis cidades do interior de S\u00e3o Paulo come\u00e7am a usar CEP por logradouro a partir da pr\u00f3xima segunda-feira (15). A mudan\u00e7a inclui Cravinhos, na regi\u00e3o&#8230;<\/p>\n","protected":false},"author":1,"featured_media":80770,"comment_status":"open","ping_status":"open","sticky":false,"template":"","format":"standard","meta":{"advanced_seo_description":"","jetpack_seo_html_title":"","jetpack_seo_noindex":false,"jetpack_post_was_ever_published":false,"_jetpack_newsletter_access":"","_jetpack_dont_email_post_to_subs":false,"_jetpack_newsletter_tier_id":0,"_jetpack_memberships_contains_paywalled_content":false,"_jetpack_memberships_contains_paid_content":false,"footnotes":"","jetpack_publicize_message":"","jetpack_publicize_feature_enabled":true,"jetpack_social_post_already_shared":true,"jetpack_social_options":{"image_generator_settings":{"template":"highway","default_image_id":0,"font":"","enabled":false},"version":2}},"categories":[11],"tags":[],"class_list":["post-80769","post","type-post","status-publish","format-standard","has-post-thumbnail","hentry","category-noticias-de-ribeirao-preto-sp-e-regiao-ismael-colosi"],"jetpack_publicize_connections":[],"jetpack_featured_media_url":"https:\/\/i0.wp.com\/noticiasribeiraopreto.com.br\/wp-content\/uploads\/2025\/12\/Copia-de-Copia-de-TAMANHO-EXATO-PARA-FOTOS-NO-SISTEMA-NOVO-33_2024-05-03_18-21-50_jpg_2024-05-03_18-21-50.webp.webp?fit=1200%2C675&ssl=1","jetpack-related-posts":[{"id":64762,"url":"https:\/\/noticiasribeiraopreto.com.br\/index.php\/2025\/03\/12\/jornal-da-franca-correios-vao-implantar-cep-por-rua-em-cristais-paulista-e-sao-joaquim-da-barra\/","url_meta":{"origin":80769,"position":0},"title":"Jornal da Franca &#8211; Correios v\u00e3o implantar CEP por rua em Cristais Paulista e S\u00e3o Joaquim da Barra","author":"noticiasribeiraopreto.com.br","date":"12 de March de 2025","format":false,"excerpt":"A partir desta sexta-feira, 14\/03\/2025, as localidades de Cristais Paulista, Brodowski e S\u00e3o Joaquim da Barra contar\u00e3o com C\u00f3digo de Endere\u00e7amento Postal \u2013 CEP por logradouro. Cada quadra, rua, alameda, viela, avenida e travessa passar\u00e1 a ter CEP individual, todos codificados dentro da faixa de CEP, conforme tabela abaixo: Orienta\u00e7\u00e3o\u2026","rel":"","context":"In &quot;Not\u00edcias de Franca-SP&quot;","block_context":{"text":"Not\u00edcias de Franca-SP","link":"https:\/\/noticiasribeiraopreto.com.br\/index.php\/category\/noticias-de-ribeirao-preto-sp-e-regiao-ismael-colosi\/noticias-franca-sp\/"},"img":{"alt_text":"","src":"https:\/\/i0.wp.com\/noticiasribeiraopreto.com.br\/wp-content\/uploads\/2025\/03\/carteiro_0.jpeg?fit=880%2C550&ssl=1&resize=350%2C200","width":350,"height":200,"srcset":"https:\/\/i0.wp.com\/noticiasribeiraopreto.com.br\/wp-content\/uploads\/2025\/03\/carteiro_0.jpeg?fit=880%2C550&ssl=1&resize=350%2C200 1x, https:\/\/i0.wp.com\/noticiasribeiraopreto.com.br\/wp-content\/uploads\/2025\/03\/carteiro_0.jpeg?fit=880%2C550&ssl=1&resize=525%2C300 1.5x, https:\/\/i0.wp.com\/noticiasribeiraopreto.com.br\/wp-content\/uploads\/2025\/03\/carteiro_0.jpeg?fit=880%2C550&ssl=1&resize=700%2C400 2x"},"classes":[]},{"id":60523,"url":"https:\/\/noticiasribeiraopreto.com.br\/index.php\/2024\/11\/16\/saiba-o-que-pode-e-nao-pode-na-fuvest-86-mil-candidatos-farao-prova-em-ribeirao-preto\/","url_meta":{"origin":80769,"position":1},"title":"Saiba o que pode e n\u00e3o pode na Fuvest; 8,6 mil candidatos far\u00e3o prova em Ribeir\u00e3o Preto","author":"noticiasribeiraopreto.com.br","date":"16 de November de 2024","format":false,"excerpt":"Acontece neste domingo (17) a prova da primeira fase do Fuvest 2025, principal vestibular de acesso \u00e0 USP (Universidade de S\u00e3o Paulo). Em Ribeir\u00e3o Preto, s\u00e3o 8.631 candidatos inscritos, que prestar\u00e3o as provas em seis locais \u2013 veja abaixo. Os candidatos inscritos podem verificar seus locais designados com seus dados\u2026","rel":"","context":"In &quot;Not\u00edcias de Ribeir\u00e3o Preto-SP e Regi\u00e3o&quot;","block_context":{"text":"Not\u00edcias de Ribeir\u00e3o Preto-SP e Regi\u00e3o","link":"https:\/\/noticiasribeiraopreto.com.br\/index.php\/category\/noticias-de-ribeirao-preto-sp-e-regiao-ismael-colosi\/"},"img":{"alt_text":"","src":"https:\/\/i0.wp.com\/noticiasribeiraopreto.com.br\/wp-content\/uploads\/2024\/11\/usp_ribeirao_500x320_26072019111611.jpg?fit=500%2C322&ssl=1&resize=350%2C200","width":350,"height":200},"classes":[]},{"id":71658,"url":"https:\/\/noticiasribeiraopreto.com.br\/index.php\/2025\/06\/08\/trecho-de-rua-em-ribeirao-preto-passa-a-ter-sentido-unico-de-direcao\/","url_meta":{"origin":80769,"position":2},"title":"Trecho de rua em Ribeir\u00e3o Preto passa a ter sentido \u00fanico de dire\u00e7\u00e3o","author":"noticiasribeiraopreto.com.br","date":"8 de June de 2025","format":false,"excerpt":"Um trecho da rua Olinda, no Jardim Sumar\u00e9, em Ribeir\u00e3o Preto, teve o sentido de dire\u00e7\u00e3o alterado pela RP Mobi na \u00faltima quinta-feira (5). A via passeou a ter sentido \u00fanico e a altera\u00e7\u00e3o aconteceu no trecho a partir da rua Cerqueira C\u00e9sar em dire\u00e7\u00e3o \u00e0 avenida Caramuru. Com essa\u2026","rel":"","context":"In &quot;Not\u00edcias de Ribeir\u00e3o Preto-SP e Regi\u00e3o&quot;","block_context":{"text":"Not\u00edcias de Ribeir\u00e3o Preto-SP e Regi\u00e3o","link":"https:\/\/noticiasribeiraopreto.com.br\/index.php\/category\/noticias-de-ribeirao-preto-sp-e-regiao-ismael-colosi\/"},"img":{"alt_text":"","src":"https:\/\/i0.wp.com\/noticiasribeiraopreto.com.br\/wp-content\/uploads\/2025\/06\/rua-olinda-pare_2025-06-08_19-31-13.webp.webp?fit=1000%2C666&ssl=1&resize=350%2C200","width":350,"height":200,"srcset":"https:\/\/i0.wp.com\/noticiasribeiraopreto.com.br\/wp-content\/uploads\/2025\/06\/rua-olinda-pare_2025-06-08_19-31-13.webp.webp?fit=1000%2C666&ssl=1&resize=350%2C200 1x, https:\/\/i0.wp.com\/noticiasribeiraopreto.com.br\/wp-content\/uploads\/2025\/06\/rua-olinda-pare_2025-06-08_19-31-13.webp.webp?fit=1000%2C666&ssl=1&resize=525%2C300 1.5x, https:\/\/i0.wp.com\/noticiasribeiraopreto.com.br\/wp-content\/uploads\/2025\/06\/rua-olinda-pare_2025-06-08_19-31-13.webp.webp?fit=1000%2C666&ssl=1&resize=700%2C400 2x"},"classes":[]},{"id":72466,"url":"https:\/\/noticiasribeiraopreto.com.br\/index.php\/2025\/06\/17\/trecho-da-anhanguera-passa-por-manutencao-e-tera-interdicao-parcial-veja-ate-quando\/","url_meta":{"origin":80769,"position":3},"title":"Trecho da Anhanguera passa por manuten\u00e7\u00e3o e ter\u00e1 interdi\u00e7\u00e3o parcial; Veja at\u00e9 quando","author":"noticiasribeiraopreto.com.br","date":"17 de June de 2025","format":false,"excerpt":"Equipes da Arteris ViaPaulista est\u00e3o realizando interven\u00e7\u00f5es de recupera\u00e7\u00e3o de pavimento na rodovia Anhanguera (SP-330), entre o km 300 e 306, no trecho da descida de Cravinhos, cidade na regi\u00e3o de Ribeir\u00e3o Preto. De acordo com a concession\u00e1ria, a previs\u00e3o \u00e9 que os servi\u00e7os aconte\u00e7am at\u00e9 o dia 27 de\u2026","rel":"","context":"In &quot;Not\u00edcias de Ribeir\u00e3o Preto-SP e Regi\u00e3o&quot;","block_context":{"text":"Not\u00edcias de Ribeir\u00e3o Preto-SP e Regi\u00e3o","link":"https:\/\/noticiasribeiraopreto.com.br\/index.php\/category\/noticias-de-ribeirao-preto-sp-e-regiao-ismael-colosi\/"},"img":{"alt_text":"","src":"https:\/\/i0.wp.com\/noticiasribeiraopreto.com.br\/wp-content\/uploads\/2025\/06\/rodovia_anhanguera_1024x576_25112020191554.jpg?fit=1024%2C576&ssl=1&resize=350%2C200","width":350,"height":200,"srcset":"https:\/\/i0.wp.com\/noticiasribeiraopreto.com.br\/wp-content\/uploads\/2025\/06\/rodovia_anhanguera_1024x576_25112020191554.jpg?fit=1024%2C576&ssl=1&resize=350%2C200 1x, https:\/\/i0.wp.com\/noticiasribeiraopreto.com.br\/wp-content\/uploads\/2025\/06\/rodovia_anhanguera_1024x576_25112020191554.jpg?fit=1024%2C576&ssl=1&resize=525%2C300 1.5x, https:\/\/i0.wp.com\/noticiasribeiraopreto.com.br\/wp-content\/uploads\/2025\/06\/rodovia_anhanguera_1024x576_25112020191554.jpg?fit=1024%2C576&ssl=1&resize=700%2C400 2x"},"classes":[]},{"id":70514,"url":"https:\/\/noticiasribeiraopreto.com.br\/index.php\/2025\/05\/27\/empresarios-de-cravinhos-sao-suspeitos-de-matar-empresario-paulistano\/","url_meta":{"origin":80769,"position":4},"title":"Empres\u00e1rios de Cravinhos s\u00e3o suspeitos de matar empres\u00e1rio paulistano","author":"noticiasribeiraopreto.com.br","date":"27 de May de 2025","format":false,"excerpt":"Um dos s\u00f3cios \u00e9 suspeito de matar o empres\u00e1rio e o outro de jogar seu corpo em rio e levar o carro da v\u00edtima para a Capital 27 de maio de 2025 12:521 Compartilhar0 Por: Adalberto Luque A Pol\u00edcia Civil pediu a pris\u00e3o preventiva de dois empres\u00e1rios do ramo de\u2026","rel":"","context":"In &quot;Not\u00edcias de Ribeir\u00e3o Preto-SP e Regi\u00e3o&quot;","block_context":{"text":"Not\u00edcias de Ribeir\u00e3o Preto-SP e Regi\u00e3o","link":"https:\/\/noticiasribeiraopreto.com.br\/index.php\/category\/noticias-de-ribeirao-preto-sp-e-regiao-ismael-colosi\/"},"img":{"alt_text":"","src":"https:\/\/i0.wp.com\/noticiasribeiraopreto.com.br\/wp-content\/uploads\/2025\/05\/27-mai-2025-crimecravinhos01.jpg?fit=844%2C541&ssl=1&resize=350%2C200","width":350,"height":200,"srcset":"https:\/\/i0.wp.com\/noticiasribeiraopreto.com.br\/wp-content\/uploads\/2025\/05\/27-mai-2025-crimecravinhos01.jpg?fit=844%2C541&ssl=1&resize=350%2C200 1x, https:\/\/i0.wp.com\/noticiasribeiraopreto.com.br\/wp-content\/uploads\/2025\/05\/27-mai-2025-crimecravinhos01.jpg?fit=844%2C541&ssl=1&resize=525%2C300 1.5x, https:\/\/i0.wp.com\/noticiasribeiraopreto.com.br\/wp-content\/uploads\/2025\/05\/27-mai-2025-crimecravinhos01.jpg?fit=844%2C541&ssl=1&resize=700%2C400 2x"},"classes":[]},{"id":70516,"url":"https:\/\/noticiasribeiraopreto.com.br\/index.php\/2025\/05\/27\/empresarios-de-cravinhos-sao-suspeitos-de-matar-cliente-paulistano\/","url_meta":{"origin":80769,"position":5},"title":"Empres\u00e1rios de Cravinhos s\u00e3o suspeitos de matar cliente paulistano","author":"noticiasribeiraopreto.com.br","date":"27 de May de 2025","format":false,"excerpt":"Um dos s\u00f3cios \u00e9 suspeito de matar o empres\u00e1rio e o outro de jogar seu corpo em rio e levar o carro da v\u00edtima para a Capital 27 de maio de 2025 12:5227 de maio de 2025 13:0011 Compartilhar2 Por: Adalberto Luque A Pol\u00edcia Civil pediu a pris\u00e3o preventiva de\u2026","rel":"","context":"In &quot;Not\u00edcias de Ribeir\u00e3o Preto-SP e Regi\u00e3o&quot;","block_context":{"text":"Not\u00edcias de Ribeir\u00e3o Preto-SP e Regi\u00e3o","link":"https:\/\/noticiasribeiraopreto.com.br\/index.php\/category\/noticias-de-ribeirao-preto-sp-e-regiao-ismael-colosi\/"},"img":{"alt_text":"","src":"https:\/\/i0.wp.com\/noticiasribeiraopreto.com.br\/wp-content\/uploads\/2025\/05\/1748362069_27-mai-2025-crimecravinhos01.jpg?fit=844%2C541&ssl=1&resize=350%2C200","width":350,"height":200,"srcset":"https:\/\/i0.wp.com\/noticiasribeiraopreto.com.br\/wp-content\/uploads\/2025\/05\/1748362069_27-mai-2025-crimecravinhos01.jpg?fit=844%2C541&ssl=1&resize=350%2C200 1x, https:\/\/i0.wp.com\/noticiasribeiraopreto.com.br\/wp-content\/uploads\/2025\/05\/1748362069_27-mai-2025-crimecravinhos01.jpg?fit=844%2C541&ssl=1&resize=525%2C300 1.5x, https:\/\/i0.wp.com\/noticiasribeiraopreto.com.br\/wp-content\/uploads\/2025\/05\/1748362069_27-mai-2025-crimecravinhos01.jpg?fit=844%2C541&ssl=1&resize=700%2C400 2x"},"classes":[]}],"jetpack_sharing_enabled":true,"jetpack_shortlink":"https:\/\/wp.me\/peQAOb-l0J","_links":{"self":[{"href":"https:\/\/noticiasribeiraopreto.com.br\/index.php\/wp-json\/wp\/v2\/posts\/80769","targetHints":{"allow":["GET"]}}],"collection":[{"href":"https:\/\/noticiasribeiraopreto.com.br\/index.php\/wp-json\/wp\/v2\/posts"}],"about":[{"href":"https:\/\/noticiasribeiraopreto.com.br\/index.php\/wp-json\/wp\/v2\/types\/post"}],"author":[{"embeddable":true,"href":"https:\/\/noticiasribeiraopreto.com.br\/index.php\/wp-json\/wp\/v2\/users\/1"}],"replies":[{"embeddable":true,"href":"https:\/\/noticiasribeiraopreto.com.br\/index.php\/wp-json\/wp\/v2\/comments?post=80769"}],"version-history":[{"count":0,"href":"https:\/\/noticiasribeiraopreto.com.br\/index.php\/wp-json\/wp\/v2\/posts\/80769\/revisions"}],"wp:featuredmedia":[{"embeddable":true,"href":"https:\/\/noticiasribeiraopreto.com.br\/index.php\/wp-json\/wp\/v2\/media\/80770"}],"wp:attachment":[{"href":"https:\/\/noticiasribeiraopreto.com.br\/index.php\/wp-json\/wp\/v2\/media?parent=80769"}],"wp:term":[{"taxonomy":"category","embeddable":true,"href":"https:\/\/noticiasribeiraopreto.com.br\/index.php\/wp-json\/wp\/v2\/categories?post=80769"},{"taxonomy":"post_tag","embeddable":true,"href":"https:\/\/noticiasribeiraopreto.com.br\/index.php\/wp-json\/wp\/v2\/tags?post=80769"}],"curies":[{"name":"wp","href":"https:\/\/api.w.org\/{rel}","templated":true}]}}