{"id":80771,"date":"2025-12-13T06:28:42","date_gmt":"2025-12-13T09:28:42","guid":{"rendered":"https:\/\/noticiasribeiraopreto.com.br\/index.php\/2025\/12\/13\/policia-procura-motorista-que-derrubou-motociclista-e-fugiu-no-centro-de-ribeirao-preto-video\/"},"modified":"2025-12-13T06:28:42","modified_gmt":"2025-12-13T09:28:42","slug":"policia-procura-motorista-que-derrubou-motociclista-e-fugiu-no-centro-de-ribeirao-preto-video","status":"publish","type":"post","link":"https:\/\/noticiasribeiraopreto.com.br\/index.php\/2025\/12\/13\/policia-procura-motorista-que-derrubou-motociclista-e-fugiu-no-centro-de-ribeirao-preto-video\/","title":{"rendered":"Pol\u00edcia procura motorista que derrubou motociclista e fugiu no Centro de Ribeir\u00e3o Preto; V\u00eddeo"},"content":{"rendered":"<div class='code-block code-block-1' style='margin: 8px 0 8px auto; text-align: right; display: block; clear: both;'>\n<p><a href=\"https:\/\/wa.link\/vpicfd\"><img data-recalc-dims=\"1\" class=\"wp-image-4922\" style=\"aspect-ratio: 2.0253164556962027; width: 561px; height: auto;\" src=\"https:\/\/i0.wp.com\/ismaelcolosi.com.br\/wp-content\/uploads\/2023\/11\/grupo-de-empregos-whatsapp-e-facebook-ismael-colosi-vagas.jpg?ssl=1\" alt=\"\" \/><\/a><\/p>\n<!-- \/wp:image -->\n<\/div>\n<p> <br \/>\n<\/p>\n<div>\n<p><strong>A Pol\u00edcia Civil procura o motorista de um carro envolvido em uma colis\u00e3o com uma moto na rua Campos Salles, no Centro de Ribeir\u00e3o Preto.<\/strong><\/p>\n<p>Segundo o <strong>boletim de ocorr\u00eancia (BO)<\/strong>, <mark style=\"background-color:#fcb900\" class=\"has-inline-color has-black-color\">o condutor atingiu a moto, derrubou a motociclista e fugiu sem prestar socorro na manh\u00e3 do \u00faltimo no s\u00e1bado (6).<\/mark> <strong>Assista <\/strong>ao <strong>v\u00eddeo <\/strong>abaixo.<\/p>\n<p>A v\u00edtima, que tem 29 anos, disse \u00e0 pol\u00edcia que seguia para o trabalho, quando encontrou o carro parado no meio da rua e buzinou para o motorista dar passagem.<\/p>\n<p>A motociclista, que pediu ao <strong>acidade on<\/strong> para ter a identidade preservada, afirmou n\u00e3o ter discutido com o condutor, somente buzinado.<\/p>\n<p>Em seguida, conforme o relato, ela passou pelo carro, que seria um Chevrolet Prisma, e o motorista, por motivos desconhecidos, acelerou e foi em dire\u00e7\u00e3o \u00e0 moto, quando a atingiu na parte traseira. Com o impacto, a moto foi arremessada contra um carro estacionado e a motociclista caiu no asfalto.<\/p>\n<p>Ainda conforme a v\u00edtima, o motorista deixou o local. Populares acionaram o Samu e a v\u00edtima foi socorrida.<\/p>\n<p>A motociclista afirmou ter sofrido uma fratura no c\u00f3ccix, al\u00e9m de ferimentos pelo corpo.<\/p>\n<p>\u201cEstou me recuperando em casa, tomando rem\u00e9dios com morfina para ajudar na dor dos ralados, da cabe\u00e7a que eu bati, da fratura no c\u00f3ccix e poss\u00edvel fratura na costela\u201d, disse.<\/p>\n<h2 class=\"wp-block-heading\"><strong>Les\u00e3o, fuga e omiss\u00e3o<\/strong><\/h2>\n<p>O caso foi registrado na pol\u00edcia como les\u00e3o corporal culposa (sem inten\u00e7\u00e3o) na dire\u00e7\u00e3o de ve\u00edculo automotor, fuga de local de acidente e omiss\u00e3o de socorro.<\/p>\n<p>A Secretaria da Seguran\u00e7a P\u00fablica (SSP) de S\u00e3o Paulo informou, por meio de nota ao <strong>acidade on<\/strong>, que as dilig\u00eancias est\u00e3o em andamento para identificar e localizar o suspeito.<\/p>\n<blockquote class=\"instagram-media\" data-instgrm-permalink=\"https:\/\/www.instagram.com\/reel\/DSLFsNODvIH\/?utm_source=ig_embed&amp;utm_campaign=loading\" data-instgrm-version=\"14\" style=\" background:#FFF; border:0; border-radius:3px; box-shadow:0 0 1px 0 rgba(0,0,0,0.5),0 1px 10px 0 rgba(0,0,0,0.15); margin: 1px; max-width:540px; min-width:326px; padding:0; width:99.375%; width:-webkit-calc(100% - 2px); width:calc(100% - 2px);\"\/>\n<p>SAIBA MAIS<\/p>\n<p>Inmet emite alertas amarelo e laranja para tempestades no estado de SP; Veja cidades<\/p>\n<h2 class=\"wp-block-heading\"><strong>FIQUE ON<\/strong><\/h2>\n<p>Fique ligado em tudo que acontece em Ribeir\u00e3o Preto e regi\u00e3o. Siga os perfis do<strong>\u00a0acidade on\u00a0<\/strong>no\u00a0<a href=\"https:\/\/www.instagram.com\/acidadeonribeirao\" target=\"_blank\" rel=\"noreferrer noopener\">Instagram\u00a0<\/a>e no<a href=\"https:\/\/www.facebook.com\/acidadeonribeirao\/\" target=\"_blank\" rel=\"noreferrer noopener\">\u00a0Facebook.<\/a><\/p>\n<p>Receba not\u00edcias do\u00a0<strong>acidade on<\/strong>\u00a0no WhatsApp. Para entrar no grupo,\u00a0basta\u00a0<a href=\"https:\/\/chat.whatsapp.com\/GFH9HUMUTHNFJdnyEd0xxq\" target=\"_blank\" rel=\"noreferrer noopener\">clicar aqui<\/a>. Ou, acesse o nosso\u00a0Canal\u00a0<a href=\"https:\/\/whatsapp.com\/channel\/0029Vb6IQl1JENyAeS57fk2p\" target=\"_blank\" rel=\"noreferrer noopener\">clicando aqui<\/a>.<\/p>\n<p>Fa\u00e7a uma den\u00fancia ou sugira uma reportagem sobre Ribeir\u00e3o Preto e regi\u00e3o pelo WhatsApp: 16 99117 7802.<\/p>\n<p>VEJA TAMB\u00c9M<\/p>\n<p>Como fazer crunch cake?<\/p>\n<p><!-- AI CONTENT END 1 -->\n<\/div>\n<p><script async src=\"\/\/www.instagram.com\/embed.js\"><\/script><br \/>\n<br \/><br \/>\n<br \/><a href=\"https:\/\/www.acidadeon.com\/ribeiraopreto\/cotidiano\/policia-procura-motorista-que-derrubou-motociclista-e-fugiu-no-centro-de-ribeirao-preto-video\/\">Source link <\/a><\/p>\n<!-- CONTENT END 1 -->\n","protected":false},"excerpt":{"rendered":"<p>A Pol\u00edcia Civil procura o motorista de um carro envolvido em uma colis\u00e3o com uma moto na rua Campos Salles, no Centro de Ribeir\u00e3o Preto&#8230;.<\/p>\n","protected":false},"author":1,"featured_media":80772,"comment_status":"open","ping_status":"open","sticky":false,"template":"","format":"standard","meta":{"advanced_seo_description":"","jetpack_seo_html_title":"","jetpack_seo_noindex":false,"jetpack_post_was_ever_published":false,"_jetpack_newsletter_access":"","_jetpack_dont_email_post_to_subs":false,"_jetpack_newsletter_tier_id":0,"_jetpack_memberships_contains_paywalled_content":false,"_jetpack_memberships_contains_paid_content":false,"footnotes":"","jetpack_publicize_message":"","jetpack_publicize_feature_enabled":true,"jetpack_social_post_already_shared":true,"jetpack_social_options":{"image_generator_settings":{"template":"highway","default_image_id":0,"font":"","enabled":false},"version":2}},"categories":[11],"tags":[],"class_list":["post-80771","post","type-post","status-publish","format-standard","has-post-thumbnail","hentry","category-noticias-de-ribeirao-preto-sp-e-regiao-ismael-colosi"],"jetpack_publicize_connections":[],"jetpack_featured_media_url":"https:\/\/i0.wp.com\/noticiasribeiraopreto.com.br\/wp-content\/uploads\/2025\/12\/MOTO_2025-12-12_17-52-15.webp.webp?fit=1200%2C769&ssl=1","jetpack-related-posts":[{"id":80976,"url":"https:\/\/noticiasribeiraopreto.com.br\/index.php\/2025\/12\/19\/video-carro-desgovernado-atropela-motociclista-e-atinge-7-veiculos\/","url_meta":{"origin":80771,"position":0},"title":"V\u00cdDEO &#8211; Carro desgovernado atropela motociclista e atinge 7 ve\u00edculos","author":"noticiasribeiraopreto.com.br","date":"19 de December de 2025","format":false,"excerpt":"\r Motorista, que \u00e9 m\u00e9dico aposentado, sofreu ferimentos leves e motociclista foi levado para UPA, al\u00e9m de ter moto apreendida\r \r 19 de dezembro de 2025 10:52 \r Compartilhar1 Por: Adalberto Luque Um carro desgovernado causou um acidente impressionante, envolvendo pelo menos seis carros e duas motos, na tarde desta\u2026","rel":"","context":"In &quot;Not\u00edcias de Ribeir\u00e3o Preto-SP e Regi\u00e3o&quot;","block_context":{"text":"Not\u00edcias de Ribeir\u00e3o Preto-SP e Regi\u00e3o","link":"https:\/\/noticiasribeiraopreto.com.br\/index.php\/category\/noticias-de-ribeirao-preto-sp-e-regiao-ismael-colosi\/"},"img":{"alt_text":"","src":"https:\/\/i0.wp.com\/noticiasribeiraopreto.com.br\/wp-content\/uploads\/2025\/12\/19-dez-2025-acidentenove2-scaled.jpg?fit=1200%2C723&ssl=1&resize=350%2C200","width":350,"height":200,"srcset":"https:\/\/i0.wp.com\/noticiasribeiraopreto.com.br\/wp-content\/uploads\/2025\/12\/19-dez-2025-acidentenove2-scaled.jpg?fit=1200%2C723&ssl=1&resize=350%2C200 1x, https:\/\/i0.wp.com\/noticiasribeiraopreto.com.br\/wp-content\/uploads\/2025\/12\/19-dez-2025-acidentenove2-scaled.jpg?fit=1200%2C723&ssl=1&resize=525%2C300 1.5x, https:\/\/i0.wp.com\/noticiasribeiraopreto.com.br\/wp-content\/uploads\/2025\/12\/19-dez-2025-acidentenove2-scaled.jpg?fit=1200%2C723&ssl=1&resize=700%2C400 2x, https:\/\/i0.wp.com\/noticiasribeiraopreto.com.br\/wp-content\/uploads\/2025\/12\/19-dez-2025-acidentenove2-scaled.jpg?fit=1200%2C723&ssl=1&resize=1050%2C600 3x"},"classes":[]},{"id":79191,"url":"https:\/\/noticiasribeiraopreto.com.br\/index.php\/2025\/10\/27\/video-motociclista-fica-gravemente-ferido-apos-ser-atingido-por-carro\/","url_meta":{"origin":80771,"position":1},"title":"V\u00cdDEO &#8211; Motociclista fica gravemente ferido ap\u00f3s ser atingido por carro","author":"noticiasribeiraopreto.com.br","date":"27 de October de 2025","format":false,"excerpt":"Acidente ocorreu na zona Leste e Pol\u00edcia Civil investiga para ver se a colis\u00e3o entre carro e moto foi proposital 27 de outubro de 2025 07:5027 de outubro de 2025 07:506 Compartilhar0 Por: Adalberto Luque Um motociclista ficou gravemente ferido, na manh\u00e3 de s\u00e1bado, 25 de outubro, ap\u00f3s um acidente\u2026","rel":"","context":"In &quot;Not\u00edcias de Ribeir\u00e3o Preto-SP e Regi\u00e3o&quot;","block_context":{"text":"Not\u00edcias de Ribeir\u00e3o Preto-SP e Regi\u00e3o","link":"https:\/\/noticiasribeiraopreto.com.br\/index.php\/category\/noticias-de-ribeirao-preto-sp-e-regiao-ismael-colosi\/"},"img":{"alt_text":"","src":"https:\/\/i0.wp.com\/noticiasribeiraopreto.com.br\/wp-content\/uploads\/2025\/10\/27-out-2025-fechadaribeirania1-scaled.jpg?fit=1200%2C672&ssl=1&resize=350%2C200","width":350,"height":200,"srcset":"https:\/\/i0.wp.com\/noticiasribeiraopreto.com.br\/wp-content\/uploads\/2025\/10\/27-out-2025-fechadaribeirania1-scaled.jpg?fit=1200%2C672&ssl=1&resize=350%2C200 1x, https:\/\/i0.wp.com\/noticiasribeiraopreto.com.br\/wp-content\/uploads\/2025\/10\/27-out-2025-fechadaribeirania1-scaled.jpg?fit=1200%2C672&ssl=1&resize=525%2C300 1.5x, https:\/\/i0.wp.com\/noticiasribeiraopreto.com.br\/wp-content\/uploads\/2025\/10\/27-out-2025-fechadaribeirania1-scaled.jpg?fit=1200%2C672&ssl=1&resize=700%2C400 2x, https:\/\/i0.wp.com\/noticiasribeiraopreto.com.br\/wp-content\/uploads\/2025\/10\/27-out-2025-fechadaribeirania1-scaled.jpg?fit=1200%2C672&ssl=1&resize=1050%2C600 3x"},"classes":[]},{"id":75744,"url":"https:\/\/noticiasribeiraopreto.com.br\/index.php\/2025\/08\/14\/identificada-a-motociclista-morta-em-colisao-que-envolveu-motorista-preso-por-embriaguez\/","url_meta":{"origin":80771,"position":2},"title":"Identificada a motociclista morta em colis\u00e3o que envolveu motorista preso por embriaguez","author":"noticiasribeiraopreto.com.br","date":"14 de August de 2025","format":false,"excerpt":"A Pol\u00edcia Civil indentificou a motociclista que morreu na noite desta quarta-feira (13), depois de ter a moto atingida por um carro, cair e ser atropelada por um \u00f4nibus no km 336 da rodovia Att\u00edlio Balbo (SP-322), em Sert\u00e3ozinho, na regi\u00e3o de Ribeir\u00e3o Preto. O motorista do carro foi preso\u2026","rel":"","context":"In &quot;Not\u00edcias de Ribeir\u00e3o Preto-SP e Regi\u00e3o&quot;","block_context":{"text":"Not\u00edcias de Ribeir\u00e3o Preto-SP e Regi\u00e3o","link":"https:\/\/noticiasribeiraopreto.com.br\/index.php\/category\/noticias-de-ribeirao-preto-sp-e-regiao-ismael-colosi\/"},"img":{"alt_text":"","src":"https:\/\/i0.wp.com\/noticiasribeiraopreto.com.br\/wp-content\/uploads\/2025\/08\/WhatsApp-Image-2025-08-14-at-11.56.01_2025-08-14_15-10-55.webp.webp?fit=1200%2C675&ssl=1&resize=350%2C200","width":350,"height":200,"srcset":"https:\/\/i0.wp.com\/noticiasribeiraopreto.com.br\/wp-content\/uploads\/2025\/08\/WhatsApp-Image-2025-08-14-at-11.56.01_2025-08-14_15-10-55.webp.webp?fit=1200%2C675&ssl=1&resize=350%2C200 1x, https:\/\/i0.wp.com\/noticiasribeiraopreto.com.br\/wp-content\/uploads\/2025\/08\/WhatsApp-Image-2025-08-14-at-11.56.01_2025-08-14_15-10-55.webp.webp?fit=1200%2C675&ssl=1&resize=525%2C300 1.5x, https:\/\/i0.wp.com\/noticiasribeiraopreto.com.br\/wp-content\/uploads\/2025\/08\/WhatsApp-Image-2025-08-14-at-11.56.01_2025-08-14_15-10-55.webp.webp?fit=1200%2C675&ssl=1&resize=700%2C400 2x, https:\/\/i0.wp.com\/noticiasribeiraopreto.com.br\/wp-content\/uploads\/2025\/08\/WhatsApp-Image-2025-08-14-at-11.56.01_2025-08-14_15-10-55.webp.webp?fit=1200%2C675&ssl=1&resize=1050%2C600 3x"},"classes":[]},{"id":60358,"url":"https:\/\/noticiasribeiraopreto.com.br\/index.php\/2024\/11\/12\/policia-civil-investiga-novo-caso-de-briga-e-tiro-no-transito-de-ribeirao-preto\/","url_meta":{"origin":80771,"position":3},"title":"Pol\u00edcia Civil investiga novo caso de briga e tiro no tr\u00e2nsito de Ribeir\u00e3o Preto","author":"noticiasribeiraopreto.com.br","date":"12 de November de 2024","format":false,"excerpt":"A Pol\u00edcia Civil investiga um segundo caso de briga no tr\u00e2nsito com disparo de arma de fogo ocorrido nesta segunda-feira (11), em Ribeir\u00e3o Preto. Este novo caso ocorreu por volta das 15h30, na regi\u00e3o central da cidade, e envolve um carro de entregas blindado. Na primeira ocorr\u00eancia, na zona Norte,\u2026","rel":"","context":"In &quot;Not\u00edcias de Ribeir\u00e3o Preto-SP e Regi\u00e3o&quot;","block_context":{"text":"Not\u00edcias de Ribeir\u00e3o Preto-SP e Regi\u00e3o","link":"https:\/\/noticiasribeiraopreto.com.br\/index.php\/category\/noticias-de-ribeirao-preto-sp-e-regiao-ismael-colosi\/"},"img":{"alt_text":"","src":"https:\/\/i0.wp.com\/noticiasribeiraopreto.com.br\/wp-content\/uploads\/2024\/11\/1731417134_cpj_policia_1200x675_30012022162443.jpg?fit=1200%2C675&ssl=1&resize=350%2C200","width":350,"height":200,"srcset":"https:\/\/i0.wp.com\/noticiasribeiraopreto.com.br\/wp-content\/uploads\/2024\/11\/1731417134_cpj_policia_1200x675_30012022162443.jpg?fit=1200%2C675&ssl=1&resize=350%2C200 1x, https:\/\/i0.wp.com\/noticiasribeiraopreto.com.br\/wp-content\/uploads\/2024\/11\/1731417134_cpj_policia_1200x675_30012022162443.jpg?fit=1200%2C675&ssl=1&resize=525%2C300 1.5x, https:\/\/i0.wp.com\/noticiasribeiraopreto.com.br\/wp-content\/uploads\/2024\/11\/1731417134_cpj_policia_1200x675_30012022162443.jpg?fit=1200%2C675&ssl=1&resize=700%2C400 2x, https:\/\/i0.wp.com\/noticiasribeiraopreto.com.br\/wp-content\/uploads\/2024\/11\/1731417134_cpj_policia_1200x675_30012022162443.jpg?fit=1200%2C675&ssl=1&resize=1050%2C600 3x"},"classes":[]},{"id":48808,"url":"https:\/\/noticiasribeiraopreto.com.br\/index.php\/2024\/05\/06\/motocicleta-e-arrastada-apos-motorista-atropelar-condutor-em-rodovia-de-ribeirao\/","url_meta":{"origin":80771,"position":4},"title":"Motocicleta \u00e9 arrastada ap\u00f3s motorista atropelar condutor em rodovia de Ribeir\u00e3o","author":"noticiasribeiraopreto.com.br","date":"6 de May de 2024","format":false,"excerpt":"O motorista de um carro foi preso na manh\u00e3 desta segunda-feira (6), ap\u00f3s se envolver em um acidente de tr\u00e2nsito e arrastar uma moto por cerca de tr\u00eas quil\u00f4metros na rodovia Alexandre Balbo (SP-328), em Ribeir\u00e3o Preto. De acordo com o boletim de ocorr\u00eancia registrado, o homem bateu na traseira\u2026","rel":"","context":"In &quot;Not\u00edcias de Ribeir\u00e3o Preto-SP e Regi\u00e3o&quot;","block_context":{"text":"Not\u00edcias de Ribeir\u00e3o Preto-SP e Regi\u00e3o","link":"https:\/\/noticiasribeiraopreto.com.br\/index.php\/category\/noticias-de-ribeirao-preto-sp-e-regiao-ismael-colosi\/"},"img":{"alt_text":"","src":"https:\/\/i0.wp.com\/noticiasribeiraopreto.com.br\/wp-content\/uploads\/2024\/05\/AnyConv.com__Copia-de-Copia-de-TAMANHO-EXATO-PARA-FOTOS-NO-SISTEMA-NOVO-26_2024-05-06_23-03-13.webp.webp?fit=1200%2C675&ssl=1&resize=350%2C200","width":350,"height":200,"srcset":"https:\/\/i0.wp.com\/noticiasribeiraopreto.com.br\/wp-content\/uploads\/2024\/05\/AnyConv.com__Copia-de-Copia-de-TAMANHO-EXATO-PARA-FOTOS-NO-SISTEMA-NOVO-26_2024-05-06_23-03-13.webp.webp?fit=1200%2C675&ssl=1&resize=350%2C200 1x, https:\/\/i0.wp.com\/noticiasribeiraopreto.com.br\/wp-content\/uploads\/2024\/05\/AnyConv.com__Copia-de-Copia-de-TAMANHO-EXATO-PARA-FOTOS-NO-SISTEMA-NOVO-26_2024-05-06_23-03-13.webp.webp?fit=1200%2C675&ssl=1&resize=525%2C300 1.5x, https:\/\/i0.wp.com\/noticiasribeiraopreto.com.br\/wp-content\/uploads\/2024\/05\/AnyConv.com__Copia-de-Copia-de-TAMANHO-EXATO-PARA-FOTOS-NO-SISTEMA-NOVO-26_2024-05-06_23-03-13.webp.webp?fit=1200%2C675&ssl=1&resize=700%2C400 2x, https:\/\/i0.wp.com\/noticiasribeiraopreto.com.br\/wp-content\/uploads\/2024\/05\/AnyConv.com__Copia-de-Copia-de-TAMANHO-EXATO-PARA-FOTOS-NO-SISTEMA-NOVO-26_2024-05-06_23-03-13.webp.webp?fit=1200%2C675&ssl=1&resize=1050%2C600 3x"},"classes":[]},{"id":33681,"url":"https:\/\/noticiasribeiraopreto.com.br\/index.php\/2024\/01\/30\/motociclista-morre-depois-de-acidente-no-centro-de-ribeirao-preto-motorista-fugiu\/","url_meta":{"origin":80771,"position":5},"title":"Motociclista morre depois de acidente no Centro de Ribeir\u00e3o Preto; Motorista fugiu","author":"noticiasribeiraopreto.com.br","date":"30 de January de 2024","format":false,"excerpt":"Um homem de 54 anos morreu na noite desta segunda-feira (29), tr\u00eas dias depois ser atingido e arremessado da moto que dirigia, no Centro de Ribeir\u00e3o Preto. O acidente aconteceu na sexta-feira (26), no cruzamento das ruas Prudente de Morais com a Garibaldi. Segundo consta no Boletim de Ocorr\u00eancia, a\u2026","rel":"","context":"In &quot;Not\u00edcias de Ribeir\u00e3o Preto-SP e Regi\u00e3o&quot;","block_context":{"text":"Not\u00edcias de Ribeir\u00e3o Preto-SP e Regi\u00e3o","link":"https:\/\/noticiasribeiraopreto.com.br\/index.php\/category\/noticias-de-ribeirao-preto-sp-e-regiao-ismael-colosi\/"},"img":{"alt_text":"","src":"https:\/\/i0.wp.com\/noticiasribeiraopreto.com.br\/wp-content\/uploads\/2024\/01\/hc-ue.jpg?fit=733%2C414&ssl=1&resize=350%2C200","width":350,"height":200,"srcset":"https:\/\/i0.wp.com\/noticiasribeiraopreto.com.br\/wp-content\/uploads\/2024\/01\/hc-ue.jpg?fit=733%2C414&ssl=1&resize=350%2C200 1x, https:\/\/i0.wp.com\/noticiasribeiraopreto.com.br\/wp-content\/uploads\/2024\/01\/hc-ue.jpg?fit=733%2C414&ssl=1&resize=525%2C300 1.5x, https:\/\/i0.wp.com\/noticiasribeiraopreto.com.br\/wp-content\/uploads\/2024\/01\/hc-ue.jpg?fit=733%2C414&ssl=1&resize=700%2C400 2x"},"classes":[]}],"jetpack_sharing_enabled":true,"jetpack_shortlink":"https:\/\/wp.me\/peQAOb-l0L","_links":{"self":[{"href":"https:\/\/noticiasribeiraopreto.com.br\/index.php\/wp-json\/wp\/v2\/posts\/80771","targetHints":{"allow":["GET"]}}],"collection":[{"href":"https:\/\/noticiasribeiraopreto.com.br\/index.php\/wp-json\/wp\/v2\/posts"}],"about":[{"href":"https:\/\/noticiasribeiraopreto.com.br\/index.php\/wp-json\/wp\/v2\/types\/post"}],"author":[{"embeddable":true,"href":"https:\/\/noticiasribeiraopreto.com.br\/index.php\/wp-json\/wp\/v2\/users\/1"}],"replies":[{"embeddable":true,"href":"https:\/\/noticiasribeiraopreto.com.br\/index.php\/wp-json\/wp\/v2\/comments?post=80771"}],"version-history":[{"count":0,"href":"https:\/\/noticiasribeiraopreto.com.br\/index.php\/wp-json\/wp\/v2\/posts\/80771\/revisions"}],"wp:featuredmedia":[{"embeddable":true,"href":"https:\/\/noticiasribeiraopreto.com.br\/index.php\/wp-json\/wp\/v2\/media\/80772"}],"wp:attachment":[{"href":"https:\/\/noticiasribeiraopreto.com.br\/index.php\/wp-json\/wp\/v2\/media?parent=80771"}],"wp:term":[{"taxonomy":"category","embeddable":true,"href":"https:\/\/noticiasribeiraopreto.com.br\/index.php\/wp-json\/wp\/v2\/categories?post=80771"},{"taxonomy":"post_tag","embeddable":true,"href":"https:\/\/noticiasribeiraopreto.com.br\/index.php\/wp-json\/wp\/v2\/tags?post=80771"}],"curies":[{"name":"wp","href":"https:\/\/api.w.org\/{rel}","templated":true}]}}