{"id":80773,"date":"2025-12-13T06:36:47","date_gmt":"2025-12-13T09:36:47","guid":{"rendered":"https:\/\/noticiasribeiraopreto.com.br\/index.php\/2025\/12\/13\/seguranca-em-instalacoes-comerciais-e-industriais\/"},"modified":"2025-12-13T06:36:47","modified_gmt":"2025-12-13T09:36:47","slug":"seguranca-em-instalacoes-comerciais-e-industriais","status":"publish","type":"post","link":"https:\/\/noticiasribeiraopreto.com.br\/index.php\/2025\/12\/13\/seguranca-em-instalacoes-comerciais-e-industriais\/","title":{"rendered":"Seguran\u00e7a em instala\u00e7\u00f5es comerciais e industriais"},"content":{"rendered":"<div class='code-block code-block-1' style='margin: 8px 0 8px auto; text-align: right; display: block; clear: both;'>\n<p><a href=\"https:\/\/wa.link\/vpicfd\"><img data-recalc-dims=\"1\" class=\"wp-image-4922\" style=\"aspect-ratio: 2.0253164556962027; width: 561px; height: auto;\" src=\"https:\/\/i0.wp.com\/ismaelcolosi.com.br\/wp-content\/uploads\/2023\/11\/grupo-de-empregos-whatsapp-e-facebook-ismael-colosi-vagas.jpg?ssl=1\" alt=\"\" \/><\/a><\/p>\n<!-- \/wp:image -->\n<\/div>\n<p> <br \/>\n<\/p>\n<div>\n<p>Quando falamos em instala\u00e7\u00f5es el\u00e9tricas, \u00e9 comum imaginar apenas fios, tomadas e disjuntores. Mas, no ambiente comercial e industrial, a estrutura vai muito al\u00e9m disso. Esses locais exigem um n\u00edvel maior de seguran\u00e7a, resist\u00eancia e capacidade el\u00e9trica, j\u00e1 que operam com cargas mais elevadas e equipamentos de alto desempenho.<\/p>\n<p>A principal diferen\u00e7a em rela\u00e7\u00e3o \u00e0s instala\u00e7\u00f5es residenciais est\u00e1 justamente na robustez dos materiais. Em uma ind\u00fastria ou com\u00e9rcio, os cabos precisam suportar maior corrente el\u00e9trica e temperaturas mais altas, mantendo sua integridade mesmo em usos intensivos. Por isso, s\u00e3o utilizados cabos de maior resist\u00eancia t\u00e9rmica e mec\u00e2nica, com isolamento refor\u00e7ado e especifica\u00e7\u00f5es adequadas a ambientes mais exigentes.<\/p>\n<p>Outro ponto essencial \u00e9 o quadro de distribui\u00e7\u00e3o, que precisa ser projetado para organizar circuitos, distribuir energia de forma equilibrada e garantir prote\u00e7\u00e3o contra sobrecargas e curtos-circuitos. Em sistemas comerciais e industriais, esses quadros contam com componentes mais robustos, como disjuntores espec\u00edficos, contatores e sistemas de prote\u00e7\u00e3o adicionais.<\/p>\n<p>Al\u00e9m disso, existem equipamentos obrigat\u00f3rios para preven\u00e7\u00e3o de acidentes, como dispositivos DR e DPS, que ajudam a proteger tanto as pessoas quanto os equipamentos, evitando choques el\u00e9tricos e danos causados por surtos de tens\u00e3o.<\/p>\n<figure class=\"wp-block-image size-large\"><img data-recalc-dims=\"1\" fetchpriority=\"high\" decoding=\"async\" width=\"1024\" height=\"683\" src=\"https:\/\/i0.wp.com\/cdn.media-acidadeon.com.br\/ribeiraopreto\/wp-content\/uploads\/sites\/3\/2025\/12\/2-2025-12-12T151507.154_2025-12-12_18-16-41-1024x683.webp?resize=1024%2C683&#038;ssl=1\" alt=\"2 2025 12 12T151507.154 2025 12 12 18 16 41\" class=\"wp-image-139232\" title=\"Seguran\u00e7a em instala\u00e7\u00f5es comerciais e industriais 1\" srcset=\"https:\/\/cdn.media-acidadeon.com.br\/ribeiraopreto\/wp-content\/uploads\/sites\/3\/2025\/12\/2-2025-12-12T151507.154_2025-12-12_18-16-41-1024x683.webp 1024w, https:\/\/cdn.media-acidadeon.com.br\/ribeiraopreto\/wp-content\/uploads\/sites\/3\/2025\/12\/2-2025-12-12T151507.154_2025-12-12_18-16-41-300x200.webp 300w, https:\/\/cdn.media-acidadeon.com.br\/ribeiraopreto\/wp-content\/uploads\/sites\/3\/2025\/12\/2-2025-12-12T151507.154_2025-12-12_18-16-41-768x512.webp 768w, https:\/\/cdn.media-acidadeon.com.br\/ribeiraopreto\/wp-content\/uploads\/sites\/3\/2025\/12\/2-2025-12-12T151507.154_2025-12-12_18-16-41-696x464.webp 696w, https:\/\/cdn.media-acidadeon.com.br\/ribeiraopreto\/wp-content\/uploads\/sites\/3\/2025\/12\/2-2025-12-12T151507.154_2025-12-12_18-16-41-1068x712.webp 1068w, https:\/\/cdn.media-acidadeon.com.br\/ribeiraopreto\/wp-content\/uploads\/sites\/3\/2025\/12\/2-2025-12-12T151507.154_2025-12-12_18-16-41.webp 1200w\" sizes=\"(max-width: 1024px) 100vw, 1024px\"\/><figcaption class=\"wp-element-caption\"> Seguran\u00e7a em instala\u00e7\u00f5es comerciais e industriais \u2013 Cr\u00e9dito: Divulga\u00e7\u00e3o<\/figcaption><\/figure>\n<p>Investir em uma instala\u00e7\u00e3o adequada n\u00e3o \u00e9 apenas uma exig\u00eancia t\u00e9cnica, \u00e9 uma medida de seguran\u00e7a essencial para evitar riscos, preju\u00edzos e paradas inesperadas.<\/p>\n<p>\u00c9 por isso que a Lamesa oferece fios e cabos el\u00e9tricos de cobre e alum\u00ednio, com alta\u00a0qualidade\u00a0e prontos para atender \u00e0s necessidades comerciais e industriais com m\u00e1xima seguran\u00e7a. Porque seguran\u00e7a el\u00e9trica n\u00e3o \u00e9 detalhe: \u00e9 prote\u00e7\u00e3o, efici\u00eancia e confian\u00e7a para quem constr\u00f3i e opera todos os dias.<\/p>\n<p><!-- AI CONTENT END 1 -->\n<\/div>\n<p><br \/>\n<br \/><a href=\"https:\/\/www.acidadeon.com\/ribeiraopreto\/conteudo-patrocinado\/lamesa\/seguranca-em-instalacoes-comerciais-e-industriais\/\">Source link <\/a><\/p>\n<!-- CONTENT END 1 -->\n","protected":false},"excerpt":{"rendered":"<p>Quando falamos em instala\u00e7\u00f5es el\u00e9tricas, \u00e9 comum imaginar apenas fios, tomadas e disjuntores. Mas, no ambiente comercial e industrial, a estrutura vai muito al\u00e9m disso&#8230;.<\/p>\n","protected":false},"author":1,"featured_media":80774,"comment_status":"open","ping_status":"open","sticky":false,"template":"","format":"standard","meta":{"advanced_seo_description":"","jetpack_seo_html_title":"","jetpack_seo_noindex":false,"jetpack_post_was_ever_published":false,"_jetpack_newsletter_access":"","_jetpack_dont_email_post_to_subs":false,"_jetpack_newsletter_tier_id":0,"_jetpack_memberships_contains_paywalled_content":false,"_jetpack_memberships_contains_paid_content":false,"footnotes":"","jetpack_publicize_message":"","jetpack_publicize_feature_enabled":true,"jetpack_social_post_already_shared":true,"jetpack_social_options":{"image_generator_settings":{"template":"highway","default_image_id":0,"font":"","enabled":false},"version":2}},"categories":[11],"tags":[],"class_list":["post-80773","post","type-post","status-publish","format-standard","has-post-thumbnail","hentry","category-noticias-de-ribeirao-preto-sp-e-regiao-ismael-colosi"],"jetpack_publicize_connections":[],"jetpack_featured_media_url":"https:\/\/i0.wp.com\/noticiasribeiraopreto.com.br\/wp-content\/uploads\/2025\/12\/1-2025-12-12T151505.418_2025-12-12_18-15-25.webp.webp?fit=1200%2C800&ssl=1","jetpack-related-posts":[{"id":74557,"url":"https:\/\/noticiasribeiraopreto.com.br\/index.php\/2025\/07\/24\/condutores-eletricos-e-eficiencia-energetica-qual-a-relacao\/","url_meta":{"origin":80773,"position":0},"title":"Condutores el\u00e9tricos e efici\u00eancia energ\u00e9tica: qual a rela\u00e7\u00e3o?","author":"noticiasribeiraopreto.com.br","date":"24 de July de 2025","format":false,"excerpt":"Em tempos de crescente preocupa\u00e7\u00e3o com a sustentabilidade e a redu\u00e7\u00e3o do consumo de energia, a efici\u00eancia energ\u00e9tica tornou-se um fator decisivo para resid\u00eancias, empresas e ind\u00fastrias. Mas voc\u00ea sabe qual \u00e9 o papel dos condutores el\u00e9tricos nessa equa\u00e7\u00e3o? Muito mais do que simples fios e cabos, eles s\u00e3o elementos\u2026","rel":"","context":"In &quot;Not\u00edcias de Ribeir\u00e3o Preto-SP e Regi\u00e3o&quot;","block_context":{"text":"Not\u00edcias de Ribeir\u00e3o Preto-SP e Regi\u00e3o","link":"https:\/\/noticiasribeiraopreto.com.br\/index.php\/category\/noticias-de-ribeirao-preto-sp-e-regiao-ismael-colosi\/"},"img":{"alt_text":"","src":"https:\/\/i0.wp.com\/noticiasribeiraopreto.com.br\/wp-content\/uploads\/2025\/07\/1_2025-07-24_16-44-58.webp.webp?fit=1200%2C800&ssl=1&resize=350%2C200","width":350,"height":200,"srcset":"https:\/\/i0.wp.com\/noticiasribeiraopreto.com.br\/wp-content\/uploads\/2025\/07\/1_2025-07-24_16-44-58.webp.webp?fit=1200%2C800&ssl=1&resize=350%2C200 1x, https:\/\/i0.wp.com\/noticiasribeiraopreto.com.br\/wp-content\/uploads\/2025\/07\/1_2025-07-24_16-44-58.webp.webp?fit=1200%2C800&ssl=1&resize=525%2C300 1.5x, https:\/\/i0.wp.com\/noticiasribeiraopreto.com.br\/wp-content\/uploads\/2025\/07\/1_2025-07-24_16-44-58.webp.webp?fit=1200%2C800&ssl=1&resize=700%2C400 2x, https:\/\/i0.wp.com\/noticiasribeiraopreto.com.br\/wp-content\/uploads\/2025\/07\/1_2025-07-24_16-44-58.webp.webp?fit=1200%2C800&ssl=1&resize=1050%2C600 3x"},"classes":[]},{"id":65482,"url":"https:\/\/noticiasribeiraopreto.com.br\/index.php\/2025\/03\/20\/mitos-e-verdades-da-eletricidade-domestica\/","url_meta":{"origin":80773,"position":1},"title":"Mitos e Verdades da Eletricidade Dom\u00e9stica","author":"noticiasribeiraopreto.com.br","date":"20 de March de 2025","format":false,"excerpt":"A eletricidade faz parte do nosso dia a dia, mas ser\u00e1 que tudo o que sabemos sobre ela \u00e9 realmente verdade? Muitos mitos circulam sobre o uso de fios e cabos el\u00e9tricos, e acreditar nessas inverdades pode comprometer a seguran\u00e7a da sua casa ou empresa. Na Lamesa, seguran\u00e7a e qualidade\u2026","rel":"","context":"In &quot;Not\u00edcias de Ribeir\u00e3o Preto-SP e Regi\u00e3o&quot;","block_context":{"text":"Not\u00edcias de Ribeir\u00e3o Preto-SP e Regi\u00e3o","link":"https:\/\/noticiasribeiraopreto.com.br\/index.php\/category\/noticias-de-ribeirao-preto-sp-e-regiao-ismael-colosi\/"},"img":{"alt_text":"","src":"https:\/\/i0.wp.com\/noticiasribeiraopreto.com.br\/wp-content\/uploads\/2025\/03\/1-59_2025-03-20_17-57-16_png_2025-03-20_17-57-17.webp.webp?fit=1200%2C800&ssl=1&resize=350%2C200","width":350,"height":200,"srcset":"https:\/\/i0.wp.com\/noticiasribeiraopreto.com.br\/wp-content\/uploads\/2025\/03\/1-59_2025-03-20_17-57-16_png_2025-03-20_17-57-17.webp.webp?fit=1200%2C800&ssl=1&resize=350%2C200 1x, https:\/\/i0.wp.com\/noticiasribeiraopreto.com.br\/wp-content\/uploads\/2025\/03\/1-59_2025-03-20_17-57-16_png_2025-03-20_17-57-17.webp.webp?fit=1200%2C800&ssl=1&resize=525%2C300 1.5x, https:\/\/i0.wp.com\/noticiasribeiraopreto.com.br\/wp-content\/uploads\/2025\/03\/1-59_2025-03-20_17-57-16_png_2025-03-20_17-57-17.webp.webp?fit=1200%2C800&ssl=1&resize=700%2C400 2x, https:\/\/i0.wp.com\/noticiasribeiraopreto.com.br\/wp-content\/uploads\/2025\/03\/1-59_2025-03-20_17-57-16_png_2025-03-20_17-57-17.webp.webp?fit=1200%2C800&ssl=1&resize=1050%2C600 3x"},"classes":[]},{"id":73169,"url":"https:\/\/noticiasribeiraopreto.com.br\/index.php\/2025\/06\/26\/cpfl-oferece-canal-no-whatsapp-sobre-seguranca-eletrica\/","url_meta":{"origin":80773,"position":2},"title":"CPFL oferece canal no WhatsApp sobre seguran\u00e7a el\u00e9trica","author":"noticiasribeiraopreto.com.br","date":"26 de June de 2025","format":false,"excerpt":"Voc\u00ea sabia que \u00e9 poss\u00edvel levar um choque mesmo sem encostar em um cabo el\u00e9trico? Parece absurdo, mas acontece. \u00c9 que dependendo da tens\u00e3o da rede e do tipo de material em uso, a energia el\u00e9trica pode se deslocar at\u00e9 voc\u00ea s\u00f3 pela proximidade. Um descuido com uma escada met\u00e1lica,\u2026","rel":"","context":"In &quot;Not\u00edcias de Ribeir\u00e3o Preto-SP e Regi\u00e3o&quot;","block_context":{"text":"Not\u00edcias de Ribeir\u00e3o Preto-SP e Regi\u00e3o","link":"https:\/\/noticiasribeiraopreto.com.br\/index.php\/category\/noticias-de-ribeirao-preto-sp-e-regiao-ismael-colosi\/"},"img":{"alt_text":"","src":"https:\/\/i0.wp.com\/noticiasribeiraopreto.com.br\/wp-content\/uploads\/2025\/06\/04_PINTURA-3_2025-06-26_15-01-51.webp.webp?fit=1200%2C435&ssl=1&resize=350%2C200","width":350,"height":200,"srcset":"https:\/\/i0.wp.com\/noticiasribeiraopreto.com.br\/wp-content\/uploads\/2025\/06\/04_PINTURA-3_2025-06-26_15-01-51.webp.webp?fit=1200%2C435&ssl=1&resize=350%2C200 1x, https:\/\/i0.wp.com\/noticiasribeiraopreto.com.br\/wp-content\/uploads\/2025\/06\/04_PINTURA-3_2025-06-26_15-01-51.webp.webp?fit=1200%2C435&ssl=1&resize=525%2C300 1.5x, https:\/\/i0.wp.com\/noticiasribeiraopreto.com.br\/wp-content\/uploads\/2025\/06\/04_PINTURA-3_2025-06-26_15-01-51.webp.webp?fit=1200%2C435&ssl=1&resize=700%2C400 2x, https:\/\/i0.wp.com\/noticiasribeiraopreto.com.br\/wp-content\/uploads\/2025\/06\/04_PINTURA-3_2025-06-26_15-01-51.webp.webp?fit=1200%2C435&ssl=1&resize=1050%2C600 3x"},"classes":[]},{"id":41590,"url":"https:\/\/noticiasribeiraopreto.com.br\/index.php\/2024\/03\/09\/rp-desfez-2-983-gatos-em-2023\/","url_meta":{"origin":80773,"position":3},"title":"RP desfez 2.983\u00a0 \u2018gatos\u2019 em 2023 \u00a0","author":"noticiasribeiraopreto.com.br","date":"9 de March de 2024","format":false,"excerpt":"As a\u00e7\u00f5es de inspe\u00e7\u00e3o contra fraudes e furtos de energia, os populares \u201cgatos\u201d, permitiram \u00e0 CPFL Paulista regularizar 8.332 liga\u00e7\u00f5es clandestinas em resid\u00eancias, com\u00e9rcios e ind\u00fastrias nas regi\u00f5es de Ribeir\u00e3o Preto e Franca no ano passado, resultando na recupera\u00e7\u00e3o de 33.000 megawatts (MWh) desviados ilegalmente. Com o uso de tecnologia\u2026","rel":"","context":"In &quot;Not\u00edcias de Ribeir\u00e3o Preto-SP e Regi\u00e3o&quot;","block_context":{"text":"Not\u00edcias de Ribeir\u00e3o Preto-SP e Regi\u00e3o","link":"https:\/\/noticiasribeiraopreto.com.br\/index.php\/category\/noticias-de-ribeirao-preto-sp-e-regiao-ismael-colosi\/"},"img":{"alt_text":"","src":"https:\/\/i0.wp.com\/noticiasribeiraopreto.com.br\/wp-content\/uploads\/2024\/03\/GatoCPFL-Detalhe-Divulgacao-CPFL.jpg?fit=684%2C645&ssl=1&resize=350%2C200","width":350,"height":200,"srcset":"https:\/\/i0.wp.com\/noticiasribeiraopreto.com.br\/wp-content\/uploads\/2024\/03\/GatoCPFL-Detalhe-Divulgacao-CPFL.jpg?fit=684%2C645&ssl=1&resize=350%2C200 1x, https:\/\/i0.wp.com\/noticiasribeiraopreto.com.br\/wp-content\/uploads\/2024\/03\/GatoCPFL-Detalhe-Divulgacao-CPFL.jpg?fit=684%2C645&ssl=1&resize=525%2C300 1.5x"},"classes":[]},{"id":77466,"url":"https:\/\/noticiasribeiraopreto.com.br\/index.php\/2025\/09\/19\/o-que-observar-na-hora-de-comprar-cabos-para-sua-instalacao\/","url_meta":{"origin":80773,"position":4},"title":"O que observar na hora de comprar cabos para sua instala\u00e7\u00e3o","author":"noticiasribeiraopreto.com.br","date":"19 de September de 2025","format":false,"excerpt":"Quando o assunto \u00e9 instala\u00e7\u00e3o el\u00e9trica residencial, muitas pessoas se preocupam apenas com os equipamentos e acess\u00f3rios vis\u00edveis, tomadas, interruptores, l\u00e2mpadas. Por\u00e9m, o cora\u00e7\u00e3o de toda instala\u00e7\u00e3o est\u00e1 nos cabos el\u00e9tricos. S\u00e3o eles que garantem a condu\u00e7\u00e3o segura da energia, o funcionamento adequado dos aparelhos e, acima de tudo, a\u2026","rel":"","context":"In &quot;Not\u00edcias de Ribeir\u00e3o Preto-SP e Regi\u00e3o&quot;","block_context":{"text":"Not\u00edcias de Ribeir\u00e3o Preto-SP e Regi\u00e3o","link":"https:\/\/noticiasribeiraopreto.com.br\/index.php\/category\/noticias-de-ribeirao-preto-sp-e-regiao-ismael-colosi\/"},"img":{"alt_text":"","src":"https:\/\/i0.wp.com\/noticiasribeiraopreto.com.br\/wp-content\/uploads\/2025\/09\/1-74-2_2025-09-18_20-20-57.webp.webp?fit=1200%2C800&ssl=1&resize=350%2C200","width":350,"height":200,"srcset":"https:\/\/i0.wp.com\/noticiasribeiraopreto.com.br\/wp-content\/uploads\/2025\/09\/1-74-2_2025-09-18_20-20-57.webp.webp?fit=1200%2C800&ssl=1&resize=350%2C200 1x, https:\/\/i0.wp.com\/noticiasribeiraopreto.com.br\/wp-content\/uploads\/2025\/09\/1-74-2_2025-09-18_20-20-57.webp.webp?fit=1200%2C800&ssl=1&resize=525%2C300 1.5x, https:\/\/i0.wp.com\/noticiasribeiraopreto.com.br\/wp-content\/uploads\/2025\/09\/1-74-2_2025-09-18_20-20-57.webp.webp?fit=1200%2C800&ssl=1&resize=700%2C400 2x, https:\/\/i0.wp.com\/noticiasribeiraopreto.com.br\/wp-content\/uploads\/2025\/09\/1-74-2_2025-09-18_20-20-57.webp.webp?fit=1200%2C800&ssl=1&resize=1050%2C600 3x"},"classes":[]},{"id":16887,"url":"https:\/\/noticiasribeiraopreto.com.br\/index.php\/2023\/12\/16\/fiacao-solta-vai-dar-multa-em-rp\/","url_meta":{"origin":80773,"position":5},"title":"Fia\u00e7\u00e3o solta vai\u00a0dar multa em RP \u00a0","author":"noticiasribeiraopreto.com.br","date":"16 de December de 2023","format":false,"excerpt":"16 de dezembro de 2023 | 17:0016 de dezembro de 2023 | 12:52 0Em junho do ano passado, o prefeito Duarte Nogueira (PSDB) criou uma comiss\u00e3o para analisar a situa\u00e7\u00e3o de cabos instalados nos postes de ilumina\u00e7\u00e3o p\u00fablica e da rede el\u00e9trica de Ribeir\u00e3o Preto. O objetivo \u00e9 eliminar os\u2026","rel":"","context":"In &quot;Not\u00edcias de Ribeir\u00e3o Preto-SP e Regi\u00e3o&quot;","block_context":{"text":"Not\u00edcias de Ribeir\u00e3o Preto-SP e Regi\u00e3o","link":"https:\/\/noticiasribeiraopreto.com.br\/index.php\/category\/noticias-de-ribeirao-preto-sp-e-regiao-ismael-colosi\/"},"img":{"alt_text":"","src":"https:\/\/i0.wp.com\/noticiasribeiraopreto.com.br\/wp-content\/uploads\/2023\/12\/FiacaoRP-Alfredo-Risk-scaled.jpg?fit=967%2C645&ssl=1&resize=350%2C200","width":350,"height":200,"srcset":"https:\/\/i0.wp.com\/noticiasribeiraopreto.com.br\/wp-content\/uploads\/2023\/12\/FiacaoRP-Alfredo-Risk-scaled.jpg?fit=967%2C645&ssl=1&resize=350%2C200 1x, https:\/\/i0.wp.com\/noticiasribeiraopreto.com.br\/wp-content\/uploads\/2023\/12\/FiacaoRP-Alfredo-Risk-scaled.jpg?fit=967%2C645&ssl=1&resize=525%2C300 1.5x, https:\/\/i0.wp.com\/noticiasribeiraopreto.com.br\/wp-content\/uploads\/2023\/12\/FiacaoRP-Alfredo-Risk-scaled.jpg?fit=967%2C645&ssl=1&resize=700%2C400 2x"},"classes":[]}],"jetpack_sharing_enabled":true,"jetpack_shortlink":"https:\/\/wp.me\/peQAOb-l0N","_links":{"self":[{"href":"https:\/\/noticiasribeiraopreto.com.br\/index.php\/wp-json\/wp\/v2\/posts\/80773","targetHints":{"allow":["GET"]}}],"collection":[{"href":"https:\/\/noticiasribeiraopreto.com.br\/index.php\/wp-json\/wp\/v2\/posts"}],"about":[{"href":"https:\/\/noticiasribeiraopreto.com.br\/index.php\/wp-json\/wp\/v2\/types\/post"}],"author":[{"embeddable":true,"href":"https:\/\/noticiasribeiraopreto.com.br\/index.php\/wp-json\/wp\/v2\/users\/1"}],"replies":[{"embeddable":true,"href":"https:\/\/noticiasribeiraopreto.com.br\/index.php\/wp-json\/wp\/v2\/comments?post=80773"}],"version-history":[{"count":0,"href":"https:\/\/noticiasribeiraopreto.com.br\/index.php\/wp-json\/wp\/v2\/posts\/80773\/revisions"}],"wp:featuredmedia":[{"embeddable":true,"href":"https:\/\/noticiasribeiraopreto.com.br\/index.php\/wp-json\/wp\/v2\/media\/80774"}],"wp:attachment":[{"href":"https:\/\/noticiasribeiraopreto.com.br\/index.php\/wp-json\/wp\/v2\/media?parent=80773"}],"wp:term":[{"taxonomy":"category","embeddable":true,"href":"https:\/\/noticiasribeiraopreto.com.br\/index.php\/wp-json\/wp\/v2\/categories?post=80773"},{"taxonomy":"post_tag","embeddable":true,"href":"https:\/\/noticiasribeiraopreto.com.br\/index.php\/wp-json\/wp\/v2\/tags?post=80773"}],"curies":[{"name":"wp","href":"https:\/\/api.w.org\/{rel}","templated":true}]}}