{"id":80775,"date":"2025-12-13T07:00:22","date_gmt":"2025-12-13T10:00:22","guid":{"rendered":"https:\/\/noticiasribeiraopreto.com.br\/index.php\/2025\/12\/13\/homem-e-socorrido-apos-sofrer-queda-e-bater-a-cabeca-no-calcadao-de-ribeirao\/"},"modified":"2025-12-13T07:00:22","modified_gmt":"2025-12-13T10:00:22","slug":"homem-e-socorrido-apos-sofrer-queda-e-bater-a-cabeca-no-calcadao-de-ribeirao","status":"publish","type":"post","link":"https:\/\/noticiasribeiraopreto.com.br\/index.php\/2025\/12\/13\/homem-e-socorrido-apos-sofrer-queda-e-bater-a-cabeca-no-calcadao-de-ribeirao\/","title":{"rendered":"Homem \u00e9 socorrido ap\u00f3s sofrer queda e bater a cabe\u00e7a no cal\u00e7ad\u00e3o de Ribeir\u00e3o"},"content":{"rendered":"<div class='code-block code-block-1' style='margin: 8px 0 8px auto; text-align: right; display: block; clear: both;'>\n<p><a href=\"https:\/\/wa.link\/vpicfd\"><img data-recalc-dims=\"1\" class=\"wp-image-4922\" style=\"aspect-ratio: 2.0253164556962027; width: 561px; height: auto;\" src=\"https:\/\/i0.wp.com\/ismaelcolosi.com.br\/wp-content\/uploads\/2023\/11\/grupo-de-empregos-whatsapp-e-facebook-ismael-colosi-vagas.jpg?ssl=1\" alt=\"\" \/><\/a><\/p>\n<!-- \/wp:image -->\n<\/div>\n<p> <br \/>\n<\/p>\n<div data-td-block-uid=\"tdi_95\">\n<div class=\"tdb-block-inner td-fix-index\">\n<p>Um homem foi socorrido com ferimentos graves ap\u00f3s sofrer uma queda em uma loja no <strong>cal\u00e7ad\u00e3o<\/strong> de <strong>Ribeir\u00e3o Preto<\/strong>, na manh\u00e3 desta sexta-feira (12). A v\u00edtima, que n\u00e3o teve o nome divulgado, foi levada para<strong> HC-UE (Hospital das Cl\u00ednicas \u2013 Unidade de Emerg\u00eancia)<\/strong>.<\/p>\n<p>O homem estava fazendo manuten\u00e7\u00e3o no ar-condicionado de uma loja, na <strong>rua General Os\u00f3rio<\/strong>, quando levou choque, caiu e bateu a cabe\u00e7a. Segundo as primeiras informa\u00e7\u00f5es, a v\u00edtima teria sofrido um afundamento no cr\u00e2nio.<\/p>\n<p>O <strong>Samu (Servi\u00e7o de Atendimento M\u00f3vel de Urg\u00eancia) <\/strong>foi acionado para prestar os primeiros atendimentos. Ainda n\u00e3o h\u00e1 informa\u00e7\u00f5es sobre o estado de sa\u00fade da v\u00edtima.<\/p>\n<p>SAIBA MAIS<br \/>Virada no tempo com risco de temporais; Veja previs\u00e3o para o fim de semana<\/p>\n<h2 class=\"wp-block-heading\"><strong>FIQUE ON<\/strong><\/h2>\n<p>Fique ligado em tudo que acontece em Ribeir\u00e3o Preto e regi\u00e3o. Siga os perfis do<strong>\u00a0acidade on<\/strong>\u00a0no<a href=\"https:\/\/www.instagram.com\/acidadeonribeirao\" target=\"_blank\" rel=\"noreferrer noopener\">\u00a0Instagram\u00a0<\/a>e no\u00a0<a href=\"https:\/\/www.facebook.com\/acidadeonribeirao\/\" target=\"_blank\" rel=\"noreferrer noopener\">Facebook<\/a>.<\/p>\n<p>Receba not\u00edcias do\u00a0<strong>acidade on\u00a0<\/strong>no WhatsApp. Para entrar no grupo,\u00a0basta<a href=\"https:\/\/chat.whatsapp.com\/GFH9HUMUTHNFJdnyEd0xxq\" target=\"_blank\" rel=\"noreferrer noopener\">\u00a0clicar aqui<\/a>. Ou, acesse o nosso\u00a0Canal\u00a0<a href=\"https:\/\/whatsapp.com\/channel\/0029Vb6IQl1JENyAeS57fk2p\" target=\"_blank\" rel=\"noreferrer noopener\">clicando aqui<\/a>.<\/p>\n<p>Fa\u00e7a uma den\u00fancia ou sugira uma reportagem sobre Ribeir\u00e3o Preto e regi\u00e3o pelo WhatsApp: 16 99117 7802.<\/p>\n<p>VEJA TAMB\u00c9M<br \/>Lotof\u00e1cil 3560: sete apostas dividem pr\u00eamio m\u00e1ximo; veja cidades<\/p>\n<p><!-- AI CONTENT END 1 -->\n<\/div>\n<\/div>\n<p><script async src=\"\/\/www.instagram.com\/embed.js\"><\/script><br \/>\n<br \/><br \/>\n<br \/><a href=\"https:\/\/www.acidadeon.com\/ribeiraopreto\/cotidiano\/homem-e-socorrido-apos-sofrer-queda-e-bater-a-cabeca-no-calcadao-de-ribeirao\/\">Source link <\/a><\/p>\n<!-- CONTENT END 1 -->\n","protected":false},"excerpt":{"rendered":"<p>Um homem foi socorrido com ferimentos graves ap\u00f3s sofrer uma queda em uma loja no cal\u00e7ad\u00e3o de Ribeir\u00e3o Preto, na manh\u00e3 desta sexta-feira (12). A&#8230;<\/p>\n","protected":false},"author":1,"featured_media":80776,"comment_status":"open","ping_status":"open","sticky":false,"template":"","format":"standard","meta":{"advanced_seo_description":"","jetpack_seo_html_title":"","jetpack_seo_noindex":false,"jetpack_post_was_ever_published":false,"_jetpack_newsletter_access":"","_jetpack_dont_email_post_to_subs":false,"_jetpack_newsletter_tier_id":0,"_jetpack_memberships_contains_paywalled_content":false,"_jetpack_memberships_contains_paid_content":false,"footnotes":"","jetpack_publicize_message":"","jetpack_publicize_feature_enabled":true,"jetpack_social_post_already_shared":true,"jetpack_social_options":{"image_generator_settings":{"template":"highway","default_image_id":0,"font":"","enabled":false},"version":2}},"categories":[11],"tags":[],"class_list":["post-80775","post","type-post","status-publish","format-standard","has-post-thumbnail","hentry","category-noticias-de-ribeirao-preto-sp-e-regiao-ismael-colosi"],"jetpack_publicize_connections":[],"jetpack_featured_media_url":"https:\/\/i0.wp.com\/noticiasribeiraopreto.com.br\/wp-content\/uploads\/2025\/12\/ATENDIMENTO-CENTRO_2025-12-12_14-47-48.webp.webp?fit=1200%2C674&ssl=1","jetpack-related-posts":[{"id":23201,"url":"https:\/\/noticiasribeiraopreto.com.br\/index.php\/2024\/01\/01\/utm_sourcerssutm_mediumrssutm_campaignhomem-e-baleado-durante-reveillon-em-jaboticabal\/","url_meta":{"origin":80775,"position":0},"title":"Homem \u00e9 baleado durante r\u00e9veillon em Jaboticabal \u2013 X Tudo Ribeir\u00e3o","author":"noticiasribeiraopreto.com.br","date":"1 de January de 2024","format":false,"excerpt":"Um homem foi socorrido em estado grave ap\u00f3s levar tr\u00eas tiros durante uma festa na madrugada desta segunda-feira (1\/1), na cidade de Jaboticabal.\u00a0 Segundo informa\u00e7\u00f5es da PM (Pol\u00edcia Militar), a v\u00edtima que n\u00e3o teve o nome divulgado estava em uma festa de\u00a0\u00a0r\u00e9veillon, quando foi alvejada pelos tr\u00eas disparos. De acordo\u2026","rel":"","context":"In &quot;Not\u00edcias de Ribeir\u00e3o Preto-SP e Regi\u00e3o&quot;","block_context":{"text":"Not\u00edcias de Ribeir\u00e3o Preto-SP e Regi\u00e3o","link":"https:\/\/noticiasribeiraopreto.com.br\/index.php\/category\/noticias-de-ribeirao-preto-sp-e-regiao-ismael-colosi\/"},"img":{"alt_text":"","src":"https:\/\/i0.wp.com\/noticiasribeiraopreto.com.br\/wp-content\/uploads\/2024\/01\/Troca-de-tiros.jpg?fit=1200%2C674&ssl=1&resize=350%2C200","width":350,"height":200,"srcset":"https:\/\/i0.wp.com\/noticiasribeiraopreto.com.br\/wp-content\/uploads\/2024\/01\/Troca-de-tiros.jpg?fit=1200%2C674&ssl=1&resize=350%2C200 1x, https:\/\/i0.wp.com\/noticiasribeiraopreto.com.br\/wp-content\/uploads\/2024\/01\/Troca-de-tiros.jpg?fit=1200%2C674&ssl=1&resize=525%2C300 1.5x, https:\/\/i0.wp.com\/noticiasribeiraopreto.com.br\/wp-content\/uploads\/2024\/01\/Troca-de-tiros.jpg?fit=1200%2C674&ssl=1&resize=700%2C400 2x, https:\/\/i0.wp.com\/noticiasribeiraopreto.com.br\/wp-content\/uploads\/2024\/01\/Troca-de-tiros.jpg?fit=1200%2C674&ssl=1&resize=1050%2C600 3x"},"classes":[]},{"id":17672,"url":"https:\/\/noticiasribeiraopreto.com.br\/index.php\/2023\/12\/18\/homem-e-preso-apos-furtar-loja-no-calcadao\/","url_meta":{"origin":80775,"position":1},"title":"Homem \u00e9 preso ap\u00f3s furtar loja no Cal\u00e7ad\u00e3o","author":"noticiasribeiraopreto.com.br","date":"18 de December de 2023","format":false,"excerpt":"Suspeito disse que \u00e9 usu\u00e1rio de drogas e teria cometido o crime para sustentar o v\u00edcio 18 de dezembro de 2023 | 16:49 2Por: Adalberto LuqueUm homem foi preso, na noite desta sexta-feira (15), ap\u00f3s furtar uma loja de bijuterias localizada na Rua General Os\u00f3rio, Cal\u00e7ad\u00e3o, Centro de Ribeir\u00e3o Preto.\u2026","rel":"","context":"In &quot;Not\u00edcias de Ribeir\u00e3o Preto-SP e Regi\u00e3o&quot;","block_context":{"text":"Not\u00edcias de Ribeir\u00e3o Preto-SP e Regi\u00e3o","link":"https:\/\/noticiasribeiraopreto.com.br\/index.php\/category\/noticias-de-ribeirao-preto-sp-e-regiao-ismael-colosi\/"},"img":{"alt_text":"","src":"https:\/\/i0.wp.com\/noticiasribeiraopreto.com.br\/wp-content\/uploads\/2023\/12\/00-18-dez-2023-furto-calcadao-foto-x-tudo-scaled.jpg?fit=1000%2C515&ssl=1&resize=350%2C200","width":350,"height":200,"srcset":"https:\/\/i0.wp.com\/noticiasribeiraopreto.com.br\/wp-content\/uploads\/2023\/12\/00-18-dez-2023-furto-calcadao-foto-x-tudo-scaled.jpg?fit=1000%2C515&ssl=1&resize=350%2C200 1x, https:\/\/i0.wp.com\/noticiasribeiraopreto.com.br\/wp-content\/uploads\/2023\/12\/00-18-dez-2023-furto-calcadao-foto-x-tudo-scaled.jpg?fit=1000%2C515&ssl=1&resize=525%2C300 1.5x, https:\/\/i0.wp.com\/noticiasribeiraopreto.com.br\/wp-content\/uploads\/2023\/12\/00-18-dez-2023-furto-calcadao-foto-x-tudo-scaled.jpg?fit=1000%2C515&ssl=1&resize=700%2C400 2x"},"classes":[]},{"id":20515,"url":"https:\/\/noticiasribeiraopreto.com.br\/index.php\/2023\/12\/25\/utm_sourcerssutm_mediumrssutm_campaignhomem-e-preso-apos-tentar-m4t4r-desafeto-com-golpes-de-paulada-na-cabeca-em-ribeirao-preto\/","url_meta":{"origin":80775,"position":2},"title":"Homem \u00e9 preso ap\u00f3s TENTAR M4T4R desafeto com golpes de paulada na cabe\u00e7a em Ribeir\u00e3o Preto \u2013 X Tudo Ribeir\u00e3o","author":"noticiasribeiraopreto.com.br","date":"25 de December de 2023","format":false,"excerpt":"Um homem foi preso pela PM (Pol\u00edcia Militar) ap\u00f3s tentar matar outro homem a pauladas durante uma briga na manh\u00e3 desta segunda-feira (25\/12), na avenida F\u00e1bio Barreto, no bairro Campos El\u00edseos em Ribeir\u00e3o Preto.\u00a0 Segundo informa\u00e7\u00f5es da PM, populares acionaram os Policiais versando sobre uma briga, onde teria um homem\u2026","rel":"","context":"In &quot;Not\u00edcias de Ribeir\u00e3o Preto-SP e Regi\u00e3o&quot;","block_context":{"text":"Not\u00edcias de Ribeir\u00e3o Preto-SP e Regi\u00e3o","link":"https:\/\/noticiasribeiraopreto.com.br\/index.php\/category\/noticias-de-ribeirao-preto-sp-e-regiao-ismael-colosi\/"},"img":{"alt_text":"","src":"https:\/\/i0.wp.com\/noticiasribeiraopreto.com.br\/wp-content\/uploads\/2023\/12\/ambulancia-samu.jpeg?fit=880%2C550&ssl=1&resize=350%2C200","width":350,"height":200,"srcset":"https:\/\/i0.wp.com\/noticiasribeiraopreto.com.br\/wp-content\/uploads\/2023\/12\/ambulancia-samu.jpeg?fit=880%2C550&ssl=1&resize=350%2C200 1x, https:\/\/i0.wp.com\/noticiasribeiraopreto.com.br\/wp-content\/uploads\/2023\/12\/ambulancia-samu.jpeg?fit=880%2C550&ssl=1&resize=525%2C300 1.5x, https:\/\/i0.wp.com\/noticiasribeiraopreto.com.br\/wp-content\/uploads\/2023\/12\/ambulancia-samu.jpeg?fit=880%2C550&ssl=1&resize=700%2C400 2x"},"classes":[]},{"id":58136,"url":"https:\/\/noticiasribeiraopreto.com.br\/index.php\/2024\/09\/19\/homem-morre-apos-ser-baleado-em-frente-a-uma-loja-de-carros-na-regiao-de-ribeirao\/","url_meta":{"origin":80775,"position":3},"title":"Homem morre ap\u00f3s ser baleado em frente a uma loja de carros na regi\u00e3o de Ribeir\u00e3o","author":"noticiasribeiraopreto.com.br","date":"19 de September de 2024","format":false,"excerpt":"Um homem morreu ap\u00f3s ser baleado em frente a uma loja de carros na avenida Major Nic\u00e1cio em Franca, cidade na regi\u00e3o de Ribeir\u00e3o Preto, na tarde desta quinta-feira (19). De acordo com as primeiras informa\u00e7\u00f5es, os disparos teriam acertado a cabe\u00e7a e o abd\u00f4men da v\u00edtima. O SAMU (Servi\u00e7o\u2026","rel":"","context":"In &quot;Not\u00edcias de Ribeir\u00e3o Preto-SP e Regi\u00e3o&quot;","block_context":{"text":"Not\u00edcias de Ribeir\u00e3o Preto-SP e Regi\u00e3o","link":"https:\/\/noticiasribeiraopreto.com.br\/index.php\/category\/noticias-de-ribeirao-preto-sp-e-regiao-ismael-colosi\/"},"img":{"alt_text":"","src":"https:\/\/i0.wp.com\/noticiasribeiraopreto.com.br\/wp-content\/uploads\/2024\/09\/Copia-de-Copia-de-Copia-de-TAMANHO-EXATO-PARA-FOTOS-NO-SISTEMA-NOVO-59_2024-09-19_19-01-32_png_2024-09-19_19-01-32.webp.webp?fit=1200%2C675&ssl=1&resize=350%2C200","width":350,"height":200,"srcset":"https:\/\/i0.wp.com\/noticiasribeiraopreto.com.br\/wp-content\/uploads\/2024\/09\/Copia-de-Copia-de-Copia-de-TAMANHO-EXATO-PARA-FOTOS-NO-SISTEMA-NOVO-59_2024-09-19_19-01-32_png_2024-09-19_19-01-32.webp.webp?fit=1200%2C675&ssl=1&resize=350%2C200 1x, https:\/\/i0.wp.com\/noticiasribeiraopreto.com.br\/wp-content\/uploads\/2024\/09\/Copia-de-Copia-de-Copia-de-TAMANHO-EXATO-PARA-FOTOS-NO-SISTEMA-NOVO-59_2024-09-19_19-01-32_png_2024-09-19_19-01-32.webp.webp?fit=1200%2C675&ssl=1&resize=525%2C300 1.5x, https:\/\/i0.wp.com\/noticiasribeiraopreto.com.br\/wp-content\/uploads\/2024\/09\/Copia-de-Copia-de-Copia-de-TAMANHO-EXATO-PARA-FOTOS-NO-SISTEMA-NOVO-59_2024-09-19_19-01-32_png_2024-09-19_19-01-32.webp.webp?fit=1200%2C675&ssl=1&resize=700%2C400 2x, https:\/\/i0.wp.com\/noticiasribeiraopreto.com.br\/wp-content\/uploads\/2024\/09\/Copia-de-Copia-de-Copia-de-TAMANHO-EXATO-PARA-FOTOS-NO-SISTEMA-NOVO-59_2024-09-19_19-01-32_png_2024-09-19_19-01-32.webp.webp?fit=1200%2C675&ssl=1&resize=1050%2C600 3x"},"classes":[]},{"id":58142,"url":"https:\/\/noticiasribeiraopreto.com.br\/index.php\/2024\/09\/19\/homem-morre-baleado-apos-descer-de-camaro-na-regiao-de-ribeirao-preto\/","url_meta":{"origin":80775,"position":4},"title":"Homem morre baleado ap\u00f3s descer de Camaro na regi\u00e3o de Ribeir\u00e3o Preto","author":"noticiasribeiraopreto.com.br","date":"19 de September de 2024","format":false,"excerpt":"Um homem morreu e outro ficou feriado ap\u00f3s serem baleados em frente a uma loja de carros, no cruzamento da avenida Major Nic\u00e1cio com a rua Homero Pach\u00eaco Alves, em Franca, cidade na regi\u00e3o de Ribeir\u00e3o Preto. De acordo com a apura\u00e7\u00e3o da EPTV, as v\u00edtimas haviam descido de um\u2026","rel":"","context":"In &quot;Not\u00edcias de Ribeir\u00e3o Preto-SP e Regi\u00e3o&quot;","block_context":{"text":"Not\u00edcias de Ribeir\u00e3o Preto-SP e Regi\u00e3o","link":"https:\/\/noticiasribeiraopreto.com.br\/index.php\/category\/noticias-de-ribeirao-preto-sp-e-regiao-ismael-colosi\/"},"img":{"alt_text":"","src":"https:\/\/i0.wp.com\/noticiasribeiraopreto.com.br\/wp-content\/uploads\/2024\/09\/Copia-de-Copia-de-Copia-de-TAMANHO-EXATO-PARA-FOTOS-NO-SISTEMA-NOVO-58_2024-09-19_18-58-51_png_2024-09-19_18-58-52.webp.webp?fit=1200%2C675&ssl=1&resize=350%2C200","width":350,"height":200,"srcset":"https:\/\/i0.wp.com\/noticiasribeiraopreto.com.br\/wp-content\/uploads\/2024\/09\/Copia-de-Copia-de-Copia-de-TAMANHO-EXATO-PARA-FOTOS-NO-SISTEMA-NOVO-58_2024-09-19_18-58-51_png_2024-09-19_18-58-52.webp.webp?fit=1200%2C675&ssl=1&resize=350%2C200 1x, https:\/\/i0.wp.com\/noticiasribeiraopreto.com.br\/wp-content\/uploads\/2024\/09\/Copia-de-Copia-de-Copia-de-TAMANHO-EXATO-PARA-FOTOS-NO-SISTEMA-NOVO-58_2024-09-19_18-58-51_png_2024-09-19_18-58-52.webp.webp?fit=1200%2C675&ssl=1&resize=525%2C300 1.5x, https:\/\/i0.wp.com\/noticiasribeiraopreto.com.br\/wp-content\/uploads\/2024\/09\/Copia-de-Copia-de-Copia-de-TAMANHO-EXATO-PARA-FOTOS-NO-SISTEMA-NOVO-58_2024-09-19_18-58-51_png_2024-09-19_18-58-52.webp.webp?fit=1200%2C675&ssl=1&resize=700%2C400 2x, https:\/\/i0.wp.com\/noticiasribeiraopreto.com.br\/wp-content\/uploads\/2024\/09\/Copia-de-Copia-de-Copia-de-TAMANHO-EXATO-PARA-FOTOS-NO-SISTEMA-NOVO-58_2024-09-19_18-58-51_png_2024-09-19_18-58-52.webp.webp?fit=1200%2C675&ssl=1&resize=1050%2C600 3x"},"classes":[]},{"id":72940,"url":"https:\/\/noticiasribeiraopreto.com.br\/index.php\/2025\/06\/23\/homem-morre-apos-sofrer-descarga-eletrica-ao-encostar-bambu-em-fio-de-alta-tensao\/","url_meta":{"origin":80775,"position":5},"title":"Homem morre ap\u00f3s sofrer descarga el\u00e9trica ao encostar bambu em fio de alta tens\u00e3o","author":"noticiasribeiraopreto.com.br","date":"23 de June de 2025","format":false,"excerpt":"Um homem morreu e outro ficou ferido ap\u00f3s sofrerem uma descarga el\u00e9trica em uma pra\u00e7a no Residencial J\u00falio D\u2019Elia, em Franca, a 80 quil\u00f4metros de Ribeir\u00e3o Preto. O acidente ocorreu na manh\u00e3 do \u00faltimo s\u00e1bado (21). Segundo informa\u00e7\u00f5es, eles erguiam um peda\u00e7o de bambu, que encostou em um fio de\u2026","rel":"","context":"In &quot;Not\u00edcias de Ribeir\u00e3o Preto-SP e Regi\u00e3o&quot;","block_context":{"text":"Not\u00edcias de Ribeir\u00e3o Preto-SP e Regi\u00e3o","link":"https:\/\/noticiasribeiraopreto.com.br\/index.php\/category\/noticias-de-ribeirao-preto-sp-e-regiao-ismael-colosi\/"},"img":{"alt_text":"","src":"https:\/\/i0.wp.com\/noticiasribeiraopreto.com.br\/wp-content\/uploads\/2025\/06\/CHOQUE_2025-06-23_13-01-24.webp.webp?fit=1200%2C717&ssl=1&resize=350%2C200","width":350,"height":200,"srcset":"https:\/\/i0.wp.com\/noticiasribeiraopreto.com.br\/wp-content\/uploads\/2025\/06\/CHOQUE_2025-06-23_13-01-24.webp.webp?fit=1200%2C717&ssl=1&resize=350%2C200 1x, https:\/\/i0.wp.com\/noticiasribeiraopreto.com.br\/wp-content\/uploads\/2025\/06\/CHOQUE_2025-06-23_13-01-24.webp.webp?fit=1200%2C717&ssl=1&resize=525%2C300 1.5x, https:\/\/i0.wp.com\/noticiasribeiraopreto.com.br\/wp-content\/uploads\/2025\/06\/CHOQUE_2025-06-23_13-01-24.webp.webp?fit=1200%2C717&ssl=1&resize=700%2C400 2x, https:\/\/i0.wp.com\/noticiasribeiraopreto.com.br\/wp-content\/uploads\/2025\/06\/CHOQUE_2025-06-23_13-01-24.webp.webp?fit=1200%2C717&ssl=1&resize=1050%2C600 3x"},"classes":[]}],"jetpack_sharing_enabled":true,"jetpack_shortlink":"https:\/\/wp.me\/peQAOb-l0P","_links":{"self":[{"href":"https:\/\/noticiasribeiraopreto.com.br\/index.php\/wp-json\/wp\/v2\/posts\/80775","targetHints":{"allow":["GET"]}}],"collection":[{"href":"https:\/\/noticiasribeiraopreto.com.br\/index.php\/wp-json\/wp\/v2\/posts"}],"about":[{"href":"https:\/\/noticiasribeiraopreto.com.br\/index.php\/wp-json\/wp\/v2\/types\/post"}],"author":[{"embeddable":true,"href":"https:\/\/noticiasribeiraopreto.com.br\/index.php\/wp-json\/wp\/v2\/users\/1"}],"replies":[{"embeddable":true,"href":"https:\/\/noticiasribeiraopreto.com.br\/index.php\/wp-json\/wp\/v2\/comments?post=80775"}],"version-history":[{"count":0,"href":"https:\/\/noticiasribeiraopreto.com.br\/index.php\/wp-json\/wp\/v2\/posts\/80775\/revisions"}],"wp:featuredmedia":[{"embeddable":true,"href":"https:\/\/noticiasribeiraopreto.com.br\/index.php\/wp-json\/wp\/v2\/media\/80776"}],"wp:attachment":[{"href":"https:\/\/noticiasribeiraopreto.com.br\/index.php\/wp-json\/wp\/v2\/media?parent=80775"}],"wp:term":[{"taxonomy":"category","embeddable":true,"href":"https:\/\/noticiasribeiraopreto.com.br\/index.php\/wp-json\/wp\/v2\/categories?post=80775"},{"taxonomy":"post_tag","embeddable":true,"href":"https:\/\/noticiasribeiraopreto.com.br\/index.php\/wp-json\/wp\/v2\/tags?post=80775"}],"curies":[{"name":"wp","href":"https:\/\/api.w.org\/{rel}","templated":true}]}}