{"id":80778,"date":"2025-12-13T08:17:25","date_gmt":"2025-12-13T11:17:25","guid":{"rendered":"https:\/\/noticiasribeiraopreto.com.br\/index.php\/2025\/12\/13\/nasa-mostra-dimensao-de-ciclone\/"},"modified":"2025-12-13T08:17:25","modified_gmt":"2025-12-13T11:17:25","slug":"nasa-mostra-dimensao-de-ciclone","status":"publish","type":"post","link":"https:\/\/noticiasribeiraopreto.com.br\/index.php\/2025\/12\/13\/nasa-mostra-dimensao-de-ciclone\/","title":{"rendered":"Nasa mostra dimens\u00e3o de ciclone"},"content":{"rendered":"<div class='code-block code-block-1' style='margin: 8px 0 8px auto; text-align: right; display: block; clear: both;'>\n<p><a href=\"https:\/\/wa.link\/vpicfd\"><img data-recalc-dims=\"1\" class=\"wp-image-4922\" style=\"aspect-ratio: 2.0253164556962027; width: 561px; height: auto;\" src=\"https:\/\/i0.wp.com\/ismaelcolosi.com.br\/wp-content\/uploads\/2023\/11\/grupo-de-empregos-whatsapp-e-facebook-ismael-colosi-vagas.jpg?ssl=1\" alt=\"\" \/><\/a><\/p>\n<!-- \/wp:image -->\n<\/div>\n<p> <br \/>\n<\/p>\n<div>\n<p><strong><u>Roberta Jansen (AE)<\/u><\/strong><\/p>\n<p>Imagens captadas pelo sat\u00e9lite meteorol\u00f3gico GOES-19, da Ag\u00eancia Aeroespacial dos Estados Unidos (Nasa), mostram a dimens\u00e3o do ciclone extratropical que atingiu o Brasil nesta semana. As imagens destacam a amplitude do fen\u00f4meno, evidenciando seu alcance sobre os estados afetados.<\/p>\n<p>Formado na regi\u00e3o Sul, o ciclone alterou as condi\u00e7\u00f5es do tempo em diversas \u00e1reas, provocando tempestades e rajadas de vento. As chuvas e fortes rajadas provocadas pelo fen\u00f4meno causaram danos em pelo menos dez munic\u00edpios do Rio Grande do Sul e deixaram tr\u00eas v\u00edtimas em Santa Catarina.<\/p>\n<p>Em S\u00e3o Paulo, o ciclone trouxe um vendaval hist\u00f3rico, com ventos de at\u00e9 98 km\/h, velocidade nunca antes registrada pelo Instituto Nacional de Meteorologia (Inmet) desde o in\u00edcio das medi\u00e7\u00f5es, em 1963. A Defesa Civil do Estado contabiliza duas mortes, uma em Campos de Jord\u00e3o e outra no Jardim Sapopemba, Zona Leste da capital paulista. Tamb\u00e9m nteve muita chuva e rajadas de vento em Ribeir\u00e3o Preto, com queda de \u00e1rvores e alagamentos<\/p>\n<p>O sistema j\u00e1 se afasta do pa\u00eds pelo Oceano Atl\u00e2ntico e, segundo a Climatempo, n\u00e3o exerce mais influ\u00eancia sobre o tempo no pa\u00eds. O ciclone extratropical se forma a partir do encontro entre uma massa de ar quente e uma massa de ar frio em latitudes mais elevadas \u2013 um processo cont\u00ednuo que, normalmente, ajuda a regular a temperatura do planeta.<\/p>\n<p>Por isso, os ciclones s\u00e3o muito frequentes. Por\u00e9m, na maior parte das vezes, eles ocorrem sobre o mar e n\u00e3o s\u00e3o muito fortes e, por isso, passam despercebidos. Com o aquecimento global, o aumento geral da temperatura e da umidade vem tornando os fen\u00f4menos mais intensos, como o visto nos \u00faltimos dias em S\u00e3o Paulo.<\/p>\n<p>A forma\u00e7\u00e3o e o desenvolvimento (ou, no linguajar da meteorologia, a ciclog\u00eanese) de um ciclone extratropical ocorrem em est\u00e1gios claros. O est\u00e1gio inicial ocorre em uma \u00e1rea de transi\u00e7\u00e3o, onde h\u00e1 grandes diferen\u00e7as de temperatura e umidade, com intenso cisalhamento do vento (diferen\u00e7as substanciais de velocidade e dire\u00e7\u00e3o do vento em curtas dist\u00e2ncias).<\/p>\n<p>Forma-se, ent\u00e3o, uma \u00e1rea de baixa press\u00e3o atmosf\u00e9rica; isto \u00e9 um v\u00e1cuo para onde o ar tende a convergir. Com a forma\u00e7\u00e3o dessa \u00e1rea de baixa press\u00e3o atmosf\u00e9rica, as massas de ar come\u00e7am a interagir de forma mais organizada. O ar quente, menos denso, \u00e9 for\u00e7ado a subir para al\u00e9m do ar frio, mais denso. Esse movimento ascendente do ar quente e \u00famido provoca a forma\u00e7\u00e3o de nuvens carregadas e chuvas intensas.<\/p>\n<p>O sistema come\u00e7a ent\u00e3o a girar no sentido hor\u00e1rio no Hemisf\u00e9rio Sul (anti-hor\u00e1rio no Hemisf\u00e9rio Norte). O ciclone atinge a sua intensidade m\u00e1xima com um centro de baixa press\u00e3o bem definido e ventos fortes (que podem ultrapassar 90 km\/h). A frente fria avan\u00e7a rapidamente ocludindo (encontrando e levantando) a frente quente, formando uma frente oclusa.<\/p>\n<p>Em determinado ponto, o ar frio acaba por envolver completamente o centro de baixa press\u00e3o, cortando o suprimento de ar quente e \u00famido oriundo da superf\u00edcie. O sistema come\u00e7a, ent\u00e3o, a perder energia, as nuvens se dissipam gradualmente e os ventos diminuem at\u00e9 a dissolu\u00e7\u00e3o completa do ciclone.<\/p>\n<p>Os ciclones extratropicais costumam ser grandes, podendo ter at\u00e9 mais de mil quil\u00f4metros de extens\u00e3o, e sua dura\u00e7\u00e3o varia de algumas horas a at\u00e9 dois ou tr\u00eas dias, dependendo da velocidade com que se deslocam.<\/p>\n<\/div>\n<p><br \/>\n<br \/><a href=\"https:\/\/www.tribunaribeirao.com.br\/nasa-mostra-dimensao-de-ciclone\/\">Source link <\/a><\/p>\n<!-- CONTENT END 1 -->\n","protected":false},"excerpt":{"rendered":"<p>Roberta Jansen (AE) Imagens captadas pelo sat\u00e9lite meteorol\u00f3gico GOES-19, da Ag\u00eancia Aeroespacial dos Estados Unidos (Nasa), mostram a dimens\u00e3o do ciclone extratropical que atingiu o&#8230;<\/p>\n","protected":false},"author":1,"featured_media":80779,"comment_status":"open","ping_status":"open","sticky":false,"template":"","format":"standard","meta":{"advanced_seo_description":"","jetpack_seo_html_title":"","jetpack_seo_noindex":false,"jetpack_post_was_ever_published":false,"_jetpack_newsletter_access":"","_jetpack_dont_email_post_to_subs":false,"_jetpack_newsletter_tier_id":0,"_jetpack_memberships_contains_paywalled_content":false,"_jetpack_memberships_contains_paid_content":false,"footnotes":"","jetpack_publicize_message":"","jetpack_publicize_feature_enabled":true,"jetpack_social_post_already_shared":true,"jetpack_social_options":{"image_generator_settings":{"template":"highway","default_image_id":0,"font":"","enabled":false},"version":2}},"categories":[11],"tags":[],"class_list":["post-80778","post","type-post","status-publish","format-standard","has-post-thumbnail","hentry","category-noticias-de-ribeirao-preto-sp-e-regiao-ismael-colosi"],"jetpack_publicize_connections":[],"jetpack_featured_media_url":"https:\/\/i0.wp.com\/noticiasribeiraopreto.com.br\/wp-content\/uploads\/2025\/12\/Ciclone-Divulgacao-Nasa.jpg?fit=1200%2C700&ssl=1","jetpack-related-posts":[{"id":80611,"url":"https:\/\/noticiasribeiraopreto.com.br\/index.php\/2025\/12\/08\/ciclone-provoca-ventos-proximos-de-100-km-h-no-estado-de-sao-paulo-veja-previsao\/","url_meta":{"origin":80778,"position":0},"title":"Ciclone provoca ventos pr\u00f3ximos de 100 km\/h no estado de S\u00e3o Paulo; Veja previs\u00e3o","author":"noticiasribeiraopreto.com.br","date":"8 de December de 2025","format":false,"excerpt":"Uma regi\u00e3o de baixa press\u00e3o se forma sobre o Sul do Brasil nesta segunda-feira (8) e deve dar origem a um ciclone extratropical que vai atingir o Sudeste do pa\u00eds. De acordo com o meteorologista Matheus Manente, da Meteored, esse sistema pode provocar chuva intensa e rajadas de vento que\u2026","rel":"","context":"In &quot;Not\u00edcias de Ribeir\u00e3o Preto-SP e Regi\u00e3o&quot;","block_context":{"text":"Not\u00edcias de Ribeir\u00e3o Preto-SP e Regi\u00e3o","link":"https:\/\/noticiasribeiraopreto.com.br\/index.php\/category\/noticias-de-ribeirao-preto-sp-e-regiao-ismael-colosi\/"},"img":{"alt_text":"","src":"https:\/\/i0.wp.com\/noticiasribeiraopreto.com.br\/wp-content\/uploads\/2025\/10\/chuva_temporal_1024x576_07012021130023_2024-10-24_18-15-47_jpg_2024-10-24_18-15-47.webp.webp?fit=1024%2C575&ssl=1&resize=350%2C200","width":350,"height":200,"srcset":"https:\/\/i0.wp.com\/noticiasribeiraopreto.com.br\/wp-content\/uploads\/2025\/10\/chuva_temporal_1024x576_07012021130023_2024-10-24_18-15-47_jpg_2024-10-24_18-15-47.webp.webp?fit=1024%2C575&ssl=1&resize=350%2C200 1x, https:\/\/i0.wp.com\/noticiasribeiraopreto.com.br\/wp-content\/uploads\/2025\/10\/chuva_temporal_1024x576_07012021130023_2024-10-24_18-15-47_jpg_2024-10-24_18-15-47.webp.webp?fit=1024%2C575&ssl=1&resize=525%2C300 1.5x, https:\/\/i0.wp.com\/noticiasribeiraopreto.com.br\/wp-content\/uploads\/2025\/10\/chuva_temporal_1024x576_07012021130023_2024-10-24_18-15-47_jpg_2024-10-24_18-15-47.webp.webp?fit=1024%2C575&ssl=1&resize=700%2C400 2x"},"classes":[]},{"id":79676,"url":"https:\/\/noticiasribeiraopreto.com.br\/index.php\/2025\/11\/05\/ciclone-e-frente-fria-motivam-alerta-para-tempestades-e-ventania\/","url_meta":{"origin":80778,"position":1},"title":"Ciclone e frente fria motivam alerta para tempestades e ventania","author":"noticiasribeiraopreto.com.br","date":"5 de November de 2025","format":false,"excerpt":"A forma\u00e7\u00e3o de um novo ciclone extratropical, seguido pela forma\u00e7\u00e3o de uma frente fria sobre o Sul do Brasil entre os dias 7 e 8 de novembro, deixa os estados da regi\u00e3o sudeste, incluindo o Estado de S\u00e3o Paulo, em alerta para tempestades e ventania. Segundo a Climatempo, o processo\u2026","rel":"","context":"In &quot;Not\u00edcias de Ribeir\u00e3o Preto-SP e Regi\u00e3o&quot;","block_context":{"text":"Not\u00edcias de Ribeir\u00e3o Preto-SP e Regi\u00e3o","link":"https:\/\/noticiasribeiraopreto.com.br\/index.php\/category\/noticias-de-ribeirao-preto-sp-e-regiao-ismael-colosi\/"},"img":{"alt_text":"","src":"https:\/\/i0.wp.com\/noticiasribeiraopreto.com.br\/wp-content\/uploads\/2025\/11\/tempestade_2025-11-05_18-42-17.webp.webp?fit=1200%2C950&ssl=1&resize=350%2C200","width":350,"height":200,"srcset":"https:\/\/i0.wp.com\/noticiasribeiraopreto.com.br\/wp-content\/uploads\/2025\/11\/tempestade_2025-11-05_18-42-17.webp.webp?fit=1200%2C950&ssl=1&resize=350%2C200 1x, https:\/\/i0.wp.com\/noticiasribeiraopreto.com.br\/wp-content\/uploads\/2025\/11\/tempestade_2025-11-05_18-42-17.webp.webp?fit=1200%2C950&ssl=1&resize=525%2C300 1.5x, https:\/\/i0.wp.com\/noticiasribeiraopreto.com.br\/wp-content\/uploads\/2025\/11\/tempestade_2025-11-05_18-42-17.webp.webp?fit=1200%2C950&ssl=1&resize=700%2C400 2x, https:\/\/i0.wp.com\/noticiasribeiraopreto.com.br\/wp-content\/uploads\/2025\/11\/tempestade_2025-11-05_18-42-17.webp.webp?fit=1200%2C950&ssl=1&resize=1050%2C600 3x"},"classes":[]},{"id":80660,"url":"https:\/\/noticiasribeiraopreto.com.br\/index.php\/2025\/12\/10\/ciclone-que-atinge-sc-vai-chegar-ao-interior-de-sp-veja-previsao\/","url_meta":{"origin":80778,"position":2},"title":"Ciclone que atinge SC vai chegar ao interior de SP? Veja previs\u00e3o","author":"noticiasribeiraopreto.com.br","date":"10 de December de 2025","format":false,"excerpt":"O ciclone extratropical que atinge Santa Catarina j\u00e1 provoca mudan\u00e7as no tempo em v\u00e1rias regi\u00f5es de S\u00e3o Paulo nesta ter\u00e7a-feira (9), inclusive no interior. A Defesa Civil emitiu, na segunda-feira (8), um alerta preventivo para chuva, rajadas de vento e queda de temperatura na regi\u00e3o de Ribeir\u00e3o Preto. Segundo o\u2026","rel":"","context":"In &quot;Not\u00edcias de Ribeir\u00e3o Preto-SP e Regi\u00e3o&quot;","block_context":{"text":"Not\u00edcias de Ribeir\u00e3o Preto-SP e Regi\u00e3o","link":"https:\/\/noticiasribeiraopreto.com.br\/index.php\/category\/noticias-de-ribeirao-preto-sp-e-regiao-ismael-colosi\/"},"img":{"alt_text":"","src":"https:\/\/i0.wp.com\/noticiasribeiraopreto.com.br\/wp-content\/uploads\/2025\/12\/Imagem-do-WhatsApp-de-2025-12-09-as-18.22.36_13dffc53_2025-12-09_21-25-12.webp.webp?fit=1200%2C900&ssl=1&resize=350%2C200","width":350,"height":200,"srcset":"https:\/\/i0.wp.com\/noticiasribeiraopreto.com.br\/wp-content\/uploads\/2025\/12\/Imagem-do-WhatsApp-de-2025-12-09-as-18.22.36_13dffc53_2025-12-09_21-25-12.webp.webp?fit=1200%2C900&ssl=1&resize=350%2C200 1x, https:\/\/i0.wp.com\/noticiasribeiraopreto.com.br\/wp-content\/uploads\/2025\/12\/Imagem-do-WhatsApp-de-2025-12-09-as-18.22.36_13dffc53_2025-12-09_21-25-12.webp.webp?fit=1200%2C900&ssl=1&resize=525%2C300 1.5x, https:\/\/i0.wp.com\/noticiasribeiraopreto.com.br\/wp-content\/uploads\/2025\/12\/Imagem-do-WhatsApp-de-2025-12-09-as-18.22.36_13dffc53_2025-12-09_21-25-12.webp.webp?fit=1200%2C900&ssl=1&resize=700%2C400 2x, https:\/\/i0.wp.com\/noticiasribeiraopreto.com.br\/wp-content\/uploads\/2025\/12\/Imagem-do-WhatsApp-de-2025-12-09-as-18.22.36_13dffc53_2025-12-09_21-25-12.webp.webp?fit=1200%2C900&ssl=1&resize=1050%2C600 3x"},"classes":[]},{"id":80593,"url":"https:\/\/noticiasribeiraopreto.com.br\/index.php\/2025\/12\/07\/novo-ciclone-se-forma-e-deixa-estado-de-sp-em-alerta-para-tempestades-veja-previsao\/","url_meta":{"origin":80778,"position":3},"title":"Novo ciclone se forma e deixa estado de SP em alerta para tempestades; Veja previs\u00e3o","author":"noticiasribeiraopreto.com.br","date":"7 de December de 2025","format":false,"excerpt":"A pr\u00f3xima semana tem previs\u00e3o de virada no tempo no Sudeste\u00a0com a forma\u00e7\u00e3o de um novo ciclone e o transporte de umidade da regi\u00e3o Norte. Segundo a Meteored, na pr\u00f3xima segunda-feira (8) as chuvas j\u00e1 devem afetar boa parte do estado de S\u00e3o Paulo e ter\u00a0forte intensidade em \u00e1reas pontuais.\u2026","rel":"","context":"In &quot;Not\u00edcias de Ribeir\u00e3o Preto-SP e Regi\u00e3o&quot;","block_context":{"text":"Not\u00edcias de Ribeir\u00e3o Preto-SP e Regi\u00e3o","link":"https:\/\/noticiasribeiraopreto.com.br\/index.php\/category\/noticias-de-ribeirao-preto-sp-e-regiao-ismael-colosi\/"},"img":{"alt_text":"","src":"https:\/\/i0.wp.com\/noticiasribeiraopreto.com.br\/wp-content\/uploads\/2025\/12\/ciclone_2025-12-06_18-33-20.webp.webp?fit=1200%2C811&ssl=1&resize=350%2C200","width":350,"height":200,"srcset":"https:\/\/i0.wp.com\/noticiasribeiraopreto.com.br\/wp-content\/uploads\/2025\/12\/ciclone_2025-12-06_18-33-20.webp.webp?fit=1200%2C811&ssl=1&resize=350%2C200 1x, https:\/\/i0.wp.com\/noticiasribeiraopreto.com.br\/wp-content\/uploads\/2025\/12\/ciclone_2025-12-06_18-33-20.webp.webp?fit=1200%2C811&ssl=1&resize=525%2C300 1.5x, https:\/\/i0.wp.com\/noticiasribeiraopreto.com.br\/wp-content\/uploads\/2025\/12\/ciclone_2025-12-06_18-33-20.webp.webp?fit=1200%2C811&ssl=1&resize=700%2C400 2x, https:\/\/i0.wp.com\/noticiasribeiraopreto.com.br\/wp-content\/uploads\/2025\/12\/ciclone_2025-12-06_18-33-20.webp.webp?fit=1200%2C811&ssl=1&resize=1050%2C600 3x"},"classes":[]},{"id":75952,"url":"https:\/\/noticiasribeiraopreto.com.br\/index.php\/2025\/08\/19\/defesa-civil-emite-alerta-para-ventos-fortes-no-estado-de-sao-paulo\/","url_meta":{"origin":80778,"position":4},"title":"Defesa Civil emite alerta para ventos fortes no estado de S\u00e3o Paulo","author":"noticiasribeiraopreto.com.br","date":"19 de August de 2025","format":false,"excerpt":"A Defesa Civil do Estado de S\u00e3o Paulo publicou um alerta para ventos fortes em todas as regi\u00f5es paulistas entre esta ter\u00e7a-feira (19) e quarta-feira (20). Ciclone O \u00f3rg\u00e3o explicou que a forma\u00e7\u00e3o de um ciclone extratropical no Sul do Brasil deve intensificar os ventos em todas as regi\u00f5es do\u2026","rel":"","context":"In &quot;Not\u00edcias de Ribeir\u00e3o Preto-SP e Regi\u00e3o&quot;","block_context":{"text":"Not\u00edcias de Ribeir\u00e3o Preto-SP e Regi\u00e3o","link":"https:\/\/noticiasribeiraopreto.com.br\/index.php\/category\/noticias-de-ribeirao-preto-sp-e-regiao-ismael-colosi\/"},"img":{"alt_text":"","src":"https:\/\/i0.wp.com\/noticiasribeiraopreto.com.br\/wp-content\/uploads\/2025\/06\/NY_1764_2024-08-24_20-32-38_jpg_2024-08-24_20-32-39-1068x712-1_2024-09-13_21-37-09.webp.webp?fit=1068%2C712&ssl=1&resize=350%2C200","width":350,"height":200,"srcset":"https:\/\/i0.wp.com\/noticiasribeiraopreto.com.br\/wp-content\/uploads\/2025\/06\/NY_1764_2024-08-24_20-32-38_jpg_2024-08-24_20-32-39-1068x712-1_2024-09-13_21-37-09.webp.webp?fit=1068%2C712&ssl=1&resize=350%2C200 1x, https:\/\/i0.wp.com\/noticiasribeiraopreto.com.br\/wp-content\/uploads\/2025\/06\/NY_1764_2024-08-24_20-32-38_jpg_2024-08-24_20-32-39-1068x712-1_2024-09-13_21-37-09.webp.webp?fit=1068%2C712&ssl=1&resize=525%2C300 1.5x, https:\/\/i0.wp.com\/noticiasribeiraopreto.com.br\/wp-content\/uploads\/2025\/06\/NY_1764_2024-08-24_20-32-38_jpg_2024-08-24_20-32-39-1068x712-1_2024-09-13_21-37-09.webp.webp?fit=1068%2C712&ssl=1&resize=700%2C400 2x, https:\/\/i0.wp.com\/noticiasribeiraopreto.com.br\/wp-content\/uploads\/2025\/06\/NY_1764_2024-08-24_20-32-38_jpg_2024-08-24_20-32-39-1068x712-1_2024-09-13_21-37-09.webp.webp?fit=1068%2C712&ssl=1&resize=1050%2C600 3x"},"classes":[]},{"id":79731,"url":"https:\/\/noticiasribeiraopreto.com.br\/index.php\/2025\/11\/06\/ventos-de-ate-115-km-h-e-tempestades-defesa-civil-faz-alerta-para-sp-por-conta-de-ciclone\/","url_meta":{"origin":80778,"position":5},"title":"Ventos de at\u00e9 115 km\/h e tempestades: Defesa Civil faz alerta para SP por conta de ciclone","author":"noticiasribeiraopreto.com.br","date":"6 de November de 2025","format":false,"excerpt":"A Defesa Civil emitiu, nesta quinta-feira (6), alerta para a forma\u00e7\u00e3o de fortes tempestades entre sexta-feira (7) e s\u00e1bado (8), em raz\u00e3o da atua\u00e7\u00e3o de um ciclone extratropical na costa do Estado de S\u00e3o Paulo. A velocidade dos ventos pode chegar aos 115 km\/h, al\u00e9m de previs\u00e3o de tempestades com\u2026","rel":"","context":"In &quot;Not\u00edcias de Ribeir\u00e3o Preto-SP e Regi\u00e3o&quot;","block_context":{"text":"Not\u00edcias de Ribeir\u00e3o Preto-SP e Regi\u00e3o","link":"https:\/\/noticiasribeiraopreto.com.br\/index.php\/category\/noticias-de-ribeirao-preto-sp-e-regiao-ismael-colosi\/"},"img":{"alt_text":"","src":"https:\/\/i0.wp.com\/noticiasribeiraopreto.com.br\/wp-content\/uploads\/2025\/11\/tempestade_2025-11-06_17-07-30.webp.webp?fit=1200%2C900&ssl=1&resize=350%2C200","width":350,"height":200,"srcset":"https:\/\/i0.wp.com\/noticiasribeiraopreto.com.br\/wp-content\/uploads\/2025\/11\/tempestade_2025-11-06_17-07-30.webp.webp?fit=1200%2C900&ssl=1&resize=350%2C200 1x, https:\/\/i0.wp.com\/noticiasribeiraopreto.com.br\/wp-content\/uploads\/2025\/11\/tempestade_2025-11-06_17-07-30.webp.webp?fit=1200%2C900&ssl=1&resize=525%2C300 1.5x, https:\/\/i0.wp.com\/noticiasribeiraopreto.com.br\/wp-content\/uploads\/2025\/11\/tempestade_2025-11-06_17-07-30.webp.webp?fit=1200%2C900&ssl=1&resize=700%2C400 2x, https:\/\/i0.wp.com\/noticiasribeiraopreto.com.br\/wp-content\/uploads\/2025\/11\/tempestade_2025-11-06_17-07-30.webp.webp?fit=1200%2C900&ssl=1&resize=1050%2C600 3x"},"classes":[]}],"jetpack_sharing_enabled":true,"jetpack_shortlink":"https:\/\/wp.me\/peQAOb-l0S","_links":{"self":[{"href":"https:\/\/noticiasribeiraopreto.com.br\/index.php\/wp-json\/wp\/v2\/posts\/80778","targetHints":{"allow":["GET"]}}],"collection":[{"href":"https:\/\/noticiasribeiraopreto.com.br\/index.php\/wp-json\/wp\/v2\/posts"}],"about":[{"href":"https:\/\/noticiasribeiraopreto.com.br\/index.php\/wp-json\/wp\/v2\/types\/post"}],"author":[{"embeddable":true,"href":"https:\/\/noticiasribeiraopreto.com.br\/index.php\/wp-json\/wp\/v2\/users\/1"}],"replies":[{"embeddable":true,"href":"https:\/\/noticiasribeiraopreto.com.br\/index.php\/wp-json\/wp\/v2\/comments?post=80778"}],"version-history":[{"count":0,"href":"https:\/\/noticiasribeiraopreto.com.br\/index.php\/wp-json\/wp\/v2\/posts\/80778\/revisions"}],"wp:featuredmedia":[{"embeddable":true,"href":"https:\/\/noticiasribeiraopreto.com.br\/index.php\/wp-json\/wp\/v2\/media\/80779"}],"wp:attachment":[{"href":"https:\/\/noticiasribeiraopreto.com.br\/index.php\/wp-json\/wp\/v2\/media?parent=80778"}],"wp:term":[{"taxonomy":"category","embeddable":true,"href":"https:\/\/noticiasribeiraopreto.com.br\/index.php\/wp-json\/wp\/v2\/categories?post=80778"},{"taxonomy":"post_tag","embeddable":true,"href":"https:\/\/noticiasribeiraopreto.com.br\/index.php\/wp-json\/wp\/v2\/tags?post=80778"}],"curies":[{"name":"wp","href":"https:\/\/api.w.org\/{rel}","templated":true}]}}