{"id":80807,"date":"2025-12-14T06:20:37","date_gmt":"2025-12-14T09:20:37","guid":{"rendered":"https:\/\/noticiasribeiraopreto.com.br\/index.php\/2025\/12\/14\/grupo-com-shopping-em-ribeirao-preto-anuncia-negocio-milionario\/"},"modified":"2025-12-14T06:20:37","modified_gmt":"2025-12-14T09:20:37","slug":"grupo-com-shopping-em-ribeirao-preto-anuncia-negocio-milionario","status":"publish","type":"post","link":"https:\/\/noticiasribeiraopreto.com.br\/index.php\/2025\/12\/14\/grupo-com-shopping-em-ribeirao-preto-anuncia-negocio-milionario\/","title":{"rendered":"Grupo com shopping em Ribeir\u00e3o Preto anuncia neg\u00f3cio milion\u00e1rio"},"content":{"rendered":"<div class='code-block code-block-1' style='margin: 8px 0 8px auto; text-align: right; display: block; clear: both;'>\n<p><a href=\"https:\/\/wa.link\/vpicfd\"><img data-recalc-dims=\"1\" class=\"wp-image-4922\" style=\"aspect-ratio: 2.0253164556962027; width: 561px; height: auto;\" src=\"https:\/\/i0.wp.com\/ismaelcolosi.com.br\/wp-content\/uploads\/2023\/11\/grupo-de-empregos-whatsapp-e-facebook-ismael-colosi-vagas.jpg?ssl=1\" alt=\"\" \/><\/a><\/p>\n<!-- \/wp:image -->\n<\/div>\n<p> <br \/>\n<\/p>\n<div data-td-block-uid=\"tdi_95\">\n<div class=\"tdb-block-inner td-fix-index\">\n<p>O grupo <strong>Iguatemi S.A.<\/strong> anunciou na \u00faltima semana um neg\u00f3cio milion\u00e1rio com a <strong>XP Malls<\/strong>, fundo de investimento imobili\u00e1rio, que inclui a venda de 23,96% do shopping <strong>Iguatemi Ribeir\u00e3o Preto<\/strong>. Segundo o <a href=\"https:\/\/ri.iguatemi.com.br\/Download.aspx?Arquivo=oVZ4lN6Ad1Khbd+AFrkxpQ==&amp;IdCanal=7FjaL\/UogRZfm5rX5vIjsA==&amp;linguagem=pt\" data-type=\"link\" data-id=\"https:\/\/ri.iguatemi.com.br\/Download.aspx?Arquivo=oVZ4lN6Ad1Khbd+AFrkxpQ==&amp;IdCanal=7FjaL\/UogRZfm5rX5vIjsA==&amp;linguagem=pt\" target=\"_blank\" rel=\"noopener\">acordo<\/a>, o valor total da transa\u00e7\u00e3o \u00e9 de R$ 382 milh\u00f5es.<\/p>\n<p>Conforme comunicado ao mercado, a proposta assinada estabelece bases e condi\u00e7\u00f5es para a venda de participa\u00e7\u00f5es minorit\u00e1rias em quatro empreendimentos:<\/p>\n<ul class=\"wp-block-list\">\n<li>9,00% do <strong>Iguatemi Alphaville<\/strong>;<\/li>\n<\/ul>\n<ul class=\"wp-block-list\">\n<li>23,96% no <strong>Iguatemi Ribeir\u00e3o Preto<\/strong>;<\/li>\n<\/ul>\n<ul class=\"wp-block-list\">\n<li>18,00% no <strong>Iguatemi S\u00e3o Jos\u00e9 do Rio Preto<\/strong>;<\/li>\n<\/ul>\n<p>O pre\u00e7o ser\u00e1 pago da seguinte forma:<\/p>\n<ul class=\"wp-block-list\">\n<li>R$ 260,4 milh\u00f5es \u00e0 vista na data do fechamento;<\/li>\n<\/ul>\n<ul class=\"wp-block-list\">\n<li>R$ 37,2 milh\u00f5es no 1\u00ba anivers\u00e1rio do fechamento corrigido pela varia\u00e7\u00e3o do CDI e;<\/li>\n<\/ul>\n<ul class=\"wp-block-list\">\n<li>R$ 74,4 milh\u00f5es no 2\u00ba anivers\u00e1rio do fechamento corrigido pela varia\u00e7\u00e3o do CDI.<\/li>\n<\/ul>\n<p>\u201cMesmo com a conclus\u00e3o da Transa\u00e7\u00e3o, a Iguatemi manter\u00e1 a administra\u00e7\u00e3o e o controle dos referidos empreendimentos imobili\u00e1rios. Esse movimento demonstra o foco na gera\u00e7\u00e3o de valor ao acionista, atrav\u00e9s da aloca\u00e7\u00e3o de capital eficiente da Companhia\u201d, informa comunicado assinado por <strong>Guido Barbosa de Oliveira<\/strong>, vice-presidente de Finan\u00e7as e Diretor de Rela\u00e7\u00f5es com Investidores do Iguatemi.<\/p>\n<p>A rede informa que a conclus\u00e3o da transa\u00e7\u00e3o ainda est\u00e1 sujeita \u00e0 supera\u00e7\u00e3o das condi\u00e7\u00f5es usuais neste tipo de negocia\u00e7\u00e3o. \u201cA Companhia manter\u00e1 seus acionistas e o mercado em geral informados sobre as evolu\u00e7\u00f5es relevantes essa Transa\u00e7\u00e3o\u201d, completa.<\/p>\n<p>SAIBA MAIS<br \/>Caravana de Natal da Coca-Cola vai voltar a Ribeir\u00e3o Preto? Veja detalhes<\/p>\n<h2 class=\"wp-block-heading\"><strong>FIQUE ON<\/strong><\/h2>\n<p>Fique ligado em tudo que acontece em Ribeir\u00e3o Preto e regi\u00e3o. Siga os perfis do\u00a0<strong>acidade on\u00a0<\/strong>no<a href=\"https:\/\/www.instagram.com\/acidadeonribeirao\" target=\"_blank\" rel=\"noreferrer noopener\">\u00a0Instagram<\/a>\u00a0e no\u00a0<a href=\"https:\/\/www.facebook.com\/acidadeonribeirao\/\" target=\"_blank\" rel=\"noreferrer noopener\">Facebook<\/a>.<\/p>\n<p>Receba not\u00edcias do\u00a0<strong>acidade on\u00a0<\/strong>no WhatsApp. Para entrar no grupo,\u00a0basta\u00a0<a href=\"https:\/\/chat.whatsapp.com\/GFH9HUMUTHNFJdnyEd0xxq\" target=\"_blank\" rel=\"noreferrer noopener\">clicar aqui<\/a>. Ou, acesse o nosso\u00a0Canal\u00a0<a href=\"https:\/\/whatsapp.com\/channel\/0029Vb6IQl1JENyAeS57fk2p\" target=\"_blank\" rel=\"noreferrer noopener\">clicando aqui<\/a>.<\/p>\n<p>Fa\u00e7a uma den\u00fancia ou sugira uma reportagem sobre Ribeir\u00e3o Preto e regi\u00e3o pelo WhatsApp: 16 99117 7802.<\/p>\n<p>VEJA TAMB\u00c9M<br \/>Descubra os segredos do requeij\u00e3o de corte<\/p>\n<p><!-- AI CONTENT END 1 -->\n<\/div>\n<\/div>\n<p><script async src=\"\/\/www.instagram.com\/embed.js\"><\/script><br \/>\n<br \/><br \/>\n<br \/><a href=\"https:\/\/www.acidadeon.com\/ribeiraopreto\/economia\/grupo-com-shopping-em-ribeirao-preto-anuncia-negocio-milionario\/\">Source link <\/a><\/p>\n<!-- CONTENT END 1 -->\n","protected":false},"excerpt":{"rendered":"<p>O grupo Iguatemi S.A. anunciou na \u00faltima semana um neg\u00f3cio milion\u00e1rio com a XP Malls, fundo de investimento imobili\u00e1rio, que inclui a venda de 23,96%&#8230;<\/p>\n","protected":false},"author":1,"featured_media":80808,"comment_status":"open","ping_status":"open","sticky":false,"template":"","format":"standard","meta":{"advanced_seo_description":"","jetpack_seo_html_title":"","jetpack_seo_noindex":false,"jetpack_post_was_ever_published":false,"_jetpack_newsletter_access":"","_jetpack_dont_email_post_to_subs":false,"_jetpack_newsletter_tier_id":0,"_jetpack_memberships_contains_paywalled_content":false,"_jetpack_memberships_contains_paid_content":false,"footnotes":"","jetpack_publicize_message":"","jetpack_publicize_feature_enabled":true,"jetpack_social_post_already_shared":true,"jetpack_social_options":{"image_generator_settings":{"template":"highway","default_image_id":0,"font":"","enabled":false},"version":2}},"categories":[11],"tags":[],"class_list":["post-80807","post","type-post","status-publish","format-standard","has-post-thumbnail","hentry","category-noticias-de-ribeirao-preto-sp-e-regiao-ismael-colosi"],"jetpack_publicize_connections":[],"jetpack_featured_media_url":"https:\/\/i0.wp.com\/noticiasribeiraopreto.com.br\/wp-content\/uploads\/2025\/12\/shopping-iguatemi-ribeirao-preto_2025-12-13_14-40-07.webp.webp?fit=800%2C533&ssl=1","jetpack-related-posts":[{"id":69729,"url":"https:\/\/noticiasribeiraopreto.com.br\/index.php\/2025\/05\/08\/shopping-de-ribeirao-preto-promove-apresentacao-de-blues-aberta-ao-publico\/","url_meta":{"origin":80807,"position":0},"title":"Shopping de Ribeir\u00e3o Preto promove apresenta\u00e7\u00e3o de blues aberta ao p\u00fablico","author":"noticiasribeiraopreto.com.br","date":"8 de May de 2025","format":false,"excerpt":"Nesta sexta-feira (8) o\u00a0Shopping Iguatemi, em Ribeir\u00e3o Preto ser\u00e1 palco do\u00a0Iguatemi Music em parceria com a Arena Blues Festival, um dos maiores festivais de blues da cidade. O evento\u00a0\u201cAquecimento Arena Blues\u201d\u00a0ter\u00e1 show de blues gratuito para o p\u00fablico. O primeiro show aconteceu na semana passada, com a apresenta\u00e7\u00e3o de Rodrigo\u2026","rel":"","context":"In &quot;Not\u00edcias de Ribeir\u00e3o Preto-SP e Regi\u00e3o&quot;","block_context":{"text":"Not\u00edcias de Ribeir\u00e3o Preto-SP e Regi\u00e3o","link":"https:\/\/noticiasribeiraopreto.com.br\/index.php\/category\/noticias-de-ribeirao-preto-sp-e-regiao-ismael-colosi\/"},"img":{"alt_text":"","src":"https:\/\/i0.wp.com\/noticiasribeiraopreto.com.br\/wp-content\/uploads\/2025\/05\/man-plays-acoustic-guitar-dark-room-live-performance-acoustic-concert_2025-05-08_19-24-02.webp.webp?fit=1200%2C675&ssl=1&resize=350%2C200","width":350,"height":200,"srcset":"https:\/\/i0.wp.com\/noticiasribeiraopreto.com.br\/wp-content\/uploads\/2025\/05\/man-plays-acoustic-guitar-dark-room-live-performance-acoustic-concert_2025-05-08_19-24-02.webp.webp?fit=1200%2C675&ssl=1&resize=350%2C200 1x, https:\/\/i0.wp.com\/noticiasribeiraopreto.com.br\/wp-content\/uploads\/2025\/05\/man-plays-acoustic-guitar-dark-room-live-performance-acoustic-concert_2025-05-08_19-24-02.webp.webp?fit=1200%2C675&ssl=1&resize=525%2C300 1.5x, https:\/\/i0.wp.com\/noticiasribeiraopreto.com.br\/wp-content\/uploads\/2025\/05\/man-plays-acoustic-guitar-dark-room-live-performance-acoustic-concert_2025-05-08_19-24-02.webp.webp?fit=1200%2C675&ssl=1&resize=700%2C400 2x, https:\/\/i0.wp.com\/noticiasribeiraopreto.com.br\/wp-content\/uploads\/2025\/05\/man-plays-acoustic-guitar-dark-room-live-performance-acoustic-concert_2025-05-08_19-24-02.webp.webp?fit=1200%2C675&ssl=1&resize=1050%2C600 3x"},"classes":[]},{"id":67083,"url":"https:\/\/noticiasribeiraopreto.com.br\/index.php\/2025\/04\/09\/gosta-de-blues-shopping-de-ribeirao-preto-tera-shows-com-entrada-gratuita\/","url_meta":{"origin":80807,"position":1},"title":"Gosta de blues? Shopping de Ribeir\u00e3o Preto ter\u00e1 shows com entrada gratuita","author":"noticiasribeiraopreto.com.br","date":"9 de April de 2025","format":false,"excerpt":"Nesta quinta-feira (10) o\u00a0Shopping Iguatemi, em Ribeir\u00e3o Preto ser\u00e1 palco do\u00a0Iguatemi Music em parceria com a Arena Blues Festival, um dos maiores festivais de blues da cidade. O evento\u00a0\u201cAquecimento Arena Blues\u201d\u00a0ter\u00e1 shows de blues gratuitos para o p\u00fablico. O primeiro show aconteceu na semana passada, com a apresenta\u00e7\u00e3o da banda\u00a0Mississippi\u2026","rel":"","context":"In &quot;Not\u00edcias de Ribeir\u00e3o Preto-SP e Regi\u00e3o&quot;","block_context":{"text":"Not\u00edcias de Ribeir\u00e3o Preto-SP e Regi\u00e3o","link":"https:\/\/noticiasribeiraopreto.com.br\/index.php\/category\/noticias-de-ribeirao-preto-sp-e-regiao-ismael-colosi\/"},"img":{"alt_text":"","src":"https:\/\/i0.wp.com\/noticiasribeiraopreto.com.br\/wp-content\/uploads\/2025\/04\/Copia-de-Copia-de-Copia-de-TAMANHO-EXATO-PARA-FOTOS-NO-SISTEMA-NOVO-2025-04-09T151941.620_2025-04-09_18-20-35_png_2025-04-09_18-20-35.webp.webp?fit=1200%2C675&ssl=1&resize=350%2C200","width":350,"height":200,"srcset":"https:\/\/i0.wp.com\/noticiasribeiraopreto.com.br\/wp-content\/uploads\/2025\/04\/Copia-de-Copia-de-Copia-de-TAMANHO-EXATO-PARA-FOTOS-NO-SISTEMA-NOVO-2025-04-09T151941.620_2025-04-09_18-20-35_png_2025-04-09_18-20-35.webp.webp?fit=1200%2C675&ssl=1&resize=350%2C200 1x, https:\/\/i0.wp.com\/noticiasribeiraopreto.com.br\/wp-content\/uploads\/2025\/04\/Copia-de-Copia-de-Copia-de-TAMANHO-EXATO-PARA-FOTOS-NO-SISTEMA-NOVO-2025-04-09T151941.620_2025-04-09_18-20-35_png_2025-04-09_18-20-35.webp.webp?fit=1200%2C675&ssl=1&resize=525%2C300 1.5x, https:\/\/i0.wp.com\/noticiasribeiraopreto.com.br\/wp-content\/uploads\/2025\/04\/Copia-de-Copia-de-Copia-de-TAMANHO-EXATO-PARA-FOTOS-NO-SISTEMA-NOVO-2025-04-09T151941.620_2025-04-09_18-20-35_png_2025-04-09_18-20-35.webp.webp?fit=1200%2C675&ssl=1&resize=700%2C400 2x, https:\/\/i0.wp.com\/noticiasribeiraopreto.com.br\/wp-content\/uploads\/2025\/04\/Copia-de-Copia-de-Copia-de-TAMANHO-EXATO-PARA-FOTOS-NO-SISTEMA-NOVO-2025-04-09T151941.620_2025-04-09_18-20-35_png_2025-04-09_18-20-35.webp.webp?fit=1200%2C675&ssl=1&resize=1050%2C600 3x"},"classes":[]},{"id":66634,"url":"https:\/\/noticiasribeiraopreto.com.br\/index.php\/2025\/04\/03\/shopping-de-ribeirao-preto-tera-shows-de-blues-com-entrada-gratuita\/","url_meta":{"origin":80807,"position":2},"title":"Shopping de Ribeir\u00e3o Preto ter\u00e1 shows de blues com entrada gratuita","author":"noticiasribeiraopreto.com.br","date":"3 de April de 2025","format":false,"excerpt":"A partir desta quinta-feira (3) o Shopping Iguatemi, em Ribeir\u00e3o Preto ser\u00e1 palco do Iguatemi Music em parceria com a Arena Blues Festival, um dos maiores festivais de blues da cidade. O evento \u201cAquecimento Arena Blues\u201d ter\u00e1 shows de blues gratuitos para o p\u00fablico. O primeiro show acontece nesta quinta-feira,\u2026","rel":"","context":"In &quot;Not\u00edcias de Ribeir\u00e3o Preto-SP e Regi\u00e3o&quot;","block_context":{"text":"Not\u00edcias de Ribeir\u00e3o Preto-SP e Regi\u00e3o","link":"https:\/\/noticiasribeiraopreto.com.br\/index.php\/category\/noticias-de-ribeirao-preto-sp-e-regiao-ismael-colosi\/"},"img":{"alt_text":"","src":"https:\/\/i0.wp.com\/noticiasribeiraopreto.com.br\/wp-content\/uploads\/2025\/04\/Copia-de-Copia-de-Copia-de-TAMANHO-EXATO-PARA-FOTOS-NO-SISTEMA-NOVO-2025-04-03T153825.886_2025-04-03_18-38-44_png_2025-04-03_18-38-44.webp.webp?fit=1200%2C675&ssl=1&resize=350%2C200","width":350,"height":200,"srcset":"https:\/\/i0.wp.com\/noticiasribeiraopreto.com.br\/wp-content\/uploads\/2025\/04\/Copia-de-Copia-de-Copia-de-TAMANHO-EXATO-PARA-FOTOS-NO-SISTEMA-NOVO-2025-04-03T153825.886_2025-04-03_18-38-44_png_2025-04-03_18-38-44.webp.webp?fit=1200%2C675&ssl=1&resize=350%2C200 1x, https:\/\/i0.wp.com\/noticiasribeiraopreto.com.br\/wp-content\/uploads\/2025\/04\/Copia-de-Copia-de-Copia-de-TAMANHO-EXATO-PARA-FOTOS-NO-SISTEMA-NOVO-2025-04-03T153825.886_2025-04-03_18-38-44_png_2025-04-03_18-38-44.webp.webp?fit=1200%2C675&ssl=1&resize=525%2C300 1.5x, https:\/\/i0.wp.com\/noticiasribeiraopreto.com.br\/wp-content\/uploads\/2025\/04\/Copia-de-Copia-de-Copia-de-TAMANHO-EXATO-PARA-FOTOS-NO-SISTEMA-NOVO-2025-04-03T153825.886_2025-04-03_18-38-44_png_2025-04-03_18-38-44.webp.webp?fit=1200%2C675&ssl=1&resize=700%2C400 2x, https:\/\/i0.wp.com\/noticiasribeiraopreto.com.br\/wp-content\/uploads\/2025\/04\/Copia-de-Copia-de-Copia-de-TAMANHO-EXATO-PARA-FOTOS-NO-SISTEMA-NOVO-2025-04-03T153825.886_2025-04-03_18-38-44_png_2025-04-03_18-38-44.webp.webp?fit=1200%2C675&ssl=1&resize=1050%2C600 3x"},"classes":[]},{"id":62702,"url":"https:\/\/noticiasribeiraopreto.com.br\/index.php\/2025\/01\/22\/fred-sunwalk-faz-show-gratuito-em-shopping-de-ribeirao-preto\/","url_meta":{"origin":80807,"position":3},"title":"Fred Sunwalk faz show gratuito em shopping de Ribeir\u00e3o Preto","author":"noticiasribeiraopreto.com.br","date":"22 de January de 2025","format":false,"excerpt":"O Shopping Iguatemi, localizado na zona Sul de Ribeir\u00e3o Preto, recebe nesta sexta-feira (24) um dos grandes nomes do blues brasileiro: Fred Sunwalk. O show faz parte da programa\u00e7\u00e3o do \u201cIguatemi Music \u2013 Summer Edition\u201d. O evento acontece a partir das 19h e a entrada \u00e9 gratuita. Al\u00e9m de Fred\u2026","rel":"","context":"In &quot;Not\u00edcias de Ribeir\u00e3o Preto-SP e Regi\u00e3o&quot;","block_context":{"text":"Not\u00edcias de Ribeir\u00e3o Preto-SP e Regi\u00e3o","link":"https:\/\/noticiasribeiraopreto.com.br\/index.php\/category\/noticias-de-ribeirao-preto-sp-e-regiao-ismael-colosi\/"},"img":{"alt_text":"","src":"https:\/\/i0.wp.com\/noticiasribeiraopreto.com.br\/wp-content\/uploads\/2025\/01\/fred-sunwalker_2025-01-22_13-16-51_png_2025-01-22_13-16-51.webp.webp?fit=800%2C420&ssl=1&resize=350%2C200","width":350,"height":200,"srcset":"https:\/\/i0.wp.com\/noticiasribeiraopreto.com.br\/wp-content\/uploads\/2025\/01\/fred-sunwalker_2025-01-22_13-16-51_png_2025-01-22_13-16-51.webp.webp?fit=800%2C420&ssl=1&resize=350%2C200 1x, https:\/\/i0.wp.com\/noticiasribeiraopreto.com.br\/wp-content\/uploads\/2025\/01\/fred-sunwalker_2025-01-22_13-16-51_png_2025-01-22_13-16-51.webp.webp?fit=800%2C420&ssl=1&resize=525%2C300 1.5x, https:\/\/i0.wp.com\/noticiasribeiraopreto.com.br\/wp-content\/uploads\/2025\/01\/fred-sunwalker_2025-01-22_13-16-51_png_2025-01-22_13-16-51.webp.webp?fit=800%2C420&ssl=1&resize=700%2C400 2x"},"classes":[]},{"id":73594,"url":"https:\/\/noticiasribeiraopreto.com.br\/index.php\/2025\/07\/05\/especialista-em-negocios-globais-lanca-livro-em-ribeirao-preto\/","url_meta":{"origin":80807,"position":4},"title":"Especialista em neg\u00f3cios globais lan\u00e7a livro em Ribeir\u00e3o Preto","author":"noticiasribeiraopreto.com.br","date":"5 de July de 2025","format":false,"excerpt":"A empres\u00e1ria e especialista em negocia\u00e7\u00f5es internacionais Nat\u00e1lia Mondelli lan\u00e7a neste s\u00e1bado (5), em Ribeir\u00e3o Preto, o livro \u201cO Mundo \u00e9 Seu: neg\u00f3cio fechado!\u201d. O evento ser\u00e1 a partir das 18h, na Livraria da Vila do Shopping Iguatemi. Na obra, a autora compartilha hist\u00f3rias reais, dicas pr\u00e1ticas e aprendizados para\u2026","rel":"","context":"In &quot;Not\u00edcias de Ribeir\u00e3o Preto-SP e Regi\u00e3o&quot;","block_context":{"text":"Not\u00edcias de Ribeir\u00e3o Preto-SP e Regi\u00e3o","link":"https:\/\/noticiasribeiraopreto.com.br\/index.php\/category\/noticias-de-ribeirao-preto-sp-e-regiao-ismael-colosi\/"},"img":{"alt_text":"","src":"https:\/\/i0.wp.com\/noticiasribeiraopreto.com.br\/wp-content\/uploads\/2025\/07\/livro-lancamento_2025-07-05_14-39-09.webp.webp?fit=1200%2C675&ssl=1&resize=350%2C200","width":350,"height":200,"srcset":"https:\/\/i0.wp.com\/noticiasribeiraopreto.com.br\/wp-content\/uploads\/2025\/07\/livro-lancamento_2025-07-05_14-39-09.webp.webp?fit=1200%2C675&ssl=1&resize=350%2C200 1x, https:\/\/i0.wp.com\/noticiasribeiraopreto.com.br\/wp-content\/uploads\/2025\/07\/livro-lancamento_2025-07-05_14-39-09.webp.webp?fit=1200%2C675&ssl=1&resize=525%2C300 1.5x, https:\/\/i0.wp.com\/noticiasribeiraopreto.com.br\/wp-content\/uploads\/2025\/07\/livro-lancamento_2025-07-05_14-39-09.webp.webp?fit=1200%2C675&ssl=1&resize=700%2C400 2x, https:\/\/i0.wp.com\/noticiasribeiraopreto.com.br\/wp-content\/uploads\/2025\/07\/livro-lancamento_2025-07-05_14-39-09.webp.webp?fit=1200%2C675&ssl=1&resize=1050%2C600 3x"},"classes":[]},{"id":5555,"url":"https:\/\/noticiasribeiraopreto.com.br\/index.php\/2023\/11\/23\/black-friday-shopping-de-ribeirao-preto-tem-descontos-de-ate-80\/","url_meta":{"origin":80807,"position":5},"title":"Black Friday: Shopping de Ribeir\u00e3o Preto tem descontos de at\u00e9 80%","author":"noticiasribeiraopreto.com.br","date":"23 de November de 2023","format":false,"excerpt":"As lojas do Shopping Iguatemi, na zona Sul de Ribeir\u00e3o Preto, est\u00e3o com descontos entre 10% e 80%. A expectativa \u00e9 de grande fluxo de clientes nesta sexta-feira (24), data da Black Friday. Lojas de diferentes segmentos como moda, beleza, eletr\u00f4nicos e infantil est\u00e3o oferecendo as ofertas. O consumidor ainda\u2026","rel":"","context":"In &quot;Not\u00edcias de Ribeir\u00e3o Preto-SP e Regi\u00e3o&quot;","block_context":{"text":"Not\u00edcias de Ribeir\u00e3o Preto-SP e Regi\u00e3o","link":"https:\/\/noticiasribeiraopreto.com.br\/index.php\/category\/noticias-de-ribeirao-preto-sp-e-regiao-ismael-colosi\/"},"img":{"alt_text":"","src":"https:\/\/i0.wp.com\/noticiasribeiraopreto.com.br\/wp-content\/uploads\/2023\/11\/black-friday.jpeg?fit=960%2C724&ssl=1&resize=350%2C200","width":350,"height":200,"srcset":"https:\/\/i0.wp.com\/noticiasribeiraopreto.com.br\/wp-content\/uploads\/2023\/11\/black-friday.jpeg?fit=960%2C724&ssl=1&resize=350%2C200 1x, https:\/\/i0.wp.com\/noticiasribeiraopreto.com.br\/wp-content\/uploads\/2023\/11\/black-friday.jpeg?fit=960%2C724&ssl=1&resize=525%2C300 1.5x, https:\/\/i0.wp.com\/noticiasribeiraopreto.com.br\/wp-content\/uploads\/2023\/11\/black-friday.jpeg?fit=960%2C724&ssl=1&resize=700%2C400 2x"},"classes":[]}],"jetpack_sharing_enabled":true,"jetpack_shortlink":"https:\/\/wp.me\/peQAOb-l1l","_links":{"self":[{"href":"https:\/\/noticiasribeiraopreto.com.br\/index.php\/wp-json\/wp\/v2\/posts\/80807","targetHints":{"allow":["GET"]}}],"collection":[{"href":"https:\/\/noticiasribeiraopreto.com.br\/index.php\/wp-json\/wp\/v2\/posts"}],"about":[{"href":"https:\/\/noticiasribeiraopreto.com.br\/index.php\/wp-json\/wp\/v2\/types\/post"}],"author":[{"embeddable":true,"href":"https:\/\/noticiasribeiraopreto.com.br\/index.php\/wp-json\/wp\/v2\/users\/1"}],"replies":[{"embeddable":true,"href":"https:\/\/noticiasribeiraopreto.com.br\/index.php\/wp-json\/wp\/v2\/comments?post=80807"}],"version-history":[{"count":0,"href":"https:\/\/noticiasribeiraopreto.com.br\/index.php\/wp-json\/wp\/v2\/posts\/80807\/revisions"}],"wp:featuredmedia":[{"embeddable":true,"href":"https:\/\/noticiasribeiraopreto.com.br\/index.php\/wp-json\/wp\/v2\/media\/80808"}],"wp:attachment":[{"href":"https:\/\/noticiasribeiraopreto.com.br\/index.php\/wp-json\/wp\/v2\/media?parent=80807"}],"wp:term":[{"taxonomy":"category","embeddable":true,"href":"https:\/\/noticiasribeiraopreto.com.br\/index.php\/wp-json\/wp\/v2\/categories?post=80807"},{"taxonomy":"post_tag","embeddable":true,"href":"https:\/\/noticiasribeiraopreto.com.br\/index.php\/wp-json\/wp\/v2\/tags?post=80807"}],"curies":[{"name":"wp","href":"https:\/\/api.w.org\/{rel}","templated":true}]}}