{"id":8087,"date":"2023-11-29T12:48:56","date_gmt":"2023-11-29T15:48:56","guid":{"rendered":"https:\/\/noticiasribeiraopreto.com.br\/index.php\/2023\/11\/29\/botafogo-anuncia-contratacao-de-tecnico-portugues-para-2024\/"},"modified":"2023-11-29T12:48:56","modified_gmt":"2023-11-29T15:48:56","slug":"botafogo-anuncia-contratacao-de-tecnico-portugues-para-2024","status":"publish","type":"post","link":"https:\/\/noticiasribeiraopreto.com.br\/index.php\/2023\/11\/29\/botafogo-anuncia-contratacao-de-tecnico-portugues-para-2024\/","title":{"rendered":"Botafogo anuncia contrata\u00e7\u00e3o de t\u00e9cnico portugu\u00eas para 2024"},"content":{"rendered":"<div class='code-block code-block-1' style='margin: 8px 0 8px auto; text-align: right; display: block; clear: both;'>\n<p><a href=\"https:\/\/wa.link\/vpicfd\"><img data-recalc-dims=\"1\" class=\"wp-image-4922\" style=\"aspect-ratio: 2.0253164556962027; width: 561px; height: auto;\" src=\"https:\/\/i0.wp.com\/ismaelcolosi.com.br\/wp-content\/uploads\/2023\/11\/grupo-de-empregos-whatsapp-e-facebook-ismael-colosi-vagas.jpg?ssl=1\" alt=\"\" \/><\/a><\/p>\n<!-- \/wp:image -->\n<\/div>\n<p> <br \/>\n<\/p>\n<div>\n<p><strong>O <a href=\"https:\/\/botafogofutebolsa.com.br\/\" target=\"_blank\" rel=\"noreferrer noopener nofollow\">Botafogo<\/a> anunciou no in\u00edcio da tarde desta quarta-feira (29) a contrata\u00e7\u00e3o do t\u00e9cnico portugu\u00eas Paulo Gomes, de 48 anos, para dirigir a equipe de Ribeir\u00e3o Preto na pr\u00f3xima temporada.<\/strong><\/p>\n<p><mark style=\"background-color:#fcb900\" class=\"has-inline-color has-black-color\">O \u00faltimo trabalho do t\u00e9cnico foi no <strong>Al-Jabalain<\/strong>, da segunda divis\u00e3o da Ar\u00e1bia Saudita<\/mark>, de onde saiu em fevereiro deste ano \u2013 o Al-Jabalain foi a \u00faltima equipe do atacante <strong>J\u00f4<\/strong>, ex-Corinthians e sele\u00e7\u00e3o brasileira.<\/p>\n<p>No futebol \u00e1rabe, Paulo Gomes ainda passou por <strong>Al-Khaleej<\/strong>, que disputa a primeira divis\u00e3o, e o <strong>Najran SC<\/strong>, al\u00e9m do <strong>Al-Wehfa<\/strong>, onde foi coordenador t\u00e9cnico. Ele ainda conta com passagens por equipes do futebol de Luxemburgo.<\/p>\n<h4 class=\"wp-block-heading\"><strong>Neg\u00f3cio fechado<\/strong><\/h4>\n<p>Segundo o Botafogo, <mark style=\"background-color:#fcb900\" class=\"has-inline-color has-black-color\">a negocia\u00e7\u00e3o foi concretizada no final da tarde da \u00faltima ter\u00e7a-feira (28) <\/mark>ap\u00f3s uma reuni\u00e3o realizada em S\u00e3o Paulo. O encontro contou com a presen\u00e7a de <strong>Adalberto Baptista<\/strong>, presidente do Conselho de Administra\u00e7\u00e3o da Botafogo Futebol SA, Paulo Pelaipe, diretor de futebol, e S\u00e9rgio Dimas, rec\u00e9m-contratado como gerente executivo de futebol do clube.<\/p>\n<p>Paulo Gomes tem a Licen\u00e7a Pro de treinador da <strong>CBF Academy<\/strong>, al\u00e9m do curso de an\u00e1lise de desempenho.<\/p>\n<p>\u201cEstou muito feliz com essa oportunidade. O meu desejo de trabalhar no Brasil vem desde a minha passagem pelo curso de Licen\u00e7a Pro da CBF, pela observa\u00e7\u00e3o que pude fazer do talento do jogador e dos t\u00e9cnicos brasileiros e tamb\u00e9m da vontade de poder contribuir com uma metodologia europeia para o desenvolvimento do jogador brasileiro\u201d, disse Paulo Gomes ao site do clube.<\/p>\n<p>Na carreira, Paulo Gomes tem tr\u00eas acessos. Dois deles, foi no futebol de<strong> Luxemburgo<\/strong>, quando treinou o FC M\u00fchlenbach e US Sandweiler. Ele trabalhou no pa\u00eds logo ap\u00f3s encerrar a carreira como jogador \u2013 era meio-campista.<\/p>\n<p>Paulo Gomes ter\u00e1 como auxiliar t\u00e9cnico Alexandre Faganello, que foi auxiliar t\u00e9cnico de Guto Ferreira por 15 temporadas. Ele tem no curr\u00edculo quatro acessos da S\u00e9rie B para a S\u00e9rie A com Ponte Preta (2014), Bahia (2016), Internacional (2017) e Sport (2019).<\/p>\n<p>Al\u00e9m de Faganello, o analista de desempenho portugu\u00eas Jo\u00e3o Pedro Bag\u00e3o tamb\u00e9m far\u00e1 parte da comiss\u00e3o t\u00e9cnica do Mister Paulo Gomes.<\/p>\n<p>VEJA TAMB\u00c9M<br \/>Rodovias de Ribeir\u00e3o Preto e regi\u00e3o ter\u00e3o 30 novos radares; Veja os locais<\/p>\n<h4 class=\"wp-block-heading\"><strong>FIQUE ON<\/strong><\/h4>\n<p>Fique ligado em tudo que acontece em Ribeir\u00e3o Preto e regi\u00e3o. Siga os perfis do<strong> acidade on <\/strong>no <a href=\"https:\/\/www.instagram.com\/acidadeonribeirao\" target=\"_blank\" rel=\"noreferrer noopener nofollow\">Instagram <\/a>e no<a href=\"https:\/\/www.facebook.com\/acidadeonribeirao\" target=\"_blank\" rel=\"noreferrer noopener nofollow\"> Facebook.<\/a><\/p>\n<p>Receba not\u00edcias do <strong>acidade on<\/strong> no WhatsApp.<a href=\"https:\/\/chat.whatsapp.com\/Bnv2w66ZT4VDyZW3oiZ69n\" target=\"_blank\" rel=\"noreferrer noopener nofollow\"> Para entrar no grupo, basta clicar aqui.<\/a><\/p>\n<p>Fa\u00e7a uma den\u00fancia ou sugira uma reportagem sobre a Ribeir\u00e3o Preto e regi\u00e3o pelo WhatsApp: (16) 99117 7802.<\/p>\n<p>LEIA MAIS<br \/><a href=\"https:\/\/www.tudoep.com\/tudo-esporte\/NOT,0,0,1868204,eric-faria-deve-virar-comentarista-em-2024.aspx\" target=\"_blank\" rel=\"noreferrer noopener nofollow\">Eric Faria deve virar comentarista em 2024<\/a><\/p>\n<p><!-- AI CONTENT END 1 -->\n<\/div>\n<p><script async src=\"\/\/www.instagram.com\/embed.js\"><\/script><br \/>\n<br \/><br \/>\n<br \/><a href=\"https:\/\/www.acidadeon.com\/ribeiraopreto\/esportes\/botafogo-anuncia-contratacao-de-tecnico-portugues-para-2024\/\">Source link <\/a><\/p>\n<!-- CONTENT END 1 -->\n","protected":false},"excerpt":{"rendered":"<p>O Botafogo anunciou no in\u00edcio da tarde desta quarta-feira (29) a contrata\u00e7\u00e3o do t\u00e9cnico portugu\u00eas Paulo Gomes, de 48 anos, para dirigir a equipe de&#8230;<\/p>\n","protected":false},"author":1,"featured_media":8088,"comment_status":"open","ping_status":"open","sticky":false,"template":"","format":"standard","meta":{"advanced_seo_description":"","jetpack_seo_html_title":"","jetpack_seo_noindex":false,"jetpack_post_was_ever_published":false,"_jetpack_newsletter_access":"","_jetpack_dont_email_post_to_subs":false,"_jetpack_newsletter_tier_id":0,"_jetpack_memberships_contains_paywalled_content":false,"_jetpack_memberships_contains_paid_content":false,"footnotes":"","jetpack_publicize_message":"","jetpack_publicize_feature_enabled":true,"jetpack_social_post_already_shared":true,"jetpack_social_options":{"image_generator_settings":{"template":"highway","default_image_id":0,"font":"","enabled":false},"version":2}},"categories":[11],"tags":[175,52,1052,71,1054,1053],"class_list":["post-8087","post","type-post","status-publish","format-standard","has-post-thumbnail","hentry","category-noticias-de-ribeirao-preto-sp-e-regiao-ismael-colosi","tag-anuncia","tag-botafogo","tag-contratacao","tag-para","tag-portugues","tag-tecnico"],"jetpack_publicize_connections":[],"jetpack_featured_media_url":"https:\/\/i0.wp.com\/noticiasribeiraopreto.com.br\/wp-content\/uploads\/2023\/11\/paulo-gomes-tecnico.jpg?fit=877%2C623&ssl=1","jetpack-related-posts":[{"id":8109,"url":"https:\/\/noticiasribeiraopreto.com.br\/index.php\/2023\/11\/29\/botafogo-anuncia-tecnico-portugues\/","url_meta":{"origin":8087,"position":0},"title":"Botafogo anuncia t\u00e9cnico portugu\u00eas &#8211; Jornal Tribuna Ribeir\u00e3o","author":"noticiasribeiraopreto.com.br","date":"29 de November de 2023","format":false,"excerpt":"29 de novembro de 2023 | 13:44 0O Botafogo anunciou na tarde desta quarta-feira (28) o nome do seu novo treinador. Trata-se do portugu\u00eas Paulo Gomes, de 48 anos, que tem experi\u00eancia no futebol europeu e saudita, onde trabalhou nas \u00faltimas quatro temporadas.A negocia\u00e7\u00e3o foi concretizada no final da tarde\u2026","rel":"","context":"In &quot;Not\u00edcias de Ribeir\u00e3o Preto-SP e Regi\u00e3o&quot;","block_context":{"text":"Not\u00edcias de Ribeir\u00e3o Preto-SP e Regi\u00e3o","link":"https:\/\/noticiasribeiraopreto.com.br\/index.php\/category\/noticias-de-ribeirao-preto-sp-e-regiao-ismael-colosi\/"},"img":{"alt_text":"","src":"https:\/\/i0.wp.com\/noticiasribeiraopreto.com.br\/wp-content\/uploads\/2023\/11\/tecbota-scaled.jpg?fit=806%2C645&ssl=1&resize=350%2C200","width":350,"height":200,"srcset":"https:\/\/i0.wp.com\/noticiasribeiraopreto.com.br\/wp-content\/uploads\/2023\/11\/tecbota-scaled.jpg?fit=806%2C645&ssl=1&resize=350%2C200 1x, https:\/\/i0.wp.com\/noticiasribeiraopreto.com.br\/wp-content\/uploads\/2023\/11\/tecbota-scaled.jpg?fit=806%2C645&ssl=1&resize=525%2C300 1.5x, https:\/\/i0.wp.com\/noticiasribeiraopreto.com.br\/wp-content\/uploads\/2023\/11\/tecbota-scaled.jpg?fit=806%2C645&ssl=1&resize=700%2C400 2x"},"classes":[]},{"id":58451,"url":"https:\/\/noticiasribeiraopreto.com.br\/index.php\/2024\/09\/27\/botafogo-anuncia-marcio-zanardi-como-novo-tecnico\/","url_meta":{"origin":8087,"position":1},"title":"Botafogo anuncia M\u00e1rcio Zanardi como novo t\u00e9cnico","author":"noticiasribeiraopreto.com.br","date":"27 de September de 2024","format":false,"excerpt":"O Botafogo anunciou no in\u00edcio da tarde desta sexta-feira (27) M\u00e1rcio Zanardi como novo t\u00e9cnico. Zanardi chega para substituir o portugu\u00eas Paulo Gomes, demitido da equipe de Ribeir\u00e3o Preto ap\u00f3s o empate com o CRB, pelo Campeonato Brasileiro da S\u00e9rie B. Segundo o Botafogo, o novo comandante assinou v\u00ednculo com\u2026","rel":"","context":"In &quot;Not\u00edcias de Ribeir\u00e3o Preto-SP e Regi\u00e3o&quot;","block_context":{"text":"Not\u00edcias de Ribeir\u00e3o Preto-SP e Regi\u00e3o","link":"https:\/\/noticiasribeiraopreto.com.br\/index.php\/category\/noticias-de-ribeirao-preto-sp-e-regiao-ismael-colosi\/"},"img":{"alt_text":"","src":"https:\/\/i0.wp.com\/noticiasribeiraopreto.com.br\/wp-content\/uploads\/2024\/09\/zanardi_2024-09-27_16-42-43_jpg_2024-09-27_16-42-43.webp.webp?fit=984%2C655&ssl=1&resize=350%2C200","width":350,"height":200,"srcset":"https:\/\/i0.wp.com\/noticiasribeiraopreto.com.br\/wp-content\/uploads\/2024\/09\/zanardi_2024-09-27_16-42-43_jpg_2024-09-27_16-42-43.webp.webp?fit=984%2C655&ssl=1&resize=350%2C200 1x, https:\/\/i0.wp.com\/noticiasribeiraopreto.com.br\/wp-content\/uploads\/2024\/09\/zanardi_2024-09-27_16-42-43_jpg_2024-09-27_16-42-43.webp.webp?fit=984%2C655&ssl=1&resize=525%2C300 1.5x, https:\/\/i0.wp.com\/noticiasribeiraopreto.com.br\/wp-content\/uploads\/2024\/09\/zanardi_2024-09-27_16-42-43_jpg_2024-09-27_16-42-43.webp.webp?fit=984%2C655&ssl=1&resize=700%2C400 2x"},"classes":[]},{"id":58360,"url":"https:\/\/noticiasribeiraopreto.com.br\/index.php\/2024\/09\/25\/perto-da-zona-de-rebaixamento-botafogo-demite-paulo-gomes\/","url_meta":{"origin":8087,"position":2},"title":"Perto da zona de rebaixamento, Botafogo demite Paulo Gomes","author":"noticiasribeiraopreto.com.br","date":"25 de September de 2024","format":false,"excerpt":"O Botafogo anunciou a sa\u00edda do treinador Paulo Gomes, na tarde desta quarta-feira (25). O t\u00e9cnico portugu\u00eas chegou ao Pantera em novembro de 2023. O an\u00fancio da demiss\u00e3o foi realizado ap\u00f3s o time empatar com o CRB, na noite desta ter\u00e7a-feira (24), pela 28\u00aa rodada do Campeonato Brasileiro da S\u00e9rie\u2026","rel":"","context":"In &quot;Not\u00edcias de Ribeir\u00e3o Preto-SP e Regi\u00e3o&quot;","block_context":{"text":"Not\u00edcias de Ribeir\u00e3o Preto-SP e Regi\u00e3o","link":"https:\/\/noticiasribeiraopreto.com.br\/index.php\/category\/noticias-de-ribeirao-preto-sp-e-regiao-ismael-colosi\/"},"img":{"alt_text":"","src":"https:\/\/i0.wp.com\/noticiasribeiraopreto.com.br\/wp-content\/uploads\/2024\/09\/s-Molde-Midias-tec_2024-09-25_18-33-15_jpg_2024-09-25_18-33-16.webp.webp?fit=960%2C539&ssl=1&resize=350%2C200","width":350,"height":200,"srcset":"https:\/\/i0.wp.com\/noticiasribeiraopreto.com.br\/wp-content\/uploads\/2024\/09\/s-Molde-Midias-tec_2024-09-25_18-33-15_jpg_2024-09-25_18-33-16.webp.webp?fit=960%2C539&ssl=1&resize=350%2C200 1x, https:\/\/i0.wp.com\/noticiasribeiraopreto.com.br\/wp-content\/uploads\/2024\/09\/s-Molde-Midias-tec_2024-09-25_18-33-15_jpg_2024-09-25_18-33-16.webp.webp?fit=960%2C539&ssl=1&resize=525%2C300 1.5x, https:\/\/i0.wp.com\/noticiasribeiraopreto.com.br\/wp-content\/uploads\/2024\/09\/s-Molde-Midias-tec_2024-09-25_18-33-15_jpg_2024-09-25_18-33-16.webp.webp?fit=960%2C539&ssl=1&resize=700%2C400 2x"},"classes":[]},{"id":38907,"url":"https:\/\/noticiasribeiraopreto.com.br\/index.php\/2024\/02\/22\/paulo-gomes-elogia-jogadores-do-botafogo\/","url_meta":{"origin":8087,"position":3},"title":"Paulo Gomes elogia jogadores do Botafogo","author":"noticiasribeiraopreto.com.br","date":"22 de February de 2024","format":false,"excerpt":"22 de fevereiro de 2024 | 11:0021 de fevereiro de 2024 | 19:06 0A vit\u00f3ria do Botafogo pela Copa do Brasil colocou muito dinheiro nos cofres do Pantera, mas, al\u00e9m disso, pode acalmar os \u00e2nimos dentro do clube. As quatro derrotas seguidas colocaram o t\u00e9cnico Paulo Gomes no olho do\u2026","rel":"","context":"In &quot;Not\u00edcias de Ribeir\u00e3o Preto-SP e Regi\u00e3o&quot;","block_context":{"text":"Not\u00edcias de Ribeir\u00e3o Preto-SP e Regi\u00e3o","link":"https:\/\/noticiasribeiraopreto.com.br\/index.php\/category\/noticias-de-ribeirao-preto-sp-e-regiao-ismael-colosi\/"},"img":{"alt_text":"","src":"https:\/\/i0.wp.com\/noticiasribeiraopreto.com.br\/wp-content\/uploads\/2024\/02\/Botafogo-2-15-scaled.jpg?fit=967%2C645&ssl=1&resize=350%2C200","width":350,"height":200,"srcset":"https:\/\/i0.wp.com\/noticiasribeiraopreto.com.br\/wp-content\/uploads\/2024\/02\/Botafogo-2-15-scaled.jpg?fit=967%2C645&ssl=1&resize=350%2C200 1x, https:\/\/i0.wp.com\/noticiasribeiraopreto.com.br\/wp-content\/uploads\/2024\/02\/Botafogo-2-15-scaled.jpg?fit=967%2C645&ssl=1&resize=525%2C300 1.5x, https:\/\/i0.wp.com\/noticiasribeiraopreto.com.br\/wp-content\/uploads\/2024\/02\/Botafogo-2-15-scaled.jpg?fit=967%2C645&ssl=1&resize=700%2C400 2x"},"classes":[]},{"id":25544,"url":"https:\/\/noticiasribeiraopreto.com.br\/index.php\/2024\/01\/07\/com-reforcos-gringos-bota-se-prepara-para-temporada\/","url_meta":{"origin":8087,"position":4},"title":"Com refor\u00e7os gringos, Bota se prepara para temporada\u00a0\u00a0","author":"noticiasribeiraopreto.com.br","date":"7 de January de 2024","format":false,"excerpt":"Ano novo, vida nova e tudo come\u00e7a outra vez. Assim \u00e9 a vida e assim \u00e9 para os clubes de futebol. No Botafogo n\u00e3o \u00e9 diferente e a prepara\u00e7\u00e3o para a temporada de 2024 est\u00e1 a todo vapor. O clube vai participar do Paulist\u00e3o, Copa do Brasil e S\u00e9rie B.\u2026","rel":"","context":"In &quot;Not\u00edcias de Ribeir\u00e3o Preto-SP e Regi\u00e3o&quot;","block_context":{"text":"Not\u00edcias de Ribeir\u00e3o Preto-SP e Regi\u00e3o","link":"https:\/\/noticiasribeiraopreto.com.br\/index.php\/category\/noticias-de-ribeirao-preto-sp-e-regiao-ismael-colosi\/"},"img":{"alt_text":"","src":"https:\/\/i0.wp.com\/noticiasribeiraopreto.com.br\/wp-content\/uploads\/2024\/01\/Botafogo-Leandro-Maciel-1-scaled.jpg?fit=967%2C645&ssl=1&resize=350%2C200","width":350,"height":200,"srcset":"https:\/\/i0.wp.com\/noticiasribeiraopreto.com.br\/wp-content\/uploads\/2024\/01\/Botafogo-Leandro-Maciel-1-scaled.jpg?fit=967%2C645&ssl=1&resize=350%2C200 1x, https:\/\/i0.wp.com\/noticiasribeiraopreto.com.br\/wp-content\/uploads\/2024\/01\/Botafogo-Leandro-Maciel-1-scaled.jpg?fit=967%2C645&ssl=1&resize=525%2C300 1.5x, https:\/\/i0.wp.com\/noticiasribeiraopreto.com.br\/wp-content\/uploads\/2024\/01\/Botafogo-Leandro-Maciel-1-scaled.jpg?fit=967%2C645&ssl=1&resize=700%2C400 2x"},"classes":[]},{"id":73561,"url":"https:\/\/noticiasribeiraopreto.com.br\/index.php\/2025\/07\/04\/botafogo-anuncia-tecnico-para-copa-paulista\/","url_meta":{"origin":8087,"position":5},"title":"Botafogo anuncia t\u00e9cnico para Copa Paulista","author":"noticiasribeiraopreto.com.br","date":"4 de July de 2025","format":false,"excerpt":"R\u00e9gis Angeli ocupar\u00e1 cargo que era do auxiliar Ivan Izzo 4 de julho de 2025 16:564 de julho de 2025 16:583 Compartilhar1 Por Hugo Luque R\u00e9gis Angeli foi anunciado nesta sexta-feira (4) como o novo t\u00e9cnico do \u201ctime B\u201d do Botafogo, que disputa a Copa Paulista. O profissional ter\u00e1 a\u2026","rel":"","context":"In &quot;Not\u00edcias de Ribeir\u00e3o Preto-SP e Regi\u00e3o&quot;","block_context":{"text":"Not\u00edcias de Ribeir\u00e3o Preto-SP e Regi\u00e3o","link":"https:\/\/noticiasribeiraopreto.com.br\/index.php\/category\/noticias-de-ribeirao-preto-sp-e-regiao-ismael-colosi\/"},"img":{"alt_text":"","src":"https:\/\/i0.wp.com\/noticiasribeiraopreto.com.br\/wp-content\/uploads\/2025\/07\/1-TEC-Regis-Angeli-Divulgacao_Botafogo.jpeg?fit=848%2C450&ssl=1&resize=350%2C200","width":350,"height":200,"srcset":"https:\/\/i0.wp.com\/noticiasribeiraopreto.com.br\/wp-content\/uploads\/2025\/07\/1-TEC-Regis-Angeli-Divulgacao_Botafogo.jpeg?fit=848%2C450&ssl=1&resize=350%2C200 1x, https:\/\/i0.wp.com\/noticiasribeiraopreto.com.br\/wp-content\/uploads\/2025\/07\/1-TEC-Regis-Angeli-Divulgacao_Botafogo.jpeg?fit=848%2C450&ssl=1&resize=525%2C300 1.5x, https:\/\/i0.wp.com\/noticiasribeiraopreto.com.br\/wp-content\/uploads\/2025\/07\/1-TEC-Regis-Angeli-Divulgacao_Botafogo.jpeg?fit=848%2C450&ssl=1&resize=700%2C400 2x"},"classes":[]}],"jetpack_sharing_enabled":true,"jetpack_shortlink":"https:\/\/wp.me\/peQAOb-26r","_links":{"self":[{"href":"https:\/\/noticiasribeiraopreto.com.br\/index.php\/wp-json\/wp\/v2\/posts\/8087","targetHints":{"allow":["GET"]}}],"collection":[{"href":"https:\/\/noticiasribeiraopreto.com.br\/index.php\/wp-json\/wp\/v2\/posts"}],"about":[{"href":"https:\/\/noticiasribeiraopreto.com.br\/index.php\/wp-json\/wp\/v2\/types\/post"}],"author":[{"embeddable":true,"href":"https:\/\/noticiasribeiraopreto.com.br\/index.php\/wp-json\/wp\/v2\/users\/1"}],"replies":[{"embeddable":true,"href":"https:\/\/noticiasribeiraopreto.com.br\/index.php\/wp-json\/wp\/v2\/comments?post=8087"}],"version-history":[{"count":0,"href":"https:\/\/noticiasribeiraopreto.com.br\/index.php\/wp-json\/wp\/v2\/posts\/8087\/revisions"}],"wp:featuredmedia":[{"embeddable":true,"href":"https:\/\/noticiasribeiraopreto.com.br\/index.php\/wp-json\/wp\/v2\/media\/8088"}],"wp:attachment":[{"href":"https:\/\/noticiasribeiraopreto.com.br\/index.php\/wp-json\/wp\/v2\/media?parent=8087"}],"wp:term":[{"taxonomy":"category","embeddable":true,"href":"https:\/\/noticiasribeiraopreto.com.br\/index.php\/wp-json\/wp\/v2\/categories?post=8087"},{"taxonomy":"post_tag","embeddable":true,"href":"https:\/\/noticiasribeiraopreto.com.br\/index.php\/wp-json\/wp\/v2\/tags?post=8087"}],"curies":[{"name":"wp","href":"https:\/\/api.w.org\/{rel}","templated":true}]}}