{"id":80938,"date":"2025-12-18T13:49:28","date_gmt":"2025-12-18T16:49:28","guid":{"rendered":"https:\/\/noticiasribeiraopreto.com.br\/index.php\/2025\/12\/18\/oab-sp-e-ministerio-da-justica-avancam-na-implantacao-das-casas-de-justica-no-estado-de-sao-paulo\/"},"modified":"2025-12-18T13:49:28","modified_gmt":"2025-12-18T16:49:28","slug":"oab-sp-e-ministerio-da-justica-avancam-na-implantacao-das-casas-de-justica-no-estado-de-sao-paulo","status":"publish","type":"post","link":"https:\/\/noticiasribeiraopreto.com.br\/index.php\/2025\/12\/18\/oab-sp-e-ministerio-da-justica-avancam-na-implantacao-das-casas-de-justica-no-estado-de-sao-paulo\/","title":{"rendered":"OAB SP e Minist\u00e9rio da Justi\u00e7a avan\u00e7am na implanta\u00e7\u00e3o das Casas de Justi\u00e7a no Estado de S\u00e3o Paulo"},"content":{"rendered":"<div class='code-block code-block-1' style='margin: 8px 0 8px auto; text-align: right; display: block; clear: both;'>\n<p><a href=\"https:\/\/wa.link\/vpicfd\"><img data-recalc-dims=\"1\" class=\"wp-image-4922\" style=\"aspect-ratio: 2.0253164556962027; width: 561px; height: auto;\" src=\"https:\/\/i0.wp.com\/ismaelcolosi.com.br\/wp-content\/uploads\/2023\/11\/grupo-de-empregos-whatsapp-e-facebook-ismael-colosi-vagas.jpg?ssl=1\" alt=\"\" \/><\/a><\/p>\n<!-- \/wp:image -->\n<\/div>\n<p> <br \/>\n<\/p>\n<div id=\"\">&#13;<br \/>\n\t\t\t\t\t\t\t\t&#13;<\/p>\n<p>&#13;<br \/>\n\t\t\t\t\t\t\t\t\t<span class=\"entry-meta-item penci-posted-on\"><i class=\"fa fa-clock-o\"\/><time class=\"entry-date published updated\" datetime=\"2025-12-18T13:43:41-03:00\">18 de dezembro de 2025 13:43<\/time><\/span><span class=\"entry-meta-item penci-post-countview\"\/>\t\t\t\t\t\t\t\t<\/p>\n<p><!-- .entry-meta -->&#13;<br \/>\n\t\t\t\t\t\t\t\t<span class=\"penci-social-buttons penci-social-share-footer\"><span class=\"penci-social-share-text\">Compartilhar<\/span><a href=\"#\" class=\"penci-post-like penci_post-meta_item  single-like-button penci-social-item like\" data-post_id=\"449445\" title=\"Like\" data-like=\"Like\" data-unlike=\"Unlike\"><i class=\"fa fa-thumbs-o-up\"\/><span class=\"penci-share-number\">0<\/span><\/a><i class=\"fa fa-facebook\"\/><a class=\"penci-social-item twitter\" target=\"_blank\" rel=\"noopener\" title=\"\" href=\"https:\/\/twitter.com\/intent\/tweet?text=OAB%20SP%20e%20Minist\u00e9rio%20da%20Justi\u00e7a%20avan\u00e7am%20na%20implanta\u00e7\u00e3o%20das%20Casas%20de%20Justi\u00e7a%20no%20Estado%20de%20S\u00e3o%20Paulo%20-%20https:\/\/www.tribunaribeirao.com.br\/oab-sp-e-ministerio-da-justica-avancam-na-implantacao-das-casas-de-justica-no-estado-de-sao-paulo\/\"><i class=\"fa fa-twitter\"\/><\/a><i class=\"fa fa-linkedin\"\/><i class=\"fa fa-whatsapp\"\/><i class=\"fa fa-telegram\"\/><i class=\"fa fa-envelope\"\/><\/span>\t\t\t\t\t\t\t<\/div>\n<div>\n<p>A Ordem dos Advogados do Brasil Se\u00e7\u00e3o S\u00e3o Paulo (OAB SP) e o Minist\u00e9rio da Justi\u00e7a e Seguran\u00e7a P\u00fablica avan\u00e7am em uma nova etapa do programa Casas de Justi\u00e7a, iniciativa proposta pela Ordem paulista, com a assinatura de acordo de coopera\u00e7\u00e3o t\u00e9cnica nesta ter\u00e7a-feira (16).<\/p>\n<p>O acordo prev\u00ea a utiliza\u00e7\u00e3o das Subse\u00e7\u00f5es da OAB SP no interior e no litoral como centros de resolu\u00e7\u00e3o de conflitos extrajudiciais, voltados \u00e0 media\u00e7\u00e3o e \u00e0 concilia\u00e7\u00e3o, com atendimento \u00e0 popula\u00e7\u00e3o em situa\u00e7\u00e3o de vulnerabilidade. O projeto fortalece os m\u00e9todos consensuais de solu\u00e7\u00e3o de conflitos e democratiza o acesso \u00e0 Justi\u00e7a, ao mesmo tempo em que institucionaliza novas oportunidades de atua\u00e7\u00e3o para advogadas e advogados.<\/p>\n<p>Essa nova etapa representa o avan\u00e7o estruturado da proposta iniciada em 2023, agora organizada a partir de um plano de trabalho definido, com diretrizes, governan\u00e7a e cronograma de execu\u00e7\u00e3o j\u00e1 estabelecido. As Casas de Justi\u00e7a passam a desempenhar papel estrat\u00e9gico como espa\u00e7os institucionais e seguros para a resolu\u00e7\u00e3o consensual de disputas, alinhados \u00e0s pol\u00edticas nacionais de acesso \u00e0 Justi\u00e7a.<\/p>\n<p>As Subse\u00e7\u00f5es oferecer\u00e3o orienta\u00e7\u00e3o jur\u00eddica inicial, triagem qualificada, media\u00e7\u00e3o, concilia\u00e7\u00e3o e encaminhamento adequado de conflitos c\u00edveis, familiares, de vizinhan\u00e7a, comunit\u00e1rios, entre outros, tanto na fase pr\u00e9-processual quanto por encaminhamento de outros \u00f3rg\u00e3os do sistema de Justi\u00e7a. As Casas da Justi\u00e7a ampliar\u00e3o o acesso de pessoas e fam\u00edlias em situa\u00e7\u00e3o de vulnerabilidade a mecanismos mais c\u00e9leres, eficazes e humanizados de tratamento de conflitos, contribuindo para a redu\u00e7\u00e3o da litigiosidade.<\/p>\n<p>Nesta etapa do projeto, est\u00e3o previstos levantamentos diagn\u00f3sticos, defini\u00e7\u00e3o de modelos operacionais e a estrutura\u00e7\u00e3o de unidades-piloto, com padroniza\u00e7\u00e3o de fluxos, protocolos, instrumentos de registro, indicadores e crit\u00e9rios m\u00ednimos de funcionamento. O plano de trabalho tamb\u00e9m contempla a capacita\u00e7\u00e3o da advocacia, por meio da Escola Superior da Advocacia (ESA) OAB SP, com forma\u00e7\u00e3o em t\u00e9cnicas de media\u00e7\u00e3o, concilia\u00e7\u00e3o e pr\u00e1ticas restaurativas.<\/p>\n<p>De acordo com o presidente da OAB SP, Leonardo Sica, a iniciativa fortalece o sistema de Justi\u00e7a e amplia o campo de atua\u00e7\u00e3o profissional da advocacia. \u201cAo fortalecer a media\u00e7\u00e3o e a concilia\u00e7\u00e3o, liberamos o Judici\u00e1rio para os casos que realmente exigem decis\u00e3o judicial, com mais celeridade, efetividade e equidade. Com a capilaridade das Subse\u00e7\u00f5es da OAB SP, conseguimos chegar onde est\u00e3o as pessoas que mais precisam e, ao mesmo tempo, ampliar as oportunidades de atua\u00e7\u00e3o profissional para a advocacia paulista\u201d, afirma.<\/p>\n<p>Para Sheila de Carvalho, secret\u00e1ria nacional de Acesso \u00e0 Justi\u00e7a, no Minist\u00e9rio da Justi\u00e7a e Seguran\u00e7a P\u00fablica (Saju\/MJSP), a parceria com a OAB SP refor\u00e7a o compromisso do Estado com pol\u00edticas p\u00fablicas de democratiza\u00e7\u00e3o da justi\u00e7a. \u201cAs Casas de Justi\u00e7a representam um modelo inovador e necess\u00e1rio de aproxima\u00e7\u00e3o do sistema judici\u00e1rio com a popula\u00e7\u00e3o, especialmente com aqueles em situa\u00e7\u00e3o de vulnerabilidade. Ao fortalecer a media\u00e7\u00e3o e a concilia\u00e7\u00e3o em \u00e2mbito territorial, promovemos solu\u00e7\u00f5es mais r\u00e1pidas, humanizadas e eficazes, em conson\u00e2ncia com as diretrizes nacionais de acesso \u00e0 justi\u00e7a e de pacifica\u00e7\u00e3o social\u201d.<\/p>\n<\/div>\n<p><script async src=\"\/\/platform.twitter.com\/widgets.js\" charset=\"utf-8\"><\/script><br \/>\n<br \/><br \/>\n<br \/><a href=\"https:\/\/www.tribunaribeirao.com.br\/oab-sp-e-ministerio-da-justica-avancam-na-implantacao-das-casas-de-justica-no-estado-de-sao-paulo\/\">Source link <\/a><\/p>\n<!-- CONTENT END 1 -->\n","protected":false},"excerpt":{"rendered":"<p>&#13; &#13; &#13; 18 de dezembro de 2025 13:43 &#13; Compartilhar0 A Ordem dos Advogados do Brasil Se\u00e7\u00e3o S\u00e3o Paulo (OAB SP) e o Minist\u00e9rio&#8230;<\/p>\n","protected":false},"author":1,"featured_media":80939,"comment_status":"open","ping_status":"open","sticky":false,"template":"","format":"standard","meta":{"advanced_seo_description":"","jetpack_seo_html_title":"","jetpack_seo_noindex":false,"jetpack_post_was_ever_published":false,"_jetpack_newsletter_access":"","_jetpack_dont_email_post_to_subs":false,"_jetpack_newsletter_tier_id":0,"_jetpack_memberships_contains_paywalled_content":false,"_jetpack_memberships_contains_paid_content":false,"footnotes":"","jetpack_publicize_message":"","jetpack_publicize_feature_enabled":true,"jetpack_social_post_already_shared":true,"jetpack_social_options":{"image_generator_settings":{"template":"highway","default_image_id":0,"font":"","enabled":false},"version":2}},"categories":[11],"tags":[],"class_list":["post-80938","post","type-post","status-publish","format-standard","has-post-thumbnail","hentry","category-noticias-de-ribeirao-preto-sp-e-regiao-ismael-colosi"],"jetpack_publicize_connections":[],"jetpack_featured_media_url":"https:\/\/i0.wp.com\/noticiasribeiraopreto.com.br\/wp-content\/uploads\/2025\/12\/OAB-JF-Pimenta-Arquivo-scaled-1.jpg?fit=700%2C408&ssl=1","jetpack-related-posts":[{"id":68741,"url":"https:\/\/noticiasribeiraopreto.com.br\/index.php\/2025\/04\/28\/justica-militar-de-sp-abre-concurso-publico-com-salarios-de-r-8-mil\/","url_meta":{"origin":80938,"position":0},"title":"Justi\u00e7a Militar de SP abre concurso p\u00fablico com sal\u00e1rios de R$ 8 mil","author":"noticiasribeiraopreto.com.br","date":"28 de April de 2025","format":false,"excerpt":"O Tribunal de Justi\u00e7a Militar de S\u00e3o Paulo publicou edital de concurso p\u00fablico com quatro vagas. As oportunidades s\u00e3o de n\u00edvel m\u00e9dio e superior e os sal\u00e1rios variam entre R$ 7,5 e R$ 8,5 mil. As inscri\u00e7\u00f5es devem ser realizadas no per\u00edodo entre 10h do dia 9 de maio e\u2026","rel":"","context":"In &quot;Not\u00edcias de Ribeir\u00e3o Preto-SP e Regi\u00e3o&quot;","block_context":{"text":"Not\u00edcias de Ribeir\u00e3o Preto-SP e Regi\u00e3o","link":"https:\/\/noticiasribeiraopreto.com.br\/index.php\/category\/noticias-de-ribeirao-preto-sp-e-regiao-ismael-colosi\/"},"img":{"alt_text":"","src":"https:\/\/i0.wp.com\/noticiasribeiraopreto.com.br\/wp-content\/uploads\/2024\/03\/AnyConv.com__concurso-publico-2.webp.webp?fit=1200%2C800&ssl=1&resize=350%2C200","width":350,"height":200,"srcset":"https:\/\/i0.wp.com\/noticiasribeiraopreto.com.br\/wp-content\/uploads\/2024\/03\/AnyConv.com__concurso-publico-2.webp.webp?fit=1200%2C800&ssl=1&resize=350%2C200 1x, https:\/\/i0.wp.com\/noticiasribeiraopreto.com.br\/wp-content\/uploads\/2024\/03\/AnyConv.com__concurso-publico-2.webp.webp?fit=1200%2C800&ssl=1&resize=525%2C300 1.5x, https:\/\/i0.wp.com\/noticiasribeiraopreto.com.br\/wp-content\/uploads\/2024\/03\/AnyConv.com__concurso-publico-2.webp.webp?fit=1200%2C800&ssl=1&resize=700%2C400 2x, https:\/\/i0.wp.com\/noticiasribeiraopreto.com.br\/wp-content\/uploads\/2024\/03\/AnyConv.com__concurso-publico-2.webp.webp?fit=1200%2C800&ssl=1&resize=1050%2C600 3x"},"classes":[]},{"id":76933,"url":"https:\/\/noticiasribeiraopreto.com.br\/index.php\/2025\/09\/08\/entenda-situacao-do-rce-do-botafogo-apos-autorizacao-da-justica\/","url_meta":{"origin":80938,"position":1},"title":"Entenda situa\u00e7\u00e3o do RCE do Botafogo ap\u00f3s autoriza\u00e7\u00e3o da Justi\u00e7a","author":"noticiasribeiraopreto.com.br","date":"8 de September de 2025","format":false,"excerpt":"O BFC (Botafogo Futebol Clube) j\u00e1 apresentou para Justi\u00e7a a rela\u00e7\u00e3o dos credores ap\u00f3s o TJ-SP (Tribunal de Justi\u00e7a de S\u00e3o Paulo) autorizar que o clube de Ribeir\u00e3o Preto adote o RCE (Regime Centralizado de Execu\u00e7\u00f5es), no \u00faltimo m\u00eas de agosto. A d\u00edvida c\u00edvel gira em torno de R$ 20\u2026","rel":"","context":"In &quot;Not\u00edcias de Ribeir\u00e3o Preto-SP e Regi\u00e3o&quot;","block_context":{"text":"Not\u00edcias de Ribeir\u00e3o Preto-SP e Regi\u00e3o","link":"https:\/\/noticiasribeiraopreto.com.br\/index.php\/category\/noticias-de-ribeirao-preto-sp-e-regiao-ismael-colosi\/"},"img":{"alt_text":"","src":"https:\/\/i0.wp.com\/noticiasribeiraopreto.com.br\/wp-content\/uploads\/2025\/07\/botafogo-arena_2024-12-15_17-13-24_jpg_2024-12-15_17-13-24.webp.webp?fit=1200%2C799&ssl=1&resize=350%2C200","width":350,"height":200,"srcset":"https:\/\/i0.wp.com\/noticiasribeiraopreto.com.br\/wp-content\/uploads\/2025\/07\/botafogo-arena_2024-12-15_17-13-24_jpg_2024-12-15_17-13-24.webp.webp?fit=1200%2C799&ssl=1&resize=350%2C200 1x, https:\/\/i0.wp.com\/noticiasribeiraopreto.com.br\/wp-content\/uploads\/2025\/07\/botafogo-arena_2024-12-15_17-13-24_jpg_2024-12-15_17-13-24.webp.webp?fit=1200%2C799&ssl=1&resize=525%2C300 1.5x, https:\/\/i0.wp.com\/noticiasribeiraopreto.com.br\/wp-content\/uploads\/2025\/07\/botafogo-arena_2024-12-15_17-13-24_jpg_2024-12-15_17-13-24.webp.webp?fit=1200%2C799&ssl=1&resize=700%2C400 2x, https:\/\/i0.wp.com\/noticiasribeiraopreto.com.br\/wp-content\/uploads\/2025\/07\/botafogo-arena_2024-12-15_17-13-24_jpg_2024-12-15_17-13-24.webp.webp?fit=1200%2C799&ssl=1&resize=1050%2C600 3x"},"classes":[]},{"id":62793,"url":"https:\/\/noticiasribeiraopreto.com.br\/index.php\/2025\/01\/24\/justica-torna-re-mulher-acusada-de-envenenar-e-matar-gatos-no-interior-de-sp\/","url_meta":{"origin":80938,"position":2},"title":"Justi\u00e7a torna r\u00e9 mulher acusada de envenenar e matar gatos no interior de SP","author":"noticiasribeiraopreto.com.br","date":"24 de January de 2025","format":false,"excerpt":"O Tribunal de Justi\u00e7a de S\u00e3o Paulo (TJ-SP) aceitou den\u00fancia do Minist\u00e9rio P\u00fablico (MP) e tornou r\u00e9 a mulher acusada de envenenar e matar gatos em S\u00e3o Joaquim da Barra, cidade a aproximadamente 70 quil\u00f4metros de Ribeir\u00e3o Preto.\u00a0 Aparecida Donizeti Berigo Blesio, de 60 anos, foi presa preventivamente\u00a0 no \u00faltimo\u2026","rel":"","context":"In &quot;Not\u00edcias de Ribeir\u00e3o Preto-SP e Regi\u00e3o&quot;","block_context":{"text":"Not\u00edcias de Ribeir\u00e3o Preto-SP e Regi\u00e3o","link":"https:\/\/noticiasribeiraopreto.com.br\/index.php\/category\/noticias-de-ribeirao-preto-sp-e-regiao-ismael-colosi\/"},"img":{"alt_text":"","src":"https:\/\/i0.wp.com\/noticiasribeiraopreto.com.br\/wp-content\/uploads\/2025\/01\/PRISAO_2025-01-09_16-54-41_jpg_2025-01-09_16-54-41.webp.webp?fit=1200%2C707&ssl=1&resize=350%2C200","width":350,"height":200,"srcset":"https:\/\/i0.wp.com\/noticiasribeiraopreto.com.br\/wp-content\/uploads\/2025\/01\/PRISAO_2025-01-09_16-54-41_jpg_2025-01-09_16-54-41.webp.webp?fit=1200%2C707&ssl=1&resize=350%2C200 1x, https:\/\/i0.wp.com\/noticiasribeiraopreto.com.br\/wp-content\/uploads\/2025\/01\/PRISAO_2025-01-09_16-54-41_jpg_2025-01-09_16-54-41.webp.webp?fit=1200%2C707&ssl=1&resize=525%2C300 1.5x, https:\/\/i0.wp.com\/noticiasribeiraopreto.com.br\/wp-content\/uploads\/2025\/01\/PRISAO_2025-01-09_16-54-41_jpg_2025-01-09_16-54-41.webp.webp?fit=1200%2C707&ssl=1&resize=700%2C400 2x, https:\/\/i0.wp.com\/noticiasribeiraopreto.com.br\/wp-content\/uploads\/2025\/01\/PRISAO_2025-01-09_16-54-41_jpg_2025-01-09_16-54-41.webp.webp?fit=1200%2C707&ssl=1&resize=1050%2C600 3x"},"classes":[]},{"id":48746,"url":"https:\/\/noticiasribeiraopreto.com.br\/index.php\/2024\/05\/06\/promotor-de-justica-de-ribeirao-preto-e-suspeito-de-agredir-esposa-gravida\/","url_meta":{"origin":80938,"position":3},"title":"Promotor de Justi\u00e7a de Ribeir\u00e3o Preto \u00e9 suspeito de agredir esposa gr\u00e1vida","author":"noticiasribeiraopreto.com.br","date":"6 de May de 2024","format":false,"excerpt":"O promotor de Justi\u00e7a de Ribeir\u00e3o Preto Wanderley Trindade Junior \u00e9 suspeito de agredir com socos e chutes a mulher com quem vive em uni\u00e3o est\u00e1vel h\u00e1 quatro anos e est\u00e1 gr\u00e1vida de seis meses. O caso ocorreu no s\u00e1bado (4) em um s\u00edtio que fica em Cravinhos, na regi\u00e3o\u2026","rel":"","context":"In &quot;Not\u00edcias de Ribeir\u00e3o Preto-SP e Regi\u00e3o&quot;","block_context":{"text":"Not\u00edcias de Ribeir\u00e3o Preto-SP e Regi\u00e3o","link":"https:\/\/noticiasribeiraopreto.com.br\/index.php\/category\/noticias-de-ribeirao-preto-sp-e-regiao-ismael-colosi\/"},"img":{"alt_text":"","src":"https:\/\/i0.wp.com\/noticiasribeiraopreto.com.br\/wp-content\/uploads\/2024\/05\/Copia-de-Copia-de-TAMANHO-EXATO-PARA-FOTOS-NO-SISTEMA-NOVO-38_2024-05-06_14-50-35_jpg_2024-05-06_14-50-35.webp.webp?fit=1200%2C675&ssl=1&resize=350%2C200","width":350,"height":200,"srcset":"https:\/\/i0.wp.com\/noticiasribeiraopreto.com.br\/wp-content\/uploads\/2024\/05\/Copia-de-Copia-de-TAMANHO-EXATO-PARA-FOTOS-NO-SISTEMA-NOVO-38_2024-05-06_14-50-35_jpg_2024-05-06_14-50-35.webp.webp?fit=1200%2C675&ssl=1&resize=350%2C200 1x, https:\/\/i0.wp.com\/noticiasribeiraopreto.com.br\/wp-content\/uploads\/2024\/05\/Copia-de-Copia-de-TAMANHO-EXATO-PARA-FOTOS-NO-SISTEMA-NOVO-38_2024-05-06_14-50-35_jpg_2024-05-06_14-50-35.webp.webp?fit=1200%2C675&ssl=1&resize=525%2C300 1.5x, https:\/\/i0.wp.com\/noticiasribeiraopreto.com.br\/wp-content\/uploads\/2024\/05\/Copia-de-Copia-de-TAMANHO-EXATO-PARA-FOTOS-NO-SISTEMA-NOVO-38_2024-05-06_14-50-35_jpg_2024-05-06_14-50-35.webp.webp?fit=1200%2C675&ssl=1&resize=700%2C400 2x, https:\/\/i0.wp.com\/noticiasribeiraopreto.com.br\/wp-content\/uploads\/2024\/05\/Copia-de-Copia-de-TAMANHO-EXATO-PARA-FOTOS-NO-SISTEMA-NOVO-38_2024-05-06_14-50-35_jpg_2024-05-06_14-50-35.webp.webp?fit=1200%2C675&ssl=1&resize=1050%2C600 3x"},"classes":[]},{"id":68734,"url":"https:\/\/noticiasribeiraopreto.com.br\/index.php\/2025\/04\/28\/tribunal-de-justica-de-sp-decide-92-dos-processos-no-plenario-virtual\/","url_meta":{"origin":80938,"position":4},"title":"Tribunal de Justi\u00e7a de SP decide 92% dos processos no plen\u00e1rio virtual","author":"noticiasribeiraopreto.com.br","date":"28 de April de 2025","format":false,"excerpt":"Criado em 2011 pelo Tribunal de Justi\u00e7a de S\u00e3o Paulo para agilizar o julgamento dos processos, o plen\u00e1rio virtual se consolidou como a principal forma de julgamento na corte. Levantamento deste Anu\u00e1rio da Justi\u00e7a mostra que, em 2024, 92% dos processos no TJ-SP foram decididos no plen\u00e1rio virtual, de forma\u2026","rel":"","context":"In &quot;Not\u00edcias de Franca-SP&quot;","block_context":{"text":"Not\u00edcias de Franca-SP","link":"https:\/\/noticiasribeiraopreto.com.br\/index.php\/category\/noticias-de-ribeirao-preto-sp-e-regiao-ismael-colosi\/noticias-franca-sp\/"},"img":{"alt_text":"","src":"https:\/\/i0.wp.com\/noticiasribeiraopreto.com.br\/wp-content\/uploads\/2025\/04\/tjsp-2.jpg?fit=700%2C481&ssl=1&resize=350%2C200","width":350,"height":200,"srcset":"https:\/\/i0.wp.com\/noticiasribeiraopreto.com.br\/wp-content\/uploads\/2025\/04\/tjsp-2.jpg?fit=700%2C481&ssl=1&resize=350%2C200 1x, https:\/\/i0.wp.com\/noticiasribeiraopreto.com.br\/wp-content\/uploads\/2025\/04\/tjsp-2.jpg?fit=700%2C481&ssl=1&resize=525%2C300 1.5x, https:\/\/i0.wp.com\/noticiasribeiraopreto.com.br\/wp-content\/uploads\/2025\/04\/tjsp-2.jpg?fit=700%2C481&ssl=1&resize=700%2C400 2x"},"classes":[]},{"id":81299,"url":"https:\/\/noticiasribeiraopreto.com.br\/index.php\/2025\/12\/31\/policia-rodoviaria-prende-passageiro-procurado-pela-justica-em-franca\/","url_meta":{"origin":80938,"position":5},"title":"Policia Rodovi\u00e1ria prende passageiro procurado pela justi\u00e7a em Franca","author":"noticiasribeiraopreto.com.br","date":"31 de December de 2025","format":false,"excerpt":"\r \r \r \r \r 31 de dezembro de 2025 16:3031 de dezembro de 2025 16:20 \r Compartilhar0 \r Um homem, que era procurado pela justi\u00e7a, foi preso pela Pol\u00edcia Militar Rodovi\u00e1ria na noite desta ter\u00e7a-feira (30) em Franca. Segundo a 4\u00aa Companhia do 3\u00b0Batalh\u00e3o de Pol\u00edcia Rodovi\u00e1ria, a pris\u00e3o\u2026","rel":"","context":"In &quot;Not\u00edcias de Ribeir\u00e3o Preto-SP e Regi\u00e3o&quot;","block_context":{"text":"Not\u00edcias de Ribeir\u00e3o Preto-SP e Regi\u00e3o","link":"https:\/\/noticiasribeiraopreto.com.br\/index.php\/category\/noticias-de-ribeirao-preto-sp-e-regiao-ismael-colosi\/"},"img":{"alt_text":"","src":"https:\/\/i0.wp.com\/noticiasribeiraopreto.com.br\/wp-content\/uploads\/2025\/12\/WhatsApp-Image-2025-12-31-at-13.48.31.jpeg?fit=964%2C813&ssl=1&resize=350%2C200","width":350,"height":200,"srcset":"https:\/\/i0.wp.com\/noticiasribeiraopreto.com.br\/wp-content\/uploads\/2025\/12\/WhatsApp-Image-2025-12-31-at-13.48.31.jpeg?fit=964%2C813&ssl=1&resize=350%2C200 1x, https:\/\/i0.wp.com\/noticiasribeiraopreto.com.br\/wp-content\/uploads\/2025\/12\/WhatsApp-Image-2025-12-31-at-13.48.31.jpeg?fit=964%2C813&ssl=1&resize=525%2C300 1.5x, https:\/\/i0.wp.com\/noticiasribeiraopreto.com.br\/wp-content\/uploads\/2025\/12\/WhatsApp-Image-2025-12-31-at-13.48.31.jpeg?fit=964%2C813&ssl=1&resize=700%2C400 2x"},"classes":[]}],"jetpack_sharing_enabled":true,"jetpack_shortlink":"https:\/\/wp.me\/peQAOb-l3s","_links":{"self":[{"href":"https:\/\/noticiasribeiraopreto.com.br\/index.php\/wp-json\/wp\/v2\/posts\/80938","targetHints":{"allow":["GET"]}}],"collection":[{"href":"https:\/\/noticiasribeiraopreto.com.br\/index.php\/wp-json\/wp\/v2\/posts"}],"about":[{"href":"https:\/\/noticiasribeiraopreto.com.br\/index.php\/wp-json\/wp\/v2\/types\/post"}],"author":[{"embeddable":true,"href":"https:\/\/noticiasribeiraopreto.com.br\/index.php\/wp-json\/wp\/v2\/users\/1"}],"replies":[{"embeddable":true,"href":"https:\/\/noticiasribeiraopreto.com.br\/index.php\/wp-json\/wp\/v2\/comments?post=80938"}],"version-history":[{"count":0,"href":"https:\/\/noticiasribeiraopreto.com.br\/index.php\/wp-json\/wp\/v2\/posts\/80938\/revisions"}],"wp:featuredmedia":[{"embeddable":true,"href":"https:\/\/noticiasribeiraopreto.com.br\/index.php\/wp-json\/wp\/v2\/media\/80939"}],"wp:attachment":[{"href":"https:\/\/noticiasribeiraopreto.com.br\/index.php\/wp-json\/wp\/v2\/media?parent=80938"}],"wp:term":[{"taxonomy":"category","embeddable":true,"href":"https:\/\/noticiasribeiraopreto.com.br\/index.php\/wp-json\/wp\/v2\/categories?post=80938"},{"taxonomy":"post_tag","embeddable":true,"href":"https:\/\/noticiasribeiraopreto.com.br\/index.php\/wp-json\/wp\/v2\/tags?post=80938"}],"curies":[{"name":"wp","href":"https:\/\/api.w.org\/{rel}","templated":true}]}}