{"id":80945,"date":"2025-12-18T19:04:45","date_gmt":"2025-12-18T22:04:45","guid":{"rendered":"https:\/\/noticiasribeiraopreto.com.br\/index.php\/2025\/12\/18\/lula-assina-liberacao-de-mais-de-r-1-bilhao-para-obras-de-mobilidade-urbana-em-ribeirao-preto\/"},"modified":"2025-12-18T19:04:45","modified_gmt":"2025-12-18T22:04:45","slug":"lula-assina-liberacao-de-mais-de-r-1-bilhao-para-obras-de-mobilidade-urbana-em-ribeirao-preto","status":"publish","type":"post","link":"https:\/\/noticiasribeiraopreto.com.br\/index.php\/2025\/12\/18\/lula-assina-liberacao-de-mais-de-r-1-bilhao-para-obras-de-mobilidade-urbana-em-ribeirao-preto\/","title":{"rendered":"Lula assina libera\u00e7\u00e3o de mais de R$ 1 bilh\u00e3o para obras de mobilidade urbana em Ribeir\u00e3o Preto"},"content":{"rendered":"<div class='code-block code-block-1' style='margin: 8px 0 8px auto; text-align: right; display: block; clear: both;'>\n<p><a href=\"https:\/\/wa.link\/vpicfd\"><img data-recalc-dims=\"1\" class=\"wp-image-4922\" style=\"aspect-ratio: 2.0253164556962027; width: 561px; height: auto;\" src=\"https:\/\/i0.wp.com\/ismaelcolosi.com.br\/wp-content\/uploads\/2023\/11\/grupo-de-empregos-whatsapp-e-facebook-ismael-colosi-vagas.jpg?ssl=1\" alt=\"\" \/><\/a><\/p>\n<!-- \/wp:image -->\n<\/div>\n<p> <br \/>\n<\/p>\n<div>\n<p>O presidente <strong>Luiz In\u00e1cio Lula da Silva (PT)<\/strong> assinou, nesta quinta-feira (18), em Bras\u00edlia-DF, a libera\u00e7\u00e3o de mais de <strong>R$ 1 bilh\u00e3o<\/strong> em investimentos voltados \u00e0 <strong>mobilidade urbana de Ribeir\u00e3o Preto<\/strong>.<\/p>\n<p>Segundo o chefe do Executivo, <mark style=\"background-color:#fcb900\" class=\"has-inline-color\"><strong>o munic\u00edpio \u00e9 estrat\u00e9gico para o desenvolvimento do Brasil<\/strong><\/mark>, \u201cpela sua for\u00e7a econ\u00f4mica, pela sua gente trabalhadora e pela import\u00e2ncia que tem para S\u00e3o Paulo e para o pa\u00eds inteiro\u201d.<\/p>\n<p>O an\u00fancio do cr\u00e9dito havia sido divulgado na \u00faltima segunda-feira (15), durante celebra\u00e7\u00e3o da abertura de 500 mercados e da inaugura\u00e7\u00e3o da nova sede da ApexBrasil \u2013 veja v\u00eddeo abaixo.<\/p>\n<p>De acordo com a Prefeitura de Ribeir\u00e3o Preto, os recursos ser\u00e3o liberados por meio do<strong> Novo Programa de Acelera\u00e7\u00e3o do Crescimento (PAC) Avan\u00e7ar Cidades<\/strong>, vinculado ao Minist\u00e9rio das Cidades, e t\u00eam como objetivo <strong>interligar regi\u00f5es estrat\u00e9gicas da cidade<\/strong>, <strong>melhorar a fluidez do tr\u00e2nsito<\/strong> e <strong>impulsionar o desenvolvimento urbano<\/strong> de forma planejada e sustent\u00e1vel.<\/p>\n<figure class=\"wp-block-pullquote\">\n<blockquote>\n<p>\u00c9 um investimento que olha para as pessoas, para o desenvolvimento da cidade e para o futuro de Ribeir\u00e3o<\/p>\n<p><cite>afirmou o prefeito Ricardo Silva<\/cite><\/p><\/blockquote>\n<\/figure>\n<p>A cerim\u00f4nia contou com a presen\u00e7a do prefeito de Ribeir\u00e3o Preto, <strong>Ricardo Silva (PSD)<\/strong>, do ministro das Cidades, <strong>Jader Barbalho Filho<\/strong>, do prefeito Ricardo Silva, do <strong>deputado federal Baleia Rossi (MDB)<\/strong>, do <strong>deputado estadual L\u00e9o Oliveira (MDB)<\/strong>, das <strong>vereadoras Duda Hidalgo (PT) <\/strong>e <strong>Perla M\u00fcller (PT)<\/strong> e demais autoridades.<\/p>\n<figure class=\"wp-block-pullquote\">\n<blockquote>\n<p>Estamos fazendo hist\u00f3ria. Ap\u00f3s muitas d\u00e9cadas, junto com o prefeito Ricardo Silva e apoio do governo federal, vamos finalmente tirar do papel esse projeto que vai mudar a vida de mais de 345 mil pessoas nas regi\u00f5es Leste, Oeste e Norte. Melhorar a mobilidade, organizar o crescimento de Ribeir\u00e3o e prepar\u00e1-la para o futuro<\/p>\n<p><cite>deputado Baleia Rossi<\/cite><\/p><\/blockquote>\n<\/figure>\n<blockquote class=\"instagram-media\" data-instgrm-permalink=\"https:\/\/www.instagram.com\/reel\/DSV66U2jq-L\/?utm_source=ig_embed&amp;utm_campaign=loading\" data-instgrm-version=\"14\" style=\" background:#FFF; border:0; border-radius:3px; box-shadow:0 0 1px 0 rgba(0,0,0,0.5),0 1px 10px 0 rgba(0,0,0,0.15); margin: 1px; max-width:540px; min-width:326px; padding:0; width:99.375%; width:-webkit-calc(100% - 2px); width:calc(100% - 2px);\"\/>\n<h2 class=\"wp-block-heading\"><strong>Obras estruturais<\/strong><\/h2>\n<p>Em seu perfil do Instagram, o <strong>prefeito Ricardo Silva apareceu ao lado de Lula<\/strong> e afirmou que os recursos ser\u00e3o destinados a <strong>obras estruturais voltadas ao desenvolvimento de Ribeir\u00e3o Preto<\/strong>, como por exemplo, <mark style=\"background-color:#fcb900\" class=\"has-inline-color\">a obra da avenida Tanquinho e interven\u00e7\u00f5es relacionadas \u00e0 extens\u00e3o da avenida Rio Pardo.<\/mark> Em\u00a0entrevista ao\u00a0<strong>acidade on<\/strong>, o prefeito j\u00e1 havia adiantado que a autoriza\u00e7\u00e3o para o financiamento da obra estava pr\u00f3xima de ser assinada.<\/p>\n<figure class=\"wp-block-pullquote\">\n<blockquote>\n<p>O senhor n\u00e3o \u00e9 do meu partido, o senhor n\u00e3o foi do meu grupo pol\u00edtico nas \u00faltimas elei\u00e7\u00f5es, mas o senhor est\u00e1 liberando para Ribeir\u00e3o Preto mais de R$ 1 bilh\u00e3o para uma obra que a gente ouve falar h\u00e1 60 anos: Avenida do Tanquinho. Vamos abrir completa. [Realizar] parque linear, ciclofaixa, avenida Rio Pardo, abertura, duplica\u00e7\u00e3o<\/p>\n<p><cite>Ricardo Silva<\/cite><\/p><\/blockquote>\n<\/figure>\n<p>Ainda de acordo com<strong> Ricardo Silva<\/strong>, com as obras, Ribeir\u00e3o Preto passar\u00e1 a contar com um sistema vi\u00e1rio mais conectado, ligando a via Norte \u00e0s futuras vias Leste e Oeste.<\/p>\n<figure class=\"wp-block-gallery has-nested-images columns-default is-cropped wp-block-gallery-1 is-layout-flex wp-block-gallery-is-layout-flex\">\n<figure class=\"wp-block-image size-large\"><img data-recalc-dims=\"1\" fetchpriority=\"high\" decoding=\"async\" width=\"1024\" height=\"684\" data-id=\"139815\" src=\"https:\/\/i0.wp.com\/cdn.media-acidadeon.com.br\/ribeiraopreto\/wp-content\/uploads\/sites\/3\/2025\/12\/IMG-20251218-WA0232_2025-12-18_20-51-05-1024x684.webp?resize=1024%2C684&#038;ssl=1\" alt=\"Ribeir\u00e3o Preto vai receber mais de R$ 1 bilh\u00e3o para obras vi\u00e1rias e urbanas - Foto: Divulga\u00e7\u00e3o Minist\u00e9rio das Cidades.\" class=\"wp-image-139815\" title=\"Lula assina libera\u00e7\u00e3o de mais de R$ 1 bilh\u00e3o para obras de mobilidade urbana em Ribeir\u00e3o Preto 1\" srcset=\"https:\/\/cdn.media-acidadeon.com.br\/ribeiraopreto\/wp-content\/uploads\/sites\/3\/2025\/12\/IMG-20251218-WA0232_2025-12-18_20-51-05-1024x684.webp 1024w, https:\/\/cdn.media-acidadeon.com.br\/ribeiraopreto\/wp-content\/uploads\/sites\/3\/2025\/12\/IMG-20251218-WA0232_2025-12-18_20-51-05-300x200.webp 300w, https:\/\/cdn.media-acidadeon.com.br\/ribeiraopreto\/wp-content\/uploads\/sites\/3\/2025\/12\/IMG-20251218-WA0232_2025-12-18_20-51-05-768x513.webp 768w, https:\/\/cdn.media-acidadeon.com.br\/ribeiraopreto\/wp-content\/uploads\/sites\/3\/2025\/12\/IMG-20251218-WA0232_2025-12-18_20-51-05-696x465.webp 696w, https:\/\/cdn.media-acidadeon.com.br\/ribeiraopreto\/wp-content\/uploads\/sites\/3\/2025\/12\/IMG-20251218-WA0232_2025-12-18_20-51-05-1068x713.webp 1068w, https:\/\/cdn.media-acidadeon.com.br\/ribeiraopreto\/wp-content\/uploads\/sites\/3\/2025\/12\/IMG-20251218-WA0232_2025-12-18_20-51-05.webp 1200w\" sizes=\"(max-width: 1024px) 100vw, 1024px\"\/><figcaption class=\"wp-element-caption\">Ribeir\u00e3o Preto vai receber mais de R$ 1 bilh\u00e3o para obras vi\u00e1rias e urbanas \u2013 Foto: Divulga\u00e7\u00e3o Minist\u00e9rio das Cidades.<\/figcaption><\/figure>\n<figure class=\"wp-block-image size-large\"><img data-recalc-dims=\"1\" loading=\"lazy\" decoding=\"async\" width=\"1024\" height=\"684\" data-id=\"139816\" src=\"https:\/\/i0.wp.com\/cdn.media-acidadeon.com.br\/ribeiraopreto\/wp-content\/uploads\/sites\/3\/2025\/12\/IMG-20251218-WA0220_2025-12-18_20-51-08-1024x684.webp?resize=1024%2C684&#038;ssl=1\" alt=\"Ribeir\u00e3o Preto vai receber mais de R$ 1 bilh\u00e3o para obras vi\u00e1rias e urbanas - Foto: Divulga\u00e7\u00e3o Minist\u00e9rio das Cidades.\" class=\"wp-image-139816\" title=\"Lula assina libera\u00e7\u00e3o de mais de R$ 1 bilh\u00e3o para obras de mobilidade urbana em Ribeir\u00e3o Preto 2\" srcset=\"https:\/\/cdn.media-acidadeon.com.br\/ribeiraopreto\/wp-content\/uploads\/sites\/3\/2025\/12\/IMG-20251218-WA0220_2025-12-18_20-51-08-1024x684.webp 1024w, https:\/\/cdn.media-acidadeon.com.br\/ribeiraopreto\/wp-content\/uploads\/sites\/3\/2025\/12\/IMG-20251218-WA0220_2025-12-18_20-51-08-300x200.webp 300w, https:\/\/cdn.media-acidadeon.com.br\/ribeiraopreto\/wp-content\/uploads\/sites\/3\/2025\/12\/IMG-20251218-WA0220_2025-12-18_20-51-08-768x513.webp 768w, https:\/\/cdn.media-acidadeon.com.br\/ribeiraopreto\/wp-content\/uploads\/sites\/3\/2025\/12\/IMG-20251218-WA0220_2025-12-18_20-51-08-696x465.webp 696w, https:\/\/cdn.media-acidadeon.com.br\/ribeiraopreto\/wp-content\/uploads\/sites\/3\/2025\/12\/IMG-20251218-WA0220_2025-12-18_20-51-08-1068x713.webp 1068w, https:\/\/cdn.media-acidadeon.com.br\/ribeiraopreto\/wp-content\/uploads\/sites\/3\/2025\/12\/IMG-20251218-WA0220_2025-12-18_20-51-08.webp 1200w\" sizes=\"auto, (max-width: 1024px) 100vw, 1024px\"\/><figcaption class=\"wp-element-caption\">Ribeir\u00e3o Preto vai receber mais de R$ 1 bilh\u00e3o para obras vi\u00e1rias e urbanas \u2013 Foto: Divulga\u00e7\u00e3o Minist\u00e9rio das Cidades.<\/figcaption><\/figure>\n<figure class=\"wp-block-image size-large\"><img data-recalc-dims=\"1\" loading=\"lazy\" decoding=\"async\" width=\"1024\" height=\"684\" data-id=\"139817\" src=\"https:\/\/i0.wp.com\/cdn.media-acidadeon.com.br\/ribeiraopreto\/wp-content\/uploads\/sites\/3\/2025\/12\/IMG-20251218-WA0230_2025-12-18_20-51-10-1024x684.webp?resize=1024%2C684&#038;ssl=1\" alt=\"Ribeir\u00e3o Preto vai receber mais de R$ 1 bilh\u00e3o para obras vi\u00e1rias e urbanas - Foto: Divulga\u00e7\u00e3o Minist\u00e9rio das Cidades.\" class=\"wp-image-139817\" title=\"Lula assina libera\u00e7\u00e3o de mais de R$ 1 bilh\u00e3o para obras de mobilidade urbana em Ribeir\u00e3o Preto 3\" srcset=\"https:\/\/cdn.media-acidadeon.com.br\/ribeiraopreto\/wp-content\/uploads\/sites\/3\/2025\/12\/IMG-20251218-WA0230_2025-12-18_20-51-10-1024x684.webp 1024w, https:\/\/cdn.media-acidadeon.com.br\/ribeiraopreto\/wp-content\/uploads\/sites\/3\/2025\/12\/IMG-20251218-WA0230_2025-12-18_20-51-10-300x200.webp 300w, https:\/\/cdn.media-acidadeon.com.br\/ribeiraopreto\/wp-content\/uploads\/sites\/3\/2025\/12\/IMG-20251218-WA0230_2025-12-18_20-51-10-768x513.webp 768w, https:\/\/cdn.media-acidadeon.com.br\/ribeiraopreto\/wp-content\/uploads\/sites\/3\/2025\/12\/IMG-20251218-WA0230_2025-12-18_20-51-10-696x465.webp 696w, https:\/\/cdn.media-acidadeon.com.br\/ribeiraopreto\/wp-content\/uploads\/sites\/3\/2025\/12\/IMG-20251218-WA0230_2025-12-18_20-51-10-1068x713.webp 1068w, https:\/\/cdn.media-acidadeon.com.br\/ribeiraopreto\/wp-content\/uploads\/sites\/3\/2025\/12\/IMG-20251218-WA0230_2025-12-18_20-51-10.webp 1200w\" sizes=\"auto, (max-width: 1024px) 100vw, 1024px\"\/><figcaption class=\"wp-element-caption\">Ribeir\u00e3o Preto vai receber mais de R$ 1 bilh\u00e3o para obras vi\u00e1rias e urbanas \u2013 Foto: Divulga\u00e7\u00e3o Minist\u00e9rio das Cidades.<\/figcaption><\/figure>\n<\/figure>\n<hr class=\"wp-block-separator has-alpha-channel-opacity\"\/>\n<p>SAIBA MAIS<\/p>\n<p>O que se sabe sobre nova unidade da PM em Ribeir\u00e3o e o futuro do antigo cart\u00f3rio eleitoral<\/p>\n<h2 class=\"wp-block-heading\"><strong>FIQUE ON<\/strong><\/h2>\n<p>Fique ligado em tudo que acontece em Ribeir\u00e3o Preto e regi\u00e3o. Siga os perfis do\u00a0<strong>acidade on\u00a0<\/strong>no<a href=\"https:\/\/www.instagram.com\/acidadeonribeirao\" target=\"_blank\" rel=\"noreferrer noopener\">\u00a0Instagram<\/a>\u00a0e no\u00a0<a href=\"https:\/\/www.facebook.com\/acidadeonribeirao\/\" target=\"_blank\" rel=\"noreferrer noopener\">Facebook<\/a>.<\/p>\n<p>Receba not\u00edcias do\u00a0<strong>acidade on\u00a0<\/strong>no WhatsApp. Para entrar no grupo,\u00a0basta\u00a0<a href=\"https:\/\/chat.whatsapp.com\/GFH9HUMUTHNFJdnyEd0xxq\" target=\"_blank\" rel=\"noreferrer noopener\">clicar aqui<\/a>. Ou, acesse o nosso\u00a0Canal\u00a0<a href=\"https:\/\/whatsapp.com\/channel\/0029Vb6IQl1JENyAeS57fk2p\" target=\"_blank\" rel=\"noreferrer noopener\">clicando aqui<\/a>.<\/p>\n<p>Fa\u00e7a uma den\u00fancia ou sugira uma reportagem sobre Ribeir\u00e3o Preto e regi\u00e3o pelo WhatsApp: 16 99117 7802.<\/p>\n<p>VEJA TAMB\u00c9M<br \/>Dune: Awakening revela atualiza\u00e7\u00e3o gratuita do Cap\u00edtulo 3<\/p>\n<p><!-- AI CONTENT END 1 -->\n<\/div>\n<p><script async src=\"\/\/www.instagram.com\/embed.js\"><\/script><br \/>\n<br \/><br \/>\n<br \/><a href=\"https:\/\/www.acidadeon.com\/ribeiraopreto\/politica\/lula-assina-liberacao-de-mais-de-r-1-bilhao-para-obras-de-mobilidade-urbana-em-ribeirao-preto\/\">Source link <\/a><\/p>\n<!-- CONTENT END 1 -->\n","protected":false},"excerpt":{"rendered":"<p>O presidente Luiz In\u00e1cio Lula da Silva (PT) assinou, nesta quinta-feira (18), em Bras\u00edlia-DF, a libera\u00e7\u00e3o de mais de R$ 1 bilh\u00e3o em investimentos voltados&#8230;<\/p>\n","protected":false},"author":1,"featured_media":80946,"comment_status":"open","ping_status":"open","sticky":false,"template":"","format":"standard","meta":{"advanced_seo_description":"","jetpack_seo_html_title":"","jetpack_seo_noindex":false,"jetpack_post_was_ever_published":false,"_jetpack_newsletter_access":"","_jetpack_dont_email_post_to_subs":false,"_jetpack_newsletter_tier_id":0,"_jetpack_memberships_contains_paywalled_content":false,"_jetpack_memberships_contains_paid_content":false,"footnotes":"","jetpack_publicize_message":"","jetpack_publicize_feature_enabled":true,"jetpack_social_post_already_shared":true,"jetpack_social_options":{"image_generator_settings":{"template":"highway","default_image_id":0,"font":"","enabled":false},"version":2}},"categories":[11],"tags":[],"class_list":["post-80945","post","type-post","status-publish","format-standard","has-post-thumbnail","hentry","category-noticias-de-ribeirao-preto-sp-e-regiao-ismael-colosi"],"jetpack_publicize_connections":[],"jetpack_featured_media_url":"https:\/\/i0.wp.com\/noticiasribeiraopreto.com.br\/wp-content\/uploads\/2025\/12\/IMG-20251218-WA0220_2025-12-18_20-49-48.webp.webp?fit=1200%2C801&ssl=1","jetpack-related-posts":[{"id":80949,"url":"https:\/\/noticiasribeiraopreto.com.br\/index.php\/2025\/12\/19\/entenda-como-serao-as-obras-de-mobilidade-urbana-apos-a-liberacao-de-r-11-bilhao-para-ribeirao-preto\/","url_meta":{"origin":80945,"position":0},"title":"Entenda como ser\u00e3o as obras de mobilidade urbana ap\u00f3s a libera\u00e7\u00e3o de R$ 1,1 bilh\u00e3o para Ribeir\u00e3o Preto","author":"noticiasribeiraopreto.com.br","date":"19 de December de 2025","format":false,"excerpt":"Com a assinatura do presidente Luiz In\u00e1cio Lula da Silva (PT) nesta quinta-feira (18), Ribeir\u00e3o Preto garantiu R$ 1,1 bilh\u00e3o em recursos federais para a execu\u00e7\u00e3o de obras de mobilidade urbana, entre elas, a Via Leste\u2013Oeste e a avenida do Tanquinho. De acordo com a Prefeitura, os recursos ser\u00e3o liberados\u2026","rel":"","context":"In &quot;Not\u00edcias de Ribeir\u00e3o Preto-SP e Regi\u00e3o&quot;","block_context":{"text":"Not\u00edcias de Ribeir\u00e3o Preto-SP e Regi\u00e3o","link":"https:\/\/noticiasribeiraopreto.com.br\/index.php\/category\/noticias-de-ribeirao-preto-sp-e-regiao-ismael-colosi\/"},"img":{"alt_text":"","src":"https:\/\/i0.wp.com\/noticiasribeiraopreto.com.br\/wp-content\/uploads\/2025\/07\/ribeirao-preto-aerea_2025-03-21_20-24-22_jpg_2025-03-21_20-24-23.webp.webp?fit=1200%2C800&ssl=1&resize=350%2C200","width":350,"height":200,"srcset":"https:\/\/i0.wp.com\/noticiasribeiraopreto.com.br\/wp-content\/uploads\/2025\/07\/ribeirao-preto-aerea_2025-03-21_20-24-22_jpg_2025-03-21_20-24-23.webp.webp?fit=1200%2C800&ssl=1&resize=350%2C200 1x, https:\/\/i0.wp.com\/noticiasribeiraopreto.com.br\/wp-content\/uploads\/2025\/07\/ribeirao-preto-aerea_2025-03-21_20-24-22_jpg_2025-03-21_20-24-23.webp.webp?fit=1200%2C800&ssl=1&resize=525%2C300 1.5x, https:\/\/i0.wp.com\/noticiasribeiraopreto.com.br\/wp-content\/uploads\/2025\/07\/ribeirao-preto-aerea_2025-03-21_20-24-22_jpg_2025-03-21_20-24-23.webp.webp?fit=1200%2C800&ssl=1&resize=700%2C400 2x, https:\/\/i0.wp.com\/noticiasribeiraopreto.com.br\/wp-content\/uploads\/2025\/07\/ribeirao-preto-aerea_2025-03-21_20-24-22_jpg_2025-03-21_20-24-23.webp.webp?fit=1200%2C800&ssl=1&resize=1050%2C600 3x"},"classes":[]},{"id":80875,"url":"https:\/\/noticiasribeiraopreto.com.br\/index.php\/2025\/12\/17\/lula-anuncia-credito-de-r-1-bilhao-para-ribeirao-preto\/","url_meta":{"origin":80945,"position":1},"title":"Lula anuncia cr\u00e9dito de R$ 1 bilh\u00e3o para Ribeir\u00e3o Preto","author":"noticiasribeiraopreto.com.br","date":"17 de December de 2025","format":false,"excerpt":"O presidente Luiz In\u00e1cio Lula da Silva afirmou que vai liberar R$ 1 bilh\u00e3o em cr\u00e9dito para Ribeir\u00e3o Preto. A declara\u00e7\u00e3o ocorreu nesta segunda-feira (15) durante a celebra\u00e7\u00e3o da abertura de 500 mercados e da inaugura\u00e7\u00e3o da nova sede da ApexBrasil. Hoje eu vou fazer um cr\u00e9dito de 1 bilh\u00e3o\u2026","rel":"","context":"In &quot;Not\u00edcias de Ribeir\u00e3o Preto-SP e Regi\u00e3o&quot;","block_context":{"text":"Not\u00edcias de Ribeir\u00e3o Preto-SP e Regi\u00e3o","link":"https:\/\/noticiasribeiraopreto.com.br\/index.php\/category\/noticias-de-ribeirao-preto-sp-e-regiao-ismael-colosi\/"},"img":{"alt_text":"","src":"https:\/\/i0.wp.com\/noticiasribeiraopreto.com.br\/wp-content\/uploads\/2025\/12\/sfksd_2025-12-16_22-58-11.webp.webp?fit=942%2C608&ssl=1&resize=350%2C200","width":350,"height":200,"srcset":"https:\/\/i0.wp.com\/noticiasribeiraopreto.com.br\/wp-content\/uploads\/2025\/12\/sfksd_2025-12-16_22-58-11.webp.webp?fit=942%2C608&ssl=1&resize=350%2C200 1x, https:\/\/i0.wp.com\/noticiasribeiraopreto.com.br\/wp-content\/uploads\/2025\/12\/sfksd_2025-12-16_22-58-11.webp.webp?fit=942%2C608&ssl=1&resize=525%2C300 1.5x, https:\/\/i0.wp.com\/noticiasribeiraopreto.com.br\/wp-content\/uploads\/2025\/12\/sfksd_2025-12-16_22-58-11.webp.webp?fit=942%2C608&ssl=1&resize=700%2C400 2x"},"classes":[]},{"id":83224,"url":"https:\/\/noticiasribeiraopreto.com.br\/index.php\/2026\/03\/13\/aprovada-cee-da-via-leste-oeste\/","url_meta":{"origin":80945,"position":2},"title":"Aprovada CEE da Via Leste-Oeste","author":"noticiasribeiraopreto.com.br","date":"13 de March de 2026","format":false,"excerpt":"Comiss\u00e3o Especial de Estudos ir\u00e1 fiscalizar a execu\u00e7\u00e3o e a aplica\u00e7\u00e3o do financiamento de R$1,1 bilh\u00e3o para a implanta\u00e7\u00e3o do corredor de mobilidade Leste-Oeste A C\u00e2mara de Ribeir\u00e3o Preto aprovou a cria\u00e7\u00e3o de uma Comiss\u00e3o Especial de Estudos (CEE) para acompanhar a libera\u00e7\u00e3o de cr\u00e9dito de R$ 1,1 bilh\u00e3o via\u2026","rel":"","context":"In &quot;Not\u00edcias de Ribeir\u00e3o Preto-SP e Regi\u00e3o&quot;","block_context":{"text":"Not\u00edcias de Ribeir\u00e3o Preto-SP e Regi\u00e3o","link":"https:\/\/noticiasribeiraopreto.com.br\/index.php\/category\/noticias-de-ribeirao-preto-sp-e-regiao-ismael-colosi\/"},"img":{"alt_text":"","src":"https:\/\/i0.wp.com\/noticiasribeiraopreto.com.br\/wp-content\/uploads\/2026\/03\/NovoPAC-Alfredo-Risk-1-scaled.jpg?fit=1200%2C675&ssl=1&resize=350%2C200","width":350,"height":200,"srcset":"https:\/\/i0.wp.com\/noticiasribeiraopreto.com.br\/wp-content\/uploads\/2026\/03\/NovoPAC-Alfredo-Risk-1-scaled.jpg?fit=1200%2C675&ssl=1&resize=350%2C200 1x, https:\/\/i0.wp.com\/noticiasribeiraopreto.com.br\/wp-content\/uploads\/2026\/03\/NovoPAC-Alfredo-Risk-1-scaled.jpg?fit=1200%2C675&ssl=1&resize=525%2C300 1.5x, https:\/\/i0.wp.com\/noticiasribeiraopreto.com.br\/wp-content\/uploads\/2026\/03\/NovoPAC-Alfredo-Risk-1-scaled.jpg?fit=1200%2C675&ssl=1&resize=700%2C400 2x, https:\/\/i0.wp.com\/noticiasribeiraopreto.com.br\/wp-content\/uploads\/2026\/03\/NovoPAC-Alfredo-Risk-1-scaled.jpg?fit=1200%2C675&ssl=1&resize=1050%2C600 3x"},"classes":[]},{"id":80972,"url":"https:\/\/noticiasribeiraopreto.com.br\/index.php\/2025\/12\/19\/projeto-de-r-1-bilhao-via-leste-oeste-tera-217-km\/","url_meta":{"origin":80945,"position":3},"title":"Projeto de R$ 1 bilh\u00e3o &#8211; Via Leste-Oeste ter\u00e1 21,7 km","author":"noticiasribeiraopreto.com.br","date":"19 de December de 2025","format":false,"excerpt":"Prefeito Ricardo Silva assinou contrato de linha cr\u00e9dito que libera R$ 1,1 bilh\u00e3o para a Via Leste-Oeste; deputado Baleia Rossi (MDB) intermediou negocia\u00e7\u00e3o com presidente Lula Ribeir\u00e3o Preto d\u00e1 um passo hist\u00f3rico na transforma\u00e7\u00e3o da sua mobilidade urbana. O prefeito Ricardo Silva (PSD) assinou, na tarde desta quinta-feira, 18 de\u2026","rel":"","context":"In &quot;Not\u00edcias de Ribeir\u00e3o Preto-SP e Regi\u00e3o&quot;","block_context":{"text":"Not\u00edcias de Ribeir\u00e3o Preto-SP e Regi\u00e3o","link":"https:\/\/noticiasribeiraopreto.com.br\/index.php\/category\/noticias-de-ribeirao-preto-sp-e-regiao-ismael-colosi\/"},"img":{"alt_text":"","src":"https:\/\/i0.wp.com\/noticiasribeiraopreto.com.br\/wp-content\/uploads\/2025\/12\/1766150109_NovoPAC-Via-Alfredo-Risk-01-scaled.jpg?fit=1200%2C675&ssl=1&resize=350%2C200","width":350,"height":200,"srcset":"https:\/\/i0.wp.com\/noticiasribeiraopreto.com.br\/wp-content\/uploads\/2025\/12\/1766150109_NovoPAC-Via-Alfredo-Risk-01-scaled.jpg?fit=1200%2C675&ssl=1&resize=350%2C200 1x, https:\/\/i0.wp.com\/noticiasribeiraopreto.com.br\/wp-content\/uploads\/2025\/12\/1766150109_NovoPAC-Via-Alfredo-Risk-01-scaled.jpg?fit=1200%2C675&ssl=1&resize=525%2C300 1.5x, https:\/\/i0.wp.com\/noticiasribeiraopreto.com.br\/wp-content\/uploads\/2025\/12\/1766150109_NovoPAC-Via-Alfredo-Risk-01-scaled.jpg?fit=1200%2C675&ssl=1&resize=700%2C400 2x, https:\/\/i0.wp.com\/noticiasribeiraopreto.com.br\/wp-content\/uploads\/2025\/12\/1766150109_NovoPAC-Via-Alfredo-Risk-01-scaled.jpg?fit=1200%2C675&ssl=1&resize=1050%2C600 3x"},"classes":[]},{"id":80964,"url":"https:\/\/noticiasribeiraopreto.com.br\/index.php\/2025\/12\/19\/via-leste-oeste-tera-217-km\/","url_meta":{"origin":80945,"position":4},"title":"Via Leste-Oeste ter\u00e1 21,7 km","author":"noticiasribeiraopreto.com.br","date":"19 de December de 2025","format":false,"excerpt":"Prefeito Ricardo Silva assinou contrato de linha cr\u00e9dito que libera R$ 1,1 bilh\u00e3o para a Via Leste-Oeste; deputado Baleia Rossi (MDB) intermediou negocia\u00e7\u00e3o com presidente Lula Ribeir\u00e3o Preto d\u00e1 um passo hist\u00f3rico na transforma\u00e7\u00e3o da sua mobilidade urbana. O prefeito Ricardo Silva (PSD) assinou, na tarde desta quinta-feira, 18 de\u2026","rel":"","context":"In &quot;Not\u00edcias de Ribeir\u00e3o Preto-SP e Regi\u00e3o&quot;","block_context":{"text":"Not\u00edcias de Ribeir\u00e3o Preto-SP e Regi\u00e3o","link":"https:\/\/noticiasribeiraopreto.com.br\/index.php\/category\/noticias-de-ribeirao-preto-sp-e-regiao-ismael-colosi\/"},"img":{"alt_text":"","src":"https:\/\/i0.wp.com\/noticiasribeiraopreto.com.br\/wp-content\/uploads\/2025\/12\/NovoPAC-Via-Alfredo-Risk-01-scaled.jpg?fit=1200%2C675&ssl=1&resize=350%2C200","width":350,"height":200,"srcset":"https:\/\/i0.wp.com\/noticiasribeiraopreto.com.br\/wp-content\/uploads\/2025\/12\/NovoPAC-Via-Alfredo-Risk-01-scaled.jpg?fit=1200%2C675&ssl=1&resize=350%2C200 1x, https:\/\/i0.wp.com\/noticiasribeiraopreto.com.br\/wp-content\/uploads\/2025\/12\/NovoPAC-Via-Alfredo-Risk-01-scaled.jpg?fit=1200%2C675&ssl=1&resize=525%2C300 1.5x, https:\/\/i0.wp.com\/noticiasribeiraopreto.com.br\/wp-content\/uploads\/2025\/12\/NovoPAC-Via-Alfredo-Risk-01-scaled.jpg?fit=1200%2C675&ssl=1&resize=700%2C400 2x, https:\/\/i0.wp.com\/noticiasribeiraopreto.com.br\/wp-content\/uploads\/2025\/12\/NovoPAC-Via-Alfredo-Risk-01-scaled.jpg?fit=1200%2C675&ssl=1&resize=1050%2C600 3x"},"classes":[]},{"id":83358,"url":"https:\/\/noticiasribeiraopreto.com.br\/index.php\/2026\/03\/17\/camara-aprova-financiamento-de-r-11-bilhao-para-obras-em-ribeirao-preto\/","url_meta":{"origin":80945,"position":5},"title":"C\u00e2mara aprova financiamento de R$ 1,1 bilh\u00e3o para obras em Ribeir\u00e3o Preto","author":"noticiasribeiraopreto.com.br","date":"17 de March de 2026","format":false,"excerpt":"A C\u00e2mara de Ribeir\u00e3o Preto aprovou, na \u00faltima segunda-feira (17), o projeto de lei que autoriza a prefeitura a contratar o financiamento de R$ 1.093.319.450,64 junto \u00e0 Caixa Econ\u00f4mica Federal para constru\u00e7\u00e3o da avenida Tanquinho e prolongamento da avenida Rio Pardo, o chamado corredor de mobilidade Leste-Oeste. A proposta foi\u2026","rel":"","context":"In &quot;Not\u00edcias de Ribeir\u00e3o Preto-SP e Regi\u00e3o&quot;","block_context":{"text":"Not\u00edcias de Ribeir\u00e3o Preto-SP e Regi\u00e3o","link":"https:\/\/noticiasribeiraopreto.com.br\/index.php\/category\/noticias-de-ribeirao-preto-sp-e-regiao-ismael-colosi\/"},"img":{"alt_text":"","src":"https:\/\/i0.wp.com\/noticiasribeiraopreto.com.br\/wp-content\/uploads\/2026\/03\/aprova-camara_2026-03-17_12-27-06.webp.webp?fit=1200%2C675&ssl=1&resize=350%2C200","width":350,"height":200,"srcset":"https:\/\/i0.wp.com\/noticiasribeiraopreto.com.br\/wp-content\/uploads\/2026\/03\/aprova-camara_2026-03-17_12-27-06.webp.webp?fit=1200%2C675&ssl=1&resize=350%2C200 1x, https:\/\/i0.wp.com\/noticiasribeiraopreto.com.br\/wp-content\/uploads\/2026\/03\/aprova-camara_2026-03-17_12-27-06.webp.webp?fit=1200%2C675&ssl=1&resize=525%2C300 1.5x, https:\/\/i0.wp.com\/noticiasribeiraopreto.com.br\/wp-content\/uploads\/2026\/03\/aprova-camara_2026-03-17_12-27-06.webp.webp?fit=1200%2C675&ssl=1&resize=700%2C400 2x, https:\/\/i0.wp.com\/noticiasribeiraopreto.com.br\/wp-content\/uploads\/2026\/03\/aprova-camara_2026-03-17_12-27-06.webp.webp?fit=1200%2C675&ssl=1&resize=1050%2C600 3x"},"classes":[]}],"jetpack_sharing_enabled":true,"jetpack_shortlink":"https:\/\/wp.me\/peQAOb-l3z","_links":{"self":[{"href":"https:\/\/noticiasribeiraopreto.com.br\/index.php\/wp-json\/wp\/v2\/posts\/80945","targetHints":{"allow":["GET"]}}],"collection":[{"href":"https:\/\/noticiasribeiraopreto.com.br\/index.php\/wp-json\/wp\/v2\/posts"}],"about":[{"href":"https:\/\/noticiasribeiraopreto.com.br\/index.php\/wp-json\/wp\/v2\/types\/post"}],"author":[{"embeddable":true,"href":"https:\/\/noticiasribeiraopreto.com.br\/index.php\/wp-json\/wp\/v2\/users\/1"}],"replies":[{"embeddable":true,"href":"https:\/\/noticiasribeiraopreto.com.br\/index.php\/wp-json\/wp\/v2\/comments?post=80945"}],"version-history":[{"count":0,"href":"https:\/\/noticiasribeiraopreto.com.br\/index.php\/wp-json\/wp\/v2\/posts\/80945\/revisions"}],"wp:featuredmedia":[{"embeddable":true,"href":"https:\/\/noticiasribeiraopreto.com.br\/index.php\/wp-json\/wp\/v2\/media\/80946"}],"wp:attachment":[{"href":"https:\/\/noticiasribeiraopreto.com.br\/index.php\/wp-json\/wp\/v2\/media?parent=80945"}],"wp:term":[{"taxonomy":"category","embeddable":true,"href":"https:\/\/noticiasribeiraopreto.com.br\/index.php\/wp-json\/wp\/v2\/categories?post=80945"},{"taxonomy":"post_tag","embeddable":true,"href":"https:\/\/noticiasribeiraopreto.com.br\/index.php\/wp-json\/wp\/v2\/tags?post=80945"}],"curies":[{"name":"wp","href":"https:\/\/api.w.org\/{rel}","templated":true}]}}