{"id":80947,"date":"2025-12-19T05:51:47","date_gmt":"2025-12-19T08:51:47","guid":{"rendered":"https:\/\/noticiasribeiraopreto.com.br\/index.php\/2025\/12\/19\/vencedores-do-premio-multishow-se-apresentam-em-ribeirao-preto-veja-quando\/"},"modified":"2025-12-19T05:51:47","modified_gmt":"2025-12-19T08:51:47","slug":"vencedores-do-premio-multishow-se-apresentam-em-ribeirao-preto-veja-quando","status":"publish","type":"post","link":"https:\/\/noticiasribeiraopreto.com.br\/index.php\/2025\/12\/19\/vencedores-do-premio-multishow-se-apresentam-em-ribeirao-preto-veja-quando\/","title":{"rendered":"Vencedores do Pr\u00eamio Multishow se apresentam em Ribeir\u00e3o Preto; veja quando"},"content":{"rendered":"<div class='code-block code-block-1' style='margin: 8px 0 8px auto; text-align: right; display: block; clear: both;'>\n<p><a href=\"https:\/\/wa.link\/vpicfd\"><img data-recalc-dims=\"1\" class=\"wp-image-4922\" style=\"aspect-ratio: 2.0253164556962027; width: 561px; height: auto;\" src=\"https:\/\/i0.wp.com\/ismaelcolosi.com.br\/wp-content\/uploads\/2023\/11\/grupo-de-empregos-whatsapp-e-facebook-ismael-colosi-vagas.jpg?ssl=1\" alt=\"\" \/><\/a><\/p>\n<!-- \/wp:image -->\n<\/div>\n<p> <br \/>\n<\/p>\n<div data-td-block-uid=\"tdi_95\">\n<div class=\"tdb-block-inner td-fix-index\">\n<p>Ribeir\u00e3o Preto recebe, neste domingo (21)<strong> <\/strong>, o grupo <strong>Benzadeus<\/strong>, vencedor do <strong>Pr\u00eamio Multishow 2025<\/strong>. A apresenta\u00e7\u00e3o acontece no <strong>Javari Beach Bar<\/strong>, na zona Norte da cidade, com in\u00edcio previsto para <strong>16h<\/strong>.<\/p>\n<p>O grupo re\u00fane <strong>Magr\u00e3o, Vini de Oliveira, Das Sortes, Nen\u00e9m e Pedigree<\/strong>.<\/p>\n<div class=\"wp-block-image\">\n<figure class=\"aligncenter size-full\"><img data-recalc-dims=\"1\" fetchpriority=\"high\" decoding=\"async\" width=\"681\" height=\"696\" src=\"https:\/\/i0.wp.com\/cdn.media-acidadeon.com.br\/ribeiraopreto\/wp-content\/uploads\/sites\/3\/2025\/12\/image_2025-12-18_22-57-30.webp?resize=681%2C696&#038;ssl=1\" alt=\"multishow\" class=\"wp-image-139824\" title=\"Vencedores do Pr\u00eamio Multishow se apresentam em Ribeir\u00e3o Preto; veja quando 1\" srcset=\"https:\/\/cdn.media-acidadeon.com.br\/ribeiraopreto\/wp-content\/uploads\/sites\/3\/2025\/12\/image_2025-12-18_22-57-30.webp 681w, https:\/\/cdn.media-acidadeon.com.br\/ribeiraopreto\/wp-content\/uploads\/sites\/3\/2025\/12\/image_2025-12-18_22-57-30-294x300.webp 294w\" sizes=\"(max-width: 681px) 100vw, 681px\"\/><\/figure>\n<\/div>\n<h3 class=\"wp-block-heading\"><strong>Pr\u00eamio Multishow 2025<\/strong><\/h3>\n<p>O Benzadeus conquistou o <strong>Pr\u00eamio Multishow 2025<\/strong>, na categoria <strong>Brasil<\/strong>. A premia\u00e7\u00e3o ampliou a visibilidade do grupo no cen\u00e1rio musical nacional.<\/p>\n<p>O repert\u00f3rio inclui m\u00fasicas como <strong>\u201cPapel de Ot\u00e1rio\u201d<\/strong> e <strong>\u201cAssume\u201d<\/strong>, al\u00e9m de faixas do projeto <strong>\u201cNa Rota do Benza no Pel\u00f4\u201d<\/strong>.<\/p>\n<p>O projeto foi gravado no <strong>Pelourinho<\/strong>, em Salvador, e re\u00fane participa\u00e7\u00f5es de <strong>Olodum, Pixote, J. Eskine, Mari Fernandes, Escandurras e Suel<\/strong>. O single <strong>\u201cModo Ioi\u00f4\u201d<\/strong> integra o trabalho.<\/p>\n<h3 class=\"wp-block-heading\"><strong>Servi\u00e7o<\/strong><\/h3>\n<p><strong>Grupo Benzadeus em Ribeir\u00e3o Preto<\/strong><\/p>\n<ul class=\"wp-block-list\">\n<li><strong>Data:<\/strong> 21 de dezembro<\/li>\n<li><strong>Hor\u00e1rio:<\/strong> a partir das 16h<\/li>\n<li><strong>Local:<\/strong> Javari Beach Bar \u2013 Rua Javari, 2965<\/li>\n<\/ul>\n<hr class=\"wp-block-separator has-alpha-channel-opacity\"\/>\n<p>SAIBA MAIS<\/p>\n<p>O que se sabe sobre nova unidade da PM em Ribeir\u00e3o e o futuro do antigo cart\u00f3rio eleitoral<\/p>\n<h2 class=\"wp-block-heading\"><strong>FIQUE ON<\/strong><\/h2>\n<p>Fique ligado em tudo que acontece em Ribeir\u00e3o Preto e regi\u00e3o. Siga os perfis do\u00a0<strong>acidade on\u00a0<\/strong>no<a href=\"https:\/\/www.instagram.com\/acidadeonribeirao\" target=\"_blank\" rel=\"noreferrer noopener\">\u00a0Instagram<\/a>\u00a0e no\u00a0<a href=\"https:\/\/www.facebook.com\/acidadeonribeirao\/\" target=\"_blank\" rel=\"noreferrer noopener\">Facebook<\/a>.<\/p>\n<p>Receba not\u00edcias do\u00a0<strong>acidade on\u00a0<\/strong>no WhatsApp. Para entrar no grupo,\u00a0basta\u00a0<a href=\"https:\/\/chat.whatsapp.com\/GFH9HUMUTHNFJdnyEd0xxq\" target=\"_blank\" rel=\"noreferrer noopener\">clicar aqui<\/a>. Ou, acesse o nosso\u00a0Canal\u00a0<a href=\"https:\/\/whatsapp.com\/channel\/0029Vb6IQl1JENyAeS57fk2p\" target=\"_blank\" rel=\"noreferrer noopener\">clicando aqui<\/a>.<\/p>\n<p>Fa\u00e7a uma den\u00fancia ou sugira uma reportagem sobre Ribeir\u00e3o Preto e regi\u00e3o pelo WhatsApp: 16 99117 7802.<\/p>\n<p>VEJA TAMB\u00c9M<br \/>Dune: Awakening revela atualiza\u00e7\u00e3o gratuita do Cap\u00edtulo 3<\/p>\n<p><!-- AI CONTENT END 1 -->\n<\/div>\n<\/div>\n<p><script async src=\"\/\/www.instagram.com\/embed.js\"><\/script><br \/>\n<br \/><br \/>\n<br \/><a href=\"https:\/\/www.acidadeon.com\/ribeiraopreto\/lazer-e-cultura\/vencedores-do-premio-multishow-se-apresentam-em-ribeirao-preto-veja-quando\/\">Source link <\/a><\/p>\n<!-- CONTENT END 1 -->\n","protected":false},"excerpt":{"rendered":"<p>Ribeir\u00e3o Preto recebe, neste domingo (21) , o grupo Benzadeus, vencedor do Pr\u00eamio Multishow 2025. A apresenta\u00e7\u00e3o acontece no Javari Beach Bar, na zona Norte&#8230;<\/p>\n","protected":false},"author":1,"featured_media":80948,"comment_status":"open","ping_status":"open","sticky":false,"template":"","format":"standard","meta":{"advanced_seo_description":"","jetpack_seo_html_title":"","jetpack_seo_noindex":false,"jetpack_post_was_ever_published":false,"_jetpack_newsletter_access":"","_jetpack_dont_email_post_to_subs":false,"_jetpack_newsletter_tier_id":0,"_jetpack_memberships_contains_paywalled_content":false,"_jetpack_memberships_contains_paid_content":false,"footnotes":"","jetpack_publicize_message":"","jetpack_publicize_feature_enabled":true,"jetpack_social_post_already_shared":true,"jetpack_social_options":{"image_generator_settings":{"template":"highway","default_image_id":0,"font":"","enabled":false},"version":2}},"categories":[11],"tags":[],"class_list":["post-80947","post","type-post","status-publish","format-standard","has-post-thumbnail","hentry","category-noticias-de-ribeirao-preto-sp-e-regiao-ismael-colosi"],"jetpack_publicize_connections":[],"jetpack_featured_media_url":"https:\/\/i0.wp.com\/noticiasribeiraopreto.com.br\/wp-content\/uploads\/2025\/12\/domingo-2_2025-12-18_23-01-36.webp.webp?fit=1200%2C675&ssl=1","jetpack-related-posts":[{"id":62061,"url":"https:\/\/noticiasribeiraopreto.com.br\/index.php\/2025\/01\/02\/ribeirao-preto-recebe-shows-da-banda-vanguart-e-da-cantora-melly\/","url_meta":{"origin":80947,"position":0},"title":"Ribeir\u00e3o Preto recebe shows da banda Vanguart e da cantora Melly","author":"noticiasribeiraopreto.com.br","date":"2 de January de 2025","format":false,"excerpt":"O ano de 2025 chegou e a agenda de shows de Ribeir\u00e3o Preto para o primeiro m\u00eas do ano conta com apresenta\u00e7\u00f5es da banda Vanguart e da cantora Melly, artista revela\u00e7\u00e3o do Pr\u00eamio Multishow, em 2023. Vanguart \u2013 Demorou Pra Ser Ap\u00f3s seis anos, a banda Vanguart, forma em 2002\u2026","rel":"","context":"In &quot;Not\u00edcias de Ribeir\u00e3o Preto-SP e Regi\u00e3o&quot;","block_context":{"text":"Not\u00edcias de Ribeir\u00e3o Preto-SP e Regi\u00e3o","link":"https:\/\/noticiasribeiraopreto.com.br\/index.php\/category\/noticias-de-ribeirao-preto-sp-e-regiao-ismael-colosi\/"},"img":{"alt_text":"","src":"https:\/\/i0.wp.com\/noticiasribeiraopreto.com.br\/wp-content\/uploads\/2025\/01\/vanguart_2025-01-02_13-28-15_jpeg_2025-01-02_13-28-15.webp.webp?fit=960%2C500&ssl=1&resize=350%2C200","width":350,"height":200,"srcset":"https:\/\/i0.wp.com\/noticiasribeiraopreto.com.br\/wp-content\/uploads\/2025\/01\/vanguart_2025-01-02_13-28-15_jpeg_2025-01-02_13-28-15.webp.webp?fit=960%2C500&ssl=1&resize=350%2C200 1x, https:\/\/i0.wp.com\/noticiasribeiraopreto.com.br\/wp-content\/uploads\/2025\/01\/vanguart_2025-01-02_13-28-15_jpeg_2025-01-02_13-28-15.webp.webp?fit=960%2C500&ssl=1&resize=525%2C300 1.5x, https:\/\/i0.wp.com\/noticiasribeiraopreto.com.br\/wp-content\/uploads\/2025\/01\/vanguart_2025-01-02_13-28-15_jpeg_2025-01-02_13-28-15.webp.webp?fit=960%2C500&ssl=1&resize=700%2C400 2x"},"classes":[]},{"id":28926,"url":"https:\/\/noticiasribeiraopreto.com.br\/index.php\/2024\/01\/17\/saiba-quem-e-guilherme-madruga-vencedor-premio-puskas-com-gol-pelo-botafogo\/","url_meta":{"origin":80947,"position":1},"title":"Saiba quem \u00e9 Guilherme Madruga, vencedor do Pr\u00eamio Pusk\u00e1s com gol pelo Botafogo","author":"noticiasribeiraopreto.com.br","date":"17 de January de 2024","format":false,"excerpt":"O meio-campista Guilherme Madruga, de 23 anos, vencedor do Pr\u00eamio Pusk\u00e1s da Fifa pelo gola\u00e7o de bicicleta marcado pelo Botafogo de Ribeir\u00e3o Preto em partida contra o Novorizontino, no Campeonato Brasileiro da S\u00e9rie B de 2023, foi vendido para o Cuiab\u00e1 por R$ 3,6 milh\u00f5es. A negocia\u00e7\u00e3o foi anunciada pela\u2026","rel":"","context":"In &quot;Not\u00edcias de Ribeir\u00e3o Preto-SP e Regi\u00e3o&quot;","block_context":{"text":"Not\u00edcias de Ribeir\u00e3o Preto-SP e Regi\u00e3o","link":"https:\/\/noticiasribeiraopreto.com.br\/index.php\/category\/noticias-de-ribeirao-preto-sp-e-regiao-ismael-colosi\/"},"img":{"alt_text":"","src":"https:\/\/i0.wp.com\/noticiasribeiraopreto.com.br\/wp-content\/uploads\/2024\/01\/guilherme-madruga-1.jpg?fit=1197%2C859&ssl=1&resize=350%2C200","width":350,"height":200,"srcset":"https:\/\/i0.wp.com\/noticiasribeiraopreto.com.br\/wp-content\/uploads\/2024\/01\/guilherme-madruga-1.jpg?fit=1197%2C859&ssl=1&resize=350%2C200 1x, https:\/\/i0.wp.com\/noticiasribeiraopreto.com.br\/wp-content\/uploads\/2024\/01\/guilherme-madruga-1.jpg?fit=1197%2C859&ssl=1&resize=525%2C300 1.5x, https:\/\/i0.wp.com\/noticiasribeiraopreto.com.br\/wp-content\/uploads\/2024\/01\/guilherme-madruga-1.jpg?fit=1197%2C859&ssl=1&resize=700%2C400 2x, https:\/\/i0.wp.com\/noticiasribeiraopreto.com.br\/wp-content\/uploads\/2024\/01\/guilherme-madruga-1.jpg?fit=1197%2C859&ssl=1&resize=1050%2C600 3x"},"classes":[]},{"id":47256,"url":"https:\/\/noticiasribeiraopreto.com.br\/index.php\/2024\/04\/25\/da-cama-do-bbb-para-a-cama-do-multishow-pitel-e-nanda-vao-comandar-novo-talk-show-no-canal\/","url_meta":{"origin":80947,"position":2},"title":"Da cama do BBB para a cama do Multishow: Pitel e Nanda v\u00e3o comandar novo talk show no canal","author":"noticiasribeiraopreto.com.br","date":"25 de April de 2024","format":false,"excerpt":"Da cama do BBB para a cama do Multishow: Pitel e Nanda v\u00e3o comandar novo talk show no canalUma das duplas mais ic\u00f4nicas do BBB 24 vai se reunir novamente nas telas!\u00a0Giovanna Pitel e Fernanda Bande\u00a0v\u00e3o comandar um novo talk show no\u00a0Multishow, ambientado em seu lugar favorito durante o confinamento:\u2026","rel":"","context":"In &quot;Not\u00edcias de Ribeir\u00e3o Preto-SP e Regi\u00e3o&quot;","block_context":{"text":"Not\u00edcias de Ribeir\u00e3o Preto-SP e Regi\u00e3o","link":"https:\/\/noticiasribeiraopreto.com.br\/index.php\/category\/noticias-de-ribeirao-preto-sp-e-regiao-ismael-colosi\/"},"img":{"alt_text":"","src":"","width":0,"height":0},"classes":[]},{"id":46900,"url":"https:\/\/noticiasribeiraopreto.com.br\/index.php\/2024\/04\/15\/thiago-pantaleao-participa-do-tvz-com-preta-desta-semana-no-multishow\/","url_meta":{"origin":80947,"position":3},"title":"Thiago Pantale\u00e3o participa do &#8220;TVZ com Preta&#8221; desta semana no Multishow","author":"noticiasribeiraopreto.com.br","date":"15 de April de 2024","format":false,"excerpt":"Thiago Pantale\u00e3o participa do \u201cTVZ com Preta\u201d desta semana no MultishowA semana vai come\u00e7ar agitada no\u00a0TVZ Com Preta Gil. Hoje (15), a partir das 18h,\u00a0Thiago Pantale\u00e3o\u00a0participa do programa do\u00a0Multishow\u00a0para cantar e comentar com a apresentadora sobre os \u00faltimos acontecimentos do cen\u00e1rio musical.\u00a0Nas redes sociais, basta usar a\u00a0#TVZAoVivo\u00a0para interagir ou enviar\u2026","rel":"","context":"In &quot;Not\u00edcias de Ribeir\u00e3o Preto-SP e Regi\u00e3o&quot;","block_context":{"text":"Not\u00edcias de Ribeir\u00e3o Preto-SP e Regi\u00e3o","link":"https:\/\/noticiasribeiraopreto.com.br\/index.php\/category\/noticias-de-ribeirao-preto-sp-e-regiao-ismael-colosi\/"},"img":{"alt_text":"","src":"https:\/\/i0.wp.com\/noticiasribeiraopreto.com.br\/wp-content\/uploads\/2024\/04\/pretagil.jpg?fit=1200%2C675&ssl=1&resize=350%2C200","width":350,"height":200,"srcset":"https:\/\/i0.wp.com\/noticiasribeiraopreto.com.br\/wp-content\/uploads\/2024\/04\/pretagil.jpg?fit=1200%2C675&ssl=1&resize=350%2C200 1x, https:\/\/i0.wp.com\/noticiasribeiraopreto.com.br\/wp-content\/uploads\/2024\/04\/pretagil.jpg?fit=1200%2C675&ssl=1&resize=525%2C300 1.5x, https:\/\/i0.wp.com\/noticiasribeiraopreto.com.br\/wp-content\/uploads\/2024\/04\/pretagil.jpg?fit=1200%2C675&ssl=1&resize=700%2C400 2x, https:\/\/i0.wp.com\/noticiasribeiraopreto.com.br\/wp-content\/uploads\/2024\/04\/pretagil.jpg?fit=1200%2C675&ssl=1&resize=1050%2C600 3x"},"classes":[]},{"id":80668,"url":"https:\/\/noticiasribeiraopreto.com.br\/index.php\/2025\/12\/10\/carol-biazin-e-nando-reis-dominam-premio-joao-rock-2025-veja-todos-os-vencedores\/","url_meta":{"origin":80947,"position":4},"title":"Carol Biazin e Nando Reis dominam Pr\u00eamio Jo\u00e3o Rock 2025; veja todos os vencedores","author":"noticiasribeiraopreto.com.br","date":"10 de December de 2025","format":false,"excerpt":"A edi\u00e7\u00e3o 2025 do Pr\u00eamio Jo\u00e3o Rock apresentou os destaques do festival realizado em 14 de junho, em Ribeir\u00e3o Preto. A escolha foi feita por vota\u00e7\u00e3o popular e contemplou diferentes categorias que refletem a variedade de estilos e propostas musicais presentes nos palcos do evento. Jo\u00e3o Rock aconteceu no dia\u2026","rel":"","context":"In &quot;Not\u00edcias de Ribeir\u00e3o Preto-SP e Regi\u00e3o&quot;","block_context":{"text":"Not\u00edcias de Ribeir\u00e3o Preto-SP e Regi\u00e3o","link":"https:\/\/noticiasribeiraopreto.com.br\/index.php\/category\/noticias-de-ribeirao-preto-sp-e-regiao-ismael-colosi\/"},"img":{"alt_text":"","src":"https:\/\/i0.wp.com\/noticiasribeiraopreto.com.br\/wp-content\/uploads\/2025\/12\/Copia-de-Copia-de-Copia-de-TAMANHO-EXATO-PARA-FOTOS-NO-SISTEMA-NOVO-2025-12-09T154607.765_2025-12-09_18-46-31.webp.webp?fit=1200%2C675&ssl=1&resize=350%2C200","width":350,"height":200,"srcset":"https:\/\/i0.wp.com\/noticiasribeiraopreto.com.br\/wp-content\/uploads\/2025\/12\/Copia-de-Copia-de-Copia-de-TAMANHO-EXATO-PARA-FOTOS-NO-SISTEMA-NOVO-2025-12-09T154607.765_2025-12-09_18-46-31.webp.webp?fit=1200%2C675&ssl=1&resize=350%2C200 1x, https:\/\/i0.wp.com\/noticiasribeiraopreto.com.br\/wp-content\/uploads\/2025\/12\/Copia-de-Copia-de-Copia-de-TAMANHO-EXATO-PARA-FOTOS-NO-SISTEMA-NOVO-2025-12-09T154607.765_2025-12-09_18-46-31.webp.webp?fit=1200%2C675&ssl=1&resize=525%2C300 1.5x, https:\/\/i0.wp.com\/noticiasribeiraopreto.com.br\/wp-content\/uploads\/2025\/12\/Copia-de-Copia-de-Copia-de-TAMANHO-EXATO-PARA-FOTOS-NO-SISTEMA-NOVO-2025-12-09T154607.765_2025-12-09_18-46-31.webp.webp?fit=1200%2C675&ssl=1&resize=700%2C400 2x, https:\/\/i0.wp.com\/noticiasribeiraopreto.com.br\/wp-content\/uploads\/2025\/12\/Copia-de-Copia-de-Copia-de-TAMANHO-EXATO-PARA-FOTOS-NO-SISTEMA-NOVO-2025-12-09T154607.765_2025-12-09_18-46-31.webp.webp?fit=1200%2C675&ssl=1&resize=1050%2C600 3x"},"classes":[]},{"id":63320,"url":"https:\/\/noticiasribeiraopreto.com.br\/index.php\/2025\/02\/10\/vencedor-do-premio-jabuti-lanca-novo-livro-em-ribeirao-preto-veja-quando\/","url_meta":{"origin":80947,"position":5},"title":"Vencedor do Pr\u00eamio Jabuti lan\u00e7a novo livro em Ribeir\u00e3o Preto; Veja quando","author":"noticiasribeiraopreto.com.br","date":"10 de February de 2025","format":false,"excerpt":"O escritor ga\u00facho Menalton Braff, vencedor dos pr\u00eamios Jabuti (2000) e Machado de Assis, lan\u00e7a o seu novo romance \u201cSonata Pat\u00e9tica\u201d no pr\u00f3ximo s\u00e1bado (22), na Livraria A Degustadora de Hist\u00f3rias, no Centro de Ribeir\u00e3o Preto. O evento acontece a partir das 10h e contar\u00e1 com sess\u00e3o de aut\u00f3grafos. O\u2026","rel":"","context":"In &quot;Not\u00edcias de Ribeir\u00e3o Preto-SP e Regi\u00e3o&quot;","block_context":{"text":"Not\u00edcias de Ribeir\u00e3o Preto-SP e Regi\u00e3o","link":"https:\/\/noticiasribeiraopreto.com.br\/index.php\/category\/noticias-de-ribeirao-preto-sp-e-regiao-ismael-colosi\/"},"img":{"alt_text":"","src":"https:\/\/i0.wp.com\/noticiasribeiraopreto.com.br\/wp-content\/uploads\/2025\/02\/menalton_braff_1200x675_07122021094633.jpg?fit=1200%2C675&ssl=1&resize=350%2C200","width":350,"height":200,"srcset":"https:\/\/i0.wp.com\/noticiasribeiraopreto.com.br\/wp-content\/uploads\/2025\/02\/menalton_braff_1200x675_07122021094633.jpg?fit=1200%2C675&ssl=1&resize=350%2C200 1x, https:\/\/i0.wp.com\/noticiasribeiraopreto.com.br\/wp-content\/uploads\/2025\/02\/menalton_braff_1200x675_07122021094633.jpg?fit=1200%2C675&ssl=1&resize=525%2C300 1.5x, https:\/\/i0.wp.com\/noticiasribeiraopreto.com.br\/wp-content\/uploads\/2025\/02\/menalton_braff_1200x675_07122021094633.jpg?fit=1200%2C675&ssl=1&resize=700%2C400 2x, https:\/\/i0.wp.com\/noticiasribeiraopreto.com.br\/wp-content\/uploads\/2025\/02\/menalton_braff_1200x675_07122021094633.jpg?fit=1200%2C675&ssl=1&resize=1050%2C600 3x"},"classes":[]}],"jetpack_sharing_enabled":true,"jetpack_shortlink":"https:\/\/wp.me\/peQAOb-l3B","_links":{"self":[{"href":"https:\/\/noticiasribeiraopreto.com.br\/index.php\/wp-json\/wp\/v2\/posts\/80947","targetHints":{"allow":["GET"]}}],"collection":[{"href":"https:\/\/noticiasribeiraopreto.com.br\/index.php\/wp-json\/wp\/v2\/posts"}],"about":[{"href":"https:\/\/noticiasribeiraopreto.com.br\/index.php\/wp-json\/wp\/v2\/types\/post"}],"author":[{"embeddable":true,"href":"https:\/\/noticiasribeiraopreto.com.br\/index.php\/wp-json\/wp\/v2\/users\/1"}],"replies":[{"embeddable":true,"href":"https:\/\/noticiasribeiraopreto.com.br\/index.php\/wp-json\/wp\/v2\/comments?post=80947"}],"version-history":[{"count":0,"href":"https:\/\/noticiasribeiraopreto.com.br\/index.php\/wp-json\/wp\/v2\/posts\/80947\/revisions"}],"wp:featuredmedia":[{"embeddable":true,"href":"https:\/\/noticiasribeiraopreto.com.br\/index.php\/wp-json\/wp\/v2\/media\/80948"}],"wp:attachment":[{"href":"https:\/\/noticiasribeiraopreto.com.br\/index.php\/wp-json\/wp\/v2\/media?parent=80947"}],"wp:term":[{"taxonomy":"category","embeddable":true,"href":"https:\/\/noticiasribeiraopreto.com.br\/index.php\/wp-json\/wp\/v2\/categories?post=80947"},{"taxonomy":"post_tag","embeddable":true,"href":"https:\/\/noticiasribeiraopreto.com.br\/index.php\/wp-json\/wp\/v2\/tags?post=80947"}],"curies":[{"name":"wp","href":"https:\/\/api.w.org\/{rel}","templated":true}]}}