{"id":80949,"date":"2025-12-19T05:58:40","date_gmt":"2025-12-19T08:58:40","guid":{"rendered":"https:\/\/noticiasribeiraopreto.com.br\/index.php\/2025\/12\/19\/entenda-como-serao-as-obras-de-mobilidade-urbana-apos-a-liberacao-de-r-11-bilhao-para-ribeirao-preto\/"},"modified":"2025-12-19T05:58:40","modified_gmt":"2025-12-19T08:58:40","slug":"entenda-como-serao-as-obras-de-mobilidade-urbana-apos-a-liberacao-de-r-11-bilhao-para-ribeirao-preto","status":"publish","type":"post","link":"https:\/\/noticiasribeiraopreto.com.br\/index.php\/2025\/12\/19\/entenda-como-serao-as-obras-de-mobilidade-urbana-apos-a-liberacao-de-r-11-bilhao-para-ribeirao-preto\/","title":{"rendered":"Entenda como ser\u00e3o as obras de mobilidade urbana ap\u00f3s a libera\u00e7\u00e3o de R$ 1,1 bilh\u00e3o para Ribeir\u00e3o Preto"},"content":{"rendered":"<div class='code-block code-block-1' style='margin: 8px 0 8px auto; text-align: right; display: block; clear: both;'>\n<p><a href=\"https:\/\/wa.link\/vpicfd\"><img data-recalc-dims=\"1\" class=\"wp-image-4922\" style=\"aspect-ratio: 2.0253164556962027; width: 561px; height: auto;\" src=\"https:\/\/i0.wp.com\/ismaelcolosi.com.br\/wp-content\/uploads\/2023\/11\/grupo-de-empregos-whatsapp-e-facebook-ismael-colosi-vagas.jpg?ssl=1\" alt=\"\" \/><\/a><\/p>\n<!-- \/wp:image -->\n<\/div>\n<p> <br \/>\n<\/p>\n<div>\n<p>Com a assinatura do presidente <strong>Luiz In\u00e1cio Lula da Silva (PT)<\/strong> nesta quinta-feira (18), <strong>Ribeir\u00e3o Preto<\/strong> garantiu <strong>R$ 1,1 bilh\u00e3o em recursos<\/strong> federais para a execu\u00e7\u00e3o de obras de mobilidade urbana, entre elas, a <strong>Via Leste\u2013Oeste<\/strong> e a <strong>avenida do Tanquinho<\/strong>.<\/p>\n<p>De acordo com a <strong>Prefeitura<\/strong>, os recursos ser\u00e3o liberados por meio do <strong>Novo PAC \u2013 Avan\u00e7ar Cidades<\/strong>, e t\u00eam como objetivo <mark style=\"background-color:#fcb900\" class=\"has-inline-color\">interligar regi\u00f5es estrat\u00e9gicas da cidade, melhorar a fluidez do tr\u00e2nsito e impulsionar o desenvolvimento urbano de forma planejada e sustent\u00e1vel.<\/mark><\/p>\n<p>Abaixo, entenda como ser\u00e3o as <strong>obras em Ribeir\u00e3o Preto<\/strong>.<\/p>\n<div class=\"wp-block-image\">\n<figure class=\"aligncenter size-large is-resized\"><img data-recalc-dims=\"1\" fetchpriority=\"high\" decoding=\"async\" width=\"1024\" height=\"684\" src=\"https:\/\/i0.wp.com\/cdn.media-acidadeon.com.br\/ribeiraopreto\/wp-content\/uploads\/sites\/3\/2025\/12\/IMG-20251218-WA0232_2025-12-18_20-51-05-1024x684.webp?resize=1024%2C684&#038;ssl=1\" alt=\"Ribeir\u00e3o Preto vai receber mais de R$ 1 bilh\u00e3o para obras vi\u00e1rias e urbanas - Foto: Divulga\u00e7\u00e3o Minist\u00e9rio das Cidades.\" class=\"wp-image-139815\" style=\"width:654px\" title=\"Entenda como ser\u00e3o as obras de mobilidade urbana ap\u00f3s a libera\u00e7\u00e3o de R$ 1,1 bilh\u00e3o para Ribeir\u00e3o Preto 1\" srcset=\"https:\/\/cdn.media-acidadeon.com.br\/ribeiraopreto\/wp-content\/uploads\/sites\/3\/2025\/12\/IMG-20251218-WA0232_2025-12-18_20-51-05-1024x684.webp 1024w, https:\/\/cdn.media-acidadeon.com.br\/ribeiraopreto\/wp-content\/uploads\/sites\/3\/2025\/12\/IMG-20251218-WA0232_2025-12-18_20-51-05-300x200.webp 300w, https:\/\/cdn.media-acidadeon.com.br\/ribeiraopreto\/wp-content\/uploads\/sites\/3\/2025\/12\/IMG-20251218-WA0232_2025-12-18_20-51-05-768x513.webp 768w, https:\/\/cdn.media-acidadeon.com.br\/ribeiraopreto\/wp-content\/uploads\/sites\/3\/2025\/12\/IMG-20251218-WA0232_2025-12-18_20-51-05-696x465.webp 696w, https:\/\/cdn.media-acidadeon.com.br\/ribeiraopreto\/wp-content\/uploads\/sites\/3\/2025\/12\/IMG-20251218-WA0232_2025-12-18_20-51-05-1068x713.webp 1068w, https:\/\/cdn.media-acidadeon.com.br\/ribeiraopreto\/wp-content\/uploads\/sites\/3\/2025\/12\/IMG-20251218-WA0232_2025-12-18_20-51-05.webp 1200w\" sizes=\"(max-width: 1024px) 100vw, 1024px\"\/><figcaption class=\"wp-element-caption\">Ribeir\u00e3o Preto vai receber mais de R$ 1 bilh\u00e3o para obras vi\u00e1rias e urbanas \u2013 Foto: Divulga\u00e7\u00e3o Minist\u00e9rio das Cidades.<\/figcaption><\/figure>\n<\/div>\n<h2 class=\"wp-block-heading\"><strong>Via Leste-Oeste<\/strong><\/h2>\n<p>Com 27,1 quil\u00f4metros de extens\u00e3o, a <strong>Via Leste\u2013Oeste<\/strong> \u00e9 o maior projeto de mobilidade urbana j\u00e1 planejado em <strong>Ribeir\u00e3o Preto<\/strong>, segundo a Administra\u00e7\u00e3o Municipal.<\/p>\n<p>A obra pretende cria um <strong>novo eixo vi\u00e1rio perimetral que liga as zonas Leste e Oeste da cidade<\/strong>, reorganizando o tr\u00e2nsito, melhorando a fluidez dos deslocamentos e reduzindo a sobrecarga de avenidas centrais j\u00e1 saturadas, como as avenidas Treze de maio, Capit\u00e3o Salom\u00e3o, Dom Pedro I e o Centro.<\/p>\n<figure class=\"wp-block-pullquote\">\n<blockquote>\n<p>\u00a0O projeto \u00e9 composto por um conjunto integrado de obras vi\u00e1rias, urban\u00edsticas e ambientais que requalifica e implanta avenidas estrat\u00e9gicas ao longo de um extenso tra\u00e7ado que atravessa a cidade de ponta a ponta<\/p>\n<p><cite>Prefeitura de Ribeir\u00e3o Preto<\/cite><\/p><\/blockquote>\n<\/figure>\n<h2 class=\"wp-block-heading\"><strong>Obra vai sair do papel na zona Leste<\/strong><\/h2>\n<p>Na zona Leste, o principal destaque \u00e9 a <strong>avenida do Tanquinho<\/strong>, uma das obras mais antigas e aguardadas em <strong>Ribeir\u00e3o Preto<\/strong>.<\/p>\n<p>Segunda a Prefeitura, a obra prev\u00ea a continuidade da avenida Guido Golfeto, com novos trechos entre a avenida Marechal Costa e Silva e a rua Onze de Agosto, al\u00e9m da liga\u00e7\u00e3o entre a avenida Cl\u00f3vis Bevilacqua e a avenida Ant\u00f4nio Gomes da Silva J\u00fanior.<\/p>\n<p>O projeto tamb\u00e9m inclui a <strong>requalifica\u00e7\u00e3o das avenidas Jos\u00e9 Gomes da Silva e Bar\u00e3o do Bananal <\/strong>e a <strong>cria\u00e7\u00e3o de uma nova liga\u00e7\u00e3o at\u00e9 a avenida Professora Din\u00e1 Rizzi<\/strong>, ampliando a conectividade urbana da regi\u00e3o.<\/p>\n<p>Implantada \u00e0s margens do c\u00f3rrego do Tanquinho, a avenida ser\u00e1 integrada a um parque linear, com ciclovias, cal\u00e7adas acess\u00edveis, \u00e1reas arborizadas e solu\u00e7\u00f5es de drenagem urbana.<\/p>\n<h2 class=\"wp-block-heading\"><strong>Interven\u00e7\u00f5es na zona Oeste<\/strong><\/h2>\n<p>J\u00e1 na <strong>regi\u00e3o Oeste<\/strong>, o projeto prev\u00ea a duplica\u00e7\u00e3o e requalifica\u00e7\u00e3o da avenida Rio Pardo, al\u00e9m da cria\u00e7\u00e3o de um <strong>parque linear<\/strong> no antigo leito ferrovi\u00e1rio.<\/p>\n<p>A proposta inclui ainda a integra\u00e7\u00e3o com a<strong> Via Norte<\/strong>, a revitaliza\u00e7\u00e3o do Parque Linear Ulysses Guimar\u00e3es e novas conex\u00f5es vi\u00e1rias, pontes e ajustes geom\u00e9tricos em pontos estrat\u00e9gicos do sistema vi\u00e1rio.<\/p>\n<h2 class=\"wp-block-heading\"><strong>Integra\u00e7\u00e3o regional e desenvolvimento<\/strong><\/h2>\n<p>Ainda de acordo com a Administra\u00e7\u00e3o Municipal, a <strong>Via Leste-Oeste<\/strong> vai se conectar \u00e0s <strong>rodovias Anhanguera e Alexandre Balbo<\/strong>, al\u00e9m das avenidas Castelo Branco, Maur\u00edlio Biagi, Presidente Vargas e Independ\u00eancia, melhorando o acesso a polos econ\u00f4micos e log\u00edsticos e criando oportunidades de desenvolvimento ao longo de todo o tra\u00e7ado.<\/p>\n<hr class=\"wp-block-separator has-alpha-channel-opacity\"\/>\n<p>SAIBA MAIS<\/p>\n<p>Lula assina libera\u00e7\u00e3o de mais de R$ 1 bilh\u00e3o para obras de mobilidade urbana em Ribeir\u00e3o Preto<\/p>\n<h2 class=\"wp-block-heading\"><strong>FIQUE ON<\/strong><\/h2>\n<p>Fique ligado em tudo que acontece em Ribeir\u00e3o Preto e regi\u00e3o. Siga os perfis do\u00a0<strong>acidade on\u00a0<\/strong>no<a href=\"https:\/\/www.instagram.com\/acidadeonribeirao\" target=\"_blank\" rel=\"noreferrer noopener\">\u00a0Instagram<\/a>\u00a0e no\u00a0<a href=\"https:\/\/www.facebook.com\/acidadeonribeirao\/\" target=\"_blank\" rel=\"noreferrer noopener\">Facebook<\/a>.<\/p>\n<p>Receba not\u00edcias do\u00a0<strong>acidade on\u00a0<\/strong>no WhatsApp. Para entrar no grupo,\u00a0basta\u00a0<a href=\"https:\/\/chat.whatsapp.com\/GFH9HUMUTHNFJdnyEd0xxq\" target=\"_blank\" rel=\"noreferrer noopener\">clicar aqui<\/a>. Ou, acesse o nosso\u00a0Canal\u00a0<a href=\"https:\/\/whatsapp.com\/channel\/0029Vb6IQl1JENyAeS57fk2p\" target=\"_blank\" rel=\"noreferrer noopener\">clicando aqui<\/a>.<\/p>\n<p>Fa\u00e7a uma den\u00fancia ou sugira uma reportagem sobre Ribeir\u00e3o Preto e regi\u00e3o pelo WhatsApp: 16 99117 7802.<\/p>\n<p>VEJA TAMB\u00c9M<br \/>Dune: Awakening revela atualiza\u00e7\u00e3o gratuita do Cap\u00edtulo 3<\/p>\n<p><!-- AI CONTENT END 1 -->\n<\/div>\n<p><script async src=\"\/\/www.instagram.com\/embed.js\"><\/script><br \/>\n<br \/><br \/>\n<br \/><a href=\"https:\/\/www.acidadeon.com\/ribeiraopreto\/politica\/entenda-como-serao-as-obras-de-mobilidade-urbana-apos-a-liberacao-de-r-11-bilhao-para-ribeirao-preto\/\">Source link <\/a><\/p>\n<!-- CONTENT END 1 -->\n","protected":false},"excerpt":{"rendered":"<p>Com a assinatura do presidente Luiz In\u00e1cio Lula da Silva (PT) nesta quinta-feira (18), Ribeir\u00e3o Preto garantiu R$ 1,1 bilh\u00e3o em recursos federais para a&#8230;<\/p>\n","protected":false},"author":1,"featured_media":74377,"comment_status":"open","ping_status":"open","sticky":false,"template":"","format":"standard","meta":{"advanced_seo_description":"","jetpack_seo_html_title":"","jetpack_seo_noindex":false,"jetpack_post_was_ever_published":false,"_jetpack_newsletter_access":"","_jetpack_dont_email_post_to_subs":false,"_jetpack_newsletter_tier_id":0,"_jetpack_memberships_contains_paywalled_content":false,"_jetpack_memberships_contains_paid_content":false,"footnotes":"","jetpack_publicize_message":"","jetpack_publicize_feature_enabled":true,"jetpack_social_post_already_shared":true,"jetpack_social_options":{"image_generator_settings":{"template":"highway","default_image_id":0,"font":"","enabled":false},"version":2}},"categories":[11],"tags":[],"class_list":["post-80949","post","type-post","status-publish","format-standard","has-post-thumbnail","hentry","category-noticias-de-ribeirao-preto-sp-e-regiao-ismael-colosi"],"jetpack_publicize_connections":[],"jetpack_featured_media_url":"https:\/\/i0.wp.com\/noticiasribeiraopreto.com.br\/wp-content\/uploads\/2025\/07\/ribeirao-preto-aerea_2025-03-21_20-24-22_jpg_2025-03-21_20-24-23.webp.webp?fit=1200%2C800&ssl=1","jetpack-related-posts":[{"id":80945,"url":"https:\/\/noticiasribeiraopreto.com.br\/index.php\/2025\/12\/18\/lula-assina-liberacao-de-mais-de-r-1-bilhao-para-obras-de-mobilidade-urbana-em-ribeirao-preto\/","url_meta":{"origin":80949,"position":0},"title":"Lula assina libera\u00e7\u00e3o de mais de R$ 1 bilh\u00e3o para obras de mobilidade urbana em Ribeir\u00e3o Preto","author":"noticiasribeiraopreto.com.br","date":"18 de December de 2025","format":false,"excerpt":"O presidente Luiz In\u00e1cio Lula da Silva (PT) assinou, nesta quinta-feira (18), em Bras\u00edlia-DF, a libera\u00e7\u00e3o de mais de R$ 1 bilh\u00e3o em investimentos voltados \u00e0 mobilidade urbana de Ribeir\u00e3o Preto. Segundo o chefe do Executivo, o munic\u00edpio \u00e9 estrat\u00e9gico para o desenvolvimento do Brasil, \u201cpela sua for\u00e7a econ\u00f4mica, pela\u2026","rel":"","context":"In &quot;Not\u00edcias de Ribeir\u00e3o Preto-SP e Regi\u00e3o&quot;","block_context":{"text":"Not\u00edcias de Ribeir\u00e3o Preto-SP e Regi\u00e3o","link":"https:\/\/noticiasribeiraopreto.com.br\/index.php\/category\/noticias-de-ribeirao-preto-sp-e-regiao-ismael-colosi\/"},"img":{"alt_text":"","src":"https:\/\/i0.wp.com\/noticiasribeiraopreto.com.br\/wp-content\/uploads\/2025\/12\/IMG-20251218-WA0220_2025-12-18_20-49-48.webp.webp?fit=1200%2C801&ssl=1&resize=350%2C200","width":350,"height":200,"srcset":"https:\/\/i0.wp.com\/noticiasribeiraopreto.com.br\/wp-content\/uploads\/2025\/12\/IMG-20251218-WA0220_2025-12-18_20-49-48.webp.webp?fit=1200%2C801&ssl=1&resize=350%2C200 1x, https:\/\/i0.wp.com\/noticiasribeiraopreto.com.br\/wp-content\/uploads\/2025\/12\/IMG-20251218-WA0220_2025-12-18_20-49-48.webp.webp?fit=1200%2C801&ssl=1&resize=525%2C300 1.5x, https:\/\/i0.wp.com\/noticiasribeiraopreto.com.br\/wp-content\/uploads\/2025\/12\/IMG-20251218-WA0220_2025-12-18_20-49-48.webp.webp?fit=1200%2C801&ssl=1&resize=700%2C400 2x, https:\/\/i0.wp.com\/noticiasribeiraopreto.com.br\/wp-content\/uploads\/2025\/12\/IMG-20251218-WA0220_2025-12-18_20-49-48.webp.webp?fit=1200%2C801&ssl=1&resize=1050%2C600 3x"},"classes":[]},{"id":83224,"url":"https:\/\/noticiasribeiraopreto.com.br\/index.php\/2026\/03\/13\/aprovada-cee-da-via-leste-oeste\/","url_meta":{"origin":80949,"position":1},"title":"Aprovada CEE da Via Leste-Oeste","author":"noticiasribeiraopreto.com.br","date":"13 de March de 2026","format":false,"excerpt":"Comiss\u00e3o Especial de Estudos ir\u00e1 fiscalizar a execu\u00e7\u00e3o e a aplica\u00e7\u00e3o do financiamento de R$1,1 bilh\u00e3o para a implanta\u00e7\u00e3o do corredor de mobilidade Leste-Oeste A C\u00e2mara de Ribeir\u00e3o Preto aprovou a cria\u00e7\u00e3o de uma Comiss\u00e3o Especial de Estudos (CEE) para acompanhar a libera\u00e7\u00e3o de cr\u00e9dito de R$ 1,1 bilh\u00e3o via\u2026","rel":"","context":"In &quot;Not\u00edcias de Ribeir\u00e3o Preto-SP e Regi\u00e3o&quot;","block_context":{"text":"Not\u00edcias de Ribeir\u00e3o Preto-SP e Regi\u00e3o","link":"https:\/\/noticiasribeiraopreto.com.br\/index.php\/category\/noticias-de-ribeirao-preto-sp-e-regiao-ismael-colosi\/"},"img":{"alt_text":"","src":"https:\/\/i0.wp.com\/noticiasribeiraopreto.com.br\/wp-content\/uploads\/2026\/03\/NovoPAC-Alfredo-Risk-1-scaled.jpg?fit=1200%2C675&ssl=1&resize=350%2C200","width":350,"height":200,"srcset":"https:\/\/i0.wp.com\/noticiasribeiraopreto.com.br\/wp-content\/uploads\/2026\/03\/NovoPAC-Alfredo-Risk-1-scaled.jpg?fit=1200%2C675&ssl=1&resize=350%2C200 1x, https:\/\/i0.wp.com\/noticiasribeiraopreto.com.br\/wp-content\/uploads\/2026\/03\/NovoPAC-Alfredo-Risk-1-scaled.jpg?fit=1200%2C675&ssl=1&resize=525%2C300 1.5x, https:\/\/i0.wp.com\/noticiasribeiraopreto.com.br\/wp-content\/uploads\/2026\/03\/NovoPAC-Alfredo-Risk-1-scaled.jpg?fit=1200%2C675&ssl=1&resize=700%2C400 2x, https:\/\/i0.wp.com\/noticiasribeiraopreto.com.br\/wp-content\/uploads\/2026\/03\/NovoPAC-Alfredo-Risk-1-scaled.jpg?fit=1200%2C675&ssl=1&resize=1050%2C600 3x"},"classes":[]},{"id":83358,"url":"https:\/\/noticiasribeiraopreto.com.br\/index.php\/2026\/03\/17\/camara-aprova-financiamento-de-r-11-bilhao-para-obras-em-ribeirao-preto\/","url_meta":{"origin":80949,"position":2},"title":"C\u00e2mara aprova financiamento de R$ 1,1 bilh\u00e3o para obras em Ribeir\u00e3o Preto","author":"noticiasribeiraopreto.com.br","date":"17 de March de 2026","format":false,"excerpt":"A C\u00e2mara de Ribeir\u00e3o Preto aprovou, na \u00faltima segunda-feira (17), o projeto de lei que autoriza a prefeitura a contratar o financiamento de R$ 1.093.319.450,64 junto \u00e0 Caixa Econ\u00f4mica Federal para constru\u00e7\u00e3o da avenida Tanquinho e prolongamento da avenida Rio Pardo, o chamado corredor de mobilidade Leste-Oeste. A proposta foi\u2026","rel":"","context":"In &quot;Not\u00edcias de Ribeir\u00e3o Preto-SP e Regi\u00e3o&quot;","block_context":{"text":"Not\u00edcias de Ribeir\u00e3o Preto-SP e Regi\u00e3o","link":"https:\/\/noticiasribeiraopreto.com.br\/index.php\/category\/noticias-de-ribeirao-preto-sp-e-regiao-ismael-colosi\/"},"img":{"alt_text":"","src":"https:\/\/i0.wp.com\/noticiasribeiraopreto.com.br\/wp-content\/uploads\/2026\/03\/aprova-camara_2026-03-17_12-27-06.webp.webp?fit=1200%2C675&ssl=1&resize=350%2C200","width":350,"height":200,"srcset":"https:\/\/i0.wp.com\/noticiasribeiraopreto.com.br\/wp-content\/uploads\/2026\/03\/aprova-camara_2026-03-17_12-27-06.webp.webp?fit=1200%2C675&ssl=1&resize=350%2C200 1x, https:\/\/i0.wp.com\/noticiasribeiraopreto.com.br\/wp-content\/uploads\/2026\/03\/aprova-camara_2026-03-17_12-27-06.webp.webp?fit=1200%2C675&ssl=1&resize=525%2C300 1.5x, https:\/\/i0.wp.com\/noticiasribeiraopreto.com.br\/wp-content\/uploads\/2026\/03\/aprova-camara_2026-03-17_12-27-06.webp.webp?fit=1200%2C675&ssl=1&resize=700%2C400 2x, https:\/\/i0.wp.com\/noticiasribeiraopreto.com.br\/wp-content\/uploads\/2026\/03\/aprova-camara_2026-03-17_12-27-06.webp.webp?fit=1200%2C675&ssl=1&resize=1050%2C600 3x"},"classes":[]},{"id":80972,"url":"https:\/\/noticiasribeiraopreto.com.br\/index.php\/2025\/12\/19\/projeto-de-r-1-bilhao-via-leste-oeste-tera-217-km\/","url_meta":{"origin":80949,"position":3},"title":"Projeto de R$ 1 bilh\u00e3o &#8211; Via Leste-Oeste ter\u00e1 21,7 km","author":"noticiasribeiraopreto.com.br","date":"19 de December de 2025","format":false,"excerpt":"Prefeito Ricardo Silva assinou contrato de linha cr\u00e9dito que libera R$ 1,1 bilh\u00e3o para a Via Leste-Oeste; deputado Baleia Rossi (MDB) intermediou negocia\u00e7\u00e3o com presidente Lula Ribeir\u00e3o Preto d\u00e1 um passo hist\u00f3rico na transforma\u00e7\u00e3o da sua mobilidade urbana. O prefeito Ricardo Silva (PSD) assinou, na tarde desta quinta-feira, 18 de\u2026","rel":"","context":"In &quot;Not\u00edcias de Ribeir\u00e3o Preto-SP e Regi\u00e3o&quot;","block_context":{"text":"Not\u00edcias de Ribeir\u00e3o Preto-SP e Regi\u00e3o","link":"https:\/\/noticiasribeiraopreto.com.br\/index.php\/category\/noticias-de-ribeirao-preto-sp-e-regiao-ismael-colosi\/"},"img":{"alt_text":"","src":"https:\/\/i0.wp.com\/noticiasribeiraopreto.com.br\/wp-content\/uploads\/2025\/12\/1766150109_NovoPAC-Via-Alfredo-Risk-01-scaled.jpg?fit=1200%2C675&ssl=1&resize=350%2C200","width":350,"height":200,"srcset":"https:\/\/i0.wp.com\/noticiasribeiraopreto.com.br\/wp-content\/uploads\/2025\/12\/1766150109_NovoPAC-Via-Alfredo-Risk-01-scaled.jpg?fit=1200%2C675&ssl=1&resize=350%2C200 1x, https:\/\/i0.wp.com\/noticiasribeiraopreto.com.br\/wp-content\/uploads\/2025\/12\/1766150109_NovoPAC-Via-Alfredo-Risk-01-scaled.jpg?fit=1200%2C675&ssl=1&resize=525%2C300 1.5x, https:\/\/i0.wp.com\/noticiasribeiraopreto.com.br\/wp-content\/uploads\/2025\/12\/1766150109_NovoPAC-Via-Alfredo-Risk-01-scaled.jpg?fit=1200%2C675&ssl=1&resize=700%2C400 2x, https:\/\/i0.wp.com\/noticiasribeiraopreto.com.br\/wp-content\/uploads\/2025\/12\/1766150109_NovoPAC-Via-Alfredo-Risk-01-scaled.jpg?fit=1200%2C675&ssl=1&resize=1050%2C600 3x"},"classes":[]},{"id":80964,"url":"https:\/\/noticiasribeiraopreto.com.br\/index.php\/2025\/12\/19\/via-leste-oeste-tera-217-km\/","url_meta":{"origin":80949,"position":4},"title":"Via Leste-Oeste ter\u00e1 21,7 km","author":"noticiasribeiraopreto.com.br","date":"19 de December de 2025","format":false,"excerpt":"Prefeito Ricardo Silva assinou contrato de linha cr\u00e9dito que libera R$ 1,1 bilh\u00e3o para a Via Leste-Oeste; deputado Baleia Rossi (MDB) intermediou negocia\u00e7\u00e3o com presidente Lula Ribeir\u00e3o Preto d\u00e1 um passo hist\u00f3rico na transforma\u00e7\u00e3o da sua mobilidade urbana. O prefeito Ricardo Silva (PSD) assinou, na tarde desta quinta-feira, 18 de\u2026","rel":"","context":"In &quot;Not\u00edcias de Ribeir\u00e3o Preto-SP e Regi\u00e3o&quot;","block_context":{"text":"Not\u00edcias de Ribeir\u00e3o Preto-SP e Regi\u00e3o","link":"https:\/\/noticiasribeiraopreto.com.br\/index.php\/category\/noticias-de-ribeirao-preto-sp-e-regiao-ismael-colosi\/"},"img":{"alt_text":"","src":"https:\/\/i0.wp.com\/noticiasribeiraopreto.com.br\/wp-content\/uploads\/2025\/12\/NovoPAC-Via-Alfredo-Risk-01-scaled.jpg?fit=1200%2C675&ssl=1&resize=350%2C200","width":350,"height":200,"srcset":"https:\/\/i0.wp.com\/noticiasribeiraopreto.com.br\/wp-content\/uploads\/2025\/12\/NovoPAC-Via-Alfredo-Risk-01-scaled.jpg?fit=1200%2C675&ssl=1&resize=350%2C200 1x, https:\/\/i0.wp.com\/noticiasribeiraopreto.com.br\/wp-content\/uploads\/2025\/12\/NovoPAC-Via-Alfredo-Risk-01-scaled.jpg?fit=1200%2C675&ssl=1&resize=525%2C300 1.5x, https:\/\/i0.wp.com\/noticiasribeiraopreto.com.br\/wp-content\/uploads\/2025\/12\/NovoPAC-Via-Alfredo-Risk-01-scaled.jpg?fit=1200%2C675&ssl=1&resize=700%2C400 2x, https:\/\/i0.wp.com\/noticiasribeiraopreto.com.br\/wp-content\/uploads\/2025\/12\/NovoPAC-Via-Alfredo-Risk-01-scaled.jpg?fit=1200%2C675&ssl=1&resize=1050%2C600 3x"},"classes":[]},{"id":84001,"url":"https:\/\/noticiasribeiraopreto.com.br\/index.php\/2026\/03\/30\/obras-das-avenidas-tanquinho-e-rio-pardo-devem-durar-48-meses\/","url_meta":{"origin":80949,"position":5},"title":"Obras das avenidas Tanquinho e Rio Pardo devem durar 48 meses","author":"noticiasribeiraopreto.com.br","date":"30 de March de 2026","format":false,"excerpt":"Ler o resumo da not\u00edcia Obras do corredor de mobilidade Leste-Oeste em Ribeir\u00e3o Preto ter\u00e3o dura\u00e7\u00e3o estimada de 48 meses. Projeto prev\u00ea interven\u00e7\u00f5es em mais de 27 km, com cria\u00e7\u00e3o da avenida Tanquinho (Leste) e prolongamento da Rio Pardo (Oeste). Financiamento federal de R$ 1,1 bilh\u00e3o faz parte do programa\u2026","rel":"","context":"In &quot;Not\u00edcias de Ribeir\u00e3o Preto-SP e Regi\u00e3o&quot;","block_context":{"text":"Not\u00edcias de Ribeir\u00e3o Preto-SP e Regi\u00e3o","link":"https:\/\/noticiasribeiraopreto.com.br\/index.php\/category\/noticias-de-ribeirao-preto-sp-e-regiao-ismael-colosi\/"},"img":{"alt_text":"","src":"https:\/\/i0.wp.com\/noticiasribeiraopreto.com.br\/wp-content\/uploads\/2025\/04\/Copia-de-Copia-de-Copia-de-TAMANHO-EXATO-PARA-FOTOS-NO-SISTEMA-NOVO-2025-04-14T161228.899_2025-04-14_19-17-20_png_2025-04-14_19-17-20.webp.webp?fit=1200%2C675&ssl=1&resize=350%2C200","width":350,"height":200,"srcset":"https:\/\/i0.wp.com\/noticiasribeiraopreto.com.br\/wp-content\/uploads\/2025\/04\/Copia-de-Copia-de-Copia-de-TAMANHO-EXATO-PARA-FOTOS-NO-SISTEMA-NOVO-2025-04-14T161228.899_2025-04-14_19-17-20_png_2025-04-14_19-17-20.webp.webp?fit=1200%2C675&ssl=1&resize=350%2C200 1x, https:\/\/i0.wp.com\/noticiasribeiraopreto.com.br\/wp-content\/uploads\/2025\/04\/Copia-de-Copia-de-Copia-de-TAMANHO-EXATO-PARA-FOTOS-NO-SISTEMA-NOVO-2025-04-14T161228.899_2025-04-14_19-17-20_png_2025-04-14_19-17-20.webp.webp?fit=1200%2C675&ssl=1&resize=525%2C300 1.5x, https:\/\/i0.wp.com\/noticiasribeiraopreto.com.br\/wp-content\/uploads\/2025\/04\/Copia-de-Copia-de-Copia-de-TAMANHO-EXATO-PARA-FOTOS-NO-SISTEMA-NOVO-2025-04-14T161228.899_2025-04-14_19-17-20_png_2025-04-14_19-17-20.webp.webp?fit=1200%2C675&ssl=1&resize=700%2C400 2x, https:\/\/i0.wp.com\/noticiasribeiraopreto.com.br\/wp-content\/uploads\/2025\/04\/Copia-de-Copia-de-Copia-de-TAMANHO-EXATO-PARA-FOTOS-NO-SISTEMA-NOVO-2025-04-14T161228.899_2025-04-14_19-17-20_png_2025-04-14_19-17-20.webp.webp?fit=1200%2C675&ssl=1&resize=1050%2C600 3x"},"classes":[]}],"jetpack_sharing_enabled":true,"jetpack_shortlink":"https:\/\/wp.me\/peQAOb-l3D","_links":{"self":[{"href":"https:\/\/noticiasribeiraopreto.com.br\/index.php\/wp-json\/wp\/v2\/posts\/80949","targetHints":{"allow":["GET"]}}],"collection":[{"href":"https:\/\/noticiasribeiraopreto.com.br\/index.php\/wp-json\/wp\/v2\/posts"}],"about":[{"href":"https:\/\/noticiasribeiraopreto.com.br\/index.php\/wp-json\/wp\/v2\/types\/post"}],"author":[{"embeddable":true,"href":"https:\/\/noticiasribeiraopreto.com.br\/index.php\/wp-json\/wp\/v2\/users\/1"}],"replies":[{"embeddable":true,"href":"https:\/\/noticiasribeiraopreto.com.br\/index.php\/wp-json\/wp\/v2\/comments?post=80949"}],"version-history":[{"count":0,"href":"https:\/\/noticiasribeiraopreto.com.br\/index.php\/wp-json\/wp\/v2\/posts\/80949\/revisions"}],"wp:featuredmedia":[{"embeddable":true,"href":"https:\/\/noticiasribeiraopreto.com.br\/index.php\/wp-json\/wp\/v2\/media\/74377"}],"wp:attachment":[{"href":"https:\/\/noticiasribeiraopreto.com.br\/index.php\/wp-json\/wp\/v2\/media?parent=80949"}],"wp:term":[{"taxonomy":"category","embeddable":true,"href":"https:\/\/noticiasribeiraopreto.com.br\/index.php\/wp-json\/wp\/v2\/categories?post=80949"},{"taxonomy":"post_tag","embeddable":true,"href":"https:\/\/noticiasribeiraopreto.com.br\/index.php\/wp-json\/wp\/v2\/tags?post=80949"}],"curies":[{"name":"wp","href":"https:\/\/api.w.org\/{rel}","templated":true}]}}