{"id":80952,"date":"2025-12-19T06:12:38","date_gmt":"2025-12-19T09:12:38","guid":{"rendered":"https:\/\/noticiasribeiraopreto.com.br\/index.php\/2025\/12\/19\/o-que-se-sabe-sobre-nova-unidade-da-pm-em-ribeirao-e-o-futuro-do-antigo-cartorio-eleitoral\/"},"modified":"2025-12-19T06:12:38","modified_gmt":"2025-12-19T09:12:38","slug":"o-que-se-sabe-sobre-nova-unidade-da-pm-em-ribeirao-e-o-futuro-do-antigo-cartorio-eleitoral","status":"publish","type":"post","link":"https:\/\/noticiasribeiraopreto.com.br\/index.php\/2025\/12\/19\/o-que-se-sabe-sobre-nova-unidade-da-pm-em-ribeirao-e-o-futuro-do-antigo-cartorio-eleitoral\/","title":{"rendered":"O que se sabe sobre nova unidade da PM em Ribeir\u00e3o e o futuro do antigo cart\u00f3rio eleitoral"},"content":{"rendered":"<div class='code-block code-block-1' style='margin: 8px 0 8px auto; text-align: right; display: block; clear: both;'>\n<p><a href=\"https:\/\/wa.link\/vpicfd\"><img data-recalc-dims=\"1\" class=\"wp-image-4922\" style=\"aspect-ratio: 2.0253164556962027; width: 561px; height: auto;\" src=\"https:\/\/i0.wp.com\/ismaelcolosi.com.br\/wp-content\/uploads\/2023\/11\/grupo-de-empregos-whatsapp-e-facebook-ismael-colosi-vagas.jpg?ssl=1\" alt=\"\" \/><\/a><\/p>\n<!-- \/wp:image -->\n<\/div>\n<p> <br \/>\n<\/p>\n<div>\n<p>A <strong><a href=\"https:\/\/www.camararibeiraopreto.sp.gov.br\/atividade-legislativa\/sessoes\/pesquisas\" data-type=\"link\" data-id=\"https:\/\/www.camararibeiraopreto.sp.gov.br\/atividade-legislativa\/sessoes\/pesquisas\" target=\"_blank\" rel=\"noopener\">C\u00e2mara de Ribeir\u00e3o Preto <\/a><\/strong>aprovou na \u00faltima quarta-feira (17) um pedido de urg\u00eancia para votar o projeto de lei complementar 60\/2025, que autoriza a doa\u00e7\u00e3o de uma \u00e1rea na <strong>Vila Seixas<\/strong>, na zona Sul, para funcionamento de uma nova unidade da <strong>PM (Pol\u00edcia Militar)<\/strong>.<\/p>\n<p><mark style=\"background-color:#fcb900\" class=\"has-inline-color has-black-color\">O im\u00f3vel est\u00e1 localizado na rua Lafaiete, 1.676<\/mark>, onde ficava a antiga sede da Guarda Civil Metropolitana. Inicialmente, o im\u00f3vel seria doado ao governo estadual para que fosse constru\u00edda a nova <strong>DDM (Delegacia de Defesa da Mulher)<\/strong>.<\/p>\n<p>Na justificativa do projeto, o prefeito Ricardo Silva (PSD) aponta que o comandante do 51\u00ba Batalh\u00e3o de Pol\u00edcia Militar do Interior solicitou a doa\u00e7\u00e3o da \u00e1rea a fim de atender a necessidade de uma instala\u00e7\u00e3o f\u00edsica mais adequada para a sede da 1\u00aa Companhia, em uma regi\u00e3o mais centralizada e estrat\u00e9gica.<\/p>\n<p>\u201cA nova unidade policial permitir\u00e1 ampliar a presen\u00e7a operacional da Pol\u00edcia Militar na regi\u00e3o central e adjac\u00eancias, \u00e1rea que concentra elevado fluxo de pessoas, com\u00e9rcio, servi\u00e7os e equipamentos p\u00fablicos, demandando atua\u00e7\u00e3o cont\u00ednua e estruturada de seguran\u00e7a p\u00fablica. A instala\u00e7\u00e3o da Unidade possibilitar\u00e1 reduzir tempos de resposta, intensificar o policiamento, aumentar a capacidade de preven\u00e7\u00e3o e repress\u00e3o a delitos e fortalecer a sensa\u00e7\u00e3o de seguran\u00e7a da popula\u00e7\u00e3o\u201d, informa.<\/p>\n<p>A proposta de doa\u00e7\u00e3o do im\u00f3vel deve ser votada pelos vereadores na pr\u00f3xima segunda-feira (22).<\/p>\n<h2 class=\"wp-block-heading\"><strong>Antigo cart\u00f3rio eleitoral<\/strong><\/h2>\n<p>O l\u00edder do governo no Legislativo,<strong> Lincoln Fernandes (PL)<\/strong>, disse que, com a mudan\u00e7a, a DDM ser\u00e1 transferida para o antigo pr\u00e9dio do cart\u00f3rio eleitoral, na rua Cerqueira Cesar, 333, no Centro.<\/p>\n<p>Na proposta, a prefeitura aponta que recebeu comunicado da Delegacia Seccional de Pol\u00edcia de Ribeir\u00e3o Preto, que afirma que n\u00e3o seria mais necess\u00e1ria a utiliza\u00e7\u00e3o do im\u00f3vel da Vila Seixas.<\/p>\n<p>Desde novembro, o cart\u00f3rio eleitoral de Ribeir\u00e3o Preto funciona na rua Jos\u00e9 Pierri, 487, no bairro Nova Ribeir\u00e2nia, e o hor\u00e1rio de atendimento presencial \u00e9 de segunda a sexta, das 11h \u00e0s 17h.<\/p>\n<p>SAIBA MAIS<br \/>Inmet emite alerta amarelo para chuvas intensas em cidades do interior de SP; Veja quais<\/p>\n<h2 class=\"wp-block-heading\"><strong>FIQUE ON<\/strong><\/h2>\n<p>Fique ligado em tudo que acontece em Ribeir\u00e3o Preto e regi\u00e3o. Siga os perfis do\u00a0<strong>acidade on\u00a0<\/strong>no<a href=\"https:\/\/www.instagram.com\/acidadeonribeirao\" target=\"_blank\" rel=\"noreferrer noopener\">\u00a0Instagram<\/a>\u00a0e no\u00a0<a href=\"https:\/\/www.facebook.com\/acidadeonribeirao\/\" target=\"_blank\" rel=\"noreferrer noopener\">Facebook<\/a>.<\/p>\n<p>Receba not\u00edcias do\u00a0<strong>acidade on\u00a0<\/strong>no WhatsApp. Para entrar no grupo,\u00a0basta\u00a0<a href=\"https:\/\/chat.whatsapp.com\/GFH9HUMUTHNFJdnyEd0xxq\" target=\"_blank\" rel=\"noreferrer noopener\">clicar aqui<\/a>. Ou, acesse o nosso\u00a0Canal\u00a0<a href=\"https:\/\/whatsapp.com\/channel\/0029Vb6IQl1JENyAeS57fk2p\" target=\"_blank\" rel=\"noreferrer noopener\">clicando aqui<\/a>.<\/p>\n<p>Fa\u00e7a uma den\u00fancia ou sugira uma reportagem sobre Ribeir\u00e3o Preto e regi\u00e3o pelo WhatsApp: 16 99117 7802.<\/p>\n<p>VEJA TAMB\u00c9M<br \/>Dune: Awakening revela atualiza\u00e7\u00e3o gratuita do Cap\u00edtulo 3<\/p>\n<p><!-- AI CONTENT END 1 -->\n<\/div>\n<p><script async src=\"\/\/www.instagram.com\/embed.js\"><\/script><br \/>\n<br \/><br \/>\n<br \/><a href=\"https:\/\/www.acidadeon.com\/ribeiraopreto\/politica\/o-que-se-sabe-sobre-nova-unidade-da-pm-em-ribeirao-e-o-futuro-do-antigo-cartorio-eleitoral\/\">Source link <\/a><\/p>\n<!-- CONTENT END 1 -->\n","protected":false},"excerpt":{"rendered":"<p>A C\u00e2mara de Ribeir\u00e3o Preto aprovou na \u00faltima quarta-feira (17) um pedido de urg\u00eancia para votar o projeto de lei complementar 60\/2025, que autoriza a&#8230;<\/p>\n","protected":false},"author":1,"featured_media":80953,"comment_status":"open","ping_status":"open","sticky":false,"template":"","format":"standard","meta":{"advanced_seo_description":"","jetpack_seo_html_title":"","jetpack_seo_noindex":false,"jetpack_post_was_ever_published":false,"_jetpack_newsletter_access":"","_jetpack_dont_email_post_to_subs":false,"_jetpack_newsletter_tier_id":0,"_jetpack_memberships_contains_paywalled_content":false,"_jetpack_memberships_contains_paid_content":false,"footnotes":"","jetpack_publicize_message":"","jetpack_publicize_feature_enabled":true,"jetpack_social_post_already_shared":true,"jetpack_social_options":{"image_generator_settings":{"template":"highway","default_image_id":0,"font":"","enabled":false},"version":2}},"categories":[11],"tags":[],"class_list":["post-80952","post","type-post","status-publish","format-standard","has-post-thumbnail","hentry","category-noticias-de-ribeirao-preto-sp-e-regiao-ismael-colosi"],"jetpack_publicize_connections":[],"jetpack_featured_media_url":"https:\/\/i0.wp.com\/noticiasribeiraopreto.com.br\/wp-content\/uploads\/2025\/12\/unidade-pm-vila-seixas_2025-12-18_19-55-51.webp.webp?fit=1200%2C674&ssl=1","jetpack-related-posts":[{"id":80966,"url":"https:\/\/noticiasribeiraopreto.com.br\/index.php\/2025\/12\/19\/delegacia-da-mulher-atendera-na-cerqueira-cesar\/","url_meta":{"origin":80952,"position":0},"title":"Delegacia da Mulher \u2028atender\u00e1 na Cerqueira C\u00e9sar","author":"noticiasribeiraopreto.com.br","date":"19 de December de 2025","format":false,"excerpt":"\r \r \r 19 de dezembro de 2025 08:4119 de dezembro de 2025 08:42 \r Compartilhar0 Prefeitura enviou \u00e0 C\u00e2mara projeto que cede antigo im\u00f3vel da GCM para a Pol\u00edcia Militar; Delegacia da Mulher ser\u00e1 instalada na rua Cerqueira Cesar n\u00ba 333 \u2028\u2028A Delegacia da Mulher (DDM) n\u00e3o vai mais\u2026","rel":"","context":"In &quot;Not\u00edcias de Ribeir\u00e3o Preto-SP e Regi\u00e3o&quot;","block_context":{"text":"Not\u00edcias de Ribeir\u00e3o Preto-SP e Regi\u00e3o","link":"https:\/\/noticiasribeiraopreto.com.br\/index.php\/category\/noticias-de-ribeirao-preto-sp-e-regiao-ismael-colosi\/"},"img":{"alt_text":"","src":"https:\/\/i0.wp.com\/www.tribunaribeirao.com.br\/wp-content\/uploads\/2025\/12\/DDM-GCM-Alfredo-R-isk-300x170.jpg?resize=350%2C200&ssl=1","width":350,"height":200},"classes":[]},{"id":63743,"url":"https:\/\/noticiasribeiraopreto.com.br\/index.php\/2025\/02\/20\/vila-tiberio-vai-receber-novo-batalhao-da-pm-em-ribeirao-preto\/","url_meta":{"origin":80952,"position":1},"title":"Vila Tib\u00e9rio vai receber novo batalh\u00e3o da PM em Ribeir\u00e3o Preto","author":"noticiasribeiraopreto.com.br","date":"20 de February de 2025","format":false,"excerpt":"O governador de S\u00e3o Paulo, Tarc\u00edsio de Freitas (REP), publicou nesta quinta-feira (20) o decreto que transfere uma \u00e1rea na Vila Tib\u00e9rio, zona Oeste de Ribeir\u00e3o Preto, para instala\u00e7\u00e3o do novo batalh\u00e3o da 4\u00aa Companhia da Pol\u00edcia Militar Ambiental. O im\u00f3vel fica na avenida F\u00e1bio Barreto e atualmente abriga a\u2026","rel":"","context":"In &quot;Not\u00edcias de Ribeir\u00e3o Preto-SP e Regi\u00e3o&quot;","block_context":{"text":"Not\u00edcias de Ribeir\u00e3o Preto-SP e Regi\u00e3o","link":"https:\/\/noticiasribeiraopreto.com.br\/index.php\/category\/noticias-de-ribeirao-preto-sp-e-regiao-ismael-colosi\/"},"img":{"alt_text":"","src":"https:\/\/i0.wp.com\/noticiasribeiraopreto.com.br\/wp-content\/uploads\/2025\/02\/cati-pm-ambiental_2025-02-20_16-28-37_jpg_2025-02-20_16-28-37.webp.webp?fit=1200%2C721&ssl=1&resize=350%2C200","width":350,"height":200,"srcset":"https:\/\/i0.wp.com\/noticiasribeiraopreto.com.br\/wp-content\/uploads\/2025\/02\/cati-pm-ambiental_2025-02-20_16-28-37_jpg_2025-02-20_16-28-37.webp.webp?fit=1200%2C721&ssl=1&resize=350%2C200 1x, https:\/\/i0.wp.com\/noticiasribeiraopreto.com.br\/wp-content\/uploads\/2025\/02\/cati-pm-ambiental_2025-02-20_16-28-37_jpg_2025-02-20_16-28-37.webp.webp?fit=1200%2C721&ssl=1&resize=525%2C300 1.5x, https:\/\/i0.wp.com\/noticiasribeiraopreto.com.br\/wp-content\/uploads\/2025\/02\/cati-pm-ambiental_2025-02-20_16-28-37_jpg_2025-02-20_16-28-37.webp.webp?fit=1200%2C721&ssl=1&resize=700%2C400 2x, https:\/\/i0.wp.com\/noticiasribeiraopreto.com.br\/wp-content\/uploads\/2025\/02\/cati-pm-ambiental_2025-02-20_16-28-37_jpg_2025-02-20_16-28-37.webp.webp?fit=1200%2C721&ssl=1&resize=1050%2C600 3x"},"classes":[]},{"id":60541,"url":"https:\/\/noticiasribeiraopreto.com.br\/index.php\/2024\/11\/17\/incendio-atinge-antiga-base-da-pm-no-centro-de-ribeirao-preto\/","url_meta":{"origin":80952,"position":2},"title":"Inc\u00eandio atinge antiga base da PM no Centro de Ribeir\u00e3o Preto","author":"noticiasribeiraopreto.com.br","date":"17 de November de 2024","format":false,"excerpt":"Um inc\u00eandio atingiu o pr\u00e9dio da antiga base da Pol\u00edcia Militar (PM), localizado na rua Flor\u00eancio de Abreu, no Centro de Ribeir\u00e3o Preto, na noite deste s\u00e1bado (16). O local era sede da 1\u00aa Companhia do 51\u00ba Batalh\u00e3o da Pol\u00edcia Militar e foi desativado no come\u00e7o do ano, devido a\u2026","rel":"","context":"In &quot;Not\u00edcias de Ribeir\u00e3o Preto-SP e Regi\u00e3o&quot;","block_context":{"text":"Not\u00edcias de Ribeir\u00e3o Preto-SP e Regi\u00e3o","link":"https:\/\/noticiasribeiraopreto.com.br\/index.php\/category\/noticias-de-ribeirao-preto-sp-e-regiao-ismael-colosi\/"},"img":{"alt_text":"","src":"https:\/\/i0.wp.com\/noticiasribeiraopreto.com.br\/wp-content\/uploads\/2024\/11\/Copia-de-Copia-de-Copia-de-TAMANHO-EXATO-PARA-FOTOS-NO-SISTEMA-NOVO-2024-11-17T135751.677_2024-11-17_16-58-54_png_2024-11-17_16-58-54.webp.webp?fit=1200%2C675&ssl=1&resize=350%2C200","width":350,"height":200,"srcset":"https:\/\/i0.wp.com\/noticiasribeiraopreto.com.br\/wp-content\/uploads\/2024\/11\/Copia-de-Copia-de-Copia-de-TAMANHO-EXATO-PARA-FOTOS-NO-SISTEMA-NOVO-2024-11-17T135751.677_2024-11-17_16-58-54_png_2024-11-17_16-58-54.webp.webp?fit=1200%2C675&ssl=1&resize=350%2C200 1x, https:\/\/i0.wp.com\/noticiasribeiraopreto.com.br\/wp-content\/uploads\/2024\/11\/Copia-de-Copia-de-Copia-de-TAMANHO-EXATO-PARA-FOTOS-NO-SISTEMA-NOVO-2024-11-17T135751.677_2024-11-17_16-58-54_png_2024-11-17_16-58-54.webp.webp?fit=1200%2C675&ssl=1&resize=525%2C300 1.5x, https:\/\/i0.wp.com\/noticiasribeiraopreto.com.br\/wp-content\/uploads\/2024\/11\/Copia-de-Copia-de-Copia-de-TAMANHO-EXATO-PARA-FOTOS-NO-SISTEMA-NOVO-2024-11-17T135751.677_2024-11-17_16-58-54_png_2024-11-17_16-58-54.webp.webp?fit=1200%2C675&ssl=1&resize=700%2C400 2x, https:\/\/i0.wp.com\/noticiasribeiraopreto.com.br\/wp-content\/uploads\/2024\/11\/Copia-de-Copia-de-Copia-de-TAMANHO-EXATO-PARA-FOTOS-NO-SISTEMA-NOVO-2024-11-17T135751.677_2024-11-17_16-58-54_png_2024-11-17_16-58-54.webp.webp?fit=1200%2C675&ssl=1&resize=1050%2C600 3x"},"classes":[]},{"id":78666,"url":"https:\/\/noticiasribeiraopreto.com.br\/index.php\/2025\/10\/15\/tradicional-escola-de-ribeirao-preto-vai-virar-nova-sede-da-prefeitura-entenda\/","url_meta":{"origin":80952,"position":3},"title":"Tradicional escola de Ribeir\u00e3o Preto vai virar nova sede da Prefeitura; entenda","author":"noticiasribeiraopreto.com.br","date":"15 de October de 2025","format":false,"excerpt":"O pr\u00e9dio do tradicional Col\u00e9gio Marista, localizado na rua Bernardino de Campos, no Centro de Ribeir\u00e3o Preto, vai se tornar a nova sede administrativa da Prefeitura. A proposta faz parte de um projeto de permuta de im\u00f3veis enviado pelo Executivo \u00e0 C\u00e2mara Municipal nesta quarta-feira (15). A medida faz parte\u2026","rel":"","context":"In &quot;Not\u00edcias de Ribeir\u00e3o Preto-SP e Regi\u00e3o&quot;","block_context":{"text":"Not\u00edcias de Ribeir\u00e3o Preto-SP e Regi\u00e3o","link":"https:\/\/noticiasribeiraopreto.com.br\/index.php\/category\/noticias-de-ribeirao-preto-sp-e-regiao-ismael-colosi\/"},"img":{"alt_text":"","src":"https:\/\/i0.wp.com\/noticiasribeiraopreto.com.br\/wp-content\/uploads\/2025\/10\/Copia-de-Copia-de-Copia-de-TAMANHO-EXATO-PARA-FOTOS-NO-SISTEMA-NOVO-2025-10-15T204145.589_2025-10-15_23-42-01.webp.webp?fit=1200%2C675&ssl=1&resize=350%2C200","width":350,"height":200,"srcset":"https:\/\/i0.wp.com\/noticiasribeiraopreto.com.br\/wp-content\/uploads\/2025\/10\/Copia-de-Copia-de-Copia-de-TAMANHO-EXATO-PARA-FOTOS-NO-SISTEMA-NOVO-2025-10-15T204145.589_2025-10-15_23-42-01.webp.webp?fit=1200%2C675&ssl=1&resize=350%2C200 1x, https:\/\/i0.wp.com\/noticiasribeiraopreto.com.br\/wp-content\/uploads\/2025\/10\/Copia-de-Copia-de-Copia-de-TAMANHO-EXATO-PARA-FOTOS-NO-SISTEMA-NOVO-2025-10-15T204145.589_2025-10-15_23-42-01.webp.webp?fit=1200%2C675&ssl=1&resize=525%2C300 1.5x, https:\/\/i0.wp.com\/noticiasribeiraopreto.com.br\/wp-content\/uploads\/2025\/10\/Copia-de-Copia-de-Copia-de-TAMANHO-EXATO-PARA-FOTOS-NO-SISTEMA-NOVO-2025-10-15T204145.589_2025-10-15_23-42-01.webp.webp?fit=1200%2C675&ssl=1&resize=700%2C400 2x, https:\/\/i0.wp.com\/noticiasribeiraopreto.com.br\/wp-content\/uploads\/2025\/10\/Copia-de-Copia-de-Copia-de-TAMANHO-EXATO-PARA-FOTOS-NO-SISTEMA-NOVO-2025-10-15T204145.589_2025-10-15_23-42-01.webp.webp?fit=1200%2C675&ssl=1&resize=1050%2C600 3x"},"classes":[]},{"id":78673,"url":"https:\/\/noticiasribeiraopreto.com.br\/index.php\/2025\/10\/16\/nova-sede-do-governo-sera-na-regiao-central\/","url_meta":{"origin":80952,"position":4},"title":"Nova sede do governo\u2028 ser\u00e1 na regi\u00e3o Central","author":"noticiasribeiraopreto.com.br","date":"16 de October de 2025","format":false,"excerpt":"16 de outubro de 2025 08:1716 de outubro de 2025 08:180 Compartilhar0 C\u00e2mara recebeu projetos que garantem nova sede administrativa a custo zero e destina cinco mil m\u00b2 para a implanta\u00e7\u00e3o do Centro TEA \u2013 Defici\u00eancia Intelectual\u2028\u2028 A prefeitura de Ribeir\u00e3o Preto protocolou nesta quarta-feira, 15 de outubro, na C\u00e2mara\u2026","rel":"","context":"In &quot;Not\u00edcias de Ribeir\u00e3o Preto-SP e Regi\u00e3o&quot;","block_context":{"text":"Not\u00edcias de Ribeir\u00e3o Preto-SP e Regi\u00e3o","link":"https:\/\/noticiasribeiraopreto.com.br\/index.php\/category\/noticias-de-ribeirao-preto-sp-e-regiao-ismael-colosi\/"},"img":{"alt_text":"","src":"https:\/\/i0.wp.com\/noticiasribeiraopreto.com.br\/wp-content\/uploads\/2025\/10\/CentroRP-Google-Street-View.jpg?fit=1047%2C675&ssl=1&resize=350%2C200","width":350,"height":200,"srcset":"https:\/\/i0.wp.com\/noticiasribeiraopreto.com.br\/wp-content\/uploads\/2025\/10\/CentroRP-Google-Street-View.jpg?fit=1047%2C675&ssl=1&resize=350%2C200 1x, https:\/\/i0.wp.com\/noticiasribeiraopreto.com.br\/wp-content\/uploads\/2025\/10\/CentroRP-Google-Street-View.jpg?fit=1047%2C675&ssl=1&resize=525%2C300 1.5x, https:\/\/i0.wp.com\/noticiasribeiraopreto.com.br\/wp-content\/uploads\/2025\/10\/CentroRP-Google-Street-View.jpg?fit=1047%2C675&ssl=1&resize=700%2C400 2x"},"classes":[]},{"id":41514,"url":"https:\/\/noticiasribeiraopreto.com.br\/index.php\/2024\/03\/08\/base-da-pm-no-centro-de-ribeirao-e-desativada-nao-ha-prazo-para-reabertura\/","url_meta":{"origin":80952,"position":5},"title":"Base da PM no Centro de Ribeir\u00e3o \u00e9 desativada; N\u00e3o h\u00e1 prazo para reabertura","author":"noticiasribeiraopreto.com.br","date":"8 de March de 2024","format":false,"excerpt":"A base da Pol\u00edcia Militar, que ficava na rua Flor\u00eancio de Abriu, no Centro de Ribeir\u00e3o Preto, foi desativada. De acordo com a SSP-SP (Secretaria de Seguran\u00e7a P\u00fablica de S\u00e3o Paulo), o im\u00f3vel onde ficava a sede da 1\u00aa Companhia do 51\u00ba Batalh\u00e3o da Pol\u00edcia Militar sofre com problemas estruturais.\u2026","rel":"","context":"In &quot;Not\u00edcias de Ribeir\u00e3o Preto-SP e Regi\u00e3o&quot;","block_context":{"text":"Not\u00edcias de Ribeir\u00e3o Preto-SP e Regi\u00e3o","link":"https:\/\/noticiasribeiraopreto.com.br\/index.php\/category\/noticias-de-ribeirao-preto-sp-e-regiao-ismael-colosi\/"},"img":{"alt_text":"","src":"https:\/\/i0.wp.com\/noticiasribeiraopreto.com.br\/wp-content\/uploads\/2024\/03\/AnyConv.com__pm.webp.webp?fit=1200%2C778&ssl=1&resize=350%2C200","width":350,"height":200,"srcset":"https:\/\/i0.wp.com\/noticiasribeiraopreto.com.br\/wp-content\/uploads\/2024\/03\/AnyConv.com__pm.webp.webp?fit=1200%2C778&ssl=1&resize=350%2C200 1x, https:\/\/i0.wp.com\/noticiasribeiraopreto.com.br\/wp-content\/uploads\/2024\/03\/AnyConv.com__pm.webp.webp?fit=1200%2C778&ssl=1&resize=525%2C300 1.5x, https:\/\/i0.wp.com\/noticiasribeiraopreto.com.br\/wp-content\/uploads\/2024\/03\/AnyConv.com__pm.webp.webp?fit=1200%2C778&ssl=1&resize=700%2C400 2x, https:\/\/i0.wp.com\/noticiasribeiraopreto.com.br\/wp-content\/uploads\/2024\/03\/AnyConv.com__pm.webp.webp?fit=1200%2C778&ssl=1&resize=1050%2C600 3x"},"classes":[]}],"jetpack_sharing_enabled":true,"jetpack_shortlink":"https:\/\/wp.me\/peQAOb-l3G","_links":{"self":[{"href":"https:\/\/noticiasribeiraopreto.com.br\/index.php\/wp-json\/wp\/v2\/posts\/80952","targetHints":{"allow":["GET"]}}],"collection":[{"href":"https:\/\/noticiasribeiraopreto.com.br\/index.php\/wp-json\/wp\/v2\/posts"}],"about":[{"href":"https:\/\/noticiasribeiraopreto.com.br\/index.php\/wp-json\/wp\/v2\/types\/post"}],"author":[{"embeddable":true,"href":"https:\/\/noticiasribeiraopreto.com.br\/index.php\/wp-json\/wp\/v2\/users\/1"}],"replies":[{"embeddable":true,"href":"https:\/\/noticiasribeiraopreto.com.br\/index.php\/wp-json\/wp\/v2\/comments?post=80952"}],"version-history":[{"count":0,"href":"https:\/\/noticiasribeiraopreto.com.br\/index.php\/wp-json\/wp\/v2\/posts\/80952\/revisions"}],"wp:featuredmedia":[{"embeddable":true,"href":"https:\/\/noticiasribeiraopreto.com.br\/index.php\/wp-json\/wp\/v2\/media\/80953"}],"wp:attachment":[{"href":"https:\/\/noticiasribeiraopreto.com.br\/index.php\/wp-json\/wp\/v2\/media?parent=80952"}],"wp:term":[{"taxonomy":"category","embeddable":true,"href":"https:\/\/noticiasribeiraopreto.com.br\/index.php\/wp-json\/wp\/v2\/categories?post=80952"},{"taxonomy":"post_tag","embeddable":true,"href":"https:\/\/noticiasribeiraopreto.com.br\/index.php\/wp-json\/wp\/v2\/tags?post=80952"}],"curies":[{"name":"wp","href":"https:\/\/api.w.org\/{rel}","templated":true}]}}