{"id":80954,"date":"2025-12-19T06:21:01","date_gmt":"2025-12-19T09:21:01","guid":{"rendered":"https:\/\/noticiasribeiraopreto.com.br\/index.php\/2025\/12\/19\/de-lives-a-acoes-solidarias-confira-programacao-dos-shoppings-de-ribeirao-antes-do-natal\/"},"modified":"2025-12-19T06:21:01","modified_gmt":"2025-12-19T09:21:01","slug":"de-lives-a-acoes-solidarias-confira-programacao-dos-shoppings-de-ribeirao-antes-do-natal","status":"publish","type":"post","link":"https:\/\/noticiasribeiraopreto.com.br\/index.php\/2025\/12\/19\/de-lives-a-acoes-solidarias-confira-programacao-dos-shoppings-de-ribeirao-antes-do-natal\/","title":{"rendered":"De lives a a\u00e7\u00f5es solid\u00e1rias: confira programa\u00e7\u00e3o dos shoppings de Ribeir\u00e3o antes do Natal"},"content":{"rendered":"<div class='code-block code-block-1' style='margin: 8px 0 8px auto; text-align: right; display: block; clear: both;'>\n<p><a href=\"https:\/\/wa.link\/vpicfd\"><img data-recalc-dims=\"1\" class=\"wp-image-4922\" style=\"aspect-ratio: 2.0253164556962027; width: 561px; height: auto;\" src=\"https:\/\/i0.wp.com\/ismaelcolosi.com.br\/wp-content\/uploads\/2023\/11\/grupo-de-empregos-whatsapp-e-facebook-ismael-colosi-vagas.jpg?ssl=1\" alt=\"\" \/><\/a><\/p>\n<!-- \/wp:image -->\n<\/div>\n<p> <br \/>\n<\/p>\n<div>\n<p>Os <strong>shoppings de Ribeir\u00e3o Preto<\/strong> prepararam uma programa\u00e7\u00e3o especial nessa reta final do <strong>Natal<\/strong>, com <strong>a\u00e7\u00f5es solid\u00e1rias <\/strong>e <strong>atividades voltadas ao p\u00fablico<\/strong>.<\/p>\n<p>As iniciativas incluem <strong>campanhas de arrecada\u00e7\u00e3o<\/strong> <strong>e de vendas<\/strong>, <strong>eventos tem\u00e1ticos<\/strong> e <strong>atra\u00e7\u00f5es especiais<\/strong> para celebrar a data e incentivar a solidariedade. Confira:<\/p>\n<h2 class=\"wp-block-heading\"><strong>Ribeir\u00e3o Shopping<\/strong><\/h2>\n<p>Embora as compras pela internet tenham ganhado espa\u00e7o durante o <strong>Natal<\/strong>, as lojas f\u00edsicas continuam liderando a prefer\u00eancia dos consumidores. Por esse motivo, a combina\u00e7\u00e3o entre canais f\u00edsicos e digitais s\u00e3o uma das estrat\u00e9gias adotadas pelo <strong>Ribeir\u00e3o Shopping<\/strong>.<\/p>\n<p>O estabelecimento promove nesta<strong> sexta-feira (19), das 16h \u00e0s 17h30<\/strong>, uma transmiss\u00e3o ao vivo pelo seu <strong><a href=\"https:\/\/www.tiktok.com\/@ribeiraoshoppingof?lang=pt-BR\" target=\"_blank\" data-type=\"link\" data-id=\"https:\/\/www.tiktok.com\/@ribeiraoshoppingof?lang=pt-BR\" rel=\"noreferrer noopener\">perfil oficial no TikTok (@ribeiraoshoppingof)<\/a><\/strong>, com foco em compras de Natal.<\/p>\n<p>Segundo o Centro Comercial, a <em>live <\/em>ter\u00e1 ofertas exclusivas, benef\u00edcios rel\u00e2mpago para clientes Multi, al\u00e9m de surpresas e pr\u00eamios especiais ao longo da transmiss\u00e3o. <strong><a href=\"https:\/\/www.abacashi.com\/vaquinha\/natal-iguatemi-2025\" target=\"_blank\" data-type=\"link\" data-id=\"https:\/\/www.abacashi.com\/vaquinha\/natal-iguatemi-2025\" rel=\"noreferrer noopener\">Al\u00e9m disso, o shopping segue com a promo\u00e7\u00e3o de Natal que vai sortear dois carros zero quil\u00f4metros.<\/a><\/strong><\/p>\n<div class=\"wp-block-image\">\n<figure class=\"aligncenter size-full is-resized\"><img data-recalc-dims=\"1\" decoding=\"async\" src=\"https:\/\/i0.wp.com\/cdn.media-acidadeon.com.br\/ribeiraopreto\/wp-content\/uploads\/sites\/3\/2023\/09\/ribeirao_shopping_1024x576_06052021101240.jpg?ssl=1\" alt=\"Ribeir\u00e3o Shopping est\u00e1 localizado na zona Sul de Ribeir\u00e3o - Foto: Divulga\u00e7\u00e3o.\" class=\"wp-image-48967\" style=\"width:654px\" title=\"De lives a a\u00e7\u00f5es solid\u00e1rias: confira programa\u00e7\u00e3o dos shoppings de Ribeir\u00e3o antes do Natal 1\"\/><figcaption class=\"wp-element-caption\">Ribeir\u00e3o Shopping est\u00e1 localizado na zona Sul de Ribeir\u00e3o \u2013 Foto: Divulga\u00e7\u00e3o.<\/figcaption><\/figure>\n<\/div>\n<h2 class=\"wp-block-heading\"><strong>Shopping Iguatemi<\/strong><\/h2>\n<p>Com o intuito de refor\u00e7ar a import\u00e2ncia da solidariedade, principalmente nesta \u00e9poca do ano o <strong>shopping Iguatemi<\/strong> promove mais uma edi\u00e7\u00e3o da campanha social de <strong>Natal <\/strong>com doa\u00e7\u00f5es para o <strong>Lar das Crian\u00e7as da CIP<\/strong>.<\/p>\n<p>As doa\u00e7\u00f5es podem ser realizadas <strong>at\u00e9 o dia 31 de janeiro de 2026 <\/strong>de<strong> forma online (<a href=\"https:\/\/www.abacashi.com\/vaquinha\/natal-iguatemi-2025\" target=\"_blank\" data-type=\"link\" data-id=\"https:\/\/www.abacashi.com\/vaquinha\/natal-iguatemi-2025\" rel=\"noreferrer noopener\">clique aqui<\/a>)<\/strong>.\u00a0 Este \u00e9 o terceiro ano da parceria entre <strong>Iguatemi <\/strong>e <strong>Abacashi<\/strong>, em prol da ONG que atua nas \u00e1reas de assist\u00eancia social, suporte psicossocial e educa\u00e7\u00e3o n\u00e3o-formal (contraturno escolar) para crian\u00e7as e adolescentes em situa\u00e7\u00e3o de vulnerabilidade social da capital paulista.<\/p>\n<p>As contribui\u00e7\u00f5es poder\u00e3o ser feitas de qualquer valor, para investimento em ensino t\u00e9cnico ou superior de jovens atendidos pelo projeto. <strong><a href=\"https:\/\/www.instagram.com\/p\/DSX0yLikUtG\/?utm_source=ig_web_copy_link&amp;igsh=MzRlODBiNWFlZA==\" target=\"_blank\" data-type=\"link\" data-id=\"https:\/\/www.instagram.com\/p\/DSX0yLikUtG\/?utm_source=ig_web_copy_link&amp;igsh=MzRlODBiNWFlZA==\" rel=\"noreferrer noopener\">O shopping tamb\u00e9m realiza um sorteio para concorrer a uma viagem com acompanhante para Portugal.<\/a><\/strong><\/p>\n<div class=\"wp-block-image\">\n<figure class=\"aligncenter size-large is-resized\"><img data-recalc-dims=\"1\" fetchpriority=\"high\" decoding=\"async\" width=\"1024\" height=\"683\" src=\"https:\/\/i0.wp.com\/cdn.media-acidadeon.com.br\/ribeiraopreto\/wp-content\/uploads\/sites\/3\/2024\/02\/iguatemi-ribeirao-1024x683.jpg?resize=1024%2C683&#038;ssl=1\" alt=\"Shopping Iguatemi em Ribeir\u00e3o Preto -Foto: Divulga\u00e7\u00e3o.\" class=\"wp-image-69586\" style=\"width:654px\" title=\"De lives a a\u00e7\u00f5es solid\u00e1rias: confira programa\u00e7\u00e3o dos shoppings de Ribeir\u00e3o antes do Natal 2\" srcset=\"https:\/\/cdn.media-acidadeon.com.br\/ribeiraopreto\/wp-content\/uploads\/sites\/3\/2024\/02\/iguatemi-ribeirao-1024x683.jpg 1024w, https:\/\/cdn.media-acidadeon.com.br\/ribeiraopreto\/wp-content\/uploads\/sites\/3\/2024\/02\/iguatemi-ribeirao-300x200.jpg 300w, https:\/\/cdn.media-acidadeon.com.br\/ribeiraopreto\/wp-content\/uploads\/sites\/3\/2024\/02\/iguatemi-ribeirao-768x512.jpg 768w, https:\/\/cdn.media-acidadeon.com.br\/ribeiraopreto\/wp-content\/uploads\/sites\/3\/2024\/02\/iguatemi-ribeirao-696x464.jpg 696w, https:\/\/cdn.media-acidadeon.com.br\/ribeiraopreto\/wp-content\/uploads\/sites\/3\/2024\/02\/iguatemi-ribeirao-1068x712.jpg 1068w, https:\/\/cdn.media-acidadeon.com.br\/ribeiraopreto\/wp-content\/uploads\/sites\/3\/2024\/02\/iguatemi-ribeirao.jpg 1200w\" sizes=\"(max-width: 1024px) 100vw, 1024px\"\/><figcaption class=\"wp-element-caption\">Shopping Iguatemi em Ribeir\u00e3o Preto -Foto: Divulga\u00e7\u00e3o.<\/figcaption><\/figure>\n<\/div>\n<h2 class=\"wp-block-heading\"><strong>Shopping Santa \u00darsula<\/strong><\/h2>\n<p>Ainda na linha da solidariedade, o <strong>Shopping Santa \u00darsula<\/strong> realiza mais uma edi\u00e7\u00e3o da <strong>\u00c1rvore Solid\u00e1ria, at\u00e9 22 de dezembro<\/strong>. A campanha busca <strong>arrecadar brinquedos novos<\/strong>, que ser\u00e3o destinados a crian\u00e7as atendidas no<strong> Lar An\u00e1lia Franco<\/strong>.<\/p>\n<p>Para participar, os interessados devem retirar uma <strong>tag dispon\u00edvel na \u00e1rvore solid\u00e1ria<\/strong> instalada no Piso T\u00e9rreo, pr\u00f3ximo ao Trono do Papai Noel, e depositar o presente no ponto de coleta, localizado ao lado da mesma \u00e1rvore.<\/p>\n<p>O <strong>Lar An\u00e1lia Franco<\/strong> atende crian\u00e7as, jovens e suas respectivas fam\u00edlias, por meio de projetos que oferecem suporte pedag\u00f3gico, atividades esportivas e culturais, al\u00e9m de garantir a suplementa\u00e7\u00e3o alimentar necess\u00e1ria e oferecer capacita\u00e7\u00e3o voltada para a inser\u00e7\u00e3o no mercado de trabalho. <strong><a href=\"https:\/\/www.instagram.com\/reel\/DRQKH_CCQYd\/?utm_source=ig_web_copy_link&amp;igsh=MzRlODBiNWFlZA==\" target=\"_blank\" data-type=\"link\" data-id=\"https:\/\/www.instagram.com\/reel\/DRQKH_CCQYd\/?utm_source=ig_web_copy_link&amp;igsh=MzRlODBiNWFlZA==\" rel=\"noreferrer noopener\">O shopping tamb\u00e9m segue com a promo\u00e7\u00e3o que vai sortear um carro zero quil\u00f4metro.<\/a><\/strong><\/p>\n<div class=\"wp-block-image\">\n<figure class=\"aligncenter size-large is-resized\"><img data-recalc-dims=\"1\" loading=\"lazy\" decoding=\"async\" width=\"1024\" height=\"683\" src=\"https:\/\/i0.wp.com\/cdn.media-acidadeon.com.br\/ribeiraopreto\/wp-content\/uploads\/sites\/3\/2025\/12\/45-IMG_2492-1_2025-12-03_22-38-02-1024x683.webp?resize=1024%2C683&#038;ssl=1\" alt=\"Shopping Santa \u00darsula em Ribeir\u00e3o Preto - Foto: divulga\u00e7\u00e3o.\" class=\"wp-image-138184\" style=\"width:654px\" title=\"De lives a a\u00e7\u00f5es solid\u00e1rias: confira programa\u00e7\u00e3o dos shoppings de Ribeir\u00e3o antes do Natal 3\" srcset=\"https:\/\/cdn.media-acidadeon.com.br\/ribeiraopreto\/wp-content\/uploads\/sites\/3\/2025\/12\/45-IMG_2492-1_2025-12-03_22-38-02-1024x683.webp 1024w, https:\/\/cdn.media-acidadeon.com.br\/ribeiraopreto\/wp-content\/uploads\/sites\/3\/2025\/12\/45-IMG_2492-1_2025-12-03_22-38-02-300x200.webp 300w, https:\/\/cdn.media-acidadeon.com.br\/ribeiraopreto\/wp-content\/uploads\/sites\/3\/2025\/12\/45-IMG_2492-1_2025-12-03_22-38-02-768x512.webp 768w, https:\/\/cdn.media-acidadeon.com.br\/ribeiraopreto\/wp-content\/uploads\/sites\/3\/2025\/12\/45-IMG_2492-1_2025-12-03_22-38-02-696x464.webp 696w, https:\/\/cdn.media-acidadeon.com.br\/ribeiraopreto\/wp-content\/uploads\/sites\/3\/2025\/12\/45-IMG_2492-1_2025-12-03_22-38-02-1068x712.webp 1068w, https:\/\/cdn.media-acidadeon.com.br\/ribeiraopreto\/wp-content\/uploads\/sites\/3\/2025\/12\/45-IMG_2492-1_2025-12-03_22-38-02.webp 1200w\" sizes=\"auto, (max-width: 1024px) 100vw, 1024px\"\/><figcaption class=\"wp-element-caption\">Shopping Santa \u00darsula em Ribeir\u00e3o Preto \u2013 Foto: divulga\u00e7\u00e3o.<\/figcaption><\/figure>\n<\/div>\n<h2 class=\"wp-block-heading\"><strong>Novo Shopping Center<\/strong><\/h2>\n<p>Por fim, al\u00e9m da decora\u00e7\u00e3o tem\u00e1tica \u201cNatal no Reino Iluminado\u201d e intera\u00e7\u00e3o com o Papai Noel, o <strong>Novo Shopping Center<\/strong> tamb\u00e9m realiza o <strong>sorteio de um carro zero quil\u00f4metro<\/strong> e <strong>presenteia seus clientes com um panetone<\/strong>.<\/p>\n<p>A partir <strong>R$ 550 em compras<\/strong>, o cliente ganha um <strong>panetone da Cacau Show (limitado a uma unidade por CPF) <\/strong>e recebe um n\u00famero da sorte para concorrer ao sorteio de um carro zero quil\u00f4metro.<\/p>\n<p><strong>Cada n\u00famero da sorte \u00e9 gerado a cada R$ 550 em compras.<\/strong> As notas fiscais podem ser cadastradas no posto de trocas ou pelo aplicativo Prizor, que garante cupons em dobro.<\/p>\n<hr class=\"wp-block-separator has-alpha-channel-opacity\"\/>\n<p>SAIBA MAIS<\/p>\n<p>Saiba tudo sobre show de Clayton e Rom\u00e1rio e Jo\u00e3o Pedro e Cristiano em Ribeir\u00e3o Preto<\/p>\n<h2 class=\"wp-block-heading\"><strong>FIQUE ON<\/strong><\/h2>\n<p>Fique ligado em tudo que acontece em Ribeir\u00e3o Preto e regi\u00e3o. Siga os perfis do<strong>\u00a0acidade on<\/strong>\u00a0no\u00a0<a href=\"https:\/\/www.instagram.com\/acidadeonribeirao\" target=\"_blank\" rel=\"noreferrer noopener\">Instagram<\/a>\u00a0e no\u00a0<a href=\"https:\/\/www.facebook.com\/acidadeonribeirao\/\" target=\"_blank\" rel=\"noreferrer noopener\">Facebook<\/a>.<\/p>\n<p>Receba not\u00edcias do\u00a0<strong>acidade on\u00a0<\/strong>no WhatsApp. Para entrar no grupo,\u00a0basta\u00a0<a href=\"https:\/\/chat.whatsapp.com\/GFH9HUMUTHNFJdnyEd0xxq\" target=\"_blank\" rel=\"noreferrer noopener\">clicar aqui<\/a>. Ou, acesse o nosso\u00a0Canal\u00a0<a href=\"https:\/\/whatsapp.com\/channel\/0029Vb6IQl1JENyAeS57fk2p\" target=\"_blank\" rel=\"noreferrer noopener\">clicando aqui<\/a>.<\/p>\n<p>Fa\u00e7a uma den\u00fancia ou sugira uma reportagem sobre Ribeir\u00e3o Preto e regi\u00e3o pelo WhatsApp: 16 99117 7802.<\/p>\n<p>VEJA TAMB\u00c9M<\/p>\n<p>\u2018Avatar: Fogos e Cinzas\u2019 tem cena p\u00f3s-cr\u00e9dito?<\/p>\n<p><!-- AI CONTENT END 1 -->\n<\/div>\n<p><script async src=\"\/\/www.instagram.com\/embed.js\"><\/script><script async src=\"\/\/www.tiktok.com\/embed.js\"><\/script><br \/>\n<br \/><br \/>\n<br \/><a href=\"https:\/\/www.acidadeon.com\/ribeiraopreto\/economia\/de-lives-a-acoes-solidarias-confira-programacao-dos-shoppings-de-ribeirao-antes-do-natal\/\">Source link <\/a><\/p>\n<!-- CONTENT END 1 -->\n","protected":false},"excerpt":{"rendered":"<p>Os shoppings de Ribeir\u00e3o Preto prepararam uma programa\u00e7\u00e3o especial nessa reta final do Natal, com a\u00e7\u00f5es solid\u00e1rias e atividades voltadas ao p\u00fablico. As iniciativas incluem&#8230;<\/p>\n","protected":false},"author":1,"featured_media":80955,"comment_status":"open","ping_status":"open","sticky":false,"template":"","format":"standard","meta":{"advanced_seo_description":"","jetpack_seo_html_title":"","jetpack_seo_noindex":false,"jetpack_post_was_ever_published":false,"_jetpack_newsletter_access":"","_jetpack_dont_email_post_to_subs":false,"_jetpack_newsletter_tier_id":0,"_jetpack_memberships_contains_paywalled_content":false,"_jetpack_memberships_contains_paid_content":false,"footnotes":"","jetpack_publicize_message":"","jetpack_publicize_feature_enabled":true,"jetpack_social_post_already_shared":true,"jetpack_social_options":{"image_generator_settings":{"template":"highway","default_image_id":0,"font":"","enabled":false},"version":2}},"categories":[11],"tags":[],"class_list":["post-80954","post","type-post","status-publish","format-standard","has-post-thumbnail","hentry","category-noticias-de-ribeirao-preto-sp-e-regiao-ismael-colosi"],"jetpack_publicize_connections":[],"jetpack_featured_media_url":"https:\/\/i0.wp.com\/noticiasribeiraopreto.com.br\/wp-content\/uploads\/2025\/12\/pessoas-felizes-trocar-presentes-na-celebracao-de-natal_2025-12-18_19-09-54.webp.webp?fit=1200%2C800&ssl=1","jetpack-related-posts":[{"id":60871,"url":"https:\/\/noticiasribeiraopreto.com.br\/index.php\/2024\/11\/27\/confira-programacao-de-concertos-do-natal-luz-em-ribeirao-preto\/","url_meta":{"origin":80954,"position":0},"title":"Confira programa\u00e7\u00e3o de concertos do Natal Luz em Ribeir\u00e3o Preto","author":"noticiasribeiraopreto.com.br","date":"27 de November de 2024","format":false,"excerpt":"Come\u00e7a neste final de semana, a programa\u00e7\u00e3o do Natal Luz em Ribeir\u00e3o Preto. Promovido h\u00e1 22 anos, o projeto conta com diversas a\u00e7\u00f5es culturais e decorativas no munic\u00edpio. Al\u00e9m da chegada do Papai Noel, que acontece no s\u00e1bado (30), a partir das 10h, junto com a Parada de Natal no\u2026","rel":"","context":"In &quot;Not\u00edcias de Ribeir\u00e3o Preto-SP e Regi\u00e3o&quot;","block_context":{"text":"Not\u00edcias de Ribeir\u00e3o Preto-SP e Regi\u00e3o","link":"https:\/\/noticiasribeiraopreto.com.br\/index.php\/category\/noticias-de-ribeirao-preto-sp-e-regiao-ismael-colosi\/"},"img":{"alt_text":"","src":"https:\/\/i0.wp.com\/noticiasribeiraopreto.com.br\/wp-content\/uploads\/2024\/11\/santa-hat-8413947_1280.jpg?fit=1200%2C821&ssl=1&resize=350%2C200","width":350,"height":200,"srcset":"https:\/\/i0.wp.com\/noticiasribeiraopreto.com.br\/wp-content\/uploads\/2024\/11\/santa-hat-8413947_1280.jpg?fit=1200%2C821&ssl=1&resize=350%2C200 1x, https:\/\/i0.wp.com\/noticiasribeiraopreto.com.br\/wp-content\/uploads\/2024\/11\/santa-hat-8413947_1280.jpg?fit=1200%2C821&ssl=1&resize=525%2C300 1.5x, https:\/\/i0.wp.com\/noticiasribeiraopreto.com.br\/wp-content\/uploads\/2024\/11\/santa-hat-8413947_1280.jpg?fit=1200%2C821&ssl=1&resize=700%2C400 2x, https:\/\/i0.wp.com\/noticiasribeiraopreto.com.br\/wp-content\/uploads\/2024\/11\/santa-hat-8413947_1280.jpg?fit=1200%2C821&ssl=1&resize=1050%2C600 3x"},"classes":[]},{"id":79805,"url":"https:\/\/noticiasribeiraopreto.com.br\/index.php\/2025\/11\/07\/evento-com-entrada-gratuita-reune-gastronomia-rock-e-acao-solidaria-no-centro-de-ribeirao\/","url_meta":{"origin":80954,"position":1},"title":"Evento com entrada gratuita re\u00fane gastronomia, rock e a\u00e7\u00e3o solid\u00e1ria no Centro de Ribeir\u00e3o","author":"noticiasribeiraopreto.com.br","date":"7 de November de 2025","format":false,"excerpt":"Ribeir\u00e3o Preto recebe neste domingo (9), mais uma edi\u00e7\u00e3o do Rock in Rua, evento gratuito que promete agitar o Centro da cidade com m\u00fasica, gastronomia e solidariedade. A programa\u00e7\u00e3o ser\u00e1 no cruzamento das ruas Am\u00e9rico Brasiliense e S\u00e3o Jos\u00e9, das 13h \u00e0s 22h, com bandas de destaque da cena musical\u2026","rel":"","context":"In &quot;Not\u00edcias de Ribeir\u00e3o Preto-SP e Regi\u00e3o&quot;","block_context":{"text":"Not\u00edcias de Ribeir\u00e3o Preto-SP e Regi\u00e3o","link":"https:\/\/noticiasribeiraopreto.com.br\/index.php\/category\/noticias-de-ribeirao-preto-sp-e-regiao-ismael-colosi\/"},"img":{"alt_text":"","src":"https:\/\/i0.wp.com\/noticiasribeiraopreto.com.br\/wp-content\/uploads\/2025\/11\/3_2024-06-06_14-17-47_jpg_2024-06-06_14-17-47-1024x576.webp.webp?fit=1024%2C576&ssl=1&resize=350%2C200","width":350,"height":200,"srcset":"https:\/\/i0.wp.com\/noticiasribeiraopreto.com.br\/wp-content\/uploads\/2025\/11\/3_2024-06-06_14-17-47_jpg_2024-06-06_14-17-47-1024x576.webp.webp?fit=1024%2C576&ssl=1&resize=350%2C200 1x, https:\/\/i0.wp.com\/noticiasribeiraopreto.com.br\/wp-content\/uploads\/2025\/11\/3_2024-06-06_14-17-47_jpg_2024-06-06_14-17-47-1024x576.webp.webp?fit=1024%2C576&ssl=1&resize=525%2C300 1.5x, https:\/\/i0.wp.com\/noticiasribeiraopreto.com.br\/wp-content\/uploads\/2025\/11\/3_2024-06-06_14-17-47_jpg_2024-06-06_14-17-47-1024x576.webp.webp?fit=1024%2C576&ssl=1&resize=700%2C400 2x"},"classes":[]},{"id":60913,"url":"https:\/\/noticiasribeiraopreto.com.br\/index.php\/2024\/11\/28\/shopping-de-ribeirao-arrecada-presentes-para-alunos-da-apae-veja-como-doar\/","url_meta":{"origin":80954,"position":2},"title":"Shopping de Ribeir\u00e3o arrecada presentes para alunos da Apae; veja como doar","author":"noticiasribeiraopreto.com.br","date":"28 de November de 2024","format":false,"excerpt":"O shopping Santa \u00darsula promove uma a\u00e7\u00e3o solid\u00e1ria de Natal para presentear alunos da Associa\u00e7\u00e3o de Pais e Amigos dos Excepcionais de Ribeir\u00e3o Preto (Apae). At\u00e9 o dia 17 de dezembro, clientes do mall podem participar da \u00c1rvore de Natal Solid\u00e1ria, escolhendo cart\u00f5es para dar de presente aos alunos da\u2026","rel":"","context":"In &quot;Not\u00edcias de Ribeir\u00e3o Preto-SP e Regi\u00e3o&quot;","block_context":{"text":"Not\u00edcias de Ribeir\u00e3o Preto-SP e Regi\u00e3o","link":"https:\/\/noticiasribeiraopreto.com.br\/index.php\/category\/noticias-de-ribeirao-preto-sp-e-regiao-ismael-colosi\/"},"img":{"alt_text":"","src":"https:\/\/i0.wp.com\/noticiasribeiraopreto.com.br\/wp-content\/uploads\/2024\/11\/Copia-de-Copia-de-Copia-de-TAMANHO-EXATO-PARA-FOTOS-NO-SISTEMA-NOVO-2024-11-28T164811.550_2024-11-28_19-58-35_png_2024-11-28_19-58-35.webp.webp?fit=1200%2C675&ssl=1&resize=350%2C200","width":350,"height":200,"srcset":"https:\/\/i0.wp.com\/noticiasribeiraopreto.com.br\/wp-content\/uploads\/2024\/11\/Copia-de-Copia-de-Copia-de-TAMANHO-EXATO-PARA-FOTOS-NO-SISTEMA-NOVO-2024-11-28T164811.550_2024-11-28_19-58-35_png_2024-11-28_19-58-35.webp.webp?fit=1200%2C675&ssl=1&resize=350%2C200 1x, https:\/\/i0.wp.com\/noticiasribeiraopreto.com.br\/wp-content\/uploads\/2024\/11\/Copia-de-Copia-de-Copia-de-TAMANHO-EXATO-PARA-FOTOS-NO-SISTEMA-NOVO-2024-11-28T164811.550_2024-11-28_19-58-35_png_2024-11-28_19-58-35.webp.webp?fit=1200%2C675&ssl=1&resize=525%2C300 1.5x, https:\/\/i0.wp.com\/noticiasribeiraopreto.com.br\/wp-content\/uploads\/2024\/11\/Copia-de-Copia-de-Copia-de-TAMANHO-EXATO-PARA-FOTOS-NO-SISTEMA-NOVO-2024-11-28T164811.550_2024-11-28_19-58-35_png_2024-11-28_19-58-35.webp.webp?fit=1200%2C675&ssl=1&resize=700%2C400 2x, https:\/\/i0.wp.com\/noticiasribeiraopreto.com.br\/wp-content\/uploads\/2024\/11\/Copia-de-Copia-de-Copia-de-TAMANHO-EXATO-PARA-FOTOS-NO-SISTEMA-NOVO-2024-11-28T164811.550_2024-11-28_19-58-35_png_2024-11-28_19-58-35.webp.webp?fit=1200%2C675&ssl=1&resize=1050%2C600 3x"},"classes":[]},{"id":61708,"url":"https:\/\/noticiasribeiraopreto.com.br\/index.php\/2024\/12\/19\/natal-luz-chega-a-reta-final-em-ribeirao-confira-programacao-do-fim-de-semana\/","url_meta":{"origin":80954,"position":3},"title":"Natal Luz chega \u00e0 reta final em Ribeir\u00e3o; Confira programa\u00e7\u00e3o do fim de semana","author":"noticiasribeiraopreto.com.br","date":"19 de December de 2024","format":false,"excerpt":"A programa\u00e7\u00e3o do Natal Luz em Ribeir\u00e3o Preto chega a sua reta final neste final de semana, com atra\u00e7\u00f5es para toda a fam\u00edlia. Na agenda de atividades est\u00e3o op\u00e7\u00f5es para todos os gostos e idades, com destaque para apresenta\u00e7\u00f5es musicais, visita\u00e7\u00e3o ao Papai Noel e caravana de Natal. Al\u00e9m disso,\u2026","rel":"","context":"In &quot;Not\u00edcias de Ribeir\u00e3o Preto-SP e Regi\u00e3o&quot;","block_context":{"text":"Not\u00edcias de Ribeir\u00e3o Preto-SP e Regi\u00e3o","link":"https:\/\/noticiasribeiraopreto.com.br\/index.php\/category\/noticias-de-ribeirao-preto-sp-e-regiao-ismael-colosi\/"},"img":{"alt_text":"","src":"https:\/\/i0.wp.com\/noticiasribeiraopreto.com.br\/wp-content\/uploads\/2024\/12\/papai-noel-foto-fabrica-de-retratos-acirp-scaled.jpg?fit=1200%2C800&ssl=1&resize=350%2C200","width":350,"height":200,"srcset":"https:\/\/i0.wp.com\/noticiasribeiraopreto.com.br\/wp-content\/uploads\/2024\/12\/papai-noel-foto-fabrica-de-retratos-acirp-scaled.jpg?fit=1200%2C800&ssl=1&resize=350%2C200 1x, https:\/\/i0.wp.com\/noticiasribeiraopreto.com.br\/wp-content\/uploads\/2024\/12\/papai-noel-foto-fabrica-de-retratos-acirp-scaled.jpg?fit=1200%2C800&ssl=1&resize=525%2C300 1.5x, https:\/\/i0.wp.com\/noticiasribeiraopreto.com.br\/wp-content\/uploads\/2024\/12\/papai-noel-foto-fabrica-de-retratos-acirp-scaled.jpg?fit=1200%2C800&ssl=1&resize=700%2C400 2x, https:\/\/i0.wp.com\/noticiasribeiraopreto.com.br\/wp-content\/uploads\/2024\/12\/papai-noel-foto-fabrica-de-retratos-acirp-scaled.jpg?fit=1200%2C800&ssl=1&resize=1050%2C600 3x"},"classes":[]},{"id":61261,"url":"https:\/\/noticiasribeiraopreto.com.br\/index.php\/2024\/12\/07\/ribeirao-preto-recebe-evento-gratuito-natal-no-palacio-veja-programacao\/","url_meta":{"origin":80954,"position":4},"title":"Ribeir\u00e3o Preto recebe evento gratuito &#8216;Natal no Pal\u00e1cio&#8217;; Veja programa\u00e7\u00e3o","author":"noticiasribeiraopreto.com.br","date":"7 de December de 2024","format":false,"excerpt":"Entre os dias 9 a 15 de dezembro, Ribeir\u00e3o Preto recebe uma programa\u00e7\u00e3o gratuita e diversificada do \u201cNatal no Pal\u00e1cio\u201c. O evento, que neste ano ser\u00e1 na Pra\u00e7a Sete de Setembro, no Centro da cidade, come\u00e7a a partir das 19h entre segunda e sexta-feira, e a entrada \u00e9 aberta ao\u2026","rel":"","context":"In &quot;Not\u00edcias de Ribeir\u00e3o Preto-SP e Regi\u00e3o&quot;","block_context":{"text":"Not\u00edcias de Ribeir\u00e3o Preto-SP e Regi\u00e3o","link":"https:\/\/noticiasribeiraopreto.com.br\/index.php\/category\/noticias-de-ribeirao-preto-sp-e-regiao-ismael-colosi\/"},"img":{"alt_text":"","src":"https:\/\/i0.wp.com\/noticiasribeiraopreto.com.br\/wp-content\/uploads\/2024\/12\/1733589370_WhatsApp-Image-2023-12-11-at-11.28.049.jpeg?fit=1150%2C614&ssl=1&resize=350%2C200","width":350,"height":200,"srcset":"https:\/\/i0.wp.com\/noticiasribeiraopreto.com.br\/wp-content\/uploads\/2024\/12\/1733589370_WhatsApp-Image-2023-12-11-at-11.28.049.jpeg?fit=1150%2C614&ssl=1&resize=350%2C200 1x, https:\/\/i0.wp.com\/noticiasribeiraopreto.com.br\/wp-content\/uploads\/2024\/12\/1733589370_WhatsApp-Image-2023-12-11-at-11.28.049.jpeg?fit=1150%2C614&ssl=1&resize=525%2C300 1.5x, https:\/\/i0.wp.com\/noticiasribeiraopreto.com.br\/wp-content\/uploads\/2024\/12\/1733589370_WhatsApp-Image-2023-12-11-at-11.28.049.jpeg?fit=1150%2C614&ssl=1&resize=700%2C400 2x, https:\/\/i0.wp.com\/noticiasribeiraopreto.com.br\/wp-content\/uploads\/2024\/12\/1733589370_WhatsApp-Image-2023-12-11-at-11.28.049.jpeg?fit=1150%2C614&ssl=1&resize=1050%2C600 3x"},"classes":[]},{"id":79833,"url":"https:\/\/noticiasribeiraopreto.com.br\/index.php\/2025\/11\/08\/ribeirao-preto-recebe-caravana-de-natal-da-coca-cola-confira-o-trajeto\/","url_meta":{"origin":80954,"position":5},"title":"Ribeir\u00e3o Preto recebe Caravana de Natal da Coca-Cola; Confira o trajeto","author":"noticiasribeiraopreto.com.br","date":"8 de November de 2025","format":false,"excerpt":"Ribeir\u00e3o Preto e regi\u00e3o recebem os tradicionais caminh\u00f5es decorados, iluminados e com o Papai Noel da Caravana de Natal da Coca-Cola, entre os dias 26 de novembro e 23 de dezembro. A caravana integra as a\u00e7\u00f5es da empresa para as festividades de fim de ano. A programa\u00e7\u00e3o completa pode ser\u2026","rel":"","context":"In &quot;Not\u00edcias de Ribeir\u00e3o Preto-SP e Regi\u00e3o&quot;","block_context":{"text":"Not\u00edcias de Ribeir\u00e3o Preto-SP e Regi\u00e3o","link":"https:\/\/noticiasribeiraopreto.com.br\/index.php\/category\/noticias-de-ribeirao-preto-sp-e-regiao-ismael-colosi\/"},"img":{"alt_text":"","src":"https:\/\/i0.wp.com\/noticiasribeiraopreto.com.br\/wp-content\/uploads\/2025\/11\/carreata-coca-cola.jpg?fit=1200%2C675&ssl=1&resize=350%2C200","width":350,"height":200,"srcset":"https:\/\/i0.wp.com\/noticiasribeiraopreto.com.br\/wp-content\/uploads\/2025\/11\/carreata-coca-cola.jpg?fit=1200%2C675&ssl=1&resize=350%2C200 1x, https:\/\/i0.wp.com\/noticiasribeiraopreto.com.br\/wp-content\/uploads\/2025\/11\/carreata-coca-cola.jpg?fit=1200%2C675&ssl=1&resize=525%2C300 1.5x, https:\/\/i0.wp.com\/noticiasribeiraopreto.com.br\/wp-content\/uploads\/2025\/11\/carreata-coca-cola.jpg?fit=1200%2C675&ssl=1&resize=700%2C400 2x, https:\/\/i0.wp.com\/noticiasribeiraopreto.com.br\/wp-content\/uploads\/2025\/11\/carreata-coca-cola.jpg?fit=1200%2C675&ssl=1&resize=1050%2C600 3x"},"classes":[]}],"jetpack_sharing_enabled":true,"jetpack_shortlink":"https:\/\/wp.me\/peQAOb-l3I","_links":{"self":[{"href":"https:\/\/noticiasribeiraopreto.com.br\/index.php\/wp-json\/wp\/v2\/posts\/80954","targetHints":{"allow":["GET"]}}],"collection":[{"href":"https:\/\/noticiasribeiraopreto.com.br\/index.php\/wp-json\/wp\/v2\/posts"}],"about":[{"href":"https:\/\/noticiasribeiraopreto.com.br\/index.php\/wp-json\/wp\/v2\/types\/post"}],"author":[{"embeddable":true,"href":"https:\/\/noticiasribeiraopreto.com.br\/index.php\/wp-json\/wp\/v2\/users\/1"}],"replies":[{"embeddable":true,"href":"https:\/\/noticiasribeiraopreto.com.br\/index.php\/wp-json\/wp\/v2\/comments?post=80954"}],"version-history":[{"count":0,"href":"https:\/\/noticiasribeiraopreto.com.br\/index.php\/wp-json\/wp\/v2\/posts\/80954\/revisions"}],"wp:featuredmedia":[{"embeddable":true,"href":"https:\/\/noticiasribeiraopreto.com.br\/index.php\/wp-json\/wp\/v2\/media\/80955"}],"wp:attachment":[{"href":"https:\/\/noticiasribeiraopreto.com.br\/index.php\/wp-json\/wp\/v2\/media?parent=80954"}],"wp:term":[{"taxonomy":"category","embeddable":true,"href":"https:\/\/noticiasribeiraopreto.com.br\/index.php\/wp-json\/wp\/v2\/categories?post=80954"},{"taxonomy":"post_tag","embeddable":true,"href":"https:\/\/noticiasribeiraopreto.com.br\/index.php\/wp-json\/wp\/v2\/tags?post=80954"}],"curies":[{"name":"wp","href":"https:\/\/api.w.org\/{rel}","templated":true}]}}