{"id":80956,"date":"2025-12-19T06:30:14","date_gmt":"2025-12-19T09:30:14","guid":{"rendered":"https:\/\/noticiasribeiraopreto.com.br\/index.php\/2025\/12\/19\/saiba-tudo-sobre-show-de-clayton-e-romario-e-joao-pedro-e-cristiano-em-ribeirao-preto\/"},"modified":"2025-12-19T06:30:14","modified_gmt":"2025-12-19T09:30:14","slug":"saiba-tudo-sobre-show-de-clayton-e-romario-e-joao-pedro-e-cristiano-em-ribeirao-preto","status":"publish","type":"post","link":"https:\/\/noticiasribeiraopreto.com.br\/index.php\/2025\/12\/19\/saiba-tudo-sobre-show-de-clayton-e-romario-e-joao-pedro-e-cristiano-em-ribeirao-preto\/","title":{"rendered":"Saiba tudo sobre show de Clayton e Rom\u00e1rio e Jo\u00e3o Pedro e Cristiano em Ribeir\u00e3o Preto"},"content":{"rendered":"<div class='code-block code-block-1' style='margin: 8px 0 8px auto; text-align: right; display: block; clear: both;'>\n<p><a href=\"https:\/\/wa.link\/vpicfd\"><img data-recalc-dims=\"1\" class=\"wp-image-4922\" style=\"aspect-ratio: 2.0253164556962027; width: 561px; height: auto;\" src=\"https:\/\/i0.wp.com\/ismaelcolosi.com.br\/wp-content\/uploads\/2023\/11\/grupo-de-empregos-whatsapp-e-facebook-ismael-colosi-vagas.jpg?ssl=1\" alt=\"\" \/><\/a><\/p>\n<!-- \/wp:image -->\n<\/div>\n<p> <br \/>\n<\/p>\n<div>\n<p>Ribeir\u00e3o Preto recebe nesta sexta-feira (19) o show solid\u00e1rio das duplas Clayton e Rom\u00e1rio e Jo\u00e3o Pedro e Cristiano, no est\u00e1dio Palma Travassos. A apresenta\u00e7\u00e3o integra a programa\u00e7\u00e3o do <strong>Agita Ribeir\u00e3o \u2013 M\u00fasica que Alimenta<\/strong>, evento que une m\u00fasica, solidariedade e a\u00e7\u00f5es sociais na cidade.<\/p>\n<p>O p\u00fablico tamb\u00e9m contar\u00e1 com a discotecagem do DJ Freddy, al\u00e9m de estrutura completa para receber fam\u00edlias e f\u00e3s de sertanejo.<\/p>\n<p>A organiza\u00e7\u00e3o preparou <strong>\u00e1rea kids, pra\u00e7a de alimenta\u00e7\u00e3o e esquema refor\u00e7ado de seguran\u00e7a<\/strong>, com foco no conforto e na tranquilidade do p\u00fablico. A troca de ingressos segue a capacidade m\u00e1xima do est\u00e1dio.<\/p>\n<figure class=\"wp-block-gallery has-nested-images columns-default is-cropped wp-block-gallery-1 is-layout-flex wp-block-gallery-is-layout-flex\">\n<figure class=\"wp-block-image size-large\"><img data-recalc-dims=\"1\" decoding=\"async\" data-id=\"46943\" src=\"https:\/\/i0.wp.com\/cdn.media-acidadeon.com.br\/ribeiraopreto\/wp-content\/uploads\/sites\/3\/2023\/09\/palma_travassos_1024x576_09072020123619.jpg?ssl=1\" alt=\"SHOW\" class=\"wp-image-46943\" title=\"Saiba tudo sobre show de Clayton e Rom\u00e1rio e Jo\u00e3o Pedro e Cristiano em Ribeir\u00e3o Preto 1\"\/><figcaption class=\"wp-element-caption\">O est\u00e1dio Palma Travassos,  em Ribeir\u00e3o Preto (Foto: Weber Sian \/ ACidade ON)<\/figcaption><\/figure>\n<\/figure>\n<h3 class=\"wp-block-heading\"><strong>Como funciona a entrada solid\u00e1ria?<\/strong><\/h3>\n<p>A entrada no evento ocorre por meio da <strong>troca de 1 kg de alimento n\u00e3o perec\u00edvel por 1 ingresso<\/strong>, com limite de <strong>um ingresso por CPF<\/strong>. Todas as doa\u00e7\u00f5es seguem para o <strong>Fundo Social de Solidariedade<\/strong>.<\/p>\n<p>Menores de 18 anos precisam comparecer ao evento <strong>acompanhados dos pais ou respons\u00e1veis<\/strong>.<\/p>\n<p>A Prefeitura de Ribeir\u00e3o Preto disponibilizou <strong>cinco pontos fixos de troca de ingressos<\/strong>, distribu\u00eddos em diferentes regi\u00f5es da cidade, al\u00e9m da op\u00e7\u00e3o de <strong>troca pela internet<\/strong>, para facilitar o acesso da popula\u00e7\u00e3o.<\/p>\n<h3 class=\"wp-block-heading\"><strong>Transporte especial para o Agita Ribeir\u00e3o<\/strong><\/h3>\n<p>Quem for ao Agita Ribeir\u00e3o contar\u00e1 com <strong>linha especial de \u00f4nibus<\/strong> nesta sexta-feira (19). A opera\u00e7\u00e3o inclui <strong>refor\u00e7o no transporte coletivo<\/strong> e <strong>esquema especial de tr\u00e2nsito<\/strong> no entorno do est\u00e1dio Palma Travassos.<\/p>\n<figure class=\"wp-block-image size-large\"><img data-recalc-dims=\"1\" fetchpriority=\"high\" decoding=\"async\" width=\"1024\" height=\"681\" src=\"https:\/\/i0.wp.com\/cdn.media-acidadeon.com.br\/ribeiraopreto\/wp-content\/uploads\/sites\/3\/2025\/09\/onibus-ribeirao-preto-interna_2025-09-14_15-14-29-1024x681.webp?resize=1024%2C681&#038;ssl=1\" alt=\"Mudan\u00e7as passam a valer a partir de quarta-feira (Foto: Fernando Gonzaga)\" class=\"wp-image-129060\" title=\"Saiba tudo sobre show de Clayton e Rom\u00e1rio e Jo\u00e3o Pedro e Cristiano em Ribeir\u00e3o Preto 2\" srcset=\"https:\/\/cdn.media-acidadeon.com.br\/ribeiraopreto\/wp-content\/uploads\/sites\/3\/2025\/09\/onibus-ribeirao-preto-interna_2025-09-14_15-14-29-1024x681.webp 1024w, https:\/\/cdn.media-acidadeon.com.br\/ribeiraopreto\/wp-content\/uploads\/sites\/3\/2025\/09\/onibus-ribeirao-preto-interna_2025-09-14_15-14-29-300x200.webp 300w, https:\/\/cdn.media-acidadeon.com.br\/ribeiraopreto\/wp-content\/uploads\/sites\/3\/2025\/09\/onibus-ribeirao-preto-interna_2025-09-14_15-14-29-768x511.webp 768w, https:\/\/cdn.media-acidadeon.com.br\/ribeiraopreto\/wp-content\/uploads\/sites\/3\/2025\/09\/onibus-ribeirao-preto-interna_2025-09-14_15-14-29-696x463.webp 696w, https:\/\/cdn.media-acidadeon.com.br\/ribeiraopreto\/wp-content\/uploads\/sites\/3\/2025\/09\/onibus-ribeirao-preto-interna_2025-09-14_15-14-29-1068x710.webp 1068w, https:\/\/cdn.media-acidadeon.com.br\/ribeiraopreto\/wp-content\/uploads\/sites\/3\/2025\/09\/onibus-ribeirao-preto-interna_2025-09-14_15-14-29.webp 1200w\" sizes=\"(max-width: 1024px) 100vw, 1024px\"\/><\/figure>\n<p>A linha come\u00e7a a operar a partir das <strong>15h<\/strong>, com <strong>frota m\u00ednima de tr\u00eas ve\u00edculos<\/strong> e <strong>intervalo m\u00e1ximo de 20 minutos<\/strong> entre as viagens. A medida busca facilitar o deslocamento do p\u00fablico at\u00e9 o local do evento.<\/p>\n<p><strong>Ponto de sa\u00edda no Centro<\/strong><\/p>\n<ul class=\"wp-block-list\">\n<li>Terminal Urbano \u2013 Plataforma B<\/li>\n<li>Hor\u00e1rio de funcionamento: das <strong>15h \u00e0s 23h20<\/strong><\/li>\n<\/ul>\n<p><strong>Itiner\u00e1rio<\/strong><br \/>O trajeto passa pelas ruas <strong>Am\u00e9rico Brasiliense<\/strong>, <strong>Bar\u00e3o do Amazonas<\/strong>, <strong>avenida Francisco Junqueira<\/strong> e <strong>rua Henrique Dumont<\/strong>, com parada ao lado do est\u00e1dio Palma Travassos.<\/p>\n<p><strong>Ponto de parada no est\u00e1dio<\/strong><\/p>\n<ul class=\"wp-block-list\">\n<li>Rua Henrique Dumont, ao lado do est\u00e1dio<\/li>\n<\/ul>\n<p>A tarifa da linha especial custa <strong>R$ 5<\/strong>. Os \u00f4nibus aceitam <strong>cart\u00e3o de transporte<\/strong>, al\u00e9m de <strong>pagamento com cart\u00e3o de d\u00e9bito e cr\u00e9dito diretamente na catraca<\/strong>.<\/p>\n<hr class=\"wp-block-separator has-alpha-channel-opacity\"\/>\n<p>SAIBA MAIS<\/p>\n<p>Persegui\u00e7\u00e3o termina com apreens\u00e3o de quase 200 quilos de maconha no interior de SP<\/p>\n<h2 class=\"wp-block-heading\"><strong>FIQUE ON<\/strong><\/h2>\n<p>Fique ligado em tudo que acontece em Ribeir\u00e3o Preto e regi\u00e3o. Siga os perfis do<strong>\u00a0acidade on<\/strong>\u00a0no\u00a0<a href=\"https:\/\/www.instagram.com\/acidadeonribeirao\" target=\"_blank\" rel=\"noreferrer noopener\">Instagram<\/a>\u00a0e no\u00a0<a href=\"https:\/\/www.facebook.com\/acidadeonribeirao\/\" target=\"_blank\" rel=\"noreferrer noopener\">Facebook<\/a>.<\/p>\n<p>Receba not\u00edcias do\u00a0<strong>acidade on\u00a0<\/strong>no WhatsApp. Para entrar no grupo,\u00a0basta\u00a0<a href=\"https:\/\/chat.whatsapp.com\/GFH9HUMUTHNFJdnyEd0xxq\" target=\"_blank\" rel=\"noreferrer noopener\">clicar aqui<\/a>. Ou, acesse o nosso\u00a0Canal\u00a0<a href=\"https:\/\/whatsapp.com\/channel\/0029Vb6IQl1JENyAeS57fk2p\" target=\"_blank\" rel=\"noreferrer noopener\">clicando aqui<\/a>.<\/p>\n<p>Fa\u00e7a uma den\u00fancia ou sugira uma reportagem sobre Ribeir\u00e3o Preto e regi\u00e3o pelo WhatsApp: 16 99117 7802.<\/p>\n<p>VEJA TAMB\u00c9M<\/p>\n<p>Pr\u00eamio eSports Brasil 2025 acontece nesta quinta-feira<\/p>\n<p><!-- AI CONTENT END 1 -->\n<\/div>\n<p><script async src=\"\/\/www.instagram.com\/embed.js\"><\/script><br \/>\n<br \/><br \/>\n<br \/><a href=\"https:\/\/www.acidadeon.com\/ribeiraopreto\/lazer-e-cultura\/saiba-tudo-sobre-show-de-clayton-e-romario-e-joao-pedro-e-cristiano-em-ribeirao-preto\/\">Source link <\/a><\/p>\n<!-- CONTENT END 1 -->\n","protected":false},"excerpt":{"rendered":"<p>Ribeir\u00e3o Preto recebe nesta sexta-feira (19) o show solid\u00e1rio das duplas Clayton e Rom\u00e1rio e Jo\u00e3o Pedro e Cristiano, no est\u00e1dio Palma Travassos. A apresenta\u00e7\u00e3o&#8230;<\/p>\n","protected":false},"author":1,"featured_media":80957,"comment_status":"open","ping_status":"open","sticky":false,"template":"","format":"standard","meta":{"advanced_seo_description":"","jetpack_seo_html_title":"","jetpack_seo_noindex":false,"jetpack_post_was_ever_published":false,"_jetpack_newsletter_access":"","_jetpack_dont_email_post_to_subs":false,"_jetpack_newsletter_tier_id":0,"_jetpack_memberships_contains_paywalled_content":false,"_jetpack_memberships_contains_paid_content":false,"footnotes":"","jetpack_publicize_message":"","jetpack_publicize_feature_enabled":true,"jetpack_social_post_already_shared":true,"jetpack_social_options":{"image_generator_settings":{"template":"highway","default_image_id":0,"font":"","enabled":false},"version":2}},"categories":[11],"tags":[],"class_list":["post-80956","post","type-post","status-publish","format-standard","has-post-thumbnail","hentry","category-noticias-de-ribeirao-preto-sp-e-regiao-ismael-colosi"],"jetpack_publicize_connections":[],"jetpack_featured_media_url":"https:\/\/i0.wp.com\/noticiasribeiraopreto.com.br\/wp-content\/uploads\/2025\/12\/domingo_2025-12-18_18-01-18.webp.webp?fit=1200%2C675&ssl=1","jetpack-related-posts":[{"id":80879,"url":"https:\/\/noticiasribeiraopreto.com.br\/index.php\/2025\/12\/17\/saiba-como-trocar-ingressos-pela-internet-para-o-show-de-clayton-romario-em-ribeirao-preto\/","url_meta":{"origin":80956,"position":0},"title":"Saiba como trocar ingressos pela internet para o show de Clayton &#038; Rom\u00e1rio em Ribeir\u00e3o Preto","author":"noticiasribeiraopreto.com.br","date":"17 de December de 2025","format":false,"excerpt":"A Prefeitura de Ribeir\u00e3o Preto disponibilizou a troca de ingressos pela internet para o show solid\u00e1rio Agita Ribeir\u00e3o \u2013 M\u00fasica que Alimenta, que acontece nesta sexta-feira (19), no Est\u00e1dio Palma Travassos. A abertura dos port\u00f5es ser\u00e1 \u00e0s 16h. Trocar o ingresso online A troca digital deve ser feita pelo site\u2026","rel":"","context":"In &quot;Not\u00edcias de Ribeir\u00e3o Preto-SP e Regi\u00e3o&quot;","block_context":{"text":"Not\u00edcias de Ribeir\u00e3o Preto-SP e Regi\u00e3o","link":"https:\/\/noticiasribeiraopreto.com.br\/index.php\/category\/noticias-de-ribeirao-preto-sp-e-regiao-ismael-colosi\/"},"img":{"alt_text":"","src":"https:\/\/i0.wp.com\/noticiasribeiraopreto.com.br\/wp-content\/uploads\/2025\/12\/574772452_18537405193010966_7832994508803048415_n_2025-12-11_14-28-25.webp.webp?fit=1200%2C800&ssl=1&resize=350%2C200","width":350,"height":200,"srcset":"https:\/\/i0.wp.com\/noticiasribeiraopreto.com.br\/wp-content\/uploads\/2025\/12\/574772452_18537405193010966_7832994508803048415_n_2025-12-11_14-28-25.webp.webp?fit=1200%2C800&ssl=1&resize=350%2C200 1x, https:\/\/i0.wp.com\/noticiasribeiraopreto.com.br\/wp-content\/uploads\/2025\/12\/574772452_18537405193010966_7832994508803048415_n_2025-12-11_14-28-25.webp.webp?fit=1200%2C800&ssl=1&resize=525%2C300 1.5x, https:\/\/i0.wp.com\/noticiasribeiraopreto.com.br\/wp-content\/uploads\/2025\/12\/574772452_18537405193010966_7832994508803048415_n_2025-12-11_14-28-25.webp.webp?fit=1200%2C800&ssl=1&resize=700%2C400 2x, https:\/\/i0.wp.com\/noticiasribeiraopreto.com.br\/wp-content\/uploads\/2025\/12\/574772452_18537405193010966_7832994508803048415_n_2025-12-11_14-28-25.webp.webp?fit=1200%2C800&ssl=1&resize=1050%2C600 3x"},"classes":[]},{"id":80848,"url":"https:\/\/noticiasribeiraopreto.com.br\/index.php\/2025\/12\/16\/show-de-clayton-e-romario-com-entrada-solidaria-acontece-nesta-semana-veja-como-retirar-o-ingresso\/","url_meta":{"origin":80956,"position":1},"title":"Show de Clayton e Rom\u00e1rio com entrada solid\u00e1ria acontece nesta semana; Veja como retirar o ingresso","author":"noticiasribeiraopreto.com.br","date":"16 de December de 2025","format":false,"excerpt":"O show da dupla Clayton e Rom\u00e1rio com entrada solid\u00e1ria acontece nesta semana no est\u00e1dio Palma Travassos, em Ribeir\u00e3o Preto. A apresenta\u00e7\u00e3o faz parte da programa\u00e7\u00e3o do Agita Ribeir\u00e3o \u2013 M\u00fasica que Alimenta, que ainda conta com o show de Jo\u00e3o Pedro e Cristiano e a discotecagem o DJ Freddy.\u2026","rel":"","context":"In &quot;Not\u00edcias de Ribeir\u00e3o Preto-SP e Regi\u00e3o&quot;","block_context":{"text":"Not\u00edcias de Ribeir\u00e3o Preto-SP e Regi\u00e3o","link":"https:\/\/noticiasribeiraopreto.com.br\/index.php\/category\/noticias-de-ribeirao-preto-sp-e-regiao-ismael-colosi\/"},"img":{"alt_text":"","src":"https:\/\/i0.wp.com\/noticiasribeiraopreto.com.br\/wp-content\/uploads\/2025\/12\/clayton-e-romario_2025-04-29_12-43-56.webp.webp?fit=1200%2C800&ssl=1&resize=350%2C200","width":350,"height":200,"srcset":"https:\/\/i0.wp.com\/noticiasribeiraopreto.com.br\/wp-content\/uploads\/2025\/12\/clayton-e-romario_2025-04-29_12-43-56.webp.webp?fit=1200%2C800&ssl=1&resize=350%2C200 1x, https:\/\/i0.wp.com\/noticiasribeiraopreto.com.br\/wp-content\/uploads\/2025\/12\/clayton-e-romario_2025-04-29_12-43-56.webp.webp?fit=1200%2C800&ssl=1&resize=525%2C300 1.5x, https:\/\/i0.wp.com\/noticiasribeiraopreto.com.br\/wp-content\/uploads\/2025\/12\/clayton-e-romario_2025-04-29_12-43-56.webp.webp?fit=1200%2C800&ssl=1&resize=700%2C400 2x, https:\/\/i0.wp.com\/noticiasribeiraopreto.com.br\/wp-content\/uploads\/2025\/12\/clayton-e-romario_2025-04-29_12-43-56.webp.webp?fit=1200%2C800&ssl=1&resize=1050%2C600 3x"},"classes":[]},{"id":80274,"url":"https:\/\/noticiasribeiraopreto.com.br\/index.php\/2025\/11\/18\/clayton-e-romario-fazem-show-gratuito-em-ribeirao-preto-saiba-quando\/","url_meta":{"origin":80956,"position":2},"title":"Clayton e Rom\u00e1rio fazem show gratuito em Ribeir\u00e3o Preto; Saiba quando","author":"noticiasribeiraopreto.com.br","date":"18 de November de 2025","format":false,"excerpt":"A dupla Clayton e Rom\u00e1rio far\u00e1 uma apresenta\u00e7\u00e3o gratuita em Ribeir\u00e3o Preto no dia 19 de dezembro. A informa\u00e7\u00e3o foi divulgada na noite desta ter\u00e7a-feira (18) pelo prefeito Ricardo Silva (PSD). O show est\u00e1 marcado para as 18h, no Parque Maur\u00edlio Biagi, e contar\u00e1 com abertura da dupla Jo\u00e3o Pedro\u2026","rel":"","context":"In &quot;Not\u00edcias de Ribeir\u00e3o Preto-SP e Regi\u00e3o&quot;","block_context":{"text":"Not\u00edcias de Ribeir\u00e3o Preto-SP e Regi\u00e3o","link":"https:\/\/noticiasribeiraopreto.com.br\/index.php\/category\/noticias-de-ribeirao-preto-sp-e-regiao-ismael-colosi\/"},"img":{"alt_text":"","src":"https:\/\/i0.wp.com\/noticiasribeiraopreto.com.br\/wp-content\/uploads\/2025\/04\/clayton-e-romario_2025-04-29_12-43-56.webp.webp?fit=1200%2C800&ssl=1&resize=350%2C200","width":350,"height":200,"srcset":"https:\/\/i0.wp.com\/noticiasribeiraopreto.com.br\/wp-content\/uploads\/2025\/04\/clayton-e-romario_2025-04-29_12-43-56.webp.webp?fit=1200%2C800&ssl=1&resize=350%2C200 1x, https:\/\/i0.wp.com\/noticiasribeiraopreto.com.br\/wp-content\/uploads\/2025\/04\/clayton-e-romario_2025-04-29_12-43-56.webp.webp?fit=1200%2C800&ssl=1&resize=525%2C300 1.5x, https:\/\/i0.wp.com\/noticiasribeiraopreto.com.br\/wp-content\/uploads\/2025\/04\/clayton-e-romario_2025-04-29_12-43-56.webp.webp?fit=1200%2C800&ssl=1&resize=700%2C400 2x, https:\/\/i0.wp.com\/noticiasribeiraopreto.com.br\/wp-content\/uploads\/2025\/04\/clayton-e-romario_2025-04-29_12-43-56.webp.webp?fit=1200%2C800&ssl=1&resize=1050%2C600 3x"},"classes":[]},{"id":68805,"url":"https:\/\/noticiasribeiraopreto.com.br\/index.php\/2025\/04\/29\/da-origem-humilde-ao-sucesso-internacional-clayton-e-romario-integram-lineup-do-rrm-2025\/","url_meta":{"origin":80956,"position":3},"title":"Da origem humilde ao sucesso internacional: Clayton e Rom\u00e1rio integram lineup do RRM 2025","author":"noticiasribeiraopreto.com.br","date":"29 de April de 2025","format":false,"excerpt":"Nascidos e criados em Goi\u00e2nia, os irm\u00e3os Clayton e Rom\u00e1rio ostentam 8 milh\u00f5es de ouvintes mensais apenas no Spotify e ultrapassam 1 bilh\u00e3o de views gerais no YouTube. N\u00e3o poderiam ficar de fora do lineup do Ribeir\u00e3o Rodeo Music, que come\u00e7ou no \u00faltimo s\u00e1bado (26) e segue nos dias 30\u2026","rel":"","context":"In &quot;Not\u00edcias de Ribeir\u00e3o Preto-SP e Regi\u00e3o&quot;","block_context":{"text":"Not\u00edcias de Ribeir\u00e3o Preto-SP e Regi\u00e3o","link":"https:\/\/noticiasribeiraopreto.com.br\/index.php\/category\/noticias-de-ribeirao-preto-sp-e-regiao-ismael-colosi\/"},"img":{"alt_text":"","src":"https:\/\/i0.wp.com\/noticiasribeiraopreto.com.br\/wp-content\/uploads\/2025\/04\/clayton-e-romario_2025-04-29_12-43-56.webp.webp?fit=1200%2C800&ssl=1&resize=350%2C200","width":350,"height":200,"srcset":"https:\/\/i0.wp.com\/noticiasribeiraopreto.com.br\/wp-content\/uploads\/2025\/04\/clayton-e-romario_2025-04-29_12-43-56.webp.webp?fit=1200%2C800&ssl=1&resize=350%2C200 1x, https:\/\/i0.wp.com\/noticiasribeiraopreto.com.br\/wp-content\/uploads\/2025\/04\/clayton-e-romario_2025-04-29_12-43-56.webp.webp?fit=1200%2C800&ssl=1&resize=525%2C300 1.5x, https:\/\/i0.wp.com\/noticiasribeiraopreto.com.br\/wp-content\/uploads\/2025\/04\/clayton-e-romario_2025-04-29_12-43-56.webp.webp?fit=1200%2C800&ssl=1&resize=700%2C400 2x, https:\/\/i0.wp.com\/noticiasribeiraopreto.com.br\/wp-content\/uploads\/2025\/04\/clayton-e-romario_2025-04-29_12-43-56.webp.webp?fit=1200%2C800&ssl=1&resize=1050%2C600 3x"},"classes":[]},{"id":75630,"url":"https:\/\/noticiasribeiraopreto.com.br\/index.php\/2025\/08\/12\/clayton-e-romario-trazem-novo-projeto-a-ribeirao-preto-junto-com-belo\/","url_meta":{"origin":80956,"position":4},"title":"Clayton e Rom\u00e1rio trazem novo projeto a Ribeir\u00e3o Preto junto com Belo","author":"noticiasribeiraopreto.com.br","date":"12 de August de 2025","format":false,"excerpt":"A dupla Clayton e Rom\u00e1rio apresenta o projeto \u201cCom Vida\u201d em Ribeir\u00e3o Preto, no dia 18 de outubro, na i9 Academy. O evento contar\u00e1 tamb\u00e9m com a participa\u00e7\u00e3o especial do cantor Belo. O show vai reunir grandes sucessos do sertanejo e do pagode em uma noite com mais de tr\u00eas\u2026","rel":"","context":"In &quot;Not\u00edcias de Ribeir\u00e3o Preto-SP e Regi\u00e3o&quot;","block_context":{"text":"Not\u00edcias de Ribeir\u00e3o Preto-SP e Regi\u00e3o","link":"https:\/\/noticiasribeiraopreto.com.br\/index.php\/category\/noticias-de-ribeirao-preto-sp-e-regiao-ismael-colosi\/"},"img":{"alt_text":"","src":"https:\/\/i0.wp.com\/noticiasribeiraopreto.com.br\/wp-content\/uploads\/2025\/08\/Copia-de-Copia-de-Copia-de-TAMANHO-EXATO-PARA-FOTOS-NO-SISTEMA-NOVO-2025-08-12T154103.663_2025-08-12_18-41-14.webp.webp?fit=1200%2C675&ssl=1&resize=350%2C200","width":350,"height":200,"srcset":"https:\/\/i0.wp.com\/noticiasribeiraopreto.com.br\/wp-content\/uploads\/2025\/08\/Copia-de-Copia-de-Copia-de-TAMANHO-EXATO-PARA-FOTOS-NO-SISTEMA-NOVO-2025-08-12T154103.663_2025-08-12_18-41-14.webp.webp?fit=1200%2C675&ssl=1&resize=350%2C200 1x, https:\/\/i0.wp.com\/noticiasribeiraopreto.com.br\/wp-content\/uploads\/2025\/08\/Copia-de-Copia-de-Copia-de-TAMANHO-EXATO-PARA-FOTOS-NO-SISTEMA-NOVO-2025-08-12T154103.663_2025-08-12_18-41-14.webp.webp?fit=1200%2C675&ssl=1&resize=525%2C300 1.5x, https:\/\/i0.wp.com\/noticiasribeiraopreto.com.br\/wp-content\/uploads\/2025\/08\/Copia-de-Copia-de-Copia-de-TAMANHO-EXATO-PARA-FOTOS-NO-SISTEMA-NOVO-2025-08-12T154103.663_2025-08-12_18-41-14.webp.webp?fit=1200%2C675&ssl=1&resize=700%2C400 2x, https:\/\/i0.wp.com\/noticiasribeiraopreto.com.br\/wp-content\/uploads\/2025\/08\/Copia-de-Copia-de-Copia-de-TAMANHO-EXATO-PARA-FOTOS-NO-SISTEMA-NOVO-2025-08-12T154103.663_2025-08-12_18-41-14.webp.webp?fit=1200%2C675&ssl=1&resize=1050%2C600 3x"},"classes":[]},{"id":71380,"url":"https:\/\/noticiasribeiraopreto.com.br\/index.php\/2025\/06\/05\/jorge-e-mateus-estao-confirmados-na-festa-do-peao-de-barretos\/","url_meta":{"origin":80956,"position":5},"title":"Jorge e Mateus est\u00e3o confirmados na Festa do Pe\u00e3o de Barretos","author":"noticiasribeiraopreto.com.br","date":"5 de June de 2025","format":false,"excerpt":"A dupla Jorge e Mateus foi confirmada nesta quinta-feira (5), na 70\u00aa edi\u00e7\u00e3o da Festa do pe\u00e3o de Barretos, que acontece entre os dias 21 e 31 de agosto. A apresenta\u00e7\u00e3o dos artistas est\u00e1 marcada para o dia 30 de agosto. Os cantores sobem ao palco principal com a turn\u00ea\u2026","rel":"","context":"In &quot;Not\u00edcias de Ribeir\u00e3o Preto-SP e Regi\u00e3o&quot;","block_context":{"text":"Not\u00edcias de Ribeir\u00e3o Preto-SP e Regi\u00e3o","link":"https:\/\/noticiasribeiraopreto.com.br\/index.php\/category\/noticias-de-ribeirao-preto-sp-e-regiao-ismael-colosi\/"},"img":{"alt_text":"","src":"https:\/\/i0.wp.com\/noticiasribeiraopreto.com.br\/wp-content\/uploads\/2025\/06\/WhatsApp-Image-2025-06-05-at-12.22.44_2025-06-05_15-45-13.webp.webp?fit=1200%2C801&ssl=1&resize=350%2C200","width":350,"height":200,"srcset":"https:\/\/i0.wp.com\/noticiasribeiraopreto.com.br\/wp-content\/uploads\/2025\/06\/WhatsApp-Image-2025-06-05-at-12.22.44_2025-06-05_15-45-13.webp.webp?fit=1200%2C801&ssl=1&resize=350%2C200 1x, https:\/\/i0.wp.com\/noticiasribeiraopreto.com.br\/wp-content\/uploads\/2025\/06\/WhatsApp-Image-2025-06-05-at-12.22.44_2025-06-05_15-45-13.webp.webp?fit=1200%2C801&ssl=1&resize=525%2C300 1.5x, https:\/\/i0.wp.com\/noticiasribeiraopreto.com.br\/wp-content\/uploads\/2025\/06\/WhatsApp-Image-2025-06-05-at-12.22.44_2025-06-05_15-45-13.webp.webp?fit=1200%2C801&ssl=1&resize=700%2C400 2x, https:\/\/i0.wp.com\/noticiasribeiraopreto.com.br\/wp-content\/uploads\/2025\/06\/WhatsApp-Image-2025-06-05-at-12.22.44_2025-06-05_15-45-13.webp.webp?fit=1200%2C801&ssl=1&resize=1050%2C600 3x"},"classes":[]}],"jetpack_sharing_enabled":true,"jetpack_shortlink":"https:\/\/wp.me\/peQAOb-l3K","_links":{"self":[{"href":"https:\/\/noticiasribeiraopreto.com.br\/index.php\/wp-json\/wp\/v2\/posts\/80956","targetHints":{"allow":["GET"]}}],"collection":[{"href":"https:\/\/noticiasribeiraopreto.com.br\/index.php\/wp-json\/wp\/v2\/posts"}],"about":[{"href":"https:\/\/noticiasribeiraopreto.com.br\/index.php\/wp-json\/wp\/v2\/types\/post"}],"author":[{"embeddable":true,"href":"https:\/\/noticiasribeiraopreto.com.br\/index.php\/wp-json\/wp\/v2\/users\/1"}],"replies":[{"embeddable":true,"href":"https:\/\/noticiasribeiraopreto.com.br\/index.php\/wp-json\/wp\/v2\/comments?post=80956"}],"version-history":[{"count":0,"href":"https:\/\/noticiasribeiraopreto.com.br\/index.php\/wp-json\/wp\/v2\/posts\/80956\/revisions"}],"wp:featuredmedia":[{"embeddable":true,"href":"https:\/\/noticiasribeiraopreto.com.br\/index.php\/wp-json\/wp\/v2\/media\/80957"}],"wp:attachment":[{"href":"https:\/\/noticiasribeiraopreto.com.br\/index.php\/wp-json\/wp\/v2\/media?parent=80956"}],"wp:term":[{"taxonomy":"category","embeddable":true,"href":"https:\/\/noticiasribeiraopreto.com.br\/index.php\/wp-json\/wp\/v2\/categories?post=80956"},{"taxonomy":"post_tag","embeddable":true,"href":"https:\/\/noticiasribeiraopreto.com.br\/index.php\/wp-json\/wp\/v2\/tags?post=80956"}],"curies":[{"name":"wp","href":"https:\/\/api.w.org\/{rel}","templated":true}]}}