{"id":80958,"date":"2025-12-19T06:37:43","date_gmt":"2025-12-19T09:37:43","guid":{"rendered":"https:\/\/noticiasribeiraopreto.com.br\/index.php\/2025\/12\/19\/quer-ser-musico-da-policia-militar-veja-como-participar-de-concurso-com-salario-de-r-98-mil\/"},"modified":"2025-12-19T06:37:43","modified_gmt":"2025-12-19T09:37:43","slug":"quer-ser-musico-da-policia-militar-veja-como-participar-de-concurso-com-salario-de-r-98-mil","status":"publish","type":"post","link":"https:\/\/noticiasribeiraopreto.com.br\/index.php\/2025\/12\/19\/quer-ser-musico-da-policia-militar-veja-como-participar-de-concurso-com-salario-de-r-98-mil\/","title":{"rendered":"Quer ser m\u00fasico da Pol\u00edcia\u00a0Militar? Veja como participar de concurso com sal\u00e1rio de R$ 9,8 mil"},"content":{"rendered":"<div class='code-block code-block-1' style='margin: 8px 0 8px auto; text-align: right; display: block; clear: both;'>\n<p><a href=\"https:\/\/wa.link\/vpicfd\"><img data-recalc-dims=\"1\" class=\"wp-image-4922\" style=\"aspect-ratio: 2.0253164556962027; width: 561px; height: auto;\" src=\"https:\/\/i0.wp.com\/ismaelcolosi.com.br\/wp-content\/uploads\/2023\/11\/grupo-de-empregos-whatsapp-e-facebook-ismael-colosi-vagas.jpg?ssl=1\" alt=\"\" \/><\/a><\/p>\n<!-- \/wp:image -->\n<\/div>\n<p> <br \/>\n<\/p>\n<div data-td-block-uid=\"tdi_95\">\n<div class=\"tdb-block-inner td-fix-index\">\n<p><strong>Um concurso da Pol\u00edcia\u00a0Militar\u00a0do Estado de S\u00e3o Paulo est\u00e1 com inscri\u00e7\u00f5es abertas para cinco vagas ao cargo de 2<s>\u00ba<\/s>\u00a0tenente m\u00fasico estagi\u00e1rio, com remunera\u00e7\u00e3o b\u00e1sica inicial de R$ 9.832,41.<\/strong><\/p>\n<p>As <strong>inscri\u00e7\u00f5es <\/strong>podem ser feitas <strong>on-line<\/strong> no <strong>site <\/strong>da <strong>Funda\u00e7\u00e3o Vunesp<\/strong> (clique <a href=\"https:\/\/www.vunesp.com.br\/PMES2503\" data-type=\"link\" data-id=\"https:\/\/www.vunesp.com.br\/PMES2503\" target=\"_blank\" rel=\"noopener\">aqui<\/a>) at\u00e9 <strong>12 de janeiro de 2026<\/strong>. A <strong>taxa <\/strong>\u00e9 de <strong>R$ 250<\/strong>.<\/p>\n<p>Os candidatos devem ter bacharelado em m\u00fasica e idades entre 17 anos e 35 anos, exceto para quem j\u00e1 est\u00e1 nos quadros da Pol\u00edcia\u00a0Militar.<\/p>\n<h2 class=\"wp-block-heading\"><strong>Provas<\/strong><\/h2>\n<p>A sele\u00e7\u00e3o ter\u00e1 exames de conhecimentos, prova pr\u00e1tica de habilidades, avalia\u00e7\u00e3o de conduta social, an\u00e1lise de documentos e exames de aptid\u00e3o f\u00edsica, de sa\u00fade e psicol\u00f3gico. Os exames de conhecimentos, que comp\u00f5em a primeira etapa de avalia\u00e7\u00e3o, ser\u00e3o realizados no dia 22 de fevereiro, em S\u00e3o Paulo.<\/p>\n<p>Entre as atribui\u00e7\u00f5es do cargo est\u00e3o a de conduzir ensaio a concertos e apresenta\u00e7\u00f5es, e coordenar a log\u00edstica para execu\u00e7\u00e3o dos concertos da Banda Sinf\u00f4nica da corpora\u00e7\u00e3o.<\/p>\n<p>Clique <a href=\"https:\/\/www.vunesp.com.br\/PMES2503\" data-type=\"link\" data-id=\"https:\/\/www.vunesp.com.br\/PMES2503\" target=\"_blank\" rel=\"noopener\">aqui <\/a>e acesse o edital completo.<\/p>\n<p>SAIBA MAIS<\/p>\n<p>Gasolina e diesel ficam mais caros em Ribeir\u00e3o Preto; Veja quando<\/p>\n<h2 class=\"wp-block-heading\"><strong>FIQUE ON<\/strong><\/h2>\n<p>Fique ligado em tudo que acontece em Ribeir\u00e3o Preto e regi\u00e3o. Siga os perfis do<strong>\u00a0acidade on<\/strong>\u00a0no\u00a0<a href=\"https:\/\/www.instagram.com\/acidadeonribeirao\" target=\"_blank\" rel=\"noreferrer noopener\">Instagram<\/a>\u00a0e no\u00a0<a href=\"https:\/\/www.facebook.com\/acidadeonribeirao\/\" target=\"_blank\" rel=\"noreferrer noopener\">Facebook<\/a>.<\/p>\n<p>Receba not\u00edcias do\u00a0<strong>acidade on\u00a0<\/strong>no WhatsApp. Para entrar no grupo,\u00a0basta\u00a0<a href=\"https:\/\/chat.whatsapp.com\/GFH9HUMUTHNFJdnyEd0xxq\" target=\"_blank\" rel=\"noreferrer noopener\">clicar aqui<\/a>. Ou, acesse o nosso\u00a0Canal\u00a0<a href=\"https:\/\/whatsapp.com\/channel\/0029Vb6IQl1JENyAeS57fk2p\" target=\"_blank\" rel=\"noreferrer noopener\">clicando aqui<\/a>.<\/p>\n<p>Fa\u00e7a uma den\u00fancia ou sugira uma reportagem sobre Ribeir\u00e3o Preto e regi\u00e3o pelo WhatsApp: 16 99117 7802.<\/p>\n<p>VEJA TAMB\u00c9M<\/p>\n<p>Pr\u00eamio eSports Brasil 2025 acontece nesta quinta-feira<\/p>\n<p><!-- AI CONTENT END 1 -->\n<\/div>\n<\/div>\n<p><script async src=\"\/\/www.instagram.com\/embed.js\"><\/script><br \/>\n<br \/><br \/>\n<br \/><a href=\"https:\/\/www.acidadeon.com\/ribeiraopreto\/cotidiano\/quer-ser-musico-da-policia-militar-veja-como-participar-de-concurso-com-salario-de-r-98-mil\/\">Source link <\/a><\/p>\n<!-- CONTENT END 1 -->\n","protected":false},"excerpt":{"rendered":"<p>Um concurso da Pol\u00edcia\u00a0Militar\u00a0do Estado de S\u00e3o Paulo est\u00e1 com inscri\u00e7\u00f5es abertas para cinco vagas ao cargo de 2\u00ba\u00a0tenente m\u00fasico estagi\u00e1rio, com remunera\u00e7\u00e3o b\u00e1sica inicial&#8230;<\/p>\n","protected":false},"author":1,"featured_media":80959,"comment_status":"open","ping_status":"open","sticky":false,"template":"","format":"standard","meta":{"advanced_seo_description":"","jetpack_seo_html_title":"","jetpack_seo_noindex":false,"jetpack_post_was_ever_published":false,"_jetpack_newsletter_access":"","_jetpack_dont_email_post_to_subs":false,"_jetpack_newsletter_tier_id":0,"_jetpack_memberships_contains_paywalled_content":false,"_jetpack_memberships_contains_paid_content":false,"footnotes":"","jetpack_publicize_message":"","jetpack_publicize_feature_enabled":true,"jetpack_social_post_already_shared":true,"jetpack_social_options":{"image_generator_settings":{"template":"highway","default_image_id":0,"font":"","enabled":false},"version":2}},"categories":[11],"tags":[],"class_list":["post-80958","post","type-post","status-publish","format-standard","has-post-thumbnail","hentry","category-noticias-de-ribeirao-preto-sp-e-regiao-ismael-colosi"],"jetpack_publicize_connections":[],"jetpack_featured_media_url":"https:\/\/i0.wp.com\/noticiasribeiraopreto.com.br\/wp-content\/uploads\/2025\/12\/PM_2025-12-18_17-49-10.webp.webp?fit=1200%2C955&ssl=1","jetpack-related-posts":[{"id":68799,"url":"https:\/\/noticiasribeiraopreto.com.br\/index.php\/2025\/04\/29\/jornal-da-franca-concurso-na-policia-militar-de-sp-inscricoes-para-alunos-oficiais-ja-estao-abertas\/","url_meta":{"origin":80958,"position":0},"title":"Jornal da Franca &#8211; Concurso na Pol\u00edcia Militar de SP: inscri\u00e7\u00f5es para alunos-oficiais j\u00e1 est\u00e3o abertas","author":"noticiasribeiraopreto.com.br","date":"29 de April de 2025","format":false,"excerpt":"compartilhar no whatsapp compartilhar no telegram compartilhar no facebook compartilhar no linkedin A prova objetiva est\u00e1 marcada para acontecer em 13 de julho, com 80 quest\u00f5es de m\u00faltipla escolha com cinco alternativas cada uma, As inscri\u00e7\u00f5es para as 165 vagas de alunos-oficiais da Pol\u00edcia Militar de S\u00e3o Paulo come\u00e7aram na\u2026","rel":"","context":"In &quot;Not\u00edcias de Franca-SP&quot;","block_context":{"text":"Not\u00edcias de Franca-SP","link":"https:\/\/noticiasribeiraopreto.com.br\/index.php\/category\/noticias-de-ribeirao-preto-sp-e-regiao-ismael-colosi\/noticias-franca-sp\/"},"img":{"alt_text":"","src":"https:\/\/i0.wp.com\/noticiasribeiraopreto.com.br\/wp-content\/uploads\/2025\/04\/Aluno-oficial-PM-Sao-Paulo.jpg?fit=1024%2C599&ssl=1&resize=350%2C200","width":350,"height":200,"srcset":"https:\/\/i0.wp.com\/noticiasribeiraopreto.com.br\/wp-content\/uploads\/2025\/04\/Aluno-oficial-PM-Sao-Paulo.jpg?fit=1024%2C599&ssl=1&resize=350%2C200 1x, https:\/\/i0.wp.com\/noticiasribeiraopreto.com.br\/wp-content\/uploads\/2025\/04\/Aluno-oficial-PM-Sao-Paulo.jpg?fit=1024%2C599&ssl=1&resize=525%2C300 1.5x, https:\/\/i0.wp.com\/noticiasribeiraopreto.com.br\/wp-content\/uploads\/2025\/04\/Aluno-oficial-PM-Sao-Paulo.jpg?fit=1024%2C599&ssl=1&resize=700%2C400 2x"},"classes":[]},{"id":68321,"url":"https:\/\/noticiasribeiraopreto.com.br\/index.php\/2025\/04\/24\/jornal-da-franca-governo-de-sao-paulo-publica-edital-de-concurso-publico-para-alunos-oficiais-da-pm\/","url_meta":{"origin":80958,"position":1},"title":"Jornal da Franca &#8211; Governo de S\u00e3o Paulo publica edital de concurso p\u00fablico para alunos-oficiais da PM","author":"noticiasribeiraopreto.com.br","date":"24 de April de 2025","format":false,"excerpt":"compartilhar no whatsapp compartilhar no telegram compartilhar no facebook compartilhar no linkedin A prova objetiva est\u00e1 marcada para acontecer em 13 de julho, com 80 quest\u00f5es de m\u00faltipla escolha com cinco alternativas cada uma O governo de S\u00e3o Paulo publicou no Di\u00e1rio Oficial do Estado (DOE) nesta quinta-feira (24) o\u2026","rel":"","context":"In &quot;Not\u00edcias de Franca-SP&quot;","block_context":{"text":"Not\u00edcias de Franca-SP","link":"https:\/\/noticiasribeiraopreto.com.br\/index.php\/category\/noticias-de-ribeirao-preto-sp-e-regiao-ismael-colosi\/noticias-franca-sp\/"},"img":{"alt_text":"","src":"https:\/\/i0.wp.com\/noticiasribeiraopreto.com.br\/wp-content\/uploads\/2025\/04\/00053783-1024x682-1.jpeg?fit=1024%2C682&ssl=1&resize=350%2C200","width":350,"height":200,"srcset":"https:\/\/i0.wp.com\/noticiasribeiraopreto.com.br\/wp-content\/uploads\/2025\/04\/00053783-1024x682-1.jpeg?fit=1024%2C682&ssl=1&resize=350%2C200 1x, https:\/\/i0.wp.com\/noticiasribeiraopreto.com.br\/wp-content\/uploads\/2025\/04\/00053783-1024x682-1.jpeg?fit=1024%2C682&ssl=1&resize=525%2C300 1.5x, https:\/\/i0.wp.com\/noticiasribeiraopreto.com.br\/wp-content\/uploads\/2025\/04\/00053783-1024x682-1.jpeg?fit=1024%2C682&ssl=1&resize=700%2C400 2x"},"classes":[]},{"id":19686,"url":"https:\/\/noticiasribeiraopreto.com.br\/index.php\/2023\/12\/22\/assinado-contrato-com-banca-e-edital-de-oficiais-ja-pode-sair\/","url_meta":{"origin":80958,"position":2},"title":"assinado contrato com banca e edital de oficiais j\u00e1 pode sair","author":"noticiasribeiraopreto.com.br","date":"22 de December de 2023","format":false,"excerpt":"O edital do novo concurso PME RJ (Pol\u00edcia Militar do Estado do Rio de Janeiro) para oficiais j\u00e1 pode sair. Acontece que foi publicado, no di\u00e1rio oficial desta sexta-feira, 22 de dezembro, o extrato de contrato com a banca organizadora, que ser\u00e1 a Funda\u00e7\u00e3o Get\u00falio Vargas (FGV). O nome da\u2026","rel":"","context":"In &quot;Vagas de Emprego em Ribeir\u00e3o Preto-SP&quot;","block_context":{"text":"Vagas de Emprego em Ribeir\u00e3o Preto-SP","link":"https:\/\/noticiasribeiraopreto.com.br\/index.php\/category\/empregos-classificados-vagas-trabalho\/vagas-de-empregos-em-ribeirao-preto-regiao-brasil\/"},"img":{"alt_text":"","src":"https:\/\/i0.wp.com\/noticiasribeiraopreto.com.br\/wp-content\/uploads\/2023\/12\/1703297676_pme_rj_novo.jpg?fit=1200%2C675&ssl=1&resize=350%2C200","width":350,"height":200,"srcset":"https:\/\/i0.wp.com\/noticiasribeiraopreto.com.br\/wp-content\/uploads\/2023\/12\/1703297676_pme_rj_novo.jpg?fit=1200%2C675&ssl=1&resize=350%2C200 1x, https:\/\/i0.wp.com\/noticiasribeiraopreto.com.br\/wp-content\/uploads\/2023\/12\/1703297676_pme_rj_novo.jpg?fit=1200%2C675&ssl=1&resize=525%2C300 1.5x, https:\/\/i0.wp.com\/noticiasribeiraopreto.com.br\/wp-content\/uploads\/2023\/12\/1703297676_pme_rj_novo.jpg?fit=1200%2C675&ssl=1&resize=700%2C400 2x, https:\/\/i0.wp.com\/noticiasribeiraopreto.com.br\/wp-content\/uploads\/2023\/12\/1703297676_pme_rj_novo.jpg?fit=1200%2C675&ssl=1&resize=1050%2C600 3x"},"classes":[]},{"id":68460,"url":"https:\/\/noticiasribeiraopreto.com.br\/index.php\/2025\/04\/25\/pm-abre-concurso-para-oficiais\/","url_meta":{"origin":80958,"position":3},"title":"PM abre concurso para oficiais\u00a0","author":"noticiasribeiraopreto.com.br","date":"25 de April de 2025","format":false,"excerpt":"25 de abril de 2025 14:3025 de abril de 2025 09:416 Compartilhar0 O governo de S\u00e3o Paulo publicou no Di\u00e1rio Oficial do Estado (DOE) desta quinta-feira, 24 de abril, edital do concurso p\u00fablico para 165 vagas de alunos-oficiais da Pol\u00edcia Militar. As inscri\u00e7\u00f5es come\u00e7am na pr\u00f3xima segunda-feira (28) exclusivamente por\u2026","rel":"","context":"In &quot;Not\u00edcias de Ribeir\u00e3o Preto-SP e Regi\u00e3o&quot;","block_context":{"text":"Not\u00edcias de Ribeir\u00e3o Preto-SP e Regi\u00e3o","link":"https:\/\/noticiasribeiraopreto.com.br\/index.php\/category\/noticias-de-ribeirao-preto-sp-e-regiao-ismael-colosi\/"},"img":{"alt_text":"","src":"https:\/\/i0.wp.com\/noticiasribeiraopreto.com.br\/wp-content\/uploads\/2025\/04\/PoliciaPM-Governo-de-Sao-Paulo-scaled.jpeg?fit=750%2C500&ssl=1&resize=350%2C200","width":350,"height":200,"srcset":"https:\/\/i0.wp.com\/noticiasribeiraopreto.com.br\/wp-content\/uploads\/2025\/04\/PoliciaPM-Governo-de-Sao-Paulo-scaled.jpeg?fit=750%2C500&ssl=1&resize=350%2C200 1x, https:\/\/i0.wp.com\/noticiasribeiraopreto.com.br\/wp-content\/uploads\/2025\/04\/PoliciaPM-Governo-de-Sao-Paulo-scaled.jpeg?fit=750%2C500&ssl=1&resize=525%2C300 1.5x, https:\/\/i0.wp.com\/noticiasribeiraopreto.com.br\/wp-content\/uploads\/2025\/04\/PoliciaPM-Governo-de-Sao-Paulo-scaled.jpeg?fit=750%2C500&ssl=1&resize=700%2C400 2x"},"classes":[]},{"id":16358,"url":"https:\/\/noticiasribeiraopreto.com.br\/index.php\/2023\/12\/15\/edital-para-oficiais-deve-ser-publicado-no-inicio-de-2024\/","url_meta":{"origin":80958,"position":4},"title":"edital para oficiais deve ser publicado no in\u00edcio de 2024","author":"noticiasribeiraopreto.com.br","date":"15 de December de 2023","format":false,"excerpt":"A publica\u00e7\u00e3o do edital do novo concurso PME RJ (Pol\u00edcia Militar do Estado do Rio de Janeiro) para oficiais deve ser publicado j\u00e1 no in\u00edcio de 2024. A confirma\u00e7\u00e3o \u00e9 do secret\u00e1rio da corpora\u00e7\u00e3o, coronel Lu\u00eds Henrique, em entrevista ao podcast \u201cFala guerreiro\u201d. \u201cA previs\u00e3o \u00e9 que a gente tenha\u2026","rel":"","context":"In &quot;Vagas de Emprego em Ribeir\u00e3o Preto-SP&quot;","block_context":{"text":"Vagas de Emprego em Ribeir\u00e3o Preto-SP","link":"https:\/\/noticiasribeiraopreto.com.br\/index.php\/category\/empregos-classificados-vagas-trabalho\/vagas-de-empregos-em-ribeirao-preto-regiao-brasil\/"},"img":{"alt_text":"","src":"https:\/\/i0.wp.com\/noticiasribeiraopreto.com.br\/wp-content\/uploads\/2023\/12\/pme_rj_novo.jpg?fit=1200%2C675&ssl=1&resize=350%2C200","width":350,"height":200,"srcset":"https:\/\/i0.wp.com\/noticiasribeiraopreto.com.br\/wp-content\/uploads\/2023\/12\/pme_rj_novo.jpg?fit=1200%2C675&ssl=1&resize=350%2C200 1x, https:\/\/i0.wp.com\/noticiasribeiraopreto.com.br\/wp-content\/uploads\/2023\/12\/pme_rj_novo.jpg?fit=1200%2C675&ssl=1&resize=525%2C300 1.5x, https:\/\/i0.wp.com\/noticiasribeiraopreto.com.br\/wp-content\/uploads\/2023\/12\/pme_rj_novo.jpg?fit=1200%2C675&ssl=1&resize=700%2C400 2x, https:\/\/i0.wp.com\/noticiasribeiraopreto.com.br\/wp-content\/uploads\/2023\/12\/pme_rj_novo.jpg?fit=1200%2C675&ssl=1&resize=1050%2C600 3x"},"classes":[]},{"id":53511,"url":"https:\/\/noticiasribeiraopreto.com.br\/index.php\/2024\/06\/20\/veja-como-se-inscrever-em-concurso-publico-da-policia-militar-do-estado-de-sp-com-200-vagas\/","url_meta":{"origin":80958,"position":5},"title":"Veja como se inscrever em concurso p\u00fablico da Pol\u00edcia Militar do Estado de SP com 200 vagas","author":"noticiasribeiraopreto.com.br","date":"20 de June de 2024","format":false,"excerpt":"As inscri\u00e7\u00f5es para o concurso p\u00fablico da Pol\u00edcia Militar do Estado de S\u00e3o Paulo est\u00e3o abertas at\u00e9 \u00e0s 23h59 do dia 11 de julho. Ao todo, s\u00e3o 200 vagas oferecidas para aluno-oficial com sal\u00e1rio de R$ 4.833,27. Os interessados podem se inscrever pelo site da Vunesp (clique aqui). A taxa\u2026","rel":"","context":"In &quot;Not\u00edcias de Ribeir\u00e3o Preto-SP e Regi\u00e3o&quot;","block_context":{"text":"Not\u00edcias de Ribeir\u00e3o Preto-SP e Regi\u00e3o","link":"https:\/\/noticiasribeiraopreto.com.br\/index.php\/category\/noticias-de-ribeirao-preto-sp-e-regiao-ismael-colosi\/"},"img":{"alt_text":"","src":"https:\/\/i0.wp.com\/noticiasribeiraopreto.com.br\/wp-content\/uploads\/2024\/06\/Copia-de-Copia-de-TAMANHO-EXATO-PARA-FOTOS-NO-SISTEMA-NOVO-3_2024-06-20_19-35-58_jpg_2024-06-20_19-35-58.webp.webp?fit=1200%2C675&ssl=1&resize=350%2C200","width":350,"height":200,"srcset":"https:\/\/i0.wp.com\/noticiasribeiraopreto.com.br\/wp-content\/uploads\/2024\/06\/Copia-de-Copia-de-TAMANHO-EXATO-PARA-FOTOS-NO-SISTEMA-NOVO-3_2024-06-20_19-35-58_jpg_2024-06-20_19-35-58.webp.webp?fit=1200%2C675&ssl=1&resize=350%2C200 1x, https:\/\/i0.wp.com\/noticiasribeiraopreto.com.br\/wp-content\/uploads\/2024\/06\/Copia-de-Copia-de-TAMANHO-EXATO-PARA-FOTOS-NO-SISTEMA-NOVO-3_2024-06-20_19-35-58_jpg_2024-06-20_19-35-58.webp.webp?fit=1200%2C675&ssl=1&resize=525%2C300 1.5x, https:\/\/i0.wp.com\/noticiasribeiraopreto.com.br\/wp-content\/uploads\/2024\/06\/Copia-de-Copia-de-TAMANHO-EXATO-PARA-FOTOS-NO-SISTEMA-NOVO-3_2024-06-20_19-35-58_jpg_2024-06-20_19-35-58.webp.webp?fit=1200%2C675&ssl=1&resize=700%2C400 2x, https:\/\/i0.wp.com\/noticiasribeiraopreto.com.br\/wp-content\/uploads\/2024\/06\/Copia-de-Copia-de-TAMANHO-EXATO-PARA-FOTOS-NO-SISTEMA-NOVO-3_2024-06-20_19-35-58_jpg_2024-06-20_19-35-58.webp.webp?fit=1200%2C675&ssl=1&resize=1050%2C600 3x"},"classes":[]}],"jetpack_sharing_enabled":true,"jetpack_shortlink":"https:\/\/wp.me\/peQAOb-l3M","_links":{"self":[{"href":"https:\/\/noticiasribeiraopreto.com.br\/index.php\/wp-json\/wp\/v2\/posts\/80958","targetHints":{"allow":["GET"]}}],"collection":[{"href":"https:\/\/noticiasribeiraopreto.com.br\/index.php\/wp-json\/wp\/v2\/posts"}],"about":[{"href":"https:\/\/noticiasribeiraopreto.com.br\/index.php\/wp-json\/wp\/v2\/types\/post"}],"author":[{"embeddable":true,"href":"https:\/\/noticiasribeiraopreto.com.br\/index.php\/wp-json\/wp\/v2\/users\/1"}],"replies":[{"embeddable":true,"href":"https:\/\/noticiasribeiraopreto.com.br\/index.php\/wp-json\/wp\/v2\/comments?post=80958"}],"version-history":[{"count":0,"href":"https:\/\/noticiasribeiraopreto.com.br\/index.php\/wp-json\/wp\/v2\/posts\/80958\/revisions"}],"wp:featuredmedia":[{"embeddable":true,"href":"https:\/\/noticiasribeiraopreto.com.br\/index.php\/wp-json\/wp\/v2\/media\/80959"}],"wp:attachment":[{"href":"https:\/\/noticiasribeiraopreto.com.br\/index.php\/wp-json\/wp\/v2\/media?parent=80958"}],"wp:term":[{"taxonomy":"category","embeddable":true,"href":"https:\/\/noticiasribeiraopreto.com.br\/index.php\/wp-json\/wp\/v2\/categories?post=80958"},{"taxonomy":"post_tag","embeddable":true,"href":"https:\/\/noticiasribeiraopreto.com.br\/index.php\/wp-json\/wp\/v2\/tags?post=80958"}],"curies":[{"name":"wp","href":"https:\/\/api.w.org\/{rel}","templated":true}]}}