{"id":80960,"date":"2025-12-19T06:44:59","date_gmt":"2025-12-19T09:44:59","guid":{"rendered":"https:\/\/noticiasribeiraopreto.com.br\/index.php\/2025\/12\/19\/shopping-de-campinas-tera-o-maior-evento-gamer-do-interior-do-brasil-com-disputas-de-e-sports-e-cultura-geek\/"},"modified":"2025-12-19T06:44:59","modified_gmt":"2025-12-19T09:44:59","slug":"shopping-de-campinas-tera-o-maior-evento-gamer-do-interior-do-brasil-com-disputas-de-e-sports-e-cultura-geek","status":"publish","type":"post","link":"https:\/\/noticiasribeiraopreto.com.br\/index.php\/2025\/12\/19\/shopping-de-campinas-tera-o-maior-evento-gamer-do-interior-do-brasil-com-disputas-de-e-sports-e-cultura-geek\/","title":{"rendered":"Shopping de Campinas ter\u00e1 o maior evento gamer do interior do Brasil com disputas de e-sports e cultura geek"},"content":{"rendered":"<div class='code-block code-block-1' style='margin: 8px 0 8px auto; text-align: right; display: block; clear: both;'>\n<p><a href=\"https:\/\/wa.link\/vpicfd\"><img data-recalc-dims=\"1\" class=\"wp-image-4922\" style=\"aspect-ratio: 2.0253164556962027; width: 561px; height: auto;\" src=\"https:\/\/i0.wp.com\/ismaelcolosi.com.br\/wp-content\/uploads\/2023\/11\/grupo-de-empregos-whatsapp-e-facebook-ismael-colosi-vagas.jpg?ssl=1\" alt=\"\" \/><\/a><\/p>\n<!-- \/wp:image -->\n<\/div>\n<p> <br \/>\n<\/p>\n<div>\n<p><strong>Campinas<\/strong> recebe, <mark style=\"background-color:#fcb900\" class=\"has-inline-color has-black-color\">entre os dias 15 e 18 de janeiro de 2026<\/mark>, o <strong>EP Games<\/strong>, maior evento gamer do interior do Brasil. A feira acontece no <strong>Shopping Iguatemi Campinas<\/strong>.<\/p>\n<p>O <strong>evento ser\u00e1 palco da semifinal e da final sul-americana do torneio Rematch<\/strong>, al\u00e9m de competi\u00e7\u00f5es de e-sports, encontros com equipes profissionais, campeonato de cosplay, palestras, \u00e1rea de gameplay com consoles atuais e cl\u00e1ssicos, jogos de tabuleiro, al\u00e9m de atra\u00e7\u00f5es voltadas \u00e0 cultura geek e tecnologia.<\/p>\n<figure class=\"wp-block-image size-large\"><img data-recalc-dims=\"1\" fetchpriority=\"high\" decoding=\"async\" width=\"1024\" height=\"576\" src=\"https:\/\/i0.wp.com\/cdn.media-acidadeon.com.br\/ribeiraopreto\/wp-content\/uploads\/sites\/3\/2025\/12\/iguatemi-campinas_2025-12-18_17-42-17-1024x576.webp?resize=1024%2C576&#038;ssl=1\" alt=\"iguatemi campinas 2025 12 18 17 42 17\" class=\"wp-image-139785\" title=\"Shopping de Campinas ter\u00e1 o maior evento gamer do interior do Brasil com disputas de e-sports e cultura geek 1\" srcset=\"https:\/\/cdn.media-acidadeon.com.br\/ribeiraopreto\/wp-content\/uploads\/sites\/3\/2025\/12\/iguatemi-campinas_2025-12-18_17-42-17-1024x576.webp 1024w, https:\/\/cdn.media-acidadeon.com.br\/ribeiraopreto\/wp-content\/uploads\/sites\/3\/2025\/12\/iguatemi-campinas_2025-12-18_17-42-17-300x169.webp 300w, https:\/\/cdn.media-acidadeon.com.br\/ribeiraopreto\/wp-content\/uploads\/sites\/3\/2025\/12\/iguatemi-campinas_2025-12-18_17-42-17-768x432.webp 768w, https:\/\/cdn.media-acidadeon.com.br\/ribeiraopreto\/wp-content\/uploads\/sites\/3\/2025\/12\/iguatemi-campinas_2025-12-18_17-42-17-696x392.webp 696w, https:\/\/cdn.media-acidadeon.com.br\/ribeiraopreto\/wp-content\/uploads\/sites\/3\/2025\/12\/iguatemi-campinas_2025-12-18_17-42-17-1068x601.webp 1068w, https:\/\/cdn.media-acidadeon.com.br\/ribeiraopreto\/wp-content\/uploads\/sites\/3\/2025\/12\/iguatemi-campinas_2025-12-18_17-42-17.webp 1200w\" sizes=\"(max-width: 1024px) 100vw, 1024px\"\/><figcaption class=\"wp-element-caption\">Shopping Iguatemi Campinas (Foto: Reprodu\u00e7\u00e3o)<br \/><\/figcaption><\/figure>\n<p>O evento \u00e9 uma iniciativa do <strong>Grupo EP<\/strong>, afiliada \u00e0 <strong>Globo<\/strong>, em parceria com a Black Duck e a Faro Ag\u00eancia. A Garena, publisher do jogo Free Fire, est\u00e1 confirmada no projeto.<\/p>\n<h2 class=\"wp-block-heading\"><strong>Ingressos \u00e0 venda<\/strong><\/h2>\n<p>Os ingressos j\u00e1 est\u00e3o \u00e0 venda e as inscri\u00e7\u00f5es podem ser feitas pelo site \u2013 <a href=\"https:\/\/www.ingresse.com\/ep-games\/\" data-type=\"link\" data-id=\"https:\/\/www.ingresse.com\/ep-games\/\" target=\"_blank\" rel=\"noopener\">acesse aqui<\/a>. Do total arrecadado com a bilheteria, 10% ser\u00e3o destinados a jovens de escolas p\u00fablicas, como forma de incentivo \u00e0 inclus\u00e3o social.<\/p>\n<h2 class=\"wp-block-heading\"><strong>O que esperar do EP Games?<\/strong><\/h2>\n<p>Com foco nos p\u00fablicos gamer e de neg\u00f3cios do setor, o evento contar\u00e1 com torneios de e-sports, campeonato de cosplay aberto ao p\u00fablico, sess\u00f5es de meet &amp; greet com influenciadores e equipes profissionais, al\u00e9m de uma \u00e1rea de gameplay com consoles atuais e cl\u00e1ssicos.<\/p>\n<p>A programa\u00e7\u00e3o inclui ainda espa\u00e7os dedicados a jogos de cartas e tabuleiro, palestras com 15 profissionais que ir\u00e3o abordar temas como carreira, educa\u00e7\u00e3o, diversidade e produ\u00e7\u00e3o de games, al\u00e9m de shows, apresenta\u00e7\u00f5es de DJs e premia\u00e7\u00f5es.<\/p>\n<p>Entre as equipes profissionais confirmadas est\u00e3o:<\/p>\n<ul class=\"wp-block-list\">\n<li><strong>W7M Esports<\/strong>, campe\u00e3 brasileira de Valorant 2025<\/li>\n<\/ul>\n<ul class=\"wp-block-list\">\n<li><strong>Stellae Gaming<\/strong>, tetracampe\u00e3 mundial<\/li>\n<\/ul>\n<ul class=\"wp-block-list\">\n<li><strong>MIBR<\/strong>, refer\u00eancia h\u00e1 mais de duas d\u00e9cadas no cen\u00e1rio gamer<\/li>\n<\/ul>\n<ul class=\"wp-block-list\">\n<li><strong>Team Liquid<\/strong>, uma das organiza\u00e7\u00f5es mais vitoriosas da hist\u00f3ria dos e-sports<\/li>\n<\/ul>\n<p>O MIBR tamb\u00e9m participar\u00e1 de pain\u00e9is com a<strong> CEO Roberta Coelho<\/strong> e da atra\u00e7\u00e3o MIBR Rap Club, que une m\u00fasica e cultura gamer em batalhas de rima ao vivo.<\/p>\n<blockquote class=\"wp-block-quote is-layout-flow wp-block-quote-is-layout-flow\">\n<p>\u201cO EP Games chega para democratizar o acesso ao universo gamer, trazendo para Campinas uma experi\u00eancia in\u00e9dita e imersiva que normalmente s\u00f3 acontece nas capitais. Investir em games \u00e9 investir em um p\u00fablico conectado e altamente engajado, al\u00e9m de fortalecer um setor que movimenta inova\u00e7\u00e3o, neg\u00f3cios e oportunidades de carreira\u201d, conta Caio Maciel, diretor de Marketing do Grupo EP e um dos organizadores da feira.<\/p>\n<\/blockquote>\n<p>A cobertura do <strong>EP Games<\/strong> ser\u00e1 feita pelo <strong>Grupo EP<\/strong>, com conte\u00fados na<strong> EPTV<\/strong>, <strong>Globo Esporte <\/strong>e nos portais <strong>g1<\/strong>, <strong>ge<\/strong> e <strong>acidade on<\/strong>, al\u00e9m das redes sociais. Segundo o grupo, o objetivo \u00e9 ampliar o acesso do p\u00fablico do interior paulista ao universo gamer, reunindo entretenimento, inova\u00e7\u00e3o e oportunidades de neg\u00f3cios em um \u00fanico evento.<\/p>\n<h2 class=\"wp-block-heading\"><strong>Servi\u00e7o<\/strong><\/h2>\n<p><strong>EP Games \u2013 Festival Geek e Gamer do Interior Paulista<br \/>Local:<\/strong> Shopping Iguatemi Campinas \u2013 Av. Iguatemi, 777, Vila Brandina, Campinas<br \/><strong>Data:<\/strong> 15 a 18 de janeiro de 2026<br \/><strong>Hor\u00e1rio:<\/strong> das 10h \u00e0s 22h<br \/><strong>Ingressos:<\/strong> <a href=\"https:\/\/www.ingresse.com\/ep-games\/\" data-type=\"link\" data-id=\"https:\/\/www.ingresse.com\/ep-games\/\" target=\"_blank\" rel=\"noopener\">dispon\u00edveis no site<\/a><br \/><strong>Acesso social:<\/strong> 10% da bilheteria ser\u00e1 destinada a jovens de escolas p\u00fablicas<\/p>\n<p>SAIBA MAIS<br \/>Inmet emite alerta amarelo para chuvas intensas em cidades do interior de SP; Veja quais<\/p>\n<h2 class=\"wp-block-heading\"><strong>FIQUE ON<\/strong><\/h2>\n<p>Fique ligado em tudo que acontece em Ribeir\u00e3o Preto e regi\u00e3o. Siga os perfis do\u00a0<strong>acidade on\u00a0<\/strong>no<a href=\"https:\/\/www.instagram.com\/acidadeonribeirao\" data-type=\"link\" data-id=\"https:\/\/www.instagram.com\/acidadeonribeirao\" target=\"_blank\" rel=\"noopener\">\u00a0Instagram<\/a>\u00a0e no\u00a0<a href=\"https:\/\/www.facebook.com\/acidadeonribeirao\/\" data-type=\"link\" data-id=\"https:\/\/www.facebook.com\/acidadeonribeirao\/\" target=\"_blank\" rel=\"noopener\">Facebook<\/a>.<\/p>\n<p>Receba not\u00edcias do\u00a0<strong>acidade on\u00a0<\/strong>no WhatsApp. Para entrar no grupo,\u00a0basta <a href=\"https:\/\/chat.whatsapp.com\/GFH9HUMUTHNFJdnyEd0xxq\" data-type=\"link\" data-id=\"https:\/\/chat.whatsapp.com\/GFH9HUMUTHNFJdnyEd0xxq\" target=\"_blank\" rel=\"noopener\">clicar aqui<\/a>. Ou, acesse o nosso\u00a0Canal <a href=\"https:\/\/whatsapp.com\/channel\/0029Vb6IQl1JENyAeS57fk2p\" data-type=\"link\" data-id=\"https:\/\/whatsapp.com\/channel\/0029Vb6IQl1JENyAeS57fk2p\" target=\"_blank\" rel=\"noopener\">clicando aqui<\/a>.<\/p>\n<p>Fa\u00e7a uma den\u00fancia ou sugira uma reportagem sobre Ribeir\u00e3o Preto e regi\u00e3o pelo WhatsApp: 16 99117 7802.<\/p>\n<p>VEJA TAMB\u00c9M<br \/>Dune: Awakening revela atualiza\u00e7\u00e3o gratuita do Cap\u00edtulo 3<\/p>\n<p><!-- AI CONTENT END 1 -->\n<\/div>\n<p><script async src=\"\/\/www.instagram.com\/embed.js\"><\/script><br \/>\n<br \/><br \/>\n<br \/><a href=\"https:\/\/www.acidadeon.com\/ribeiraopreto\/lazer-e-cultura\/shopping-de-campinas-tera-o-maior-evento-gamer-do-interior-do-brasil-com-disputas-de-e-sports-e-cultura-geek\/\">Source link <\/a><\/p>\n<!-- CONTENT END 1 -->\n","protected":false},"excerpt":{"rendered":"<p>Campinas recebe, entre os dias 15 e 18 de janeiro de 2026, o EP Games, maior evento gamer do interior do Brasil. A feira acontece&#8230;<\/p>\n","protected":false},"author":1,"featured_media":80961,"comment_status":"open","ping_status":"open","sticky":false,"template":"","format":"standard","meta":{"advanced_seo_description":"","jetpack_seo_html_title":"","jetpack_seo_noindex":false,"jetpack_post_was_ever_published":false,"_jetpack_newsletter_access":"","_jetpack_dont_email_post_to_subs":false,"_jetpack_newsletter_tier_id":0,"_jetpack_memberships_contains_paywalled_content":false,"_jetpack_memberships_contains_paid_content":false,"footnotes":"","jetpack_publicize_message":"","jetpack_publicize_feature_enabled":true,"jetpack_social_post_already_shared":true,"jetpack_social_options":{"image_generator_settings":{"template":"highway","default_image_id":0,"font":"","enabled":false},"version":2}},"categories":[11],"tags":[],"class_list":["post-80960","post","type-post","status-publish","format-standard","has-post-thumbnail","hentry","category-noticias-de-ribeirao-preto-sp-e-regiao-ismael-colosi"],"jetpack_publicize_connections":[],"jetpack_featured_media_url":"https:\/\/i0.wp.com\/noticiasribeiraopreto.com.br\/wp-content\/uploads\/2025\/12\/ep-games.webp.webp?fit=940%2C535&ssl=1","jetpack-related-posts":[{"id":68038,"url":"https:\/\/noticiasribeiraopreto.com.br\/index.php\/2025\/04\/21\/jaguariuna-e-regiao-roteiro-entre-historia-natureza-e-diversao\/","url_meta":{"origin":80960,"position":0},"title":"Jaguari\u00fana e regi\u00e3o: roteiro entre hist\u00f3ria, natureza e divers\u00e3o\u00a0","author":"noticiasribeiraopreto.com.br","date":"21 de April de 2025","format":false,"excerpt":"Localizada no interior do estado de S\u00e3o Paulo, Jaguari\u00fana \u00e9 um destino encantador que combina hist\u00f3ria, cultura, lazer e belezas naturais. Parte do famoso Circuito das \u00c1guas Paulistas, a cidade \u00e9 conhecida por sua tradi\u00e7\u00e3o ferrovi\u00e1ria, suas festas e pela proximidade com outros destinos tur\u00edsticos incr\u00edveis, como Holambra, Pedreira e\u2026","rel":"","context":"In &quot;Not\u00edcias de Ribeir\u00e3o Preto-SP e Regi\u00e3o&quot;","block_context":{"text":"Not\u00edcias de Ribeir\u00e3o Preto-SP e Regi\u00e3o","link":"https:\/\/noticiasribeiraopreto.com.br\/index.php\/category\/noticias-de-ribeirao-preto-sp-e-regiao-ismael-colosi\/"},"img":{"alt_text":"","src":"https:\/\/i0.wp.com\/noticiasribeiraopreto.com.br\/wp-content\/uploads\/2025\/04\/2-jaguariuna-scaled.jpg?fit=1200%2C782&ssl=1&resize=350%2C200","width":350,"height":200,"srcset":"https:\/\/i0.wp.com\/noticiasribeiraopreto.com.br\/wp-content\/uploads\/2025\/04\/2-jaguariuna-scaled.jpg?fit=1200%2C782&ssl=1&resize=350%2C200 1x, https:\/\/i0.wp.com\/noticiasribeiraopreto.com.br\/wp-content\/uploads\/2025\/04\/2-jaguariuna-scaled.jpg?fit=1200%2C782&ssl=1&resize=525%2C300 1.5x, https:\/\/i0.wp.com\/noticiasribeiraopreto.com.br\/wp-content\/uploads\/2025\/04\/2-jaguariuna-scaled.jpg?fit=1200%2C782&ssl=1&resize=700%2C400 2x, https:\/\/i0.wp.com\/noticiasribeiraopreto.com.br\/wp-content\/uploads\/2025\/04\/2-jaguariuna-scaled.jpg?fit=1200%2C782&ssl=1&resize=1050%2C600 3x"},"classes":[]},{"id":5288,"url":"https:\/\/noticiasribeiraopreto.com.br\/index.php\/2023\/11\/23\/outback-e-o-restaurante-oficial-da-10a-edicao-da-ccxp23-e-antecipa-cardapio-exclusivo-para-todo-brasil\/","url_meta":{"origin":80960,"position":1},"title":"Outback \u00e9 o restaurante oficial da 10\u00aa edi\u00e7\u00e3o da CCXP23 e antecipa card\u00e1pio exclusivo para todo Brasil","author":"noticiasribeiraopreto.com.br","date":"23 de November de 2023","format":false,"excerpt":"Pensou em Outback, pensou em momentos especiais de comemora\u00e7\u00e3o. E nada mais ic\u00f4nico do que celebrar os 10 anos de CCXP com o Bold Flavour que s\u00f3 a marca tem! Pela 4\u00aa edi\u00e7\u00e3o consecutiva, o Outback Steakhouse \u00e9 o restaurante oficial da CCXP e, desta vez, com uma novidade: os\u2026","rel":"","context":"In &quot;Variedades&quot;","block_context":{"text":"Variedades","link":"https:\/\/noticiasribeiraopreto.com.br\/index.php\/category\/variedades\/"},"img":{"alt_text":"","src":"https:\/\/i0.wp.com\/noticiasribeiraopreto.com.br\/wp-content\/uploads\/2023\/11\/d65360a5-439c-4875-a101-35dcc7606451.jpg?fit=1200%2C638&ssl=1&resize=350%2C200","width":350,"height":200,"srcset":"https:\/\/i0.wp.com\/noticiasribeiraopreto.com.br\/wp-content\/uploads\/2023\/11\/d65360a5-439c-4875-a101-35dcc7606451.jpg?fit=1200%2C638&ssl=1&resize=350%2C200 1x, https:\/\/i0.wp.com\/noticiasribeiraopreto.com.br\/wp-content\/uploads\/2023\/11\/d65360a5-439c-4875-a101-35dcc7606451.jpg?fit=1200%2C638&ssl=1&resize=525%2C300 1.5x, https:\/\/i0.wp.com\/noticiasribeiraopreto.com.br\/wp-content\/uploads\/2023\/11\/d65360a5-439c-4875-a101-35dcc7606451.jpg?fit=1200%2C638&ssl=1&resize=700%2C400 2x, https:\/\/i0.wp.com\/noticiasribeiraopreto.com.br\/wp-content\/uploads\/2023\/11\/d65360a5-439c-4875-a101-35dcc7606451.jpg?fit=1200%2C638&ssl=1&resize=1050%2C600 3x"},"classes":[]},{"id":68380,"url":"https:\/\/noticiasribeiraopreto.com.br\/index.php\/2025\/04\/24\/jornal-da-franca-feira-artitudo-leva-cultura-e-sabores-do-mundo-ao-franca-shopping\/","url_meta":{"origin":80960,"position":2},"title":"Jornal da Franca &#8211; Feira Artitudo leva cultura e sabores do mundo ao Franca Shopping","author":"noticiasribeiraopreto.com.br","date":"24 de April de 2025","format":false,"excerpt":"compartilhar no whatsapp compartilhar no telegram compartilhar no facebook compartilhar no linkedin Evento re\u00fane produtos t\u00edpicos de pa\u00edses como \u00cdndia, Jap\u00e3o e China, al\u00e9m de del\u00edcias regionais do Brasil em estandes Feira Artitudo segue no Franca Shopping at\u00e9 o dia 22 de maio \u00a0 Para quem aprecia conhecer novas culturas\u2026","rel":"","context":"In &quot;Not\u00edcias de Franca-SP&quot;","block_context":{"text":"Not\u00edcias de Franca-SP","link":"https:\/\/noticiasribeiraopreto.com.br\/index.php\/category\/noticias-de-ribeirao-preto-sp-e-regiao-ismael-colosi\/noticias-franca-sp\/"},"img":{"alt_text":"","src":"https:\/\/i0.wp.com\/noticiasribeiraopreto.com.br\/wp-content\/uploads\/2025\/04\/1745539822_Franca_Shopping_Franca_Mais_Moda.jpeg?fit=1200%2C801&ssl=1&resize=350%2C200","width":350,"height":200,"srcset":"https:\/\/i0.wp.com\/noticiasribeiraopreto.com.br\/wp-content\/uploads\/2025\/04\/1745539822_Franca_Shopping_Franca_Mais_Moda.jpeg?fit=1200%2C801&ssl=1&resize=350%2C200 1x, https:\/\/i0.wp.com\/noticiasribeiraopreto.com.br\/wp-content\/uploads\/2025\/04\/1745539822_Franca_Shopping_Franca_Mais_Moda.jpeg?fit=1200%2C801&ssl=1&resize=525%2C300 1.5x, https:\/\/i0.wp.com\/noticiasribeiraopreto.com.br\/wp-content\/uploads\/2025\/04\/1745539822_Franca_Shopping_Franca_Mais_Moda.jpeg?fit=1200%2C801&ssl=1&resize=700%2C400 2x, https:\/\/i0.wp.com\/noticiasribeiraopreto.com.br\/wp-content\/uploads\/2025\/04\/1745539822_Franca_Shopping_Franca_Mais_Moda.jpeg?fit=1200%2C801&ssl=1&resize=1050%2C600 3x"},"classes":[]},{"id":80135,"url":"https:\/\/noticiasribeiraopreto.com.br\/index.php\/2025\/11\/15\/ribeirao-preto-recebe-festival-da-cultura-geek-confira-a-programacao\/","url_meta":{"origin":80960,"position":3},"title":"Ribeir\u00e3o Preto recebe festival da cultura geek; Confira a programa\u00e7\u00e3o","author":"noticiasribeiraopreto.com.br","date":"15 de November de 2025","format":false,"excerpt":"A Secretaria da Cultura e Turismo de Ribeir\u00e3o Preto realiza o 1\u00ba Festival Ribeir\u00e3o Cultura Geek. O evento dedicado \u00e0 cultura pop, geek e japonesa tem entrada gratuita e acontece no parque Maur\u00edlio Biagi neste s\u00e1bado (15), a partir das 17h, e no domingo (16), a partir das 10h. Al\u00e9m\u2026","rel":"","context":"In &quot;Not\u00edcias de Ribeir\u00e3o Preto-SP e Regi\u00e3o&quot;","block_context":{"text":"Not\u00edcias de Ribeir\u00e3o Preto-SP e Regi\u00e3o","link":"https:\/\/noticiasribeiraopreto.com.br\/index.php\/category\/noticias-de-ribeirao-preto-sp-e-regiao-ismael-colosi\/"},"img":{"alt_text":"","src":"https:\/\/i0.wp.com\/noticiasribeiraopreto.com.br\/wp-content\/uploads\/2025\/07\/parque-maurilio-biagi_2025-07-22_13-13-00.webp.webp?fit=1200%2C800&ssl=1&resize=350%2C200","width":350,"height":200,"srcset":"https:\/\/i0.wp.com\/noticiasribeiraopreto.com.br\/wp-content\/uploads\/2025\/07\/parque-maurilio-biagi_2025-07-22_13-13-00.webp.webp?fit=1200%2C800&ssl=1&resize=350%2C200 1x, https:\/\/i0.wp.com\/noticiasribeiraopreto.com.br\/wp-content\/uploads\/2025\/07\/parque-maurilio-biagi_2025-07-22_13-13-00.webp.webp?fit=1200%2C800&ssl=1&resize=525%2C300 1.5x, https:\/\/i0.wp.com\/noticiasribeiraopreto.com.br\/wp-content\/uploads\/2025\/07\/parque-maurilio-biagi_2025-07-22_13-13-00.webp.webp?fit=1200%2C800&ssl=1&resize=700%2C400 2x, https:\/\/i0.wp.com\/noticiasribeiraopreto.com.br\/wp-content\/uploads\/2025\/07\/parque-maurilio-biagi_2025-07-22_13-13-00.webp.webp?fit=1200%2C800&ssl=1&resize=1050%2C600 3x"},"classes":[]},{"id":83406,"url":"https:\/\/noticiasribeiraopreto.com.br\/index.php\/2026\/03\/17\/ribeirao-preto-recebe-nova-edicao-de-festival-geek-gratuito-neste-fim-de-semana\/","url_meta":{"origin":80960,"position":4},"title":"Ribeir\u00e3o Preto recebe nova edi\u00e7\u00e3o de festival geek gratuito neste fim de semana","author":"noticiasribeiraopreto.com.br","date":"17 de March de 2026","format":false,"excerpt":"O Parque Maur\u00edlio Biagi, em Ribeir\u00e3o Preto, recebe neste fim de semana a 2\u00aa edi\u00e7\u00e3o do Festival Geek, evento cultural tem\u00e1tico voltado ao universo geek e \u00e0 cultura pop. Com entrada gratuita, a programa\u00e7\u00e3o acontece no s\u00e1bado (21), das 18h \u00e0s 22h, e no domingo (22), das 15h \u00e0s 22h.\u2026","rel":"","context":"In &quot;Not\u00edcias de Ribeir\u00e3o Preto-SP e Regi\u00e3o&quot;","block_context":{"text":"Not\u00edcias de Ribeir\u00e3o Preto-SP e Regi\u00e3o","link":"https:\/\/noticiasribeiraopreto.com.br\/index.php\/category\/noticias-de-ribeirao-preto-sp-e-regiao-ismael-colosi\/"},"img":{"alt_text":"","src":"https:\/\/i0.wp.com\/noticiasribeiraopreto.com.br\/wp-content\/uploads\/2026\/03\/festival_geek_2025_17_2_2026-03-17_19-37-52.webp.webp?fit=1200%2C799&ssl=1&resize=350%2C200","width":350,"height":200,"srcset":"https:\/\/i0.wp.com\/noticiasribeiraopreto.com.br\/wp-content\/uploads\/2026\/03\/festival_geek_2025_17_2_2026-03-17_19-37-52.webp.webp?fit=1200%2C799&ssl=1&resize=350%2C200 1x, https:\/\/i0.wp.com\/noticiasribeiraopreto.com.br\/wp-content\/uploads\/2026\/03\/festival_geek_2025_17_2_2026-03-17_19-37-52.webp.webp?fit=1200%2C799&ssl=1&resize=525%2C300 1.5x, https:\/\/i0.wp.com\/noticiasribeiraopreto.com.br\/wp-content\/uploads\/2026\/03\/festival_geek_2025_17_2_2026-03-17_19-37-52.webp.webp?fit=1200%2C799&ssl=1&resize=700%2C400 2x, https:\/\/i0.wp.com\/noticiasribeiraopreto.com.br\/wp-content\/uploads\/2026\/03\/festival_geek_2025_17_2_2026-03-17_19-37-52.webp.webp?fit=1200%2C799&ssl=1&resize=1050%2C600 3x"},"classes":[]},{"id":75802,"url":"https:\/\/noticiasribeiraopreto.com.br\/index.php\/2025\/08\/15\/eptv-produz-edicao-especial-do-globo-reporter-em-homenagem-aos-70-anos-da-festa-do-peao-de-barretos\/","url_meta":{"origin":80960,"position":5},"title":"EPTV produz edi\u00e7\u00e3o especial do Globo Rep\u00f3rter em homenagem aos 70 anos da Festa do Pe\u00e3o de Barretos","author":"noticiasribeiraopreto.com.br","date":"15 de August de 2025","format":false,"excerpt":"A Festa do Pe\u00e3o de Barretos, maior rodeio da Am\u00e9rica Latina, completa 70 anos de hist\u00f3ria neste ano e acontece entre os dias 21 e 31 de agosto, em Barretos, cidade a 120 quil\u00f4metros de Ribeir\u00e3o Preto. Para marcar a data, a EPTV, afiliada da Rede Globo no interior de\u2026","rel":"","context":"In &quot;Not\u00edcias de Ribeir\u00e3o Preto-SP e Regi\u00e3o&quot;","block_context":{"text":"Not\u00edcias de Ribeir\u00e3o Preto-SP e Regi\u00e3o","link":"https:\/\/noticiasribeiraopreto.com.br\/index.php\/category\/noticias-de-ribeirao-preto-sp-e-regiao-ismael-colosi\/"},"img":{"alt_text":"","src":"https:\/\/i0.wp.com\/noticiasribeiraopreto.com.br\/wp-content\/uploads\/2025\/08\/172312398066b4c90cb1cc8_2024-08-14_20-51-59_jpg_2024-08-14_20-51-59.webp.webp?fit=800%2C533&ssl=1&resize=350%2C200","width":350,"height":200,"srcset":"https:\/\/i0.wp.com\/noticiasribeiraopreto.com.br\/wp-content\/uploads\/2025\/08\/172312398066b4c90cb1cc8_2024-08-14_20-51-59_jpg_2024-08-14_20-51-59.webp.webp?fit=800%2C533&ssl=1&resize=350%2C200 1x, https:\/\/i0.wp.com\/noticiasribeiraopreto.com.br\/wp-content\/uploads\/2025\/08\/172312398066b4c90cb1cc8_2024-08-14_20-51-59_jpg_2024-08-14_20-51-59.webp.webp?fit=800%2C533&ssl=1&resize=525%2C300 1.5x, https:\/\/i0.wp.com\/noticiasribeiraopreto.com.br\/wp-content\/uploads\/2025\/08\/172312398066b4c90cb1cc8_2024-08-14_20-51-59_jpg_2024-08-14_20-51-59.webp.webp?fit=800%2C533&ssl=1&resize=700%2C400 2x"},"classes":[]}],"jetpack_sharing_enabled":true,"jetpack_shortlink":"https:\/\/wp.me\/peQAOb-l3O","_links":{"self":[{"href":"https:\/\/noticiasribeiraopreto.com.br\/index.php\/wp-json\/wp\/v2\/posts\/80960","targetHints":{"allow":["GET"]}}],"collection":[{"href":"https:\/\/noticiasribeiraopreto.com.br\/index.php\/wp-json\/wp\/v2\/posts"}],"about":[{"href":"https:\/\/noticiasribeiraopreto.com.br\/index.php\/wp-json\/wp\/v2\/types\/post"}],"author":[{"embeddable":true,"href":"https:\/\/noticiasribeiraopreto.com.br\/index.php\/wp-json\/wp\/v2\/users\/1"}],"replies":[{"embeddable":true,"href":"https:\/\/noticiasribeiraopreto.com.br\/index.php\/wp-json\/wp\/v2\/comments?post=80960"}],"version-history":[{"count":0,"href":"https:\/\/noticiasribeiraopreto.com.br\/index.php\/wp-json\/wp\/v2\/posts\/80960\/revisions"}],"wp:featuredmedia":[{"embeddable":true,"href":"https:\/\/noticiasribeiraopreto.com.br\/index.php\/wp-json\/wp\/v2\/media\/80961"}],"wp:attachment":[{"href":"https:\/\/noticiasribeiraopreto.com.br\/index.php\/wp-json\/wp\/v2\/media?parent=80960"}],"wp:term":[{"taxonomy":"category","embeddable":true,"href":"https:\/\/noticiasribeiraopreto.com.br\/index.php\/wp-json\/wp\/v2\/categories?post=80960"},{"taxonomy":"post_tag","embeddable":true,"href":"https:\/\/noticiasribeiraopreto.com.br\/index.php\/wp-json\/wp\/v2\/tags?post=80960"}],"curies":[{"name":"wp","href":"https:\/\/api.w.org\/{rel}","templated":true}]}}