{"id":80962,"date":"2025-12-19T06:51:24","date_gmt":"2025-12-19T09:51:24","guid":{"rendered":"https:\/\/noticiasribeiraopreto.com.br\/index.php\/2025\/12\/19\/alesp-aprova-isencao-de-ipva-para-motos-de-ate-180-cilindradas-saiba-quando-a-regra-entra-em-vigor\/"},"modified":"2025-12-19T06:51:24","modified_gmt":"2025-12-19T09:51:24","slug":"alesp-aprova-isencao-de-ipva-para-motos-de-ate-180-cilindradas-saiba-quando-a-regra-entra-em-vigor","status":"publish","type":"post","link":"https:\/\/noticiasribeiraopreto.com.br\/index.php\/2025\/12\/19\/alesp-aprova-isencao-de-ipva-para-motos-de-ate-180-cilindradas-saiba-quando-a-regra-entra-em-vigor\/","title":{"rendered":"Alesp aprova isen\u00e7\u00e3o de IPVA para motos de at\u00e9 180 cilindradas; Saiba quando a regra entra em vigor"},"content":{"rendered":"<div class='code-block code-block-1' style='margin: 8px 0 8px auto; text-align: right; display: block; clear: both;'>\n<p><a href=\"https:\/\/wa.link\/vpicfd\"><img data-recalc-dims=\"1\" class=\"wp-image-4922\" style=\"aspect-ratio: 2.0253164556962027; width: 561px; height: auto;\" src=\"https:\/\/i0.wp.com\/ismaelcolosi.com.br\/wp-content\/uploads\/2023\/11\/grupo-de-empregos-whatsapp-e-facebook-ismael-colosi-vagas.jpg?ssl=1\" alt=\"\" \/><\/a><\/p>\n<!-- \/wp:image -->\n<\/div>\n<p> <br \/>\n<\/p>\n<div>\n<p>A <strong>Assembleia Legislativa de S\u00e3o Paulo (Alesp) <\/strong>aprovou na noite desta quarta-feira (17) um projeto de lei que <mark style=\"background-color:#fcb900\" class=\"has-inline-color\"><strong>isenta o pagamento de IPVA (Imposto sobre a Propriedade de Ve\u00edculos Automotores)<\/strong> de motocicletas, ciclomotores e motonetas de at\u00e9 <strong>180 cilindradas<\/strong>.<\/mark><\/p>\n<p>A isen\u00e7\u00e3o passa a valer em 2026 para ve\u00edculos em <strong>situa\u00e7\u00e3o regular de registro e licenciamento<\/strong> e \u00e9 v\u00e1lida para ve\u00edculos de <strong>propriedade de pessoa f\u00edsica<\/strong>.<\/p>\n<p>Segundo o <strong>Governo do Estado de S\u00e3o Paulo<\/strong>, autor da proposta, a medida busca <strong>reduzir os custos de quem utiliza a motocicleta como principal meio de transporte ou instrumento de trabalho<\/strong>, como entregadores e prestadores de servi\u00e7o.\u00a0\u00a0\u00a0\u00a0\u00a0\u00a0\u00a0\u00a0\u00a0\u00a0\u00a0\u00a0\u00a0\u00a0\u00a0<\/p>\n<figure class=\"wp-block-pullquote\">\n<blockquote>\n<p>A moto \u00e9, para muitos trabalhadores, uma ferramenta de sustento e de mobilidade. Com esse projeto, o Estado reconhece essa realidade e atua com responsabilidade social e fiscal<\/p>\n<p><cite>afirmou o governador Tarc\u00edsio de Freitas<\/cite><\/p><\/blockquote>\n<\/figure>\n<p>A medida deve beneficiar cerca de <strong>4,3 milh\u00f5es de motocicletas<\/strong>, o equivalente a cerca de 76% da frota paulista, atualmente estimada em 5,7 milh\u00f5es de ve\u00edculos.<\/p>\n<p>O projeto altera a <strong>Lei n\u00ba 13.296\/2008<\/strong>, que regulamenta o <strong>IPVA <\/strong>no Estado, e foi elaborado com base em proje\u00e7\u00f5es fiscais e na atualiza\u00e7\u00e3o da Tabela Fipe para 2026. <mark style=\"background-color:#fcb900\" class=\"has-inline-color\">Ap\u00f3s a aprova\u00e7\u00e3o pela Alesp, o texto segue para san\u00e7\u00e3o do governador Tarc\u00edsio de Freitas.<\/mark><\/p>\n<h2 class=\"wp-block-heading\"><strong>Cancelamento de d\u00e9bitos de PCDs<\/strong><\/h2>\n<p>O mesmo projeto aprovado tamb\u00e9m <strong>cancela os d\u00e9bitos de IPVA de 2021 <\/strong>de um ve\u00edculo de propriedade de pessoas com defici\u00eancia f\u00edsica, visual, mental severa ou profunda e autistas.<\/p>\n<p>A medida abrange aqueles que tiveram pedido administrativo de isen\u00e7\u00e3o deferido naquele ano, ainda que de forma prec\u00e1ria. Segundo o Governo, a medida reconhece a \u201cboa-f\u00e9 dos benefici\u00e1rios que, ap\u00f3s decis\u00f5es judiciais posteriores, ficaram sujeitos \u00e0 cobran\u00e7a\u201d.<\/p>\n<hr class=\"wp-block-separator has-alpha-channel-opacity\"\/>\n<p>SAIBA MAIS<\/p>\n<p>Persegui\u00e7\u00e3o termina com apreens\u00e3o de quase 200 quilos de maconha no interior de SP<\/p>\n<h2 class=\"wp-block-heading\"><strong>FIQUE ON<\/strong><\/h2>\n<p>Fique ligado em tudo que acontece em Ribeir\u00e3o Preto e regi\u00e3o. Siga os perfis do<strong>\u00a0acidade on<\/strong>\u00a0no\u00a0<a href=\"https:\/\/www.instagram.com\/acidadeonribeirao\" target=\"_blank\" rel=\"noreferrer noopener\">Instagram<\/a>\u00a0e no\u00a0<a href=\"https:\/\/www.facebook.com\/acidadeonribeirao\/\" target=\"_blank\" rel=\"noreferrer noopener\">Facebook<\/a>.<\/p>\n<p>Receba not\u00edcias do\u00a0<strong>acidade on\u00a0<\/strong>no WhatsApp. Para entrar no grupo,\u00a0basta\u00a0<a href=\"https:\/\/chat.whatsapp.com\/GFH9HUMUTHNFJdnyEd0xxq\" target=\"_blank\" rel=\"noreferrer noopener\">clicar aqui<\/a>. Ou, acesse o nosso\u00a0Canal\u00a0<a href=\"https:\/\/whatsapp.com\/channel\/0029Vb6IQl1JENyAeS57fk2p\" target=\"_blank\" rel=\"noreferrer noopener\">clicando aqui<\/a>.<\/p>\n<p>Fa\u00e7a uma den\u00fancia ou sugira uma reportagem sobre Ribeir\u00e3o Preto e regi\u00e3o pelo WhatsApp: 16 99117 7802.<\/p>\n<p>VEJA TAMB\u00c9M<\/p>\n<p>Pr\u00eamio eSports Brasil 2025 acontece nesta quinta-feira<\/p>\n<p><!-- AI CONTENT END 1 -->\n<\/div>\n<p><script async src=\"\/\/www.instagram.com\/embed.js\"><\/script><br \/>\n<br \/><br \/>\n<br \/><a href=\"https:\/\/www.acidadeon.com\/ribeiraopreto\/politica\/alesp-aprova-isencao-de-ipva-para-motos-de-ate-180-cilindradas-saiba-quando-a-regra-entra-em-vigor\/\">Source link <\/a><\/p>\n<!-- CONTENT END 1 -->\n","protected":false},"excerpt":{"rendered":"<p>A Assembleia Legislativa de S\u00e3o Paulo (Alesp) aprovou na noite desta quarta-feira (17) um projeto de lei que isenta o pagamento de IPVA (Imposto sobre&#8230;<\/p>\n","protected":false},"author":1,"featured_media":80963,"comment_status":"open","ping_status":"open","sticky":false,"template":"","format":"standard","meta":{"advanced_seo_description":"","jetpack_seo_html_title":"","jetpack_seo_noindex":false,"jetpack_post_was_ever_published":false,"_jetpack_newsletter_access":"","_jetpack_dont_email_post_to_subs":false,"_jetpack_newsletter_tier_id":0,"_jetpack_memberships_contains_paywalled_content":false,"_jetpack_memberships_contains_paid_content":false,"footnotes":"","jetpack_publicize_message":"","jetpack_publicize_feature_enabled":true,"jetpack_social_post_already_shared":true,"jetpack_social_options":{"image_generator_settings":{"template":"highway","default_image_id":0,"font":"","enabled":false},"version":2}},"categories":[11],"tags":[],"class_list":["post-80962","post","type-post","status-publish","format-standard","has-post-thumbnail","hentry","category-noticias-de-ribeirao-preto-sp-e-regiao-ismael-colosi"],"jetpack_publicize_connections":[],"jetpack_featured_media_url":"https:\/\/i0.wp.com\/noticiasribeiraopreto.com.br\/wp-content\/uploads\/2025\/12\/Motocicletas-foto-paulo-pinto-agencia-brasil.webp.webp?fit=770%2C513&ssl=1","jetpack-related-posts":[{"id":81138,"url":"https:\/\/noticiasribeiraopreto.com.br\/index.php\/2025\/12\/25\/lei-que-isenta-ipva-de-motos-de-ate-180-cilindradas-e-sancionada-em-sp\/","url_meta":{"origin":80962,"position":0},"title":"Lei que isenta IPVA de motos de at\u00e9 180 cilindradas \u00e9 sancionada em SP","author":"noticiasribeiraopreto.com.br","date":"25 de December de 2025","format":false,"excerpt":"O governador de S\u00e3o Paulo, Tarc\u00edsio de Freitas (REP), sancionou na \u00faltima ter\u00e7a-feira (23) a lei que isenta motocicletas, ciclomotores e motonetas com at\u00e9 180 cilindradas do pagamento do IPVA (Imposto sobre a Propriedade de Ve\u00edculos Automotores ) \u2013 a medida \u00e9 v\u00e1lida apenas para pessoas f\u00edsicas. A isen\u00e7\u00e3o j\u00e1\u2026","rel":"","context":"In &quot;Not\u00edcias de Ribeir\u00e3o Preto-SP e Regi\u00e3o&quot;","block_context":{"text":"Not\u00edcias de Ribeir\u00e3o Preto-SP e Regi\u00e3o","link":"https:\/\/noticiasribeiraopreto.com.br\/index.php\/category\/noticias-de-ribeirao-preto-sp-e-regiao-ismael-colosi\/"},"img":{"alt_text":"","src":"https:\/\/i0.wp.com\/noticiasribeiraopreto.com.br\/wp-content\/uploads\/2025\/12\/Motocicletas-foto-paulo-pinto-agencia-brasil.webp.webp?fit=770%2C513&ssl=1&resize=350%2C200","width":350,"height":200,"srcset":"https:\/\/i0.wp.com\/noticiasribeiraopreto.com.br\/wp-content\/uploads\/2025\/12\/Motocicletas-foto-paulo-pinto-agencia-brasil.webp.webp?fit=770%2C513&ssl=1&resize=350%2C200 1x, https:\/\/i0.wp.com\/noticiasribeiraopreto.com.br\/wp-content\/uploads\/2025\/12\/Motocicletas-foto-paulo-pinto-agencia-brasil.webp.webp?fit=770%2C513&ssl=1&resize=525%2C300 1.5x, https:\/\/i0.wp.com\/noticiasribeiraopreto.com.br\/wp-content\/uploads\/2025\/12\/Motocicletas-foto-paulo-pinto-agencia-brasil.webp.webp?fit=770%2C513&ssl=1&resize=700%2C400 2x"},"classes":[]},{"id":80729,"url":"https:\/\/noticiasribeiraopreto.com.br\/index.php\/2025\/12\/12\/motos-de-ate-150cc-podem-ficar-isentas-do-ipva-entenda-o-motivo\/","url_meta":{"origin":80962,"position":1},"title":"Motos de at\u00e9 150cc podem ficar isentas do IPVA; entenda o motivo","author":"noticiasribeiraopreto.com.br","date":"12 de December de 2025","format":false,"excerpt":"O Governo de S\u00e3o Paulo encaminhou \u00e0 Alesp (Assembleia Legislativa de S\u00e3o Paulo), em regime de urg\u00eancia, o projeto de lei que isenta do pagamento de IPVA (Imposto sobre a Propriedade de Ve\u00edculos Automotores) de todas as motos, ciclomotores e motonetas de at\u00e9 150 cilindradas de propriedade de pessoas f\u00edsicas.\u2026","rel":"","context":"In &quot;Not\u00edcias de Ribeir\u00e3o Preto-SP e Regi\u00e3o&quot;","block_context":{"text":"Not\u00edcias de Ribeir\u00e3o Preto-SP e Regi\u00e3o","link":"https:\/\/noticiasribeiraopreto.com.br\/index.php\/category\/noticias-de-ribeirao-preto-sp-e-regiao-ismael-colosi\/"},"img":{"alt_text":"","src":"https:\/\/i0.wp.com\/noticiasribeiraopreto.com.br\/wp-content\/uploads\/2025\/12\/moto-150cc_2025-12-11_19-55-12.webp.webp?fit=1200%2C800&ssl=1&resize=350%2C200","width":350,"height":200,"srcset":"https:\/\/i0.wp.com\/noticiasribeiraopreto.com.br\/wp-content\/uploads\/2025\/12\/moto-150cc_2025-12-11_19-55-12.webp.webp?fit=1200%2C800&ssl=1&resize=350%2C200 1x, https:\/\/i0.wp.com\/noticiasribeiraopreto.com.br\/wp-content\/uploads\/2025\/12\/moto-150cc_2025-12-11_19-55-12.webp.webp?fit=1200%2C800&ssl=1&resize=525%2C300 1.5x, https:\/\/i0.wp.com\/noticiasribeiraopreto.com.br\/wp-content\/uploads\/2025\/12\/moto-150cc_2025-12-11_19-55-12.webp.webp?fit=1200%2C800&ssl=1&resize=700%2C400 2x, https:\/\/i0.wp.com\/noticiasribeiraopreto.com.br\/wp-content\/uploads\/2025\/12\/moto-150cc_2025-12-11_19-55-12.webp.webp?fit=1200%2C800&ssl=1&resize=1050%2C600 3x"},"classes":[]},{"id":61464,"url":"https:\/\/noticiasribeiraopreto.com.br\/index.php\/2024\/12\/13\/alesp-aprova-isencao-de-ipva-por-dois-anos-para-veiculos-hibridos-em-sao-paulo\/","url_meta":{"origin":80962,"position":2},"title":"Alesp Aprova Isen\u00e7\u00e3o de IPVA por Dois Anos para Ve\u00edculos H\u00edbridos em S\u00e3o Paulo","author":"noticiasribeiraopreto.com.br","date":"13 de December de 2024","format":false,"excerpt":"A Assembleia Legislativa de S\u00e3o Paulo (Alesp) aprovou, nesta quinta-feira (12), o projeto de lei que isenta os ve\u00edculos h\u00edbridos do pagamento do Imposto sobre a Propriedade de Ve\u00edculos Automotores (IPVA) por um per\u00edodo de dois anos. A iniciativa faz parte de um conjunto de medidas para promover a sustentabilidade\u2026","rel":"","context":"In &quot;Not\u00edcias de Ribeir\u00e3o Preto-SP e Regi\u00e3o&quot;","block_context":{"text":"Not\u00edcias de Ribeir\u00e3o Preto-SP e Regi\u00e3o","link":"https:\/\/noticiasribeiraopreto.com.br\/index.php\/category\/noticias-de-ribeirao-preto-sp-e-regiao-ismael-colosi\/"},"img":{"alt_text":"","src":"https:\/\/i0.wp.com\/noticiasribeiraopreto.com.br\/wp-content\/uploads\/2024\/12\/anfavea-carros-eletricos_mcamgo_abr_14062023-14.webp.webp?fit=1170%2C700&ssl=1&resize=350%2C200","width":350,"height":200,"srcset":"https:\/\/i0.wp.com\/noticiasribeiraopreto.com.br\/wp-content\/uploads\/2024\/12\/anfavea-carros-eletricos_mcamgo_abr_14062023-14.webp.webp?fit=1170%2C700&ssl=1&resize=350%2C200 1x, https:\/\/i0.wp.com\/noticiasribeiraopreto.com.br\/wp-content\/uploads\/2024\/12\/anfavea-carros-eletricos_mcamgo_abr_14062023-14.webp.webp?fit=1170%2C700&ssl=1&resize=525%2C300 1.5x, https:\/\/i0.wp.com\/noticiasribeiraopreto.com.br\/wp-content\/uploads\/2024\/12\/anfavea-carros-eletricos_mcamgo_abr_14062023-14.webp.webp?fit=1170%2C700&ssl=1&resize=700%2C400 2x, https:\/\/i0.wp.com\/noticiasribeiraopreto.com.br\/wp-content\/uploads\/2024\/12\/anfavea-carros-eletricos_mcamgo_abr_14062023-14.webp.webp?fit=1170%2C700&ssl=1&resize=1050%2C600 3x"},"classes":[]},{"id":61387,"url":"https:\/\/noticiasribeiraopreto.com.br\/index.php\/2024\/12\/11\/governo-de-sp-isenta-ipva-de-veiculos-nao-poluentes-entenda\/","url_meta":{"origin":80962,"position":3},"title":"Governo de SP isenta IPVA de ve\u00edculos n\u00e3o poluentes; entenda","author":"noticiasribeiraopreto.com.br","date":"11 de December de 2024","format":false,"excerpt":"A Assembleia Legislativa do Estado de S\u00e3o Paulo (Alesp) aprovou, na ter\u00e7a-feira (10), o projeto de lei que concede isen\u00e7\u00e3o do imposto sobre a Propriedade de Ve\u00edculos Automotores (IPVA) para ve\u00edculos n\u00e3o poluentes, ou seja, para carros movidos a hidrog\u00eanio e h\u00edbridos com motor el\u00e9trico e motor a combust\u00e3o flex\u2026","rel":"","context":"In &quot;Not\u00edcias de Ribeir\u00e3o Preto-SP e Regi\u00e3o&quot;","block_context":{"text":"Not\u00edcias de Ribeir\u00e3o Preto-SP e Regi\u00e3o","link":"https:\/\/noticiasribeiraopreto.com.br\/index.php\/category\/noticias-de-ribeirao-preto-sp-e-regiao-ismael-colosi\/"},"img":{"alt_text":"","src":"https:\/\/i0.wp.com\/noticiasribeiraopreto.com.br\/wp-content\/uploads\/2024\/04\/AnyConv.com__dpvat.webp.webp?fit=1112%2C651&ssl=1&resize=350%2C200","width":350,"height":200,"srcset":"https:\/\/i0.wp.com\/noticiasribeiraopreto.com.br\/wp-content\/uploads\/2024\/04\/AnyConv.com__dpvat.webp.webp?fit=1112%2C651&ssl=1&resize=350%2C200 1x, https:\/\/i0.wp.com\/noticiasribeiraopreto.com.br\/wp-content\/uploads\/2024\/04\/AnyConv.com__dpvat.webp.webp?fit=1112%2C651&ssl=1&resize=525%2C300 1.5x, https:\/\/i0.wp.com\/noticiasribeiraopreto.com.br\/wp-content\/uploads\/2024\/04\/AnyConv.com__dpvat.webp.webp?fit=1112%2C651&ssl=1&resize=700%2C400 2x, https:\/\/i0.wp.com\/noticiasribeiraopreto.com.br\/wp-content\/uploads\/2024\/04\/AnyConv.com__dpvat.webp.webp?fit=1112%2C651&ssl=1&resize=1050%2C600 3x"},"classes":[]},{"id":21120,"url":"https:\/\/noticiasribeiraopreto.com.br\/index.php\/2023\/12\/27\/ipva-2024-divulgada-lista-de-quem-tera-direito-a-isencao\/","url_meta":{"origin":80962,"position":4},"title":"IPVA 2024: Divulgada LISTA de quem ter\u00e1 direito \u00e0 ISEN\u00c7\u00c3O","author":"noticiasribeiraopreto.com.br","date":"27 de December de 2023","format":false,"excerpt":"O Imposto sobre a Propriedade de Ve\u00edculos Automotores (IPVA) \u00e9 um tributo que incide sobre a posse de ve\u00edculos, como carros, motos, caminh\u00f5es, \u00f4nibus e outros. O valor do IPVA varia de acordo com o estado, o tipo e o ano do ve\u00edculo, e \u00e9 pago anualmente pelos propriet\u00e1rios. No\u2026","rel":"","context":"In &quot;Vagas de Emprego em Ribeir\u00e3o Preto-SP&quot;","block_context":{"text":"Vagas de Emprego em Ribeir\u00e3o Preto-SP","link":"https:\/\/noticiasribeiraopreto.com.br\/index.php\/category\/empregos-classificados-vagas-trabalho\/vagas-de-empregos-em-ribeirao-preto-regiao-brasil\/"},"img":{"alt_text":"","src":"https:\/\/i0.wp.com\/noticiasribeiraopreto.com.br\/wp-content\/uploads\/2023\/12\/noticiasconcursos.com_.br-ipva-2024-divulgada-lista-de-quem-tera-direito-a-isencao-reproducao-canva-23.jpg?fit=1200%2C800&ssl=1&resize=350%2C200","width":350,"height":200,"srcset":"https:\/\/i0.wp.com\/noticiasribeiraopreto.com.br\/wp-content\/uploads\/2023\/12\/noticiasconcursos.com_.br-ipva-2024-divulgada-lista-de-quem-tera-direito-a-isencao-reproducao-canva-23.jpg?fit=1200%2C800&ssl=1&resize=350%2C200 1x, https:\/\/i0.wp.com\/noticiasribeiraopreto.com.br\/wp-content\/uploads\/2023\/12\/noticiasconcursos.com_.br-ipva-2024-divulgada-lista-de-quem-tera-direito-a-isencao-reproducao-canva-23.jpg?fit=1200%2C800&ssl=1&resize=525%2C300 1.5x, https:\/\/i0.wp.com\/noticiasribeiraopreto.com.br\/wp-content\/uploads\/2023\/12\/noticiasconcursos.com_.br-ipva-2024-divulgada-lista-de-quem-tera-direito-a-isencao-reproducao-canva-23.jpg?fit=1200%2C800&ssl=1&resize=700%2C400 2x, https:\/\/i0.wp.com\/noticiasribeiraopreto.com.br\/wp-content\/uploads\/2023\/12\/noticiasconcursos.com_.br-ipva-2024-divulgada-lista-de-quem-tera-direito-a-isencao-reproducao-canva-23.jpg?fit=1200%2C800&ssl=1&resize=1050%2C600 3x"},"classes":[]},{"id":61466,"url":"https:\/\/noticiasribeiraopreto.com.br\/index.php\/2024\/12\/13\/ipva-2025-governo-de-sao-paulo-divulga-regras-e-calendario-de-pagamento\/","url_meta":{"origin":80962,"position":5},"title":"IPVA 2025: Governo de S\u00e3o Paulo Divulga Regras e Calend\u00e1rio de Pagamento","author":"noticiasribeiraopreto.com.br","date":"13 de December de 2024","format":false,"excerpt":"O Governo do Estado de S\u00e3o Paulo publicou nesta sexta-feira (13) as regras e o calend\u00e1rio para o pagamento do Imposto sobre a Propriedade de Ve\u00edculos Automotores (IPVA) em 2025. Propriet\u00e1rios de ve\u00edculos registrados no estado j\u00e1 podem se planejar para quitar o tributo, que \u00e9 uma das principais fontes\u2026","rel":"","context":"In &quot;Not\u00edcias de Ribeir\u00e3o Preto-SP e Regi\u00e3o&quot;","block_context":{"text":"Not\u00edcias de Ribeir\u00e3o Preto-SP e Regi\u00e3o","link":"https:\/\/noticiasribeiraopreto.com.br\/index.php\/category\/noticias-de-ribeirao-preto-sp-e-regiao-ismael-colosi\/"},"img":{"alt_text":"","src":"https:\/\/i0.wp.com\/noticiasribeiraopreto.com.br\/wp-content\/uploads\/2024\/12\/rovros_abr_04122018-_9660.webp.webp?fit=1170%2C700&ssl=1&resize=350%2C200","width":350,"height":200,"srcset":"https:\/\/i0.wp.com\/noticiasribeiraopreto.com.br\/wp-content\/uploads\/2024\/12\/rovros_abr_04122018-_9660.webp.webp?fit=1170%2C700&ssl=1&resize=350%2C200 1x, https:\/\/i0.wp.com\/noticiasribeiraopreto.com.br\/wp-content\/uploads\/2024\/12\/rovros_abr_04122018-_9660.webp.webp?fit=1170%2C700&ssl=1&resize=525%2C300 1.5x, https:\/\/i0.wp.com\/noticiasribeiraopreto.com.br\/wp-content\/uploads\/2024\/12\/rovros_abr_04122018-_9660.webp.webp?fit=1170%2C700&ssl=1&resize=700%2C400 2x, https:\/\/i0.wp.com\/noticiasribeiraopreto.com.br\/wp-content\/uploads\/2024\/12\/rovros_abr_04122018-_9660.webp.webp?fit=1170%2C700&ssl=1&resize=1050%2C600 3x"},"classes":[]}],"jetpack_sharing_enabled":true,"jetpack_shortlink":"https:\/\/wp.me\/peQAOb-l3Q","_links":{"self":[{"href":"https:\/\/noticiasribeiraopreto.com.br\/index.php\/wp-json\/wp\/v2\/posts\/80962","targetHints":{"allow":["GET"]}}],"collection":[{"href":"https:\/\/noticiasribeiraopreto.com.br\/index.php\/wp-json\/wp\/v2\/posts"}],"about":[{"href":"https:\/\/noticiasribeiraopreto.com.br\/index.php\/wp-json\/wp\/v2\/types\/post"}],"author":[{"embeddable":true,"href":"https:\/\/noticiasribeiraopreto.com.br\/index.php\/wp-json\/wp\/v2\/users\/1"}],"replies":[{"embeddable":true,"href":"https:\/\/noticiasribeiraopreto.com.br\/index.php\/wp-json\/wp\/v2\/comments?post=80962"}],"version-history":[{"count":0,"href":"https:\/\/noticiasribeiraopreto.com.br\/index.php\/wp-json\/wp\/v2\/posts\/80962\/revisions"}],"wp:featuredmedia":[{"embeddable":true,"href":"https:\/\/noticiasribeiraopreto.com.br\/index.php\/wp-json\/wp\/v2\/media\/80963"}],"wp:attachment":[{"href":"https:\/\/noticiasribeiraopreto.com.br\/index.php\/wp-json\/wp\/v2\/media?parent=80962"}],"wp:term":[{"taxonomy":"category","embeddable":true,"href":"https:\/\/noticiasribeiraopreto.com.br\/index.php\/wp-json\/wp\/v2\/categories?post=80962"},{"taxonomy":"post_tag","embeddable":true,"href":"https:\/\/noticiasribeiraopreto.com.br\/index.php\/wp-json\/wp\/v2\/tags?post=80962"}],"curies":[{"name":"wp","href":"https:\/\/api.w.org\/{rel}","templated":true}]}}