{"id":80964,"date":"2025-12-19T08:33:41","date_gmt":"2025-12-19T11:33:41","guid":{"rendered":"https:\/\/noticiasribeiraopreto.com.br\/index.php\/2025\/12\/19\/via-leste-oeste-tera-217-km\/"},"modified":"2025-12-19T08:33:41","modified_gmt":"2025-12-19T11:33:41","slug":"via-leste-oeste-tera-217-km","status":"publish","type":"post","link":"https:\/\/noticiasribeiraopreto.com.br\/index.php\/2025\/12\/19\/via-leste-oeste-tera-217-km\/","title":{"rendered":"Via Leste-Oeste ter\u00e1 21,7 km"},"content":{"rendered":"<div class='code-block code-block-1' style='margin: 8px 0 8px auto; text-align: right; display: block; clear: both;'>\n<p><a href=\"https:\/\/wa.link\/vpicfd\"><img data-recalc-dims=\"1\" class=\"wp-image-4922\" style=\"aspect-ratio: 2.0253164556962027; width: 561px; height: auto;\" src=\"https:\/\/i0.wp.com\/ismaelcolosi.com.br\/wp-content\/uploads\/2023\/11\/grupo-de-empregos-whatsapp-e-facebook-ismael-colosi-vagas.jpg?ssl=1\" alt=\"\" \/><\/a><\/p>\n<!-- \/wp:image -->\n<\/div>\n<p> <br \/>\n<\/p>\n<div>\n<p><em>Prefeito Ricardo Silva assinou contrato de linha cr\u00e9dito que libera R$ 1,1 bilh\u00e3o para a Via Leste-Oeste; deputado Baleia Rossi (MDB) intermediou negocia\u00e7\u00e3o com presidente Lula<\/em><\/p>\n<p>Ribeir\u00e3o Preto d\u00e1 um passo hist\u00f3rico na transforma\u00e7\u00e3o da sua mobilidade urbana. O prefeito Ricardo Silva (PSD) assinou, na tarde desta quinta-feira, 18 de dezembro, em cerim\u00f4nia no Pal\u00e1cio do Planalto, em Bras\u00edlia, contrato com o governo federal que prev\u00ea a libera\u00e7\u00e3o de uma linha de cr\u00e9dito no valor de R$ 1,1 bilh\u00e3o para a implanta\u00e7\u00e3o da Via Leste-Oeste, o maior investimento em mobilidade urbana j\u00e1 realizado na hist\u00f3ria do munic\u00edpio, um dos compromissos de campanha do chefe do Executivo.<\/p>\n<figure id=\"attachment_449477\" aria-describedby=\"caption-attachment-449477\" style=\"width: 430px\" class=\"wp-caption alignleft\"><img data-recalc-dims=\"1\" loading=\"lazy\" decoding=\"async\" class=\"wp-image-449477 lazyload\" src=\"https:\/\/i0.wp.com\/www.tribunaribeirao.com.br\/wp-content\/uploads\/2025\/12\/NovoPAC-Tur-Divulgacao-Ministerio-das-Cidades-300x168.jpg?resize=430%2C241&#038;ssl=1\" alt=\"\" width=\"430\" height=\"241\" srcset=\"https:\/\/www.tribunaribeirao.com.br\/wp-content\/uploads\/2025\/12\/NovoPAC-Tur-Divulgacao-Ministerio-das-Cidades-300x168.jpg 300w, https:\/\/www.tribunaribeirao.com.br\/wp-content\/uploads\/2025\/12\/NovoPAC-Tur-Divulgacao-Ministerio-das-Cidades-1024x575.jpg 1024w, https:\/\/www.tribunaribeirao.com.br\/wp-content\/uploads\/2025\/12\/NovoPAC-Tur-Divulgacao-Ministerio-das-Cidades-768x431.jpg 768w, https:\/\/www.tribunaribeirao.com.br\/wp-content\/uploads\/2025\/12\/NovoPAC-Tur-Divulgacao-Ministerio-das-Cidades-960x539.jpg 960w, https:\/\/www.tribunaribeirao.com.br\/wp-content\/uploads\/2025\/12\/NovoPAC-Tur-Divulgacao-Ministerio-das-Cidades-712x400.jpg 712w, https:\/\/www.tribunaribeirao.com.br\/wp-content\/uploads\/2025\/12\/NovoPAC-Tur-Divulgacao-Ministerio-das-Cidades-585x328.jpg 585w, https:\/\/www.tribunaribeirao.com.br\/wp-content\/uploads\/2025\/12\/NovoPAC-Tur-Divulgacao-Ministerio-das-Cidades-scaled.jpg 1200w\" data-sizes=\"(max-width: 430px) 100vw, 430px\" style=\"--smush-placeholder-width: 430px; --smush-placeholder-aspect-ratio: 430\/241;\"\/><figcaption id=\"caption-attachment-449477\" class=\"wp-caption-text\">Divulga\u00e7\u00e3o\/Minist\u00e9rio das Cidades\u2028<br \/>Comitiva de Ribeir\u00e3o Preto com o presidente Lula e representantes do governo federal no Pal\u00e1cio do Planalto: maior investimento em mobilidade urbana<\/figcaption><\/figure>\n<p>Os recursos ser\u00e3o liberados por meio do Novo Programa de Acelera\u00e7\u00e3o do Crescimento (PAC) Avan\u00e7ar Cidades, vinculado ao Minist\u00e9rio das Cidades, e t\u00eam como objetivo interligar regi\u00f5es estrat\u00e9gicas da cidade, melhorar a fluidez do tr\u00e2nsito e impulsionar o desenvolvimento urbano de forma planejada e sustent\u00e1vel.<\/p>\n<p>A cerim\u00f4nia contou com a presen\u00e7a do presidente da Rep\u00fablica, Luiz In\u00e1cio Lula da Silva (PT); do prefeito Ricardo Silva; do ministro das Cidades, Jader Barbalho Filho;, do deputado federal Baleia Rossi (MDB); do estadual L\u00e9o Oliveira (MDB); das vereadoras Duda Hidalgo (PT) e Perla M\u00fcller (PT) e demais autoridades.<\/p>\n<p>A assinatura do contrato oficializa uma articula\u00e7\u00e3o institucional que viabiliza obras aguardadas h\u00e1 mais de 60 anos pela popula\u00e7\u00e3o de Ribeir\u00e3o Preto.\u2028\u2028\u201cA Via Leste-Oeste \u00e9 uma conquista que nasce do di\u00e1logo, da articula\u00e7\u00e3o e da responsabilidade com a cidade.<\/p>\n<p>Esse foi um compromisso que assumimos ainda na campanha e que sempre tratamos como prioridade absoluta. Aqui n\u00e3o se trata de bandeira partid\u00e1ria, mas de empenho, de trabalho s\u00e9rio e de ir atr\u00e1s daquilo que Ribeir\u00e3o Preto realmente precisa e almeja h\u00e1 d\u00e9cadas\u201d, diz Ricardo Silva.<\/p>\n<p>\u201cQuero registrar um agradecimento especial ao deputado federal Baleia Rossi, que \u00e9 um grande parceiro de Ribeir\u00e3o Preto e teve papel fundamental na articula\u00e7\u00e3o e na viabiliza\u00e7\u00e3o dessa conquista hist\u00f3rica. \u00c9 um investimento que olha para as pessoas, para o desenvolvimento da cidade e para o futuro de Ribeir\u00e3o\u201d, afirma, sem citar o presidente.<\/p>\n<p>\u201cEstamos fazendo hist\u00f3ria. Ap\u00f3s muitas d\u00e9cadas, vamos finalmente tirar do papel esse projeto que vai mudar a vida de mais de 345 mil pessoas nas regi\u00f5es Leste, Oeste e Norte. Melhorar a mobilidade, organizar o crescimento de Ribeir\u00e3o e prepar\u00e1-la para o futuro\u201d, diz Baleia Rossi.<\/p>\n<figure id=\"attachment_449478\" aria-describedby=\"caption-attachment-449478\" style=\"width: 386px\" class=\"wp-caption alignright\"><img data-recalc-dims=\"1\" loading=\"lazy\" decoding=\"async\" class=\"wp-image-449478 lazyload\" src=\"https:\/\/i0.wp.com\/www.tribunaribeirao.com.br\/wp-content\/uploads\/2025\/12\/NovoPAC-Con-Divulgacao-Ministerio-das-Cidades-300x200.jpg?resize=386%2C257&#038;ssl=1\" alt=\"\" width=\"386\" height=\"257\" srcset=\"https:\/\/www.tribunaribeirao.com.br\/wp-content\/uploads\/2025\/12\/NovoPAC-Con-Divulgacao-Ministerio-das-Cidades-300x200.jpg 300w, https:\/\/www.tribunaribeirao.com.br\/wp-content\/uploads\/2025\/12\/NovoPAC-Con-Divulgacao-Ministerio-das-Cidades-1024x683.jpg 1024w, https:\/\/www.tribunaribeirao.com.br\/wp-content\/uploads\/2025\/12\/NovoPAC-Con-Divulgacao-Ministerio-das-Cidades-768x512.jpg 768w, https:\/\/www.tribunaribeirao.com.br\/wp-content\/uploads\/2025\/12\/NovoPAC-Con-Divulgacao-Ministerio-das-Cidades-480x320.jpg 480w, https:\/\/www.tribunaribeirao.com.br\/wp-content\/uploads\/2025\/12\/NovoPAC-Con-Divulgacao-Ministerio-das-Cidades-280x186.jpg 280w, https:\/\/www.tribunaribeirao.com.br\/wp-content\/uploads\/2025\/12\/NovoPAC-Con-Divulgacao-Ministerio-das-Cidades-960x641.jpg 960w, https:\/\/www.tribunaribeirao.com.br\/wp-content\/uploads\/2025\/12\/NovoPAC-Con-Divulgacao-Ministerio-das-Cidades-600x400.jpg 600w, https:\/\/www.tribunaribeirao.com.br\/wp-content\/uploads\/2025\/12\/NovoPAC-Con-Divulgacao-Ministerio-das-Cidades-585x390.jpg 585w, https:\/\/www.tribunaribeirao.com.br\/wp-content\/uploads\/2025\/12\/NovoPAC-Con-Divulgacao-Ministerio-das-Cidades-scaled.jpg 1169w\" data-sizes=\"(max-width: 386px) 100vw, 386px\" style=\"--smush-placeholder-width: 386px; --smush-placeholder-aspect-ratio: 386\/257;\"\/><figcaption id=\"caption-attachment-449478\" class=\"wp-caption-text\">Divulga\u00e7\u00e3o\/Minist\u00e9rio das Cidades<br \/>\u2028Deputado Baleia Rossi, ministro Jader Barbarlho Filho, prefeito Ricardo Silva e presidente Lula: governo federal liberou cr\u00e9dito de R$ 1,1 bilh\u00e3o para obra<\/figcaption><\/figure>\n<p>A agenda com o presidente Lula refor\u00e7a o empenho da atual gest\u00e3o em manter di\u00e1logo permanente e articula\u00e7\u00e3o ativa junto \u00e0s esferas Federal e Estadual.<\/p>\n<p>\u201cEstamos buscando recursos, parcerias e solu\u00e7\u00f5es concretas para executar obras e atender, com responsabilidade e planejamento, as reais necessidades de Ribeir\u00e3o Preto\u201d, enfatizou Ricardo.<\/p>\n<p>A Via Leste-Oeste \u2013 A Via Leste-Oeste \u00e9 a mais ampla e estrat\u00e9gica interven\u00e7\u00e3o de mobilidade urbana j\u00e1 planejada no munic\u00edpio. Trata-se de uma obra estruturante, de impacto metropolitano, que reorganiza a l\u00f3gica de deslocamento da cidade, conecta regi\u00f5es historicamente separadas e prepara Ribeir\u00e3o Preto para um novo ciclo de crescimento urbano.<\/p>\n<p>O projeto cria um grande eixo vi\u00e1rio perimetral, conectando as zonas Leste e Oeste e permitindo deslocamentos mais r\u00e1pidos, seguros e eficientes entre os bairros, sem sobrecarregar o sistema vi\u00e1rio central, hoje concentrado em corredores j\u00e1 saturados, como as avenidas Treze de Maio, Capit\u00e3o Salom\u00e3o, Dom Pedro I e o eixo central da cidade.<\/p>\n<p>Com aproximadamente 27,1 quil\u00f4metros de extens\u00e3o, a Via Leste-Oeste configura-se como uma das maiores interven\u00e7\u00f5es de mobilidade urbana j\u00e1 realizadas em Ribeir\u00e3o Preto, com impacto direto na organiza\u00e7\u00e3o do tr\u00e2nsito, na din\u00e2mica urbana e no funcionamento do transporte coletivo. \u2028\u2028O projeto \u00e9 composto por um conjunto integrado de obras vi\u00e1rias, urban\u00edsticas e ambientais que requalifica e implanta avenidas estrat\u00e9gicas ao longo de um extenso tra\u00e7ado que atravessa a cidade de ponta a ponta.<\/p>\n<p><strong>\u2028Zona Leste<\/strong> \u2013 Na regi\u00e3o Leste, um dos principais destaques \u00e9 a avenida do Tanquinho, considerada um dos projetos vi\u00e1rios mais antigos e aguardados da hist\u00f3ria do munic\u00edpio. Concebida ainda na d\u00e9cada de 1960, a obra permaneceu por mais de 60 anos como uma demanda hist\u00f3rica da cidade e, agora, finalmente sai do papel com a viabiliza\u00e7\u00e3o da linha de cr\u00e9dito federal.<\/p>\n<p>A implanta\u00e7\u00e3o da avenida do Tanquinho prev\u00ea a cria\u00e7\u00e3o de um novo eixo estrutural de mobilidade, conectando \u00e1reas estrat\u00e9gicas e promovendo uma transforma\u00e7\u00e3o profunda na circula\u00e7\u00e3o urbana.\u2028\u2028O projeto contempla a implanta\u00e7\u00e3o da avenida do Tanquinho no trecho entre a avenida Marechal Costa e Silva e a rua Onze de Agosto, dando continuidade \u00e0 avenida Guido Golfeto, al\u00e9m de sua extens\u00e3o entre a avenida Cl\u00f3vis Bevilacqua e a Ant\u00f4nio Gomes da Silva J\u00fanior.<\/p>\n<p>Tamb\u00e9m est\u00e3o previstas a requalifica\u00e7\u00e3o das avenidas Jos\u00e9 Gomes da Silva e Bar\u00e3o do Bananal e a cria\u00e7\u00e3o de uma nova avenida de liga\u00e7\u00e3o entre a avenida Cl\u00f3vis Bevilacqua e a avenida Professora Din\u00e1 Rizzi, ampliando significativamente a conectividade urbana da regi\u00e3o.\u2028\u2028Implantada \u00e0s margens do c\u00f3rrego do Tanquinho, a nova avenida ser\u00e1 integrada a um parque linear, com solu\u00e7\u00f5es modernas de drenagem urbana, recupera\u00e7\u00e3o ambiental, cal\u00e7adas acess\u00edveis, ciclovias e \u00e1reas arborizadas.<\/p>\n<p>Al\u00e9m de reduzir de forma expressiva o tempo de deslocamento entre bairros das zonas Leste, Norte e Oeste, a avenida do Tanquinho ter\u00e1 papel fundamental na redistribui\u00e7\u00e3o do tr\u00e1fego, desafogando corredores j\u00e1 saturados e oferecendo uma alternativa moderna, eficiente e sustent\u00e1vel de circula\u00e7\u00e3o.<\/p>\n<p><strong>Zona Oeste<\/strong> \u2013 Na regi\u00e3o Oeste, o projeto prev\u00ea a duplica\u00e7\u00e3o e requalifica\u00e7\u00e3o da avenida Rio Pardo, com a cria\u00e7\u00e3o de um parque linear no antigo leito ferrovi\u00e1rio, al\u00e9m da integra\u00e7\u00e3o com a Via Norte e a revitaliza\u00e7\u00e3o do Parque Linear Ulysses Guimar\u00e3es.<\/p>\n<p>A Via Leste-Oeste inclui ainda novas conex\u00f5es vi\u00e1rias, pontes e adequa\u00e7\u00f5es geom\u00e9tricas em pontos-chave do sistema vi\u00e1rio, al\u00e9m da integra\u00e7\u00e3o com \u00e1reas como o Morro da Vit\u00f3ria, ampliando a conectividade urbana.<\/p>\n<figure id=\"attachment_449338\" aria-describedby=\"caption-attachment-449338\" style=\"width: 437px\" class=\"wp-caption alignright\"><img data-recalc-dims=\"1\" loading=\"lazy\" decoding=\"async\" class=\"wp-image-449338 lazyload\" src=\"https:\/\/i0.wp.com\/www.tribunaribeirao.com.br\/wp-content\/uploads\/2025\/12\/via-leste-300x169.jpeg?resize=437%2C246&#038;ssl=1\" alt=\"\" width=\"437\" height=\"246\" srcset=\"https:\/\/www.tribunaribeirao.com.br\/wp-content\/uploads\/2025\/12\/via-leste-300x169.jpeg 300w, https:\/\/www.tribunaribeirao.com.br\/wp-content\/uploads\/2025\/12\/via-leste-585x329.jpeg 585w, https:\/\/www.tribunaribeirao.com.br\/wp-content\/uploads\/2025\/12\/via-leste.jpeg 635w\" data-sizes=\"(max-width: 437px) 100vw, 437px\" style=\"--smush-placeholder-width: 437px; --smush-placeholder-aspect-ratio: 437\/246;\"\/><figcaption id=\"caption-attachment-449338\" class=\"wp-caption-text\">Projeto audacioso em Ribeir\u00e3o Preto \u2013 Reprodu\u00e7\u00e3o Google<\/figcaption><\/figure>\n<p>Concebida a partir do conceito de via completa, a Via Leste-Oeste prioriza n\u00e3o apenas os ve\u00edculos, mas sobretudo as pessoas, com faixas exclusivas para o transporte coletivo, ciclovias cont\u00ednuas e conectadas \u00e0 malha existente, cal\u00e7adas acess\u00edveis e seguras, travessias qualificadas para pedestres e canteiros centrais amplos e arborizados, refor\u00e7ando o compromisso da atual gest\u00e3o com uma mobilidade mais democr\u00e1tica, sustent\u00e1vel e alinhada \u00e0s melhores pr\u00e1ticas urbanas contempor\u00e2neas.<\/p>\n<p>O novo eixo estabelece liga\u00e7\u00f5es diretas com os principais corredores vi\u00e1rios e rodovi\u00e1rios de Ribeir\u00e3o Preto, fortalecendo o papel estrat\u00e9gico do munic\u00edpio na regi\u00e3o. A Via Leste-Oeste se conecta \u00e0s rodovias Anhanguera (SP-330) e Alexandre Balbo (SP-328) e \u00e0s avenidas Presidente Castelo Branco, Maur\u00edlio Biagi, Presidente Vargas e Independ\u00eancia, ampliando a fluidez do tr\u00e1fego urbano e regional, melhorando o acesso a polos econ\u00f4micos e log\u00edsticos e criando oportunidades de desenvolvimento ao longo de todo o seu tra\u00e7ado.<\/p>\n<p>O projeto reconhece ainda a complexidade social e ambiental das \u00e1reas atravessadas pela Via Leste-Oeste, especialmente nas regi\u00f5es do Tanquinho, Rio Pardo e Lagoinha, onde h\u00e1 presen\u00e7a de popula\u00e7\u00f5es em situa\u00e7\u00e3o de vulnerabilidade.<\/p>\n<p>Por isso, sua implanta\u00e7\u00e3o envolve uma atua\u00e7\u00e3o integrada de pol\u00edticas p\u00fablicas, com planejamento urbano respons\u00e1vel, a\u00e7\u00f5es sociais e reassentamentos quando necess\u00e1rios, sempre com foco na dignidade, no di\u00e1logo e na inclus\u00e3o.\u2028\u2028Do ponto de vista ambiental, a Via Leste-Oeste prioriza solu\u00e7\u00f5es modernas de drenagem urbana, manejo eficiente das \u00e1guas pluviais, respeito \u00e0s \u00e1reas de preserva\u00e7\u00e3o permanente e a recupera\u00e7\u00e3o ambiental, com a cria\u00e7\u00e3o de parques lineares ao longo dos cursos d\u2019\u00e1gua.<\/p>\n<p>Com a libera\u00e7\u00e3o da linha de cr\u00e9dito federal, Ribeir\u00e3o Preto viabiliza um projeto estruturante, hist\u00f3rico e transformador, que reposiciona a cidade em um novo patamar de mobilidade, integra\u00e7\u00e3o urbana e desenvolvimento sustent\u00e1vel. A verba \u00e9 oriunda do Fundo de Garantia por Tempo de Servi\u00e7o (FGTS), com juros entre 8% e 9% ao ano, com quatro anos de car\u00eancia para in\u00edcio do pagamento e 20 anos para quita\u00e7\u00e3o.<\/p>\n<\/div>\n<p><br \/>\n<br \/><a href=\"https:\/\/www.tribunaribeirao.com.br\/via-leste-oeste-tera-217-km\/\">Source link <\/a><\/p>\n<!-- CONTENT END 1 -->\n","protected":false},"excerpt":{"rendered":"<p>Prefeito Ricardo Silva assinou contrato de linha cr\u00e9dito que libera R$ 1,1 bilh\u00e3o para a Via Leste-Oeste; deputado Baleia Rossi (MDB) intermediou negocia\u00e7\u00e3o com presidente&#8230;<\/p>\n","protected":false},"author":1,"featured_media":80965,"comment_status":"open","ping_status":"open","sticky":false,"template":"","format":"standard","meta":{"advanced_seo_description":"","jetpack_seo_html_title":"","jetpack_seo_noindex":false,"jetpack_post_was_ever_published":false,"_jetpack_newsletter_access":"","_jetpack_dont_email_post_to_subs":false,"_jetpack_newsletter_tier_id":0,"_jetpack_memberships_contains_paywalled_content":false,"_jetpack_memberships_contains_paid_content":false,"footnotes":"","jetpack_publicize_message":"","jetpack_publicize_feature_enabled":true,"jetpack_social_post_already_shared":true,"jetpack_social_options":{"image_generator_settings":{"template":"highway","default_image_id":0,"font":"","enabled":false},"version":2}},"categories":[11],"tags":[],"class_list":["post-80964","post","type-post","status-publish","format-standard","has-post-thumbnail","hentry","category-noticias-de-ribeirao-preto-sp-e-regiao-ismael-colosi"],"jetpack_publicize_connections":[],"jetpack_featured_media_url":"https:\/\/i0.wp.com\/noticiasribeiraopreto.com.br\/wp-content\/uploads\/2025\/12\/NovoPAC-Via-Alfredo-Risk-01-scaled.jpg?fit=1200%2C675&ssl=1","jetpack-related-posts":[{"id":80972,"url":"https:\/\/noticiasribeiraopreto.com.br\/index.php\/2025\/12\/19\/projeto-de-r-1-bilhao-via-leste-oeste-tera-217-km\/","url_meta":{"origin":80964,"position":0},"title":"Projeto de R$ 1 bilh\u00e3o &#8211; Via Leste-Oeste ter\u00e1 21,7 km","author":"noticiasribeiraopreto.com.br","date":"19 de December de 2025","format":false,"excerpt":"Prefeito Ricardo Silva assinou contrato de linha cr\u00e9dito que libera R$ 1,1 bilh\u00e3o para a Via Leste-Oeste; deputado Baleia Rossi (MDB) intermediou negocia\u00e7\u00e3o com presidente Lula Ribeir\u00e3o Preto d\u00e1 um passo hist\u00f3rico na transforma\u00e7\u00e3o da sua mobilidade urbana. O prefeito Ricardo Silva (PSD) assinou, na tarde desta quinta-feira, 18 de\u2026","rel":"","context":"In &quot;Not\u00edcias de Ribeir\u00e3o Preto-SP e Regi\u00e3o&quot;","block_context":{"text":"Not\u00edcias de Ribeir\u00e3o Preto-SP e Regi\u00e3o","link":"https:\/\/noticiasribeiraopreto.com.br\/index.php\/category\/noticias-de-ribeirao-preto-sp-e-regiao-ismael-colosi\/"},"img":{"alt_text":"","src":"https:\/\/i0.wp.com\/noticiasribeiraopreto.com.br\/wp-content\/uploads\/2025\/12\/1766150109_NovoPAC-Via-Alfredo-Risk-01-scaled.jpg?fit=1200%2C675&ssl=1&resize=350%2C200","width":350,"height":200,"srcset":"https:\/\/i0.wp.com\/noticiasribeiraopreto.com.br\/wp-content\/uploads\/2025\/12\/1766150109_NovoPAC-Via-Alfredo-Risk-01-scaled.jpg?fit=1200%2C675&ssl=1&resize=350%2C200 1x, https:\/\/i0.wp.com\/noticiasribeiraopreto.com.br\/wp-content\/uploads\/2025\/12\/1766150109_NovoPAC-Via-Alfredo-Risk-01-scaled.jpg?fit=1200%2C675&ssl=1&resize=525%2C300 1.5x, https:\/\/i0.wp.com\/noticiasribeiraopreto.com.br\/wp-content\/uploads\/2025\/12\/1766150109_NovoPAC-Via-Alfredo-Risk-01-scaled.jpg?fit=1200%2C675&ssl=1&resize=700%2C400 2x, https:\/\/i0.wp.com\/noticiasribeiraopreto.com.br\/wp-content\/uploads\/2025\/12\/1766150109_NovoPAC-Via-Alfredo-Risk-01-scaled.jpg?fit=1200%2C675&ssl=1&resize=1050%2C600 3x"},"classes":[]},{"id":83224,"url":"https:\/\/noticiasribeiraopreto.com.br\/index.php\/2026\/03\/13\/aprovada-cee-da-via-leste-oeste\/","url_meta":{"origin":80964,"position":1},"title":"Aprovada CEE da Via Leste-Oeste","author":"noticiasribeiraopreto.com.br","date":"13 de March de 2026","format":false,"excerpt":"Comiss\u00e3o Especial de Estudos ir\u00e1 fiscalizar a execu\u00e7\u00e3o e a aplica\u00e7\u00e3o do financiamento de R$1,1 bilh\u00e3o para a implanta\u00e7\u00e3o do corredor de mobilidade Leste-Oeste A C\u00e2mara de Ribeir\u00e3o Preto aprovou a cria\u00e7\u00e3o de uma Comiss\u00e3o Especial de Estudos (CEE) para acompanhar a libera\u00e7\u00e3o de cr\u00e9dito de R$ 1,1 bilh\u00e3o via\u2026","rel":"","context":"In &quot;Not\u00edcias de Ribeir\u00e3o Preto-SP e Regi\u00e3o&quot;","block_context":{"text":"Not\u00edcias de Ribeir\u00e3o Preto-SP e Regi\u00e3o","link":"https:\/\/noticiasribeiraopreto.com.br\/index.php\/category\/noticias-de-ribeirao-preto-sp-e-regiao-ismael-colosi\/"},"img":{"alt_text":"","src":"https:\/\/i0.wp.com\/noticiasribeiraopreto.com.br\/wp-content\/uploads\/2026\/03\/NovoPAC-Alfredo-Risk-1-scaled.jpg?fit=1200%2C675&ssl=1&resize=350%2C200","width":350,"height":200,"srcset":"https:\/\/i0.wp.com\/noticiasribeiraopreto.com.br\/wp-content\/uploads\/2026\/03\/NovoPAC-Alfredo-Risk-1-scaled.jpg?fit=1200%2C675&ssl=1&resize=350%2C200 1x, https:\/\/i0.wp.com\/noticiasribeiraopreto.com.br\/wp-content\/uploads\/2026\/03\/NovoPAC-Alfredo-Risk-1-scaled.jpg?fit=1200%2C675&ssl=1&resize=525%2C300 1.5x, https:\/\/i0.wp.com\/noticiasribeiraopreto.com.br\/wp-content\/uploads\/2026\/03\/NovoPAC-Alfredo-Risk-1-scaled.jpg?fit=1200%2C675&ssl=1&resize=700%2C400 2x, https:\/\/i0.wp.com\/noticiasribeiraopreto.com.br\/wp-content\/uploads\/2026\/03\/NovoPAC-Alfredo-Risk-1-scaled.jpg?fit=1200%2C675&ssl=1&resize=1050%2C600 3x"},"classes":[]},{"id":80895,"url":"https:\/\/noticiasribeiraopreto.com.br\/index.php\/2025\/12\/17\/recurso-de-r-11-bilhao-para-via-leste-sera-assinado-nesta-quinta-feira\/","url_meta":{"origin":80964,"position":2},"title":"Recurso de R$ 1,1 bilh\u00e3o para Via Leste ser\u00e1 assinado nesta quinta-feira","author":"noticiasribeiraopreto.com.br","date":"17 de December de 2025","format":false,"excerpt":"\r \r \r 17 de dezembro de 2025 16:45 \r Compartilhar0 Assinatura da linha de cr\u00e9dito entre a prefeitura e o Governo Federal ser\u00e1 feita em cerim\u00f4nia no Pal\u00e1cio do Planalto com a presen\u00e7a do prefeito Ricardo Silva e do presidente Lula O prefeito de Ribeir\u00e3o Preto, Ricardo Silva (PSD)\u2026","rel":"","context":"In &quot;Not\u00edcias de Ribeir\u00e3o Preto-SP e Regi\u00e3o&quot;","block_context":{"text":"Not\u00edcias de Ribeir\u00e3o Preto-SP e Regi\u00e3o","link":"https:\/\/noticiasribeiraopreto.com.br\/index.php\/category\/noticias-de-ribeirao-preto-sp-e-regiao-ismael-colosi\/"},"img":{"alt_text":"","src":"https:\/\/i0.wp.com\/noticiasribeiraopreto.com.br\/wp-content\/uploads\/2025\/12\/via-leste.jpeg?fit=635%2C357&ssl=1&resize=350%2C200","width":350,"height":200,"srcset":"https:\/\/i0.wp.com\/noticiasribeiraopreto.com.br\/wp-content\/uploads\/2025\/12\/via-leste.jpeg?fit=635%2C357&ssl=1&resize=350%2C200 1x, https:\/\/i0.wp.com\/noticiasribeiraopreto.com.br\/wp-content\/uploads\/2025\/12\/via-leste.jpeg?fit=635%2C357&ssl=1&resize=525%2C300 1.5x"},"classes":[]},{"id":80945,"url":"https:\/\/noticiasribeiraopreto.com.br\/index.php\/2025\/12\/18\/lula-assina-liberacao-de-mais-de-r-1-bilhao-para-obras-de-mobilidade-urbana-em-ribeirao-preto\/","url_meta":{"origin":80964,"position":3},"title":"Lula assina libera\u00e7\u00e3o de mais de R$ 1 bilh\u00e3o para obras de mobilidade urbana em Ribeir\u00e3o Preto","author":"noticiasribeiraopreto.com.br","date":"18 de December de 2025","format":false,"excerpt":"O presidente Luiz In\u00e1cio Lula da Silva (PT) assinou, nesta quinta-feira (18), em Bras\u00edlia-DF, a libera\u00e7\u00e3o de mais de R$ 1 bilh\u00e3o em investimentos voltados \u00e0 mobilidade urbana de Ribeir\u00e3o Preto. Segundo o chefe do Executivo, o munic\u00edpio \u00e9 estrat\u00e9gico para o desenvolvimento do Brasil, \u201cpela sua for\u00e7a econ\u00f4mica, pela\u2026","rel":"","context":"In &quot;Not\u00edcias de Ribeir\u00e3o Preto-SP e Regi\u00e3o&quot;","block_context":{"text":"Not\u00edcias de Ribeir\u00e3o Preto-SP e Regi\u00e3o","link":"https:\/\/noticiasribeiraopreto.com.br\/index.php\/category\/noticias-de-ribeirao-preto-sp-e-regiao-ismael-colosi\/"},"img":{"alt_text":"","src":"https:\/\/i0.wp.com\/noticiasribeiraopreto.com.br\/wp-content\/uploads\/2025\/12\/IMG-20251218-WA0220_2025-12-18_20-49-48.webp.webp?fit=1200%2C801&ssl=1&resize=350%2C200","width":350,"height":200,"srcset":"https:\/\/i0.wp.com\/noticiasribeiraopreto.com.br\/wp-content\/uploads\/2025\/12\/IMG-20251218-WA0220_2025-12-18_20-49-48.webp.webp?fit=1200%2C801&ssl=1&resize=350%2C200 1x, https:\/\/i0.wp.com\/noticiasribeiraopreto.com.br\/wp-content\/uploads\/2025\/12\/IMG-20251218-WA0220_2025-12-18_20-49-48.webp.webp?fit=1200%2C801&ssl=1&resize=525%2C300 1.5x, https:\/\/i0.wp.com\/noticiasribeiraopreto.com.br\/wp-content\/uploads\/2025\/12\/IMG-20251218-WA0220_2025-12-18_20-49-48.webp.webp?fit=1200%2C801&ssl=1&resize=700%2C400 2x, https:\/\/i0.wp.com\/noticiasribeiraopreto.com.br\/wp-content\/uploads\/2025\/12\/IMG-20251218-WA0220_2025-12-18_20-49-48.webp.webp?fit=1200%2C801&ssl=1&resize=1050%2C600 3x"},"classes":[]},{"id":82997,"url":"https:\/\/noticiasribeiraopreto.com.br\/index.php\/2026\/03\/06\/pac-prefeito-pede-autorizacao-para-emprestimo\/","url_meta":{"origin":80964,"position":4},"title":"PAC: Prefeito pede autoriza\u00e7\u00e3o para empr\u00e9stimo","author":"noticiasribeiraopreto.com.br","date":"6 de March de 2026","format":false,"excerpt":"Recursos federais ser\u00e3o utilizados na cria\u00e7\u00e3o do corredor vi\u00e1rio Leste-Oeste; contrapartida da prefeitura ser\u00e1 de R$ 57,5 milh\u00f5es O prefeito Ricardo Silva (PSD) enviou para a C\u00e2mara de Ribeir\u00e3o Preto projeto de lei em que pede autoriza\u00e7\u00e3o para assinar contrato de financiamento com a Caixa Econ\u00f4mica Federal no valor de\u2026","rel":"","context":"In &quot;Not\u00edcias de Ribeir\u00e3o Preto-SP e Regi\u00e3o&quot;","block_context":{"text":"Not\u00edcias de Ribeir\u00e3o Preto-SP e Regi\u00e3o","link":"https:\/\/noticiasribeiraopreto.com.br\/index.php\/category\/noticias-de-ribeirao-preto-sp-e-regiao-ismael-colosi\/"},"img":{"alt_text":"","src":"https:\/\/i0.wp.com\/noticiasribeiraopreto.com.br\/wp-content\/uploads\/2026\/03\/NovoPAC-Alfredo-Risk-scaled.jpg?fit=1200%2C675&ssl=1&resize=350%2C200","width":350,"height":200,"srcset":"https:\/\/i0.wp.com\/noticiasribeiraopreto.com.br\/wp-content\/uploads\/2026\/03\/NovoPAC-Alfredo-Risk-scaled.jpg?fit=1200%2C675&ssl=1&resize=350%2C200 1x, https:\/\/i0.wp.com\/noticiasribeiraopreto.com.br\/wp-content\/uploads\/2026\/03\/NovoPAC-Alfredo-Risk-scaled.jpg?fit=1200%2C675&ssl=1&resize=525%2C300 1.5x, https:\/\/i0.wp.com\/noticiasribeiraopreto.com.br\/wp-content\/uploads\/2026\/03\/NovoPAC-Alfredo-Risk-scaled.jpg?fit=1200%2C675&ssl=1&resize=700%2C400 2x, https:\/\/i0.wp.com\/noticiasribeiraopreto.com.br\/wp-content\/uploads\/2026\/03\/NovoPAC-Alfredo-Risk-scaled.jpg?fit=1200%2C675&ssl=1&resize=1050%2C600 3x"},"classes":[]},{"id":83356,"url":"https:\/\/noticiasribeiraopreto.com.br\/index.php\/2026\/03\/17\/vereadores-aprovam-credito-de-r-11-bi\/","url_meta":{"origin":80964,"position":5},"title":"Vereadores aprovam \u2028cr\u00e9dito de R$ 1,1 bi","author":"noticiasribeiraopreto.com.br","date":"17 de March de 2026","format":false,"excerpt":"Recursos ser\u00e3o utilizados na constru\u00e7\u00e3o da Via Leste-Oeste, com a cria\u00e7\u00e3o da avenida Tanquinho e o prolongamento da Rio PardoA C\u00e2mara de Ribeir\u00e3o Preto aprovou, na sess\u00e3o desta segunda-feira, 16 de mar\u00e7o, por unanimidade, projeto de lei do prefeito Ricardo Silva (PSD) que pede autoriza\u00e7\u00e3o para assinar contrato de financiamento\u2026","rel":"","context":"In &quot;Not\u00edcias de Ribeir\u00e3o Preto-SP e Regi\u00e3o&quot;","block_context":{"text":"Not\u00edcias de Ribeir\u00e3o Preto-SP e Regi\u00e3o","link":"https:\/\/noticiasribeiraopreto.com.br\/index.php\/category\/noticias-de-ribeirao-preto-sp-e-regiao-ismael-colosi\/"},"img":{"alt_text":"","src":"https:\/\/i0.wp.com\/noticiasribeiraopreto.com.br\/wp-content\/uploads\/2026\/03\/NovoPAC-Pai-Detalhe-Alfredo-Risk-scaled.jpg?fit=1200%2C645&ssl=1&resize=350%2C200","width":350,"height":200,"srcset":"https:\/\/i0.wp.com\/noticiasribeiraopreto.com.br\/wp-content\/uploads\/2026\/03\/NovoPAC-Pai-Detalhe-Alfredo-Risk-scaled.jpg?fit=1200%2C645&ssl=1&resize=350%2C200 1x, https:\/\/i0.wp.com\/noticiasribeiraopreto.com.br\/wp-content\/uploads\/2026\/03\/NovoPAC-Pai-Detalhe-Alfredo-Risk-scaled.jpg?fit=1200%2C645&ssl=1&resize=525%2C300 1.5x, https:\/\/i0.wp.com\/noticiasribeiraopreto.com.br\/wp-content\/uploads\/2026\/03\/NovoPAC-Pai-Detalhe-Alfredo-Risk-scaled.jpg?fit=1200%2C645&ssl=1&resize=700%2C400 2x, https:\/\/i0.wp.com\/noticiasribeiraopreto.com.br\/wp-content\/uploads\/2026\/03\/NovoPAC-Pai-Detalhe-Alfredo-Risk-scaled.jpg?fit=1200%2C645&ssl=1&resize=1050%2C600 3x"},"classes":[]}],"jetpack_sharing_enabled":true,"jetpack_shortlink":"https:\/\/wp.me\/peQAOb-l3S","_links":{"self":[{"href":"https:\/\/noticiasribeiraopreto.com.br\/index.php\/wp-json\/wp\/v2\/posts\/80964","targetHints":{"allow":["GET"]}}],"collection":[{"href":"https:\/\/noticiasribeiraopreto.com.br\/index.php\/wp-json\/wp\/v2\/posts"}],"about":[{"href":"https:\/\/noticiasribeiraopreto.com.br\/index.php\/wp-json\/wp\/v2\/types\/post"}],"author":[{"embeddable":true,"href":"https:\/\/noticiasribeiraopreto.com.br\/index.php\/wp-json\/wp\/v2\/users\/1"}],"replies":[{"embeddable":true,"href":"https:\/\/noticiasribeiraopreto.com.br\/index.php\/wp-json\/wp\/v2\/comments?post=80964"}],"version-history":[{"count":0,"href":"https:\/\/noticiasribeiraopreto.com.br\/index.php\/wp-json\/wp\/v2\/posts\/80964\/revisions"}],"wp:featuredmedia":[{"embeddable":true,"href":"https:\/\/noticiasribeiraopreto.com.br\/index.php\/wp-json\/wp\/v2\/media\/80965"}],"wp:attachment":[{"href":"https:\/\/noticiasribeiraopreto.com.br\/index.php\/wp-json\/wp\/v2\/media?parent=80964"}],"wp:term":[{"taxonomy":"category","embeddable":true,"href":"https:\/\/noticiasribeiraopreto.com.br\/index.php\/wp-json\/wp\/v2\/categories?post=80964"},{"taxonomy":"post_tag","embeddable":true,"href":"https:\/\/noticiasribeiraopreto.com.br\/index.php\/wp-json\/wp\/v2\/tags?post=80964"}],"curies":[{"name":"wp","href":"https:\/\/api.w.org\/{rel}","templated":true}]}}