{"id":80966,"date":"2025-12-19T08:47:43","date_gmt":"2025-12-19T11:47:43","guid":{"rendered":"https:\/\/noticiasribeiraopreto.com.br\/index.php\/2025\/12\/19\/delegacia-da-mulher-atendera-na-cerqueira-cesar\/"},"modified":"2025-12-19T08:47:43","modified_gmt":"2025-12-19T11:47:43","slug":"delegacia-da-mulher-atendera-na-cerqueira-cesar","status":"publish","type":"post","link":"https:\/\/noticiasribeiraopreto.com.br\/index.php\/2025\/12\/19\/delegacia-da-mulher-atendera-na-cerqueira-cesar\/","title":{"rendered":"Delegacia da Mulher \u2028atender\u00e1 na Cerqueira C\u00e9sar"},"content":{"rendered":"<div class='code-block code-block-1' style='margin: 8px 0 8px auto; text-align: right; display: block; clear: both;'>\n<p><a href=\"https:\/\/wa.link\/vpicfd\"><img data-recalc-dims=\"1\" class=\"wp-image-4922\" style=\"aspect-ratio: 2.0253164556962027; width: 561px; height: auto;\" src=\"https:\/\/i0.wp.com\/ismaelcolosi.com.br\/wp-content\/uploads\/2023\/11\/grupo-de-empregos-whatsapp-e-facebook-ismael-colosi-vagas.jpg?ssl=1\" alt=\"\" \/><\/a><\/p>\n<!-- \/wp:image -->\n<\/div>\n<p> <br \/>\n<\/p>\n<div id=\"\">&#13;<br \/>\n\t\t\t\t\t\t\t\t&#13;<\/p>\n<p>&#13;<br \/>\n\t\t\t\t\t\t\t\t\t<span class=\"entry-meta-item penci-posted-on\"><i class=\"fa fa-clock-o\"\/><time class=\"entry-date published\" datetime=\"2025-12-19T08:41:59-03:00\">19 de dezembro de 2025 08:41<\/time><time class=\"updated\" datetime=\"2025-12-19T08:42:10-03:00\">19 de dezembro de 2025 08:42<\/time><\/span><span class=\"entry-meta-item penci-post-countview\"\/>\t\t\t\t\t\t\t\t<\/p>\n<p><!-- .entry-meta -->&#13;<br \/>\n\t\t\t\t\t\t\t\t<span class=\"penci-social-buttons penci-social-share-footer\"><span class=\"penci-social-share-text\">Compartilhar<\/span><a href=\"#\" class=\"penci-post-like penci_post-meta_item  single-like-button penci-social-item like\" data-post_id=\"449483\" title=\"Like\" data-like=\"Like\" data-unlike=\"Unlike\"><i class=\"fa fa-thumbs-o-up\"\/><span class=\"penci-share-number\">0<\/span><\/a><i class=\"fa fa-facebook\"\/><a class=\"penci-social-item twitter\" target=\"_blank\" rel=\"noopener\" title=\"\" href=\"https:\/\/twitter.com\/intent\/tweet?text=Delegacia%20da%20Mulher%20\u2028atender\u00e1%20na%20Cerqueira%20C\u00e9sar%20-%20https:\/\/www.tribunaribeirao.com.br\/delegacia-da-mulher-atendera-na-cerqueira-cesar\/\"><i class=\"fa fa-twitter\"\/><\/a><i class=\"fa fa-linkedin\"\/><i class=\"fa fa-whatsapp\"\/><i class=\"fa fa-telegram\"\/><i class=\"fa fa-envelope\"\/><\/span>\t\t\t\t\t\t\t<\/div>\n<div>\n<p><em>Prefeitura enviou \u00e0 C\u00e2mara projeto que cede antigo im\u00f3vel da GCM para a Pol\u00edcia Militar; Delegacia da Mulher ser\u00e1 instalada na rua Cerqueira Cesar n\u00ba 333<\/em><\/p>\n<p><em>\u2028\u2028<\/em>A Delegacia da Mulher (DDM) n\u00e3o vai mais para a antiga sede da Guarda Civil Metropolitana (GCM) de Ribeir\u00e3o Preto, na rua Lafaiete n\u00ba 1.675, na Vila Seixas, pr\u00f3ximo ao Centro. O atendimento ser\u00e1 na rua Cerqueira C\u00e9sar n\u00ba 333, onde funcionavam os cart\u00f3rios eleitorais da cidade, ao lado do Pal\u00e1cio Rio Branco, na regi\u00e3o Central<\/p>\n<p>A cess\u00e3o do antigo im\u00f3vel da GCM pela prefeitura para o Estado de S\u00e3o Paulo chegou a ser aprovada na C\u00e2mara de Vereadores, em 4 de junho deste ano. Entretanto, o governo estadual mudou de ideia e decidiu levar a DDM para a rua Cerqueira C\u00e9sar.<\/p>\n<figure id=\"attachment_449484\" aria-describedby=\"caption-attachment-449484\" style=\"width: 390px\" class=\"wp-caption alignright\"><img data-recalc-dims=\"1\" loading=\"lazy\" decoding=\"async\" class=\"wp-image-449484 lazyload\" src=\"https:\/\/i0.wp.com\/www.tribunaribeirao.com.br\/wp-content\/uploads\/2025\/12\/DDM-GCM-Alfredo-R-isk-300x170.jpg?resize=390%2C221&#038;ssl=1\" alt=\"\" width=\"390\" height=\"221\" srcset=\"https:\/\/www.tribunaribeirao.com.br\/wp-content\/uploads\/2025\/12\/DDM-GCM-Alfredo-R-isk-300x170.jpg 300w, https:\/\/www.tribunaribeirao.com.br\/wp-content\/uploads\/2025\/12\/DDM-GCM-Alfredo-R-isk-1024x579.jpg 1024w, https:\/\/www.tribunaribeirao.com.br\/wp-content\/uploads\/2025\/12\/DDM-GCM-Alfredo-R-isk-768x434.jpg 768w, https:\/\/www.tribunaribeirao.com.br\/wp-content\/uploads\/2025\/12\/DDM-GCM-Alfredo-R-isk-960x542.jpg 960w, https:\/\/www.tribunaribeirao.com.br\/wp-content\/uploads\/2025\/12\/DDM-GCM-Alfredo-R-isk-708x400.jpg 708w, https:\/\/www.tribunaribeirao.com.br\/wp-content\/uploads\/2025\/12\/DDM-GCM-Alfredo-R-isk-585x331.jpg 585w, https:\/\/www.tribunaribeirao.com.br\/wp-content\/uploads\/2025\/12\/DDM-GCM-Alfredo-R-isk-scaled.jpg 1200w\" data-sizes=\"(max-width: 390px) 100vw, 390px\" style=\"--smush-placeholder-width: 390px; --smush-placeholder-aspect-ratio: 390\/221;\"\/><figcaption id=\"caption-attachment-449484\" class=\"wp-caption-text\">Antiga sede da Guarda Civil Metropolitana seria ocupada pela Pol\u00edcia Militar: Delegacia de Defesa da Mulher vai atender no antigo pr\u00e9dio da Justi\u00e7a Eleitoral<\/figcaption><\/figure>\n<p>Em 24 de novembro, os cart\u00f3rios mudaram para a rua Jos\u00e9 Pierri n\u00ba 487, no bairro Nova Ribeir\u00e2nia, na Zona Leste da cidade. \u2028\u2028Segundo a Delegacia Seccional de Ribeir\u00e3o Preto, a Delegacia de Defesa da Mulher, que atualmente atende na avenida Cost\u00e1bile Romano n\u00ba 3.230, no bairro Ribeir\u00e2nia, na Zona Leste, far\u00e1 parte de um complexo de unidades policiais que funcionar\u00e1 no antigo pr\u00e9dio da Justi\u00e7a Eleitoral.<\/p>\n<p>O projeto arquitet\u00f4nico do novo centro policial j\u00e1 est\u00e1 sendo elaborado.\u2028\u2028Com a desist\u00eancia da Pol\u00edcia Civil, a prefeitura decidiu ceder o im\u00f3vel da GCM para a Pol\u00edcia Militar. Para isso, enviou novo projeto \u00e0 C\u00e2mara. No local ser\u00e1 instalada a 1\u00aa Companhia do 51\u00ba Batalh\u00e3o de Pol\u00edcia Militar (BPM).<\/p>\n<p>A unidade atendia na esquina das rua Flor\u00eancio de Abreu e Tibiri\u00e7\u00e1, mas o pr\u00e9dio foi interditado\u2028\u2028Atualmente, divide im\u00f3vel com a 2\u00aa Companha, na avenida Independ\u00eancia. \u2028Segundo a proposta, a nova unidade permitir\u00e1 ampliar a presen\u00e7a operacional da Pol\u00edcia Militar na regi\u00e3o Central e adjac\u00eancias. Essa \u00e1rea concentra elevado fluxo de pessoas, com\u00e9rcio, servi\u00e7os e equipamentos p\u00fablicos.<\/p>\n<p>O projeto ser\u00e1 votado em regime de urg\u00eancia especial na segunda-feira, 22 de dezembro, \u00faltima sess\u00e3o ano do legislativo. Desde 8 de mar\u00e7o, a DDM de Ribeir\u00e3o Preto atende 24 horas por dia, sete dias por semana para ampliar o suporte \u00e0s v\u00edtimas de viol\u00eancia.<\/p>\n<\/div>\n<p><script async src=\"\/\/platform.twitter.com\/widgets.js\" charset=\"utf-8\"><\/script><br \/>\n<br \/><br \/>\n<br \/><a href=\"https:\/\/www.tribunaribeirao.com.br\/delegacia-da-mulher-atendera-na-cerqueira-cesar\/\">Source link <\/a><\/p>\n<!-- CONTENT END 1 -->\n","protected":false},"excerpt":{"rendered":"<p>&#13; &#13; &#13; 19 de dezembro de 2025 08:4119 de dezembro de 2025 08:42 &#13; Compartilhar0 Prefeitura enviou \u00e0 C\u00e2mara projeto que cede antigo im\u00f3vel&#8230;<\/p>\n","protected":false},"author":1,"featured_media":0,"comment_status":"open","ping_status":"open","sticky":false,"template":"","format":"standard","meta":{"advanced_seo_description":"","jetpack_seo_html_title":"","jetpack_seo_noindex":false,"jetpack_post_was_ever_published":false,"_jetpack_newsletter_access":"","_jetpack_dont_email_post_to_subs":false,"_jetpack_newsletter_tier_id":0,"_jetpack_memberships_contains_paywalled_content":false,"_jetpack_memberships_contains_paid_content":false,"footnotes":"","jetpack_publicize_message":"","jetpack_publicize_feature_enabled":true,"jetpack_social_post_already_shared":true,"jetpack_social_options":{"image_generator_settings":{"template":"highway","default_image_id":0,"font":"","enabled":false},"version":2}},"categories":[11],"tags":[],"class_list":["post-80966","post","type-post","status-publish","format-standard","hentry","category-noticias-de-ribeirao-preto-sp-e-regiao-ismael-colosi"],"jetpack_publicize_connections":[],"jetpack_featured_media_url":"","jetpack-related-posts":[{"id":23774,"url":"https:\/\/noticiasribeiraopreto.com.br\/index.php\/2024\/01\/03\/instituto-oncologico-de-ribeirao-preto-ata-de-age-realizada-em-08-de-dezembro-de-2023\/","url_meta":{"origin":80966,"position":0},"title":"INSTITUTO ONCOL\u00d3GICO DE RIBEIR\u00c3O PRETO &#8211; ATA DE AGE REALIZADA EM 08 DE DEZEMBRO DE 2023","author":"noticiasribeiraopreto.com.br","date":"3 de January de 2024","format":false,"excerpt":"Ribeir\u00e3o Preto \u00e9 o centro de uma regi\u00e3o com mais de 3 milh\u00f5es de habitantes. O agroneg\u00f3cio, o com\u00e9rcio e a presta\u00e7\u00e3o de servi\u00e7os s\u00e3o os pontos fortes da economia. O jornal Tribuna circula em Ribeir\u00e3o Preto e em outras 10 cidades da regi\u00e3o. Sua linha editorial \u00e9 informativa e\u2026","rel":"","context":"In &quot;Not\u00edcias de Ribeir\u00e3o Preto-SP e Regi\u00e3o&quot;","block_context":{"text":"Not\u00edcias de Ribeir\u00e3o Preto-SP e Regi\u00e3o","link":"https:\/\/noticiasribeiraopreto.com.br\/index.php\/category\/noticias-de-ribeirao-preto-sp-e-regiao-ismael-colosi\/"},"img":{"alt_text":"","src":"https:\/\/i0.wp.com\/noticiasribeiraopreto.com.br\/wp-content\/uploads\/2024\/01\/publicidade-legal.png?fit=700%2C450&ssl=1&resize=350%2C200","width":350,"height":200,"srcset":"https:\/\/i0.wp.com\/noticiasribeiraopreto.com.br\/wp-content\/uploads\/2024\/01\/publicidade-legal.png?fit=700%2C450&ssl=1&resize=350%2C200 1x, https:\/\/i0.wp.com\/noticiasribeiraopreto.com.br\/wp-content\/uploads\/2024\/01\/publicidade-legal.png?fit=700%2C450&ssl=1&resize=525%2C300 1.5x, https:\/\/i0.wp.com\/noticiasribeiraopreto.com.br\/wp-content\/uploads\/2024\/01\/publicidade-legal.png?fit=700%2C450&ssl=1&resize=700%2C400 2x"},"classes":[]},{"id":12425,"url":"https:\/\/noticiasribeiraopreto.com.br\/index.php\/2023\/12\/08\/bolsa-familia-governo-antecipa-pagamento-em-dezembro-meu-valor-digital\/","url_meta":{"origin":80966,"position":1},"title":"Bolsa Fam\u00edlia: governo antecipa pagamento em dezembro &#8211; Meu Valor Digital","author":"noticiasribeiraopreto.com.br","date":"8 de December de 2023","format":false,"excerpt":"Com as festas de fim ano e as pessoas planejando onde v\u00e3o passar a data e precisando de dinheiro no bolso, levou o governo a antecipar o pagamento do Bolsa Fam\u00edlia para a pr\u00f3xima segunda-feira (11). Nesta segunda-feira, recebem os benefici\u00e1rios com NIS de final 1. Os dep\u00f3sitos v\u00e3o ser\u2026","rel":"","context":"In &quot;Vagas de Emprego em Ribeir\u00e3o Preto-SP&quot;","block_context":{"text":"Vagas de Emprego em Ribeir\u00e3o Preto-SP","link":"https:\/\/noticiasribeiraopreto.com.br\/index.php\/category\/empregos-classificados-vagas-trabalho\/vagas-de-empregos-em-ribeirao-preto-regiao-brasil\/"},"img":{"alt_text":"","src":"https:\/\/i0.wp.com\/noticiasribeiraopreto.com.br\/wp-content\/uploads\/2023\/12\/Bolsa-Familia-1.jpg?fit=1200%2C773&ssl=1&resize=350%2C200","width":350,"height":200,"srcset":"https:\/\/i0.wp.com\/noticiasribeiraopreto.com.br\/wp-content\/uploads\/2023\/12\/Bolsa-Familia-1.jpg?fit=1200%2C773&ssl=1&resize=350%2C200 1x, https:\/\/i0.wp.com\/noticiasribeiraopreto.com.br\/wp-content\/uploads\/2023\/12\/Bolsa-Familia-1.jpg?fit=1200%2C773&ssl=1&resize=525%2C300 1.5x, https:\/\/i0.wp.com\/noticiasribeiraopreto.com.br\/wp-content\/uploads\/2023\/12\/Bolsa-Familia-1.jpg?fit=1200%2C773&ssl=1&resize=700%2C400 2x, https:\/\/i0.wp.com\/noticiasribeiraopreto.com.br\/wp-content\/uploads\/2023\/12\/Bolsa-Familia-1.jpg?fit=1200%2C773&ssl=1&resize=1050%2C600 3x"},"classes":[]},{"id":12881,"url":"https:\/\/noticiasribeiraopreto.com.br\/index.php\/2023\/12\/08\/hbo-max-tera-mais-de-30-lancamentos-em-dezembro-veja-a-lista\/","url_meta":{"origin":80966,"position":2},"title":"HBO Max ter\u00e1 mais de 30 lan\u00e7amentos em dezembro; veja a lista","author":"noticiasribeiraopreto.com.br","date":"8 de December de 2023","format":false,"excerpt":"Cr\u00e9ditos: Divulga\u00e7\u00e3o\/HBO MaxO que chega na HBO Max em dezembro de 2023?O \u00faltimo m\u00eas de 2023 promete grandes estreias na HBO Max! Em dezembro, a plataforma de streaming trar\u00e1 novas s\u00e9ries, document\u00e1rios, animes e filmes para o cat\u00e1logo.O destaque, obviamente, fica com os longas que acabaram de sair dos cinemas,\u2026","rel":"","context":"In &quot;Variedades&quot;","block_context":{"text":"Variedades","link":"https:\/\/noticiasribeiraopreto.com.br\/index.php\/category\/variedades\/"},"img":{"alt_text":"","src":"https:\/\/i0.wp.com\/noticiasribeiraopreto.com.br\/wp-content\/uploads\/2023\/12\/hbo-max-26mai2021.jpg?fit=1200%2C638&ssl=1&resize=350%2C200","width":350,"height":200,"srcset":"https:\/\/i0.wp.com\/noticiasribeiraopreto.com.br\/wp-content\/uploads\/2023\/12\/hbo-max-26mai2021.jpg?fit=1200%2C638&ssl=1&resize=350%2C200 1x, https:\/\/i0.wp.com\/noticiasribeiraopreto.com.br\/wp-content\/uploads\/2023\/12\/hbo-max-26mai2021.jpg?fit=1200%2C638&ssl=1&resize=525%2C300 1.5x, https:\/\/i0.wp.com\/noticiasribeiraopreto.com.br\/wp-content\/uploads\/2023\/12\/hbo-max-26mai2021.jpg?fit=1200%2C638&ssl=1&resize=700%2C400 2x, https:\/\/i0.wp.com\/noticiasribeiraopreto.com.br\/wp-content\/uploads\/2023\/12\/hbo-max-26mai2021.jpg?fit=1200%2C638&ssl=1&resize=1050%2C600 3x"},"classes":[]},{"id":12791,"url":"https:\/\/noticiasribeiraopreto.com.br\/index.php\/2023\/12\/08\/bolsa-familia-de-dezembro-traz-novidade-incrivel-ja-na-proxima-semana\/","url_meta":{"origin":80966,"position":3},"title":"Bolsa Fam\u00edlia de dezembro traz novidade INCR\u00cdVEL j\u00e1 na pr\u00f3xima semana","author":"noticiasribeiraopreto.com.br","date":"8 de December de 2023","format":false,"excerpt":"O governo federal anunciou o calend\u00e1rio de pagamento do programa Bolsa Fam\u00edlia para o m\u00eas de dezembro. De acordo com o planejamento do Governo Federal, os pagamentos ter\u00e3o in\u00edcio no dia 11 e se estender\u00e3o at\u00e9 o dia 22, antecipando os pagamentos para o Natal.Cr\u00e9ditos: Ag\u00eancia Brasil\/Lula MarquesBolsa Fam\u00edlia de\u2026","rel":"","context":"In &quot;Variedades&quot;","block_context":{"text":"Variedades","link":"https:\/\/noticiasribeiraopreto.com.br\/index.php\/category\/variedades\/"},"img":{"alt_text":"","src":"https:\/\/i0.wp.com\/noticiasribeiraopreto.com.br\/wp-content\/uploads\/2023\/12\/caixa-paga-bolsa-familia-a-novos-beneficiarios-hoje-veja-quem-tem-direito.jpg?fit=1200%2C638&ssl=1&resize=350%2C200","width":350,"height":200,"srcset":"https:\/\/i0.wp.com\/noticiasribeiraopreto.com.br\/wp-content\/uploads\/2023\/12\/caixa-paga-bolsa-familia-a-novos-beneficiarios-hoje-veja-quem-tem-direito.jpg?fit=1200%2C638&ssl=1&resize=350%2C200 1x, https:\/\/i0.wp.com\/noticiasribeiraopreto.com.br\/wp-content\/uploads\/2023\/12\/caixa-paga-bolsa-familia-a-novos-beneficiarios-hoje-veja-quem-tem-direito.jpg?fit=1200%2C638&ssl=1&resize=525%2C300 1.5x, https:\/\/i0.wp.com\/noticiasribeiraopreto.com.br\/wp-content\/uploads\/2023\/12\/caixa-paga-bolsa-familia-a-novos-beneficiarios-hoje-veja-quem-tem-direito.jpg?fit=1200%2C638&ssl=1&resize=700%2C400 2x, https:\/\/i0.wp.com\/noticiasribeiraopreto.com.br\/wp-content\/uploads\/2023\/12\/caixa-paga-bolsa-familia-a-novos-beneficiarios-hoje-veja-quem-tem-direito.jpg?fit=1200%2C638&ssl=1&resize=1050%2C600 3x"},"classes":[]},{"id":12924,"url":"https:\/\/noticiasribeiraopreto.com.br\/index.php\/2023\/12\/08\/governo-antecipa-pagamento-do-auxilio-gas-em-dezembro-meu-valor-digital\/","url_meta":{"origin":80966,"position":4},"title":"Governo antecipa pagamento do Aux\u00edlio-G\u00e1s em Dezembro &#8211; Meu Valor Digital","author":"noticiasribeiraopreto.com.br","date":"8 de December de 2023","format":false,"excerpt":"No m\u00eas de dezembro, devido \u00e0s festas de fim do ano, o governo federal decidiu antecipar o pagamento do Aux\u00edlio-G\u00e1s, conhecido tamb\u00e9m como Vale G\u00e1s.\u00a0 Neste m\u00eas, o Vale G\u00e1s poder\u00e1 vir com um valor menor. Isso porque houve uma queda no pre\u00e7o do g\u00e1s de cozinha. Em dezembro o\u2026","rel":"","context":"In &quot;Vagas de Emprego em Ribeir\u00e3o Preto-SP&quot;","block_context":{"text":"Vagas de Emprego em Ribeir\u00e3o Preto-SP","link":"https:\/\/noticiasribeiraopreto.com.br\/index.php\/category\/empregos-classificados-vagas-trabalho\/vagas-de-empregos-em-ribeirao-preto-regiao-brasil\/"},"img":{"alt_text":"","src":"https:\/\/i0.wp.com\/noticiasribeiraopreto.com.br\/wp-content\/uploads\/2023\/12\/Auxilio-Gas-1.jpg?fit=1200%2C773&ssl=1&resize=350%2C200","width":350,"height":200,"srcset":"https:\/\/i0.wp.com\/noticiasribeiraopreto.com.br\/wp-content\/uploads\/2023\/12\/Auxilio-Gas-1.jpg?fit=1200%2C773&ssl=1&resize=350%2C200 1x, https:\/\/i0.wp.com\/noticiasribeiraopreto.com.br\/wp-content\/uploads\/2023\/12\/Auxilio-Gas-1.jpg?fit=1200%2C773&ssl=1&resize=525%2C300 1.5x, https:\/\/i0.wp.com\/noticiasribeiraopreto.com.br\/wp-content\/uploads\/2023\/12\/Auxilio-Gas-1.jpg?fit=1200%2C773&ssl=1&resize=700%2C400 2x, https:\/\/i0.wp.com\/noticiasribeiraopreto.com.br\/wp-content\/uploads\/2023\/12\/Auxilio-Gas-1.jpg?fit=1200%2C773&ssl=1&resize=1050%2C600 3x"},"classes":[]},{"id":10196,"url":"https:\/\/noticiasribeiraopreto.com.br\/index.php\/2023\/12\/04\/inss-surpreende-aposentados-com-pagamento-antecipado\/","url_meta":{"origin":80966,"position":5},"title":"INSS surpreende aposentados com pagamento antecipado","author":"noticiasribeiraopreto.com.br","date":"4 de December de 2023","format":false,"excerpt":"Benefici\u00e1rios do INSS recebem uma boa not\u00edcia com a antecipa\u00e7\u00e3o dos dep\u00f3sitos de dezembro, encerrando o ano com alegria financeira. 3 de dezembro de 2023 \u00e0s 23:59 Por: Reda\u00e7\u00e3o Cr\u00e9ditos: Captura de telaPrint do portal Meu INSS O Instituto Nacional do Seguro Social (INSS) surpreendeu os aposentados e pensionistas ao\u2026","rel":"","context":"In &quot;Variedades&quot;","block_context":{"text":"Variedades","link":"https:\/\/noticiasribeiraopreto.com.br\/index.php\/category\/variedades\/"},"img":{"alt_text":"","src":"https:\/\/i0.wp.com\/noticiasribeiraopreto.com.br\/wp-content\/uploads\/2023\/12\/1701659671_depositphotos-366956486-xl-scaled.jpg?fit=1200%2C638&ssl=1&resize=350%2C200","width":350,"height":200,"srcset":"https:\/\/i0.wp.com\/noticiasribeiraopreto.com.br\/wp-content\/uploads\/2023\/12\/1701659671_depositphotos-366956486-xl-scaled.jpg?fit=1200%2C638&ssl=1&resize=350%2C200 1x, https:\/\/i0.wp.com\/noticiasribeiraopreto.com.br\/wp-content\/uploads\/2023\/12\/1701659671_depositphotos-366956486-xl-scaled.jpg?fit=1200%2C638&ssl=1&resize=525%2C300 1.5x, https:\/\/i0.wp.com\/noticiasribeiraopreto.com.br\/wp-content\/uploads\/2023\/12\/1701659671_depositphotos-366956486-xl-scaled.jpg?fit=1200%2C638&ssl=1&resize=700%2C400 2x, https:\/\/i0.wp.com\/noticiasribeiraopreto.com.br\/wp-content\/uploads\/2023\/12\/1701659671_depositphotos-366956486-xl-scaled.jpg?fit=1200%2C638&ssl=1&resize=1050%2C600 3x"},"classes":[]}],"jetpack_sharing_enabled":true,"jetpack_shortlink":"https:\/\/wp.me\/peQAOb-l3U","_links":{"self":[{"href":"https:\/\/noticiasribeiraopreto.com.br\/index.php\/wp-json\/wp\/v2\/posts\/80966","targetHints":{"allow":["GET"]}}],"collection":[{"href":"https:\/\/noticiasribeiraopreto.com.br\/index.php\/wp-json\/wp\/v2\/posts"}],"about":[{"href":"https:\/\/noticiasribeiraopreto.com.br\/index.php\/wp-json\/wp\/v2\/types\/post"}],"author":[{"embeddable":true,"href":"https:\/\/noticiasribeiraopreto.com.br\/index.php\/wp-json\/wp\/v2\/users\/1"}],"replies":[{"embeddable":true,"href":"https:\/\/noticiasribeiraopreto.com.br\/index.php\/wp-json\/wp\/v2\/comments?post=80966"}],"version-history":[{"count":0,"href":"https:\/\/noticiasribeiraopreto.com.br\/index.php\/wp-json\/wp\/v2\/posts\/80966\/revisions"}],"wp:attachment":[{"href":"https:\/\/noticiasribeiraopreto.com.br\/index.php\/wp-json\/wp\/v2\/media?parent=80966"}],"wp:term":[{"taxonomy":"category","embeddable":true,"href":"https:\/\/noticiasribeiraopreto.com.br\/index.php\/wp-json\/wp\/v2\/categories?post=80966"},{"taxonomy":"post_tag","embeddable":true,"href":"https:\/\/noticiasribeiraopreto.com.br\/index.php\/wp-json\/wp\/v2\/tags?post=80966"}],"curies":[{"name":"wp","href":"https:\/\/api.w.org\/{rel}","templated":true}]}}