{"id":80967,"date":"2025-12-19T09:58:00","date_gmt":"2025-12-19T12:58:00","guid":{"rendered":"https:\/\/noticiasribeiraopreto.com.br\/index.php\/2025\/12\/19\/perseguicao-termina-com-apreensao-de-quase-200-quilos-de-maconha-no-interior-de-sp\/"},"modified":"2025-12-19T09:58:00","modified_gmt":"2025-12-19T12:58:00","slug":"perseguicao-termina-com-apreensao-de-quase-200-quilos-de-maconha-no-interior-de-sp","status":"publish","type":"post","link":"https:\/\/noticiasribeiraopreto.com.br\/index.php\/2025\/12\/19\/perseguicao-termina-com-apreensao-de-quase-200-quilos-de-maconha-no-interior-de-sp\/","title":{"rendered":"Persegui\u00e7\u00e3o termina com apreens\u00e3o de quase 200 quilos de maconha no interior de SP"},"content":{"rendered":"<div class='code-block code-block-1' style='margin: 8px 0 8px auto; text-align: right; display: block; clear: both;'>\n<p><a href=\"https:\/\/wa.link\/vpicfd\"><img data-recalc-dims=\"1\" class=\"wp-image-4922\" style=\"aspect-ratio: 2.0253164556962027; width: 561px; height: auto;\" src=\"https:\/\/i0.wp.com\/ismaelcolosi.com.br\/wp-content\/uploads\/2023\/11\/grupo-de-empregos-whatsapp-e-facebook-ismael-colosi-vagas.jpg?ssl=1\" alt=\"\" \/><\/a><\/p>\n<!-- \/wp:image -->\n<\/div>\n<p> <br \/>\n<\/p>\n<div>\n<p>A <strong>Pol\u00edcia Militar de Santo Ant\u00f4nio da Alegria<\/strong>, cidade a 96 quil\u00f4metros de <strong>Ribeir\u00e3o Preto<\/strong>, apreendeu cerca de <strong>190 quilos de maconha <\/strong>durante uma a\u00e7\u00e3o da Opera\u00e7\u00e3o Impacto, realizada na vicinal Fioravante Belutti, nesta quinta-feira (18).<\/p>\n<p>De acordo coma s informa\u00e7\u00f5es, a ocorr\u00eancia teve in\u00edcio ap\u00f3s os policiais darem sinal de parada a um ve\u00edculo Audi A3, <strong>que desobedeceu \u00e0 ordem e fugiu em dire\u00e7\u00e3o ao munic\u00edpio de Itamogi (MG)<\/strong>.<\/p>\n<p>Com isso, os agentes come\u00e7aram a realizar o acompanhamento do autom\u00f3vel <mark style=\"background-color:#fcb900\" class=\"has-inline-color\">at\u00e9 o momento em que o motorista abandonou o carro \u00e0s margens da vicinal e fugiu a p\u00e9 por uma lavoura de caf\u00e9.<\/mark><\/p>\n<p>Com apoio das equipes da Pol\u00edcia Militar de Minas Gerais, foi montado um cerco policial na \u00e1rea, contudo, <strong>at\u00e9 o momento ningu\u00e9m foi preso<\/strong>. Na vistoria realizada no ve\u00edculo, os policiais encontraram <strong>205 tabletes de maconha<\/strong>, totalizando aproximadamente 190 quilos da droga.<\/p>\n<p>Ainda de acordo com a <strong>PM<\/strong>, <strong><mark style=\"background-color:#fcb900\" class=\"has-inline-color\">o emplacamento do carro havia passado por radares no estado de Mato Grosso do Sul, pr\u00f3ximo \u00e0 fronteira com o Paraguai, um dia antes da ocorr\u00eancia.<\/mark><\/strong><\/p>\n<p>As buscas continuam na regi\u00e3o com apoio do <strong>helic\u00f3ptero \u00c1guia<\/strong>, al\u00e9m de viaturas do <strong>BAEP (Batalh\u00e3o de A\u00e7\u00f5es Especiais de Pol\u00edcia)<\/strong> e da <strong>For\u00e7a T\u00e1tica<\/strong>. Conforme a pol\u00edcia, os agentes investigam se o munic\u00edpio mineiro seria o destino final da droga.<\/p>\n<figure class=\"wp-block-gallery has-nested-images columns-default is-cropped wp-block-gallery-1 is-layout-flex wp-block-gallery-is-layout-flex\">\n<figure class=\"wp-block-image size-large\"><img data-recalc-dims=\"1\" fetchpriority=\"high\" decoding=\"async\" width=\"1024\" height=\"576\" data-id=\"139768\" src=\"https:\/\/i0.wp.com\/cdn.media-acidadeon.com.br\/ribeiraopreto\/wp-content\/uploads\/sites\/3\/2025\/12\/WhatsApp-Image-2025-12-18-at-12.35.26-2_2025-12-18_16-12-25-1024x576.webp?resize=1024%2C576&#038;ssl=1\" alt=\"Pol\u00edcia Militar apreendeu 190 quilos de droga - Foto: Pol\u00edcia Militar.\" class=\"wp-image-139768\" title=\"Persegui\u00e7\u00e3o termina com apreens\u00e3o de quase 200 quilos de maconha no interior de SP 1\" srcset=\"https:\/\/cdn.media-acidadeon.com.br\/ribeiraopreto\/wp-content\/uploads\/sites\/3\/2025\/12\/WhatsApp-Image-2025-12-18-at-12.35.26-2_2025-12-18_16-12-25-1024x576.webp 1024w, https:\/\/cdn.media-acidadeon.com.br\/ribeiraopreto\/wp-content\/uploads\/sites\/3\/2025\/12\/WhatsApp-Image-2025-12-18-at-12.35.26-2_2025-12-18_16-12-25-300x169.webp 300w, https:\/\/cdn.media-acidadeon.com.br\/ribeiraopreto\/wp-content\/uploads\/sites\/3\/2025\/12\/WhatsApp-Image-2025-12-18-at-12.35.26-2_2025-12-18_16-12-25-768x432.webp 768w, https:\/\/cdn.media-acidadeon.com.br\/ribeiraopreto\/wp-content\/uploads\/sites\/3\/2025\/12\/WhatsApp-Image-2025-12-18-at-12.35.26-2_2025-12-18_16-12-25-696x392.webp 696w, https:\/\/cdn.media-acidadeon.com.br\/ribeiraopreto\/wp-content\/uploads\/sites\/3\/2025\/12\/WhatsApp-Image-2025-12-18-at-12.35.26-2_2025-12-18_16-12-25-1068x601.webp 1068w, https:\/\/cdn.media-acidadeon.com.br\/ribeiraopreto\/wp-content\/uploads\/sites\/3\/2025\/12\/WhatsApp-Image-2025-12-18-at-12.35.26-2_2025-12-18_16-12-25.webp 1200w\" sizes=\"(max-width: 1024px) 100vw, 1024px\"\/><figcaption class=\"wp-element-caption\">Pol\u00edcia Militar apreendeu 190 quilos de droga \u2013 Foto: Pol\u00edcia Militar.<\/figcaption><\/figure>\n<figure class=\"wp-block-image size-large\"><img data-recalc-dims=\"1\" loading=\"lazy\" decoding=\"async\" width=\"1024\" height=\"576\" data-id=\"139769\" src=\"https:\/\/i0.wp.com\/cdn.media-acidadeon.com.br\/ribeiraopreto\/wp-content\/uploads\/sites\/3\/2025\/12\/WhatsApp-Image-2025-12-18-at-12.35.26-1_2025-12-18_16-12-28-1024x576.webp?resize=1024%2C576&#038;ssl=1\" alt=\"Pol\u00edcia Militar apreendeu 190 quilos de droga - Foto: Pol\u00edcia Militar.\" class=\"wp-image-139769\" title=\"Persegui\u00e7\u00e3o termina com apreens\u00e3o de quase 200 quilos de maconha no interior de SP 2\" srcset=\"https:\/\/cdn.media-acidadeon.com.br\/ribeiraopreto\/wp-content\/uploads\/sites\/3\/2025\/12\/WhatsApp-Image-2025-12-18-at-12.35.26-1_2025-12-18_16-12-28-1024x576.webp 1024w, https:\/\/cdn.media-acidadeon.com.br\/ribeiraopreto\/wp-content\/uploads\/sites\/3\/2025\/12\/WhatsApp-Image-2025-12-18-at-12.35.26-1_2025-12-18_16-12-28-300x169.webp 300w, https:\/\/cdn.media-acidadeon.com.br\/ribeiraopreto\/wp-content\/uploads\/sites\/3\/2025\/12\/WhatsApp-Image-2025-12-18-at-12.35.26-1_2025-12-18_16-12-28-768x432.webp 768w, https:\/\/cdn.media-acidadeon.com.br\/ribeiraopreto\/wp-content\/uploads\/sites\/3\/2025\/12\/WhatsApp-Image-2025-12-18-at-12.35.26-1_2025-12-18_16-12-28-696x392.webp 696w, https:\/\/cdn.media-acidadeon.com.br\/ribeiraopreto\/wp-content\/uploads\/sites\/3\/2025\/12\/WhatsApp-Image-2025-12-18-at-12.35.26-1_2025-12-18_16-12-28-1068x601.webp 1068w, https:\/\/cdn.media-acidadeon.com.br\/ribeiraopreto\/wp-content\/uploads\/sites\/3\/2025\/12\/WhatsApp-Image-2025-12-18-at-12.35.26-1_2025-12-18_16-12-28.webp 1200w\" sizes=\"auto, (max-width: 1024px) 100vw, 1024px\"\/><figcaption class=\"wp-element-caption\">Pol\u00edcia Militar apreendeu 190 quilos de droga \u2013 Foto: Pol\u00edcia Militar.<\/figcaption><\/figure>\n<figure class=\"wp-block-image size-large\"><img data-recalc-dims=\"1\" loading=\"lazy\" decoding=\"async\" width=\"1024\" height=\"576\" data-id=\"139770\" src=\"https:\/\/i0.wp.com\/cdn.media-acidadeon.com.br\/ribeiraopreto\/wp-content\/uploads\/sites\/3\/2025\/12\/WhatsApp-Image-2025-12-18-at-12.35.25-4_2025-12-18_16-12-30-1024x576.webp?resize=1024%2C576&#038;ssl=1\" alt=\"Pol\u00edcia Militar apreendeu 190 quilos de droga - Foto: Pol\u00edcia Militar.\" class=\"wp-image-139770\" title=\"Persegui\u00e7\u00e3o termina com apreens\u00e3o de quase 200 quilos de maconha no interior de SP 3\" srcset=\"https:\/\/cdn.media-acidadeon.com.br\/ribeiraopreto\/wp-content\/uploads\/sites\/3\/2025\/12\/WhatsApp-Image-2025-12-18-at-12.35.25-4_2025-12-18_16-12-30-1024x576.webp 1024w, https:\/\/cdn.media-acidadeon.com.br\/ribeiraopreto\/wp-content\/uploads\/sites\/3\/2025\/12\/WhatsApp-Image-2025-12-18-at-12.35.25-4_2025-12-18_16-12-30-300x169.webp 300w, https:\/\/cdn.media-acidadeon.com.br\/ribeiraopreto\/wp-content\/uploads\/sites\/3\/2025\/12\/WhatsApp-Image-2025-12-18-at-12.35.25-4_2025-12-18_16-12-30-768x432.webp 768w, https:\/\/cdn.media-acidadeon.com.br\/ribeiraopreto\/wp-content\/uploads\/sites\/3\/2025\/12\/WhatsApp-Image-2025-12-18-at-12.35.25-4_2025-12-18_16-12-30-696x392.webp 696w, https:\/\/cdn.media-acidadeon.com.br\/ribeiraopreto\/wp-content\/uploads\/sites\/3\/2025\/12\/WhatsApp-Image-2025-12-18-at-12.35.25-4_2025-12-18_16-12-30-1068x601.webp 1068w, https:\/\/cdn.media-acidadeon.com.br\/ribeiraopreto\/wp-content\/uploads\/sites\/3\/2025\/12\/WhatsApp-Image-2025-12-18-at-12.35.25-4_2025-12-18_16-12-30.webp 1200w\" sizes=\"auto, (max-width: 1024px) 100vw, 1024px\"\/><figcaption class=\"wp-element-caption\">Pol\u00edcia Militar apreendeu 190 quilos de droga \u2013 Foto: Pol\u00edcia Militar.<\/figcaption><\/figure>\n<figure class=\"wp-block-image size-large\"><img data-recalc-dims=\"1\" loading=\"lazy\" decoding=\"async\" width=\"1024\" height=\"576\" data-id=\"139771\" src=\"https:\/\/i0.wp.com\/cdn.media-acidadeon.com.br\/ribeiraopreto\/wp-content\/uploads\/sites\/3\/2025\/12\/WhatsApp-Image-2025-12-18-at-12.35.25-3_2025-12-18_16-12-32-1024x576.webp?resize=1024%2C576&#038;ssl=1\" alt=\"Pol\u00edcia Militar apreendeu 190 quilos de droga - Foto: Pol\u00edcia Militar.\" class=\"wp-image-139771\" title=\"Persegui\u00e7\u00e3o termina com apreens\u00e3o de quase 200 quilos de maconha no interior de SP 4\" srcset=\"https:\/\/cdn.media-acidadeon.com.br\/ribeiraopreto\/wp-content\/uploads\/sites\/3\/2025\/12\/WhatsApp-Image-2025-12-18-at-12.35.25-3_2025-12-18_16-12-32-1024x576.webp 1024w, https:\/\/cdn.media-acidadeon.com.br\/ribeiraopreto\/wp-content\/uploads\/sites\/3\/2025\/12\/WhatsApp-Image-2025-12-18-at-12.35.25-3_2025-12-18_16-12-32-300x169.webp 300w, https:\/\/cdn.media-acidadeon.com.br\/ribeiraopreto\/wp-content\/uploads\/sites\/3\/2025\/12\/WhatsApp-Image-2025-12-18-at-12.35.25-3_2025-12-18_16-12-32-768x432.webp 768w, https:\/\/cdn.media-acidadeon.com.br\/ribeiraopreto\/wp-content\/uploads\/sites\/3\/2025\/12\/WhatsApp-Image-2025-12-18-at-12.35.25-3_2025-12-18_16-12-32-696x392.webp 696w, https:\/\/cdn.media-acidadeon.com.br\/ribeiraopreto\/wp-content\/uploads\/sites\/3\/2025\/12\/WhatsApp-Image-2025-12-18-at-12.35.25-3_2025-12-18_16-12-32-1068x601.webp 1068w, https:\/\/cdn.media-acidadeon.com.br\/ribeiraopreto\/wp-content\/uploads\/sites\/3\/2025\/12\/WhatsApp-Image-2025-12-18-at-12.35.25-3_2025-12-18_16-12-32.webp 1200w\" sizes=\"auto, (max-width: 1024px) 100vw, 1024px\"\/><figcaption class=\"wp-element-caption\">Pol\u00edcia Militar apreendeu 190 quilos de droga \u2013 Foto: Pol\u00edcia Militar.<\/figcaption><\/figure>\n<figure class=\"wp-block-image size-large\"><img data-recalc-dims=\"1\" loading=\"lazy\" decoding=\"async\" width=\"1024\" height=\"576\" data-id=\"139772\" src=\"https:\/\/i0.wp.com\/cdn.media-acidadeon.com.br\/ribeiraopreto\/wp-content\/uploads\/sites\/3\/2025\/12\/WhatsApp-Image-2025-12-18-at-12.35.25-2_2025-12-18_16-12-34-1024x576.webp?resize=1024%2C576&#038;ssl=1\" alt=\"Pol\u00edcia Militar apreendeu 190 quilos de droga - Foto: Pol\u00edcia Militar.\" class=\"wp-image-139772\" title=\"Persegui\u00e7\u00e3o termina com apreens\u00e3o de quase 200 quilos de maconha no interior de SP 5\" srcset=\"https:\/\/cdn.media-acidadeon.com.br\/ribeiraopreto\/wp-content\/uploads\/sites\/3\/2025\/12\/WhatsApp-Image-2025-12-18-at-12.35.25-2_2025-12-18_16-12-34-1024x576.webp 1024w, https:\/\/cdn.media-acidadeon.com.br\/ribeiraopreto\/wp-content\/uploads\/sites\/3\/2025\/12\/WhatsApp-Image-2025-12-18-at-12.35.25-2_2025-12-18_16-12-34-300x169.webp 300w, https:\/\/cdn.media-acidadeon.com.br\/ribeiraopreto\/wp-content\/uploads\/sites\/3\/2025\/12\/WhatsApp-Image-2025-12-18-at-12.35.25-2_2025-12-18_16-12-34-768x432.webp 768w, https:\/\/cdn.media-acidadeon.com.br\/ribeiraopreto\/wp-content\/uploads\/sites\/3\/2025\/12\/WhatsApp-Image-2025-12-18-at-12.35.25-2_2025-12-18_16-12-34-696x392.webp 696w, https:\/\/cdn.media-acidadeon.com.br\/ribeiraopreto\/wp-content\/uploads\/sites\/3\/2025\/12\/WhatsApp-Image-2025-12-18-at-12.35.25-2_2025-12-18_16-12-34-1068x601.webp 1068w, https:\/\/cdn.media-acidadeon.com.br\/ribeiraopreto\/wp-content\/uploads\/sites\/3\/2025\/12\/WhatsApp-Image-2025-12-18-at-12.35.25-2_2025-12-18_16-12-34.webp 1200w\" sizes=\"auto, (max-width: 1024px) 100vw, 1024px\"\/><figcaption class=\"wp-element-caption\">Pol\u00edcia Militar apreendeu 190 quilos de droga \u2013 Foto: Pol\u00edcia Militar.<\/figcaption><\/figure>\n<figure class=\"wp-block-image size-large\"><img data-recalc-dims=\"1\" loading=\"lazy\" decoding=\"async\" width=\"1024\" height=\"576\" data-id=\"139773\" src=\"https:\/\/i0.wp.com\/cdn.media-acidadeon.com.br\/ribeiraopreto\/wp-content\/uploads\/sites\/3\/2025\/12\/WhatsApp-Image-2025-12-18-at-12.35.27_2025-12-18_16-12-36-1024x576.webp?resize=1024%2C576&#038;ssl=1\" alt=\"Pol\u00edcia Militar apreendeu 190 quilos de droga - Foto: Pol\u00edcia Militar.\" class=\"wp-image-139773\" title=\"Persegui\u00e7\u00e3o termina com apreens\u00e3o de quase 200 quilos de maconha no interior de SP 6\" srcset=\"https:\/\/cdn.media-acidadeon.com.br\/ribeiraopreto\/wp-content\/uploads\/sites\/3\/2025\/12\/WhatsApp-Image-2025-12-18-at-12.35.27_2025-12-18_16-12-36-1024x576.webp 1024w, https:\/\/cdn.media-acidadeon.com.br\/ribeiraopreto\/wp-content\/uploads\/sites\/3\/2025\/12\/WhatsApp-Image-2025-12-18-at-12.35.27_2025-12-18_16-12-36-300x169.webp 300w, https:\/\/cdn.media-acidadeon.com.br\/ribeiraopreto\/wp-content\/uploads\/sites\/3\/2025\/12\/WhatsApp-Image-2025-12-18-at-12.35.27_2025-12-18_16-12-36-768x432.webp 768w, https:\/\/cdn.media-acidadeon.com.br\/ribeiraopreto\/wp-content\/uploads\/sites\/3\/2025\/12\/WhatsApp-Image-2025-12-18-at-12.35.27_2025-12-18_16-12-36-696x392.webp 696w, https:\/\/cdn.media-acidadeon.com.br\/ribeiraopreto\/wp-content\/uploads\/sites\/3\/2025\/12\/WhatsApp-Image-2025-12-18-at-12.35.27_2025-12-18_16-12-36-1068x601.webp 1068w, https:\/\/cdn.media-acidadeon.com.br\/ribeiraopreto\/wp-content\/uploads\/sites\/3\/2025\/12\/WhatsApp-Image-2025-12-18-at-12.35.27_2025-12-18_16-12-36.webp 1200w\" sizes=\"auto, (max-width: 1024px) 100vw, 1024px\"\/><figcaption class=\"wp-element-caption\">Pol\u00edcia Militar apreendeu 190 quilos de droga \u2013 Foto: Pol\u00edcia Militar.<\/figcaption><\/figure>\n<\/figure>\n<hr class=\"wp-block-separator has-alpha-channel-opacity\"\/>\n<p>SAIBA MAIS<\/p>\n<p>Inc\u00eandio mobiliza Bombeiros em posto do Hemocentro de Ribeir\u00e3o Preto; V\u00eddeo<\/p>\n<h2 class=\"wp-block-heading\"><strong>FIQUE ON<\/strong><\/h2>\n<p>Fique ligado em tudo que acontece em Ribeir\u00e3o Preto e regi\u00e3o. Siga os perfis do<strong>\u00a0acidade on<\/strong>\u00a0no\u00a0<a href=\"https:\/\/www.instagram.com\/acidadeonribeirao\" target=\"_blank\" rel=\"noreferrer noopener\">Instagram<\/a>\u00a0e no\u00a0<a href=\"https:\/\/www.facebook.com\/acidadeonribeirao\/\" target=\"_blank\" rel=\"noreferrer noopener\">Facebook<\/a>.<\/p>\n<p>Receba not\u00edcias do\u00a0<strong>acidade on\u00a0<\/strong>no WhatsApp. Para entrar no grupo,\u00a0basta\u00a0<a href=\"https:\/\/chat.whatsapp.com\/GFH9HUMUTHNFJdnyEd0xxq\" target=\"_blank\" rel=\"noreferrer noopener\">clicar aqui<\/a>. Ou, acesse o nosso\u00a0Canal\u00a0<a href=\"https:\/\/whatsapp.com\/channel\/0029Vb6IQl1JENyAeS57fk2p\" target=\"_blank\" rel=\"noreferrer noopener\">clicando aqui<\/a>.<\/p>\n<p>Fa\u00e7a uma den\u00fancia ou sugira uma reportagem sobre Ribeir\u00e3o Preto e regi\u00e3o pelo WhatsApp: 16 99117 7802.<\/p>\n<p>VEJA TAMB\u00c9M<\/p>\n<p>Pr\u00eamio eSports Brasil 2025 acontece nesta quinta-feira<\/p>\n<p><!-- AI CONTENT END 1 -->\n<\/div>\n<p><script async src=\"\/\/www.instagram.com\/embed.js\"><\/script><br \/>\n<br \/><br \/>\n<br \/><a href=\"https:\/\/www.acidadeon.com\/ribeiraopreto\/cotidiano\/perseguicao-termina-com-apreensao-de-quase-200-quilos-de-maconha-no-interior-de-sp\/\">Source link <\/a><\/p>\n<!-- CONTENT END 1 -->\n","protected":false},"excerpt":{"rendered":"<p>A Pol\u00edcia Militar de Santo Ant\u00f4nio da Alegria, cidade a 96 quil\u00f4metros de Ribeir\u00e3o Preto, apreendeu cerca de 190 quilos de maconha durante uma a\u00e7\u00e3o&#8230;<\/p>\n","protected":false},"author":1,"featured_media":80968,"comment_status":"open","ping_status":"open","sticky":false,"template":"","format":"standard","meta":{"advanced_seo_description":"","jetpack_seo_html_title":"","jetpack_seo_noindex":false,"jetpack_post_was_ever_published":false,"_jetpack_newsletter_access":"","_jetpack_dont_email_post_to_subs":false,"_jetpack_newsletter_tier_id":0,"_jetpack_memberships_contains_paywalled_content":false,"_jetpack_memberships_contains_paid_content":false,"footnotes":"","jetpack_publicize_message":"","jetpack_publicize_feature_enabled":true,"jetpack_social_post_already_shared":true,"jetpack_social_options":{"image_generator_settings":{"template":"highway","default_image_id":0,"font":"","enabled":false},"version":2}},"categories":[11],"tags":[],"class_list":["post-80967","post","type-post","status-publish","format-standard","has-post-thumbnail","hentry","category-noticias-de-ribeirao-preto-sp-e-regiao-ismael-colosi"],"jetpack_publicize_connections":[],"jetpack_featured_media_url":"https:\/\/i0.wp.com\/noticiasribeiraopreto.com.br\/wp-content\/uploads\/2025\/12\/domingo-11_2025-12-18_16-09-05.webp.webp?fit=1200%2C675&ssl=1","jetpack-related-posts":[{"id":73100,"url":"https:\/\/noticiasribeiraopreto.com.br\/index.php\/2025\/06\/25\/video-policia-apreende-70-quilos-de-maconha-na-zona-norte\/","url_meta":{"origin":80967,"position":0},"title":"V\u00cdDEO &#8211; Pol\u00edcia apreende 70 quilos de maconha na zona Norte","author":"noticiasribeiraopreto.com.br","date":"25 de June de 2025","format":false,"excerpt":"Drogas estavam espalhadas entre sala e quarto; adolescente \u00e9 apreendido durante a\u00e7\u00e3o da Opera\u00e7\u00e3o S\u00e3o Jo\u00e3o 25 de junho de 2025 13:144 Compartilhar1 Por: Adalberto Luque Uma a\u00e7\u00e3o da Pol\u00edcia Civil realizada na manh\u00e3 desta quarta-feira (25), no bairro Jardim Jandaia, zona Norte de Ribeir\u00e3o Preto, resultou na apreens\u00e3o de\u2026","rel":"","context":"In &quot;Not\u00edcias de Ribeir\u00e3o Preto-SP e Regi\u00e3o&quot;","block_context":{"text":"Not\u00edcias de Ribeir\u00e3o Preto-SP e Regi\u00e3o","link":"https:\/\/noticiasribeiraopreto.com.br\/index.php\/category\/noticias-de-ribeirao-preto-sp-e-regiao-ismael-colosi\/"},"img":{"alt_text":"","src":"https:\/\/i0.wp.com\/noticiasribeiraopreto.com.br\/wp-content\/uploads\/2025\/06\/25-jun-2025-apreensaocpji-scaled.jpg?fit=800%2C450&ssl=1&resize=350%2C200","width":350,"height":200,"srcset":"https:\/\/i0.wp.com\/noticiasribeiraopreto.com.br\/wp-content\/uploads\/2025\/06\/25-jun-2025-apreensaocpji-scaled.jpg?fit=800%2C450&ssl=1&resize=350%2C200 1x, https:\/\/i0.wp.com\/noticiasribeiraopreto.com.br\/wp-content\/uploads\/2025\/06\/25-jun-2025-apreensaocpji-scaled.jpg?fit=800%2C450&ssl=1&resize=525%2C300 1.5x, https:\/\/i0.wp.com\/noticiasribeiraopreto.com.br\/wp-content\/uploads\/2025\/06\/25-jun-2025-apreensaocpji-scaled.jpg?fit=800%2C450&ssl=1&resize=700%2C400 2x"},"classes":[]},{"id":82464,"url":"https:\/\/noticiasribeiraopreto.com.br\/index.php\/2026\/02\/15\/policia-divulga-balanco-da-operacao-contra-o-trafico-de-drogas-no-estado-de-sp\/","url_meta":{"origin":80967,"position":1},"title":"Pol\u00edcia divulga balan\u00e7o da opera\u00e7\u00e3o contra o tr\u00e1fico de drogas\u00a0no estado de SP","author":"noticiasribeiraopreto.com.br","date":"15 de February de 2026","format":false,"excerpt":"A PM (Pol\u00edcia Militar) divulgou neste s\u00e1bado (14) um balan\u00e7o da opera\u00e7\u00e3o Impacto contra o tr\u00e1fico de drogas realizada nesta sexta-feira (14), v\u00e9spera do Carnaval, no estado de S\u00e3o Paulo. Segundo os dados, ao todo 245 pessoas foram presas e 63 menores apreendidos, al\u00e9m da apreens\u00e3o de 140,5 quilos de\u2026","rel":"","context":"In &quot;Not\u00edcias de Ribeir\u00e3o Preto-SP e Regi\u00e3o&quot;","block_context":{"text":"Not\u00edcias de Ribeir\u00e3o Preto-SP e Regi\u00e3o","link":"https:\/\/noticiasribeiraopreto.com.br\/index.php\/category\/noticias-de-ribeirao-preto-sp-e-regiao-ismael-colosi\/"},"img":{"alt_text":"","src":"https:\/\/i0.wp.com\/noticiasribeiraopreto.com.br\/wp-content\/uploads\/2025\/06\/policia-militar-nova-2_2025-04-24_13-01-57.webp.webp?fit=1200%2C799&ssl=1&resize=350%2C200","width":350,"height":200,"srcset":"https:\/\/i0.wp.com\/noticiasribeiraopreto.com.br\/wp-content\/uploads\/2025\/06\/policia-militar-nova-2_2025-04-24_13-01-57.webp.webp?fit=1200%2C799&ssl=1&resize=350%2C200 1x, https:\/\/i0.wp.com\/noticiasribeiraopreto.com.br\/wp-content\/uploads\/2025\/06\/policia-militar-nova-2_2025-04-24_13-01-57.webp.webp?fit=1200%2C799&ssl=1&resize=525%2C300 1.5x, https:\/\/i0.wp.com\/noticiasribeiraopreto.com.br\/wp-content\/uploads\/2025\/06\/policia-militar-nova-2_2025-04-24_13-01-57.webp.webp?fit=1200%2C799&ssl=1&resize=700%2C400 2x, https:\/\/i0.wp.com\/noticiasribeiraopreto.com.br\/wp-content\/uploads\/2025\/06\/policia-militar-nova-2_2025-04-24_13-01-57.webp.webp?fit=1200%2C799&ssl=1&resize=1050%2C600 3x"},"classes":[]},{"id":42378,"url":"https:\/\/noticiasribeiraopreto.com.br\/index.php\/2024\/03\/14\/baep-apreende-25-kg-de-drogas-na-zona-norte\/","url_meta":{"origin":80967,"position":2},"title":"BAEP apreende 25 kg de drogas na zona Norte","author":"noticiasribeiraopreto.com.br","date":"14 de March de 2024","format":false,"excerpt":"A\u00e7\u00f5es ocorreram nos bairros Jardim Salgado Filho 1 e 2 14 de mar\u00e7o de 2024 | 11:16 0Por: Adalberto LuqueEm duas a\u00e7\u00f5es distintas, realizadas nesta quarta-feira (13), o Batalh\u00e3o de A\u00e7\u00f5es Especiais de Pol\u00edcia (BAEP) apreendeu quase 25 quilos de drogas em duas opera\u00e7\u00f5es. As a\u00e7\u00f5es ocorreram em bairros da\u2026","rel":"","context":"In &quot;Not\u00edcias de Ribeir\u00e3o Preto-SP e Regi\u00e3o&quot;","block_context":{"text":"Not\u00edcias de Ribeir\u00e3o Preto-SP e Regi\u00e3o","link":"https:\/\/noticiasribeiraopreto.com.br\/index.php\/category\/noticias-de-ribeirao-preto-sp-e-regiao-ismael-colosi\/"},"img":{"alt_text":"","src":"https:\/\/i0.wp.com\/noticiasribeiraopreto.com.br\/wp-content\/uploads\/2024\/03\/00-14-mar-2024-Drogas-Salgado-Filho-02-foto-baep-scaled.jpg?fit=1000%2C573&ssl=1&resize=350%2C200","width":350,"height":200,"srcset":"https:\/\/i0.wp.com\/noticiasribeiraopreto.com.br\/wp-content\/uploads\/2024\/03\/00-14-mar-2024-Drogas-Salgado-Filho-02-foto-baep-scaled.jpg?fit=1000%2C573&ssl=1&resize=350%2C200 1x, https:\/\/i0.wp.com\/noticiasribeiraopreto.com.br\/wp-content\/uploads\/2024\/03\/00-14-mar-2024-Drogas-Salgado-Filho-02-foto-baep-scaled.jpg?fit=1000%2C573&ssl=1&resize=525%2C300 1.5x, https:\/\/i0.wp.com\/noticiasribeiraopreto.com.br\/wp-content\/uploads\/2024\/03\/00-14-mar-2024-Drogas-Salgado-Filho-02-foto-baep-scaled.jpg?fit=1000%2C573&ssl=1&resize=700%2C400 2x"},"classes":[]},{"id":32047,"url":"https:\/\/noticiasribeiraopreto.com.br\/index.php\/2024\/01\/24\/policia-prende-um-dos-grandes-do-trafico-em-rp\/","url_meta":{"origin":80967,"position":3},"title":"Pol\u00edcia prende um dos grandes do tr\u00e1fico em RP","author":"noticiasribeiraopreto.com.br","date":"24 de January de 2024","format":false,"excerpt":"Homem foi detido com comparsa durante a\u00e7\u00e3o onde centenas de pinos de coca\u00edna e tijolos de maconha foram apreendidos 23 de janeiro de 2024 | 15:4823 de janeiro de 2024 | 17:24 2Por: Adalberto LuqueDois homens foram presos, na manh\u00e3 desta ter\u00e7a-feira (23), ap\u00f3s uma opera\u00e7\u00e3o realizada pela Delegacia de\u2026","rel":"","context":"In &quot;Not\u00edcias de Ribeir\u00e3o Preto-SP e Regi\u00e3o&quot;","block_context":{"text":"Not\u00edcias de Ribeir\u00e3o Preto-SP e Regi\u00e3o","link":"https:\/\/noticiasribeiraopreto.com.br\/index.php\/category\/noticias-de-ribeirao-preto-sp-e-regiao-ismael-colosi\/"},"img":{"alt_text":"","src":"https:\/\/i0.wp.com\/noticiasribeiraopreto.com.br\/wp-content\/uploads\/2024\/01\/00-23-jan-2024-prisao-dise-01-foto-divulgacao.jpg?fit=756%2C422&ssl=1&resize=350%2C200","width":350,"height":200,"srcset":"https:\/\/i0.wp.com\/noticiasribeiraopreto.com.br\/wp-content\/uploads\/2024\/01\/00-23-jan-2024-prisao-dise-01-foto-divulgacao.jpg?fit=756%2C422&ssl=1&resize=350%2C200 1x, https:\/\/i0.wp.com\/noticiasribeiraopreto.com.br\/wp-content\/uploads\/2024\/01\/00-23-jan-2024-prisao-dise-01-foto-divulgacao.jpg?fit=756%2C422&ssl=1&resize=525%2C300 1.5x, https:\/\/i0.wp.com\/noticiasribeiraopreto.com.br\/wp-content\/uploads\/2024\/01\/00-23-jan-2024-prisao-dise-01-foto-divulgacao.jpg?fit=756%2C422&ssl=1&resize=700%2C400 2x"},"classes":[]},{"id":61813,"url":"https:\/\/noticiasribeiraopreto.com.br\/index.php\/2024\/12\/23\/pm-prende-homem-com-grande-quantidade-de-maconha-em-carro-na-anhanguera\/","url_meta":{"origin":80967,"position":4},"title":"PM prende homem com grande quantidade de maconha em carro na Anhanguera","author":"noticiasribeiraopreto.com.br","date":"23 de December de 2024","format":false,"excerpt":"A PM (Pol\u00edcia Militar) prendeu um homem e apreendeu 272 quilos de maconha nesta segunda-feira (23), em um carro no km 321 da rodovia Anhanguera (SP-330), em Ribeir\u00e3o Preto. Segundo a pol\u00edcia, o ve\u00edculo Volkswagen Polo branco estava em alta velocidade pela pista Sul (Capital). Ap\u00f3s conseguir fazer a abordagem,\u2026","rel":"","context":"In &quot;Not\u00edcias de Ribeir\u00e3o Preto-SP e Regi\u00e3o&quot;","block_context":{"text":"Not\u00edcias de Ribeir\u00e3o Preto-SP e Regi\u00e3o","link":"https:\/\/noticiasribeiraopreto.com.br\/index.php\/category\/noticias-de-ribeirao-preto-sp-e-regiao-ismael-colosi\/"},"img":{"alt_text":"","src":"https:\/\/i0.wp.com\/noticiasribeiraopreto.com.br\/wp-content\/uploads\/2024\/12\/WhatsApp-Image-2024-12-23-at-11.12.50_2024-12-23_14-16-57_jpeg_2024-12-23_14-16-57.webp.webp?fit=1200%2C675&ssl=1&resize=350%2C200","width":350,"height":200,"srcset":"https:\/\/i0.wp.com\/noticiasribeiraopreto.com.br\/wp-content\/uploads\/2024\/12\/WhatsApp-Image-2024-12-23-at-11.12.50_2024-12-23_14-16-57_jpeg_2024-12-23_14-16-57.webp.webp?fit=1200%2C675&ssl=1&resize=350%2C200 1x, https:\/\/i0.wp.com\/noticiasribeiraopreto.com.br\/wp-content\/uploads\/2024\/12\/WhatsApp-Image-2024-12-23-at-11.12.50_2024-12-23_14-16-57_jpeg_2024-12-23_14-16-57.webp.webp?fit=1200%2C675&ssl=1&resize=525%2C300 1.5x, https:\/\/i0.wp.com\/noticiasribeiraopreto.com.br\/wp-content\/uploads\/2024\/12\/WhatsApp-Image-2024-12-23-at-11.12.50_2024-12-23_14-16-57_jpeg_2024-12-23_14-16-57.webp.webp?fit=1200%2C675&ssl=1&resize=700%2C400 2x, https:\/\/i0.wp.com\/noticiasribeiraopreto.com.br\/wp-content\/uploads\/2024\/12\/WhatsApp-Image-2024-12-23-at-11.12.50_2024-12-23_14-16-57_jpeg_2024-12-23_14-16-57.webp.webp?fit=1200%2C675&ssl=1&resize=1050%2C600 3x"},"classes":[]},{"id":76008,"url":"https:\/\/noticiasribeiraopreto.com.br\/index.php\/2025\/08\/20\/primos-sao-presos-com-grande-quantidade-de-maconha-em-apartamento-de-ribeirao-preto\/","url_meta":{"origin":80967,"position":5},"title":"Primos s\u00e3o presos com grande quantidade de maconha em apartamento de Ribeir\u00e3o Preto","author":"noticiasribeiraopreto.com.br","date":"20 de August de 2025","format":false,"excerpt":"A PM (Pol\u00edcia Militar) apreendeu aproximadamente 200 quilos de maconha e prendeu dois homens na noite desta ter\u00e7a-feira (19), em Ribeir\u00e3o Preto. Segundo a pol\u00edcia, os suspeitos foram abordados pela equipe de For\u00e7a T\u00e1tica em um ve\u00edculo pela avenida Brasil. A PM disse que eles transportavam dois tabletes da droga.\u2026","rel":"","context":"In &quot;Not\u00edcias de Ribeir\u00e3o Preto-SP e Regi\u00e3o&quot;","block_context":{"text":"Not\u00edcias de Ribeir\u00e3o Preto-SP e Regi\u00e3o","link":"https:\/\/noticiasribeiraopreto.com.br\/index.php\/category\/noticias-de-ribeirao-preto-sp-e-regiao-ismael-colosi\/"},"img":{"alt_text":"","src":"https:\/\/i0.wp.com\/noticiasribeiraopreto.com.br\/wp-content\/uploads\/2025\/08\/WhatsApp-Image-2025-08-20-at-08.30.57_2025-08-20_11-43-52.webp.webp?fit=1200%2C675&ssl=1&resize=350%2C200","width":350,"height":200,"srcset":"https:\/\/i0.wp.com\/noticiasribeiraopreto.com.br\/wp-content\/uploads\/2025\/08\/WhatsApp-Image-2025-08-20-at-08.30.57_2025-08-20_11-43-52.webp.webp?fit=1200%2C675&ssl=1&resize=350%2C200 1x, https:\/\/i0.wp.com\/noticiasribeiraopreto.com.br\/wp-content\/uploads\/2025\/08\/WhatsApp-Image-2025-08-20-at-08.30.57_2025-08-20_11-43-52.webp.webp?fit=1200%2C675&ssl=1&resize=525%2C300 1.5x, https:\/\/i0.wp.com\/noticiasribeiraopreto.com.br\/wp-content\/uploads\/2025\/08\/WhatsApp-Image-2025-08-20-at-08.30.57_2025-08-20_11-43-52.webp.webp?fit=1200%2C675&ssl=1&resize=700%2C400 2x, https:\/\/i0.wp.com\/noticiasribeiraopreto.com.br\/wp-content\/uploads\/2025\/08\/WhatsApp-Image-2025-08-20-at-08.30.57_2025-08-20_11-43-52.webp.webp?fit=1200%2C675&ssl=1&resize=1050%2C600 3x"},"classes":[]}],"jetpack_sharing_enabled":true,"jetpack_shortlink":"https:\/\/wp.me\/peQAOb-l3V","_links":{"self":[{"href":"https:\/\/noticiasribeiraopreto.com.br\/index.php\/wp-json\/wp\/v2\/posts\/80967","targetHints":{"allow":["GET"]}}],"collection":[{"href":"https:\/\/noticiasribeiraopreto.com.br\/index.php\/wp-json\/wp\/v2\/posts"}],"about":[{"href":"https:\/\/noticiasribeiraopreto.com.br\/index.php\/wp-json\/wp\/v2\/types\/post"}],"author":[{"embeddable":true,"href":"https:\/\/noticiasribeiraopreto.com.br\/index.php\/wp-json\/wp\/v2\/users\/1"}],"replies":[{"embeddable":true,"href":"https:\/\/noticiasribeiraopreto.com.br\/index.php\/wp-json\/wp\/v2\/comments?post=80967"}],"version-history":[{"count":0,"href":"https:\/\/noticiasribeiraopreto.com.br\/index.php\/wp-json\/wp\/v2\/posts\/80967\/revisions"}],"wp:featuredmedia":[{"embeddable":true,"href":"https:\/\/noticiasribeiraopreto.com.br\/index.php\/wp-json\/wp\/v2\/media\/80968"}],"wp:attachment":[{"href":"https:\/\/noticiasribeiraopreto.com.br\/index.php\/wp-json\/wp\/v2\/media?parent=80967"}],"wp:term":[{"taxonomy":"category","embeddable":true,"href":"https:\/\/noticiasribeiraopreto.com.br\/index.php\/wp-json\/wp\/v2\/categories?post=80967"},{"taxonomy":"post_tag","embeddable":true,"href":"https:\/\/noticiasribeiraopreto.com.br\/index.php\/wp-json\/wp\/v2\/tags?post=80967"}],"curies":[{"name":"wp","href":"https:\/\/api.w.org\/{rel}","templated":true}]}}