{"id":80969,"date":"2025-12-19T10:04:50","date_gmt":"2025-12-19T13:04:50","guid":{"rendered":"https:\/\/noticiasribeiraopreto.com.br\/index.php\/2025\/12\/19\/video-policia-civil-caca-sequestradores-de-empresario\/"},"modified":"2025-12-19T10:04:50","modified_gmt":"2025-12-19T13:04:50","slug":"video-policia-civil-caca-sequestradores-de-empresario","status":"publish","type":"post","link":"https:\/\/noticiasribeiraopreto.com.br\/index.php\/2025\/12\/19\/video-policia-civil-caca-sequestradores-de-empresario\/","title":{"rendered":"V\u00cdDEO &#8211; Pol\u00edcia Civil ca\u00e7a sequestradores de empres\u00e1rio"},"content":{"rendered":"<div class='code-block code-block-1' style='margin: 8px 0 8px auto; text-align: right; display: block; clear: both;'>\n<p><a href=\"https:\/\/wa.link\/vpicfd\"><img data-recalc-dims=\"1\" class=\"wp-image-4922\" style=\"aspect-ratio: 2.0253164556962027; width: 561px; height: auto;\" src=\"https:\/\/i0.wp.com\/ismaelcolosi.com.br\/wp-content\/uploads\/2023\/11\/grupo-de-empregos-whatsapp-e-facebook-ismael-colosi-vagas.jpg?ssl=1\" alt=\"\" \/><\/a><\/p>\n<!-- \/wp:image -->\n<\/div>\n<p> <br \/>\n<\/p>\n<div id=\"\">&#13;<\/p>\n<h2 class=\"penci-post-subtitle\">Opera\u00e7\u00e3o simult\u00e2nea \u00e9 realizada em Ribeir\u00e3o Preto, Guaruj\u00e1 e Capital, para cumprir mandados de pris\u00e3o e de busca contra envolvidos<\/h2>\n<p>&#13;<\/p>\n<p>&#13;<br \/>\n\t\t\t\t\t\t\t\t\t<span class=\"entry-meta-item penci-posted-on\"><i class=\"fa fa-clock-o\"\/><time class=\"entry-date published updated\" datetime=\"2025-12-19T09:57:00-03:00\">19 de dezembro de 2025 09:57<\/time><\/span><span class=\"entry-meta-item penci-post-countview\"\/>\t\t\t\t\t\t\t\t<\/p>\n<p><!-- .entry-meta -->&#13;<br \/>\n\t\t\t\t\t\t\t\t<span class=\"penci-social-buttons penci-social-share-footer\"><span class=\"penci-social-share-text\">Compartilhar<\/span><a href=\"#\" class=\"penci-post-like penci_post-meta_item  single-like-button penci-social-item like\" data-post_id=\"449522\" title=\"Like\" data-like=\"Like\" data-unlike=\"Unlike\"><i class=\"fa fa-thumbs-o-up\"\/><span class=\"penci-share-number\">2<\/span><\/a><i class=\"fa fa-facebook\"\/><a class=\"penci-social-item twitter\" target=\"_blank\" rel=\"noopener\" title=\"\" href=\"https:\/\/twitter.com\/intent\/tweet?text=V\u00cdDEO%20-%20Pol\u00edcia%20Civil%20ca\u00e7a%20sequestradores%20de%20empres\u00e1rio%20-%20https:\/\/www.tribunaribeirao.com.br\/video-policia-civil-caca-sequestradores-de-empresario\/\"><i class=\"fa fa-twitter\"\/><\/a><i class=\"fa fa-linkedin\"\/><i class=\"fa fa-whatsapp\"\/><i class=\"fa fa-telegram\"\/><i class=\"fa fa-envelope\"\/><\/span>\t\t\t\t\t\t\t<\/div>\n<div>\n<p>Por: Adalberto Luque \u2013<\/p>\n<p>A Pol\u00edcia Civil est\u00e1 realizando uma grande opera\u00e7\u00e3o, na manh\u00e3 desta sexta-feira (19), contra suspeitos de terem participado do sequestro de um empres\u00e1rio ocorrido em 9 de dezembro, na zona Sul da cidade.<\/p>\n<p>Est\u00e3o sendo cumpridos 9 mandados de busca e apreens\u00e3o e 6 de pris\u00e3o contra pessoas identificadas nas investiga\u00e7\u00f5es. A a\u00e7\u00e3o ocorre, simultaneamente, nas cidades de Ribeir\u00e3o Preto, Guaruj\u00e1 e S\u00e3o Paulo.<\/p>\n<figure id=\"attachment_449525\" aria-describedby=\"caption-attachment-449525\" style=\"width: 727px\" class=\"wp-caption alignnone\"><img data-recalc-dims=\"1\" loading=\"lazy\" decoding=\"async\" class=\"size-full wp-image-449525 lazyload\" src=\"https:\/\/i0.wp.com\/www.tribunaribeirao.com.br\/wp-content\/uploads\/2025\/12\/19-dez-2025-rastofinal2.jpg?resize=727%2C684&#038;ssl=1\" alt=\"\" width=\"727\" height=\"684\" srcset=\"https:\/\/www.tribunaribeirao.com.br\/wp-content\/uploads\/2025\/12\/19-dez-2025-rastofinal2.jpg 727w, https:\/\/www.tribunaribeirao.com.br\/wp-content\/uploads\/2025\/12\/19-dez-2025-rastofinal2-300x282.jpg 300w, https:\/\/www.tribunaribeirao.com.br\/wp-content\/uploads\/2025\/12\/19-dez-2025-rastofinal2-425x400.jpg 425w, https:\/\/www.tribunaribeirao.com.br\/wp-content\/uploads\/2025\/12\/19-dez-2025-rastofinal2-585x550.jpg 585w\" data-sizes=\"(max-width: 727px) 100vw, 727px\" style=\"--smush-placeholder-width: 727px; --smush-placeholder-aspect-ratio: 727\/684;\"\/><figcaption id=\"caption-attachment-449525\" class=\"wp-caption-text\">Opera\u00e7\u00e3o ocorrem em Ribeir\u00e3o Preto e outras duas cidades (Foto: Pol\u00edcia Civil\/Divulga\u00e7\u00e3o)<\/figcaption><\/figure>\n<p>Foram mobilizados 75 policiais civis, distribu\u00eddos em 25 viaturas. Entre as equipes, participam policiais civis do Grupo de Opera\u00e7\u00f5es Especiais (GOE), Delegacia de Investiga\u00e7\u00f5es Sobre Entorpecentes (DISE) e Homic\u00eddios, todas da Divis\u00e3o Especializada de Investiga\u00e7\u00f5es Criminais (DEIC) de Ribeir\u00e3o Preto. Al\u00e9m disso, participam atentes do GOE, DEIC, GARRA, GER\/DOPE da Capital e Santos.<\/p>\n<p>A Opera\u00e7\u00e3o, denominada Rasto Final, \u00e9 resultado das investiga\u00e7\u00f5es que identificaram oito indiv\u00edduos envolvidos no sequestro do empres\u00e1rio. \u201cA a\u00e7\u00e3o criminosa foi marcada por viol\u00eancia, grave amea\u00e7a e priva\u00e7\u00e3o da liberdade, sendo a v\u00edtima mantida em cativeiro rural at\u00e9 sua posterior libera\u00e7\u00e3o, ocorrida dois dias ap\u00f3s o arrebatamento\u201d, informou a Pol\u00edcia Civil.<\/p>\n<p>O delegado respons\u00e1vel pela DEIC de Ribeir\u00e3o Preto, Jos\u00e9 Carvalho de Ara\u00fajo J\u00fanior, vai passar mais detalhes em entrevista coletiva, que ocorre ainda na manh\u00e3 desta sexta-feira, no Centro de Ribeir\u00e3o Preto.<\/p>\n<\/div>\n<p><script async src=\"\/\/platform.twitter.com\/widgets.js\" charset=\"utf-8\"><\/script><br \/>\n<br \/><br \/>\n<br \/><a href=\"https:\/\/www.tribunaribeirao.com.br\/video-policia-civil-caca-sequestradores-de-empresario\/\">Source link <\/a><\/p>\n<!-- CONTENT END 1 -->\n","protected":false},"excerpt":{"rendered":"<p>&#13; Opera\u00e7\u00e3o simult\u00e2nea \u00e9 realizada em Ribeir\u00e3o Preto, Guaruj\u00e1 e Capital, para cumprir mandados de pris\u00e3o e de busca contra envolvidos &#13; &#13; 19 de&#8230;<\/p>\n","protected":false},"author":1,"featured_media":80970,"comment_status":"open","ping_status":"open","sticky":false,"template":"","format":"standard","meta":{"advanced_seo_description":"","jetpack_seo_html_title":"","jetpack_seo_noindex":false,"jetpack_post_was_ever_published":false,"_jetpack_newsletter_access":"","_jetpack_dont_email_post_to_subs":false,"_jetpack_newsletter_tier_id":0,"_jetpack_memberships_contains_paywalled_content":false,"_jetpack_memberships_contains_paid_content":false,"footnotes":"","jetpack_publicize_message":"","jetpack_publicize_feature_enabled":true,"jetpack_social_post_already_shared":true,"jetpack_social_options":{"image_generator_settings":{"template":"highway","default_image_id":0,"font":"","enabled":false},"version":2}},"categories":[11],"tags":[],"class_list":["post-80969","post","type-post","status-publish","format-standard","has-post-thumbnail","hentry","category-noticias-de-ribeirao-preto-sp-e-regiao-ismael-colosi"],"jetpack_publicize_connections":[],"jetpack_featured_media_url":"https:\/\/i0.wp.com\/noticiasribeiraopreto.com.br\/wp-content\/uploads\/2025\/12\/19-dez-2025-rastofinal1.jpg?fit=788%2C780&ssl=1","jetpack-related-posts":[{"id":29795,"url":"https:\/\/noticiasribeiraopreto.com.br\/index.php\/2024\/01\/19\/atendente-e-sac-13\/","url_meta":{"origin":80969,"position":0},"title":"Atendente e SAC","author":"noticiasribeiraopreto.com.br","date":"19 de January de 2024","format":false,"excerpt":"Atendente e SAC Ribeir\u00e3o Preto (SP)View JobGerente de Marketing e Relacionamento Ribeir\u00e3o Preto e Regi\u00e3o View JobGerente Industrial \/ Produ\u00e7\u00e3o Regi\u00e3o do ABC \u2013 S\u00e3o Paulo View JobGerente de Vendas Externo S\u00e3o Paulo Capital e Grande S\u00e3o PauloView JobDIRETOR(A) DE SUSTENBALIDADE Ribeir\u00e3o Preto (SP)View JobCONTROLLER \u2013 INGL\u00caS FLUENTERibeir\u00e3o Preto (SP)View\u2026","rel":"","context":"In &quot;Vagas de Emprego em Ribeir\u00e3o Preto-SP&quot;","block_context":{"text":"Vagas de Emprego em Ribeir\u00e3o Preto-SP","link":"https:\/\/noticiasribeiraopreto.com.br\/index.php\/category\/empregos-classificados-vagas-trabalho\/vagas-de-empregos-em-ribeirao-preto-regiao-brasil\/"},"img":{"alt_text":"","src":"","width":0,"height":0},"classes":[]},{"id":31467,"url":"https:\/\/noticiasribeiraopreto.com.br\/index.php\/2024\/01\/22\/atendente-e-sac-14\/","url_meta":{"origin":80969,"position":1},"title":"Atendente e SAC","author":"noticiasribeiraopreto.com.br","date":"22 de January de 2024","format":false,"excerpt":"Atendente e SAC Ribeir\u00e3o Preto (SP)View JobGerente de Marketing e Relacionamento Ribeir\u00e3o Preto e Regi\u00e3o View JobGerente Industrial \/ Produ\u00e7\u00e3o Regi\u00e3o do ABC \u2013 S\u00e3o Paulo View JobGerente de Vendas Externo S\u00e3o Paulo Capital e Grande S\u00e3o PauloView JobDIRETOR(A) DE SUSTENBALIDADE Ribeir\u00e3o Preto (SP)View JobCONTROLLER \u2013 INGL\u00caS FLUENTERibeir\u00e3o Preto (SP)View\u2026","rel":"","context":"In &quot;Vagas de Emprego em Ribeir\u00e3o Preto-SP&quot;","block_context":{"text":"Vagas de Emprego em Ribeir\u00e3o Preto-SP","link":"https:\/\/noticiasribeiraopreto.com.br\/index.php\/category\/empregos-classificados-vagas-trabalho\/vagas-de-empregos-em-ribeirao-preto-regiao-brasil\/"},"img":{"alt_text":"","src":"","width":0,"height":0},"classes":[]},{"id":28656,"url":"https:\/\/noticiasribeiraopreto.com.br\/index.php\/2024\/01\/16\/atendente-e-sac-12\/","url_meta":{"origin":80969,"position":2},"title":"Atendente e SAC","author":"noticiasribeiraopreto.com.br","date":"16 de January de 2024","format":false,"excerpt":"Atendente e SAC Ribeir\u00e3o Preto (SP)View JobGerente de Marketing e Relacionamento Ribeir\u00e3o Preto e Regi\u00e3o View JobGerente Industrial \/ Produ\u00e7\u00e3o Regi\u00e3o do ABC \u2013 S\u00e3o Paulo View JobGerente de Vendas Externo S\u00e3o Paulo Capital e Grande S\u00e3o PauloView JobDIRETOR(A) DE SUSTENBALIDADE Ribeir\u00e3o Preto (SP)View JobCONTROLLER \u2013 INGL\u00caS FLUENTERibeir\u00e3o Preto (SP)View\u2026","rel":"","context":"In &quot;Vagas de Emprego em Ribeir\u00e3o Preto-SP&quot;","block_context":{"text":"Vagas de Emprego em Ribeir\u00e3o Preto-SP","link":"https:\/\/noticiasribeiraopreto.com.br\/index.php\/category\/empregos-classificados-vagas-trabalho\/vagas-de-empregos-em-ribeirao-preto-regiao-brasil\/"},"img":{"alt_text":"","src":"","width":0,"height":0},"classes":[]},{"id":23108,"url":"https:\/\/noticiasribeiraopreto.com.br\/index.php\/2024\/01\/01\/atendente-e-sac-8\/","url_meta":{"origin":80969,"position":3},"title":"Atendente e SAC","author":"noticiasribeiraopreto.com.br","date":"1 de January de 2024","format":false,"excerpt":"Atendente e SAC Ribeir\u00e3o Preto (SP)View JobGerente de Marketing e Relacionamento Ribeir\u00e3o Preto e Regi\u00e3o View JobGerente Industrial \/ Produ\u00e7\u00e3o Regi\u00e3o do ABC \u2013 S\u00e3o Paulo View JobGerente de Vendas Externo S\u00e3o Paulo Capital e Grande S\u00e3o PauloView JobDIRETOR(A) DE SUSTENBALIDADE Ribeir\u00e3o Preto (SP)View JobCONTROLLER \u2013 INGL\u00caS FLUENTERibeir\u00e3o Preto (SP)View\u2026","rel":"","context":"In &quot;Vagas de Emprego em Ribeir\u00e3o Preto-SP&quot;","block_context":{"text":"Vagas de Emprego em Ribeir\u00e3o Preto-SP","link":"https:\/\/noticiasribeiraopreto.com.br\/index.php\/category\/empregos-classificados-vagas-trabalho\/vagas-de-empregos-em-ribeirao-preto-regiao-brasil\/"},"img":{"alt_text":"","src":"","width":0,"height":0},"classes":[]},{"id":24424,"url":"https:\/\/noticiasribeiraopreto.com.br\/index.php\/2024\/01\/04\/atendente-e-sac-9\/","url_meta":{"origin":80969,"position":4},"title":"Atendente e SAC","author":"noticiasribeiraopreto.com.br","date":"4 de January de 2024","format":false,"excerpt":"Atendente e SAC Ribeir\u00e3o Preto (SP)View JobGerente de Marketing e Relacionamento Ribeir\u00e3o Preto e Regi\u00e3o View JobGerente Industrial \/ Produ\u00e7\u00e3o Regi\u00e3o do ABC \u2013 S\u00e3o Paulo View JobGerente de Vendas Externo S\u00e3o Paulo Capital e Grande S\u00e3o PauloView JobDIRETOR(A) DE SUSTENBALIDADE Ribeir\u00e3o Preto (SP)View JobCONTROLLER \u2013 INGL\u00caS FLUENTERibeir\u00e3o Preto (SP)View\u2026","rel":"","context":"In &quot;Vagas de Emprego em Ribeir\u00e3o Preto-SP&quot;","block_context":{"text":"Vagas de Emprego em Ribeir\u00e3o Preto-SP","link":"https:\/\/noticiasribeiraopreto.com.br\/index.php\/category\/empregos-classificados-vagas-trabalho\/vagas-de-empregos-em-ribeirao-preto-regiao-brasil\/"},"img":{"alt_text":"","src":"","width":0,"height":0},"classes":[]},{"id":26597,"url":"https:\/\/noticiasribeiraopreto.com.br\/index.php\/2024\/01\/10\/atendente-e-sac-10\/","url_meta":{"origin":80969,"position":5},"title":"Atendente e SAC","author":"noticiasribeiraopreto.com.br","date":"10 de January de 2024","format":false,"excerpt":"Atendente e SAC Ribeir\u00e3o Preto (SP)View JobGerente de Marketing e Relacionamento Ribeir\u00e3o Preto e Regi\u00e3o View JobGerente Industrial \/ Produ\u00e7\u00e3o Regi\u00e3o do ABC \u2013 S\u00e3o Paulo View JobGerente de Vendas Externo S\u00e3o Paulo Capital e Grande S\u00e3o PauloView JobDIRETOR(A) DE SUSTENBALIDADE Ribeir\u00e3o Preto (SP)View JobCONTROLLER \u2013 INGL\u00caS FLUENTERibeir\u00e3o Preto (SP)View\u2026","rel":"","context":"In &quot;Vagas de Emprego em Ribeir\u00e3o Preto-SP&quot;","block_context":{"text":"Vagas de Emprego em Ribeir\u00e3o Preto-SP","link":"https:\/\/noticiasribeiraopreto.com.br\/index.php\/category\/empregos-classificados-vagas-trabalho\/vagas-de-empregos-em-ribeirao-preto-regiao-brasil\/"},"img":{"alt_text":"","src":"","width":0,"height":0},"classes":[]}],"jetpack_sharing_enabled":true,"jetpack_shortlink":"https:\/\/wp.me\/peQAOb-l3X","_links":{"self":[{"href":"https:\/\/noticiasribeiraopreto.com.br\/index.php\/wp-json\/wp\/v2\/posts\/80969","targetHints":{"allow":["GET"]}}],"collection":[{"href":"https:\/\/noticiasribeiraopreto.com.br\/index.php\/wp-json\/wp\/v2\/posts"}],"about":[{"href":"https:\/\/noticiasribeiraopreto.com.br\/index.php\/wp-json\/wp\/v2\/types\/post"}],"author":[{"embeddable":true,"href":"https:\/\/noticiasribeiraopreto.com.br\/index.php\/wp-json\/wp\/v2\/users\/1"}],"replies":[{"embeddable":true,"href":"https:\/\/noticiasribeiraopreto.com.br\/index.php\/wp-json\/wp\/v2\/comments?post=80969"}],"version-history":[{"count":0,"href":"https:\/\/noticiasribeiraopreto.com.br\/index.php\/wp-json\/wp\/v2\/posts\/80969\/revisions"}],"wp:featuredmedia":[{"embeddable":true,"href":"https:\/\/noticiasribeiraopreto.com.br\/index.php\/wp-json\/wp\/v2\/media\/80970"}],"wp:attachment":[{"href":"https:\/\/noticiasribeiraopreto.com.br\/index.php\/wp-json\/wp\/v2\/media?parent=80969"}],"wp:term":[{"taxonomy":"category","embeddable":true,"href":"https:\/\/noticiasribeiraopreto.com.br\/index.php\/wp-json\/wp\/v2\/categories?post=80969"},{"taxonomy":"post_tag","embeddable":true,"href":"https:\/\/noticiasribeiraopreto.com.br\/index.php\/wp-json\/wp\/v2\/tags?post=80969"}],"curies":[{"name":"wp","href":"https:\/\/api.w.org\/{rel}","templated":true}]}}