{"id":80971,"date":"2025-12-19T10:08:12","date_gmt":"2025-12-19T13:08:12","guid":{"rendered":"https:\/\/noticiasribeiraopreto.com.br\/index.php\/2025\/12\/19\/esquerdogata-passara-por-exame-de-sanidade-mental-apos-decisao-da-justica\/"},"modified":"2025-12-19T10:08:12","modified_gmt":"2025-12-19T13:08:12","slug":"esquerdogata-passara-por-exame-de-sanidade-mental-apos-decisao-da-justica","status":"publish","type":"post","link":"https:\/\/noticiasribeiraopreto.com.br\/index.php\/2025\/12\/19\/esquerdogata-passara-por-exame-de-sanidade-mental-apos-decisao-da-justica\/","title":{"rendered":"Esquerdogata passar\u00e1 por exame de sanidade mental ap\u00f3s decis\u00e3o da Justi\u00e7a"},"content":{"rendered":"<div class='code-block code-block-1' style='margin: 8px 0 8px auto; text-align: right; display: block; clear: both;'>\n<p><a href=\"https:\/\/wa.link\/vpicfd\"><img data-recalc-dims=\"1\" class=\"wp-image-4922\" style=\"aspect-ratio: 2.0253164556962027; width: 561px; height: auto;\" src=\"https:\/\/i0.wp.com\/ismaelcolosi.com.br\/wp-content\/uploads\/2023\/11\/grupo-de-empregos-whatsapp-e-facebook-ismael-colosi-vagas.jpg?ssl=1\" alt=\"\" \/><\/a><\/p>\n<!-- \/wp:image -->\n<\/div>\n<p> <br \/>\n<\/p>\n<div>\n<p>A <strong>Justi\u00e7a <\/strong>autorizou a realiza\u00e7\u00e3o de um <strong>exame de sanidade mental<\/strong> na influenciadora <strong>Aline Bardy Dutra<\/strong>, conhecida como <strong>Esquerdogata<\/strong>, acusada de racismo contra dois policiais militares de <strong>Ribeir\u00e3o Preto<\/strong>. A decis\u00e3o atende a um pedido feito pela defesa e j\u00e1 foi deferida pelo Judici\u00e1rio.<\/p>\n<p>De acordo com o documento ao qual a <strong>EPTV <\/strong>teve acesso, o exame vai servir para verificar se a influenciadora sabia o que estava fazendo e se tinha condi\u00e7\u00f5es de agir de forma consciente naquele momento.<\/p>\n<p>O <strong>Minist\u00e9rio P\u00fablico (MP)<\/strong> tamb\u00e9m se manifestou no processo e apresentou perguntas que dever\u00e3o ser respondidas pelo profissional respons\u00e1vel pelo exame que ser\u00e1 realizado.<\/p>\n<p>Entre os pontos apresentados pelo <strong>promotor Paulo C\u00e9sar Souza Azev\u00ea<\/strong> est\u00e1 a verifica\u00e7\u00e3o se a <strong>esquerdogata<\/strong> <mark style=\"background-color:#fcb900\" class=\"has-inline-color\">tinha algum transtorno ou limita\u00e7\u00e3o mental que pudesse ter afetado sua responsabilidade no momento das ofensas.<\/mark><\/p>\n<p>No documento ainda \u00e9 poss\u00edvel observar que o juiz do caso determinou que o exame seja feito no <strong>Instituto de Medicina Social e de Criminologia de S\u00e3o Paulo (IMESC)<\/strong>, \u00f3rg\u00e3o especializado nesse tipo de avalia\u00e7\u00e3o, que ir\u00e1 apontar se existe ou n\u00e3o alguma altera\u00e7\u00e3o mental relacionada ao comportamento da influenciadora.<\/p>\n<figure class=\"wp-block-gallery has-nested-images columns-default is-cropped wp-block-gallery-1 is-layout-flex wp-block-gallery-is-layout-flex\">\n<figure class=\"wp-block-image size-large\"><img data-recalc-dims=\"1\" fetchpriority=\"high\" decoding=\"async\" width=\"1024\" height=\"576\" data-id=\"133971\" src=\"https:\/\/i0.wp.com\/cdn.media-acidadeon.com.br\/ribeiraopreto\/wp-content\/uploads\/sites\/3\/2025\/10\/aline-bardy-dutra_2025-10-29_17-27-07-1024x576.webp?resize=1024%2C576&#038;ssl=1\" alt=\"A professora Aline Bardy Dutra, conhecida como Esquerdogata, \u00e9 professora da rede municipal (Foto: reprodu\u00e7\u00e3o\/Instagram)\" class=\"wp-image-133971\" title=\"Esquerdogata passar\u00e1 por exame de sanidade mental ap\u00f3s decis\u00e3o da Justi\u00e7a 1\" srcset=\"https:\/\/cdn.media-acidadeon.com.br\/ribeiraopreto\/wp-content\/uploads\/sites\/3\/2025\/10\/aline-bardy-dutra_2025-10-29_17-27-07-1024x576.webp 1024w, https:\/\/cdn.media-acidadeon.com.br\/ribeiraopreto\/wp-content\/uploads\/sites\/3\/2025\/10\/aline-bardy-dutra_2025-10-29_17-27-07-300x169.webp 300w, https:\/\/cdn.media-acidadeon.com.br\/ribeiraopreto\/wp-content\/uploads\/sites\/3\/2025\/10\/aline-bardy-dutra_2025-10-29_17-27-07-768x432.webp 768w, https:\/\/cdn.media-acidadeon.com.br\/ribeiraopreto\/wp-content\/uploads\/sites\/3\/2025\/10\/aline-bardy-dutra_2025-10-29_17-27-07-696x392.webp 696w, https:\/\/cdn.media-acidadeon.com.br\/ribeiraopreto\/wp-content\/uploads\/sites\/3\/2025\/10\/aline-bardy-dutra_2025-10-29_17-27-07-1068x601.webp 1068w, https:\/\/cdn.media-acidadeon.com.br\/ribeiraopreto\/wp-content\/uploads\/sites\/3\/2025\/10\/aline-bardy-dutra_2025-10-29_17-27-07.webp 1200w\" sizes=\"(max-width: 1024px) 100vw, 1024px\"\/><figcaption class=\"wp-element-caption\">A professora Aline Bardy Dutra, conhecida como Esquerdogata, \u00e9 professora da rede municipal (Foto: reprodu\u00e7\u00e3o\/Instagram)<\/figcaption><\/figure>\n<figure class=\"wp-block-image size-large\"><img data-recalc-dims=\"1\" loading=\"lazy\" decoding=\"async\" width=\"573\" height=\"354\" data-id=\"133920\" src=\"https:\/\/i0.wp.com\/cdn.media-acidadeon.com.br\/ribeiraopreto\/wp-content\/uploads\/sites\/3\/2025\/10\/WhatsApp-Image-2025-10-29-at-10.45.43_2025-10-29_13-46-18.webp?resize=573%2C354&#038;ssl=1\" alt=\"Esquerdogata\" class=\"wp-image-133920\" title=\"Esquerdogata passar\u00e1 por exame de sanidade mental ap\u00f3s decis\u00e3o da Justi\u00e7a 2\" srcset=\"https:\/\/cdn.media-acidadeon.com.br\/ribeiraopreto\/wp-content\/uploads\/sites\/3\/2025\/10\/WhatsApp-Image-2025-10-29-at-10.45.43_2025-10-29_13-46-18.webp 573w, https:\/\/cdn.media-acidadeon.com.br\/ribeiraopreto\/wp-content\/uploads\/sites\/3\/2025\/10\/WhatsApp-Image-2025-10-29-at-10.45.43_2025-10-29_13-46-18-300x185.webp 300w\" sizes=\"auto, (max-width: 573px) 100vw, 573px\"\/><figcaption class=\"wp-element-caption\">A influenciadora\u00a0e\u00a0professora Aline Bardy Dutra, conhecida como\u00a0Esquerdogata \u2013 Foto: Reprodu\u00e7\u00e3o \/ Redes sociais<\/figcaption><\/figure>\n<figure class=\"wp-block-image size-large\"><img data-recalc-dims=\"1\" loading=\"lazy\" decoding=\"async\" width=\"1024\" height=\"576\" data-id=\"133647\" src=\"https:\/\/i0.wp.com\/cdn.media-acidadeon.com.br\/ribeiraopreto\/wp-content\/uploads\/sites\/3\/2025\/10\/esquerdogata_2025-10-27_13-36-44-1024x576.webp?resize=1024%2C576&#038;ssl=1\" alt=\"Aline Bardy Dutram, conhecida como 'Esquerdogata', foi presa por desacato no \u00faltimo s\u00e1bado (25) \u2013 Foto: Redes sociais\" class=\"wp-image-133647\" title=\"Esquerdogata passar\u00e1 por exame de sanidade mental ap\u00f3s decis\u00e3o da Justi\u00e7a 3\" srcset=\"https:\/\/cdn.media-acidadeon.com.br\/ribeiraopreto\/wp-content\/uploads\/sites\/3\/2025\/10\/esquerdogata_2025-10-27_13-36-44-1024x576.webp 1024w, https:\/\/cdn.media-acidadeon.com.br\/ribeiraopreto\/wp-content\/uploads\/sites\/3\/2025\/10\/esquerdogata_2025-10-27_13-36-44-300x169.webp 300w, https:\/\/cdn.media-acidadeon.com.br\/ribeiraopreto\/wp-content\/uploads\/sites\/3\/2025\/10\/esquerdogata_2025-10-27_13-36-44-768x432.webp 768w, https:\/\/cdn.media-acidadeon.com.br\/ribeiraopreto\/wp-content\/uploads\/sites\/3\/2025\/10\/esquerdogata_2025-10-27_13-36-44-696x392.webp 696w, https:\/\/cdn.media-acidadeon.com.br\/ribeiraopreto\/wp-content\/uploads\/sites\/3\/2025\/10\/esquerdogata_2025-10-27_13-36-44-1068x601.webp 1068w, https:\/\/cdn.media-acidadeon.com.br\/ribeiraopreto\/wp-content\/uploads\/sites\/3\/2025\/10\/esquerdogata_2025-10-27_13-36-44.webp 1200w\" sizes=\"auto, (max-width: 1024px) 100vw, 1024px\"\/><figcaption class=\"wp-element-caption\">Aline Bardy Dutra,  conhecida como \u2018Esquerdogata\u2019, foi presa por desacato no \u00faltimo s\u00e1bado (25) \u2013 Foto: Redes sociais<\/figcaption><\/figure>\n<\/figure>\n<h2 class=\"wp-block-heading\"><strong>Relembre o caso da Esquerdogata<\/strong><\/h2>\n<p><strong>Aline Bardy<\/strong> <strong>Dutra <\/strong>foi presa no dia 25 de outubro por desacato contra policiais militares no Centro de Ribeir\u00e3o Preto. <mark style=\"background-color:#fcb900\" class=\"has-inline-color\">A influenciadora chegou a ser presa, mas, ap\u00f3s audi\u00eancia de cust\u00f3dia, foi liberada mediante cumprimento de medidas cautelares.<\/mark><\/p>\n<p>Os policiais relataram no <strong>boletim de ocorr\u00eancia (BO)<\/strong> que, ap\u00f3s uma fiscaliza\u00e7\u00e3o de tr\u00e2nsito, a equipe foi surpreendida pela influenciadora, que passou a question\u00e1-los sobre o motivo da abordagem de uma pessoa e a filmar a a\u00e7\u00e3o \u2013 veja o v\u00eddeo logo abaixo.<\/p>\n<p>Ainda conforme o registro, a influenciadora teria dito que o procedimento dos policiais na blitz de tr\u00e2nsito seria por conta da cor do abordado, que tratava-se de pessoa preta.<\/p>\n<p>Os policiais ainda relataram que quando a influenciadora foi comunicada que seria conduzida at\u00e9 a delegacia, ela passou a xing\u00e1-los. O caso foi registrado na <strong>CPJ (Central de Pol\u00edcia Judici\u00e1ria) Permanente <\/strong>como flagrante de desacato, resist\u00eancia e preconceitos de ra\u00e7a ou de cor.<\/p>\n<blockquote class=\"instagram-media\" data-instgrm-permalink=\"https:\/\/www.instagram.com\/reel\/DQe5-0Bjtkd\/?utm_source=ig_embed&amp;utm_campaign=loading\" data-instgrm-version=\"14\" style=\" background:#FFF; border:0; border-radius:3px; box-shadow:0 0 1px 0 rgba(0,0,0,0.5),0 1px 10px 0 rgba(0,0,0,0.15); margin: 1px; max-width:540px; min-width:326px; padding:0; width:99.375%; width:-webkit-calc(100% - 2px); width:calc(100% - 2px);\"\/>\n<h3 class=\"wp-block-heading\"><strong>O que diz a defesa?<\/strong><\/h3>\n<p>Em nota, a <strong>defesa de Aline<\/strong> informou que, desde o in\u00edcio do caso, \u201capontou que os fatos amplamente divulgados podem ter ocorrido em raz\u00e3o do consumo de bebida alco\u00f3lica associado ao uso de medica\u00e7\u00e3o controlada, da qual ela faz uso regular\u201d.<\/p>\n<p>\u201cDiante desse contexto, e com o objetivo de garantir a correta apura\u00e7\u00e3o dos fatos e a adequada aplica\u00e7\u00e3o da lei, a defesa afirma que solicitou a instaura\u00e7\u00e3o de um incidente de sanidade mental, pedido que contou, inclusive, com a anu\u00eancia do Minist\u00e9rio P\u00fablico, conforme prev\u00ea a legisla\u00e7\u00e3o processual penal\u201d.<\/p>\n<p>Por fim, a defesa refor\u00e7ou \u201ca inexist\u00eancia de crime e em especial o crime de inj\u00faria racial, bem como registra o profundo desejo de Aline em se retratar publicamente pela hostilidade com a qual tratou os milicianos envolvidos na ocorr\u00eancia\u201d.<\/p>\n<p><em>*Com informa\u00e7\u00f5es da EPTV<\/em><\/p>\n<hr class=\"wp-block-separator has-alpha-channel-opacity\"\/>\n<p>SAIBA MAIS<\/p>\n<p>Inc\u00eandio mobiliza Bombeiros em posto do Hemocentro de Ribeir\u00e3o Preto; V\u00eddeo<\/p>\n<h2 class=\"wp-block-heading\"><strong>FIQUE ON<\/strong><\/h2>\n<p>Fique ligado em tudo que acontece em Ribeir\u00e3o Preto e regi\u00e3o. Siga os perfis do<strong>\u00a0acidade on<\/strong>\u00a0no\u00a0<a href=\"https:\/\/www.instagram.com\/acidadeonribeirao\" target=\"_blank\" rel=\"noreferrer noopener\">Instagram<\/a>\u00a0e no\u00a0<a href=\"https:\/\/www.facebook.com\/acidadeonribeirao\/\" target=\"_blank\" rel=\"noreferrer noopener\">Facebook<\/a>.<\/p>\n<p>Receba not\u00edcias do\u00a0<strong>acidade on\u00a0<\/strong>no WhatsApp. Para entrar no grupo,\u00a0basta\u00a0<a href=\"https:\/\/chat.whatsapp.com\/GFH9HUMUTHNFJdnyEd0xxq\" target=\"_blank\" rel=\"noreferrer noopener\">clicar aqui<\/a>. Ou, acesse o nosso\u00a0Canal\u00a0<a href=\"https:\/\/whatsapp.com\/channel\/0029Vb6IQl1JENyAeS57fk2p\" target=\"_blank\" rel=\"noreferrer noopener\">clicando aqui<\/a>.<\/p>\n<p>Fa\u00e7a uma den\u00fancia ou sugira uma reportagem sobre Ribeir\u00e3o Preto e regi\u00e3o pelo WhatsApp: 16 99117 7802.<\/p>\n<p>VEJA TAMB\u00c9M<\/p>\n<p>Pr\u00eamio eSports Brasil 2025 acontece nesta quinta-feira<\/p>\n<p><!-- AI CONTENT END 1 -->\n<\/div>\n<p><script async src=\"\/\/www.instagram.com\/embed.js\"><\/script><br \/>\n<br \/><br \/>\n<br \/><a href=\"https:\/\/www.acidadeon.com\/ribeiraopreto\/cotidiano\/esquerdogata-passara-por-exame-de-sanidade-mental-apos-decisao-da-justica\/\">Source link <\/a><\/p>\n<!-- CONTENT END 1 -->\n","protected":false},"excerpt":{"rendered":"<p>A Justi\u00e7a autorizou a realiza\u00e7\u00e3o de um exame de sanidade mental na influenciadora Aline Bardy Dutra, conhecida como Esquerdogata, acusada de racismo contra dois policiais&#8230;<\/p>\n","protected":false},"author":1,"featured_media":79254,"comment_status":"open","ping_status":"open","sticky":false,"template":"","format":"standard","meta":{"advanced_seo_description":"","jetpack_seo_html_title":"","jetpack_seo_noindex":false,"jetpack_post_was_ever_published":false,"_jetpack_newsletter_access":"","_jetpack_dont_email_post_to_subs":false,"_jetpack_newsletter_tier_id":0,"_jetpack_memberships_contains_paywalled_content":false,"_jetpack_memberships_contains_paid_content":false,"footnotes":"","jetpack_publicize_message":"","jetpack_publicize_feature_enabled":true,"jetpack_social_post_already_shared":true,"jetpack_social_options":{"image_generator_settings":{"template":"highway","default_image_id":0,"font":"","enabled":false},"version":2}},"categories":[11],"tags":[],"class_list":["post-80971","post","type-post","status-publish","format-standard","has-post-thumbnail","hentry","category-noticias-de-ribeirao-preto-sp-e-regiao-ismael-colosi"],"jetpack_publicize_connections":[],"jetpack_featured_media_url":"https:\/\/i0.wp.com\/noticiasribeiraopreto.com.br\/wp-content\/uploads\/2025\/10\/voguing_2025-10-28_15-10-23.webp.webp?fit=1200%2C675&ssl=1","jetpack-related-posts":[{"id":85179,"url":"https:\/\/noticiasribeiraopreto.com.br\/index.php\/2026\/04\/24\/justica-marca-julgamento-de-esquerdogata\/","url_meta":{"origin":80971,"position":0},"title":"Justi\u00e7a marca julgamento de \u2018Esquerdogata\u2019","author":"noticiasribeiraopreto.com.br","date":"24 de April de 2026","format":false,"excerpt":"\r Influenciadora digital vai passar por audi\u00eancia de instru\u00e7\u00e3o pelas acusa\u00e7\u00f5es de inj\u00faria racial, desacato e resist\u00eancia \u00e0 pris\u00e3o no segundo semestre deste ano\r \r 24 de abril de 2026 07:1723 de abril de 2026 18:04 \r Compartilhar1 | Por: Adalberto Luque | O Tribunal de Justi\u00e7a de S\u00e3o Paulo\u2026","rel":"","context":"In &quot;Not\u00edcias de Ribeir\u00e3o Preto-SP e Regi\u00e3o&quot;","block_context":{"text":"Not\u00edcias de Ribeir\u00e3o Preto-SP e Regi\u00e3o","link":"https:\/\/noticiasribeiraopreto.com.br\/index.php\/category\/noticias-de-ribeirao-preto-sp-e-regiao-ismael-colosi\/"},"img":{"alt_text":"","src":"https:\/\/i0.wp.com\/noticiasribeiraopreto.com.br\/wp-content\/uploads\/2026\/04\/28-out-2025-esquerdogata1-scaled.jpg?fit=1200%2C712&ssl=1&resize=350%2C200","width":350,"height":200,"srcset":"https:\/\/i0.wp.com\/noticiasribeiraopreto.com.br\/wp-content\/uploads\/2026\/04\/28-out-2025-esquerdogata1-scaled.jpg?fit=1200%2C712&ssl=1&resize=350%2C200 1x, https:\/\/i0.wp.com\/noticiasribeiraopreto.com.br\/wp-content\/uploads\/2026\/04\/28-out-2025-esquerdogata1-scaled.jpg?fit=1200%2C712&ssl=1&resize=525%2C300 1.5x, https:\/\/i0.wp.com\/noticiasribeiraopreto.com.br\/wp-content\/uploads\/2026\/04\/28-out-2025-esquerdogata1-scaled.jpg?fit=1200%2C712&ssl=1&resize=700%2C400 2x, https:\/\/i0.wp.com\/noticiasribeiraopreto.com.br\/wp-content\/uploads\/2026\/04\/28-out-2025-esquerdogata1-scaled.jpg?fit=1200%2C712&ssl=1&resize=1050%2C600 3x"},"classes":[]},{"id":79414,"url":"https:\/\/noticiasribeiraopreto.com.br\/index.php\/2025\/10\/31\/moradores-do-quintino-facci-exigem-retratacao-de-esquerdogata-apos-ofensas-a-pm-de-ribeirao\/","url_meta":{"origin":80971,"position":1},"title":"Moradores do Quintino Facci exigem retrata\u00e7\u00e3o de Esquerdogata ap\u00f3s ofensas a PM de Ribeir\u00e3o","author":"noticiasribeiraopreto.com.br","date":"31 de October de 2025","format":false,"excerpt":"A Associa\u00e7\u00e3o de Moradores do Bairro Quintino Facci, em Ribeir\u00e3o Preto, emitiu uma nota de rep\u00fadio, exigindo uma retrata\u00e7\u00e3o formal da influenciadora e professora Aline Bardy Dutra, conhecida como Esquerdogata. No \u00faltimo s\u00e1bado (25), ela se envolveu em uma pol\u00eamica ao desacatar policiais militares. A influenciadora chegou a ser presa,\u2026","rel":"","context":"In &quot;Not\u00edcias de Ribeir\u00e3o Preto-SP e Regi\u00e3o&quot;","block_context":{"text":"Not\u00edcias de Ribeir\u00e3o Preto-SP e Regi\u00e3o","link":"https:\/\/noticiasribeiraopreto.com.br\/index.php\/category\/noticias-de-ribeirao-preto-sp-e-regiao-ismael-colosi\/"},"img":{"alt_text":"","src":"https:\/\/i0.wp.com\/noticiasribeiraopreto.com.br\/wp-content\/uploads\/2025\/10\/Copia-de-Copia-de-Copia-de-TAMANHO-EXATO-PARA-FOTOS-NO-SISTEMA-NOVO-2025-10-27T133032.461_2025-10-27_16-30-35.webp.webp?fit=1200%2C675&ssl=1&resize=350%2C200","width":350,"height":200,"srcset":"https:\/\/i0.wp.com\/noticiasribeiraopreto.com.br\/wp-content\/uploads\/2025\/10\/Copia-de-Copia-de-Copia-de-TAMANHO-EXATO-PARA-FOTOS-NO-SISTEMA-NOVO-2025-10-27T133032.461_2025-10-27_16-30-35.webp.webp?fit=1200%2C675&ssl=1&resize=350%2C200 1x, https:\/\/i0.wp.com\/noticiasribeiraopreto.com.br\/wp-content\/uploads\/2025\/10\/Copia-de-Copia-de-Copia-de-TAMANHO-EXATO-PARA-FOTOS-NO-SISTEMA-NOVO-2025-10-27T133032.461_2025-10-27_16-30-35.webp.webp?fit=1200%2C675&ssl=1&resize=525%2C300 1.5x, https:\/\/i0.wp.com\/noticiasribeiraopreto.com.br\/wp-content\/uploads\/2025\/10\/Copia-de-Copia-de-Copia-de-TAMANHO-EXATO-PARA-FOTOS-NO-SISTEMA-NOVO-2025-10-27T133032.461_2025-10-27_16-30-35.webp.webp?fit=1200%2C675&ssl=1&resize=700%2C400 2x, https:\/\/i0.wp.com\/noticiasribeiraopreto.com.br\/wp-content\/uploads\/2025\/10\/Copia-de-Copia-de-Copia-de-TAMANHO-EXATO-PARA-FOTOS-NO-SISTEMA-NOVO-2025-10-27T133032.461_2025-10-27_16-30-35.webp.webp?fit=1200%2C675&ssl=1&resize=1050%2C600 3x"},"classes":[]},{"id":82816,"url":"https:\/\/noticiasribeiraopreto.com.br\/index.php\/2026\/02\/27\/mpsp-denuncia-esquerdogata-a-justica\/","url_meta":{"origin":80971,"position":2},"title":"MPSP denuncia \u201cEsquerdogata\u201d \u00e0 Justi\u00e7a","author":"noticiasribeiraopreto.com.br","date":"27 de February de 2026","format":false,"excerpt":"\r \r \r 27 de fevereiro de 2026 12:5427 de fevereiro de 2026 13:06 \r Compartilhar2 Por: Adalberto Luque \u2013 O Minist\u00e9rio P\u00fablico de S\u00e3o Paulo (MPSP) apresentou formalmente den\u00fancia contra a influenciadora digital e professora Aline Bardy Dutra, popularmente conhecida por \u201cEsquerdogata\u201d, para o Tribunal de Justi\u00e7a de S\u00e3o\u2026","rel":"","context":"In &quot;Not\u00edcias de Ribeir\u00e3o Preto-SP e Regi\u00e3o&quot;","block_context":{"text":"Not\u00edcias de Ribeir\u00e3o Preto-SP e Regi\u00e3o","link":"https:\/\/noticiasribeiraopreto.com.br\/index.php\/category\/noticias-de-ribeirao-preto-sp-e-regiao-ismael-colosi\/"},"img":{"alt_text":"","src":"https:\/\/i0.wp.com\/noticiasribeiraopreto.com.br\/wp-content\/uploads\/2026\/02\/27-fev-2026-esquerdogata.jpg?fit=501%2C505&ssl=1&resize=350%2C200","width":350,"height":200},"classes":[]},{"id":79215,"url":"https:\/\/noticiasribeiraopreto.com.br\/index.php\/2025\/10\/27\/quem-e-esquerdogata-influenciadora-presa-apos-ofender-pm-em-ribeirao-preto\/","url_meta":{"origin":80971,"position":3},"title":"Quem \u00e9 Esquerdogata, influenciadora presa ap\u00f3s ofender PM em Ribeir\u00e3o Preto","author":"noticiasribeiraopreto.com.br","date":"27 de October de 2025","format":false,"excerpt":"Presa na madrugada do \u00faltimo s\u00e1bado (25) por desacato contra policiais militares no Centro de Ribeir\u00e3o Preto, Aline Bardy Dutra, conhecida como Esquerdogata, \u00e9 comunicadora, professora e militante pol\u00edtica. Com mais de 800 mil seguidores nas redes sociais, Aline, que tem 45 anos, produz e compartilha v\u00eddeos e textos principalmente\u2026","rel":"","context":"In &quot;Not\u00edcias de Ribeir\u00e3o Preto-SP e Regi\u00e3o&quot;","block_context":{"text":"Not\u00edcias de Ribeir\u00e3o Preto-SP e Regi\u00e3o","link":"https:\/\/noticiasribeiraopreto.com.br\/index.php\/category\/noticias-de-ribeirao-preto-sp-e-regiao-ismael-colosi\/"},"img":{"alt_text":"","src":"https:\/\/i0.wp.com\/noticiasribeiraopreto.com.br\/wp-content\/uploads\/2025\/10\/Copia-de-Copia-de-Copia-de-TAMANHO-EXATO-PARA-FOTOS-NO-SISTEMA-NOVO-2025-10-27T133032.461_2025-10-27_16-30-35.webp.webp?fit=1200%2C675&ssl=1&resize=350%2C200","width":350,"height":200,"srcset":"https:\/\/i0.wp.com\/noticiasribeiraopreto.com.br\/wp-content\/uploads\/2025\/10\/Copia-de-Copia-de-Copia-de-TAMANHO-EXATO-PARA-FOTOS-NO-SISTEMA-NOVO-2025-10-27T133032.461_2025-10-27_16-30-35.webp.webp?fit=1200%2C675&ssl=1&resize=350%2C200 1x, https:\/\/i0.wp.com\/noticiasribeiraopreto.com.br\/wp-content\/uploads\/2025\/10\/Copia-de-Copia-de-Copia-de-TAMANHO-EXATO-PARA-FOTOS-NO-SISTEMA-NOVO-2025-10-27T133032.461_2025-10-27_16-30-35.webp.webp?fit=1200%2C675&ssl=1&resize=525%2C300 1.5x, https:\/\/i0.wp.com\/noticiasribeiraopreto.com.br\/wp-content\/uploads\/2025\/10\/Copia-de-Copia-de-Copia-de-TAMANHO-EXATO-PARA-FOTOS-NO-SISTEMA-NOVO-2025-10-27T133032.461_2025-10-27_16-30-35.webp.webp?fit=1200%2C675&ssl=1&resize=700%2C400 2x, https:\/\/i0.wp.com\/noticiasribeiraopreto.com.br\/wp-content\/uploads\/2025\/10\/Copia-de-Copia-de-Copia-de-TAMANHO-EXATO-PARA-FOTOS-NO-SISTEMA-NOVO-2025-10-27T133032.461_2025-10-27_16-30-35.webp.webp?fit=1200%2C675&ssl=1&resize=1050%2C600 3x"},"classes":[]},{"id":79253,"url":"https:\/\/noticiasribeiraopreto.com.br\/index.php\/2025\/10\/28\/esquerdogata-ja-foi-condenada-por-desacatar-policiais-militares-em-ribeirao-entenda\/","url_meta":{"origin":80971,"position":4},"title":"Esquerdogata j\u00e1 foi condenada por desacatar policiais militares em Ribeir\u00e3o; Entenda","author":"noticiasribeiraopreto.com.br","date":"28 de October de 2025","format":false,"excerpt":"Presa no \u00faltimo s\u00e1bado (25) por desacatar policiais militares no Centro de Ribeir\u00e3o Preto, a influenciadora e professora Aline Bardy Dutra, conhecida nas redes sociais como Esquerdogata, esteve envolvida em um caso semelhante em outubro de 2022. Em fevereiro deste ano, Aline foi condenada em primeira inst\u00e2ncia pela Justi\u00e7a de\u2026","rel":"","context":"In &quot;Not\u00edcias de Ribeir\u00e3o Preto-SP e Regi\u00e3o&quot;","block_context":{"text":"Not\u00edcias de Ribeir\u00e3o Preto-SP e Regi\u00e3o","link":"https:\/\/noticiasribeiraopreto.com.br\/index.php\/category\/noticias-de-ribeirao-preto-sp-e-regiao-ismael-colosi\/"},"img":{"alt_text":"","src":"https:\/\/i0.wp.com\/noticiasribeiraopreto.com.br\/wp-content\/uploads\/2025\/10\/voguing_2025-10-28_15-10-23.webp.webp?fit=1200%2C675&ssl=1&resize=350%2C200","width":350,"height":200,"srcset":"https:\/\/i0.wp.com\/noticiasribeiraopreto.com.br\/wp-content\/uploads\/2025\/10\/voguing_2025-10-28_15-10-23.webp.webp?fit=1200%2C675&ssl=1&resize=350%2C200 1x, https:\/\/i0.wp.com\/noticiasribeiraopreto.com.br\/wp-content\/uploads\/2025\/10\/voguing_2025-10-28_15-10-23.webp.webp?fit=1200%2C675&ssl=1&resize=525%2C300 1.5x, https:\/\/i0.wp.com\/noticiasribeiraopreto.com.br\/wp-content\/uploads\/2025\/10\/voguing_2025-10-28_15-10-23.webp.webp?fit=1200%2C675&ssl=1&resize=700%2C400 2x, https:\/\/i0.wp.com\/noticiasribeiraopreto.com.br\/wp-content\/uploads\/2025\/10\/voguing_2025-10-28_15-10-23.webp.webp?fit=1200%2C675&ssl=1&resize=1050%2C600 3x"},"classes":[]},{"id":83185,"url":"https:\/\/noticiasribeiraopreto.com.br\/index.php\/2026\/03\/12\/nikolas-ferreira-e-esquerdogata-rejeitam-acordo-em-acao-por-difamacao-contra-influenciadora\/","url_meta":{"origin":80971,"position":5},"title":"Nikolas Ferreira e Esquerdogata rejeitam acordo em a\u00e7\u00e3o por difama\u00e7\u00e3o contra influenciadora","author":"noticiasribeiraopreto.com.br","date":"12 de March de 2026","format":false,"excerpt":"\r \r \r 12 de mar\u00e7o de 2026 09:39 \r Compartilhar0 Por Pedro Penteado O deputado federal Nikolas Ferreira (PL-MG) e a influenciadora Aline Bardy Dutra, conhecida como Esquerdogata, recusaram concilia\u00e7\u00e3o em audi\u00eancia realizada na ter\u00e7a-feira, 10, na 1.\u00aa Vara Criminal de Bras\u00edlia, no Tribunal de Justi\u00e7a do Distrito Federal\u2026","rel":"","context":"In &quot;Not\u00edcias de Ribeir\u00e3o Preto-SP e Regi\u00e3o&quot;","block_context":{"text":"Not\u00edcias de Ribeir\u00e3o Preto-SP e Regi\u00e3o","link":"https:\/\/noticiasribeiraopreto.com.br\/index.php\/category\/noticias-de-ribeirao-preto-sp-e-regiao-ismael-colosi\/"},"img":{"alt_text":"","src":"https:\/\/i0.wp.com\/noticiasribeiraopreto.com.br\/wp-content\/uploads\/2026\/03\/27-fev-2026-esquerdogata.jpg?fit=501%2C505&ssl=1&resize=350%2C200","width":350,"height":200},"classes":[]}],"jetpack_sharing_enabled":true,"jetpack_shortlink":"https:\/\/wp.me\/peQAOb-l3Z","_links":{"self":[{"href":"https:\/\/noticiasribeiraopreto.com.br\/index.php\/wp-json\/wp\/v2\/posts\/80971","targetHints":{"allow":["GET"]}}],"collection":[{"href":"https:\/\/noticiasribeiraopreto.com.br\/index.php\/wp-json\/wp\/v2\/posts"}],"about":[{"href":"https:\/\/noticiasribeiraopreto.com.br\/index.php\/wp-json\/wp\/v2\/types\/post"}],"author":[{"embeddable":true,"href":"https:\/\/noticiasribeiraopreto.com.br\/index.php\/wp-json\/wp\/v2\/users\/1"}],"replies":[{"embeddable":true,"href":"https:\/\/noticiasribeiraopreto.com.br\/index.php\/wp-json\/wp\/v2\/comments?post=80971"}],"version-history":[{"count":0,"href":"https:\/\/noticiasribeiraopreto.com.br\/index.php\/wp-json\/wp\/v2\/posts\/80971\/revisions"}],"wp:featuredmedia":[{"embeddable":true,"href":"https:\/\/noticiasribeiraopreto.com.br\/index.php\/wp-json\/wp\/v2\/media\/79254"}],"wp:attachment":[{"href":"https:\/\/noticiasribeiraopreto.com.br\/index.php\/wp-json\/wp\/v2\/media?parent=80971"}],"wp:term":[{"taxonomy":"category","embeddable":true,"href":"https:\/\/noticiasribeiraopreto.com.br\/index.php\/wp-json\/wp\/v2\/categories?post=80971"},{"taxonomy":"post_tag","embeddable":true,"href":"https:\/\/noticiasribeiraopreto.com.br\/index.php\/wp-json\/wp\/v2\/tags?post=80971"}],"curies":[{"name":"wp","href":"https:\/\/api.w.org\/{rel}","templated":true}]}}