{"id":80976,"date":"2025-12-19T11:07:17","date_gmt":"2025-12-19T14:07:17","guid":{"rendered":"https:\/\/noticiasribeiraopreto.com.br\/index.php\/2025\/12\/19\/video-carro-desgovernado-atropela-motociclista-e-atinge-7-veiculos\/"},"modified":"2025-12-19T11:07:17","modified_gmt":"2025-12-19T14:07:17","slug":"video-carro-desgovernado-atropela-motociclista-e-atinge-7-veiculos","status":"publish","type":"post","link":"https:\/\/noticiasribeiraopreto.com.br\/index.php\/2025\/12\/19\/video-carro-desgovernado-atropela-motociclista-e-atinge-7-veiculos\/","title":{"rendered":"V\u00cdDEO &#8211; Carro desgovernado atropela motociclista e atinge 7 ve\u00edculos"},"content":{"rendered":"<div class='code-block code-block-1' style='margin: 8px 0 8px auto; text-align: right; display: block; clear: both;'>\n<p><a href=\"https:\/\/wa.link\/vpicfd\"><img data-recalc-dims=\"1\" class=\"wp-image-4922\" style=\"aspect-ratio: 2.0253164556962027; width: 561px; height: auto;\" src=\"https:\/\/i0.wp.com\/ismaelcolosi.com.br\/wp-content\/uploads\/2023\/11\/grupo-de-empregos-whatsapp-e-facebook-ismael-colosi-vagas.jpg?ssl=1\" alt=\"\" \/><\/a><\/p>\n<!-- \/wp:image -->\n<\/div>\n<p> <br \/>\n<\/p>\n<div id=\"\">&#13;<\/p>\n<h2 class=\"penci-post-subtitle\">Motorista, que \u00e9 m\u00e9dico aposentado, sofreu ferimentos leves e motociclista foi levado para UPA, al\u00e9m de ter moto apreendida<\/h2>\n<p>&#13;<\/p>\n<p>&#13;<br \/>\n\t\t\t\t\t\t\t\t\t<span class=\"entry-meta-item penci-posted-on\"><i class=\"fa fa-clock-o\"\/><time class=\"entry-date published updated\" datetime=\"2025-12-19T10:52:58-03:00\">19 de dezembro de 2025 10:52<\/time><\/span><span class=\"entry-meta-item penci-post-countview\"\/>\t\t\t\t\t\t\t\t<\/p>\n<p><!-- .entry-meta -->&#13;<br \/>\n\t\t\t\t\t\t\t\t<span class=\"penci-social-buttons penci-social-share-footer\"><span class=\"penci-social-share-text\">Compartilhar<\/span><a href=\"#\" class=\"penci-post-like penci_post-meta_item  single-like-button penci-social-item like\" data-post_id=\"449542\" title=\"Like\" data-like=\"Like\" data-unlike=\"Unlike\"><i class=\"fa fa-thumbs-o-up\"\/><span class=\"penci-share-number\">1<\/span><\/a><i class=\"fa fa-facebook\"\/><a class=\"penci-social-item twitter\" target=\"_blank\" rel=\"noopener\" title=\"\" href=\"https:\/\/twitter.com\/intent\/tweet?text=V\u00cdDEO%20-%20Carro%20desgovernado%20atropela%20motociclista%20e%20atinge%207%20ve\u00edculos%20-%20https:\/\/www.tribunaribeirao.com.br\/video-carro-desgovernado-atropela-motociclista-e-atinge-7-veiculos\/\"><i class=\"fa fa-twitter\"\/><\/a><i class=\"fa fa-linkedin\"\/><i class=\"fa fa-whatsapp\"\/><i class=\"fa fa-telegram\"\/><i class=\"fa fa-envelope\"\/><\/span>\t\t\t\t\t\t\t<\/div>\n<div>\n<p>Por: Adalberto Luque<\/p>\n<p>Um carro desgovernado causou um acidente impressionante, envolvendo pelo menos seis carros e duas motos, na tarde desta quinta-feira (18). As colis\u00f5es ocorreram no cruzamento da avenida 9 de Julho com a rua Casemiro de Abreu, Vila Seixas, zona Sul da cidade.<\/p>\n<figure id=\"attachment_449543\" aria-describedby=\"caption-attachment-449543\" style=\"width: 664px\" class=\"wp-caption alignnone\"><img data-recalc-dims=\"1\" loading=\"lazy\" decoding=\"async\" class=\"size-full wp-image-449543 lazyload\" src=\"https:\/\/i0.wp.com\/www.tribunaribeirao.com.br\/wp-content\/uploads\/2025\/12\/19-dez-2025-acidentenove1.jpg?resize=664%2C780&#038;ssl=1\" alt=\"\" width=\"664\" height=\"780\" srcset=\"https:\/\/www.tribunaribeirao.com.br\/wp-content\/uploads\/2025\/12\/19-dez-2025-acidentenove1.jpg 664w, https:\/\/www.tribunaribeirao.com.br\/wp-content\/uploads\/2025\/12\/19-dez-2025-acidentenove1-256x300.jpg 256w, https:\/\/www.tribunaribeirao.com.br\/wp-content\/uploads\/2025\/12\/19-dez-2025-acidentenove1-872x1024.jpg 872w, https:\/\/www.tribunaribeirao.com.br\/wp-content\/uploads\/2025\/12\/19-dez-2025-acidentenove1-768x902.jpg 768w, https:\/\/www.tribunaribeirao.com.br\/wp-content\/uploads\/2025\/12\/19-dez-2025-acidentenove1-341x400.jpg 341w, https:\/\/www.tribunaribeirao.com.br\/wp-content\/uploads\/2025\/12\/19-dez-2025-acidentenove1-585x687.jpg 585w\" data-sizes=\"(max-width: 664px) 100vw, 664px\" style=\"--smush-placeholder-width: 664px; --smush-placeholder-aspect-ratio: 664\/780;\"\/><figcaption id=\"caption-attachment-449543\" class=\"wp-caption-text\">Motociclista foi o primeiro a ser atingido pelo carro desgovernado (Foto: Divulga\u00e7\u00e3o)<\/figcaption><\/figure>\n<p>C\u00e2meras de seguran\u00e7a registraram o acidente. O motorista do carro, ao cruzar a avenida 9 de Julho, avan\u00e7a o sinal de pare e atropela uma moto. O condutor \u00e9 arremessado por sobre o carro, dando uma pirueta, caindo em seguida.<\/p>\n<p>O carro, desgovernado, continua e sobe na cal\u00e7ada, atingindo tr\u00eas ve\u00edculos que estavam estacionados. Depois o condutor do carro tenta retomar para a rua e acaba batendo em outra moto, bate em outro carro e s\u00f3 para ao bater em um terceiro ve\u00edculo.<\/p>\n<figure id=\"attachment_449544\" aria-describedby=\"caption-attachment-449544\" style=\"width: 1200px\" class=\"wp-caption alignnone\"><img data-recalc-dims=\"1\" loading=\"lazy\" decoding=\"async\" class=\"size-full wp-image-449544 lazyload\" src=\"https:\/\/i0.wp.com\/www.tribunaribeirao.com.br\/wp-content\/uploads\/2025\/12\/19-dez-2025-acidentenove2-scaled.jpg?resize=1200%2C723&#038;ssl=1\" alt=\"\" width=\"1200\" height=\"723\" srcset=\"https:\/\/www.tribunaribeirao.com.br\/wp-content\/uploads\/2025\/12\/19-dez-2025-acidentenove2-scaled.jpg 1200w, https:\/\/www.tribunaribeirao.com.br\/wp-content\/uploads\/2025\/12\/19-dez-2025-acidentenove2-300x181.jpg 300w, https:\/\/www.tribunaribeirao.com.br\/wp-content\/uploads\/2025\/12\/19-dez-2025-acidentenove2-1024x617.jpg 1024w, https:\/\/www.tribunaribeirao.com.br\/wp-content\/uploads\/2025\/12\/19-dez-2025-acidentenove2-768x463.jpg 768w, https:\/\/www.tribunaribeirao.com.br\/wp-content\/uploads\/2025\/12\/19-dez-2025-acidentenove2-1536x926.jpg 1536w, https:\/\/www.tribunaribeirao.com.br\/wp-content\/uploads\/2025\/12\/19-dez-2025-acidentenove2-960x579.jpg 960w, https:\/\/www.tribunaribeirao.com.br\/wp-content\/uploads\/2025\/12\/19-dez-2025-acidentenove2-663x400.jpg 663w, https:\/\/www.tribunaribeirao.com.br\/wp-content\/uploads\/2025\/12\/19-dez-2025-acidentenove2-585x353.jpg 585w\" data-sizes=\"(max-width: 1200px) 100vw, 1200px\" style=\"--smush-placeholder-width: 1200px; --smush-placeholder-aspect-ratio: 1200\/723;\"\/><figcaption id=\"caption-attachment-449544\" class=\"wp-caption-text\">Na sequ\u00eancia, m\u00e9dico aposentado atingiu outros carros e moto (Foto: Reprodu\u00e7\u00e3o)<\/figcaption><\/figure>\n<p>O motorista do carro, que \u00e9 um m\u00e9dico aposentado, sofreu ferimentos leves. O motociclista, no entanto, precisou ser socorrido pelo Servi\u00e7o de Atendimento M\u00f3vel de Urg\u00eancia (SAMU). Ele foi levado para a Unidade de Pronto Atendimento (UPA) da avenida 13 de Maio, na zona Leste. Seu estado de sa\u00fade, todavia, n\u00e3o foi informado.<\/p>\n<p>O condutor da moto, que trabalha como entregador, estava com a CNH vencida. A moto foi apreendida. As circunst\u00e2ncias do acidente ser\u00e3o investigadas pela Pol\u00edcia Civil.<\/p>\n<\/div>\n<p><script async src=\"\/\/platform.twitter.com\/widgets.js\" charset=\"utf-8\"><\/script><br \/>\n<br \/><br \/>\n<br \/><a href=\"https:\/\/www.tribunaribeirao.com.br\/video-carro-desgovernado-atropela-motociclista-e-atinge-7-veiculos\/\">Source link <\/a><\/p>\n<!-- CONTENT END 1 -->\n","protected":false},"excerpt":{"rendered":"<p>&#13; Motorista, que \u00e9 m\u00e9dico aposentado, sofreu ferimentos leves e motociclista foi levado para UPA, al\u00e9m de ter moto apreendida &#13; &#13; 19 de dezembro&#8230;<\/p>\n","protected":false},"author":1,"featured_media":80977,"comment_status":"open","ping_status":"open","sticky":false,"template":"","format":"standard","meta":{"advanced_seo_description":"","jetpack_seo_html_title":"","jetpack_seo_noindex":false,"jetpack_post_was_ever_published":false,"_jetpack_newsletter_access":"","_jetpack_dont_email_post_to_subs":false,"_jetpack_newsletter_tier_id":0,"_jetpack_memberships_contains_paywalled_content":false,"_jetpack_memberships_contains_paid_content":false,"footnotes":"","jetpack_publicize_message":"","jetpack_publicize_feature_enabled":true,"jetpack_social_post_already_shared":true,"jetpack_social_options":{"image_generator_settings":{"template":"highway","default_image_id":0,"font":"","enabled":false},"version":2}},"categories":[11],"tags":[],"class_list":["post-80976","post","type-post","status-publish","format-standard","has-post-thumbnail","hentry","category-noticias-de-ribeirao-preto-sp-e-regiao-ismael-colosi"],"jetpack_publicize_connections":[],"jetpack_featured_media_url":"https:\/\/i0.wp.com\/noticiasribeiraopreto.com.br\/wp-content\/uploads\/2025\/12\/19-dez-2025-acidentenove2-scaled.jpg?fit=1200%2C723&ssl=1","jetpack-related-posts":[{"id":77782,"url":"https:\/\/noticiasribeiraopreto.com.br\/index.php\/2025\/09\/25\/motociclista-atropela-cavalo-em-franca\/","url_meta":{"origin":80976,"position":0},"title":"Motociclista atropela cavalo em Franca","author":"noticiasribeiraopreto.com.br","date":"25 de September de 2025","format":false,"excerpt":"Motociclista estava sem capacete e n\u00e3o obedeceu sinaliza\u00e7\u00e3o de parada obrigat\u00f3ria 25 de setembro de 2025 16:0925 de setembro de 2025 16:117 Compartilhar1 Por: Adalberto Luque Um motociclista sem capacete e desrespeitando a sinaliza\u00e7\u00e3o atropelou um cavalo. O acidente ocorreu na tarde do domingo (21), em Franca, mas as imagens\u2026","rel":"","context":"In &quot;Not\u00edcias de Ribeir\u00e3o Preto-SP e Regi\u00e3o&quot;","block_context":{"text":"Not\u00edcias de Ribeir\u00e3o Preto-SP e Regi\u00e3o","link":"https:\/\/noticiasribeiraopreto.com.br\/index.php\/category\/noticias-de-ribeirao-preto-sp-e-regiao-ismael-colosi\/"},"img":{"alt_text":"","src":"https:\/\/i0.wp.com\/noticiasribeiraopreto.com.br\/wp-content\/uploads\/2025\/09\/25-set-2025-carrocamoto2.jpg?fit=822%2C462&ssl=1&resize=350%2C200","width":350,"height":200,"srcset":"https:\/\/i0.wp.com\/noticiasribeiraopreto.com.br\/wp-content\/uploads\/2025\/09\/25-set-2025-carrocamoto2.jpg?fit=822%2C462&ssl=1&resize=350%2C200 1x, https:\/\/i0.wp.com\/noticiasribeiraopreto.com.br\/wp-content\/uploads\/2025\/09\/25-set-2025-carrocamoto2.jpg?fit=822%2C462&ssl=1&resize=525%2C300 1.5x, https:\/\/i0.wp.com\/noticiasribeiraopreto.com.br\/wp-content\/uploads\/2025\/09\/25-set-2025-carrocamoto2.jpg?fit=822%2C462&ssl=1&resize=700%2C400 2x"},"classes":[]},{"id":59898,"url":"https:\/\/noticiasribeiraopreto.com.br\/index.php\/2024\/11\/01\/blitz-educativa-orienta-120-motociclistas-sobre-seguranca-no-transito-na-avenida-costa-e-silva-em-ribeirao-preto\/","url_meta":{"origin":80976,"position":1},"title":"Blitz Educativa Orienta 120 Motociclistas sobre Seguran\u00e7a no Tr\u00e2nsito na Avenida Costa e Silva em Ribeir\u00e3o Preto","author":"noticiasribeiraopreto.com.br","date":"1 de November de 2024","format":false,"excerpt":"A Prefeitura de Ribeir\u00e3o Preto, em parceria com o programa de seguran\u00e7a no tr\u00e2nsito local, realizou recentemente uma blitz educativa que abordou 120 motociclistas na movimentada Avenida Costa e Silva. O objetivo da a\u00e7\u00e3o foi promover a conscientiza\u00e7\u00e3o sobre pr\u00e1ticas de pilotagem seguras, refor\u00e7ando a import\u00e2ncia do uso de equipamentos\u2026","rel":"","context":"In &quot;Not\u00edcias de Ribeir\u00e3o Preto-SP e Regi\u00e3o&quot;","block_context":{"text":"Not\u00edcias de Ribeir\u00e3o Preto-SP e Regi\u00e3o","link":"https:\/\/noticiasribeiraopreto.com.br\/index.php\/category\/noticias-de-ribeirao-preto-sp-e-regiao-ismael-colosi\/"},"img":{"alt_text":"","src":"https:\/\/i0.wp.com\/noticiasribeiraopreto.com.br\/wp-content\/uploads\/2024\/11\/blitz_de_conscientizacao_4.jpg?fit=1152%2C838&ssl=1&resize=350%2C200","width":350,"height":200,"srcset":"https:\/\/i0.wp.com\/noticiasribeiraopreto.com.br\/wp-content\/uploads\/2024\/11\/blitz_de_conscientizacao_4.jpg?fit=1152%2C838&ssl=1&resize=350%2C200 1x, https:\/\/i0.wp.com\/noticiasribeiraopreto.com.br\/wp-content\/uploads\/2024\/11\/blitz_de_conscientizacao_4.jpg?fit=1152%2C838&ssl=1&resize=525%2C300 1.5x, https:\/\/i0.wp.com\/noticiasribeiraopreto.com.br\/wp-content\/uploads\/2024\/11\/blitz_de_conscientizacao_4.jpg?fit=1152%2C838&ssl=1&resize=700%2C400 2x, https:\/\/i0.wp.com\/noticiasribeiraopreto.com.br\/wp-content\/uploads\/2024\/11\/blitz_de_conscientizacao_4.jpg?fit=1152%2C838&ssl=1&resize=1050%2C600 3x"},"classes":[]},{"id":61013,"url":"https:\/\/noticiasribeiraopreto.com.br\/index.php\/2024\/12\/02\/motociclista-morre-apos-colisao-e-ficar-preso-sob-onibus-em-ribeirao-preto\/","url_meta":{"origin":80976,"position":2},"title":"Motociclista Morre Ap\u00f3s Colis\u00e3o e Ficar Preso Sob \u00d4nibus em Ribeir\u00e3o Preto","author":"noticiasribeiraopreto.com.br","date":"2 de December de 2024","format":false,"excerpt":"Um grave acidente de tr\u00e2nsito em Ribeir\u00e3o Preto resultou na morte de um motociclista na manh\u00e3 deste domingo (1\u00ba). O incidente ocorreu na Avenida Presidente Vargas, um dos principais corredores da cidade, e mobilizou equipes de resgate e autoridades de tr\u00e2nsito. Detalhes do acidente De acordo com informa\u00e7\u00f5es preliminares, o\u2026","rel":"","context":"In &quot;Not\u00edcias de Ribeir\u00e3o Preto-SP e Regi\u00e3o&quot;","block_context":{"text":"Not\u00edcias de Ribeir\u00e3o Preto-SP e Regi\u00e3o","link":"https:\/\/noticiasribeiraopreto.com.br\/index.php\/category\/noticias-de-ribeirao-preto-sp-e-regiao-ismael-colosi\/"},"img":{"alt_text":"","src":"https:\/\/i0.wp.com\/noticiasribeiraopreto.com.br\/wp-content\/uploads\/2024\/12\/acidente-onibus-ribeirao_2024-11-30_21-54-20_jpg_2024-11-30_21-54-20.webp.webp?fit=960%2C709&ssl=1&resize=350%2C200","width":350,"height":200,"srcset":"https:\/\/i0.wp.com\/noticiasribeiraopreto.com.br\/wp-content\/uploads\/2024\/12\/acidente-onibus-ribeirao_2024-11-30_21-54-20_jpg_2024-11-30_21-54-20.webp.webp?fit=960%2C709&ssl=1&resize=350%2C200 1x, https:\/\/i0.wp.com\/noticiasribeiraopreto.com.br\/wp-content\/uploads\/2024\/12\/acidente-onibus-ribeirao_2024-11-30_21-54-20_jpg_2024-11-30_21-54-20.webp.webp?fit=960%2C709&ssl=1&resize=525%2C300 1.5x, https:\/\/i0.wp.com\/noticiasribeiraopreto.com.br\/wp-content\/uploads\/2024\/12\/acidente-onibus-ribeirao_2024-11-30_21-54-20_jpg_2024-11-30_21-54-20.webp.webp?fit=960%2C709&ssl=1&resize=700%2C400 2x"},"classes":[]},{"id":59730,"url":"https:\/\/noticiasribeiraopreto.com.br\/index.php\/2024\/10\/29\/motociclista-e-rendido-no-transito-de-ribeirao-e-obrigado-a-fazer-pix\/","url_meta":{"origin":80976,"position":3},"title":"Motociclista \u00e9 rendido no tr\u00e2nsito de Ribeir\u00e3o e obrigado a fazer Pix","author":"noticiasribeiraopreto.com.br","date":"29 de October de 2024","format":false,"excerpt":"Um motociclista foi rendido por assaltantes na noite desta segunda-feira (28), no tr\u00e2nsito de Ribeir\u00e3o Preto, e obrigado a fazer um Pix. A v\u00edtima, que tem 27 anos e atua como supervisor de seguran\u00e7a, disse \u00e0 pol\u00edcia que havia parado sua moto no tr\u00e2nsito da avenida Adelmo Perdizza, quando dois\u2026","rel":"","context":"In &quot;Not\u00edcias de Ribeir\u00e3o Preto-SP e Regi\u00e3o&quot;","block_context":{"text":"Not\u00edcias de Ribeir\u00e3o Preto-SP e Regi\u00e3o","link":"https:\/\/noticiasribeiraopreto.com.br\/index.php\/category\/noticias-de-ribeirao-preto-sp-e-regiao-ismael-colosi\/"},"img":{"alt_text":"","src":"https:\/\/i0.wp.com\/noticiasribeiraopreto.com.br\/wp-content\/uploads\/2024\/10\/POLICIA.jpg?fit=1200%2C748&ssl=1&resize=350%2C200","width":350,"height":200,"srcset":"https:\/\/i0.wp.com\/noticiasribeiraopreto.com.br\/wp-content\/uploads\/2024\/10\/POLICIA.jpg?fit=1200%2C748&ssl=1&resize=350%2C200 1x, https:\/\/i0.wp.com\/noticiasribeiraopreto.com.br\/wp-content\/uploads\/2024\/10\/POLICIA.jpg?fit=1200%2C748&ssl=1&resize=525%2C300 1.5x, https:\/\/i0.wp.com\/noticiasribeiraopreto.com.br\/wp-content\/uploads\/2024\/10\/POLICIA.jpg?fit=1200%2C748&ssl=1&resize=700%2C400 2x, https:\/\/i0.wp.com\/noticiasribeiraopreto.com.br\/wp-content\/uploads\/2024\/10\/POLICIA.jpg?fit=1200%2C748&ssl=1&resize=1050%2C600 3x"},"classes":[]},{"id":73096,"url":"https:\/\/noticiasribeiraopreto.com.br\/index.php\/2025\/06\/25\/motociclista-empina-moto-e-quase-atinge-familia-na-regiao-de-ribeirao-preto-assista-ao-video\/","url_meta":{"origin":80976,"position":4},"title":"Motociclista empina moto e quase atinge fam\u00edlia na regi\u00e3o de Ribeir\u00e3o Preto; Assista ao v\u00eddeo","author":"noticiasribeiraopreto.com.br","date":"25 de June de 2025","format":false,"excerpt":"Um motociclista, de 37 anos, perdeu o controle da moto ao empinar o ve\u00edculo e quase atingiu pessoas de uma fam\u00edlia que estavam reunidas na tarde desta ter\u00e7a-feira (24), na avenida Mario Rimoli, em Bebedouro, a 80 quil\u00f4metros de Ribeir\u00e3o Preto. O momento foi registrado por c\u00e2meras de seguran\u00e7a. Assista\u2026","rel":"","context":"In &quot;Not\u00edcias de Ribeir\u00e3o Preto-SP e Regi\u00e3o&quot;","block_context":{"text":"Not\u00edcias de Ribeir\u00e3o Preto-SP e Regi\u00e3o","link":"https:\/\/noticiasribeiraopreto.com.br\/index.php\/category\/noticias-de-ribeirao-preto-sp-e-regiao-ismael-colosi\/"},"img":{"alt_text":"","src":"https:\/\/i0.wp.com\/noticiasribeiraopreto.com.br\/wp-content\/uploads\/2025\/06\/MOTO_2025-06-25_15-05-01.webp.webp?fit=1200%2C796&ssl=1&resize=350%2C200","width":350,"height":200,"srcset":"https:\/\/i0.wp.com\/noticiasribeiraopreto.com.br\/wp-content\/uploads\/2025\/06\/MOTO_2025-06-25_15-05-01.webp.webp?fit=1200%2C796&ssl=1&resize=350%2C200 1x, https:\/\/i0.wp.com\/noticiasribeiraopreto.com.br\/wp-content\/uploads\/2025\/06\/MOTO_2025-06-25_15-05-01.webp.webp?fit=1200%2C796&ssl=1&resize=525%2C300 1.5x, https:\/\/i0.wp.com\/noticiasribeiraopreto.com.br\/wp-content\/uploads\/2025\/06\/MOTO_2025-06-25_15-05-01.webp.webp?fit=1200%2C796&ssl=1&resize=700%2C400 2x, https:\/\/i0.wp.com\/noticiasribeiraopreto.com.br\/wp-content\/uploads\/2025\/06\/MOTO_2025-06-25_15-05-01.webp.webp?fit=1200%2C796&ssl=1&resize=1050%2C600 3x"},"classes":[]},{"id":83169,"url":"https:\/\/noticiasribeiraopreto.com.br\/index.php\/2026\/03\/11\/motociclista-e-preso-apos-agredir-agente-de-transito-durante-abordagem-em-ribeirao-preto\/","url_meta":{"origin":80976,"position":5},"title":"Motociclista \u00e9 preso ap\u00f3s agredir agente de tr\u00e2nsito durante abordagem em Ribeir\u00e3o Preto","author":"noticiasribeiraopreto.com.br","date":"11 de March de 2026","format":false,"excerpt":"Um agente de tr\u00e2nsito foi agredido durante uma abordagem a um motociclista no final da tarde desta ter\u00e7a-feira (10), na zona Norte de Ribeir\u00e3o Preto. A ocorr\u00eancia foi registrada no cruzamento das ruas General C\u00e2mara e Itagua\u00e7u, no bairro Ipiranga. De acordo com as informa\u00e7\u00f5es iniciais, o agente realizava fiscaliza\u00e7\u00e3o\u2026","rel":"","context":"In &quot;Not\u00edcias de Ribeir\u00e3o Preto-SP e Regi\u00e3o&quot;","block_context":{"text":"Not\u00edcias de Ribeir\u00e3o Preto-SP e Regi\u00e3o","link":"https:\/\/noticiasribeiraopreto.com.br\/index.php\/category\/noticias-de-ribeirao-preto-sp-e-regiao-ismael-colosi\/"},"img":{"alt_text":"","src":"https:\/\/i0.wp.com\/noticiasribeiraopreto.com.br\/wp-content\/uploads\/2026\/03\/palace-60_2026-03-10_21-29-31.webp.webp?fit=1200%2C675&ssl=1&resize=350%2C200","width":350,"height":200,"srcset":"https:\/\/i0.wp.com\/noticiasribeiraopreto.com.br\/wp-content\/uploads\/2026\/03\/palace-60_2026-03-10_21-29-31.webp.webp?fit=1200%2C675&ssl=1&resize=350%2C200 1x, https:\/\/i0.wp.com\/noticiasribeiraopreto.com.br\/wp-content\/uploads\/2026\/03\/palace-60_2026-03-10_21-29-31.webp.webp?fit=1200%2C675&ssl=1&resize=525%2C300 1.5x, https:\/\/i0.wp.com\/noticiasribeiraopreto.com.br\/wp-content\/uploads\/2026\/03\/palace-60_2026-03-10_21-29-31.webp.webp?fit=1200%2C675&ssl=1&resize=700%2C400 2x, https:\/\/i0.wp.com\/noticiasribeiraopreto.com.br\/wp-content\/uploads\/2026\/03\/palace-60_2026-03-10_21-29-31.webp.webp?fit=1200%2C675&ssl=1&resize=1050%2C600 3x"},"classes":[]}],"jetpack_sharing_enabled":true,"jetpack_shortlink":"https:\/\/wp.me\/peQAOb-l44","_links":{"self":[{"href":"https:\/\/noticiasribeiraopreto.com.br\/index.php\/wp-json\/wp\/v2\/posts\/80976","targetHints":{"allow":["GET"]}}],"collection":[{"href":"https:\/\/noticiasribeiraopreto.com.br\/index.php\/wp-json\/wp\/v2\/posts"}],"about":[{"href":"https:\/\/noticiasribeiraopreto.com.br\/index.php\/wp-json\/wp\/v2\/types\/post"}],"author":[{"embeddable":true,"href":"https:\/\/noticiasribeiraopreto.com.br\/index.php\/wp-json\/wp\/v2\/users\/1"}],"replies":[{"embeddable":true,"href":"https:\/\/noticiasribeiraopreto.com.br\/index.php\/wp-json\/wp\/v2\/comments?post=80976"}],"version-history":[{"count":0,"href":"https:\/\/noticiasribeiraopreto.com.br\/index.php\/wp-json\/wp\/v2\/posts\/80976\/revisions"}],"wp:featuredmedia":[{"embeddable":true,"href":"https:\/\/noticiasribeiraopreto.com.br\/index.php\/wp-json\/wp\/v2\/media\/80977"}],"wp:attachment":[{"href":"https:\/\/noticiasribeiraopreto.com.br\/index.php\/wp-json\/wp\/v2\/media?parent=80976"}],"wp:term":[{"taxonomy":"category","embeddable":true,"href":"https:\/\/noticiasribeiraopreto.com.br\/index.php\/wp-json\/wp\/v2\/categories?post=80976"},{"taxonomy":"post_tag","embeddable":true,"href":"https:\/\/noticiasribeiraopreto.com.br\/index.php\/wp-json\/wp\/v2\/tags?post=80976"}],"curies":[{"name":"wp","href":"https:\/\/api.w.org\/{rel}","templated":true}]}}