{"id":80978,"date":"2025-12-19T11:10:40","date_gmt":"2025-12-19T14:10:40","guid":{"rendered":"https:\/\/noticiasribeiraopreto.com.br\/index.php\/2025\/12\/19\/incendio-mobiliza-bombeiros-em-posto-do-hemocentro-de-ribeirao-preto-video\/"},"modified":"2025-12-19T11:10:40","modified_gmt":"2025-12-19T14:10:40","slug":"incendio-mobiliza-bombeiros-em-posto-do-hemocentro-de-ribeirao-preto-video","status":"publish","type":"post","link":"https:\/\/noticiasribeiraopreto.com.br\/index.php\/2025\/12\/19\/incendio-mobiliza-bombeiros-em-posto-do-hemocentro-de-ribeirao-preto-video\/","title":{"rendered":"Inc\u00eandio mobiliza Bombeiros em posto do Hemocentro de Ribeir\u00e3o Preto; V\u00eddeo"},"content":{"rendered":"<div class='code-block code-block-1' style='margin: 8px 0 8px auto; text-align: right; display: block; clear: both;'>\n<p><a href=\"https:\/\/wa.link\/vpicfd\"><img data-recalc-dims=\"1\" class=\"wp-image-4922\" style=\"aspect-ratio: 2.0253164556962027; width: 561px; height: auto;\" src=\"https:\/\/i0.wp.com\/ismaelcolosi.com.br\/wp-content\/uploads\/2023\/11\/grupo-de-empregos-whatsapp-e-facebook-ismael-colosi-vagas.jpg?ssl=1\" alt=\"\" \/><\/a><\/p>\n<!-- \/wp:image -->\n<\/div>\n<p> <br \/>\n<\/p>\n<div data-td-block-uid=\"tdi_95\">\n<div class=\"tdb-block-inner td-fix-index\">\n<p><strong>Um inc\u00eandio mobiliza equipes do Corpo de Bombeiros nesta quinta-feira (18), no posto de coleta do Hemocentro, na rua Quintino Bocai\u00fava, regi\u00e3o central de Ribeir\u00e3o Preto.<\/strong><\/p>\n<p>Segundo as primeiras informa\u00e7\u00f5es da assessoria de imprensa, <mark style=\"background-color:#fcb900\" class=\"has-inline-color has-black-color\">o fogo atingiu um ar-condicionado, na sala de um m\u00e9dico, e um t\u00e9cnico que trabalhava no equipamento foi socorrido com intoxica\u00e7\u00e3o e encaminhado ao Hospital das Cl\u00ednicas \u2013 Unidade de Emerg\u00eancia (HC-UE).<\/mark><\/p>\n<p>Ainda conforme as informa\u00e7\u00f5es, as chamas foram controladas pelos Bombeiros e ficaram apenas no aparelho.<\/p>\n<p>O atendimento da unidade foi suspenso e o posto de coleta n\u00e3o ir\u00e1 abrir ao p\u00fablico nesta sexta-feira (19), de acordo com a assessoria.<\/p>\n<p>As causas ainda dever\u00e3o ser apuradas.<\/p>\n<blockquote class=\"instagram-media\" data-instgrm-permalink=\"https:\/\/www.instagram.com\/reel\/DSaNYg-Dgiq\/?utm_source=ig_embed&amp;utm_campaign=loading\" data-instgrm-version=\"14\" style=\" background:#FFF; border:0; border-radius:3px; box-shadow:0 0 1px 0 rgba(0,0,0,0.5),0 1px 10px 0 rgba(0,0,0,0.15); margin: 1px; max-width:540px; min-width:326px; padding:0; width:99.375%; width:-webkit-calc(100% - 2px); width:calc(100% - 2px);\"\/>\n<p><!-- AI CONTENT END 1 -->\n<\/div>\n<\/div>\n<p><script async src=\"\/\/www.instagram.com\/embed.js\"><\/script><br \/>\n<br \/><br \/>\n<br \/><a href=\"https:\/\/www.acidadeon.com\/ribeiraopreto\/cotidiano\/incendio-mobiliza-bombeiros-em-posto-do-hemocentro-de-ribeirao-preto-video\/\">Source link <\/a><\/p>\n<!-- CONTENT END 1 -->\n","protected":false},"excerpt":{"rendered":"<p>Um inc\u00eandio mobiliza equipes do Corpo de Bombeiros nesta quinta-feira (18), no posto de coleta do Hemocentro, na rua Quintino Bocai\u00fava, regi\u00e3o central de Ribeir\u00e3o&#8230;<\/p>\n","protected":false},"author":1,"featured_media":80979,"comment_status":"open","ping_status":"open","sticky":false,"template":"","format":"standard","meta":{"advanced_seo_description":"","jetpack_seo_html_title":"","jetpack_seo_noindex":false,"jetpack_post_was_ever_published":false,"_jetpack_newsletter_access":"","_jetpack_dont_email_post_to_subs":false,"_jetpack_newsletter_tier_id":0,"_jetpack_memberships_contains_paywalled_content":false,"_jetpack_memberships_contains_paid_content":false,"footnotes":"","jetpack_publicize_message":"","jetpack_publicize_feature_enabled":true,"jetpack_social_post_already_shared":true,"jetpack_social_options":{"image_generator_settings":{"template":"highway","default_image_id":0,"font":"","enabled":false},"version":2}},"categories":[11],"tags":[],"class_list":["post-80978","post","type-post","status-publish","format-standard","has-post-thumbnail","hentry","category-noticias-de-ribeirao-preto-sp-e-regiao-ismael-colosi"],"jetpack_publicize_connections":[],"jetpack_featured_media_url":"https:\/\/i0.wp.com\/noticiasribeiraopreto.com.br\/wp-content\/uploads\/2025\/12\/incendio_2025-12-18_15-24-19.webp.webp?fit=1200%2C715&ssl=1","jetpack-related-posts":[{"id":78345,"url":"https:\/\/noticiasribeiraopreto.com.br\/index.php\/2025\/10\/09\/incendio-em-supermercado-mobiliza-bombeiros-na-regiao-de-ribeirao-preto-video\/","url_meta":{"origin":80978,"position":0},"title":"Inc\u00eandio em supermercado mobiliza Bombeiros na regi\u00e3o de Ribeir\u00e3o Preto; V\u00eddeo","author":"noticiasribeiraopreto.com.br","date":"9 de October de 2025","format":false,"excerpt":"Um inc\u00eandio em um supermercado mobiliza o Corpo de Bombeiros nesta quinta-feira (9), em Jardin\u00f3polis, na regi\u00e3o de Ribeir\u00e3o Preto. Segundo as primeiras informa\u00e7\u00f5es, o estabelecimento, localizado na rua Mario Lamonato, pertenceria ao empres\u00e1rio Carlos Alberto Orioli Salom\u00e3o. Ele foi preso em agosto deste ano, no estado da Bahia, por\u2026","rel":"","context":"In &quot;Not\u00edcias de Ribeir\u00e3o Preto-SP e Regi\u00e3o&quot;","block_context":{"text":"Not\u00edcias de Ribeir\u00e3o Preto-SP e Regi\u00e3o","link":"https:\/\/noticiasribeiraopreto.com.br\/index.php\/category\/noticias-de-ribeirao-preto-sp-e-regiao-ismael-colosi\/"},"img":{"alt_text":"","src":"https:\/\/i0.wp.com\/noticiasribeiraopreto.com.br\/wp-content\/uploads\/2025\/10\/INCENDIO_2025-10-09_10-11-08.webp.webp?fit=1200%2C872&ssl=1&resize=350%2C200","width":350,"height":200,"srcset":"https:\/\/i0.wp.com\/noticiasribeiraopreto.com.br\/wp-content\/uploads\/2025\/10\/INCENDIO_2025-10-09_10-11-08.webp.webp?fit=1200%2C872&ssl=1&resize=350%2C200 1x, https:\/\/i0.wp.com\/noticiasribeiraopreto.com.br\/wp-content\/uploads\/2025\/10\/INCENDIO_2025-10-09_10-11-08.webp.webp?fit=1200%2C872&ssl=1&resize=525%2C300 1.5x, https:\/\/i0.wp.com\/noticiasribeiraopreto.com.br\/wp-content\/uploads\/2025\/10\/INCENDIO_2025-10-09_10-11-08.webp.webp?fit=1200%2C872&ssl=1&resize=700%2C400 2x, https:\/\/i0.wp.com\/noticiasribeiraopreto.com.br\/wp-content\/uploads\/2025\/10\/INCENDIO_2025-10-09_10-11-08.webp.webp?fit=1200%2C872&ssl=1&resize=1050%2C600 3x"},"classes":[]},{"id":7289,"url":"https:\/\/noticiasribeiraopreto.com.br\/index.php\/2023\/11\/27\/incendio-em-residencia-mobiliza-corpo-de-bombeiros-na-zona-norte-de-ribeirao\/","url_meta":{"origin":80978,"position":1},"title":"Inc\u00eandio em resid\u00eancia mobiliza Corpo de Bombeiros na zona Norte de Ribeir\u00e3o","author":"noticiasribeiraopreto.com.br","date":"27 de November de 2023","format":false,"excerpt":"Um inc\u00eandio na avenida Jo\u00e3o Batista Duarte, no bairro Valentina Figueiredo, zona Norte de Ribeir\u00e3o Preto, deixou parte de uma resid\u00eancia destru\u00edda, na noite desta segunda-feira (27). De acordo com a apura\u00e7\u00e3o da EPTV, que esteve no local, o fogo atingiu o teto da resid\u00eancia e desabou. A casa estava\u2026","rel":"","context":"In &quot;Not\u00edcias de Ribeir\u00e3o Preto-SP e Regi\u00e3o&quot;","block_context":{"text":"Not\u00edcias de Ribeir\u00e3o Preto-SP e Regi\u00e3o","link":"https:\/\/noticiasribeiraopreto.com.br\/index.php\/category\/noticias-de-ribeirao-preto-sp-e-regiao-ismael-colosi\/"},"img":{"alt_text":"","src":"https:\/\/i0.wp.com\/noticiasribeiraopreto.com.br\/wp-content\/uploads\/2023\/11\/WhatsApp-Image-2023-11-27-at-21.09.34.jpeg?fit=1200%2C900&ssl=1&resize=350%2C200","width":350,"height":200,"srcset":"https:\/\/i0.wp.com\/noticiasribeiraopreto.com.br\/wp-content\/uploads\/2023\/11\/WhatsApp-Image-2023-11-27-at-21.09.34.jpeg?fit=1200%2C900&ssl=1&resize=350%2C200 1x, https:\/\/i0.wp.com\/noticiasribeiraopreto.com.br\/wp-content\/uploads\/2023\/11\/WhatsApp-Image-2023-11-27-at-21.09.34.jpeg?fit=1200%2C900&ssl=1&resize=525%2C300 1.5x, https:\/\/i0.wp.com\/noticiasribeiraopreto.com.br\/wp-content\/uploads\/2023\/11\/WhatsApp-Image-2023-11-27-at-21.09.34.jpeg?fit=1200%2C900&ssl=1&resize=700%2C400 2x, https:\/\/i0.wp.com\/noticiasribeiraopreto.com.br\/wp-content\/uploads\/2023\/11\/WhatsApp-Image-2023-11-27-at-21.09.34.jpeg?fit=1200%2C900&ssl=1&resize=1050%2C600 3x"},"classes":[]},{"id":58869,"url":"https:\/\/noticiasribeiraopreto.com.br\/index.php\/2024\/10\/08\/incendio-mobiliza-bombeiros-em-residencia-na-zona-norte-de-ribeirao\/","url_meta":{"origin":80978,"position":2},"title":"Inc\u00eandio mobiliza Bombeiros em resid\u00eancia na zona Norte de Ribeir\u00e3o","author":"noticiasribeiraopreto.com.br","date":"8 de October de 2024","format":false,"excerpt":"O Corpo de Bombeiros foi mobilizado para conter um inc\u00eandio no fim da madrugada desta ter\u00e7a-feira (8), no quintal de uma casa localizada no bairro Ipiranga, zona Norte de Ribeir\u00e3o Preto. Segundo informa\u00e7\u00f5es, o fogo teria atingido material acumulado na parte externa da resid\u00eancia, na\u00a0rua Tapaj\u00f3s. Apesar do susto, n\u00e3o\u2026","rel":"","context":"In &quot;Not\u00edcias de Ribeir\u00e3o Preto-SP e Regi\u00e3o&quot;","block_context":{"text":"Not\u00edcias de Ribeir\u00e3o Preto-SP e Regi\u00e3o","link":"https:\/\/noticiasribeiraopreto.com.br\/index.php\/category\/noticias-de-ribeirao-preto-sp-e-regiao-ismael-colosi\/"},"img":{"alt_text":"","src":"https:\/\/i0.wp.com\/noticiasribeiraopreto.com.br\/wp-content\/uploads\/2024\/10\/WhatsApp-Image-2024-10-08-at-08.34.34_2024-10-08_11-35-30_jpeg_2024-10-08_11-35-30.webp.webp?fit=1200%2C1024&ssl=1&resize=350%2C200","width":350,"height":200,"srcset":"https:\/\/i0.wp.com\/noticiasribeiraopreto.com.br\/wp-content\/uploads\/2024\/10\/WhatsApp-Image-2024-10-08-at-08.34.34_2024-10-08_11-35-30_jpeg_2024-10-08_11-35-30.webp.webp?fit=1200%2C1024&ssl=1&resize=350%2C200 1x, https:\/\/i0.wp.com\/noticiasribeiraopreto.com.br\/wp-content\/uploads\/2024\/10\/WhatsApp-Image-2024-10-08-at-08.34.34_2024-10-08_11-35-30_jpeg_2024-10-08_11-35-30.webp.webp?fit=1200%2C1024&ssl=1&resize=525%2C300 1.5x, https:\/\/i0.wp.com\/noticiasribeiraopreto.com.br\/wp-content\/uploads\/2024\/10\/WhatsApp-Image-2024-10-08-at-08.34.34_2024-10-08_11-35-30_jpeg_2024-10-08_11-35-30.webp.webp?fit=1200%2C1024&ssl=1&resize=700%2C400 2x, https:\/\/i0.wp.com\/noticiasribeiraopreto.com.br\/wp-content\/uploads\/2024\/10\/WhatsApp-Image-2024-10-08-at-08.34.34_2024-10-08_11-35-30_jpeg_2024-10-08_11-35-30.webp.webp?fit=1200%2C1024&ssl=1&resize=1050%2C600 3x"},"classes":[]},{"id":80935,"url":"https:\/\/noticiasribeiraopreto.com.br\/index.php\/2025\/12\/18\/video-incendio-atinge-predio-do-hemocentro\/","url_meta":{"origin":80978,"position":3},"title":"V\u00cdDEO &#8211; Inc\u00eandio atinge pr\u00e9dio do Hemocentro","author":"noticiasribeiraopreto.com.br","date":"18 de December de 2025","format":false,"excerpt":"\r \r \r Suspeita \u00e9 que curto-circuito em aparelho de ar condicionado tenha ocasionado chamas; n\u00e3o houve feridos\r \r 18 de dezembro de 2025 12:3718 de dezembro de 2025 12:37 \r Compartilhar3 \r Por: Adalberto Luque Um inc\u00eandio foi registrado, na manh\u00e3 desta quinta-feira (18), no Hemocentro de Ribeir\u00e3o Preto.\u2026","rel":"","context":"In &quot;Not\u00edcias de Ribeir\u00e3o Preto-SP e Regi\u00e3o&quot;","block_context":{"text":"Not\u00edcias de Ribeir\u00e3o Preto-SP e Regi\u00e3o","link":"https:\/\/noticiasribeiraopreto.com.br\/index.php\/category\/noticias-de-ribeirao-preto-sp-e-regiao-ismael-colosi\/"},"img":{"alt_text":"","src":"https:\/\/i0.wp.com\/noticiasribeiraopreto.com.br\/wp-content\/uploads\/2025\/12\/18-dez-2025-fogonohemocentro1.jpg?fit=938%2C780&ssl=1&resize=350%2C200","width":350,"height":200,"srcset":"https:\/\/i0.wp.com\/noticiasribeiraopreto.com.br\/wp-content\/uploads\/2025\/12\/18-dez-2025-fogonohemocentro1.jpg?fit=938%2C780&ssl=1&resize=350%2C200 1x, https:\/\/i0.wp.com\/noticiasribeiraopreto.com.br\/wp-content\/uploads\/2025\/12\/18-dez-2025-fogonohemocentro1.jpg?fit=938%2C780&ssl=1&resize=525%2C300 1.5x, https:\/\/i0.wp.com\/noticiasribeiraopreto.com.br\/wp-content\/uploads\/2025\/12\/18-dez-2025-fogonohemocentro1.jpg?fit=938%2C780&ssl=1&resize=700%2C400 2x"},"classes":[]},{"id":79652,"url":"https:\/\/noticiasribeiraopreto.com.br\/index.php\/2025\/11\/05\/incendio-em-comunidade-mobiliza-bombeiros-em-ribeirao-preto\/","url_meta":{"origin":80978,"position":4},"title":"Inc\u00eandio em comunidade mobiliza Bombeiros em Ribeir\u00e3o Preto","author":"noticiasribeiraopreto.com.br","date":"5 de November de 2025","format":false,"excerpt":"O Corpo de Bombeiros est\u00e1 mobilizado em um inc\u00eandio em comunidade na manh\u00e3 desta quarta-feira (5), no Jardim Aeroporto, zona Norte de Ribeir\u00e3o Preto. Segundo as primeiras informa\u00e7\u00f5es, o fogo teria atingido um barraco na rua Pirangi. O local estaria vazio. N\u00e3o h\u00e1, contudo, registro de v\u00edtimas. As causas ainda\u2026","rel":"","context":"In &quot;Not\u00edcias de Ribeir\u00e3o Preto-SP e Regi\u00e3o&quot;","block_context":{"text":"Not\u00edcias de Ribeir\u00e3o Preto-SP e Regi\u00e3o","link":"https:\/\/noticiasribeiraopreto.com.br\/index.php\/category\/noticias-de-ribeirao-preto-sp-e-regiao-ismael-colosi\/"},"img":{"alt_text":"","src":"https:\/\/i0.wp.com\/noticiasribeiraopreto.com.br\/wp-content\/uploads\/2025\/11\/WhatsApp-Image-2025-11-05-at-06.46.07_2025-11-05_09-56-28-e1762336691778.webp.webp?fit=834%2C570&ssl=1&resize=350%2C200","width":350,"height":200,"srcset":"https:\/\/i0.wp.com\/noticiasribeiraopreto.com.br\/wp-content\/uploads\/2025\/11\/WhatsApp-Image-2025-11-05-at-06.46.07_2025-11-05_09-56-28-e1762336691778.webp.webp?fit=834%2C570&ssl=1&resize=350%2C200 1x, https:\/\/i0.wp.com\/noticiasribeiraopreto.com.br\/wp-content\/uploads\/2025\/11\/WhatsApp-Image-2025-11-05-at-06.46.07_2025-11-05_09-56-28-e1762336691778.webp.webp?fit=834%2C570&ssl=1&resize=525%2C300 1.5x, https:\/\/i0.wp.com\/noticiasribeiraopreto.com.br\/wp-content\/uploads\/2025\/11\/WhatsApp-Image-2025-11-05-at-06.46.07_2025-11-05_09-56-28-e1762336691778.webp.webp?fit=834%2C570&ssl=1&resize=700%2C400 2x"},"classes":[]},{"id":81193,"url":"https:\/\/noticiasribeiraopreto.com.br\/index.php\/2025\/12\/27\/doacoes-de-sangue-tem-queda-no-fim-de-ano-veja-como-e-onde-doar-em-ribeirao-preto\/","url_meta":{"origin":80978,"position":5},"title":"Doa\u00e7\u00f5es de sangue t\u00eam queda no fim de ano; Veja como e onde doar em Ribeir\u00e3o Preto","author":"noticiasribeiraopreto.com.br","date":"27 de December de 2025","format":false,"excerpt":"O fim de ano \u00e9 tempo de festas e viagens, mas tamb\u00e9m \u00e9 um per\u00edodo cr\u00edtico para os bancos de sangue. Nessa \u00e9poca, as doa\u00e7\u00f5es costumam cair de forma significativa, enquanto a demanda nos hospitais continua alta. Em Ribeir\u00e3o Preto, as doa\u00e7\u00f5es s\u00e3o feitas regularmente no Hemocentro e no GSH\u2026","rel":"","context":"In &quot;Not\u00edcias de Ribeir\u00e3o Preto-SP e Regi\u00e3o&quot;","block_context":{"text":"Not\u00edcias de Ribeir\u00e3o Preto-SP e Regi\u00e3o","link":"https:\/\/noticiasribeiraopreto.com.br\/index.php\/category\/noticias-de-ribeirao-preto-sp-e-regiao-ismael-colosi\/"},"img":{"alt_text":"","src":"https:\/\/i0.wp.com\/noticiasribeiraopreto.com.br\/wp-content\/uploads\/2025\/12\/hepatite_exame_de_sangue_2025-12-26_19-29-31.webp.webp?fit=1170%2C700&ssl=1&resize=350%2C200","width":350,"height":200,"srcset":"https:\/\/i0.wp.com\/noticiasribeiraopreto.com.br\/wp-content\/uploads\/2025\/12\/hepatite_exame_de_sangue_2025-12-26_19-29-31.webp.webp?fit=1170%2C700&ssl=1&resize=350%2C200 1x, https:\/\/i0.wp.com\/noticiasribeiraopreto.com.br\/wp-content\/uploads\/2025\/12\/hepatite_exame_de_sangue_2025-12-26_19-29-31.webp.webp?fit=1170%2C700&ssl=1&resize=525%2C300 1.5x, https:\/\/i0.wp.com\/noticiasribeiraopreto.com.br\/wp-content\/uploads\/2025\/12\/hepatite_exame_de_sangue_2025-12-26_19-29-31.webp.webp?fit=1170%2C700&ssl=1&resize=700%2C400 2x, https:\/\/i0.wp.com\/noticiasribeiraopreto.com.br\/wp-content\/uploads\/2025\/12\/hepatite_exame_de_sangue_2025-12-26_19-29-31.webp.webp?fit=1170%2C700&ssl=1&resize=1050%2C600 3x"},"classes":[]}],"jetpack_sharing_enabled":true,"jetpack_shortlink":"https:\/\/wp.me\/peQAOb-l46","_links":{"self":[{"href":"https:\/\/noticiasribeiraopreto.com.br\/index.php\/wp-json\/wp\/v2\/posts\/80978","targetHints":{"allow":["GET"]}}],"collection":[{"href":"https:\/\/noticiasribeiraopreto.com.br\/index.php\/wp-json\/wp\/v2\/posts"}],"about":[{"href":"https:\/\/noticiasribeiraopreto.com.br\/index.php\/wp-json\/wp\/v2\/types\/post"}],"author":[{"embeddable":true,"href":"https:\/\/noticiasribeiraopreto.com.br\/index.php\/wp-json\/wp\/v2\/users\/1"}],"replies":[{"embeddable":true,"href":"https:\/\/noticiasribeiraopreto.com.br\/index.php\/wp-json\/wp\/v2\/comments?post=80978"}],"version-history":[{"count":0,"href":"https:\/\/noticiasribeiraopreto.com.br\/index.php\/wp-json\/wp\/v2\/posts\/80978\/revisions"}],"wp:featuredmedia":[{"embeddable":true,"href":"https:\/\/noticiasribeiraopreto.com.br\/index.php\/wp-json\/wp\/v2\/media\/80979"}],"wp:attachment":[{"href":"https:\/\/noticiasribeiraopreto.com.br\/index.php\/wp-json\/wp\/v2\/media?parent=80978"}],"wp:term":[{"taxonomy":"category","embeddable":true,"href":"https:\/\/noticiasribeiraopreto.com.br\/index.php\/wp-json\/wp\/v2\/categories?post=80978"},{"taxonomy":"post_tag","embeddable":true,"href":"https:\/\/noticiasribeiraopreto.com.br\/index.php\/wp-json\/wp\/v2\/tags?post=80978"}],"curies":[{"name":"wp","href":"https:\/\/api.w.org\/{rel}","templated":true}]}}