{"id":80983,"date":"2025-12-19T13:23:30","date_gmt":"2025-12-19T16:23:30","guid":{"rendered":"https:\/\/noticiasribeiraopreto.com.br\/index.php\/2025\/12\/19\/policia-prende-4-por-sequestro-de-empresario\/"},"modified":"2025-12-19T13:23:30","modified_gmt":"2025-12-19T16:23:30","slug":"policia-prende-4-por-sequestro-de-empresario","status":"publish","type":"post","link":"https:\/\/noticiasribeiraopreto.com.br\/index.php\/2025\/12\/19\/policia-prende-4-por-sequestro-de-empresario\/","title":{"rendered":"Pol\u00edcia prende 4 por sequestro de empres\u00e1rio"},"content":{"rendered":"<div class='code-block code-block-1' style='margin: 8px 0 8px auto; text-align: right; display: block; clear: both;'>\n<p><a href=\"https:\/\/wa.link\/vpicfd\"><img data-recalc-dims=\"1\" class=\"wp-image-4922\" style=\"aspect-ratio: 2.0253164556962027; width: 561px; height: auto;\" src=\"https:\/\/i0.wp.com\/ismaelcolosi.com.br\/wp-content\/uploads\/2023\/11\/grupo-de-empregos-whatsapp-e-facebook-ismael-colosi-vagas.jpg?ssl=1\" alt=\"\" \/><\/a><\/p>\n<!-- \/wp:image -->\n<\/div>\n<p> <br \/>\n<\/p>\n<div>\n<p>Por: Adalberto Luque<\/p>\n<p>Uma grande opera\u00e7\u00e3o, realizada na manh\u00e3 desta sexta-feira (19), resultou na pris\u00e3o de quatro suspeitos de sequestrar um empres\u00e1rio em Ribeir\u00e3o Preto, na noite de 9 de dezembro. A Opera\u00e7\u00e3o Rastro Final foi realizada simultaneamente nas cidades de Ribeir\u00e3o Preto, S\u00e3o Paulo e Guaruj\u00e1.<\/p>\n<p>Foram mobilizados 75 policiais civis, distribu\u00eddos em 25 viaturas. Entre as equipes, participam policiais civis do Grupo de Opera\u00e7\u00f5es Especiais (GOE), Delegacia de Investiga\u00e7\u00f5es Sobre Entorpecentes (DISE) e Homic\u00eddios, todas da Divis\u00e3o Especializada de Investiga\u00e7\u00f5es Criminais (DEIC) de Ribeir\u00e3o Preto. Al\u00e9m disso, participam atentes do GOE, DEIC, GARRA, GER\/DOPE da Capital e Santos.<\/p>\n<p>Os agentes cumpriram 9 mandados de busca e apreens\u00e3o e tinham 6 mandados de pris\u00e3o, mas apenas quatro pessoas foram presas. Outros dois homens n\u00e3o foram encontrados e s\u00e3o considerados foragidos.<\/p>\n<figure id=\"attachment_449569\" aria-describedby=\"caption-attachment-449569\" style=\"width: 1170px\" class=\"wp-caption alignnone\"><img data-recalc-dims=\"1\" loading=\"lazy\" decoding=\"async\" class=\"size-full wp-image-449569 lazyload\" src=\"https:\/\/i0.wp.com\/www.tribunaribeirao.com.br\/wp-content\/uploads\/2025\/12\/19-dez-2025-rastrofinal4-scaled.jpg?resize=1170%2C780&#038;ssl=1\" alt=\"\" width=\"1170\" height=\"780\" srcset=\"https:\/\/www.tribunaribeirao.com.br\/wp-content\/uploads\/2025\/12\/19-dez-2025-rastrofinal4-scaled.jpg 1170w, https:\/\/www.tribunaribeirao.com.br\/wp-content\/uploads\/2025\/12\/19-dez-2025-rastrofinal4-300x200.jpg 300w, https:\/\/www.tribunaribeirao.com.br\/wp-content\/uploads\/2025\/12\/19-dez-2025-rastrofinal4-1024x683.jpg 1024w, https:\/\/www.tribunaribeirao.com.br\/wp-content\/uploads\/2025\/12\/19-dez-2025-rastrofinal4-768x512.jpg 768w, https:\/\/www.tribunaribeirao.com.br\/wp-content\/uploads\/2025\/12\/19-dez-2025-rastrofinal4-1536x1024.jpg 1536w, https:\/\/www.tribunaribeirao.com.br\/wp-content\/uploads\/2025\/12\/19-dez-2025-rastrofinal4-480x320.jpg 480w, https:\/\/www.tribunaribeirao.com.br\/wp-content\/uploads\/2025\/12\/19-dez-2025-rastrofinal4-280x186.jpg 280w, https:\/\/www.tribunaribeirao.com.br\/wp-content\/uploads\/2025\/12\/19-dez-2025-rastrofinal4-960x640.jpg 960w, https:\/\/www.tribunaribeirao.com.br\/wp-content\/uploads\/2025\/12\/19-dez-2025-rastrofinal4-600x400.jpg 600w, https:\/\/www.tribunaribeirao.com.br\/wp-content\/uploads\/2025\/12\/19-dez-2025-rastrofinal4-585x390.jpg 585w\" data-sizes=\"(max-width: 1170px) 100vw, 1170px\" style=\"--smush-placeholder-width: 1170px; --smush-placeholder-aspect-ratio: 1170\/780;\"\/><figcaption id=\"caption-attachment-449569\" class=\"wp-caption-text\">Para Ara\u00fajo, a vers\u00e3o de que o sequestro ocorreu por engano n\u00e3o procede (Foto: Alfredo Risk)<\/figcaption><\/figure>\n<p>Segundo o delegado respons\u00e1vel pela Deic de Ribeir\u00e3o Preto, Jos\u00e9 Carvalho de Ara\u00fajo J\u00fanior, n\u00e3o h\u00e1 d\u00favidas de que os seis identificados teriam participa\u00e7\u00e3o no assalto. Os tr\u00eas homens presos no Guaruj\u00e1 e os dois foragidos, da mesma cidade, participaram da execu\u00e7\u00e3o.<\/p>\n<p>J\u00e1 o homem preso em S\u00e3o Paulo foi o respons\u00e1vel pela loca\u00e7\u00e3o da ch\u00e1cara em Bonfim Paulista, usada como cativeiro. O delegado explicou que as identifica\u00e7\u00f5es foram positivas gra\u00e7as \u00e0s impress\u00f5es digitais encontradas no cativeiro.<\/p>\n<p>Gabriel Ferreira, de 33 anos, que alugou a ch\u00e1cara, foi preso em S\u00e3o Paulo. Os demais foram detidos no Guaruj\u00e1. Foram presos Alan Oliveira dos Santos Lima, de 29 anos (saiu da penitenci\u00e1ria h\u00e1 poucas semanas, onde cumpriu pena por tr\u00e1fico), Diego da Silva Fran\u00e7a, de 29 anos e Angelo Xavier dos Santos J\u00fanior, de 36 anos.<\/p>\n<figure id=\"attachment_449571\" aria-describedby=\"caption-attachment-449571\" style=\"width: 727px\" class=\"wp-caption alignnone\"><img data-recalc-dims=\"1\" loading=\"lazy\" decoding=\"async\" class=\"wp-image-449571 lazyload\" src=\"https:\/\/i0.wp.com\/www.tribunaribeirao.com.br\/wp-content\/uploads\/2025\/12\/19-dez-2025-sequestroempresario2.jpg?resize=727%2C470&#038;ssl=1\" alt=\"\" width=\"727\" height=\"470\" srcset=\"https:\/\/www.tribunaribeirao.com.br\/wp-content\/uploads\/2025\/12\/19-dez-2025-sequestroempresario2.jpg 640w, https:\/\/www.tribunaribeirao.com.br\/wp-content\/uploads\/2025\/12\/19-dez-2025-sequestroempresario2-300x194.jpg 300w, https:\/\/www.tribunaribeirao.com.br\/wp-content\/uploads\/2025\/12\/19-dez-2025-sequestroempresario2-618x400.jpg 618w, https:\/\/www.tribunaribeirao.com.br\/wp-content\/uploads\/2025\/12\/19-dez-2025-sequestroempresario2-585x378.jpg 585w\" data-sizes=\"(max-width: 727px) 100vw, 727px\" style=\"--smush-placeholder-width: 727px; --smush-placeholder-aspect-ratio: 727\/470;\"\/><figcaption id=\"caption-attachment-449571\" class=\"wp-caption-text\">Ap\u00f3s ser colocado em liberdade, empres\u00e1rio foi ouvido pela Pol\u00edcia Civil, mas passou poucas informa\u00e7\u00f5es (Foto: Redes Sociais)<\/figcaption><\/figure>\n<p>Tamb\u00e9m moradores do Guaruj\u00e1, Pablo Gon\u00e7alves de Ara\u00fajo, de 34 anos, e Ricardo Lu\u00eds Souza dos Santos, de 47 anos, n\u00e3o foram encontrados e s\u00e3o considerados foragidos. Em Ribeir\u00e3o Preto foram cumpridos mandados de busca e apreens\u00e3o. O delegado adiantou que existe a possibilidade de ter outras pessoas envolvidas, mas que podem ser alvo de outras opera\u00e7\u00f5es, de acordo com o seguimento das investiga\u00e7\u00f5es.<\/p>\n<p><strong>Motiva\u00e7\u00e3o<\/strong><\/p>\n<p>Ara\u00fajo disse que a motiva\u00e7\u00e3o n\u00e3o foi esclarecida. Os quatro presos no Guaruj\u00e1 e Capital, devem passar por audi\u00eancia de cust\u00f3dia e, s\u00f3 ent\u00e3o, devem ser trazidos para Ribeir\u00e3o Preto, onde ser\u00e3o interrogados, mas ainda n\u00e3o h\u00e1 data para que isso ocorra.<\/p>\n<p>A vers\u00e3o do empres\u00e1rio Ronan Franco Muniz, de 44 anos, todavia, n\u00e3o \u00e9 aceita pelo delegado. Muniz, que trabalha no setor de c\u00e2mbio de moedas estrangeiras, foi ouvido no dia 11 de dezembro, quando foi liberado.<\/p>\n<p>Ele afirmou que n\u00e3o pagou resgate e n\u00e3o foi extorquido. Apenas seu celular foi levado pelos homens que o abordaram. Disse ainda que, no dia em que foi liberado, teria sido informado pelos sequestradores que foi pego por engano.<\/p>\n<figure id=\"attachment_449570\" aria-describedby=\"caption-attachment-449570\" style=\"width: 1200px\" class=\"wp-caption alignnone\"><img data-recalc-dims=\"1\" loading=\"lazy\" decoding=\"async\" class=\"size-full wp-image-449570 lazyload\" src=\"https:\/\/i0.wp.com\/www.tribunaribeirao.com.br\/wp-content\/uploads\/2025\/12\/19-dez-2025-sequestroempresario-scaled.jpg?resize=1200%2C664&#038;ssl=1\" alt=\"\" width=\"1200\" height=\"664\" srcset=\"https:\/\/www.tribunaribeirao.com.br\/wp-content\/uploads\/2025\/12\/19-dez-2025-sequestroempresario-scaled.jpg 1200w, https:\/\/www.tribunaribeirao.com.br\/wp-content\/uploads\/2025\/12\/19-dez-2025-sequestroempresario-300x166.jpg 300w, https:\/\/www.tribunaribeirao.com.br\/wp-content\/uploads\/2025\/12\/19-dez-2025-sequestroempresario-1024x566.jpg 1024w, https:\/\/www.tribunaribeirao.com.br\/wp-content\/uploads\/2025\/12\/19-dez-2025-sequestroempresario-768x425.jpg 768w, https:\/\/www.tribunaribeirao.com.br\/wp-content\/uploads\/2025\/12\/19-dez-2025-sequestroempresario-1536x849.jpg 1536w, https:\/\/www.tribunaribeirao.com.br\/wp-content\/uploads\/2025\/12\/19-dez-2025-sequestroempresario-960x531.jpg 960w, https:\/\/www.tribunaribeirao.com.br\/wp-content\/uploads\/2025\/12\/19-dez-2025-sequestroempresario-723x400.jpg 723w, https:\/\/www.tribunaribeirao.com.br\/wp-content\/uploads\/2025\/12\/19-dez-2025-sequestroempresario-585x323.jpg 585w\" data-sizes=\"(max-width: 1200px) 100vw, 1200px\" style=\"--smush-placeholder-width: 1200px; --smush-placeholder-aspect-ratio: 1200\/664;\"\/><figcaption id=\"caption-attachment-449570\" class=\"wp-caption-text\">Homem foi tirado de dentro de seu carro, no Bosque dos Juritis, e mantido em cativeiro (Foto: Divulga\u00e7\u00e3o)<\/figcaption><\/figure>\n<p>\u201cInfelizmente ele trouxe uma hist\u00f3ria para a Pol\u00edcia Civil que n\u00e3o \u00e9 real\u201d, acrescenta Ara\u00fajo. O delegado entende que pode haver tanto receio, quando inten\u00e7\u00e3o de esconder o real motivo do sequestro.<\/p>\n<p>Uma das hip\u00f3teses tamb\u00e9m investigada \u00e9 que ele pr\u00f3prio teria combinado o sequestro com os homens presos. Outra \u00e9 algum tipo de envolvimento que a Pol\u00edcia Civil quer descobrir. Mas para Ara\u00fajo, embora n\u00e3o tenha sido totalmente descartada, a hip\u00f3tese de sequestro por engano n\u00e3o \u00e9 a principal linha de apura\u00e7\u00e3o.<\/p>\n<p>As caminhonetes Nissan Frontier usadas no sequestro eram roubadas e usavam placas clonadas. Elas foram encontradas abandonadas em 10 de dezembro. Uma estava na zona Rural de Luiz Ant\u00f4nio e outra na zona Rural de S\u00e3o Sim\u00e3o, cidades vizinhas e pertencentes \u00e0 regi\u00e3o metropolitana de Ribeir\u00e3o Preto.<\/p>\n<p><strong>Relembre o caso<\/strong><\/p>\n<p>Ronan Franco Muniz foi sequestrado na noite desta ter\u00e7a-feira (9). Ele estava em seu carro, um Chevrolet Trailblazer, estacionado na rua Cl\u00e1udio Scordro, quando duas caminhonetes chegaram. Uma parou na frente do carro do empres\u00e1rio, outra atr\u00e1s.<\/p>\n<figure id=\"attachment_449525\" aria-describedby=\"caption-attachment-449525\" style=\"width: 727px\" class=\"wp-caption alignnone\"><img data-recalc-dims=\"1\" loading=\"lazy\" decoding=\"async\" class=\"size-full wp-image-449525 lazyload\" src=\"https:\/\/i0.wp.com\/www.tribunaribeirao.com.br\/wp-content\/uploads\/2025\/12\/19-dez-2025-rastofinal2.jpg?resize=727%2C684&#038;ssl=1\" alt=\"\" width=\"727\" height=\"684\" srcset=\"https:\/\/www.tribunaribeirao.com.br\/wp-content\/uploads\/2025\/12\/19-dez-2025-rastofinal2.jpg 727w, https:\/\/www.tribunaribeirao.com.br\/wp-content\/uploads\/2025\/12\/19-dez-2025-rastofinal2-300x282.jpg 300w, https:\/\/www.tribunaribeirao.com.br\/wp-content\/uploads\/2025\/12\/19-dez-2025-rastofinal2-425x400.jpg 425w, https:\/\/www.tribunaribeirao.com.br\/wp-content\/uploads\/2025\/12\/19-dez-2025-rastofinal2-585x550.jpg 585w\" data-sizes=\"(max-width: 727px) 100vw, 727px\" style=\"--smush-placeholder-width: 727px; --smush-placeholder-aspect-ratio: 727\/684;\"\/><figcaption id=\"caption-attachment-449525\" class=\"wp-caption-text\">Pris\u00f5es ocorreram em S\u00e3o Paulo e no Guaruj\u00e1; mandados de busca e apreens\u00e3o tamb\u00e9m foram cumpridos em Ribeir\u00e3o PReto (Foto: Pol\u00edcia Civil\/Divulga\u00e7\u00e3o)<\/figcaption><\/figure>\n<p>Homens armados desceram e tiraram Muniz de dentro do carro, colocando na caminhonete que estava na frente e fugiram do local. O carro do empres\u00e1rio ficou l\u00e1, com as portas destravadas e pertences do empres\u00e1rio.<\/p>\n<p>Horas depois, as duas caminhonetes foram localizadas na zona Rural entre Cravinhos e S\u00e3o Sim\u00e3o. A Pol\u00edcia Civil pediu, em nota, para que a imprensa n\u00e3o divulgasse mais nenhuma informa\u00e7\u00e3o. \u201cTrata-se de investiga\u00e7\u00e3o sens\u00edvel, em fase inicial, na qual cada minuto \u00e9 determinante para a seguran\u00e7a da v\u00edtima e para o \u00eaxito das a\u00e7\u00f5es policiais\u201d, informava a nota.<\/p>\n<\/div>\n<p><br \/>\n<br \/><a href=\"https:\/\/www.tribunaribeirao.com.br\/policia-prende-4-por-sequestro-de-empresario\/\">Source link <\/a><\/p>\n<!-- CONTENT END 1 -->\n","protected":false},"excerpt":{"rendered":"<p>Por: Adalberto Luque Uma grande opera\u00e7\u00e3o, realizada na manh\u00e3 desta sexta-feira (19), resultou na pris\u00e3o de quatro suspeitos de sequestrar um empres\u00e1rio em Ribeir\u00e3o Preto,&#8230;<\/p>\n","protected":false},"author":1,"featured_media":80984,"comment_status":"open","ping_status":"open","sticky":false,"template":"","format":"standard","meta":{"advanced_seo_description":"","jetpack_seo_html_title":"","jetpack_seo_noindex":false,"jetpack_post_was_ever_published":false,"_jetpack_newsletter_access":"","_jetpack_dont_email_post_to_subs":false,"_jetpack_newsletter_tier_id":0,"_jetpack_memberships_contains_paywalled_content":false,"_jetpack_memberships_contains_paid_content":false,"footnotes":"","jetpack_publicize_message":"","jetpack_publicize_feature_enabled":true,"jetpack_social_post_already_shared":true,"jetpack_social_options":{"image_generator_settings":{"template":"highway","default_image_id":0,"font":"","enabled":false},"version":2}},"categories":[11],"tags":[],"class_list":["post-80983","post","type-post","status-publish","format-standard","has-post-thumbnail","hentry","category-noticias-de-ribeirao-preto-sp-e-regiao-ismael-colosi"],"jetpack_publicize_connections":[],"jetpack_featured_media_url":"https:\/\/i0.wp.com\/noticiasribeiraopreto.com.br\/wp-content\/uploads\/2025\/12\/19-dez-2025-rastrofinal3.jpg?fit=803%2C780&ssl=1","jetpack-related-posts":[{"id":80969,"url":"https:\/\/noticiasribeiraopreto.com.br\/index.php\/2025\/12\/19\/video-policia-civil-caca-sequestradores-de-empresario\/","url_meta":{"origin":80983,"position":0},"title":"V\u00cdDEO &#8211; Pol\u00edcia Civil ca\u00e7a sequestradores de empres\u00e1rio","author":"noticiasribeiraopreto.com.br","date":"19 de December de 2025","format":false,"excerpt":"\r Opera\u00e7\u00e3o simult\u00e2nea \u00e9 realizada em Ribeir\u00e3o Preto, Guaruj\u00e1 e Capital, para cumprir mandados de pris\u00e3o e de busca contra envolvidos\r \r 19 de dezembro de 2025 09:57 \r Compartilhar2 Por: Adalberto Luque \u2013 A Pol\u00edcia Civil est\u00e1 realizando uma grande opera\u00e7\u00e3o, na manh\u00e3 desta sexta-feira (19), contra suspeitos de\u2026","rel":"","context":"In &quot;Not\u00edcias de Ribeir\u00e3o Preto-SP e Regi\u00e3o&quot;","block_context":{"text":"Not\u00edcias de Ribeir\u00e3o Preto-SP e Regi\u00e3o","link":"https:\/\/noticiasribeiraopreto.com.br\/index.php\/category\/noticias-de-ribeirao-preto-sp-e-regiao-ismael-colosi\/"},"img":{"alt_text":"","src":"https:\/\/i0.wp.com\/noticiasribeiraopreto.com.br\/wp-content\/uploads\/2025\/12\/19-dez-2025-rastofinal1.jpg?fit=788%2C780&ssl=1&resize=350%2C200","width":350,"height":200,"srcset":"https:\/\/i0.wp.com\/noticiasribeiraopreto.com.br\/wp-content\/uploads\/2025\/12\/19-dez-2025-rastofinal1.jpg?fit=788%2C780&ssl=1&resize=350%2C200 1x, https:\/\/i0.wp.com\/noticiasribeiraopreto.com.br\/wp-content\/uploads\/2025\/12\/19-dez-2025-rastofinal1.jpg?fit=788%2C780&ssl=1&resize=525%2C300 1.5x, https:\/\/i0.wp.com\/noticiasribeiraopreto.com.br\/wp-content\/uploads\/2025\/12\/19-dez-2025-rastofinal1.jpg?fit=788%2C780&ssl=1&resize=700%2C400 2x"},"classes":[]},{"id":34440,"url":"https:\/\/noticiasribeiraopreto.com.br\/index.php\/2024\/02\/02\/rp-tem-nove-presos-em-operacao-nacional-contra-trafico\/","url_meta":{"origin":80983,"position":1},"title":"RP tem nove presos em opera\u00e7\u00e3o nacional contra tr\u00e1fico","author":"noticiasribeiraopreto.com.br","date":"2 de February de 2024","format":false,"excerpt":"Por: Adalberto Luque e Alfredo RiskPol\u00edcias Civil e Militar deflagraram, no final da madrugada desta quinta-feira (01), uma megaopera\u00e7\u00e3o contra organiza\u00e7\u00e3o criminosa. O grupo \u00e9 investigado por tr\u00e1fico de drogas e lavagem de dinheiro. A opera\u00e7\u00e3o \u201cHades\u201d foi realizada em diversos estados brasileiros.Para a a\u00e7\u00e3o foram mobilizadas equipes da Divis\u00e3o\u2026","rel":"","context":"In &quot;Not\u00edcias de Ribeir\u00e3o Preto-SP e Regi\u00e3o&quot;","block_context":{"text":"Not\u00edcias de Ribeir\u00e3o Preto-SP e Regi\u00e3o","link":"https:\/\/noticiasribeiraopreto.com.br\/index.php\/category\/noticias-de-ribeirao-preto-sp-e-regiao-ismael-colosi\/"},"img":{"alt_text":"","src":"https:\/\/i0.wp.com\/noticiasribeiraopreto.com.br\/wp-content\/uploads\/2024\/02\/00-01-fev-2024-crime-org-alagoas-05-foto-Alfredo-Risk-scaled.jpg?fit=967%2C645&ssl=1&resize=350%2C200","width":350,"height":200,"srcset":"https:\/\/i0.wp.com\/noticiasribeiraopreto.com.br\/wp-content\/uploads\/2024\/02\/00-01-fev-2024-crime-org-alagoas-05-foto-Alfredo-Risk-scaled.jpg?fit=967%2C645&ssl=1&resize=350%2C200 1x, https:\/\/i0.wp.com\/noticiasribeiraopreto.com.br\/wp-content\/uploads\/2024\/02\/00-01-fev-2024-crime-org-alagoas-05-foto-Alfredo-Risk-scaled.jpg?fit=967%2C645&ssl=1&resize=525%2C300 1.5x, https:\/\/i0.wp.com\/noticiasribeiraopreto.com.br\/wp-content\/uploads\/2024\/02\/00-01-fev-2024-crime-org-alagoas-05-foto-Alfredo-Risk-scaled.jpg?fit=967%2C645&ssl=1&resize=700%2C400 2x"},"classes":[]},{"id":16010,"url":"https:\/\/noticiasribeiraopreto.com.br\/index.php\/2023\/12\/14\/utm_sourcerssutm_mediumrssutm_campaigndeic-rp-deflagra-operacao-noel-23-contra-quadrilha-que-promovia-falsos-leiloes-do-detran-no-estado-de-sp\/","url_meta":{"origin":80983,"position":2},"title":"DEIC RP deflagra Opera\u00e7\u00e3o Noel 23 contra quadrilha que promovia falsos leil\u00f5es do Detran no estado de SP \u2013 X Tudo Ribeir\u00e3o","author":"noticiasribeiraopreto.com.br","date":"14 de December de 2023","format":false,"excerpt":"A Divis\u00e3o Especial de Investiga\u00e7\u00f5es Criminais (DEIC) de Ribeir\u00e3o Preto deflagrou, na madrugada desta quinta-feira (14), a \u201cOpera\u00e7\u00e3o Noel 23\u201d, contra uma quadrilha que promovia falsos leil\u00f5es, supostamente de ve\u00edculos apreendidos pelo Detran-SP. A opera\u00e7\u00e3o foi realizada nas cidades de Santo Andr\u00e9 e S\u00e3o Bernardo do Campo, na Grande S\u00e3o\u2026","rel":"","context":"In &quot;Not\u00edcias de Ribeir\u00e3o Preto-SP e Regi\u00e3o&quot;","block_context":{"text":"Not\u00edcias de Ribeir\u00e3o Preto-SP e Regi\u00e3o","link":"https:\/\/noticiasribeiraopreto.com.br\/index.php\/category\/noticias-de-ribeirao-preto-sp-e-regiao-ismael-colosi\/"},"img":{"alt_text":"","src":"https:\/\/i0.wp.com\/noticiasribeiraopreto.com.br\/wp-content\/uploads\/2023\/12\/00-14-dez-2023-operacao-noel-23-00-foto-deic-scaled-1.jpg?fit=1000%2C525&ssl=1&resize=350%2C200","width":350,"height":200,"srcset":"https:\/\/i0.wp.com\/noticiasribeiraopreto.com.br\/wp-content\/uploads\/2023\/12\/00-14-dez-2023-operacao-noel-23-00-foto-deic-scaled-1.jpg?fit=1000%2C525&ssl=1&resize=350%2C200 1x, https:\/\/i0.wp.com\/noticiasribeiraopreto.com.br\/wp-content\/uploads\/2023\/12\/00-14-dez-2023-operacao-noel-23-00-foto-deic-scaled-1.jpg?fit=1000%2C525&ssl=1&resize=525%2C300 1.5x, https:\/\/i0.wp.com\/noticiasribeiraopreto.com.br\/wp-content\/uploads\/2023\/12\/00-14-dez-2023-operacao-noel-23-00-foto-deic-scaled-1.jpg?fit=1000%2C525&ssl=1&resize=700%2C400 2x"},"classes":[]},{"id":39608,"url":"https:\/\/noticiasribeiraopreto.com.br\/index.php\/2024\/02\/27\/deic-realiza-operacao-na-capital-contra-falsos-funcionarios-da-cpfl\/","url_meta":{"origin":80983,"position":3},"title":"DEIC realiza opera\u00e7\u00e3o na Capital contra falsos funcion\u00e1rios da CPFL","author":"noticiasribeiraopreto.com.br","date":"27 de February de 2024","format":false,"excerpt":"Criminosos se apresentavam como funcion\u00e1rios da empresa de energia el\u00e9trica e praticavam assaltos 27 de fevereiro de 2024 | 9:17 2Por: Adalberto LuquePoliciais civis de Ribeir\u00e3o Preto est\u00e3o realizando a Opera\u00e7\u00e3o Fake Luz, na manh\u00e3 desta ter\u00e7a-feira (27). A opera\u00e7\u00e3o est\u00e1 ocorrendo na Capital e Grande S\u00e3o Paulo contra pessoas\u2026","rel":"","context":"In &quot;Not\u00edcias de Ribeir\u00e3o Preto-SP e Regi\u00e3o&quot;","block_context":{"text":"Not\u00edcias de Ribeir\u00e3o Preto-SP e Regi\u00e3o","link":"https:\/\/noticiasribeiraopreto.com.br\/index.php\/category\/noticias-de-ribeirao-preto-sp-e-regiao-ismael-colosi\/"},"img":{"alt_text":"","src":"https:\/\/i0.wp.com\/noticiasribeiraopreto.com.br\/wp-content\/uploads\/2024\/02\/1709041214_luque-cpj-02-foto-alfredo-risk-scaled.jpg?fit=968%2C645&ssl=1&resize=350%2C200","width":350,"height":200,"srcset":"https:\/\/i0.wp.com\/noticiasribeiraopreto.com.br\/wp-content\/uploads\/2024\/02\/1709041214_luque-cpj-02-foto-alfredo-risk-scaled.jpg?fit=968%2C645&ssl=1&resize=350%2C200 1x, https:\/\/i0.wp.com\/noticiasribeiraopreto.com.br\/wp-content\/uploads\/2024\/02\/1709041214_luque-cpj-02-foto-alfredo-risk-scaled.jpg?fit=968%2C645&ssl=1&resize=525%2C300 1.5x, https:\/\/i0.wp.com\/noticiasribeiraopreto.com.br\/wp-content\/uploads\/2024\/02\/1709041214_luque-cpj-02-foto-alfredo-risk-scaled.jpg?fit=968%2C645&ssl=1&resize=700%2C400 2x"},"classes":[]},{"id":80233,"url":"https:\/\/noticiasribeiraopreto.com.br\/index.php\/2025\/11\/18\/deic-realiza-operacao-contra-quadrilha-que-vendia-joias-pela-tv\/","url_meta":{"origin":80983,"position":4},"title":"DEIC realiza opera\u00e7\u00e3o contra quadrilha que vendia joias pela TV","author":"noticiasribeiraopreto.com.br","date":"18 de November de 2025","format":false,"excerpt":"Por: Adalberto Luque A Divis\u00e3o Especializada de Investiga\u00e7\u00f5es Criminais (DEIC) de Ribeir\u00e3o Preto realiza, na manh\u00e3 desta ter\u00e7a-feira, 18 de novembro, uma grande opera\u00e7\u00e3o para desmantelar um grupo especializado em roubar joias. A a\u00e7\u00e3o est\u00e1 sendo realizada simultaneamente em Ribeir\u00e3o Preto, Guaruj\u00e1 e na cidade de S\u00e3o Paulo. De acordo\u2026","rel":"","context":"In &quot;Not\u00edcias de Ribeir\u00e3o Preto-SP e Regi\u00e3o&quot;","block_context":{"text":"Not\u00edcias de Ribeir\u00e3o Preto-SP e Regi\u00e3o","link":"https:\/\/noticiasribeiraopreto.com.br\/index.php\/category\/noticias-de-ribeirao-preto-sp-e-regiao-ismael-colosi\/"},"img":{"alt_text":"","src":"","width":0,"height":0},"classes":[]},{"id":83086,"url":"https:\/\/noticiasribeiraopreto.com.br\/index.php\/2026\/03\/09\/homem-e-preso-em-operacao-na-regiao\/","url_meta":{"origin":80983,"position":5},"title":"Homem \u00e9 preso em opera\u00e7\u00e3o na regi\u00e3o","author":"noticiasribeiraopreto.com.br","date":"9 de March de 2026","format":false,"excerpt":"\r A\u00e7\u00e3o ocorreu no \u00e2mbito da segunda fase da Opera\u00e7\u00e3o Criptopix contra grupo que extorquia empres\u00e1rios\r \r 9 de mar\u00e7o de 2026 08:179 de mar\u00e7o de 2026 07:43 \r Compartilhar1 Por: Adalberto Luque \u2013 Um homem foi preso, na manh\u00e3 deste domingo (8) durante a segunda fase da Opera\u00e7\u00e3o Criptopix,\u2026","rel":"","context":"In &quot;Not\u00edcias de Ribeir\u00e3o Preto-SP e Regi\u00e3o&quot;","block_context":{"text":"Not\u00edcias de Ribeir\u00e3o Preto-SP e Regi\u00e3o","link":"https:\/\/noticiasribeiraopreto.com.br\/index.php\/category\/noticias-de-ribeirao-preto-sp-e-regiao-ismael-colosi\/"},"img":{"alt_text":"","src":"https:\/\/i0.wp.com\/noticiasribeiraopreto.com.br\/wp-content\/uploads\/2026\/03\/09-mar-2026-operacaocriptopix2-scaled.jpg?fit=961%2C780&ssl=1&resize=350%2C200","width":350,"height":200,"srcset":"https:\/\/i0.wp.com\/noticiasribeiraopreto.com.br\/wp-content\/uploads\/2026\/03\/09-mar-2026-operacaocriptopix2-scaled.jpg?fit=961%2C780&ssl=1&resize=350%2C200 1x, https:\/\/i0.wp.com\/noticiasribeiraopreto.com.br\/wp-content\/uploads\/2026\/03\/09-mar-2026-operacaocriptopix2-scaled.jpg?fit=961%2C780&ssl=1&resize=525%2C300 1.5x, https:\/\/i0.wp.com\/noticiasribeiraopreto.com.br\/wp-content\/uploads\/2026\/03\/09-mar-2026-operacaocriptopix2-scaled.jpg?fit=961%2C780&ssl=1&resize=700%2C400 2x"},"classes":[]}],"jetpack_sharing_enabled":true,"jetpack_shortlink":"https:\/\/wp.me\/peQAOb-l4b","_links":{"self":[{"href":"https:\/\/noticiasribeiraopreto.com.br\/index.php\/wp-json\/wp\/v2\/posts\/80983","targetHints":{"allow":["GET"]}}],"collection":[{"href":"https:\/\/noticiasribeiraopreto.com.br\/index.php\/wp-json\/wp\/v2\/posts"}],"about":[{"href":"https:\/\/noticiasribeiraopreto.com.br\/index.php\/wp-json\/wp\/v2\/types\/post"}],"author":[{"embeddable":true,"href":"https:\/\/noticiasribeiraopreto.com.br\/index.php\/wp-json\/wp\/v2\/users\/1"}],"replies":[{"embeddable":true,"href":"https:\/\/noticiasribeiraopreto.com.br\/index.php\/wp-json\/wp\/v2\/comments?post=80983"}],"version-history":[{"count":0,"href":"https:\/\/noticiasribeiraopreto.com.br\/index.php\/wp-json\/wp\/v2\/posts\/80983\/revisions"}],"wp:featuredmedia":[{"embeddable":true,"href":"https:\/\/noticiasribeiraopreto.com.br\/index.php\/wp-json\/wp\/v2\/media\/80984"}],"wp:attachment":[{"href":"https:\/\/noticiasribeiraopreto.com.br\/index.php\/wp-json\/wp\/v2\/media?parent=80983"}],"wp:term":[{"taxonomy":"category","embeddable":true,"href":"https:\/\/noticiasribeiraopreto.com.br\/index.php\/wp-json\/wp\/v2\/categories?post=80983"},{"taxonomy":"post_tag","embeddable":true,"href":"https:\/\/noticiasribeiraopreto.com.br\/index.php\/wp-json\/wp\/v2\/tags?post=80983"}],"curies":[{"name":"wp","href":"https:\/\/api.w.org\/{rel}","templated":true}]}}