{"id":80987,"date":"2025-12-20T05:58:28","date_gmt":"2025-12-20T08:58:28","guid":{"rendered":"https:\/\/noticiasribeiraopreto.com.br\/index.php\/2025\/12\/20\/lei-garante-mamografia-gratuita-pelo-sus-a-mulheres-a-partir-dos-40-anos\/"},"modified":"2025-12-20T05:58:28","modified_gmt":"2025-12-20T08:58:28","slug":"lei-garante-mamografia-gratuita-pelo-sus-a-mulheres-a-partir-dos-40-anos","status":"publish","type":"post","link":"https:\/\/noticiasribeiraopreto.com.br\/index.php\/2025\/12\/20\/lei-garante-mamografia-gratuita-pelo-sus-a-mulheres-a-partir-dos-40-anos\/","title":{"rendered":"Lei garante mamografia gratuita pelo SUS a mulheres a partir dos 40 anos"},"content":{"rendered":"<div class='code-block code-block-1' style='margin: 8px 0 8px auto; text-align: right; display: block; clear: both;'>\n<p><a href=\"https:\/\/wa.link\/vpicfd\"><img data-recalc-dims=\"1\" class=\"wp-image-4922\" style=\"aspect-ratio: 2.0253164556962027; width: 561px; height: auto;\" src=\"https:\/\/i0.wp.com\/ismaelcolosi.com.br\/wp-content\/uploads\/2023\/11\/grupo-de-empregos-whatsapp-e-facebook-ismael-colosi-vagas.jpg?ssl=1\" alt=\"\" \/><\/a><\/p>\n<!-- \/wp:image -->\n<\/div>\n<p> <br \/>\n<\/p>\n<div>\n<p>Mulheres com 40 anos ou mais passam a ter direito \u00e0 mamografia gratuita pelo <strong>Sistema \u00danico de Sa\u00fade (SUS)<\/strong>. A medida est\u00e1 prevista na <strong>Lei n\u00ba 15.284<\/strong>, sancionada nesta sexta-feira (19) pelo presidente Luiz In\u00e1cio Lula da Silva e publicada no Di\u00e1rio Oficial da Uni\u00e3o.<\/p>\n<p>O exame \u00e9 essencial para a detec\u00e7\u00e3o precoce do c\u00e2ncer de mama, doen\u00e7a que mais mata mulheres no Brasil, segundo o Instituto Nacional de C\u00e2ncer (Inca). Em 2023, cerca de <strong>20 mil mulheres morreram<\/strong> em decorr\u00eancia da doen\u00e7a.<\/p>\n<p>Para 2025, a estimativa \u00e9 de <strong>mais de 73 mil novos casos<\/strong>, sendo que a faixa et\u00e1ria entre <strong>40 e 49 anos concentra 23% dos diagn\u00f3sticos<\/strong>. Quando identificado precocemente, o c\u00e2ncer de mama tem maiores chances de cura.<\/p>\n<div class=\"wp-block-image\">\n<figure class=\"aligncenter size-full\"><img data-recalc-dims=\"1\" fetchpriority=\"high\" decoding=\"async\" width=\"900\" height=\"560\" src=\"https:\/\/i0.wp.com\/cdn.media-acidadeon.com.br\/ribeiraopreto\/wp-content\/uploads\/sites\/3\/2025\/10\/mamografia_2025-10-04_18-20-00.webp?resize=900%2C560&#038;ssl=1\" alt=\"Campanha de Outubro Rosa oferecer\u00e1 1.200 vagas para exames de mamografia - Foto: Reprodu\u00e7\u00e3o \/Site\" class=\"wp-image-131271\" title=\"Lei garante mamografia gratuita pelo SUS a mulheres a partir dos 40 anos 1\" srcset=\"https:\/\/cdn.media-acidadeon.com.br\/ribeiraopreto\/wp-content\/uploads\/sites\/3\/2025\/10\/mamografia_2025-10-04_18-20-00.webp 900w, https:\/\/cdn.media-acidadeon.com.br\/ribeiraopreto\/wp-content\/uploads\/sites\/3\/2025\/10\/mamografia_2025-10-04_18-20-00-300x187.webp 300w, https:\/\/cdn.media-acidadeon.com.br\/ribeiraopreto\/wp-content\/uploads\/sites\/3\/2025\/10\/mamografia_2025-10-04_18-20-00-768x478.webp 768w, https:\/\/cdn.media-acidadeon.com.br\/ribeiraopreto\/wp-content\/uploads\/sites\/3\/2025\/10\/mamografia_2025-10-04_18-20-00-696x433.webp 696w\" sizes=\"(max-width: 900px) 100vw, 900px\"\/><\/figure>\n<\/div>\n<h3 class=\"wp-block-heading\"><strong>O que muda com a nova lei?<\/strong><\/h3>\n<p>Antes da mudan\u00e7a, o SUS oferecia a mamografia apenas para mulheres entre <strong>50 e 69 anos<\/strong>, com intervalo de dois anos entre os exames. Mulheres mais jovens realizavam o procedimento apenas em situa\u00e7\u00f5es espec\u00edficas, como hist\u00f3rico familiar da doen\u00e7a ou altera\u00e7\u00f5es j\u00e1 identificadas nas mamas.<\/p>\n<p>Com a nova legisla\u00e7\u00e3o, a mamografia passa a ser garantida mesmo para mulheres <strong>sem sinais ou sintomas<\/strong>, ampliando o acesso ao rastreamento preventivo.<\/p>\n<h3 class=\"wp-block-heading\"><strong>Preven\u00e7\u00e3o e cuidados<\/strong><\/h3>\n<p>Al\u00e9m do diagn\u00f3stico precoce, a preven\u00e7\u00e3o do c\u00e2ncer de mama envolve h\u00e1bitos saud\u00e1veis. Praticar atividade f\u00edsica regularmente, manter o peso adequado, reduzir o consumo de \u00e1lcool e amamentar est\u00e3o entre as principais recomenda\u00e7\u00f5es.<\/p>\n<p>Entre os fatores de risco est\u00e3o idade, hist\u00f3rico familiar, gen\u00e9tica, uso de horm\u00f4nios, sedentarismo, obesidade e consumo de \u00e1lcool.<\/p>\n<hr class=\"wp-block-separator has-alpha-channel-opacity\"\/>\n<h4 class=\"wp-block-heading\"><strong>SAIBA MAIS<\/strong><\/h4>\n<p>Chuva no fim de semana? Veja como fica o tempo em Ribeir\u00e3o Preto<\/p>\n<h2 class=\"wp-block-heading\"><strong>FIQUE ON<\/strong><\/h2>\n<p>Fique ligado em tudo que acontece em Ribeir\u00e3o Preto e regi\u00e3o. Siga os perfis do\u00a0<strong>acidade on<\/strong>\u00a0no<a href=\"https:\/\/www.instagram.com\/acidadeonribeirao\" target=\"_blank\" rel=\"noreferrer noopener\">\u00a0Instagram\u00a0<\/a>e no\u00a0<a href=\"https:\/\/www.facebook.com\/acidadeonribeirao\/\" target=\"_blank\" rel=\"noreferrer noopener\">Facebook<\/a>.<\/p>\n<p>Receba not\u00edcias do\u00a0<strong>acidade on<\/strong>\u00a0no WhatsApp. Para entrar no grupo,\u00a0basta\u00a0<a href=\"https:\/\/chat.whatsapp.com\/GFH9HUMUTHNFJdnyEd0xxq\" target=\"_blank\" rel=\"noreferrer noopener\">clicar aqui<\/a>. Ou, acesse o nosso\u00a0Canal\u00a0<a href=\"https:\/\/whatsapp.com\/channel\/0029Vb6IQl1JENyAeS57fk2p\" target=\"_blank\" rel=\"noreferrer noopener\">clicando aqui<\/a>.<\/p>\n<p>Fa\u00e7a uma den\u00fancia ou sugira uma reportagem sobre Ribeir\u00e3o Preto e regi\u00e3o pelo WhatsApp: 16 99117 7802.<\/p>\n<p>VEJA TAMB\u00c9M<br \/>Como fazer crunch cake?<\/p>\n<p><!-- AI CONTENT END 1 -->\n<\/div>\n<p><script async src=\"\/\/www.instagram.com\/embed.js\"><\/script><br \/>\n<br \/><br \/>\n<br \/><a href=\"https:\/\/www.acidadeon.com\/ribeiraopreto\/cotidiano\/lei-garante-mamografia-gratuita-pelo-sus-a-mulheres-a-partir-dos-40-anos\/\">Source link <\/a><\/p>\n<!-- CONTENT END 1 -->\n","protected":false},"excerpt":{"rendered":"<p>Mulheres com 40 anos ou mais passam a ter direito \u00e0 mamografia gratuita pelo Sistema \u00danico de Sa\u00fade (SUS). A medida est\u00e1 prevista na Lei&#8230;<\/p>\n","protected":false},"author":1,"featured_media":79810,"comment_status":"open","ping_status":"open","sticky":false,"template":"","format":"standard","meta":{"advanced_seo_description":"","jetpack_seo_html_title":"","jetpack_seo_noindex":false,"jetpack_post_was_ever_published":false,"_jetpack_newsletter_access":"","_jetpack_dont_email_post_to_subs":false,"_jetpack_newsletter_tier_id":0,"_jetpack_memberships_contains_paywalled_content":false,"_jetpack_memberships_contains_paid_content":false,"footnotes":"","jetpack_publicize_message":"","jetpack_publicize_feature_enabled":true,"jetpack_social_post_already_shared":true,"jetpack_social_options":{"image_generator_settings":{"template":"highway","default_image_id":0,"font":"","enabled":false},"version":2}},"categories":[11],"tags":[],"class_list":["post-80987","post","type-post","status-publish","format-standard","has-post-thumbnail","hentry","category-noticias-de-ribeirao-preto-sp-e-regiao-ismael-colosi"],"jetpack_publicize_connections":[],"jetpack_featured_media_url":"https:\/\/i0.wp.com\/noticiasribeiraopreto.com.br\/wp-content\/uploads\/2025\/11\/palace-24_2025-11-07_19-31-20.webp.webp?fit=1200%2C675&ssl=1","jetpack-related-posts":[{"id":78218,"url":"https:\/\/noticiasribeiraopreto.com.br\/index.php\/2025\/10\/04\/ribeirao-oferece-mais-de-mil-vagas-gratuitas-para-exames-de-mamografia-veja-como-se-inscrever\/","url_meta":{"origin":80987,"position":0},"title":"Ribeir\u00e3o oferece mais de mil vagas gratuitas para exames de mamografia; Veja como se inscrever","author":"noticiasribeiraopreto.com.br","date":"4 de October de 2025","format":false,"excerpt":"A Prefeitura de Ribeir\u00e3o Preto oferece 1.200 vagas para exames de mamografia gratuitos. A iniciativa integra a campanha Outubro Rosa 2025, que tamb\u00e9m contar\u00e1 com a\u00e7\u00f5es de conscientiza\u00e7\u00e3o e atividades nas unidades de sa\u00fade. As vagas s\u00e3o voltadas a mulheres e homens transexuais, com idade entre 40 e 74 anos,\u2026","rel":"","context":"In &quot;Not\u00edcias de Ribeir\u00e3o Preto-SP e Regi\u00e3o&quot;","block_context":{"text":"Not\u00edcias de Ribeir\u00e3o Preto-SP e Regi\u00e3o","link":"https:\/\/noticiasribeiraopreto.com.br\/index.php\/category\/noticias-de-ribeirao-preto-sp-e-regiao-ismael-colosi\/"},"img":{"alt_text":"","src":"https:\/\/i0.wp.com\/noticiasribeiraopreto.com.br\/wp-content\/uploads\/2025\/10\/world-cancer-day-awareness-with-patient_2024-10-01_19-29-50_jpg_2024-10-01_19-29-52-1024x683.webp.webp?fit=1024%2C683&ssl=1&resize=350%2C200","width":350,"height":200,"srcset":"https:\/\/i0.wp.com\/noticiasribeiraopreto.com.br\/wp-content\/uploads\/2025\/10\/world-cancer-day-awareness-with-patient_2024-10-01_19-29-50_jpg_2024-10-01_19-29-52-1024x683.webp.webp?fit=1024%2C683&ssl=1&resize=350%2C200 1x, https:\/\/i0.wp.com\/noticiasribeiraopreto.com.br\/wp-content\/uploads\/2025\/10\/world-cancer-day-awareness-with-patient_2024-10-01_19-29-50_jpg_2024-10-01_19-29-52-1024x683.webp.webp?fit=1024%2C683&ssl=1&resize=525%2C300 1.5x, https:\/\/i0.wp.com\/noticiasribeiraopreto.com.br\/wp-content\/uploads\/2025\/10\/world-cancer-day-awareness-with-patient_2024-10-01_19-29-50_jpg_2024-10-01_19-29-52-1024x683.webp.webp?fit=1024%2C683&ssl=1&resize=700%2C400 2x"},"classes":[]},{"id":58590,"url":"https:\/\/noticiasribeiraopreto.com.br\/index.php\/2024\/10\/01\/ribeirao-preto-tera-acoes-de-prevencao-ao-cancer-de-mama\/","url_meta":{"origin":80987,"position":1},"title":"Ribeir\u00e3o Preto ter\u00e1 a\u00e7\u00f5es de preven\u00e7\u00e3o ao c\u00e2ncer de mama","author":"noticiasribeiraopreto.com.br","date":"1 de October de 2024","format":false,"excerpt":"Ribeir\u00e3o Preto ter\u00e1 a\u00e7\u00f5es para facilitar a realiza\u00e7\u00e3o de exames, com foco na preven\u00e7\u00e3o e detec\u00e7\u00e3o precoce do c\u00e2ncer de mama. Uma ser\u00e1 feita pela Prefeitura da cidade e a outra ser\u00e1 realizada pela carreta do Hospital de Amor de Barretos. A\u00e7\u00e3o da Prefeitura de Ribeir\u00e3o Preto A Secretaria Municipal\u2026","rel":"","context":"In &quot;Not\u00edcias de Ribeir\u00e3o Preto-SP e Regi\u00e3o&quot;","block_context":{"text":"Not\u00edcias de Ribeir\u00e3o Preto-SP e Regi\u00e3o","link":"https:\/\/noticiasribeiraopreto.com.br\/index.php\/category\/noticias-de-ribeirao-preto-sp-e-regiao-ismael-colosi\/"},"img":{"alt_text":"","src":"https:\/\/i0.wp.com\/noticiasribeiraopreto.com.br\/wp-content\/uploads\/2024\/10\/world-cancer-day-awareness-with-patient_2024-10-01_19-29-50_jpg_2024-10-01_19-29-52-scaled.webp.webp?fit=1200%2C800&ssl=1&resize=350%2C200","width":350,"height":200,"srcset":"https:\/\/i0.wp.com\/noticiasribeiraopreto.com.br\/wp-content\/uploads\/2024\/10\/world-cancer-day-awareness-with-patient_2024-10-01_19-29-50_jpg_2024-10-01_19-29-52-scaled.webp.webp?fit=1200%2C800&ssl=1&resize=350%2C200 1x, https:\/\/i0.wp.com\/noticiasribeiraopreto.com.br\/wp-content\/uploads\/2024\/10\/world-cancer-day-awareness-with-patient_2024-10-01_19-29-50_jpg_2024-10-01_19-29-52-scaled.webp.webp?fit=1200%2C800&ssl=1&resize=525%2C300 1.5x, https:\/\/i0.wp.com\/noticiasribeiraopreto.com.br\/wp-content\/uploads\/2024\/10\/world-cancer-day-awareness-with-patient_2024-10-01_19-29-50_jpg_2024-10-01_19-29-52-scaled.webp.webp?fit=1200%2C800&ssl=1&resize=700%2C400 2x, https:\/\/i0.wp.com\/noticiasribeiraopreto.com.br\/wp-content\/uploads\/2024\/10\/world-cancer-day-awareness-with-patient_2024-10-01_19-29-50_jpg_2024-10-01_19-29-52-scaled.webp.webp?fit=1200%2C800&ssl=1&resize=1050%2C600 3x"},"classes":[]},{"id":68845,"url":"https:\/\/noticiasribeiraopreto.com.br\/index.php\/2025\/04\/29\/moradoras-de-cidade-da-regiao-de-ribeirao-podem-fazer-mamografia-gratuita-saiba-como\/","url_meta":{"origin":80987,"position":2},"title":"Moradoras de cidade da regi\u00e3o de Ribeir\u00e3o podem fazer mamografia gratuita; saiba como","author":"noticiasribeiraopreto.com.br","date":"29 de April de 2025","format":false,"excerpt":"A Carreta de Mamografia est\u00e1 em Serrana, na regi\u00e3o de Ribeir\u00e3o Preto, entre os dias 29 de abril e 10 de maio de 2025. A unidade m\u00f3vel fica estacionada na rua Dr. Tancredo de Almeida Neves, n\u00ba 176, com atendimento gratuito voltado \u00e0 preven\u00e7\u00e3o e ao diagn\u00f3stico precoce do c\u00e2ncer\u2026","rel":"","context":"In &quot;Not\u00edcias de Ribeir\u00e3o Preto-SP e Regi\u00e3o&quot;","block_context":{"text":"Not\u00edcias de Ribeir\u00e3o Preto-SP e Regi\u00e3o","link":"https:\/\/noticiasribeiraopreto.com.br\/index.php\/category\/noticias-de-ribeirao-preto-sp-e-regiao-ismael-colosi\/"},"img":{"alt_text":"","src":"https:\/\/i0.wp.com\/noticiasribeiraopreto.com.br\/wp-content\/uploads\/2025\/04\/Copia-de-Copia-de-Copia-de-TAMANHO-EXATO-PARA-FOTOS-NO-SISTEMA-NOVO-26_2025-04-29_20-05-07.webp.webp?fit=1200%2C675&ssl=1&resize=350%2C200","width":350,"height":200,"srcset":"https:\/\/i0.wp.com\/noticiasribeiraopreto.com.br\/wp-content\/uploads\/2025\/04\/Copia-de-Copia-de-Copia-de-TAMANHO-EXATO-PARA-FOTOS-NO-SISTEMA-NOVO-26_2025-04-29_20-05-07.webp.webp?fit=1200%2C675&ssl=1&resize=350%2C200 1x, https:\/\/i0.wp.com\/noticiasribeiraopreto.com.br\/wp-content\/uploads\/2025\/04\/Copia-de-Copia-de-Copia-de-TAMANHO-EXATO-PARA-FOTOS-NO-SISTEMA-NOVO-26_2025-04-29_20-05-07.webp.webp?fit=1200%2C675&ssl=1&resize=525%2C300 1.5x, https:\/\/i0.wp.com\/noticiasribeiraopreto.com.br\/wp-content\/uploads\/2025\/04\/Copia-de-Copia-de-Copia-de-TAMANHO-EXATO-PARA-FOTOS-NO-SISTEMA-NOVO-26_2025-04-29_20-05-07.webp.webp?fit=1200%2C675&ssl=1&resize=700%2C400 2x, https:\/\/i0.wp.com\/noticiasribeiraopreto.com.br\/wp-content\/uploads\/2025\/04\/Copia-de-Copia-de-Copia-de-TAMANHO-EXATO-PARA-FOTOS-NO-SISTEMA-NOVO-26_2025-04-29_20-05-07.webp.webp?fit=1200%2C675&ssl=1&resize=1050%2C600 3x"},"classes":[]},{"id":60088,"url":"https:\/\/noticiasribeiraopreto.com.br\/index.php\/2024\/11\/05\/prorrogado-o-prazo-para-as-mulheres-de-ribeirao-agendarem-exame-de-mamografia-gratuito\/","url_meta":{"origin":80987,"position":3},"title":"Prorrogado o prazo para as mulheres de Ribeir\u00e3o agendarem exame de mamografia gratuito","author":"noticiasribeiraopreto.com.br","date":"5 de November de 2024","format":false,"excerpt":"Mulheres que est\u00e3o h\u00e1 dois anos ou mais sem realizar exame de mamografia, com idade entre 50 e 69, ainda podem realizar o agendamento do exame gratuito atrav\u00e9s do site da Prefeitura de Ribeir\u00e3o Preto, at\u00e9 o dia 14 de novembro. A a\u00e7\u00e3o acontece exclusivamente para mulheres resisdentes da cidade\u2026","rel":"","context":"In &quot;Not\u00edcias de Ribeir\u00e3o Preto-SP e Regi\u00e3o&quot;","block_context":{"text":"Not\u00edcias de Ribeir\u00e3o Preto-SP e Regi\u00e3o","link":"https:\/\/noticiasribeiraopreto.com.br\/index.php\/category\/noticias-de-ribeirao-preto-sp-e-regiao-ismael-colosi\/"},"img":{"alt_text":"","src":"https:\/\/i0.wp.com\/noticiasribeiraopreto.com.br\/wp-content\/uploads\/2024\/10\/world-cancer-day-awareness-with-patient_2024-10-01_19-29-50_jpg_2024-10-01_19-29-52-scaled.webp.webp?fit=1200%2C800&ssl=1&resize=350%2C200","width":350,"height":200,"srcset":"https:\/\/i0.wp.com\/noticiasribeiraopreto.com.br\/wp-content\/uploads\/2024\/10\/world-cancer-day-awareness-with-patient_2024-10-01_19-29-50_jpg_2024-10-01_19-29-52-scaled.webp.webp?fit=1200%2C800&ssl=1&resize=350%2C200 1x, https:\/\/i0.wp.com\/noticiasribeiraopreto.com.br\/wp-content\/uploads\/2024\/10\/world-cancer-day-awareness-with-patient_2024-10-01_19-29-50_jpg_2024-10-01_19-29-52-scaled.webp.webp?fit=1200%2C800&ssl=1&resize=525%2C300 1.5x, https:\/\/i0.wp.com\/noticiasribeiraopreto.com.br\/wp-content\/uploads\/2024\/10\/world-cancer-day-awareness-with-patient_2024-10-01_19-29-50_jpg_2024-10-01_19-29-52-scaled.webp.webp?fit=1200%2C800&ssl=1&resize=700%2C400 2x, https:\/\/i0.wp.com\/noticiasribeiraopreto.com.br\/wp-content\/uploads\/2024\/10\/world-cancer-day-awareness-with-patient_2024-10-01_19-29-50_jpg_2024-10-01_19-29-52-scaled.webp.webp?fit=1200%2C800&ssl=1&resize=1050%2C600 3x"},"classes":[]},{"id":67988,"url":"https:\/\/noticiasribeiraopreto.com.br\/index.php\/2025\/04\/21\/jornal-da-franca-ha-procedimentos-e-exames-que-todas-as-mulheres-devem-fazer-saiba-quais-sao-eles\/","url_meta":{"origin":80987,"position":4},"title":"Jornal da Franca &#8211; H\u00e1 procedimentos e exames que todas as mulheres devem fazer. Saiba quais s\u00e3o eles","author":"noticiasribeiraopreto.com.br","date":"21 de April de 2025","format":false,"excerpt":"compartilhar no whatsapp compartilhar no telegram compartilhar no facebook compartilhar no linkedin Um dos principais exames de rotina para as mulheres \u00e9 a mamografia uma vez ao ano O coordenador da ginecologia e obstetr\u00edcia do Hospital \u00c1guas Claras, Marcus Vinicius, esclarece ao \u2018Not\u00edcias ao Minuto\u2019 os principais procedimentos que toda\u2026","rel":"","context":"In &quot;Not\u00edcias de Franca-SP&quot;","block_context":{"text":"Not\u00edcias de Franca-SP","link":"https:\/\/noticiasribeiraopreto.com.br\/index.php\/category\/noticias-de-ribeirao-preto-sp-e-regiao-ismael-colosi\/noticias-franca-sp\/"},"img":{"alt_text":"","src":"https:\/\/i0.wp.com\/noticiasribeiraopreto.com.br\/wp-content\/uploads\/2025\/04\/tomossintese-exame-cancr-de-mama.jpg?fit=924%2C616&ssl=1&resize=350%2C200","width":350,"height":200,"srcset":"https:\/\/i0.wp.com\/noticiasribeiraopreto.com.br\/wp-content\/uploads\/2025\/04\/tomossintese-exame-cancr-de-mama.jpg?fit=924%2C616&ssl=1&resize=350%2C200 1x, https:\/\/i0.wp.com\/noticiasribeiraopreto.com.br\/wp-content\/uploads\/2025\/04\/tomossintese-exame-cancr-de-mama.jpg?fit=924%2C616&ssl=1&resize=525%2C300 1.5x, https:\/\/i0.wp.com\/noticiasribeiraopreto.com.br\/wp-content\/uploads\/2025\/04\/tomossintese-exame-cancr-de-mama.jpg?fit=924%2C616&ssl=1&resize=700%2C400 2x"},"classes":[]},{"id":79809,"url":"https:\/\/noticiasribeiraopreto.com.br\/index.php\/2025\/11\/07\/ribeirao-preto-amplia-prazo-de-agendamento-para-exames-gratuito-de-mamografia\/","url_meta":{"origin":80987,"position":5},"title":"Ribeir\u00e3o Preto amplia prazo de agendamento para exames gratuito de mamografia","author":"noticiasribeiraopreto.com.br","date":"7 de November de 2025","format":false,"excerpt":"Mesmo ap\u00f3s o t\u00e9rmino do Outubro Rosa, Ribeir\u00e3o Preto mant\u00e9m o agendamento de mamografias gratuitas de rastreamento at\u00e9 dezembro. O exame est\u00e1 dispon\u00edvel para mulheres e homens trans entre 40 e 74 anos. O agendamento pode ser realizado pelo site da Secretaria Municipal da Sa\u00fade ou diretamente nas unidades de\u2026","rel":"","context":"In &quot;Not\u00edcias de Ribeir\u00e3o Preto-SP e Regi\u00e3o&quot;","block_context":{"text":"Not\u00edcias de Ribeir\u00e3o Preto-SP e Regi\u00e3o","link":"https:\/\/noticiasribeiraopreto.com.br\/index.php\/category\/noticias-de-ribeirao-preto-sp-e-regiao-ismael-colosi\/"},"img":{"alt_text":"","src":"https:\/\/i0.wp.com\/noticiasribeiraopreto.com.br\/wp-content\/uploads\/2025\/11\/palace-24_2025-11-07_19-31-20.webp.webp?fit=1200%2C675&ssl=1&resize=350%2C200","width":350,"height":200,"srcset":"https:\/\/i0.wp.com\/noticiasribeiraopreto.com.br\/wp-content\/uploads\/2025\/11\/palace-24_2025-11-07_19-31-20.webp.webp?fit=1200%2C675&ssl=1&resize=350%2C200 1x, https:\/\/i0.wp.com\/noticiasribeiraopreto.com.br\/wp-content\/uploads\/2025\/11\/palace-24_2025-11-07_19-31-20.webp.webp?fit=1200%2C675&ssl=1&resize=525%2C300 1.5x, https:\/\/i0.wp.com\/noticiasribeiraopreto.com.br\/wp-content\/uploads\/2025\/11\/palace-24_2025-11-07_19-31-20.webp.webp?fit=1200%2C675&ssl=1&resize=700%2C400 2x, https:\/\/i0.wp.com\/noticiasribeiraopreto.com.br\/wp-content\/uploads\/2025\/11\/palace-24_2025-11-07_19-31-20.webp.webp?fit=1200%2C675&ssl=1&resize=1050%2C600 3x"},"classes":[]}],"jetpack_sharing_enabled":true,"jetpack_shortlink":"https:\/\/wp.me\/peQAOb-l4f","_links":{"self":[{"href":"https:\/\/noticiasribeiraopreto.com.br\/index.php\/wp-json\/wp\/v2\/posts\/80987","targetHints":{"allow":["GET"]}}],"collection":[{"href":"https:\/\/noticiasribeiraopreto.com.br\/index.php\/wp-json\/wp\/v2\/posts"}],"about":[{"href":"https:\/\/noticiasribeiraopreto.com.br\/index.php\/wp-json\/wp\/v2\/types\/post"}],"author":[{"embeddable":true,"href":"https:\/\/noticiasribeiraopreto.com.br\/index.php\/wp-json\/wp\/v2\/users\/1"}],"replies":[{"embeddable":true,"href":"https:\/\/noticiasribeiraopreto.com.br\/index.php\/wp-json\/wp\/v2\/comments?post=80987"}],"version-history":[{"count":0,"href":"https:\/\/noticiasribeiraopreto.com.br\/index.php\/wp-json\/wp\/v2\/posts\/80987\/revisions"}],"wp:featuredmedia":[{"embeddable":true,"href":"https:\/\/noticiasribeiraopreto.com.br\/index.php\/wp-json\/wp\/v2\/media\/79810"}],"wp:attachment":[{"href":"https:\/\/noticiasribeiraopreto.com.br\/index.php\/wp-json\/wp\/v2\/media?parent=80987"}],"wp:term":[{"taxonomy":"category","embeddable":true,"href":"https:\/\/noticiasribeiraopreto.com.br\/index.php\/wp-json\/wp\/v2\/categories?post=80987"},{"taxonomy":"post_tag","embeddable":true,"href":"https:\/\/noticiasribeiraopreto.com.br\/index.php\/wp-json\/wp\/v2\/tags?post=80987"}],"curies":[{"name":"wp","href":"https:\/\/api.w.org\/{rel}","templated":true}]}}