{"id":80988,"date":"2025-12-20T06:05:51","date_gmt":"2025-12-20T09:05:51","guid":{"rendered":"https:\/\/noticiasribeiraopreto.com.br\/index.php\/2025\/12\/20\/catedral-de-ribeirao-preto-suspende-as-atividades-por-tempo-indeterminado\/"},"modified":"2025-12-20T06:05:51","modified_gmt":"2025-12-20T09:05:51","slug":"catedral-de-ribeirao-preto-suspende-as-atividades-por-tempo-indeterminado","status":"publish","type":"post","link":"https:\/\/noticiasribeiraopreto.com.br\/index.php\/2025\/12\/20\/catedral-de-ribeirao-preto-suspende-as-atividades-por-tempo-indeterminado\/","title":{"rendered":"Catedral de Ribeir\u00e3o Preto suspende as atividades por tempo indeterminado"},"content":{"rendered":"<div class='code-block code-block-1' style='margin: 8px 0 8px auto; text-align: right; display: block; clear: both;'>\n<p><a href=\"https:\/\/wa.link\/vpicfd\"><img data-recalc-dims=\"1\" class=\"wp-image-4922\" style=\"aspect-ratio: 2.0253164556962027; width: 561px; height: auto;\" src=\"https:\/\/i0.wp.com\/ismaelcolosi.com.br\/wp-content\/uploads\/2023\/11\/grupo-de-empregos-whatsapp-e-facebook-ismael-colosi-vagas.jpg?ssl=1\" alt=\"\" \/><\/a><\/p>\n<!-- \/wp:image -->\n<\/div>\n<p> <br \/>\n<\/p>\n<div>\n<p>As <strong>atividades religiosas e a visita\u00e7\u00e3o p\u00fablica da Catedral Metropolitana de S\u00e3o Sebasti\u00e3o<\/strong>, em Ribeir\u00e3o Preto, foram <strong>suspensas por tempo indeterminado<\/strong> nesta sexta-feira (19). A medida n\u00e3o interfere no andamento das obras de recupera\u00e7\u00e3o e restaura\u00e7\u00e3o do templo, que seguem sob acompanhamento t\u00e9cnico.<\/p>\n<p>A decis\u00e3o foi tomada ap\u00f3s a constata\u00e7\u00e3o de <strong>problemas estruturais na edifica\u00e7\u00e3o<\/strong>, entre eles a <strong>movimenta\u00e7\u00e3o da torre<\/strong> e o <strong>agravamento de rachaduras j\u00e1 existentes<\/strong>, o que elevou o n\u00edvel de risco para fi\u00e9is, visitantes e trabalhadores.<\/p>\n<figure class=\"wp-block-gallery has-nested-images columns-default is-cropped wp-block-gallery-1 is-layout-flex wp-block-gallery-is-layout-flex\">\n<figure class=\"wp-block-image size-large\"><img data-recalc-dims=\"1\" fetchpriority=\"high\" decoding=\"async\" width=\"576\" height=\"1024\" data-id=\"139952\" src=\"https:\/\/i0.wp.com\/cdn.media-acidadeon.com.br\/ribeiraopreto\/wp-content\/uploads\/sites\/3\/2025\/12\/IMG-20251219-WA0138_2025-12-19_20-42-12-576x1024.webp?resize=576%2C1024&#038;ssl=1\" alt=\"IMG 20251219 WA0138 2025 12 19 20 42 12\" class=\"wp-image-139952\" title=\"Catedral de Ribeir\u00e3o Preto suspende as atividades por tempo indeterminado 1\" srcset=\"https:\/\/cdn.media-acidadeon.com.br\/ribeiraopreto\/wp-content\/uploads\/sites\/3\/2025\/12\/IMG-20251219-WA0138_2025-12-19_20-42-12-576x1024.webp 576w, https:\/\/cdn.media-acidadeon.com.br\/ribeiraopreto\/wp-content\/uploads\/sites\/3\/2025\/12\/IMG-20251219-WA0138_2025-12-19_20-42-12-169x300.webp 169w, https:\/\/cdn.media-acidadeon.com.br\/ribeiraopreto\/wp-content\/uploads\/sites\/3\/2025\/12\/IMG-20251219-WA0138_2025-12-19_20-42-12-768x1365.webp 768w, https:\/\/cdn.media-acidadeon.com.br\/ribeiraopreto\/wp-content\/uploads\/sites\/3\/2025\/12\/IMG-20251219-WA0138_2025-12-19_20-42-12-864x1536.webp 864w, https:\/\/cdn.media-acidadeon.com.br\/ribeiraopreto\/wp-content\/uploads\/sites\/3\/2025\/12\/IMG-20251219-WA0138_2025-12-19_20-42-12-696x1237.webp 696w, https:\/\/cdn.media-acidadeon.com.br\/ribeiraopreto\/wp-content\/uploads\/sites\/3\/2025\/12\/IMG-20251219-WA0138_2025-12-19_20-42-12.webp 900w\" sizes=\"(max-width: 576px) 100vw, 576px\"\/><\/figure>\n<figure class=\"wp-block-image size-large\"><img data-recalc-dims=\"1\" loading=\"lazy\" decoding=\"async\" width=\"576\" height=\"1024\" data-id=\"139953\" src=\"https:\/\/i0.wp.com\/cdn.media-acidadeon.com.br\/ribeiraopreto\/wp-content\/uploads\/sites\/3\/2025\/12\/IMG-20251219-WA0139_2025-12-19_20-42-15-576x1024.webp?resize=576%2C1024&#038;ssl=1\" alt=\"IMG 20251219 WA0139 2025 12 19 20 42 15\" class=\"wp-image-139953\" title=\"Catedral de Ribeir\u00e3o Preto suspende as atividades por tempo indeterminado 2\" srcset=\"https:\/\/cdn.media-acidadeon.com.br\/ribeiraopreto\/wp-content\/uploads\/sites\/3\/2025\/12\/IMG-20251219-WA0139_2025-12-19_20-42-15-576x1024.webp 576w, https:\/\/cdn.media-acidadeon.com.br\/ribeiraopreto\/wp-content\/uploads\/sites\/3\/2025\/12\/IMG-20251219-WA0139_2025-12-19_20-42-15-169x300.webp 169w, https:\/\/cdn.media-acidadeon.com.br\/ribeiraopreto\/wp-content\/uploads\/sites\/3\/2025\/12\/IMG-20251219-WA0139_2025-12-19_20-42-15-768x1365.webp 768w, https:\/\/cdn.media-acidadeon.com.br\/ribeiraopreto\/wp-content\/uploads\/sites\/3\/2025\/12\/IMG-20251219-WA0139_2025-12-19_20-42-15-864x1536.webp 864w, https:\/\/cdn.media-acidadeon.com.br\/ribeiraopreto\/wp-content\/uploads\/sites\/3\/2025\/12\/IMG-20251219-WA0139_2025-12-19_20-42-15-696x1237.webp 696w, https:\/\/cdn.media-acidadeon.com.br\/ribeiraopreto\/wp-content\/uploads\/sites\/3\/2025\/12\/IMG-20251219-WA0139_2025-12-19_20-42-15.webp 900w\" sizes=\"auto, (max-width: 576px) 100vw, 576px\"\/><\/figure>\n<figure class=\"wp-block-image size-large\"><img data-recalc-dims=\"1\" loading=\"lazy\" decoding=\"async\" width=\"576\" height=\"1024\" data-id=\"139954\" src=\"https:\/\/i0.wp.com\/cdn.media-acidadeon.com.br\/ribeiraopreto\/wp-content\/uploads\/sites\/3\/2025\/12\/IMG-20251219-WA0140_2025-12-19_20-42-18-576x1024.webp?resize=576%2C1024&#038;ssl=1\" alt=\"IMG 20251219 WA0140 2025 12 19 20 42 18\" class=\"wp-image-139954\" title=\"Catedral de Ribeir\u00e3o Preto suspende as atividades por tempo indeterminado 3\" srcset=\"https:\/\/cdn.media-acidadeon.com.br\/ribeiraopreto\/wp-content\/uploads\/sites\/3\/2025\/12\/IMG-20251219-WA0140_2025-12-19_20-42-18-576x1024.webp 576w, https:\/\/cdn.media-acidadeon.com.br\/ribeiraopreto\/wp-content\/uploads\/sites\/3\/2025\/12\/IMG-20251219-WA0140_2025-12-19_20-42-18-169x300.webp 169w, https:\/\/cdn.media-acidadeon.com.br\/ribeiraopreto\/wp-content\/uploads\/sites\/3\/2025\/12\/IMG-20251219-WA0140_2025-12-19_20-42-18-768x1365.webp 768w, https:\/\/cdn.media-acidadeon.com.br\/ribeiraopreto\/wp-content\/uploads\/sites\/3\/2025\/12\/IMG-20251219-WA0140_2025-12-19_20-42-18-864x1536.webp 864w, https:\/\/cdn.media-acidadeon.com.br\/ribeiraopreto\/wp-content\/uploads\/sites\/3\/2025\/12\/IMG-20251219-WA0140_2025-12-19_20-42-18-696x1237.webp 696w, https:\/\/cdn.media-acidadeon.com.br\/ribeiraopreto\/wp-content\/uploads\/sites\/3\/2025\/12\/IMG-20251219-WA0140_2025-12-19_20-42-18.webp 900w\" sizes=\"auto, (max-width: 576px) 100vw, 576px\"\/><\/figure>\n<figure class=\"wp-block-image size-large\"><img data-recalc-dims=\"1\" loading=\"lazy\" decoding=\"async\" width=\"576\" height=\"1024\" data-id=\"139955\" src=\"https:\/\/i0.wp.com\/cdn.media-acidadeon.com.br\/ribeiraopreto\/wp-content\/uploads\/sites\/3\/2025\/12\/IMG-20251219-WA0141_2025-12-19_20-42-21-576x1024.webp?resize=576%2C1024&#038;ssl=1\" alt=\"IMG 20251219 WA0141 2025 12 19 20 42 21\" class=\"wp-image-139955\" title=\"Catedral de Ribeir\u00e3o Preto suspende as atividades por tempo indeterminado 4\" srcset=\"https:\/\/cdn.media-acidadeon.com.br\/ribeiraopreto\/wp-content\/uploads\/sites\/3\/2025\/12\/IMG-20251219-WA0141_2025-12-19_20-42-21-576x1024.webp 576w, https:\/\/cdn.media-acidadeon.com.br\/ribeiraopreto\/wp-content\/uploads\/sites\/3\/2025\/12\/IMG-20251219-WA0141_2025-12-19_20-42-21-169x300.webp 169w, https:\/\/cdn.media-acidadeon.com.br\/ribeiraopreto\/wp-content\/uploads\/sites\/3\/2025\/12\/IMG-20251219-WA0141_2025-12-19_20-42-21-768x1365.webp 768w, https:\/\/cdn.media-acidadeon.com.br\/ribeiraopreto\/wp-content\/uploads\/sites\/3\/2025\/12\/IMG-20251219-WA0141_2025-12-19_20-42-21-864x1536.webp 864w, https:\/\/cdn.media-acidadeon.com.br\/ribeiraopreto\/wp-content\/uploads\/sites\/3\/2025\/12\/IMG-20251219-WA0141_2025-12-19_20-42-21-696x1237.webp 696w, https:\/\/cdn.media-acidadeon.com.br\/ribeiraopreto\/wp-content\/uploads\/sites\/3\/2025\/12\/IMG-20251219-WA0141_2025-12-19_20-42-21.webp 900w\" sizes=\"auto, (max-width: 576px) 100vw, 576px\"\/><\/figure>\n<figure class=\"wp-block-image size-large\"><img data-recalc-dims=\"1\" loading=\"lazy\" decoding=\"async\" width=\"576\" height=\"1024\" data-id=\"139956\" src=\"https:\/\/i0.wp.com\/cdn.media-acidadeon.com.br\/ribeiraopreto\/wp-content\/uploads\/sites\/3\/2025\/12\/IMG-20251219-WA0142_2025-12-19_20-42-23-576x1024.webp?resize=576%2C1024&#038;ssl=1\" alt=\"IMG 20251219 WA0142 2025 12 19 20 42 23\" class=\"wp-image-139956\" title=\"Catedral de Ribeir\u00e3o Preto suspende as atividades por tempo indeterminado 5\" srcset=\"https:\/\/cdn.media-acidadeon.com.br\/ribeiraopreto\/wp-content\/uploads\/sites\/3\/2025\/12\/IMG-20251219-WA0142_2025-12-19_20-42-23-576x1024.webp 576w, https:\/\/cdn.media-acidadeon.com.br\/ribeiraopreto\/wp-content\/uploads\/sites\/3\/2025\/12\/IMG-20251219-WA0142_2025-12-19_20-42-23-169x300.webp 169w, https:\/\/cdn.media-acidadeon.com.br\/ribeiraopreto\/wp-content\/uploads\/sites\/3\/2025\/12\/IMG-20251219-WA0142_2025-12-19_20-42-23-768x1365.webp 768w, https:\/\/cdn.media-acidadeon.com.br\/ribeiraopreto\/wp-content\/uploads\/sites\/3\/2025\/12\/IMG-20251219-WA0142_2025-12-19_20-42-23-864x1536.webp 864w, https:\/\/cdn.media-acidadeon.com.br\/ribeiraopreto\/wp-content\/uploads\/sites\/3\/2025\/12\/IMG-20251219-WA0142_2025-12-19_20-42-23-696x1237.webp 696w, https:\/\/cdn.media-acidadeon.com.br\/ribeiraopreto\/wp-content\/uploads\/sites\/3\/2025\/12\/IMG-20251219-WA0142_2025-12-19_20-42-23.webp 900w\" sizes=\"auto, (max-width: 576px) 100vw, 576px\"\/><\/figure>\n<\/figure>\n<p>Segundo os respons\u00e1veis, a suspens\u00e3o ocorre por <strong>quest\u00f5es de seguran\u00e7a<\/strong>, especialmente diante da proximidade do per\u00edodo de fim de ano e das celebra\u00e7\u00f5es natalinas, quando h\u00e1 aumento no fluxo de pessoas no local.<\/p>\n<p>A Catedral permanecer\u00e1 <strong>fechada para missas, celebra\u00e7\u00f5es e visita\u00e7\u00e3o<\/strong> at\u00e9 que uma <strong>nova reavalia\u00e7\u00e3o t\u00e9cnica<\/strong> seja realizada e ateste condi\u00e7\u00f5es seguras de uso do espa\u00e7o.<\/p>\n<h4 class=\"wp-block-heading\"><strong>Obras da Catedral<\/strong><\/h4>\n<p>As\u00a0<strong>obras de recupera\u00e7\u00e3o da Catedral Metropolitana de S\u00e3o Sebasti\u00e3o<\/strong>, um dos s\u00edmbolos de Ribeir\u00e3o Preto, tiveram in\u00edcio no dia 1\u00ba de dezembro. A\u00a0<strong>reforma se tornou necess\u00e1ria ap\u00f3s a identifica\u00e7\u00e3o de desgastes estruturais acumulados ao longo do tempo<\/strong>, o que levou \u00e0 cria\u00e7\u00e3o de uma campanha de arrecada\u00e7\u00e3o para ajudar a custear o projeto.<\/p>\n<div class=\"wp-block-image\">\n<figure class=\"aligncenter size-large is-resized\"><img data-recalc-dims=\"1\" loading=\"lazy\" decoding=\"async\" width=\"1024\" height=\"683\" src=\"https:\/\/i0.wp.com\/cdn.media-acidadeon.com.br\/ribeiraopreto\/wp-content\/uploads\/sites\/3\/2025\/09\/d86b3ae7-8d76-4449-8e0b-7a354771b4a4_2025-09-02_15-13-23-1024x683.webp?resize=1024%2C683&#038;ssl=1\" alt=\"catedral\" class=\"wp-image-127798\" style=\"width:856px;height:auto\" title=\"Catedral de Ribeir\u00e3o Preto suspende as atividades por tempo indeterminado 6\" srcset=\"https:\/\/cdn.media-acidadeon.com.br\/ribeiraopreto\/wp-content\/uploads\/sites\/3\/2025\/09\/d86b3ae7-8d76-4449-8e0b-7a354771b4a4_2025-09-02_15-13-23-1024x683.webp 1024w, https:\/\/cdn.media-acidadeon.com.br\/ribeiraopreto\/wp-content\/uploads\/sites\/3\/2025\/09\/d86b3ae7-8d76-4449-8e0b-7a354771b4a4_2025-09-02_15-13-23-300x200.webp 300w, https:\/\/cdn.media-acidadeon.com.br\/ribeiraopreto\/wp-content\/uploads\/sites\/3\/2025\/09\/d86b3ae7-8d76-4449-8e0b-7a354771b4a4_2025-09-02_15-13-23-768x512.webp 768w, https:\/\/cdn.media-acidadeon.com.br\/ribeiraopreto\/wp-content\/uploads\/sites\/3\/2025\/09\/d86b3ae7-8d76-4449-8e0b-7a354771b4a4_2025-09-02_15-13-23-696x464.webp 696w, https:\/\/cdn.media-acidadeon.com.br\/ribeiraopreto\/wp-content\/uploads\/sites\/3\/2025\/09\/d86b3ae7-8d76-4449-8e0b-7a354771b4a4_2025-09-02_15-13-23-1068x712.webp 1068w, https:\/\/cdn.media-acidadeon.com.br\/ribeiraopreto\/wp-content\/uploads\/sites\/3\/2025\/09\/d86b3ae7-8d76-4449-8e0b-7a354771b4a4_2025-09-02_15-13-23.webp 1200w\" sizes=\"auto, (max-width: 1024px) 100vw, 1024px\"\/><figcaption class=\"wp-element-caption\">Catedral Metropolitana de Ribeir\u00e3o Preto \u2013 Foto: Divulga\u00e7\u00e3o <\/figcaption><\/figure>\n<\/div>\n<p>O primeiro passo do restauro seria refor\u00e7ar a funda\u00e7\u00e3o da igreja, j\u00e1 que problemas no solo v\u00eam provocando rachaduras e comprometendo a estabilidade do pr\u00e9dio. Para solucionar isso,\u00a0<strong>de acordo com o projeto, seriam feitas perfura\u00e7\u00f5es em diferentes \u00e1reas do piso, onde ser\u00e3o instaladas estacas que alcan\u00e7am camadas mais firmes do terreno e possuem bulbos nas extremidades.<\/strong><\/p>\n<p>Essa etapa inicial,\u00a0<strong>estimada para durar entre oito e 12 meses<\/strong>, ter\u00e1 investimento de aproximadamente\u00a0<strong>R$ 2 milh\u00f5es<\/strong>\u00a0\u2014 parte dos\u00a0<strong>R$ 14 milh\u00f5es previstos para toda a interven\u00e7\u00e3o.<\/strong><\/p>\n<p><strong>Corre\u00e7\u00e3o:<\/strong> Anteriormente, o <em>acidade on<\/em> informou de forma incorreta que as obras da Catedral foram suspensas. Na realidade, <strong>o que foi suspenso s\u00e3o as atividades da Catedral, como missas e visita\u00e7\u00e3o<\/strong>, enquanto as obras de recupera\u00e7\u00e3o e restaura\u00e7\u00e3o seguem em andamento, conforme descrito acima.<\/p>\n<hr class=\"wp-block-separator has-alpha-channel-opacity\"\/>\n<h4 class=\"wp-block-heading\"><strong>SAIBA MAIS<\/strong><\/h4>\n<p>Chuva no fim de semana? Veja como fica o tempo em Ribeir\u00e3o Preto<\/p>\n<h2 class=\"wp-block-heading\"><strong>FIQUE ON<\/strong><\/h2>\n<p>Fique ligado em tudo que acontece em Ribeir\u00e3o Preto e regi\u00e3o. Siga os perfis do\u00a0<strong>acidade on<\/strong>\u00a0no<a href=\"https:\/\/www.instagram.com\/acidadeonribeirao\" target=\"_blank\" rel=\"noreferrer noopener\">\u00a0Instagram\u00a0<\/a>e no\u00a0<a href=\"https:\/\/www.facebook.com\/acidadeonribeirao\/\" target=\"_blank\" rel=\"noreferrer noopener\">Facebook<\/a>.<\/p>\n<p>Receba not\u00edcias do\u00a0<strong>acidade on<\/strong>\u00a0no WhatsApp. Para entrar no grupo,\u00a0basta\u00a0<a href=\"https:\/\/chat.whatsapp.com\/GFH9HUMUTHNFJdnyEd0xxq\" target=\"_blank\" rel=\"noreferrer noopener\">clicar aqui<\/a>. Ou, acesse o nosso\u00a0Canal\u00a0<a href=\"https:\/\/whatsapp.com\/channel\/0029Vb6IQl1JENyAeS57fk2p\" target=\"_blank\" rel=\"noreferrer noopener\">clicando aqui<\/a>.<\/p>\n<p>Fa\u00e7a uma den\u00fancia ou sugira uma reportagem sobre Ribeir\u00e3o Preto e regi\u00e3o pelo WhatsApp: 16 99117 7802.<\/p>\n<p>VEJA TAMB\u00c9M<br \/>Como fazer crunch cake?<a href=\"https:\/\/cdn.media-acidadeon.com.br\/ribeiraopreto\/wp-content\/uploads\/sites\/3\/2025\/12\/Imagem-do-WhatsApp-de-2025-12-01-as-14.15.08_e608cedf_2025-12-01_20-37-18.webp\" target=\"_blank\" rel=\"noopener\"\/><\/p>\n<p><!-- AI CONTENT END 1 -->\n<\/div>\n<p><script async src=\"\/\/www.instagram.com\/embed.js\"><\/script><br \/>\n<br \/><br \/>\n<br \/><a href=\"https:\/\/www.acidadeon.com\/ribeiraopreto\/cotidiano\/catedral-de-ribeirao-preto-suspende-as-atividades-por-tempo-indeterminado\/\">Source link <\/a><\/p>\n<!-- CONTENT END 1 -->\n","protected":false},"excerpt":{"rendered":"<p>As atividades religiosas e a visita\u00e7\u00e3o p\u00fablica da Catedral Metropolitana de S\u00e3o Sebasti\u00e3o, em Ribeir\u00e3o Preto, foram suspensas por tempo indeterminado nesta sexta-feira (19). A&#8230;<\/p>\n","protected":false},"author":1,"featured_media":80989,"comment_status":"open","ping_status":"open","sticky":false,"template":"","format":"standard","meta":{"advanced_seo_description":"","jetpack_seo_html_title":"","jetpack_seo_noindex":false,"jetpack_post_was_ever_published":false,"_jetpack_newsletter_access":"","_jetpack_dont_email_post_to_subs":false,"_jetpack_newsletter_tier_id":0,"_jetpack_memberships_contains_paywalled_content":false,"_jetpack_memberships_contains_paid_content":false,"footnotes":"","jetpack_publicize_message":"","jetpack_publicize_feature_enabled":true,"jetpack_social_post_already_shared":true,"jetpack_social_options":{"image_generator_settings":{"template":"highway","default_image_id":0,"font":"","enabled":false},"version":2}},"categories":[11],"tags":[],"class_list":["post-80988","post","type-post","status-publish","format-standard","has-post-thumbnail","hentry","category-noticias-de-ribeirao-preto-sp-e-regiao-ismael-colosi"],"jetpack_publicize_connections":[],"jetpack_featured_media_url":"https:\/\/i0.wp.com\/noticiasribeiraopreto.com.br\/wp-content\/uploads\/2025\/12\/Imagem-do-WhatsApp-de-2025-12-19-as-17.44.38_eb1bd2fd_2025-12-19_20-45-08.webp.webp?fit=1200%2C675&ssl=1","jetpack-related-posts":[{"id":61676,"url":"https:\/\/noticiasribeiraopreto.com.br\/index.php\/2024\/12\/18\/prainha-da-regiao-de-ribeirao-e-interditada-por-tempo-indeterminado\/","url_meta":{"origin":80988,"position":0},"title":"Prainha da regi\u00e3o de Ribeir\u00e3o \u00e9 interditada por tempo indeterminado","author":"noticiasribeiraopreto.com.br","date":"18 de December de 2024","format":false,"excerpt":"A Secretaria de Meio Ambiente e Agricultura de Sert\u00e3ozinho, na regi\u00e3o de Ribeir\u00e3o Preto, anunciou nesta quarta-feira (18), que a praia do Parque Ecol\u00f3gico e de Lazer Gustavo Simioni est\u00e1 temporariamente interditada para banho. A medida foi tomada ap\u00f3s uma avalia\u00e7\u00e3o da Companhia Ambiental do Estado de S\u00e3o Paulo (Cetesb),\u2026","rel":"","context":"In &quot;Not\u00edcias de Ribeir\u00e3o Preto-SP e Regi\u00e3o&quot;","block_context":{"text":"Not\u00edcias de Ribeir\u00e3o Preto-SP e Regi\u00e3o","link":"https:\/\/noticiasribeiraopreto.com.br\/index.php\/category\/noticias-de-ribeirao-preto-sp-e-regiao-ismael-colosi\/"},"img":{"alt_text":"","src":"https:\/\/i0.wp.com\/noticiasribeiraopreto.com.br\/wp-content\/uploads\/2024\/11\/prainha_2024-11-15_11-36-41_jpg_2024-11-15_11-36-41.webp.webp?fit=1200%2C672&ssl=1&resize=350%2C200","width":350,"height":200,"srcset":"https:\/\/i0.wp.com\/noticiasribeiraopreto.com.br\/wp-content\/uploads\/2024\/11\/prainha_2024-11-15_11-36-41_jpg_2024-11-15_11-36-41.webp.webp?fit=1200%2C672&ssl=1&resize=350%2C200 1x, https:\/\/i0.wp.com\/noticiasribeiraopreto.com.br\/wp-content\/uploads\/2024\/11\/prainha_2024-11-15_11-36-41_jpg_2024-11-15_11-36-41.webp.webp?fit=1200%2C672&ssl=1&resize=525%2C300 1.5x, https:\/\/i0.wp.com\/noticiasribeiraopreto.com.br\/wp-content\/uploads\/2024\/11\/prainha_2024-11-15_11-36-41_jpg_2024-11-15_11-36-41.webp.webp?fit=1200%2C672&ssl=1&resize=700%2C400 2x, https:\/\/i0.wp.com\/noticiasribeiraopreto.com.br\/wp-content\/uploads\/2024\/11\/prainha_2024-11-15_11-36-41_jpg_2024-11-15_11-36-41.webp.webp?fit=1200%2C672&ssl=1&resize=1050%2C600 3x"},"classes":[]},{"id":71957,"url":"https:\/\/noticiasribeiraopreto.com.br\/index.php\/2025\/06\/11\/caso-nelson-buscas-pelo-corpo-do-empresario-sao-suspensas-por-tempo-indeterminado\/","url_meta":{"origin":80988,"position":1},"title":"Caso Nelson: buscas pelo corpo do empres\u00e1rio s\u00e3o suspensas por tempo indeterminado","author":"noticiasribeiraopreto.com.br","date":"11 de June de 2025","format":false,"excerpt":"O 9\u00ba Grupamento de Bombeiros anunciou, nesta quarta-feira (11), a suspens\u00e3o por tempo indeterminado das buscas pelo corpo do empres\u00e1rio Nelson Carreira, desaparecido desde 16 de maio de 2025. Segundo depoimento de um dos suspeitos, ele teria sido assassinado em Cravinhos, na regi\u00e3o de Ribeir\u00e3o Preto, e o corpo jogado\u2026","rel":"","context":"In &quot;Not\u00edcias de Ribeir\u00e3o Preto-SP e Regi\u00e3o&quot;","block_context":{"text":"Not\u00edcias de Ribeir\u00e3o Preto-SP e Regi\u00e3o","link":"https:\/\/noticiasribeiraopreto.com.br\/index.php\/category\/noticias-de-ribeirao-preto-sp-e-regiao-ismael-colosi\/"},"img":{"alt_text":"","src":"https:\/\/i0.wp.com\/noticiasribeiraopreto.com.br\/wp-content\/uploads\/2025\/06\/BUSCAS_2025-06-10_14-07-34.webp.webp?fit=1200%2C665&ssl=1&resize=350%2C200","width":350,"height":200,"srcset":"https:\/\/i0.wp.com\/noticiasribeiraopreto.com.br\/wp-content\/uploads\/2025\/06\/BUSCAS_2025-06-10_14-07-34.webp.webp?fit=1200%2C665&ssl=1&resize=350%2C200 1x, https:\/\/i0.wp.com\/noticiasribeiraopreto.com.br\/wp-content\/uploads\/2025\/06\/BUSCAS_2025-06-10_14-07-34.webp.webp?fit=1200%2C665&ssl=1&resize=525%2C300 1.5x, https:\/\/i0.wp.com\/noticiasribeiraopreto.com.br\/wp-content\/uploads\/2025\/06\/BUSCAS_2025-06-10_14-07-34.webp.webp?fit=1200%2C665&ssl=1&resize=700%2C400 2x, https:\/\/i0.wp.com\/noticiasribeiraopreto.com.br\/wp-content\/uploads\/2025\/06\/BUSCAS_2025-06-10_14-07-34.webp.webp?fit=1200%2C665&ssl=1&resize=1050%2C600 3x"},"classes":[]},{"id":81519,"url":"https:\/\/noticiasribeiraopreto.com.br\/index.php\/2026\/01\/08\/catedral-metropolitana-reabre-e-retoma-missas-em-ribeirao-preto\/","url_meta":{"origin":80988,"position":2},"title":"Catedral Metropolitana reabre e retoma missas em Ribeir\u00e3o Preto","author":"noticiasribeiraopreto.com.br","date":"8 de January de 2026","format":false,"excerpt":"A Catedral Metropolitana de Ribeir\u00e3o Preto reabriu oficialmente nesta ter\u00e7a-feira (6) e retomou os hor\u00e1rios regulares de missas, celebra\u00e7\u00f5es e atendimento aos fi\u00e9is. A administra\u00e7\u00e3o suspendeu as atividades religiosas e a visita\u00e7\u00e3o p\u00fablica no dia 19 de dezembro ap\u00f3s identificar problemas estruturais no pr\u00e9dio. Entre as ocorr\u00eancias, t\u00e9cnicos constataram movimenta\u00e7\u00e3o\u2026","rel":"","context":"In &quot;Not\u00edcias de Ribeir\u00e3o Preto-SP e Regi\u00e3o&quot;","block_context":{"text":"Not\u00edcias de Ribeir\u00e3o Preto-SP e Regi\u00e3o","link":"https:\/\/noticiasribeiraopreto.com.br\/index.php\/category\/noticias-de-ribeirao-preto-sp-e-regiao-ismael-colosi\/"},"img":{"alt_text":"","src":"https:\/\/i0.wp.com\/noticiasribeiraopreto.com.br\/wp-content\/uploads\/2025\/12\/Imagem-do-WhatsApp-de-2025-12-19-as-17.44.38_eb1bd2fd_2025-12-19_20-45-08.webp.webp?fit=1200%2C675&ssl=1&resize=350%2C200","width":350,"height":200,"srcset":"https:\/\/i0.wp.com\/noticiasribeiraopreto.com.br\/wp-content\/uploads\/2025\/12\/Imagem-do-WhatsApp-de-2025-12-19-as-17.44.38_eb1bd2fd_2025-12-19_20-45-08.webp.webp?fit=1200%2C675&ssl=1&resize=350%2C200 1x, https:\/\/i0.wp.com\/noticiasribeiraopreto.com.br\/wp-content\/uploads\/2025\/12\/Imagem-do-WhatsApp-de-2025-12-19-as-17.44.38_eb1bd2fd_2025-12-19_20-45-08.webp.webp?fit=1200%2C675&ssl=1&resize=525%2C300 1.5x, https:\/\/i0.wp.com\/noticiasribeiraopreto.com.br\/wp-content\/uploads\/2025\/12\/Imagem-do-WhatsApp-de-2025-12-19-as-17.44.38_eb1bd2fd_2025-12-19_20-45-08.webp.webp?fit=1200%2C675&ssl=1&resize=700%2C400 2x, https:\/\/i0.wp.com\/noticiasribeiraopreto.com.br\/wp-content\/uploads\/2025\/12\/Imagem-do-WhatsApp-de-2025-12-19-as-17.44.38_eb1bd2fd_2025-12-19_20-45-08.webp.webp?fit=1200%2C675&ssl=1&resize=1050%2C600 3x"},"classes":[]},{"id":61318,"url":"https:\/\/noticiasribeiraopreto.com.br\/index.php\/2024\/12\/09\/dupla-jorge-e-mateus-anuncia-pausa-na-carreira-por-tempo-indeterminado\/","url_meta":{"origin":80988,"position":3},"title":"Dupla Jorge e Mateus anuncia pausa na carreira por tempo indeterminado","author":"noticiasribeiraopreto.com.br","date":"9 de December de 2024","format":false,"excerpt":"A dupla sertaneja Jorge e Mateus anunciou uma pausa na carreira por tempo indeterminado, ap\u00f3s o encerramento da turn\u00ea comemorativa pelos 20 anos de sucesso, que acontecer\u00e1 em 2025. Os cantores explicaram que a decis\u00e3o foi motivada devido ao desgaste f\u00edsico e emocional da rotina intensa de apresenta\u00e7\u00f5es. Vale lembrar\u2026","rel":"","context":"In &quot;Not\u00edcias de Ribeir\u00e3o Preto-SP e Regi\u00e3o&quot;","block_context":{"text":"Not\u00edcias de Ribeir\u00e3o Preto-SP e Regi\u00e3o","link":"https:\/\/noticiasribeiraopreto.com.br\/index.php\/category\/noticias-de-ribeirao-preto-sp-e-regiao-ismael-colosi\/"},"img":{"alt_text":"","src":"https:\/\/i0.wp.com\/noticiasribeiraopreto.com.br\/wp-content\/uploads\/2024\/12\/0-Cadu_Fernandes__7R48503-1620x1080-1_2024-07-02_18-31-00_jpeg_2024-07-02_18-31-00.webp.webp?fit=1200%2C800&ssl=1&resize=350%2C200","width":350,"height":200,"srcset":"https:\/\/i0.wp.com\/noticiasribeiraopreto.com.br\/wp-content\/uploads\/2024\/12\/0-Cadu_Fernandes__7R48503-1620x1080-1_2024-07-02_18-31-00_jpeg_2024-07-02_18-31-00.webp.webp?fit=1200%2C800&ssl=1&resize=350%2C200 1x, https:\/\/i0.wp.com\/noticiasribeiraopreto.com.br\/wp-content\/uploads\/2024\/12\/0-Cadu_Fernandes__7R48503-1620x1080-1_2024-07-02_18-31-00_jpeg_2024-07-02_18-31-00.webp.webp?fit=1200%2C800&ssl=1&resize=525%2C300 1.5x, https:\/\/i0.wp.com\/noticiasribeiraopreto.com.br\/wp-content\/uploads\/2024\/12\/0-Cadu_Fernandes__7R48503-1620x1080-1_2024-07-02_18-31-00_jpeg_2024-07-02_18-31-00.webp.webp?fit=1200%2C800&ssl=1&resize=700%2C400 2x, https:\/\/i0.wp.com\/noticiasribeiraopreto.com.br\/wp-content\/uploads\/2024\/12\/0-Cadu_Fernandes__7R48503-1620x1080-1_2024-07-02_18-31-00_jpeg_2024-07-02_18-31-00.webp.webp?fit=1200%2C800&ssl=1&resize=1050%2C600 3x"},"classes":[]},{"id":74963,"url":"https:\/\/noticiasribeiraopreto.com.br\/index.php\/2025\/07\/31\/catedral-de-ribeirao-preto-recebe-concerto-da-usp-entrada-e-gratuita\/","url_meta":{"origin":80988,"position":4},"title":"Catedral de Ribeir\u00e3o Preto recebe Concerto da USP; entrada \u00e9 gratuita","author":"noticiasribeiraopreto.com.br","date":"31 de July de 2025","format":false,"excerpt":"No pr\u00f3ximo domingo (3), \u00e0s 20h, a Catedral Metropolitana de Ribeir\u00e3o Preto ser\u00e1 palco de mais uma edi\u00e7\u00e3o do Concerto USP na Catedral. O evento que integra a campanha solid\u00e1ria \u201cSalve a Catedral\u201d, voltada \u00e0 valoriza\u00e7\u00e3o e preserva\u00e7\u00e3o do patrim\u00f4nio hist\u00f3rico e arquitet\u00f4nico de Ribeir\u00e3o Preto. A apresenta\u00e7\u00e3o aberta ter\u00e1\u2026","rel":"","context":"In &quot;Not\u00edcias de Ribeir\u00e3o Preto-SP e Regi\u00e3o&quot;","block_context":{"text":"Not\u00edcias de Ribeir\u00e3o Preto-SP e Regi\u00e3o","link":"https:\/\/noticiasribeiraopreto.com.br\/index.php\/category\/noticias-de-ribeirao-preto-sp-e-regiao-ismael-colosi\/"},"img":{"alt_text":"","src":"https:\/\/i0.wp.com\/noticiasribeiraopreto.com.br\/wp-content\/uploads\/2025\/07\/concerto-usp-2_2025-07-31_20-04-54.webp.webp?fit=900%2C643&ssl=1&resize=350%2C200","width":350,"height":200,"srcset":"https:\/\/i0.wp.com\/noticiasribeiraopreto.com.br\/wp-content\/uploads\/2025\/07\/concerto-usp-2_2025-07-31_20-04-54.webp.webp?fit=900%2C643&ssl=1&resize=350%2C200 1x, https:\/\/i0.wp.com\/noticiasribeiraopreto.com.br\/wp-content\/uploads\/2025\/07\/concerto-usp-2_2025-07-31_20-04-54.webp.webp?fit=900%2C643&ssl=1&resize=525%2C300 1.5x, https:\/\/i0.wp.com\/noticiasribeiraopreto.com.br\/wp-content\/uploads\/2025\/07\/concerto-usp-2_2025-07-31_20-04-54.webp.webp?fit=900%2C643&ssl=1&resize=700%2C400 2x"},"classes":[]},{"id":82869,"url":"https:\/\/noticiasribeiraopreto.com.br\/index.php\/2026\/03\/01\/serie-concertos-usp-na-catedral-abre-temporada-2026\/","url_meta":{"origin":80988,"position":5},"title":"S\u00e9rie Concertos USP na Catedral abre temporada 2026","author":"noticiasribeiraopreto.com.br","date":"1 de March de 2026","format":false,"excerpt":"A S\u00e9rie Concertos USP na Catedral inicia sua temporada de 2026 neste domingo, 1\u00ba de mar\u00e7o, na Catedral Metropolitana de Ribeir\u00e3o Preto, \u00e0s 20h. A apresenta\u00e7\u00e3o re\u00fane canto e piano em programa dedicado a obras do s\u00e9culo XX, reafirmando a parceria entre o Departamento de M\u00fasica da Faculdade de Filosofia,\u2026","rel":"","context":"In &quot;Not\u00edcias de Ribeir\u00e3o Preto-SP e Regi\u00e3o&quot;","block_context":{"text":"Not\u00edcias de Ribeir\u00e3o Preto-SP e Regi\u00e3o","link":"https:\/\/noticiasribeiraopreto.com.br\/index.php\/category\/noticias-de-ribeirao-preto-sp-e-regiao-ismael-colosi\/"},"img":{"alt_text":"","src":"https:\/\/i0.wp.com\/noticiasribeiraopreto.com.br\/wp-content\/uploads\/2026\/03\/concerto-usp.jpg?fit=780%2C780&ssl=1&resize=350%2C200","width":350,"height":200,"srcset":"https:\/\/i0.wp.com\/noticiasribeiraopreto.com.br\/wp-content\/uploads\/2026\/03\/concerto-usp.jpg?fit=780%2C780&ssl=1&resize=350%2C200 1x, https:\/\/i0.wp.com\/noticiasribeiraopreto.com.br\/wp-content\/uploads\/2026\/03\/concerto-usp.jpg?fit=780%2C780&ssl=1&resize=525%2C300 1.5x, https:\/\/i0.wp.com\/noticiasribeiraopreto.com.br\/wp-content\/uploads\/2026\/03\/concerto-usp.jpg?fit=780%2C780&ssl=1&resize=700%2C400 2x"},"classes":[]}],"jetpack_sharing_enabled":true,"jetpack_shortlink":"https:\/\/wp.me\/peQAOb-l4g","_links":{"self":[{"href":"https:\/\/noticiasribeiraopreto.com.br\/index.php\/wp-json\/wp\/v2\/posts\/80988","targetHints":{"allow":["GET"]}}],"collection":[{"href":"https:\/\/noticiasribeiraopreto.com.br\/index.php\/wp-json\/wp\/v2\/posts"}],"about":[{"href":"https:\/\/noticiasribeiraopreto.com.br\/index.php\/wp-json\/wp\/v2\/types\/post"}],"author":[{"embeddable":true,"href":"https:\/\/noticiasribeiraopreto.com.br\/index.php\/wp-json\/wp\/v2\/users\/1"}],"replies":[{"embeddable":true,"href":"https:\/\/noticiasribeiraopreto.com.br\/index.php\/wp-json\/wp\/v2\/comments?post=80988"}],"version-history":[{"count":0,"href":"https:\/\/noticiasribeiraopreto.com.br\/index.php\/wp-json\/wp\/v2\/posts\/80988\/revisions"}],"wp:featuredmedia":[{"embeddable":true,"href":"https:\/\/noticiasribeiraopreto.com.br\/index.php\/wp-json\/wp\/v2\/media\/80989"}],"wp:attachment":[{"href":"https:\/\/noticiasribeiraopreto.com.br\/index.php\/wp-json\/wp\/v2\/media?parent=80988"}],"wp:term":[{"taxonomy":"category","embeddable":true,"href":"https:\/\/noticiasribeiraopreto.com.br\/index.php\/wp-json\/wp\/v2\/categories?post=80988"},{"taxonomy":"post_tag","embeddable":true,"href":"https:\/\/noticiasribeiraopreto.com.br\/index.php\/wp-json\/wp\/v2\/tags?post=80988"}],"curies":[{"name":"wp","href":"https:\/\/api.w.org\/{rel}","templated":true}]}}