{"id":80990,"date":"2025-12-20T06:13:12","date_gmt":"2025-12-20T09:13:12","guid":{"rendered":"https:\/\/noticiasribeiraopreto.com.br\/index.php\/2025\/12\/20\/rede-de-supermercados-anuncia-construcao-de-nova-loja-em-ribeirao-preto\/"},"modified":"2025-12-20T06:13:12","modified_gmt":"2025-12-20T09:13:12","slug":"rede-de-supermercados-anuncia-construcao-de-nova-loja-em-ribeirao-preto","status":"publish","type":"post","link":"https:\/\/noticiasribeiraopreto.com.br\/index.php\/2025\/12\/20\/rede-de-supermercados-anuncia-construcao-de-nova-loja-em-ribeirao-preto\/","title":{"rendered":"Rede de supermercados anuncia constru\u00e7\u00e3o de nova loja em Ribeir\u00e3o Preto"},"content":{"rendered":"<div class='code-block code-block-1' style='margin: 8px 0 8px auto; text-align: right; display: block; clear: both;'>\n<p><a href=\"https:\/\/wa.link\/vpicfd\"><img data-recalc-dims=\"1\" class=\"wp-image-4922\" style=\"aspect-ratio: 2.0253164556962027; width: 561px; height: auto;\" src=\"https:\/\/i0.wp.com\/ismaelcolosi.com.br\/wp-content\/uploads\/2023\/11\/grupo-de-empregos-whatsapp-e-facebook-ismael-colosi-vagas.jpg?ssl=1\" alt=\"\" \/><\/a><\/p>\n<!-- \/wp:image -->\n<\/div>\n<p> <br \/>\n<\/p>\n<div data-td-block-uid=\"tdi_95\">\n<div class=\"tdb-block-inner td-fix-index\">\n<p>A <strong>Rede de Supermercados Pague Menos<\/strong> anunciou a constru\u00e7\u00e3o da segunda loja em <strong>Ribeir\u00e3o Preto<\/strong>. Segundo a empresa, foi adquirido um terreno no bairro<strong> Santa Cruz<\/strong>, na zona Sul, e a previs\u00e3o \u00e9 que a loja seja inaugurada ainda em 2026.<\/p>\n<p>O terreno fica entre a avenida Portugal e as ruas Fior\u00edgio Casilo e Professor Jo\u00e3o \u00c1lvares da Costa. A empresa, que teve in\u00edcio em Americana, na regi\u00e3o de Campinas, atualmente conta com uma unidade em Ribeir\u00e3o Preto, inaugurada em 2024, na avenida Jo\u00e3o Fi\u00fasa.<\/p>\n<p>A Rede de Supermercados Pague Menos conta com 39 unidades f\u00edsicas, distribu\u00eddas em 21 cidades do interior do estado de S\u00e3o Paulo.<\/p>\n<p>\u201cA abertura da segunda unidade em Ribeir\u00e3o Preto, prevista para 2026, faz parte de um planejamento estrat\u00e9gico, al\u00e9m de levar sua refer\u00eancia em experi\u00eancia de compra, atendimento humanizado e responsabilidade social\u201d, afirma em nota.<\/p>\n<p>SAIBA MAIS<br \/>Chuva no fim de semana? Veja como fica o tempo em Ribeir\u00e3o Preto<\/p>\n<h2 class=\"wp-block-heading\"><strong>FIQUE ON<\/strong><\/h2>\n<p>Fique ligado em tudo que acontece em Ribeir\u00e3o Preto e regi\u00e3o. Siga os perfis do\u00a0<strong>acidade on<\/strong>\u00a0no<a href=\"https:\/\/www.instagram.com\/acidadeonribeirao\" target=\"_blank\" rel=\"noreferrer noopener\">\u00a0Instagram\u00a0<\/a>e no\u00a0<a href=\"https:\/\/www.facebook.com\/acidadeonribeirao\/\" target=\"_blank\" rel=\"noreferrer noopener\">Facebook<\/a>.<\/p>\n<p>Receba not\u00edcias do\u00a0<strong>acidade on<\/strong>\u00a0no WhatsApp. Para entrar no grupo,\u00a0basta\u00a0<a href=\"https:\/\/chat.whatsapp.com\/GFH9HUMUTHNFJdnyEd0xxq\" target=\"_blank\" rel=\"noreferrer noopener\">clicar aqui<\/a>. Ou, acesse o nosso\u00a0Canal\u00a0<a href=\"https:\/\/whatsapp.com\/channel\/0029Vb6IQl1JENyAeS57fk2p\" target=\"_blank\" rel=\"noreferrer noopener\">clicando aqui<\/a>.<\/p>\n<p>Fa\u00e7a uma den\u00fancia ou sugira uma reportagem sobre Ribeir\u00e3o Preto e regi\u00e3o pelo WhatsApp: 16 99117 7802.<\/p>\n<p>VEJA TAMB\u00c9M<br \/>Como fazer crunch cake?<\/p>\n<p><!-- AI CONTENT END 1 -->\n<\/div>\n<\/div>\n<p><script async src=\"\/\/www.instagram.com\/embed.js\"><\/script><br \/>\n<br \/><br \/>\n<br \/><a href=\"https:\/\/www.acidadeon.com\/ribeiraopreto\/economia\/rede-de-supermercados-anuncia-construcao-de-nova-loja-em-ribeirao-preto\/\">Source link <\/a><\/p>\n<!-- CONTENT END 1 -->\n","protected":false},"excerpt":{"rendered":"<p>A Rede de Supermercados Pague Menos anunciou a constru\u00e7\u00e3o da segunda loja em Ribeir\u00e3o Preto. Segundo a empresa, foi adquirido um terreno no bairro Santa&#8230;<\/p>\n","protected":false},"author":1,"featured_media":80991,"comment_status":"open","ping_status":"open","sticky":false,"template":"","format":"standard","meta":{"advanced_seo_description":"","jetpack_seo_html_title":"","jetpack_seo_noindex":false,"jetpack_post_was_ever_published":false,"_jetpack_newsletter_access":"","_jetpack_dont_email_post_to_subs":false,"_jetpack_newsletter_tier_id":0,"_jetpack_memberships_contains_paywalled_content":false,"_jetpack_memberships_contains_paid_content":false,"footnotes":"","jetpack_publicize_message":"","jetpack_publicize_feature_enabled":true,"jetpack_social_post_already_shared":true,"jetpack_social_options":{"image_generator_settings":{"template":"highway","default_image_id":0,"font":"","enabled":false},"version":2}},"categories":[11],"tags":[],"class_list":["post-80990","post","type-post","status-publish","format-standard","has-post-thumbnail","hentry","category-noticias-de-ribeirao-preto-sp-e-regiao-ismael-colosi"],"jetpack_publicize_connections":[],"jetpack_featured_media_url":"https:\/\/i0.wp.com\/noticiasribeiraopreto.com.br\/wp-content\/uploads\/2025\/12\/Ribeirao-Preto-1_2024-11-19_13-56-21_jpg_2024-11-19_13-56-21.webp.webp?fit=2000%2C1260&ssl=1","jetpack-related-posts":[{"id":60594,"url":"https:\/\/noticiasribeiraopreto.com.br\/index.php\/2024\/11\/19\/veja-quando-nova-rede-de-supermercados-inaugura-loja-na-zona-sul-de-ribeirao\/","url_meta":{"origin":80990,"position":0},"title":"Veja quando nova rede de supermercados inaugura loja na zona Sul de Ribeir\u00e3o","author":"noticiasribeiraopreto.com.br","date":"19 de November de 2024","format":false,"excerpt":"A rede de supermacados Pague Menos anunciou a data da inaugura\u00e7\u00e3o de sua primeira loja em Ribeir\u00e3o Preto. O in\u00edcio das atividades est\u00e1 marcado para a pr\u00f3xima quinta-feia (21), \u00e0s 8h, segundo divulgado pela assessoria de imprensa da rede. O supermercado fica na avenida Professor Jo\u00e3o Fi\u00fasa, 3.001, no Jardim\u2026","rel":"","context":"In &quot;Not\u00edcias de Ribeir\u00e3o Preto-SP e Regi\u00e3o&quot;","block_context":{"text":"Not\u00edcias de Ribeir\u00e3o Preto-SP e Regi\u00e3o","link":"https:\/\/noticiasribeiraopreto.com.br\/index.php\/category\/noticias-de-ribeirao-preto-sp-e-regiao-ismael-colosi\/"},"img":{"alt_text":"","src":"https:\/\/i0.wp.com\/noticiasribeiraopreto.com.br\/wp-content\/uploads\/2024\/11\/Ribeirao-Preto-1_2024-11-19_13-56-21_jpg_2024-11-19_13-56-21.webp.webp?fit=1200%2C756&ssl=1&resize=350%2C200","width":350,"height":200,"srcset":"https:\/\/i0.wp.com\/noticiasribeiraopreto.com.br\/wp-content\/uploads\/2024\/11\/Ribeirao-Preto-1_2024-11-19_13-56-21_jpg_2024-11-19_13-56-21.webp.webp?fit=1200%2C756&ssl=1&resize=350%2C200 1x, https:\/\/i0.wp.com\/noticiasribeiraopreto.com.br\/wp-content\/uploads\/2024\/11\/Ribeirao-Preto-1_2024-11-19_13-56-21_jpg_2024-11-19_13-56-21.webp.webp?fit=1200%2C756&ssl=1&resize=525%2C300 1.5x, https:\/\/i0.wp.com\/noticiasribeiraopreto.com.br\/wp-content\/uploads\/2024\/11\/Ribeirao-Preto-1_2024-11-19_13-56-21_jpg_2024-11-19_13-56-21.webp.webp?fit=1200%2C756&ssl=1&resize=700%2C400 2x, https:\/\/i0.wp.com\/noticiasribeiraopreto.com.br\/wp-content\/uploads\/2024\/11\/Ribeirao-Preto-1_2024-11-19_13-56-21_jpg_2024-11-19_13-56-21.webp.webp?fit=1200%2C756&ssl=1&resize=1050%2C600 3x"},"classes":[]},{"id":58860,"url":"https:\/\/noticiasribeiraopreto.com.br\/index.php\/2024\/10\/07\/rede-de-supermercados-anuncia-chegada-a-ribeirao-preto\/","url_meta":{"origin":80990,"position":1},"title":"Rede de supermercados anuncia chegada a Ribeir\u00e3o Preto","author":"noticiasribeiraopreto.com.br","date":"7 de October de 2024","format":false,"excerpt":"A Rede de Supermercados Pague Menos, com sede em Santa B\u00e1rbara d\u2019Oeste, anunciou nesta segunda-feira (7) que vai abrir uma loja em Ribeir\u00e3o Preto. A rede conta com 36 lojas f\u00edsicas em 20 cidades do interior de S\u00e3o Paulo, principalmente nas regi\u00f5es de Piracicaba e Campinas. A rede informou que\u2026","rel":"","context":"In &quot;Not\u00edcias de Ribeir\u00e3o Preto-SP e Regi\u00e3o&quot;","block_context":{"text":"Not\u00edcias de Ribeir\u00e3o Preto-SP e Regi\u00e3o","link":"https:\/\/noticiasribeiraopreto.com.br\/index.php\/category\/noticias-de-ribeirao-preto-sp-e-regiao-ismael-colosi\/"},"img":{"alt_text":"","src":"https:\/\/i0.wp.com\/noticiasribeiraopreto.com.br\/wp-content\/uploads\/2024\/10\/shopping-1165437_1280-1.jpg?fit=1200%2C690&ssl=1&resize=350%2C200","width":350,"height":200,"srcset":"https:\/\/i0.wp.com\/noticiasribeiraopreto.com.br\/wp-content\/uploads\/2024\/10\/shopping-1165437_1280-1.jpg?fit=1200%2C690&ssl=1&resize=350%2C200 1x, https:\/\/i0.wp.com\/noticiasribeiraopreto.com.br\/wp-content\/uploads\/2024\/10\/shopping-1165437_1280-1.jpg?fit=1200%2C690&ssl=1&resize=525%2C300 1.5x, https:\/\/i0.wp.com\/noticiasribeiraopreto.com.br\/wp-content\/uploads\/2024\/10\/shopping-1165437_1280-1.jpg?fit=1200%2C690&ssl=1&resize=700%2C400 2x, https:\/\/i0.wp.com\/noticiasribeiraopreto.com.br\/wp-content\/uploads\/2024\/10\/shopping-1165437_1280-1.jpg?fit=1200%2C690&ssl=1&resize=1050%2C600 3x"},"classes":[]},{"id":59331,"url":"https:\/\/noticiasribeiraopreto.com.br\/index.php\/2024\/10\/21\/rede-de-supermercados-anuncia-contratacoes-em-ribeirao-preto\/","url_meta":{"origin":80990,"position":2},"title":"Rede de supermercados anuncia contrata\u00e7\u00f5es em Ribeir\u00e3o Preto","author":"noticiasribeiraopreto.com.br","date":"21 de October de 2024","format":false,"excerpt":"A rede de supermercados Pague Menos informou que est\u00e1 realizando um processo seletivo para contrata\u00e7\u00e3o de colaboradores para sua nova loja em Ribeir\u00e3o Preto. De acordo com a empresa, s\u00e3o cerca de 100 contrata\u00e7\u00f5es para diversos setores da loja \u2013 veja como participar abaixo. O an\u00fancio da primeira unidade da\u2026","rel":"","context":"In &quot;Not\u00edcias de Ribeir\u00e3o Preto-SP e Regi\u00e3o&quot;","block_context":{"text":"Not\u00edcias de Ribeir\u00e3o Preto-SP e Regi\u00e3o","link":"https:\/\/noticiasribeiraopreto.com.br\/index.php\/category\/noticias-de-ribeirao-preto-sp-e-regiao-ismael-colosi\/"},"img":{"alt_text":"","src":"https:\/\/i0.wp.com\/noticiasribeiraopreto.com.br\/wp-content\/uploads\/2024\/10\/supermercado.jpg?fit=1200%2C800&ssl=1&resize=350%2C200","width":350,"height":200,"srcset":"https:\/\/i0.wp.com\/noticiasribeiraopreto.com.br\/wp-content\/uploads\/2024\/10\/supermercado.jpg?fit=1200%2C800&ssl=1&resize=350%2C200 1x, https:\/\/i0.wp.com\/noticiasribeiraopreto.com.br\/wp-content\/uploads\/2024\/10\/supermercado.jpg?fit=1200%2C800&ssl=1&resize=525%2C300 1.5x, https:\/\/i0.wp.com\/noticiasribeiraopreto.com.br\/wp-content\/uploads\/2024\/10\/supermercado.jpg?fit=1200%2C800&ssl=1&resize=700%2C400 2x, https:\/\/i0.wp.com\/noticiasribeiraopreto.com.br\/wp-content\/uploads\/2024\/10\/supermercado.jpg?fit=1200%2C800&ssl=1&resize=1050%2C600 3x"},"classes":[]},{"id":59399,"url":"https:\/\/noticiasribeiraopreto.com.br\/index.php\/2024\/10\/23\/saiba-quando-sera-inaugurado-supermercado-em-shopping-de-ribeirao-preto\/","url_meta":{"origin":80990,"position":3},"title":"Saiba quando ser\u00e1 inaugurado supermercado em shopping de Ribeir\u00e3o Preto","author":"noticiasribeiraopreto.com.br","date":"23 de October de 2024","format":false,"excerpt":"A Rede Savegnago informou nesta quarta-feira (23) que a loja que ficar\u00e1 no Novo Shopping, na zona Leste de Ribeir\u00e3o Preto, ser\u00e1 inaugurada no dia 26 de novembro. A loja vai ficar onde funcionava o Carrefour e, por anos, contou com uma unidade do Walmart. A unidade no shopping foi\u2026","rel":"","context":"In &quot;Not\u00edcias de Ribeir\u00e3o Preto-SP e Regi\u00e3o&quot;","block_context":{"text":"Not\u00edcias de Ribeir\u00e3o Preto-SP e Regi\u00e3o","link":"https:\/\/noticiasribeiraopreto.com.br\/index.php\/category\/noticias-de-ribeirao-preto-sp-e-regiao-ismael-colosi\/"},"img":{"alt_text":"","src":"https:\/\/i0.wp.com\/noticiasribeiraopreto.com.br\/wp-content\/uploads\/2024\/10\/AnyConv.com__savegnago_2024-07-19_15-27-35.webp.webp?fit=1200%2C800&ssl=1&resize=350%2C200","width":350,"height":200,"srcset":"https:\/\/i0.wp.com\/noticiasribeiraopreto.com.br\/wp-content\/uploads\/2024\/10\/AnyConv.com__savegnago_2024-07-19_15-27-35.webp.webp?fit=1200%2C800&ssl=1&resize=350%2C200 1x, https:\/\/i0.wp.com\/noticiasribeiraopreto.com.br\/wp-content\/uploads\/2024\/10\/AnyConv.com__savegnago_2024-07-19_15-27-35.webp.webp?fit=1200%2C800&ssl=1&resize=525%2C300 1.5x, https:\/\/i0.wp.com\/noticiasribeiraopreto.com.br\/wp-content\/uploads\/2024\/10\/AnyConv.com__savegnago_2024-07-19_15-27-35.webp.webp?fit=1200%2C800&ssl=1&resize=700%2C400 2x, https:\/\/i0.wp.com\/noticiasribeiraopreto.com.br\/wp-content\/uploads\/2024\/10\/AnyConv.com__savegnago_2024-07-19_15-27-35.webp.webp?fit=1200%2C800&ssl=1&resize=1050%2C600 3x"},"classes":[]},{"id":58886,"url":"https:\/\/noticiasribeiraopreto.com.br\/index.php\/2024\/10\/08\/entenda-negocio-milionario-envolvendo-redes-de-supermercados-em-ribeirao-preto\/","url_meta":{"origin":80990,"position":4},"title":"Entenda neg\u00f3cio milion\u00e1rio envolvendo redes de supermercados em Ribeir\u00e3o Preto","author":"noticiasribeiraopreto.com.br","date":"8 de October de 2024","format":false,"excerpt":"A negocia\u00e7\u00e3o envolvendo o Grupo Solar, dono do supermercado Alma Julia, em Ribeir\u00e3o Preto, e a Rede de Supermercados Pague Menos, envolve uma opera\u00e7\u00e3o de investimento, chamada de DIP Financing, que conta com aporte de R$ 22 milh\u00f5es, aprovado pela Justi\u00e7a, realizado na \u00faltima segunda-feira (7). De acordo com a\u2026","rel":"","context":"In &quot;Not\u00edcias de Ribeir\u00e3o Preto-SP e Regi\u00e3o&quot;","block_context":{"text":"Not\u00edcias de Ribeir\u00e3o Preto-SP e Regi\u00e3o","link":"https:\/\/noticiasribeiraopreto.com.br\/index.php\/category\/noticias-de-ribeirao-preto-sp-e-regiao-ismael-colosi\/"},"img":{"alt_text":"","src":"https:\/\/i0.wp.com\/noticiasribeiraopreto.com.br\/wp-content\/uploads\/2024\/07\/alma-julia-ribeirao-preto_2024-07-31_15-00-40_jpg_2024-07-31_15-00-40.webp.webp?fit=1078%2C677&ssl=1&resize=350%2C200","width":350,"height":200,"srcset":"https:\/\/i0.wp.com\/noticiasribeiraopreto.com.br\/wp-content\/uploads\/2024\/07\/alma-julia-ribeirao-preto_2024-07-31_15-00-40_jpg_2024-07-31_15-00-40.webp.webp?fit=1078%2C677&ssl=1&resize=350%2C200 1x, https:\/\/i0.wp.com\/noticiasribeiraopreto.com.br\/wp-content\/uploads\/2024\/07\/alma-julia-ribeirao-preto_2024-07-31_15-00-40_jpg_2024-07-31_15-00-40.webp.webp?fit=1078%2C677&ssl=1&resize=525%2C300 1.5x, https:\/\/i0.wp.com\/noticiasribeiraopreto.com.br\/wp-content\/uploads\/2024\/07\/alma-julia-ribeirao-preto_2024-07-31_15-00-40_jpg_2024-07-31_15-00-40.webp.webp?fit=1078%2C677&ssl=1&resize=700%2C400 2x, https:\/\/i0.wp.com\/noticiasribeiraopreto.com.br\/wp-content\/uploads\/2024\/07\/alma-julia-ribeirao-preto_2024-07-31_15-00-40_jpg_2024-07-31_15-00-40.webp.webp?fit=1078%2C677&ssl=1&resize=1050%2C600 3x"},"classes":[]},{"id":42929,"url":"https:\/\/noticiasribeiraopreto.com.br\/index.php\/2024\/03\/18\/rede-anuncia-loja-de-atacadista-em-complexo-comercial-na-regiao-de-ribeirao\/","url_meta":{"origin":80990,"position":5},"title":"Rede anuncia loja de atacadista em complexo comercial na regi\u00e3o de Ribeir\u00e3o","author":"noticiasribeiraopreto.com.br","date":"18 de March de 2024","format":false,"excerpt":"A Rede Savegnago anunciou a constru\u00e7\u00e3o de uma loja do Paulist\u00e3o Atacadista em um complexo comercial ao lado da loja da Havan, em Sert\u00e3ozinho, na regi\u00e3o de Ribeir\u00e3o Preto. A expectativa \u00e9 que 150 empregos diretos sejam criados na cidade. A previs\u00e3o \u00e9 que a loja seja inaugurada ainda neste\u2026","rel":"","context":"In &quot;Not\u00edcias de Ribeir\u00e3o Preto-SP e Regi\u00e3o&quot;","block_context":{"text":"Not\u00edcias de Ribeir\u00e3o Preto-SP e Regi\u00e3o","link":"https:\/\/noticiasribeiraopreto.com.br\/index.php\/category\/noticias-de-ribeirao-preto-sp-e-regiao-ismael-colosi\/"},"img":{"alt_text":"","src":"https:\/\/i0.wp.com\/noticiasribeiraopreto.com.br\/wp-content\/uploads\/2024\/03\/AnyConv.com__paulistao-atacadista.webp.webp?fit=1200%2C900&ssl=1&resize=350%2C200","width":350,"height":200,"srcset":"https:\/\/i0.wp.com\/noticiasribeiraopreto.com.br\/wp-content\/uploads\/2024\/03\/AnyConv.com__paulistao-atacadista.webp.webp?fit=1200%2C900&ssl=1&resize=350%2C200 1x, https:\/\/i0.wp.com\/noticiasribeiraopreto.com.br\/wp-content\/uploads\/2024\/03\/AnyConv.com__paulistao-atacadista.webp.webp?fit=1200%2C900&ssl=1&resize=525%2C300 1.5x, https:\/\/i0.wp.com\/noticiasribeiraopreto.com.br\/wp-content\/uploads\/2024\/03\/AnyConv.com__paulistao-atacadista.webp.webp?fit=1200%2C900&ssl=1&resize=700%2C400 2x, https:\/\/i0.wp.com\/noticiasribeiraopreto.com.br\/wp-content\/uploads\/2024\/03\/AnyConv.com__paulistao-atacadista.webp.webp?fit=1200%2C900&ssl=1&resize=1050%2C600 3x"},"classes":[]}],"jetpack_sharing_enabled":true,"jetpack_shortlink":"https:\/\/wp.me\/peQAOb-l4i","_links":{"self":[{"href":"https:\/\/noticiasribeiraopreto.com.br\/index.php\/wp-json\/wp\/v2\/posts\/80990","targetHints":{"allow":["GET"]}}],"collection":[{"href":"https:\/\/noticiasribeiraopreto.com.br\/index.php\/wp-json\/wp\/v2\/posts"}],"about":[{"href":"https:\/\/noticiasribeiraopreto.com.br\/index.php\/wp-json\/wp\/v2\/types\/post"}],"author":[{"embeddable":true,"href":"https:\/\/noticiasribeiraopreto.com.br\/index.php\/wp-json\/wp\/v2\/users\/1"}],"replies":[{"embeddable":true,"href":"https:\/\/noticiasribeiraopreto.com.br\/index.php\/wp-json\/wp\/v2\/comments?post=80990"}],"version-history":[{"count":0,"href":"https:\/\/noticiasribeiraopreto.com.br\/index.php\/wp-json\/wp\/v2\/posts\/80990\/revisions"}],"wp:featuredmedia":[{"embeddable":true,"href":"https:\/\/noticiasribeiraopreto.com.br\/index.php\/wp-json\/wp\/v2\/media\/80991"}],"wp:attachment":[{"href":"https:\/\/noticiasribeiraopreto.com.br\/index.php\/wp-json\/wp\/v2\/media?parent=80990"}],"wp:term":[{"taxonomy":"category","embeddable":true,"href":"https:\/\/noticiasribeiraopreto.com.br\/index.php\/wp-json\/wp\/v2\/categories?post=80990"},{"taxonomy":"post_tag","embeddable":true,"href":"https:\/\/noticiasribeiraopreto.com.br\/index.php\/wp-json\/wp\/v2\/tags?post=80990"}],"curies":[{"name":"wp","href":"https:\/\/api.w.org\/{rel}","templated":true}]}}