{"id":80992,"date":"2025-12-20T06:21:32","date_gmt":"2025-12-20T09:21:32","guid":{"rendered":"https:\/\/noticiasribeiraopreto.com.br\/index.php\/2025\/12\/20\/botafogo-define-data-do-primeiro-jogo-treino-visando-a-temporada-2026\/"},"modified":"2025-12-20T06:21:32","modified_gmt":"2025-12-20T09:21:32","slug":"botafogo-define-data-do-primeiro-jogo-treino-visando-a-temporada-2026","status":"publish","type":"post","link":"https:\/\/noticiasribeiraopreto.com.br\/index.php\/2025\/12\/20\/botafogo-define-data-do-primeiro-jogo-treino-visando-a-temporada-2026\/","title":{"rendered":"Botafogo define data do primeiro jogo-treino visando a temporada 2026"},"content":{"rendered":"<div class='code-block code-block-1' style='margin: 8px 0 8px auto; text-align: right; display: block; clear: both;'>\n<p><a href=\"https:\/\/wa.link\/vpicfd\"><img data-recalc-dims=\"1\" class=\"wp-image-4922\" style=\"aspect-ratio: 2.0253164556962027; width: 561px; height: auto;\" src=\"https:\/\/i0.wp.com\/ismaelcolosi.com.br\/wp-content\/uploads\/2023\/11\/grupo-de-empregos-whatsapp-e-facebook-ismael-colosi-vagas.jpg?ssl=1\" alt=\"\" \/><\/a><\/p>\n<!-- \/wp:image -->\n<\/div>\n<p> <br \/>\n<\/p>\n<div data-td-block-uid=\"tdi_95\">\n<div class=\"tdb-block-inner td-fix-index\">\n<p>O <strong>Botafogo<\/strong> agendou para <strong>segunda-feira (22), \u00e0s 9h<\/strong>, o primeiro <strong>jogo-treino da pr\u00e9-temporada<\/strong> como parte da prepara\u00e7\u00e3o para o <strong>Campeonato Paulista<\/strong>. A atividade ser\u00e1 em <strong>Ribeir\u00e3o Preto<\/strong>, no campo anexo ao <strong>Est\u00e1dio Santa Cruz,<\/strong> contra o <strong>Gr\u00eamio S\u00e3o-Carlense<\/strong>, equipe que disputa a <strong>S\u00e9rie A4 do Estadual<\/strong>.<\/p>\n<p>O t\u00e9cnico <strong>Cl\u00e1udio Tencati<\/strong> utiliza o confronto para avaliar, pela primeira vez, o elenco formado por <strong>refor\u00e7os e jogadores remanescentes de 2025<\/strong>. O volante <strong>Mateus Sales<\/strong> n\u00e3o participa da atividade, j\u00e1 que tem apresenta\u00e7\u00e3o prevista para depois do Natal.<\/p>\n<div class=\"wp-block-image\">\n<figure class=\"aligncenter size-large\"><img data-recalc-dims=\"1\" fetchpriority=\"high\" decoding=\"async\" width=\"1024\" height=\"576\" src=\"https:\/\/i0.wp.com\/cdn.media-acidadeon.com.br\/ribeiraopreto\/wp-content\/uploads\/sites\/3\/2025\/12\/domingo-8_2025-12-19_20-02-44-1024x576.webp?resize=1024%2C576&#038;ssl=1\" alt=\"temporada botafogo\" class=\"wp-image-139938\" title=\"Botafogo define data do primeiro jogo-treino visando a temporada 2026 1\" srcset=\"https:\/\/cdn.media-acidadeon.com.br\/ribeiraopreto\/wp-content\/uploads\/sites\/3\/2025\/12\/domingo-8_2025-12-19_20-02-44-1024x576.webp 1024w, https:\/\/cdn.media-acidadeon.com.br\/ribeiraopreto\/wp-content\/uploads\/sites\/3\/2025\/12\/domingo-8_2025-12-19_20-02-44-300x169.webp 300w, https:\/\/cdn.media-acidadeon.com.br\/ribeiraopreto\/wp-content\/uploads\/sites\/3\/2025\/12\/domingo-8_2025-12-19_20-02-44-768x432.webp 768w, https:\/\/cdn.media-acidadeon.com.br\/ribeiraopreto\/wp-content\/uploads\/sites\/3\/2025\/12\/domingo-8_2025-12-19_20-02-44-696x392.webp 696w, https:\/\/cdn.media-acidadeon.com.br\/ribeiraopreto\/wp-content\/uploads\/sites\/3\/2025\/12\/domingo-8_2025-12-19_20-02-44-1068x601.webp 1068w, https:\/\/cdn.media-acidadeon.com.br\/ribeiraopreto\/wp-content\/uploads\/sites\/3\/2025\/12\/domingo-8_2025-12-19_20-02-44.webp 1200w\" sizes=\"(max-width: 1024px) 100vw, 1024px\"\/><figcaption class=\"wp-element-caption\">Jo\u00e3o Victor Cristov\u00e3o \/ Ag\u00eancia Botafogo<\/figcaption><\/figure>\n<\/div>\n<p>Antes do fim do ano, o elenco profissional deve realizar uma <strong>atividade coletiva com o time sub-20<\/strong>, que se prepara para a <strong>Copa S\u00e3o Paulo de Futebol J\u00fanior<\/strong>.<\/p>\n<h3 class=\"wp-block-heading\"><strong>Temporada 2026<\/strong><\/h3>\n<p>O <strong>Botafogo estreia no Paulist\u00e3o<\/strong> no dia <strong>11 de janeiro<\/strong>, fora de casa, contra o <strong>Velo Clube<\/strong>.<\/p>\n<figure class=\"wp-block-gallery has-nested-images columns-default is-cropped wp-block-gallery-1 is-layout-flex wp-block-gallery-is-layout-flex\">\n<figure class=\"wp-block-image size-large\"><img data-recalc-dims=\"1\" loading=\"lazy\" decoding=\"async\" width=\"1024\" height=\"576\" data-id=\"139943\" src=\"https:\/\/i0.wp.com\/cdn.media-acidadeon.com.br\/ribeiraopreto\/wp-content\/uploads\/sites\/3\/2025\/12\/domingo-10_2025-12-19_20-06-28-1024x576.webp?resize=1024%2C576&#038;ssl=1\" alt=\"domingo 10 2025 12 19 20 06 28\" class=\"wp-image-139943\" title=\"Botafogo define data do primeiro jogo-treino visando a temporada 2026 2\" srcset=\"https:\/\/cdn.media-acidadeon.com.br\/ribeiraopreto\/wp-content\/uploads\/sites\/3\/2025\/12\/domingo-10_2025-12-19_20-06-28-1024x576.webp 1024w, https:\/\/cdn.media-acidadeon.com.br\/ribeiraopreto\/wp-content\/uploads\/sites\/3\/2025\/12\/domingo-10_2025-12-19_20-06-28-300x169.webp 300w, https:\/\/cdn.media-acidadeon.com.br\/ribeiraopreto\/wp-content\/uploads\/sites\/3\/2025\/12\/domingo-10_2025-12-19_20-06-28-768x432.webp 768w, https:\/\/cdn.media-acidadeon.com.br\/ribeiraopreto\/wp-content\/uploads\/sites\/3\/2025\/12\/domingo-10_2025-12-19_20-06-28-696x392.webp 696w, https:\/\/cdn.media-acidadeon.com.br\/ribeiraopreto\/wp-content\/uploads\/sites\/3\/2025\/12\/domingo-10_2025-12-19_20-06-28-1068x601.webp 1068w, https:\/\/cdn.media-acidadeon.com.br\/ribeiraopreto\/wp-content\/uploads\/sites\/3\/2025\/12\/domingo-10_2025-12-19_20-06-28.webp 1200w\" sizes=\"auto, (max-width: 1024px) 100vw, 1024px\"\/><figcaption class=\"wp-element-caption\">Jo\u00e3o Victor Cristov\u00e3o \/ Ag\u00eancia Botafogo<\/figcaption><\/figure>\n<figure class=\"wp-block-image size-large\"><img data-recalc-dims=\"1\" loading=\"lazy\" decoding=\"async\" width=\"1024\" height=\"576\" data-id=\"139942\" src=\"https:\/\/i0.wp.com\/cdn.media-acidadeon.com.br\/ribeiraopreto\/wp-content\/uploads\/sites\/3\/2025\/12\/domingo-9_2025-12-19_20-06-26-1024x576.webp?resize=1024%2C576&#038;ssl=1\" alt=\"Jo\u00e3o Victor Cristov\u00e3o \/ Ag\u00eancia Botafogo\" class=\"wp-image-139942\" title=\"Botafogo define data do primeiro jogo-treino visando a temporada 2026 3\" srcset=\"https:\/\/cdn.media-acidadeon.com.br\/ribeiraopreto\/wp-content\/uploads\/sites\/3\/2025\/12\/domingo-9_2025-12-19_20-06-26-1024x576.webp 1024w, https:\/\/cdn.media-acidadeon.com.br\/ribeiraopreto\/wp-content\/uploads\/sites\/3\/2025\/12\/domingo-9_2025-12-19_20-06-26-300x169.webp 300w, https:\/\/cdn.media-acidadeon.com.br\/ribeiraopreto\/wp-content\/uploads\/sites\/3\/2025\/12\/domingo-9_2025-12-19_20-06-26-768x432.webp 768w, https:\/\/cdn.media-acidadeon.com.br\/ribeiraopreto\/wp-content\/uploads\/sites\/3\/2025\/12\/domingo-9_2025-12-19_20-06-26-696x392.webp 696w, https:\/\/cdn.media-acidadeon.com.br\/ribeiraopreto\/wp-content\/uploads\/sites\/3\/2025\/12\/domingo-9_2025-12-19_20-06-26-1068x601.webp 1068w, https:\/\/cdn.media-acidadeon.com.br\/ribeiraopreto\/wp-content\/uploads\/sites\/3\/2025\/12\/domingo-9_2025-12-19_20-06-26.webp 1200w\" sizes=\"auto, (max-width: 1024px) 100vw, 1024px\"\/><figcaption class=\"wp-element-caption\">Jo\u00e3o Victor Cristov\u00e3o \/ Ag\u00eancia Botafogo<\/figcaption><\/figure>\n<\/figure>\n<hr class=\"wp-block-separator has-alpha-channel-opacity\"\/>\n<p>SAIBA MAIS<br \/>Chuva no fim de semana? Veja como fica o tempo em Ribeir\u00e3o Preto<\/p>\n<h2 class=\"wp-block-heading\"><strong>FIQUE ON<\/strong><\/h2>\n<p>Fique ligado em tudo que acontece em Ribeir\u00e3o Preto e regi\u00e3o. Siga os perfis do\u00a0<strong>acidade on<\/strong>\u00a0no<a href=\"https:\/\/www.instagram.com\/acidadeonribeirao\" target=\"_blank\" rel=\"noreferrer noopener\">\u00a0Instagram\u00a0<\/a>e no\u00a0<a href=\"https:\/\/www.facebook.com\/acidadeonribeirao\/\" target=\"_blank\" rel=\"noreferrer noopener\">Facebook<\/a>.<\/p>\n<p>Receba not\u00edcias do\u00a0<strong>acidade on<\/strong>\u00a0no WhatsApp. Para entrar no grupo,\u00a0basta\u00a0<a href=\"https:\/\/chat.whatsapp.com\/GFH9HUMUTHNFJdnyEd0xxq\" target=\"_blank\" rel=\"noreferrer noopener\">clicar aqui<\/a>. Ou, acesse o nosso\u00a0Canal\u00a0<a href=\"https:\/\/whatsapp.com\/channel\/0029Vb6IQl1JENyAeS57fk2p\" target=\"_blank\" rel=\"noreferrer noopener\">clicando aqui<\/a>.<\/p>\n<p>Fa\u00e7a uma den\u00fancia ou sugira uma reportagem sobre Ribeir\u00e3o Preto e regi\u00e3o pelo WhatsApp: 16 99117 7802.<\/p>\n<p>VEJA TAMB\u00c9M<br \/>Como fazer crunch cake?<\/p>\n<p><!-- AI CONTENT END 1 -->\n<\/div>\n<\/div>\n<p><script async src=\"\/\/www.instagram.com\/embed.js\"><\/script><br \/>\n<br \/><br \/>\n<br \/><a href=\"https:\/\/www.acidadeon.com\/ribeiraopreto\/esportes\/botafogo-define-data-do-primeiro-jogo-treino-visando-a-temporada-2026\/\">Source link <\/a><\/p>\n<!-- CONTENT END 1 -->\n","protected":false},"excerpt":{"rendered":"<p>O Botafogo agendou para segunda-feira (22), \u00e0s 9h, o primeiro jogo-treino da pr\u00e9-temporada como parte da prepara\u00e7\u00e3o para o Campeonato Paulista. A atividade ser\u00e1 em&#8230;<\/p>\n","protected":false},"author":1,"featured_media":80993,"comment_status":"open","ping_status":"open","sticky":false,"template":"","format":"standard","meta":{"advanced_seo_description":"","jetpack_seo_html_title":"","jetpack_seo_noindex":false,"jetpack_post_was_ever_published":false,"_jetpack_newsletter_access":"","_jetpack_dont_email_post_to_subs":false,"_jetpack_newsletter_tier_id":0,"_jetpack_memberships_contains_paywalled_content":false,"_jetpack_memberships_contains_paid_content":false,"footnotes":"","jetpack_publicize_message":"","jetpack_publicize_feature_enabled":true,"jetpack_social_post_already_shared":true,"jetpack_social_options":{"image_generator_settings":{"template":"highway","default_image_id":0,"font":"","enabled":false},"version":2}},"categories":[11],"tags":[],"class_list":["post-80992","post","type-post","status-publish","format-standard","has-post-thumbnail","hentry","category-noticias-de-ribeirao-preto-sp-e-regiao-ismael-colosi"],"jetpack_publicize_connections":[],"jetpack_featured_media_url":"https:\/\/i0.wp.com\/noticiasribeiraopreto.com.br\/wp-content\/uploads\/2025\/12\/domingo-11_2025-12-19_20-08-09.webp.webp?fit=1200%2C675&ssl=1","jetpack-related-posts":[{"id":61582,"url":"https:\/\/noticiasribeiraopreto.com.br\/index.php\/2024\/12\/16\/com-cinco-novidades-botafogo-comeca-pre-temporada-em-ribeirao-preto\/","url_meta":{"origin":80992,"position":0},"title":"Com cinco novidades, Botafogo come\u00e7a pr\u00e9-temporada em Ribeir\u00e3o Preto","author":"noticiasribeiraopreto.com.br","date":"16 de December de 2024","format":false,"excerpt":"O Botafogo iniciou a pr\u00e9-temporada para 2025 nesta segunda-feira (16). A equipe de Ribeir\u00e3o Preto retomou aos trabalhos com 17 atletas, incluindo cinco caras novas: o zagueiro Alisson Cassiano, os volantes Jean Mangabeira e Gabriel Bispo e os atacantes Silvinho e Pablo Thomaz. Al\u00e9m deles, os outros refor\u00e7os anunciados pelo\u2026","rel":"","context":"In &quot;Not\u00edcias de Ribeir\u00e3o Preto-SP e Regi\u00e3o&quot;","block_context":{"text":"Not\u00edcias de Ribeir\u00e3o Preto-SP e Regi\u00e3o","link":"https:\/\/noticiasribeiraopreto.com.br\/index.php\/category\/noticias-de-ribeirao-preto-sp-e-regiao-ismael-colosi\/"},"img":{"alt_text":"","src":"https:\/\/i0.wp.com\/noticiasribeiraopreto.com.br\/wp-content\/uploads\/2024\/12\/marcio-zanardi_2024-12-16_21-18-19_jpg_2024-12-16_21-18-20.webp.webp?fit=1200%2C799&ssl=1&resize=350%2C200","width":350,"height":200,"srcset":"https:\/\/i0.wp.com\/noticiasribeiraopreto.com.br\/wp-content\/uploads\/2024\/12\/marcio-zanardi_2024-12-16_21-18-19_jpg_2024-12-16_21-18-20.webp.webp?fit=1200%2C799&ssl=1&resize=350%2C200 1x, https:\/\/i0.wp.com\/noticiasribeiraopreto.com.br\/wp-content\/uploads\/2024\/12\/marcio-zanardi_2024-12-16_21-18-19_jpg_2024-12-16_21-18-20.webp.webp?fit=1200%2C799&ssl=1&resize=525%2C300 1.5x, https:\/\/i0.wp.com\/noticiasribeiraopreto.com.br\/wp-content\/uploads\/2024\/12\/marcio-zanardi_2024-12-16_21-18-19_jpg_2024-12-16_21-18-20.webp.webp?fit=1200%2C799&ssl=1&resize=700%2C400 2x, https:\/\/i0.wp.com\/noticiasribeiraopreto.com.br\/wp-content\/uploads\/2024\/12\/marcio-zanardi_2024-12-16_21-18-19_jpg_2024-12-16_21-18-20.webp.webp?fit=1200%2C799&ssl=1&resize=1050%2C600 3x"},"classes":[]},{"id":60839,"url":"https:\/\/noticiasribeiraopreto.com.br\/index.php\/2024\/11\/26\/botafogo-vai-fazer-quatro-jogos-treinos-antes-da-estreia-no-campeonato-paulista\/","url_meta":{"origin":80992,"position":1},"title":"Botafogo vai fazer quatro jogos-treinos antes da estreia no Campeonato Paulista","author":"noticiasribeiraopreto.com.br","date":"26 de November de 2024","format":false,"excerpt":"O Botafogo anunciou nesta segunda-feira (25) sua programa\u00e7\u00e3o de jogos-treinos para a pr\u00e9-temporada, que ter\u00e1 in\u00edcio no dia 16 de dezembro, quando os atletas e a comiss\u00e3o t\u00e9cnica se reapresentam. A prepara\u00e7\u00e3o visa a estreia do time no Campeonato Paulista, prevista para 15 de janeiro de 2025. Confira os detalhes\u2026","rel":"","context":"In &quot;Not\u00edcias de Ribeir\u00e3o Preto-SP e Regi\u00e3o&quot;","block_context":{"text":"Not\u00edcias de Ribeir\u00e3o Preto-SP e Regi\u00e3o","link":"https:\/\/noticiasribeiraopreto.com.br\/index.php\/category\/noticias-de-ribeirao-preto-sp-e-regiao-ismael-colosi\/"},"img":{"alt_text":"","src":"https:\/\/i0.wp.com\/noticiasribeiraopreto.com.br\/wp-content\/uploads\/2024\/11\/54139634049_ab386c32e0_k_2024-11-26_22-34-47_jpg_2024-11-26_22-34-48.webp.webp?fit=1200%2C800&ssl=1&resize=350%2C200","width":350,"height":200,"srcset":"https:\/\/i0.wp.com\/noticiasribeiraopreto.com.br\/wp-content\/uploads\/2024\/11\/54139634049_ab386c32e0_k_2024-11-26_22-34-47_jpg_2024-11-26_22-34-48.webp.webp?fit=1200%2C800&ssl=1&resize=350%2C200 1x, https:\/\/i0.wp.com\/noticiasribeiraopreto.com.br\/wp-content\/uploads\/2024\/11\/54139634049_ab386c32e0_k_2024-11-26_22-34-47_jpg_2024-11-26_22-34-48.webp.webp?fit=1200%2C800&ssl=1&resize=525%2C300 1.5x, https:\/\/i0.wp.com\/noticiasribeiraopreto.com.br\/wp-content\/uploads\/2024\/11\/54139634049_ab386c32e0_k_2024-11-26_22-34-47_jpg_2024-11-26_22-34-48.webp.webp?fit=1200%2C800&ssl=1&resize=700%2C400 2x, https:\/\/i0.wp.com\/noticiasribeiraopreto.com.br\/wp-content\/uploads\/2024\/11\/54139634049_ab386c32e0_k_2024-11-26_22-34-47_jpg_2024-11-26_22-34-48.webp.webp?fit=1200%2C800&ssl=1&resize=1050%2C600 3x"},"classes":[]},{"id":80550,"url":"https:\/\/noticiasribeiraopreto.com.br\/index.php\/2025\/12\/05\/na-preparacao-para-a4-comercial-marca-jogo-treino-fora-de-casa\/","url_meta":{"origin":80992,"position":2},"title":"Na prepara\u00e7\u00e3o para A4, Comercial marca jogo-treino fora de casa","author":"noticiasribeiraopreto.com.br","date":"5 de December de 2025","format":false,"excerpt":"O Comercial enfrenta o XV de Ja\u00fa nesta sexta-feira (5), \u00e0s 10h30, fora de casa, em um jogo-treino que integra a prepara\u00e7\u00e3o para a S\u00e9rie A4 do Campeonato Paulista. O duelo marca o primeiro amistoso da pr\u00e9-temporada do Le\u00e3o do Norte. O Galo da Comarca se prepara para disputar a\u2026","rel":"","context":"In &quot;Not\u00edcias de Ribeir\u00e3o Preto-SP e Regi\u00e3o&quot;","block_context":{"text":"Not\u00edcias de Ribeir\u00e3o Preto-SP e Regi\u00e3o","link":"https:\/\/noticiasribeiraopreto.com.br\/index.php\/category\/noticias-de-ribeirao-preto-sp-e-regiao-ismael-colosi\/"},"img":{"alt_text":"","src":"https:\/\/i0.wp.com\/noticiasribeiraopreto.com.br\/wp-content\/uploads\/2025\/12\/Copia-de-Copia-de-Copia-de-TAMANHO-EXATO-PARA-FOTOS-NO-SISTEMA-NOVO-2025-12-04T160931.816_2025-12-04_19-10-07.webp.webp?fit=1200%2C675&ssl=1&resize=350%2C200","width":350,"height":200,"srcset":"https:\/\/i0.wp.com\/noticiasribeiraopreto.com.br\/wp-content\/uploads\/2025\/12\/Copia-de-Copia-de-Copia-de-TAMANHO-EXATO-PARA-FOTOS-NO-SISTEMA-NOVO-2025-12-04T160931.816_2025-12-04_19-10-07.webp.webp?fit=1200%2C675&ssl=1&resize=350%2C200 1x, https:\/\/i0.wp.com\/noticiasribeiraopreto.com.br\/wp-content\/uploads\/2025\/12\/Copia-de-Copia-de-Copia-de-TAMANHO-EXATO-PARA-FOTOS-NO-SISTEMA-NOVO-2025-12-04T160931.816_2025-12-04_19-10-07.webp.webp?fit=1200%2C675&ssl=1&resize=525%2C300 1.5x, https:\/\/i0.wp.com\/noticiasribeiraopreto.com.br\/wp-content\/uploads\/2025\/12\/Copia-de-Copia-de-Copia-de-TAMANHO-EXATO-PARA-FOTOS-NO-SISTEMA-NOVO-2025-12-04T160931.816_2025-12-04_19-10-07.webp.webp?fit=1200%2C675&ssl=1&resize=700%2C400 2x, https:\/\/i0.wp.com\/noticiasribeiraopreto.com.br\/wp-content\/uploads\/2025\/12\/Copia-de-Copia-de-Copia-de-TAMANHO-EXATO-PARA-FOTOS-NO-SISTEMA-NOVO-2025-12-04T160931.816_2025-12-04_19-10-07.webp.webp?fit=1200%2C675&ssl=1&resize=1050%2C600 3x"},"classes":[]},{"id":81074,"url":"https:\/\/noticiasribeiraopreto.com.br\/index.php\/2025\/12\/23\/botafogo-empata-jogo-treino-de-preparacao-para-o-paulistao-2026\/","url_meta":{"origin":80992,"position":3},"title":"Botafogo empata jogo-treino de prepara\u00e7\u00e3o para o Paulist\u00e3o 2026","author":"noticiasribeiraopreto.com.br","date":"23 de December de 2025","format":false,"excerpt":"O Botafogo empatou em 1 a 1 o jogo-treino contra o Gr\u00eamio S\u00e3o-Carlense, disputado na manh\u00e3 desta segunda-feira (22), em Ribeir\u00e3o Preto. O confronto aconteceu no campo anexo do est\u00e1dio Santa Cruz\/Arena Nicnet, e serviu como prepara\u00e7\u00e3o para o Campeonato Paulista 2026. O gol do Botafogo foi anotado por Marquinho,\u2026","rel":"","context":"In &quot;Not\u00edcias de Ribeir\u00e3o Preto-SP e Regi\u00e3o&quot;","block_context":{"text":"Not\u00edcias de Ribeir\u00e3o Preto-SP e Regi\u00e3o","link":"https:\/\/noticiasribeiraopreto.com.br\/index.php\/category\/noticias-de-ribeirao-preto-sp-e-regiao-ismael-colosi\/"},"img":{"alt_text":"","src":"https:\/\/i0.wp.com\/noticiasribeiraopreto.com.br\/wp-content\/uploads\/2025\/12\/botafogo-jogo-treino_2025-12-22_19-55-12.webp.webp?fit=1200%2C776&ssl=1&resize=350%2C200","width":350,"height":200,"srcset":"https:\/\/i0.wp.com\/noticiasribeiraopreto.com.br\/wp-content\/uploads\/2025\/12\/botafogo-jogo-treino_2025-12-22_19-55-12.webp.webp?fit=1200%2C776&ssl=1&resize=350%2C200 1x, https:\/\/i0.wp.com\/noticiasribeiraopreto.com.br\/wp-content\/uploads\/2025\/12\/botafogo-jogo-treino_2025-12-22_19-55-12.webp.webp?fit=1200%2C776&ssl=1&resize=525%2C300 1.5x, https:\/\/i0.wp.com\/noticiasribeiraopreto.com.br\/wp-content\/uploads\/2025\/12\/botafogo-jogo-treino_2025-12-22_19-55-12.webp.webp?fit=1200%2C776&ssl=1&resize=700%2C400 2x, https:\/\/i0.wp.com\/noticiasribeiraopreto.com.br\/wp-content\/uploads\/2025\/12\/botafogo-jogo-treino_2025-12-22_19-55-12.webp.webp?fit=1200%2C776&ssl=1&resize=1050%2C600 3x"},"classes":[]},{"id":16814,"url":"https:\/\/noticiasribeiraopreto.com.br\/index.php\/2023\/12\/16\/comercial-vence-a-matonense-em-jogo-treino\/","url_meta":{"origin":80992,"position":4},"title":"Comercial vence a Matonense em jogo-treino\u00a0\u00a0","author":"noticiasribeiraopreto.com.br","date":"16 de December de 2023","format":false,"excerpt":"16 de dezembro de 2023 | 15:0016 de dezembro de 2023 | 12:33 0O Comercial venceu o primeiro de tr\u00eas jogos-treinos que vai realizar durante a pr\u00e9-temporada. O Le\u00e3o do Norte bateu a Matonense com o placar de 1 a 0 na manh\u00e3 desta sexta-feira. O gol da vit\u00f3ria foi\u2026","rel":"","context":"In &quot;Not\u00edcias de Ribeir\u00e3o Preto-SP e Regi\u00e3o&quot;","block_context":{"text":"Not\u00edcias de Ribeir\u00e3o Preto-SP e Regi\u00e3o","link":"https:\/\/noticiasribeiraopreto.com.br\/index.php\/category\/noticias-de-ribeirao-preto-sp-e-regiao-ismael-colosi\/"},"img":{"alt_text":"","src":"https:\/\/i0.wp.com\/noticiasribeiraopreto.com.br\/wp-content\/uploads\/2023\/12\/Comercial-1-scaled.jpeg?fit=967%2C645&ssl=1&resize=350%2C200","width":350,"height":200,"srcset":"https:\/\/i0.wp.com\/noticiasribeiraopreto.com.br\/wp-content\/uploads\/2023\/12\/Comercial-1-scaled.jpeg?fit=967%2C645&ssl=1&resize=350%2C200 1x, https:\/\/i0.wp.com\/noticiasribeiraopreto.com.br\/wp-content\/uploads\/2023\/12\/Comercial-1-scaled.jpeg?fit=967%2C645&ssl=1&resize=525%2C300 1.5x, https:\/\/i0.wp.com\/noticiasribeiraopreto.com.br\/wp-content\/uploads\/2023\/12\/Comercial-1-scaled.jpeg?fit=967%2C645&ssl=1&resize=700%2C400 2x"},"classes":[]},{"id":21534,"url":"https:\/\/noticiasribeiraopreto.com.br\/index.php\/2023\/12\/27\/botafogo-inicia-pre-temporada-visando-2024\/","url_meta":{"origin":80992,"position":5},"title":"Botafogo inicia pr\u00e9-temporada visando 2024\u00a0\u00a0","author":"noticiasribeiraopreto.com.br","date":"27 de December de 2023","format":false,"excerpt":"O Botafogo iniciou oficialmente nesta ter\u00e7a-feira (26) a prepara\u00e7\u00e3o para a pr\u00f3xima temporada.\u00a0No per\u00edodo da manh\u00e3, Paulo Pelaipe, diretor de futebol do Botafogo, se reuniu com a comiss\u00e3o t\u00e9cnica e o departamento de futebol no audit\u00f3rio do Hotel Z, inaugurado em maio do ano passado.\u00a0Logo ap\u00f3s o almo\u00e7o, o novo\u2026","rel":"","context":"In &quot;Not\u00edcias de Ribeir\u00e3o Preto-SP e Regi\u00e3o&quot;","block_context":{"text":"Not\u00edcias de Ribeir\u00e3o Preto-SP e Regi\u00e3o","link":"https:\/\/noticiasribeiraopreto.com.br\/index.php\/category\/noticias-de-ribeirao-preto-sp-e-regiao-ismael-colosi\/"},"img":{"alt_text":"","src":"https:\/\/i0.wp.com\/noticiasribeiraopreto.com.br\/wp-content\/uploads\/2023\/12\/Botafogo-2-3-scaled.jpg?fit=967%2C645&ssl=1&resize=350%2C200","width":350,"height":200,"srcset":"https:\/\/i0.wp.com\/noticiasribeiraopreto.com.br\/wp-content\/uploads\/2023\/12\/Botafogo-2-3-scaled.jpg?fit=967%2C645&ssl=1&resize=350%2C200 1x, https:\/\/i0.wp.com\/noticiasribeiraopreto.com.br\/wp-content\/uploads\/2023\/12\/Botafogo-2-3-scaled.jpg?fit=967%2C645&ssl=1&resize=525%2C300 1.5x, https:\/\/i0.wp.com\/noticiasribeiraopreto.com.br\/wp-content\/uploads\/2023\/12\/Botafogo-2-3-scaled.jpg?fit=967%2C645&ssl=1&resize=700%2C400 2x"},"classes":[]}],"jetpack_sharing_enabled":true,"jetpack_shortlink":"https:\/\/wp.me\/peQAOb-l4k","_links":{"self":[{"href":"https:\/\/noticiasribeiraopreto.com.br\/index.php\/wp-json\/wp\/v2\/posts\/80992","targetHints":{"allow":["GET"]}}],"collection":[{"href":"https:\/\/noticiasribeiraopreto.com.br\/index.php\/wp-json\/wp\/v2\/posts"}],"about":[{"href":"https:\/\/noticiasribeiraopreto.com.br\/index.php\/wp-json\/wp\/v2\/types\/post"}],"author":[{"embeddable":true,"href":"https:\/\/noticiasribeiraopreto.com.br\/index.php\/wp-json\/wp\/v2\/users\/1"}],"replies":[{"embeddable":true,"href":"https:\/\/noticiasribeiraopreto.com.br\/index.php\/wp-json\/wp\/v2\/comments?post=80992"}],"version-history":[{"count":0,"href":"https:\/\/noticiasribeiraopreto.com.br\/index.php\/wp-json\/wp\/v2\/posts\/80992\/revisions"}],"wp:featuredmedia":[{"embeddable":true,"href":"https:\/\/noticiasribeiraopreto.com.br\/index.php\/wp-json\/wp\/v2\/media\/80993"}],"wp:attachment":[{"href":"https:\/\/noticiasribeiraopreto.com.br\/index.php\/wp-json\/wp\/v2\/media?parent=80992"}],"wp:term":[{"taxonomy":"category","embeddable":true,"href":"https:\/\/noticiasribeiraopreto.com.br\/index.php\/wp-json\/wp\/v2\/categories?post=80992"},{"taxonomy":"post_tag","embeddable":true,"href":"https:\/\/noticiasribeiraopreto.com.br\/index.php\/wp-json\/wp\/v2\/tags?post=80992"}],"curies":[{"name":"wp","href":"https:\/\/api.w.org\/{rel}","templated":true}]}}