{"id":80994,"date":"2025-12-20T06:28:22","date_gmt":"2025-12-20T09:28:22","guid":{"rendered":"https:\/\/noticiasribeiraopreto.com.br\/index.php\/2025\/12\/20\/ultimos-dias-do-refis-ribeirao-2025-veja-como-renegociar\/"},"modified":"2025-12-20T06:28:22","modified_gmt":"2025-12-20T09:28:22","slug":"ultimos-dias-do-refis-ribeirao-2025-veja-como-renegociar","status":"publish","type":"post","link":"https:\/\/noticiasribeiraopreto.com.br\/index.php\/2025\/12\/20\/ultimos-dias-do-refis-ribeirao-2025-veja-como-renegociar\/","title":{"rendered":"\u00daltimos dias do Refis Ribeir\u00e3o 2025; veja como renegociar"},"content":{"rendered":"<div class='code-block code-block-1' style='margin: 8px 0 8px auto; text-align: right; display: block; clear: both;'>\n<p><a href=\"https:\/\/wa.link\/vpicfd\"><img data-recalc-dims=\"1\" class=\"wp-image-4922\" style=\"aspect-ratio: 2.0253164556962027; width: 561px; height: auto;\" src=\"https:\/\/i0.wp.com\/ismaelcolosi.com.br\/wp-content\/uploads\/2023\/11\/grupo-de-empregos-whatsapp-e-facebook-ismael-colosi-vagas.jpg?ssl=1\" alt=\"\" \/><\/a><\/p>\n<!-- \/wp:image -->\n<\/div>\n<p> <br \/>\n<\/p>\n<div>\n<p>O prazo para ades\u00e3o ao <strong>Programa de Recupera\u00e7\u00e3o Fiscal Refis Ribeir\u00e3o 2025 <\/strong>entra na reta final e<strong> termina em 23 de dezembro<\/strong>. O programa j\u00e1 ultrapassa R$ 18 milh\u00f5es em renegocia\u00e7\u00f5es e contabiliza 58.706 transa\u00e7\u00f5es, segundo dados da Secretaria Municipal da Fazenda de Ribeir\u00e3o Preto.<\/p>\n<p>O Refis permite a regulariza\u00e7\u00e3o de <strong>d\u00e9bitos vencidos at\u00e9 31 de dezembro de 2024<\/strong> junto \u00e0 Prefeitura e \u00e0 Saerp. IPTU, taxas de funcionamento de empresas e ISS lideram os acordos firmados at\u00e9 o momento.<\/p>\n<div class=\"wp-block-image\">\n<figure class=\"aligncenter size-large\"><img data-recalc-dims=\"1\" fetchpriority=\"high\" decoding=\"async\" width=\"1024\" height=\"682\" src=\"https:\/\/i0.wp.com\/cdn.media-acidadeon.com.br\/ribeiraopreto\/wp-content\/uploads\/sites\/3\/2025\/12\/image_2025-12-19_19-26-45-1024x682.webp?resize=1024%2C682&#038;ssl=1\" alt=\"refis\" class=\"wp-image-139928\" title=\"\u00daltimos dias do Refis Ribeir\u00e3o 2025; veja como renegociar 1\" srcset=\"https:\/\/cdn.media-acidadeon.com.br\/ribeiraopreto\/wp-content\/uploads\/sites\/3\/2025\/12\/image_2025-12-19_19-26-45-1024x682.webp 1024w, https:\/\/cdn.media-acidadeon.com.br\/ribeiraopreto\/wp-content\/uploads\/sites\/3\/2025\/12\/image_2025-12-19_19-26-45-300x200.webp 300w, https:\/\/cdn.media-acidadeon.com.br\/ribeiraopreto\/wp-content\/uploads\/sites\/3\/2025\/12\/image_2025-12-19_19-26-45-768x511.webp 768w, https:\/\/cdn.media-acidadeon.com.br\/ribeiraopreto\/wp-content\/uploads\/sites\/3\/2025\/12\/image_2025-12-19_19-26-45-696x463.webp 696w, https:\/\/cdn.media-acidadeon.com.br\/ribeiraopreto\/wp-content\/uploads\/sites\/3\/2025\/12\/image_2025-12-19_19-26-45-1068x711.webp 1068w, https:\/\/cdn.media-acidadeon.com.br\/ribeiraopreto\/wp-content\/uploads\/sites\/3\/2025\/12\/image_2025-12-19_19-26-45.webp 1200w\" sizes=\"(max-width: 1024px) 100vw, 1024px\"\/><figcaption class=\"wp-element-caption\">Foto: Guilherme Sircili<\/figcaption><\/figure>\n<\/div>\n<h3 class=\"wp-block-heading\"><strong>Como renegociar?<\/strong><\/h3>\n<p>A ades\u00e3o ocorre de forma totalmente online pelo site \u2013 <a href=\"http:\/\/www.ribeiraopreto.sp.gov.br\/refisribeirao\" data-type=\"link\" data-id=\"http:\/\/www.ribeiraopreto.sp.gov.br\/refisribeirao\" target=\"_blank\" rel=\"noopener\">clique aqui. <\/a>O contribuinte deve acessar a plataforma, realizar o login com os dados do gov.br, consultar as d\u00edvidas e escolher a modalidade de pagamento.<\/p>\n<p>Tamb\u00e9m \u00e9 poss\u00edvel aderir ao programa de forma presencial nos seguintes locais: <\/p>\n<p><strong>Poupatempo (sem necessidade de agendamento)<\/strong><br \/>Av. Presidente Kennedy, 1500<br \/>Segunda a sexta-feira: 9h \u00e0s 15h<br \/>S\u00e1bado: 9h \u00e0s 11h<\/p>\n<p><strong>Administra\u00e7\u00f5es Regionais<\/strong><\/p>\n<p>Regional Norte\/Leste<br \/>Av. Saudade, 2282 (entrada pela Rua Aliados)<\/p>\n<p>Regional Bonfim Paulista<br \/>Rua Professor Felisberto Almada, 566<br \/>Segunda a sexta-feira: 8h30 \u00e0s 11h e das 13h30 \u00e0s 16h<\/p>\n<h3 class=\"wp-block-heading\"><strong>Quais d\u00edvidas entram no Refis?<\/strong><\/h3>\n<p>O programa contempla d\u00e9bitos tribut\u00e1rios e n\u00e3o tribut\u00e1rios, como:<\/p>\n<ul class=\"wp-block-list\">\n<li>IPTU<\/li>\n<li>ISS<\/li>\n<li>ITBI<\/li>\n<li>Taxas municipais<\/li>\n<li>Tarifas de \u00e1gua<\/li>\n<li>Coleta, afastamento e tratamento de esgoto<\/li>\n<li>Multas aplicadas pela fiscaliza\u00e7\u00e3o municipal e pela Saerp<\/li>\n<\/ul>\n<p>O pagamento \u00e0 vista garante 100% de desconto em juros e multas. <strong>O parcelamento oferece op\u00e7\u00f5es ampliadas:<\/strong><\/p>\n<ul class=\"wp-block-list\">\n<li>At\u00e9 12 parcelas: 85% de desconto<\/li>\n<li>At\u00e9 24 parcelas: 75% de desconto<\/li>\n<li>At\u00e9 36 parcelas: 65% de desconto<\/li>\n<li>At\u00e9 60 parcelas: 55% de desconto<\/li>\n<\/ul>\n<p>Para d\u00edvidas acima de R$ 500 mil, o programa oferece condi\u00e7\u00f5es espec\u00edficas:<\/p>\n<ul class=\"wp-block-list\">\n<li>\u00c0 vista: 100% de desconto<\/li>\n<li>At\u00e9 36 parcelas: 90% de desconto<\/li>\n<li>At\u00e9 60 parcelas: 80% de desconto<\/li>\n<li>At\u00e9 120 parcelas: 70% de desconto<\/li>\n<\/ul>\n<hr class=\"wp-block-separator has-alpha-channel-opacity\"\/>\n<p>SAIBA MAIS<br \/>Chuva no fim de semana? Veja como fica o tempo em Ribeir\u00e3o Preto<\/p>\n<h2 class=\"wp-block-heading\"><strong>FIQUE ON<\/strong><\/h2>\n<p>Fique ligado em tudo que acontece em Ribeir\u00e3o Preto e regi\u00e3o. Siga os perfis do\u00a0<strong>acidade on<\/strong>\u00a0no<a href=\"https:\/\/www.instagram.com\/acidadeonribeirao\" target=\"_blank\" rel=\"noreferrer noopener\">\u00a0Instagram\u00a0<\/a>e no\u00a0<a href=\"https:\/\/www.facebook.com\/acidadeonribeirao\/\" target=\"_blank\" rel=\"noreferrer noopener\">Facebook<\/a>.<\/p>\n<p>Receba not\u00edcias do\u00a0<strong>acidade on<\/strong>\u00a0no WhatsApp. Para entrar no grupo,\u00a0basta\u00a0<a href=\"https:\/\/chat.whatsapp.com\/GFH9HUMUTHNFJdnyEd0xxq\" target=\"_blank\" rel=\"noreferrer noopener\">clicar aqui<\/a>. Ou, acesse o nosso\u00a0Canal\u00a0<a href=\"https:\/\/whatsapp.com\/channel\/0029Vb6IQl1JENyAeS57fk2p\" target=\"_blank\" rel=\"noreferrer noopener\">clicando aqui<\/a>.<\/p>\n<p>Fa\u00e7a uma den\u00fancia ou sugira uma reportagem sobre Ribeir\u00e3o Preto e regi\u00e3o pelo WhatsApp: 16 99117 7802.<\/p>\n<p>VEJA TAMB\u00c9M<br \/>Como fazer crunch cake?<\/p>\n<p><!-- AI CONTENT END 1 -->\n<\/div>\n<p><script async src=\"\/\/www.instagram.com\/embed.js\"><\/script><br \/>\n<br \/><br \/>\n<br \/><a href=\"https:\/\/www.acidadeon.com\/ribeiraopreto\/politica\/ultimos-dias-do-refis-ribeirao-2025-veja-como-renegociar\/\">Source link <\/a><\/p>\n<!-- CONTENT END 1 -->\n","protected":false},"excerpt":{"rendered":"<p>O prazo para ades\u00e3o ao Programa de Recupera\u00e7\u00e3o Fiscal Refis Ribeir\u00e3o 2025 entra na reta final e termina em 23 de dezembro. O programa j\u00e1&#8230;<\/p>\n","protected":false},"author":1,"featured_media":80995,"comment_status":"open","ping_status":"open","sticky":false,"template":"","format":"standard","meta":{"advanced_seo_description":"","jetpack_seo_html_title":"","jetpack_seo_noindex":false,"jetpack_post_was_ever_published":false,"_jetpack_newsletter_access":"","_jetpack_dont_email_post_to_subs":false,"_jetpack_newsletter_tier_id":0,"_jetpack_memberships_contains_paywalled_content":false,"_jetpack_memberships_contains_paid_content":false,"footnotes":"","jetpack_publicize_message":"","jetpack_publicize_feature_enabled":true,"jetpack_social_post_already_shared":true,"jetpack_social_options":{"image_generator_settings":{"template":"highway","default_image_id":0,"font":"","enabled":false},"version":2}},"categories":[11],"tags":[],"class_list":["post-80994","post","type-post","status-publish","format-standard","has-post-thumbnail","hentry","category-noticias-de-ribeirao-preto-sp-e-regiao-ismael-colosi"],"jetpack_publicize_connections":[],"jetpack_featured_media_url":"https:\/\/i0.wp.com\/noticiasribeiraopreto.com.br\/wp-content\/uploads\/2025\/12\/poupatempo_ribeirao_1024x576_03092020171438_2025-12-19_19-33-57.webp.webp?fit=1024%2C576&ssl=1","jetpack-related-posts":[{"id":81088,"url":"https:\/\/noticiasribeiraopreto.com.br\/index.php\/2025\/12\/23\/adesao-ao-refis-termina-nesta-terca-feira\/","url_meta":{"origin":80994,"position":0},"title":"Ades\u00e3o ao Refis termina nesta ter\u00e7a-feira","author":"noticiasribeiraopreto.com.br","date":"23 de December de 2025","format":false,"excerpt":"\r \r \r 23 de dezembro de 2025 10:17 \r Compartilhar0 At\u00e9 a semana passada o Programa de Recupera\u00e7\u00e3o Fiscal da prefeitura havia renegociado um total de R$ 18 milh\u00f5es Termina nesta ter\u00e7a-feira, 23 de dezembro, o prazo para os contribuintes de Ribeir\u00e3o Preto, com d\u00edvidas tribut\u00e1rias e n\u00e3o tribut\u00e1rias,\u2026","rel":"","context":"In &quot;Not\u00edcias de Ribeir\u00e3o Preto-SP e Regi\u00e3o&quot;","block_context":{"text":"Not\u00edcias de Ribeir\u00e3o Preto-SP e Regi\u00e3o","link":"https:\/\/noticiasribeiraopreto.com.br\/index.php\/category\/noticias-de-ribeirao-preto-sp-e-regiao-ismael-colosi\/"},"img":{"alt_text":"","src":"https:\/\/i0.wp.com\/noticiasribeiraopreto.com.br\/wp-content\/uploads\/2025\/12\/1-refis.jpg?fit=960%2C640&ssl=1&resize=350%2C200","width":350,"height":200,"srcset":"https:\/\/i0.wp.com\/noticiasribeiraopreto.com.br\/wp-content\/uploads\/2025\/12\/1-refis.jpg?fit=960%2C640&ssl=1&resize=350%2C200 1x, https:\/\/i0.wp.com\/noticiasribeiraopreto.com.br\/wp-content\/uploads\/2025\/12\/1-refis.jpg?fit=960%2C640&ssl=1&resize=525%2C300 1.5x, https:\/\/i0.wp.com\/noticiasribeiraopreto.com.br\/wp-content\/uploads\/2025\/12\/1-refis.jpg?fit=960%2C640&ssl=1&resize=700%2C400 2x"},"classes":[]},{"id":75933,"url":"https:\/\/noticiasribeiraopreto.com.br\/index.php\/2025\/08\/18\/camara-de-ribeirao-aprova-programa-refis-para-renegociacao-de-dividas-municipais\/","url_meta":{"origin":80994,"position":1},"title":"C\u00e2mara de Ribeir\u00e3o aprova Programa Refis para renegocia\u00e7\u00e3o de d\u00edvidas municipais","author":"noticiasribeiraopreto.com.br","date":"18 de August de 2025","format":false,"excerpt":"A C\u00e2mara Municipal de Ribeir\u00e3o Preto aprovou, em primeira discuss\u00e3o nesta segunda-feira (18), o Programa Refis Ribeir\u00e3o, que prev\u00ea a renegocia\u00e7\u00e3o de d\u00edvidas com a Administra\u00e7\u00e3o Municipal e com a Saerp (Secretaria de \u00c1gua e Esgoto de Ribeir\u00e3o Preto). O projeto foi aprovado por 16 vereadores, com voto contr\u00e1rio apenas\u2026","rel":"","context":"In &quot;Not\u00edcias de Ribeir\u00e3o Preto-SP e Regi\u00e3o&quot;","block_context":{"text":"Not\u00edcias de Ribeir\u00e3o Preto-SP e Regi\u00e3o","link":"https:\/\/noticiasribeiraopreto.com.br\/index.php\/category\/noticias-de-ribeirao-preto-sp-e-regiao-ismael-colosi\/"},"img":{"alt_text":"","src":"https:\/\/i0.wp.com\/noticiasribeiraopreto.com.br\/wp-content\/uploads\/2025\/08\/DSC6100_0_2025-08-18_23-05-17.webp.webp?fit=1200%2C800&ssl=1&resize=350%2C200","width":350,"height":200,"srcset":"https:\/\/i0.wp.com\/noticiasribeiraopreto.com.br\/wp-content\/uploads\/2025\/08\/DSC6100_0_2025-08-18_23-05-17.webp.webp?fit=1200%2C800&ssl=1&resize=350%2C200 1x, https:\/\/i0.wp.com\/noticiasribeiraopreto.com.br\/wp-content\/uploads\/2025\/08\/DSC6100_0_2025-08-18_23-05-17.webp.webp?fit=1200%2C800&ssl=1&resize=525%2C300 1.5x, https:\/\/i0.wp.com\/noticiasribeiraopreto.com.br\/wp-content\/uploads\/2025\/08\/DSC6100_0_2025-08-18_23-05-17.webp.webp?fit=1200%2C800&ssl=1&resize=700%2C400 2x, https:\/\/i0.wp.com\/noticiasribeiraopreto.com.br\/wp-content\/uploads\/2025\/08\/DSC6100_0_2025-08-18_23-05-17.webp.webp?fit=1200%2C800&ssl=1&resize=1050%2C600 3x"},"classes":[]},{"id":75616,"url":"https:\/\/noticiasribeiraopreto.com.br\/index.php\/2025\/08\/12\/ribeirao-preto-anuncia-refis-com-parcelamento-das-dividas-em-ate-120-meses\/","url_meta":{"origin":80994,"position":2},"title":"Ribeir\u00e3o Preto anuncia Refis com parcelamento das d\u00edvidas em at\u00e9 120 meses","author":"noticiasribeiraopreto.com.br","date":"12 de August de 2025","format":false,"excerpt":"A Prefeitura de Ribeir\u00e3o Preto anunciou nesta ter\u00e7a-feira (12) o Programa Refis Ribeir\u00e3o, para renegocia\u00e7\u00e3o de d\u00edvidas junto \u00e0 Administra\u00e7\u00e3o Municipal e a Saerp (Secretaria de \u00c1gua e Esgoto de Ribeir\u00e3o Preto). O secret\u00e1rio da Fazenda Fernando Oliveira Soares estima aumentar a arrecada\u00e7\u00e3o da prefeitura em R$ 10 milh\u00f5es. De\u2026","rel":"","context":"In &quot;Not\u00edcias de Ribeir\u00e3o Preto-SP e Regi\u00e3o&quot;","block_context":{"text":"Not\u00edcias de Ribeir\u00e3o Preto-SP e Regi\u00e3o","link":"https:\/\/noticiasribeiraopreto.com.br\/index.php\/category\/noticias-de-ribeirao-preto-sp-e-regiao-ismael-colosi\/"},"img":{"alt_text":"","src":"https:\/\/i0.wp.com\/noticiasribeiraopreto.com.br\/wp-content\/uploads\/2025\/07\/prefeito-ricardo-silva_2025-07-31_20-57-54.webp.webp?fit=1200%2C800&ssl=1&resize=350%2C200","width":350,"height":200,"srcset":"https:\/\/i0.wp.com\/noticiasribeiraopreto.com.br\/wp-content\/uploads\/2025\/07\/prefeito-ricardo-silva_2025-07-31_20-57-54.webp.webp?fit=1200%2C800&ssl=1&resize=350%2C200 1x, https:\/\/i0.wp.com\/noticiasribeiraopreto.com.br\/wp-content\/uploads\/2025\/07\/prefeito-ricardo-silva_2025-07-31_20-57-54.webp.webp?fit=1200%2C800&ssl=1&resize=525%2C300 1.5x, https:\/\/i0.wp.com\/noticiasribeiraopreto.com.br\/wp-content\/uploads\/2025\/07\/prefeito-ricardo-silva_2025-07-31_20-57-54.webp.webp?fit=1200%2C800&ssl=1&resize=700%2C400 2x, https:\/\/i0.wp.com\/noticiasribeiraopreto.com.br\/wp-content\/uploads\/2025\/07\/prefeito-ricardo-silva_2025-07-31_20-57-54.webp.webp?fit=1200%2C800&ssl=1&resize=1050%2C600 3x"},"classes":[]},{"id":83226,"url":"https:\/\/noticiasribeiraopreto.com.br\/index.php\/2026\/03\/13\/refis-ribeirao-atinge-r-1262-mi\/","url_meta":{"origin":80994,"position":3},"title":"Refis Ribeir\u00e3o atinge R$ 126,2 \u2028mi","author":"noticiasribeiraopreto.com.br","date":"13 de March de 2026","format":false,"excerpt":"Refis Ribeir\u00e3o renegociou 88.584 d\u00edvidas no valor de aproximadamente R$ 126 milh\u00f5es, aponta balan\u00e7o divulgado pela Secretaria da FazendaO novo Programa de Recupera\u00e7\u00e3o Fiscal (Refis), batizado de Refis Ribeir\u00e3o, renegociou 88.584 d\u00edvidas no montante de R$ 126.274.801, entre 1\u00ba de setembro e 23 de dezembro do ano passado, segundo balan\u00e7o\u2026","rel":"","context":"In &quot;Not\u00edcias de Ribeir\u00e3o Preto-SP e Regi\u00e3o&quot;","block_context":{"text":"Not\u00edcias de Ribeir\u00e3o Preto-SP e Regi\u00e3o","link":"https:\/\/noticiasribeiraopreto.com.br\/index.php\/category\/noticias-de-ribeirao-preto-sp-e-regiao-ismael-colosi\/"},"img":{"alt_text":"","src":"https:\/\/i0.wp.com\/noticiasribeiraopreto.com.br\/wp-content\/uploads\/2026\/03\/RefisRP-Divulgacao-01-scaled.jpg?fit=1170%2C780&ssl=1&resize=350%2C200","width":350,"height":200,"srcset":"https:\/\/i0.wp.com\/noticiasribeiraopreto.com.br\/wp-content\/uploads\/2026\/03\/RefisRP-Divulgacao-01-scaled.jpg?fit=1170%2C780&ssl=1&resize=350%2C200 1x, https:\/\/i0.wp.com\/noticiasribeiraopreto.com.br\/wp-content\/uploads\/2026\/03\/RefisRP-Divulgacao-01-scaled.jpg?fit=1170%2C780&ssl=1&resize=525%2C300 1.5x, https:\/\/i0.wp.com\/noticiasribeiraopreto.com.br\/wp-content\/uploads\/2026\/03\/RefisRP-Divulgacao-01-scaled.jpg?fit=1170%2C780&ssl=1&resize=700%2C400 2x, https:\/\/i0.wp.com\/noticiasribeiraopreto.com.br\/wp-content\/uploads\/2026\/03\/RefisRP-Divulgacao-01-scaled.jpg?fit=1170%2C780&ssl=1&resize=1050%2C600 3x"},"classes":[]},{"id":75617,"url":"https:\/\/noticiasribeiraopreto.com.br\/index.php\/2025\/08\/12\/novo-refis-podera-beneficiar-mais-de-100-mil-contribuintes\/","url_meta":{"origin":80994,"position":4},"title":"Novo Refis poder\u00e1 beneficiar mais de 100 mil contribuintes","author":"noticiasribeiraopreto.com.br","date":"12 de August de 2025","format":false,"excerpt":"12 de agosto de 2025 15:384 Compartilhar0 Programa de Renegocia\u00e7\u00e3o de D\u00edvidas, lan\u00e7ado nesta ter\u00e7a-feira (12) pelo prefeito de Ribeir\u00e3o Preto, Ricardo Silva A Prefeitura de Ribeir\u00e3o Preto lan\u00e7ou, nesta ter\u00e7a-feira, 12 de agosto, o Programa de Recupera\u00e7\u00e3o Fiscal Refis Ribeir\u00e3o, voltado para devedores de tributos e taxas municipais. O\u2026","rel":"","context":"In &quot;Not\u00edcias de Ribeir\u00e3o Preto-SP e Regi\u00e3o&quot;","block_context":{"text":"Not\u00edcias de Ribeir\u00e3o Preto-SP e Regi\u00e3o","link":"https:\/\/noticiasribeiraopreto.com.br\/index.php\/category\/noticias-de-ribeirao-preto-sp-e-regiao-ismael-colosi\/"},"img":{"alt_text":"","src":"https:\/\/i0.wp.com\/noticiasribeiraopreto.com.br\/wp-content\/uploads\/2025\/08\/site_refis_1.jpg?fit=800%2C533&ssl=1&resize=350%2C200","width":350,"height":200,"srcset":"https:\/\/i0.wp.com\/noticiasribeiraopreto.com.br\/wp-content\/uploads\/2025\/08\/site_refis_1.jpg?fit=800%2C533&ssl=1&resize=350%2C200 1x, https:\/\/i0.wp.com\/noticiasribeiraopreto.com.br\/wp-content\/uploads\/2025\/08\/site_refis_1.jpg?fit=800%2C533&ssl=1&resize=525%2C300 1.5x, https:\/\/i0.wp.com\/noticiasribeiraopreto.com.br\/wp-content\/uploads\/2025\/08\/site_refis_1.jpg?fit=800%2C533&ssl=1&resize=700%2C400 2x"},"classes":[]},{"id":80868,"url":"https:\/\/noticiasribeiraopreto.com.br\/index.php\/2025\/12\/16\/refis-ribeirao-2025-entra-na-reta-final-e-ja-ultrapassa-r18-milhoes-em-renegociacoes-de-dividas\/","url_meta":{"origin":80994,"position":5},"title":"Refis Ribeir\u00e3o 2025 entra na reta final e j\u00e1 ultrapassa R$18 milh\u00f5es em renegocia\u00e7\u00f5es de d\u00edvidas","author":"noticiasribeiraopreto.com.br","date":"16 de December de 2025","format":false,"excerpt":"Balan\u00e7o parcial aponta mais de 58 mil transa\u00e7\u00f5es realizadas; ades\u00e3o ao programa segue at\u00e9 23 de dezembro A uma semana do encerramento, o Programa de Recupera\u00e7\u00e3o Fiscal Refis Ribeir\u00e3o 2025 j\u00e1 superou a marca de R$ 18 milh\u00f5es em renegocia\u00e7\u00f5es de d\u00edvidas, com 58.706 transa\u00e7\u00f5es realizadas at\u00e9 o momento. O\u2026","rel":"","context":"In &quot;Not\u00edcias de Ribeir\u00e3o Preto-SP e Regi\u00e3o&quot;","block_context":{"text":"Not\u00edcias de Ribeir\u00e3o Preto-SP e Regi\u00e3o","link":"https:\/\/noticiasribeiraopreto.com.br\/index.php\/category\/noticias-de-ribeirao-preto-sp-e-regiao-ismael-colosi\/"},"img":{"alt_text":"","src":"https:\/\/i0.wp.com\/noticiasribeiraopreto.com.br\/wp-content\/uploads\/2025\/12\/balanco_refis_-_foto_divulgacao_-scaled.jpg?fit=1170%2C780&ssl=1&resize=350%2C200","width":350,"height":200,"srcset":"https:\/\/i0.wp.com\/noticiasribeiraopreto.com.br\/wp-content\/uploads\/2025\/12\/balanco_refis_-_foto_divulgacao_-scaled.jpg?fit=1170%2C780&ssl=1&resize=350%2C200 1x, https:\/\/i0.wp.com\/noticiasribeiraopreto.com.br\/wp-content\/uploads\/2025\/12\/balanco_refis_-_foto_divulgacao_-scaled.jpg?fit=1170%2C780&ssl=1&resize=525%2C300 1.5x, https:\/\/i0.wp.com\/noticiasribeiraopreto.com.br\/wp-content\/uploads\/2025\/12\/balanco_refis_-_foto_divulgacao_-scaled.jpg?fit=1170%2C780&ssl=1&resize=700%2C400 2x, https:\/\/i0.wp.com\/noticiasribeiraopreto.com.br\/wp-content\/uploads\/2025\/12\/balanco_refis_-_foto_divulgacao_-scaled.jpg?fit=1170%2C780&ssl=1&resize=1050%2C600 3x"},"classes":[]}],"jetpack_sharing_enabled":true,"jetpack_shortlink":"https:\/\/wp.me\/peQAOb-l4m","_links":{"self":[{"href":"https:\/\/noticiasribeiraopreto.com.br\/index.php\/wp-json\/wp\/v2\/posts\/80994","targetHints":{"allow":["GET"]}}],"collection":[{"href":"https:\/\/noticiasribeiraopreto.com.br\/index.php\/wp-json\/wp\/v2\/posts"}],"about":[{"href":"https:\/\/noticiasribeiraopreto.com.br\/index.php\/wp-json\/wp\/v2\/types\/post"}],"author":[{"embeddable":true,"href":"https:\/\/noticiasribeiraopreto.com.br\/index.php\/wp-json\/wp\/v2\/users\/1"}],"replies":[{"embeddable":true,"href":"https:\/\/noticiasribeiraopreto.com.br\/index.php\/wp-json\/wp\/v2\/comments?post=80994"}],"version-history":[{"count":0,"href":"https:\/\/noticiasribeiraopreto.com.br\/index.php\/wp-json\/wp\/v2\/posts\/80994\/revisions"}],"wp:featuredmedia":[{"embeddable":true,"href":"https:\/\/noticiasribeiraopreto.com.br\/index.php\/wp-json\/wp\/v2\/media\/80995"}],"wp:attachment":[{"href":"https:\/\/noticiasribeiraopreto.com.br\/index.php\/wp-json\/wp\/v2\/media?parent=80994"}],"wp:term":[{"taxonomy":"category","embeddable":true,"href":"https:\/\/noticiasribeiraopreto.com.br\/index.php\/wp-json\/wp\/v2\/categories?post=80994"},{"taxonomy":"post_tag","embeddable":true,"href":"https:\/\/noticiasribeiraopreto.com.br\/index.php\/wp-json\/wp\/v2\/tags?post=80994"}],"curies":[{"name":"wp","href":"https:\/\/api.w.org\/{rel}","templated":true}]}}