{"id":81002,"date":"2025-12-20T06:56:09","date_gmt":"2025-12-20T09:56:09","guid":{"rendered":"https:\/\/noticiasribeiraopreto.com.br\/index.php\/2025\/12\/20\/homem-morre-baleado-em-ribeirao-preto-apos-perseguicao-policial\/"},"modified":"2025-12-20T06:56:09","modified_gmt":"2025-12-20T09:56:09","slug":"homem-morre-baleado-em-ribeirao-preto-apos-perseguicao-policial","status":"publish","type":"post","link":"https:\/\/noticiasribeiraopreto.com.br\/index.php\/2025\/12\/20\/homem-morre-baleado-em-ribeirao-preto-apos-perseguicao-policial\/","title":{"rendered":"Homem morre baleado em Ribeir\u00e3o Preto ap\u00f3s persegui\u00e7\u00e3o policial"},"content":{"rendered":"<div class='code-block code-block-1' style='margin: 8px 0 8px auto; text-align: right; display: block; clear: both;'>\n<p><a href=\"https:\/\/wa.link\/vpicfd\"><img data-recalc-dims=\"1\" class=\"wp-image-4922\" style=\"aspect-ratio: 2.0253164556962027; width: 561px; height: auto;\" src=\"https:\/\/i0.wp.com\/ismaelcolosi.com.br\/wp-content\/uploads\/2023\/11\/grupo-de-empregos-whatsapp-e-facebook-ismael-colosi-vagas.jpg?ssl=1\" alt=\"\" \/><\/a><\/p>\n<!-- \/wp:image -->\n<\/div>\n<p> <br \/>\n<\/p>\n<div data-td-block-uid=\"tdi_95\">\n<div class=\"tdb-block-inner td-fix-index\">\n<p>Um homem morreu ap\u00f3s ser baleado na comunidade da Mangueira, na <strong>zona Oeste de Ribeir\u00e3o Preto<\/strong>, na tarde desta sexta-feira (19). <strong>A identidade da v\u00edtima n\u00e3o foi divulgada.<\/strong><\/p>\n<p>Segundo a Pol\u00edcia Militar, o <strong>homem roubou um carro em Jardin\u00f3polis e fugiu em dire\u00e7\u00e3o a Ribeir\u00e3o Preto.<\/strong> Durante a persegui\u00e7\u00e3o, ele entrou na comunidade da Mangueira. Policiais relataram confronto no local, e o suspeito acabou baleado.<\/p>\n<p>O Corpo de Bombeiros foi acionado, mas a equipe constatou a morte no local.<strong> A ocorr\u00eancia segue em andamento.<\/strong><\/p>\n<hr class=\"wp-block-separator has-alpha-channel-opacity\"\/>\n<p>SAIBA MAIS<br \/>Chuva no fim de semana? Veja como fica o tempo em Ribeir\u00e3o Preto<\/p>\n<h2 class=\"wp-block-heading\"><strong>FIQUE ON<\/strong><\/h2>\n<p>Fique ligado em tudo que acontece em Ribeir\u00e3o Preto e regi\u00e3o. Siga os perfis do\u00a0<strong>acidade on<\/strong>\u00a0no<a href=\"https:\/\/www.instagram.com\/acidadeonribeirao\" target=\"_blank\" rel=\"noreferrer noopener\">\u00a0Instagram\u00a0<\/a>e no\u00a0<a href=\"https:\/\/www.facebook.com\/acidadeonribeirao\/\" target=\"_blank\" rel=\"noreferrer noopener\">Facebook<\/a>.<\/p>\n<p>Receba not\u00edcias do\u00a0<strong>acidade on<\/strong>\u00a0no WhatsApp. Para entrar no grupo,\u00a0basta\u00a0<a href=\"https:\/\/chat.whatsapp.com\/GFH9HUMUTHNFJdnyEd0xxq\" target=\"_blank\" rel=\"noreferrer noopener\">clicar aqui<\/a>. Ou, acesse o nosso\u00a0Canal\u00a0<a href=\"https:\/\/whatsapp.com\/channel\/0029Vb6IQl1JENyAeS57fk2p\" target=\"_blank\" rel=\"noreferrer noopener\">clicando aqui<\/a>.<\/p>\n<p>Fa\u00e7a uma den\u00fancia ou sugira uma reportagem sobre Ribeir\u00e3o Preto e regi\u00e3o pelo WhatsApp: 16 99117 7802.<\/p>\n<p>VEJA TAMB\u00c9M<br \/>Como fazer crunch cake?<\/p>\n<p><!-- AI CONTENT END 1 -->\n<\/div>\n<\/div>\n<p><script async src=\"\/\/www.instagram.com\/embed.js\"><\/script><br \/>\n<br \/><br \/>\n<br \/><a href=\"https:\/\/www.acidadeon.com\/ribeiraopreto\/cotidiano\/homem-morre-baleado-em-ribeirao-preto-apos-perseguicao-policial\/\">Source link <\/a><\/p>\n<!-- CONTENT END 1 -->\n","protected":false},"excerpt":{"rendered":"<p>Um homem morreu ap\u00f3s ser baleado na comunidade da Mangueira, na zona Oeste de Ribeir\u00e3o Preto, na tarde desta sexta-feira (19). A identidade da v\u00edtima&#8230;<\/p>\n","protected":false},"author":1,"featured_media":78224,"comment_status":"open","ping_status":"open","sticky":false,"template":"","format":"standard","meta":{"advanced_seo_description":"","jetpack_seo_html_title":"","jetpack_seo_noindex":false,"jetpack_post_was_ever_published":false,"_jetpack_newsletter_access":"","_jetpack_dont_email_post_to_subs":false,"_jetpack_newsletter_tier_id":0,"_jetpack_memberships_contains_paywalled_content":false,"_jetpack_memberships_contains_paid_content":false,"footnotes":"","jetpack_publicize_message":"","jetpack_publicize_feature_enabled":true,"jetpack_social_post_already_shared":true,"jetpack_social_options":{"image_generator_settings":{"template":"highway","default_image_id":0,"font":"","enabled":false},"version":2}},"categories":[11],"tags":[],"class_list":["post-81002","post","type-post","status-publish","format-standard","has-post-thumbnail","hentry","category-noticias-de-ribeirao-preto-sp-e-regiao-ismael-colosi"],"jetpack_publicize_connections":[],"jetpack_featured_media_url":"https:\/\/i0.wp.com\/noticiasribeiraopreto.com.br\/wp-content\/uploads\/2025\/10\/PM_2025-10-07_13-33-41.webp.webp?fit=1200%2C692&ssl=1","jetpack-related-posts":[{"id":55806,"url":"https:\/\/noticiasribeiraopreto.com.br\/index.php\/2024\/08\/06\/homem-morre-apos-perseguicao-policial-e-troca-de-tiros-na-regiao-de-ribeirao\/","url_meta":{"origin":81002,"position":0},"title":"Homem morre ap\u00f3s persegui\u00e7\u00e3o policial e troca de tiros na regi\u00e3o de Ribeir\u00e3o","author":"noticiasribeiraopreto.com.br","date":"6 de August de 2024","format":false,"excerpt":"*Mat\u00e9ria em atualiza\u00e7\u00e3oUm homem morreu ap\u00f3s uma persegui\u00e7\u00e3o policial e troca de tiros em Sert\u00e3ozinho, cidade na regi\u00e3o de Ribeir\u00e3o Preto, na noite desta ter\u00e7a-feira (6). De acordo com as primeiras informa\u00e7\u00f5es, a suspeita \u00e9 de que o homem teria roubado um carro em uma avenida da cidade. As equipes\u2026","rel":"","context":"In &quot;Not\u00edcias de Ribeir\u00e3o Preto-SP e Regi\u00e3o&quot;","block_context":{"text":"Not\u00edcias de Ribeir\u00e3o Preto-SP e Regi\u00e3o","link":"https:\/\/noticiasribeiraopreto.com.br\/index.php\/category\/noticias-de-ribeirao-preto-sp-e-regiao-ismael-colosi\/"},"img":{"alt_text":"","src":"https:\/\/i0.wp.com\/noticiasribeiraopreto.com.br\/wp-content\/uploads\/2024\/08\/IMG_3567_2024-08-07_01-09-49_jpeg_2024-08-07_01-09-51-scaled.webp.webp?fit=1200%2C900&ssl=1&resize=350%2C200","width":350,"height":200,"srcset":"https:\/\/i0.wp.com\/noticiasribeiraopreto.com.br\/wp-content\/uploads\/2024\/08\/IMG_3567_2024-08-07_01-09-49_jpeg_2024-08-07_01-09-51-scaled.webp.webp?fit=1200%2C900&ssl=1&resize=350%2C200 1x, https:\/\/i0.wp.com\/noticiasribeiraopreto.com.br\/wp-content\/uploads\/2024\/08\/IMG_3567_2024-08-07_01-09-49_jpeg_2024-08-07_01-09-51-scaled.webp.webp?fit=1200%2C900&ssl=1&resize=525%2C300 1.5x, https:\/\/i0.wp.com\/noticiasribeiraopreto.com.br\/wp-content\/uploads\/2024\/08\/IMG_3567_2024-08-07_01-09-49_jpeg_2024-08-07_01-09-51-scaled.webp.webp?fit=1200%2C900&ssl=1&resize=700%2C400 2x, https:\/\/i0.wp.com\/noticiasribeiraopreto.com.br\/wp-content\/uploads\/2024\/08\/IMG_3567_2024-08-07_01-09-49_jpeg_2024-08-07_01-09-51-scaled.webp.webp?fit=1200%2C900&ssl=1&resize=1050%2C600 3x"},"classes":[]},{"id":77326,"url":"https:\/\/noticiasribeiraopreto.com.br\/index.php\/2025\/09\/16\/morre-acusado-de-roubo-baleado-durante-perseguicao-policial-em-ribeirao-preto\/","url_meta":{"origin":81002,"position":1},"title":"Morre acusado de roubo baleado durante persegui\u00e7\u00e3o policial em Ribeir\u00e3o Preto","author":"noticiasribeiraopreto.com.br","date":"16 de September de 2025","format":false,"excerpt":"Um homem suspeito de participa\u00e7\u00e3o em um roubo a resid\u00eancia no estado de Minas Gerais foi morto nesta segunda-feira (15), durante persegui\u00e7\u00e3o policial a um carro na avenida Marechal Costa e Silva, zona Norte de Ribeir\u00e3o Preto. Segundo o boletim de ocorr\u00eancia (BO), Kaique Cardoso da Silva, de 19 anos,\u2026","rel":"","context":"In &quot;Not\u00edcias de Ribeir\u00e3o Preto-SP e Regi\u00e3o&quot;","block_context":{"text":"Not\u00edcias de Ribeir\u00e3o Preto-SP e Regi\u00e3o","link":"https:\/\/noticiasribeiraopreto.com.br\/index.php\/category\/noticias-de-ribeirao-preto-sp-e-regiao-ismael-colosi\/"},"img":{"alt_text":"","src":"https:\/\/i0.wp.com\/noticiasribeiraopreto.com.br\/wp-content\/uploads\/2025\/09\/perseguicao-2_2025-09-15_21-17-17.webp.webp?fit=1020%2C574&ssl=1&resize=350%2C200","width":350,"height":200,"srcset":"https:\/\/i0.wp.com\/noticiasribeiraopreto.com.br\/wp-content\/uploads\/2025\/09\/perseguicao-2_2025-09-15_21-17-17.webp.webp?fit=1020%2C574&ssl=1&resize=350%2C200 1x, https:\/\/i0.wp.com\/noticiasribeiraopreto.com.br\/wp-content\/uploads\/2025\/09\/perseguicao-2_2025-09-15_21-17-17.webp.webp?fit=1020%2C574&ssl=1&resize=525%2C300 1.5x, https:\/\/i0.wp.com\/noticiasribeiraopreto.com.br\/wp-content\/uploads\/2025\/09\/perseguicao-2_2025-09-15_21-17-17.webp.webp?fit=1020%2C574&ssl=1&resize=700%2C400 2x"},"classes":[]},{"id":24177,"url":"https:\/\/noticiasribeiraopreto.com.br\/index.php\/2024\/01\/03\/homem-e-baleado-por-policial-civil-apos-ameacar-escrivao-no-centro-de-ribeirao-1\/","url_meta":{"origin":81002,"position":2},"title":"Homem \u00e9 baleado por policial civil ap\u00f3s amea\u00e7ar escriv\u00e3o no Centro de Ribeir\u00e3o","author":"noticiasribeiraopreto.com.br","date":"3 de January de 2024","format":false,"excerpt":"Um homem foi baleado na perna por um policial civil, ap\u00f3s amea\u00e7ar um escriv\u00e3o e um pedestre com uma faca, em frente \u00e0 CPJ (Central de Pol\u00edcia Judici\u00e1ria) de Ribeir\u00e3o Preto, na rua Duque de Caxias, 1048, no Centro da cidade, na tarde desta quarta-feira (3). De acordo com as\u2026","rel":"","context":"In &quot;Not\u00edcias de Ribeir\u00e3o Preto-SP e Regi\u00e3o&quot;","block_context":{"text":"Not\u00edcias de Ribeir\u00e3o Preto-SP e Regi\u00e3o","link":"https:\/\/noticiasribeiraopreto.com.br\/index.php\/category\/noticias-de-ribeirao-preto-sp-e-regiao-ismael-colosi\/"},"img":{"alt_text":"","src":"https:\/\/i0.wp.com\/noticiasribeiraopreto.com.br\/wp-content\/uploads\/2024\/01\/catador_de_1200x675_03012024144711.jpg?fit=1200%2C675&ssl=1&resize=350%2C200","width":350,"height":200,"srcset":"https:\/\/i0.wp.com\/noticiasribeiraopreto.com.br\/wp-content\/uploads\/2024\/01\/catador_de_1200x675_03012024144711.jpg?fit=1200%2C675&ssl=1&resize=350%2C200 1x, https:\/\/i0.wp.com\/noticiasribeiraopreto.com.br\/wp-content\/uploads\/2024\/01\/catador_de_1200x675_03012024144711.jpg?fit=1200%2C675&ssl=1&resize=525%2C300 1.5x, https:\/\/i0.wp.com\/noticiasribeiraopreto.com.br\/wp-content\/uploads\/2024\/01\/catador_de_1200x675_03012024144711.jpg?fit=1200%2C675&ssl=1&resize=700%2C400 2x, https:\/\/i0.wp.com\/noticiasribeiraopreto.com.br\/wp-content\/uploads\/2024\/01\/catador_de_1200x675_03012024144711.jpg?fit=1200%2C675&ssl=1&resize=1050%2C600 3x"},"classes":[]},{"id":58136,"url":"https:\/\/noticiasribeiraopreto.com.br\/index.php\/2024\/09\/19\/homem-morre-apos-ser-baleado-em-frente-a-uma-loja-de-carros-na-regiao-de-ribeirao\/","url_meta":{"origin":81002,"position":3},"title":"Homem morre ap\u00f3s ser baleado em frente a uma loja de carros na regi\u00e3o de Ribeir\u00e3o","author":"noticiasribeiraopreto.com.br","date":"19 de September de 2024","format":false,"excerpt":"Um homem morreu ap\u00f3s ser baleado em frente a uma loja de carros na avenida Major Nic\u00e1cio em Franca, cidade na regi\u00e3o de Ribeir\u00e3o Preto, na tarde desta quinta-feira (19). De acordo com as primeiras informa\u00e7\u00f5es, os disparos teriam acertado a cabe\u00e7a e o abd\u00f4men da v\u00edtima. O SAMU (Servi\u00e7o\u2026","rel":"","context":"In &quot;Not\u00edcias de Ribeir\u00e3o Preto-SP e Regi\u00e3o&quot;","block_context":{"text":"Not\u00edcias de Ribeir\u00e3o Preto-SP e Regi\u00e3o","link":"https:\/\/noticiasribeiraopreto.com.br\/index.php\/category\/noticias-de-ribeirao-preto-sp-e-regiao-ismael-colosi\/"},"img":{"alt_text":"","src":"https:\/\/i0.wp.com\/noticiasribeiraopreto.com.br\/wp-content\/uploads\/2024\/09\/Copia-de-Copia-de-Copia-de-TAMANHO-EXATO-PARA-FOTOS-NO-SISTEMA-NOVO-59_2024-09-19_19-01-32_png_2024-09-19_19-01-32.webp.webp?fit=1200%2C675&ssl=1&resize=350%2C200","width":350,"height":200,"srcset":"https:\/\/i0.wp.com\/noticiasribeiraopreto.com.br\/wp-content\/uploads\/2024\/09\/Copia-de-Copia-de-Copia-de-TAMANHO-EXATO-PARA-FOTOS-NO-SISTEMA-NOVO-59_2024-09-19_19-01-32_png_2024-09-19_19-01-32.webp.webp?fit=1200%2C675&ssl=1&resize=350%2C200 1x, https:\/\/i0.wp.com\/noticiasribeiraopreto.com.br\/wp-content\/uploads\/2024\/09\/Copia-de-Copia-de-Copia-de-TAMANHO-EXATO-PARA-FOTOS-NO-SISTEMA-NOVO-59_2024-09-19_19-01-32_png_2024-09-19_19-01-32.webp.webp?fit=1200%2C675&ssl=1&resize=525%2C300 1.5x, https:\/\/i0.wp.com\/noticiasribeiraopreto.com.br\/wp-content\/uploads\/2024\/09\/Copia-de-Copia-de-Copia-de-TAMANHO-EXATO-PARA-FOTOS-NO-SISTEMA-NOVO-59_2024-09-19_19-01-32_png_2024-09-19_19-01-32.webp.webp?fit=1200%2C675&ssl=1&resize=700%2C400 2x, https:\/\/i0.wp.com\/noticiasribeiraopreto.com.br\/wp-content\/uploads\/2024\/09\/Copia-de-Copia-de-Copia-de-TAMANHO-EXATO-PARA-FOTOS-NO-SISTEMA-NOVO-59_2024-09-19_19-01-32_png_2024-09-19_19-01-32.webp.webp?fit=1200%2C675&ssl=1&resize=1050%2C600 3x"},"classes":[]},{"id":50817,"url":"https:\/\/noticiasribeiraopreto.com.br\/index.php\/2024\/05\/19\/homem-e-baleado-durante-confusao-em-partida-de-futebol-na-regiao-de-ribeirao-preto\/","url_meta":{"origin":81002,"position":4},"title":"Homem \u00e9 baleado durante confus\u00e3o em partida de futebol na regi\u00e3o de Ribeir\u00e3o Preto","author":"noticiasribeiraopreto.com.br","date":"19 de May de 2024","format":false,"excerpt":"Um homem foi baleado durante uma confus\u00e3o em uma partida de futebol neste s\u00e1bado (18), em C\u00e2ndido Rodrigues, cidade a aproximadamente 100 quil\u00f4metros de Ribeir\u00e3o Preto. Segundo informa\u00e7\u00f5es, a v\u00edtima teria entrado no campo para tentar intervir em uma briga entre jogadores da cidade e de Catanduva (SP), quando foi\u2026","rel":"","context":"In &quot;Not\u00edcias de Ribeir\u00e3o Preto-SP e Regi\u00e3o&quot;","block_context":{"text":"Not\u00edcias de Ribeir\u00e3o Preto-SP e Regi\u00e3o","link":"https:\/\/noticiasribeiraopreto.com.br\/index.php\/category\/noticias-de-ribeirao-preto-sp-e-regiao-ismael-colosi\/"},"img":{"alt_text":"","src":"https:\/\/i0.wp.com\/noticiasribeiraopreto.com.br\/wp-content\/uploads\/2024\/05\/BALEADO1_2024-05-19_19-04-02_jpg_2024-05-19_19-04-02.webp.webp?fit=1200%2C675&ssl=1&resize=350%2C200","width":350,"height":200,"srcset":"https:\/\/i0.wp.com\/noticiasribeiraopreto.com.br\/wp-content\/uploads\/2024\/05\/BALEADO1_2024-05-19_19-04-02_jpg_2024-05-19_19-04-02.webp.webp?fit=1200%2C675&ssl=1&resize=350%2C200 1x, https:\/\/i0.wp.com\/noticiasribeiraopreto.com.br\/wp-content\/uploads\/2024\/05\/BALEADO1_2024-05-19_19-04-02_jpg_2024-05-19_19-04-02.webp.webp?fit=1200%2C675&ssl=1&resize=525%2C300 1.5x, https:\/\/i0.wp.com\/noticiasribeiraopreto.com.br\/wp-content\/uploads\/2024\/05\/BALEADO1_2024-05-19_19-04-02_jpg_2024-05-19_19-04-02.webp.webp?fit=1200%2C675&ssl=1&resize=700%2C400 2x, https:\/\/i0.wp.com\/noticiasribeiraopreto.com.br\/wp-content\/uploads\/2024\/05\/BALEADO1_2024-05-19_19-04-02_jpg_2024-05-19_19-04-02.webp.webp?fit=1200%2C675&ssl=1&resize=1050%2C600 3x"},"classes":[]},{"id":62664,"url":"https:\/\/noticiasribeiraopreto.com.br\/index.php\/2025\/01\/21\/homem-morre-apos-ser-baleado-na-cabeca-em-forro-na-zona-oeste-de-ribeirao-preto\/","url_meta":{"origin":81002,"position":5},"title":"Homem morre ap\u00f3s ser baleado na cabe\u00e7a em forr\u00f3 na zona Oeste de Ribeir\u00e3o Preto","author":"noticiasribeiraopreto.com.br","date":"21 de January de 2025","format":false,"excerpt":"Um homem de 31 anos morreu na madrugada desta ter\u00e7a-feira (21), depois de ser baleado na cabe\u00e7a em um forr\u00f3 na zona Oeste de Ribeir\u00e3o Preto. Segundo o boletim de ocorr\u00eancia (BO), Ozildo Soares da Silva foi atingido na madrugada do \u00faltimo domingo (19), na avenida Manoel Ant\u00f4nio Dias, no\u2026","rel":"","context":"In &quot;Not\u00edcias de Ribeir\u00e3o Preto-SP e Regi\u00e3o&quot;","block_context":{"text":"Not\u00edcias de Ribeir\u00e3o Preto-SP e Regi\u00e3o","link":"https:\/\/noticiasribeiraopreto.com.br\/index.php\/category\/noticias-de-ribeirao-preto-sp-e-regiao-ismael-colosi\/"},"img":{"alt_text":"","src":"https:\/\/i0.wp.com\/noticiasribeiraopreto.com.br\/wp-content\/uploads\/2025\/01\/1737469269_20220620_114539075_policia_qru_1024x576_25052021184749_jpg_715985292.jpg?fit=1200%2C606&ssl=1&resize=350%2C200","width":350,"height":200,"srcset":"https:\/\/i0.wp.com\/noticiasribeiraopreto.com.br\/wp-content\/uploads\/2025\/01\/1737469269_20220620_114539075_policia_qru_1024x576_25052021184749_jpg_715985292.jpg?fit=1200%2C606&ssl=1&resize=350%2C200 1x, https:\/\/i0.wp.com\/noticiasribeiraopreto.com.br\/wp-content\/uploads\/2025\/01\/1737469269_20220620_114539075_policia_qru_1024x576_25052021184749_jpg_715985292.jpg?fit=1200%2C606&ssl=1&resize=525%2C300 1.5x, https:\/\/i0.wp.com\/noticiasribeiraopreto.com.br\/wp-content\/uploads\/2025\/01\/1737469269_20220620_114539075_policia_qru_1024x576_25052021184749_jpg_715985292.jpg?fit=1200%2C606&ssl=1&resize=700%2C400 2x, https:\/\/i0.wp.com\/noticiasribeiraopreto.com.br\/wp-content\/uploads\/2025\/01\/1737469269_20220620_114539075_policia_qru_1024x576_25052021184749_jpg_715985292.jpg?fit=1200%2C606&ssl=1&resize=1050%2C600 3x"},"classes":[]}],"jetpack_sharing_enabled":true,"jetpack_shortlink":"https:\/\/wp.me\/peQAOb-l4u","_links":{"self":[{"href":"https:\/\/noticiasribeiraopreto.com.br\/index.php\/wp-json\/wp\/v2\/posts\/81002","targetHints":{"allow":["GET"]}}],"collection":[{"href":"https:\/\/noticiasribeiraopreto.com.br\/index.php\/wp-json\/wp\/v2\/posts"}],"about":[{"href":"https:\/\/noticiasribeiraopreto.com.br\/index.php\/wp-json\/wp\/v2\/types\/post"}],"author":[{"embeddable":true,"href":"https:\/\/noticiasribeiraopreto.com.br\/index.php\/wp-json\/wp\/v2\/users\/1"}],"replies":[{"embeddable":true,"href":"https:\/\/noticiasribeiraopreto.com.br\/index.php\/wp-json\/wp\/v2\/comments?post=81002"}],"version-history":[{"count":0,"href":"https:\/\/noticiasribeiraopreto.com.br\/index.php\/wp-json\/wp\/v2\/posts\/81002\/revisions"}],"wp:featuredmedia":[{"embeddable":true,"href":"https:\/\/noticiasribeiraopreto.com.br\/index.php\/wp-json\/wp\/v2\/media\/78224"}],"wp:attachment":[{"href":"https:\/\/noticiasribeiraopreto.com.br\/index.php\/wp-json\/wp\/v2\/media?parent=81002"}],"wp:term":[{"taxonomy":"category","embeddable":true,"href":"https:\/\/noticiasribeiraopreto.com.br\/index.php\/wp-json\/wp\/v2\/categories?post=81002"},{"taxonomy":"post_tag","embeddable":true,"href":"https:\/\/noticiasribeiraopreto.com.br\/index.php\/wp-json\/wp\/v2\/tags?post=81002"}],"curies":[{"name":"wp","href":"https:\/\/api.w.org\/{rel}","templated":true}]}}