{"id":81003,"date":"2025-12-20T07:03:57","date_gmt":"2025-12-20T10:03:57","guid":{"rendered":"https:\/\/noticiasribeiraopreto.com.br\/index.php\/2025\/12\/20\/industria-de-alimentos-de-ribeirao-preto-anuncia-novo-ceo\/"},"modified":"2025-12-20T07:03:57","modified_gmt":"2025-12-20T10:03:57","slug":"industria-de-alimentos-de-ribeirao-preto-anuncia-novo-ceo","status":"publish","type":"post","link":"https:\/\/noticiasribeiraopreto.com.br\/index.php\/2025\/12\/20\/industria-de-alimentos-de-ribeirao-preto-anuncia-novo-ceo\/","title":{"rendered":"Ind\u00fastria de alimentos de Ribeir\u00e3o Preto anuncia novo CEO"},"content":{"rendered":"<div class='code-block code-block-1' style='margin: 8px 0 8px auto; text-align: right; display: block; clear: both;'>\n<p><a href=\"https:\/\/wa.link\/vpicfd\"><img data-recalc-dims=\"1\" class=\"wp-image-4922\" style=\"aspect-ratio: 2.0253164556962027; width: 561px; height: auto;\" src=\"https:\/\/i0.wp.com\/ismaelcolosi.com.br\/wp-content\/uploads\/2023\/11\/grupo-de-empregos-whatsapp-e-facebook-ismael-colosi-vagas.jpg?ssl=1\" alt=\"\" \/><\/a><\/p>\n<!-- \/wp:image -->\n<\/div>\n<p> <br \/>\n<\/p>\n<div data-td-block-uid=\"tdi_95\">\n<div class=\"tdb-block-inner td-fix-index\">\n<p>A Santa Helena Alimentos, com sede em Ribeir\u00e3o Preto, anunciou na \u00faltima quinta-feira (18) <strong>S\u00e9rgio Mobaier<\/strong> como seu novo <strong>CEO<\/strong>. O executivo conta com mais de 30 anos de experi\u00eancia no setor de alimentos e bens de consumo.<\/p>\n<p>A empresa afirma que o novo CEO assume a posi\u00e7\u00e3o com o desafio de dar continuidade \u00e0 estrat\u00e9gia de crescimento sustent\u00e1vel, inova\u00e7\u00e3o e fortalecimento das marcas que comp\u00f5em o portf\u00f3lio da companhia.<\/p>\n<p>Mobaier passou por empresas nacionais e multinacionais como <strong>Sadia<\/strong>, <strong>Marfrig<\/strong>, <strong>JBS\/Seara<\/strong>,<strong> BRF<\/strong>, <strong>Catupiry<\/strong> e <strong>Queijos Regina<\/strong>, nas quais teve passagem executiva e, tamb\u00e9m, como CEO.<\/p>\n<h2 class=\"wp-block-heading\"><strong>Curr\u00edculo<\/strong><\/h2>\n<p>S\u00e9rgio Mobaier \u00e9 formado em Engenharia de Alimentos pela Unicamp e possui MBAs pela USP, Funda\u00e7\u00e3o Dom Cabral e Kellogg School of Management-EUA. \u00c9 reconhecido por sua atua\u00e7\u00e3o em inova\u00e7\u00e3o, transforma\u00e7\u00e3o cultural, governan\u00e7a de resultados e desenvolvimento de equipes de alta performance.<\/p>\n<p>\u201cEle traz uma combina\u00e7\u00e3o de vis\u00e3o estrat\u00e9gica s\u00f3lida e um olhar voltado para a inova\u00e7\u00e3o que conversa exatamente com o nosso momento e ser\u00e1 essencial para seguir impulsionando o crescimento da companhia\u201d, afirma Renato Fechino, presidente do Conselho de Administra\u00e7\u00e3o da Santa Helena.<\/p>\n<p>SAIBA MAIS<br \/>Chuva no fim de semana? Veja como fica o tempo em Ribeir\u00e3o Preto<\/p>\n<h2 class=\"wp-block-heading\"><strong>FIQUE ON<\/strong><\/h2>\n<p>Fique ligado em tudo que acontece em Ribeir\u00e3o Preto e regi\u00e3o. Siga os perfis do\u00a0<strong>acidade on<\/strong>\u00a0no<a href=\"https:\/\/www.instagram.com\/acidadeonribeirao\" target=\"_blank\" rel=\"noreferrer noopener\">\u00a0Instagram\u00a0<\/a>e no\u00a0<a href=\"https:\/\/www.facebook.com\/acidadeonribeirao\/\" target=\"_blank\" rel=\"noreferrer noopener\">Facebook<\/a>.<\/p>\n<p>Receba not\u00edcias do\u00a0<strong>acidade on<\/strong>\u00a0no WhatsApp. Para entrar no grupo,\u00a0basta\u00a0<a href=\"https:\/\/chat.whatsapp.com\/GFH9HUMUTHNFJdnyEd0xxq\" target=\"_blank\" rel=\"noreferrer noopener\">clicar aqui<\/a>. Ou, acesse o nosso\u00a0Canal\u00a0<a href=\"https:\/\/whatsapp.com\/channel\/0029Vb6IQl1JENyAeS57fk2p\" target=\"_blank\" rel=\"noreferrer noopener\">clicando aqui<\/a>.<\/p>\n<p>Fa\u00e7a uma den\u00fancia ou sugira uma reportagem sobre Ribeir\u00e3o Preto e regi\u00e3o pelo WhatsApp: 16 99117 7802.<\/p>\n<p>VEJA TAMB\u00c9M<br \/>Como fazer crunch cake?<\/p>\n<p><!-- AI CONTENT END 1 -->\n<\/div>\n<\/div>\n<p><script async src=\"\/\/www.instagram.com\/embed.js\"><\/script><br \/>\n<br \/><br \/>\n<br \/><a href=\"https:\/\/www.acidadeon.com\/ribeiraopreto\/economia\/industria-de-alimentos-de-ribeirao-preto-anuncia-novo-ceo\/\">Source link <\/a><\/p>\n<!-- CONTENT END 1 -->\n","protected":false},"excerpt":{"rendered":"<p>A Santa Helena Alimentos, com sede em Ribeir\u00e3o Preto, anunciou na \u00faltima quinta-feira (18) S\u00e9rgio Mobaier como seu novo CEO. O executivo conta com mais&#8230;<\/p>\n","protected":false},"author":1,"featured_media":81004,"comment_status":"open","ping_status":"open","sticky":false,"template":"","format":"standard","meta":{"advanced_seo_description":"","jetpack_seo_html_title":"","jetpack_seo_noindex":false,"jetpack_post_was_ever_published":false,"_jetpack_newsletter_access":"","_jetpack_dont_email_post_to_subs":false,"_jetpack_newsletter_tier_id":0,"_jetpack_memberships_contains_paywalled_content":false,"_jetpack_memberships_contains_paid_content":false,"footnotes":"","jetpack_publicize_message":"","jetpack_publicize_feature_enabled":true,"jetpack_social_post_already_shared":true,"jetpack_social_options":{"image_generator_settings":{"template":"highway","default_image_id":0,"font":"","enabled":false},"version":2}},"categories":[11],"tags":[],"class_list":["post-81003","post","type-post","status-publish","format-standard","has-post-thumbnail","hentry","category-noticias-de-ribeirao-preto-sp-e-regiao-ismael-colosi"],"jetpack_publicize_connections":[],"jetpack_featured_media_url":"https:\/\/i0.wp.com\/noticiasribeiraopreto.com.br\/wp-content\/uploads\/2025\/12\/sergio-Mobaier_2025-12-19_16-26-53.webp.webp?fit=1200%2C674&ssl=1","jetpack-related-posts":[{"id":67708,"url":"https:\/\/noticiasribeiraopreto.com.br\/index.php\/2025\/04\/17\/funcionarias-sao-presas-por-furto-de-alimentos-em-escola-de-ribeirao-preto\/","url_meta":{"origin":81003,"position":0},"title":"Funcion\u00e1rias s\u00e3o presas por furto de alimentos em escola de Ribeir\u00e3o Preto","author":"noticiasribeiraopreto.com.br","date":"17 de April de 2025","format":false,"excerpt":"Duas funcion\u00e1rias terceirizadas foram presas na noite desta quarta-feira (16), suspeitas de furto de alimentos na Escola Estadual C\u00f4nego Barros, no Centro de Ribeir\u00e3o Preto. Segundo o boletim de ocorr\u00eancia (BO), os alimentos, como arroz, a\u00e7\u00facar, frango, biscoitos, leite em p\u00f3, entre outros, tinham sido colocados em sacos de lixo.\u2026","rel":"","context":"In &quot;Not\u00edcias de Ribeir\u00e3o Preto-SP e Regi\u00e3o&quot;","block_context":{"text":"Not\u00edcias de Ribeir\u00e3o Preto-SP e Regi\u00e3o","link":"https:\/\/noticiasribeiraopreto.com.br\/index.php\/category\/noticias-de-ribeirao-preto-sp-e-regiao-ismael-colosi\/"},"img":{"alt_text":"","src":"https:\/\/i0.wp.com\/noticiasribeiraopreto.com.br\/wp-content\/uploads\/2025\/04\/ESCOLA_2025-04-17_14-23-53.webp.webp?fit=1200%2C680&ssl=1&resize=350%2C200","width":350,"height":200,"srcset":"https:\/\/i0.wp.com\/noticiasribeiraopreto.com.br\/wp-content\/uploads\/2025\/04\/ESCOLA_2025-04-17_14-23-53.webp.webp?fit=1200%2C680&ssl=1&resize=350%2C200 1x, https:\/\/i0.wp.com\/noticiasribeiraopreto.com.br\/wp-content\/uploads\/2025\/04\/ESCOLA_2025-04-17_14-23-53.webp.webp?fit=1200%2C680&ssl=1&resize=525%2C300 1.5x, https:\/\/i0.wp.com\/noticiasribeiraopreto.com.br\/wp-content\/uploads\/2025\/04\/ESCOLA_2025-04-17_14-23-53.webp.webp?fit=1200%2C680&ssl=1&resize=700%2C400 2x, https:\/\/i0.wp.com\/noticiasribeiraopreto.com.br\/wp-content\/uploads\/2025\/04\/ESCOLA_2025-04-17_14-23-53.webp.webp?fit=1200%2C680&ssl=1&resize=1050%2C600 3x"},"classes":[]},{"id":62149,"url":"https:\/\/noticiasribeiraopreto.com.br\/index.php\/2025\/01\/05\/empresa-do-setor-de-alimentos-oferece-220-vagas-em-ribeirao-veja-como-se-candidatar\/","url_meta":{"origin":81003,"position":1},"title":"Empresa do setor de alimentos oferece 220 vagas em Ribeir\u00e3o; Veja como se candidatar","author":"noticiasribeiraopreto.com.br","date":"5 de January de 2025","format":false,"excerpt":"Quer come\u00e7ar 2025 com emprego novo? O Grupo Santa Helena, empresa do setor aliment\u00edcio, est\u00e1 com 220 oportunidades de in\u00edcio imediato em Ribeir\u00e3o Preto, na \u00e1rea de produ\u00e7\u00e3o. De acordo com a empresa, as vagas dispon\u00edveis tem o objetivo de atender \u00e0 demanda do ver\u00e3o e se preparar para a\u2026","rel":"","context":"In &quot;Not\u00edcias de Ribeir\u00e3o Preto-SP e Regi\u00e3o&quot;","block_context":{"text":"Not\u00edcias de Ribeir\u00e3o Preto-SP e Regi\u00e3o","link":"https:\/\/noticiasribeiraopreto.com.br\/index.php\/category\/noticias-de-ribeirao-preto-sp-e-regiao-ismael-colosi\/"},"img":{"alt_text":"","src":"https:\/\/i0.wp.com\/noticiasribeiraopreto.com.br\/wp-content\/uploads\/2024\/04\/AnyConv.com__trabalho_carteira_digital_-_foto_guilherme_sircili_3004.webp.webp?fit=1200%2C799&ssl=1&resize=350%2C200","width":350,"height":200,"srcset":"https:\/\/i0.wp.com\/noticiasribeiraopreto.com.br\/wp-content\/uploads\/2024\/04\/AnyConv.com__trabalho_carteira_digital_-_foto_guilherme_sircili_3004.webp.webp?fit=1200%2C799&ssl=1&resize=350%2C200 1x, https:\/\/i0.wp.com\/noticiasribeiraopreto.com.br\/wp-content\/uploads\/2024\/04\/AnyConv.com__trabalho_carteira_digital_-_foto_guilherme_sircili_3004.webp.webp?fit=1200%2C799&ssl=1&resize=525%2C300 1.5x, https:\/\/i0.wp.com\/noticiasribeiraopreto.com.br\/wp-content\/uploads\/2024\/04\/AnyConv.com__trabalho_carteira_digital_-_foto_guilherme_sircili_3004.webp.webp?fit=1200%2C799&ssl=1&resize=700%2C400 2x, https:\/\/i0.wp.com\/noticiasribeiraopreto.com.br\/wp-content\/uploads\/2024\/04\/AnyConv.com__trabalho_carteira_digital_-_foto_guilherme_sircili_3004.webp.webp?fit=1200%2C799&ssl=1&resize=1050%2C600 3x"},"classes":[]},{"id":36336,"url":"https:\/\/noticiasribeiraopreto.com.br\/index.php\/2024\/02\/09\/necta-gas-tem-novo-ceo-em-2024\/","url_meta":{"origin":81003,"position":2},"title":"Necta G\u00e1s tem novo CEO em 2024","author":"noticiasribeiraopreto.com.br","date":"9 de February de 2024","format":false,"excerpt":"9 de fevereiro de 2024 | 10:20 0A Necta G\u00e1s recebe com entusiasmo seu novo CEO para o ano de 2024: Jos\u00e9 Eduardo Moreira. Com uma s\u00f3lida forma\u00e7\u00e3o em Direito e enriquecido por um MBA em Gest\u00e3o de Projetos pela FIA e em Gest\u00e3o Empresarial pela FGV, Moreira traz consigo\u2026","rel":"","context":"In &quot;Not\u00edcias de Ribeir\u00e3o Preto-SP e Regi\u00e3o&quot;","block_context":{"text":"Not\u00edcias de Ribeir\u00e3o Preto-SP e Regi\u00e3o","link":"https:\/\/noticiasribeiraopreto.com.br\/index.php\/category\/noticias-de-ribeirao-preto-sp-e-regiao-ismael-colosi\/"},"img":{"alt_text":"","src":"https:\/\/i0.wp.com\/noticiasribeiraopreto.com.br\/wp-content\/uploads\/2024\/02\/Jose-Eduardo-Moreira-CEO-da-Necta-Gas-scaled.jpg?fit=979%2C645&ssl=1&resize=350%2C200","width":350,"height":200,"srcset":"https:\/\/i0.wp.com\/noticiasribeiraopreto.com.br\/wp-content\/uploads\/2024\/02\/Jose-Eduardo-Moreira-CEO-da-Necta-Gas-scaled.jpg?fit=979%2C645&ssl=1&resize=350%2C200 1x, https:\/\/i0.wp.com\/noticiasribeiraopreto.com.br\/wp-content\/uploads\/2024\/02\/Jose-Eduardo-Moreira-CEO-da-Necta-Gas-scaled.jpg?fit=979%2C645&ssl=1&resize=525%2C300 1.5x, https:\/\/i0.wp.com\/noticiasribeiraopreto.com.br\/wp-content\/uploads\/2024\/02\/Jose-Eduardo-Moreira-CEO-da-Necta-Gas-scaled.jpg?fit=979%2C645&ssl=1&resize=700%2C400 2x"},"classes":[]},{"id":53339,"url":"https:\/\/noticiasribeiraopreto.com.br\/index.php\/2024\/06\/19\/fabrica-de-alimentos-pega-fogo-na-regiao-de-ribeirao-preto-veja-o-video\/","url_meta":{"origin":81003,"position":3},"title":"F\u00e1brica de alimentos pega fogo na regi\u00e3o de Ribeir\u00e3o Preto; Veja o v\u00eddeo","author":"noticiasribeiraopreto.com.br","date":"19 de June de 2024","format":false,"excerpt":"Uma f\u00e1brica da Fugini pegou fogo, na tarde desta ter\u00e7a-feira (18), em Monte Alto, cidade na regi\u00e3o de Ribeir\u00e3o Preto. O local fica na avenida Fugita, no Jardim Novo Para\u00edso. De acordo com as informa\u00e7\u00f5es do Corpo de Bombeiros do munic\u00edpio, o fogo come\u00e7ou na parte interna da f\u00e1brica de\u2026","rel":"","context":"In &quot;Not\u00edcias de Ribeir\u00e3o Preto-SP e Regi\u00e3o&quot;","block_context":{"text":"Not\u00edcias de Ribeir\u00e3o Preto-SP e Regi\u00e3o","link":"https:\/\/noticiasribeiraopreto.com.br\/index.php\/category\/noticias-de-ribeirao-preto-sp-e-regiao-ismael-colosi\/"},"img":{"alt_text":"","src":"https:\/\/i0.wp.com\/noticiasribeiraopreto.com.br\/wp-content\/uploads\/2024\/06\/Copia-de-Copia-de-TAMANHO-EXATO-PARA-FOTOS-NO-SISTEMA-NOVO-82_2024-06-18_19-01-15_png_2024-06-18_19-01-15.webp.webp?fit=1200%2C675&ssl=1&resize=350%2C200","width":350,"height":200,"srcset":"https:\/\/i0.wp.com\/noticiasribeiraopreto.com.br\/wp-content\/uploads\/2024\/06\/Copia-de-Copia-de-TAMANHO-EXATO-PARA-FOTOS-NO-SISTEMA-NOVO-82_2024-06-18_19-01-15_png_2024-06-18_19-01-15.webp.webp?fit=1200%2C675&ssl=1&resize=350%2C200 1x, https:\/\/i0.wp.com\/noticiasribeiraopreto.com.br\/wp-content\/uploads\/2024\/06\/Copia-de-Copia-de-TAMANHO-EXATO-PARA-FOTOS-NO-SISTEMA-NOVO-82_2024-06-18_19-01-15_png_2024-06-18_19-01-15.webp.webp?fit=1200%2C675&ssl=1&resize=525%2C300 1.5x, https:\/\/i0.wp.com\/noticiasribeiraopreto.com.br\/wp-content\/uploads\/2024\/06\/Copia-de-Copia-de-TAMANHO-EXATO-PARA-FOTOS-NO-SISTEMA-NOVO-82_2024-06-18_19-01-15_png_2024-06-18_19-01-15.webp.webp?fit=1200%2C675&ssl=1&resize=700%2C400 2x, https:\/\/i0.wp.com\/noticiasribeiraopreto.com.br\/wp-content\/uploads\/2024\/06\/Copia-de-Copia-de-TAMANHO-EXATO-PARA-FOTOS-NO-SISTEMA-NOVO-82_2024-06-18_19-01-15_png_2024-06-18_19-01-15.webp.webp?fit=1200%2C675&ssl=1&resize=1050%2C600 3x"},"classes":[]},{"id":48775,"url":"https:\/\/noticiasribeiraopreto.com.br\/index.php\/2024\/05\/06\/ribeirao-preto-tem-novos-postos-de-arrecadacao-para-vitimas-das-enchentes-no-rs-veja-locais\/","url_meta":{"origin":81003,"position":4},"title":"Ribeir\u00e3o Preto tem novos postos de arrecada\u00e7\u00e3o para v\u00edtimas das enchentes no RS; Veja locais","author":"noticiasribeiraopreto.com.br","date":"6 de May de 2024","format":false,"excerpt":"Ribeir\u00e3o Preto tem novos postos de arrecada\u00e7\u00e3o para as v\u00edtimas das enchentes no Rio Grande do Sul. Os interessados podem procurar a Pol\u00edcia Civil ou a C\u00e2mara Municipal do munic\u00edpio para prestar apoio \u2013 confira todos os pontos abaixo. De acordo com o boletim divulgado pela Defesa Civil na tarde\u2026","rel":"","context":"In &quot;Not\u00edcias de Ribeir\u00e3o Preto-SP e Regi\u00e3o&quot;","block_context":{"text":"Not\u00edcias de Ribeir\u00e3o Preto-SP e Regi\u00e3o","link":"https:\/\/noticiasribeiraopreto.com.br\/index.php\/category\/noticias-de-ribeirao-preto-sp-e-regiao-ismael-colosi\/"},"img":{"alt_text":"","src":"https:\/\/i0.wp.com\/noticiasribeiraopreto.com.br\/wp-content\/uploads\/2024\/05\/AnyConv.com__1f01317a-605f-43e5-9d8d-43f9e0c8c90c_2024-05-06_18-15-54.webp.webp?fit=768%2C512&ssl=1&resize=350%2C200","width":350,"height":200,"srcset":"https:\/\/i0.wp.com\/noticiasribeiraopreto.com.br\/wp-content\/uploads\/2024\/05\/AnyConv.com__1f01317a-605f-43e5-9d8d-43f9e0c8c90c_2024-05-06_18-15-54.webp.webp?fit=768%2C512&ssl=1&resize=350%2C200 1x, https:\/\/i0.wp.com\/noticiasribeiraopreto.com.br\/wp-content\/uploads\/2024\/05\/AnyConv.com__1f01317a-605f-43e5-9d8d-43f9e0c8c90c_2024-05-06_18-15-54.webp.webp?fit=768%2C512&ssl=1&resize=525%2C300 1.5x, https:\/\/i0.wp.com\/noticiasribeiraopreto.com.br\/wp-content\/uploads\/2024\/05\/AnyConv.com__1f01317a-605f-43e5-9d8d-43f9e0c8c90c_2024-05-06_18-15-54.webp.webp?fit=768%2C512&ssl=1&resize=700%2C400 2x"},"classes":[]},{"id":61857,"url":"https:\/\/noticiasribeiraopreto.com.br\/index.php\/2024\/12\/25\/funcionarios-da-rede-municipal-de-saude-em-ribeirao-ficam-sem-comida-na-noite-de-natal-entenda-o-motivo\/","url_meta":{"origin":81003,"position":5},"title":"Funcion\u00e1rios da rede municipal de Sa\u00fade em Ribeir\u00e3o ficam sem comida na noite de Natal; Entenda o motivo","author":"noticiasribeiraopreto.com.br","date":"25 de December de 2024","format":false,"excerpt":"Servidores das UPAs de Ribeir\u00e3o Preto ficaram sem receber a comida no plant\u00e3o da noite de Natal, nesta ter\u00e7a-feira (24). A Secretaria Municipal da Sa\u00fade de Ribeir\u00e3o informou, por meio de nota, que a empresa contratada ap\u00f3s licita\u00e7\u00e3o para fornecer a ceia de Natal nas UPAs e outras unidades administradas\u2026","rel":"","context":"In &quot;Not\u00edcias de Ribeir\u00e3o Preto-SP e Regi\u00e3o&quot;","block_context":{"text":"Not\u00edcias de Ribeir\u00e3o Preto-SP e Regi\u00e3o","link":"https:\/\/noticiasribeiraopreto.com.br\/index.php\/category\/noticias-de-ribeirao-preto-sp-e-regiao-ismael-colosi\/"},"img":{"alt_text":"","src":"https:\/\/i0.wp.com\/noticiasribeiraopreto.com.br\/wp-content\/uploads\/2024\/12\/upa_oeste_1024x576_04112020114329.jpg?fit=1024%2C575&ssl=1&resize=350%2C200","width":350,"height":200,"srcset":"https:\/\/i0.wp.com\/noticiasribeiraopreto.com.br\/wp-content\/uploads\/2024\/12\/upa_oeste_1024x576_04112020114329.jpg?fit=1024%2C575&ssl=1&resize=350%2C200 1x, https:\/\/i0.wp.com\/noticiasribeiraopreto.com.br\/wp-content\/uploads\/2024\/12\/upa_oeste_1024x576_04112020114329.jpg?fit=1024%2C575&ssl=1&resize=525%2C300 1.5x, https:\/\/i0.wp.com\/noticiasribeiraopreto.com.br\/wp-content\/uploads\/2024\/12\/upa_oeste_1024x576_04112020114329.jpg?fit=1024%2C575&ssl=1&resize=700%2C400 2x"},"classes":[]}],"jetpack_sharing_enabled":true,"jetpack_shortlink":"https:\/\/wp.me\/peQAOb-l4v","_links":{"self":[{"href":"https:\/\/noticiasribeiraopreto.com.br\/index.php\/wp-json\/wp\/v2\/posts\/81003","targetHints":{"allow":["GET"]}}],"collection":[{"href":"https:\/\/noticiasribeiraopreto.com.br\/index.php\/wp-json\/wp\/v2\/posts"}],"about":[{"href":"https:\/\/noticiasribeiraopreto.com.br\/index.php\/wp-json\/wp\/v2\/types\/post"}],"author":[{"embeddable":true,"href":"https:\/\/noticiasribeiraopreto.com.br\/index.php\/wp-json\/wp\/v2\/users\/1"}],"replies":[{"embeddable":true,"href":"https:\/\/noticiasribeiraopreto.com.br\/index.php\/wp-json\/wp\/v2\/comments?post=81003"}],"version-history":[{"count":0,"href":"https:\/\/noticiasribeiraopreto.com.br\/index.php\/wp-json\/wp\/v2\/posts\/81003\/revisions"}],"wp:featuredmedia":[{"embeddable":true,"href":"https:\/\/noticiasribeiraopreto.com.br\/index.php\/wp-json\/wp\/v2\/media\/81004"}],"wp:attachment":[{"href":"https:\/\/noticiasribeiraopreto.com.br\/index.php\/wp-json\/wp\/v2\/media?parent=81003"}],"wp:term":[{"taxonomy":"category","embeddable":true,"href":"https:\/\/noticiasribeiraopreto.com.br\/index.php\/wp-json\/wp\/v2\/categories?post=81003"},{"taxonomy":"post_tag","embeddable":true,"href":"https:\/\/noticiasribeiraopreto.com.br\/index.php\/wp-json\/wp\/v2\/tags?post=81003"}],"curies":[{"name":"wp","href":"https:\/\/api.w.org\/{rel}","templated":true}]}}