{"id":81011,"date":"2025-12-21T06:04:28","date_gmt":"2025-12-21T09:04:28","guid":{"rendered":"https:\/\/noticiasribeiraopreto.com.br\/index.php\/2025\/12\/21\/festa-sem-ruido-o-dilema-dos-fogos-de-artificio-em-condominios\/"},"modified":"2025-12-21T06:04:28","modified_gmt":"2025-12-21T09:04:28","slug":"festa-sem-ruido-o-dilema-dos-fogos-de-artificio-em-condominios","status":"publish","type":"post","link":"https:\/\/noticiasribeiraopreto.com.br\/index.php\/2025\/12\/21\/festa-sem-ruido-o-dilema-dos-fogos-de-artificio-em-condominios\/","title":{"rendered":"Festa sem Ru\u00eddo? O Dilema dos Fogos de Artif\u00edcio em Condom\u00ednios"},"content":{"rendered":"<div class='code-block code-block-1' style='margin: 8px 0 8px auto; text-align: right; display: block; clear: both;'>\n<p><a href=\"https:\/\/wa.link\/vpicfd\"><img data-recalc-dims=\"1\" class=\"wp-image-4922\" style=\"aspect-ratio: 2.0253164556962027; width: 561px; height: auto;\" src=\"https:\/\/i0.wp.com\/ismaelcolosi.com.br\/wp-content\/uploads\/2023\/11\/grupo-de-empregos-whatsapp-e-facebook-ismael-colosi-vagas.jpg?ssl=1\" alt=\"\" \/><\/a><\/p>\n<!-- \/wp:image -->\n<\/div>\n<p> <br \/>\n<\/p>\n<div>\n<p>A chegada de datas festivas, como o<strong> R\u00e9veillon<\/strong>, sempre traz \u00e0 tona um conflito cr\u00f4nico no universo condominial: a soltura de fogos de artif\u00edcio. Se, por um lado, a pr\u00e1tica \u00e9 vista por muitos como uma tradi\u00e7\u00e3o de celebra\u00e7\u00e3o, por outro, ela colide frontalmente com a legisla\u00e7\u00e3o mais recente, as normas internas de seguran\u00e7a e, sobretudo, o direito fundamental \u00e0 tranquilidade e ao bem-estar, especialmente de grupos mais vulner\u00e1veis.<\/p>\n<p>Longe de ser uma mera quest\u00e3o de inc\u00f4modo, o debate sobre fogos em condom\u00ednios migrou definitivamente para a esfera legal e de sa\u00fade p\u00fablica. Hoje, o s\u00edndico, <mark style=\"background-color:#fcb900\" class=\"has-inline-color has-black-color\">o cond\u00f4mino e o morador precisam navegar por um complexo emaranhado de regras que priorizam a seguran\u00e7a e o sil\u00eancio.<\/mark><\/p>\n<p>A legisla\u00e7\u00e3o que trata da comercializa\u00e7\u00e3o e uso de fogos de artif\u00edcio ruidosos constitui o primeiro e mais relevante ponto de inflex\u00e3o na busca por uma conviv\u00eancia social mais segura e inclusiva. Diversas unidades da federa\u00e7\u00e3o e munic\u00edpios j\u00e1 adotaram normas restritivas, proibindo a queima e a soltura desses artefatos. No estado de S\u00e3o Paulo, por exemplo, a <strong><a href=\"https:\/\/www.al.sp.gov.br\/repositorio\/legislacao\/lei\/2021\/lei-17389-28.07.2021.html#:~:text=Disp%C3%B5e%20sobre%20a%20queima%2C%20a,Paulo%20e%20d%C3%A1%20outras%20provid%C3%AAncias\" data-type=\"link\" data-id=\"https:\/\/www.al.sp.gov.br\/repositorio\/legislacao\/lei\/2021\/lei-17389-28.07.2021.html#:~:text=Disp%C3%B5e%20sobre%20a%20queima%2C%20a,Paulo%20e%20d%C3%A1%20outras%20provid%C3%AAncias\" target=\"_blank\" rel=\"noopener\">Lei n\u00ba 17.389\/2020<\/a><\/strong>, que alterou a Lei n\u00ba 16.897\/2018, representa um marco importante ao estabelecer limites claros: <mark style=\"background-color:#fcb900\" class=\"has-inline-color has-black-color\">o foco da proibi\u00e7\u00e3o recai sobre os fogos de alto estampido, permitindo apenas aqueles que produzem efeitos visuais e sonoros de baixa intensidade.<\/mark>\u00a0<\/p>\n<p>A motiva\u00e7\u00e3o dessas normas \u00e9 dupla e profundamente ligada ao bem-estar coletivo. Em primeiro lugar, h\u00e1 a dimens\u00e3o da sa\u00fade p\u00fablica e da neurodiversidade. O ru\u00eddo intenso dos fogos pode causar sofrimento agudo em pessoas com <strong>Transtorno do Espectro Autista (TEA)<\/strong>, em idosos e em indiv\u00edduos com elevada sensibilidade auditiva. Nessas situa\u00e7\u00f5es, o estampido n\u00e3o \u00e9 apenas inc\u00f4modo, mas pode desencadear crises, ataques de p\u00e2nico e at\u00e9 dor f\u00edsica, tornando-se um fator de risco para a sa\u00fade.\u00a0<\/p>\n<p>Em segundo lugar, destaca-se o bem-estar animal. C\u00e3es, gatos e outros animais de estima\u00e7\u00e3o possuem audi\u00e7\u00e3o muito mais sens\u00edvel que a humana, o que os torna especialmente vulner\u00e1veis ao barulho excessivo. As consequ\u00eancias s\u00e3o graves: fugas, acidentes, ataques card\u00edacos e at\u00e9 morte por estresse e p\u00e2nico s\u00e3o frequentemente relatados em decorr\u00eancia da exposi\u00e7\u00e3o aos fogos ruidosos.\u00a0<\/p>\n<p>Assim, a legisla\u00e7\u00e3o n\u00e3o apenas regula uma pr\u00e1tica cultural, mas tamb\u00e9m reafirma valores de cidadania e responsabilidade social. Ao limitar o uso de fogos barulhentos, busca-se proteger os mais vulner\u00e1veis, sejam pessoas ou animais\u00a0 e promover uma conviv\u00eancia mais respeitosa e segura.\u00a0<\/p>\n<p>Portanto, qualquer celebra\u00e7\u00e3o que envolva roj\u00f5es ou morteiros com estampido alto est\u00e1, em regra, em desacordo com a lei municipal ou estadual, independentemente das regras internas do condom\u00ednio.<\/p>\n<h2 class=\"wp-block-heading\"><strong>Seguran\u00e7a em Primeiro Lugar: O Risco Iminente de Inc\u00eandio<\/strong><\/h2>\n<p>Al\u00e9m do aspecto sonoro, a soltura de fogos dentro dos limites condominiais representa um perigo f\u00edsico e patrimonial inaceit\u00e1vel. A <strong><a href=\"https:\/\/www.planalto.gov.br\/ccivil_03\/leis\/l4591.htm\" data-type=\"link\" data-id=\"https:\/\/www.planalto.gov.br\/ccivil_03\/leis\/l4591.htm\" target=\"_blank\" rel=\"noopener\">Lei n\u00ba 4.591\/64<\/a><\/strong> (Lei do Condom\u00ednio) e o <a href=\"https:\/\/www.planalto.gov.br\/ccivil_03\/leis\/2002\/l10406compilada.htm\" data-type=\"link\" data-id=\"https:\/\/www.planalto.gov.br\/ccivil_03\/leis\/2002\/l10406compilada.htm\" target=\"_blank\" rel=\"noopener\"><strong>C\u00f3digo Civil<\/strong> (Lei n\u00ba 10.406\/02)<\/a> estabelecem o dever de cuidado e seguran\u00e7a.<\/p>\n<p>A queima de fogos de artif\u00edcio, ainda que restrita aos de car\u00e1ter visual, representa um risco significativo para a seguran\u00e7a e o bem-estar coletivo. Em ambientes urbanos, especialmente em pr\u00e9dios residenciais, o perigo de inc\u00eandio \u00e9 elevado, podendo atingir apartamentos vizinhos, roupas estendidas em varais, antenas e, sobretudo, ve\u00edculos estacionados em garagens ou \u00e1reas comuns. Em condom\u00ednios horizontais, o risco se amplia para telhados, jardins e \u00e1reas de vegeta\u00e7\u00e3o, aumentando a possibilidade de danos de grandes propor\u00e7\u00f5es.<\/p>\n<p>Al\u00e9m disso, o manuseio inadequado desses artefatos por pessoas sem preparo t\u00e9cnico, incluindo crian\u00e7as, \u00e9 uma das principais causas de queimaduras e acidentes graves. A imprevisibilidade do comportamento dos fogos torna a pr\u00e1tica ainda mais perigosa, expondo os envolvidos e terceiros a les\u00f5es que poderiam ser evitadas.<\/p>\n<p>Outro aspecto relevante \u00e9 o dano ao patrim\u00f4nio. O custo de reparar um sinistro, como um inc\u00eandio, ou mesmo de arcar com pequenos preju\u00edzos materiais decorrentes da explos\u00e3o de um roj\u00e3o, supera em muito o prazer moment\u00e2neo proporcionado pelo espet\u00e1culo pirot\u00e9cnico. Trata-se de uma rela\u00e7\u00e3o desproporcional entre o risco e o benef\u00edcio, o que refor\u00e7a a necessidade de medidas preventivas.<\/p>\n<p>Por essas raz\u00f5es, a maioria dos Regimentos Internos e Conven\u00e7\u00f5es Condominiais estabelece, de forma expressa, a proibi\u00e7\u00e3o da soltura de qualquer tipo de artefato pirot\u00e9cnico, inclusive aqueles de baixo ru\u00eddo, tanto em \u00e1reas comuns quanto em espa\u00e7os privativos, como sacadas e janelas. Essa restri\u00e7\u00e3o busca preservar a integridade f\u00edsica dos moradores, proteger o patrim\u00f4nio coletivo e individual e garantir a conviv\u00eancia segura e harmoniosa dentro dos condom\u00ednios.<\/p>\n<h2 class=\"wp-block-heading\"><strong>O Papel do S\u00edndico e a For\u00e7a do Regimento Interno<\/strong><\/h2>\n<p>No \u00e2mbito condominial, a responsabilidade de assegurar o cumprimento da lei e das normas internas recai diretamente sobre o s\u00edndico, conforme disp\u00f5e o Artigo 1.348 do C\u00f3digo Civil. A atua\u00e7\u00e3o desse representante exige postura firme e preventiva, de modo a garantir a ordem e a seguran\u00e7a de todos os moradores.<\/p>\n<p>A primeira medida essencial \u00e9 a <strong>comunica\u00e7\u00e3o preventiva<\/strong>. Cabe ao s\u00edndico emitir comunicados com anteced\u00eancia, lembrando os cond\u00f4minos das proibi\u00e7\u00f5es estabelecidas pela legisla\u00e7\u00e3o estadual e municipal, bem como das san\u00e7\u00f5es previstas no regimento interno. Essa pr\u00e1tica contribui para a conscientiza\u00e7\u00e3o coletiva e reduz a ocorr\u00eancia de infra\u00e7\u00f5es.<\/p>\n<p>Em caso de descumprimento das regras, torna-se necess\u00e1ria a <strong>a\u00e7\u00e3o imediata<\/strong>. O s\u00edndico deve aplicar a penalidade cab\u00edvel, geralmente na forma de multa, sem preju\u00edzo da responsabiliza\u00e7\u00e3o civil ou criminal do infrator. O Artigo 1.336 do C\u00f3digo Civil prev\u00ea expressamente a possibilidade de multar o cond\u00f4mino que n\u00e3o observa as normas internas, refor\u00e7ando a autoridade da administra\u00e7\u00e3o condominial.<\/p>\n<p>Outro ponto relevante \u00e9 o enfrentamento do <strong>comportamento antissocial<\/strong>. O morador que insiste em pr\u00e1ticas que perturbam a tranquilidade e colocam em risco a seguran\u00e7a coletiva pode ser enquadrado como cond\u00f4mino antissocial. Nesses casos, a penalidade pode ser agravada, chegando a at\u00e9 dez vezes o valor da cota condominial, desde que aprovada em assembleia, conforme previsto na legisla\u00e7\u00e3o vigente.<\/p>\n<p>Por fim, \u00e9 fundamental destacar que, ainda que a lei municipal permita o uso de fogos visuais, o condom\u00ednio, por meio de seu Regimento Interno aprovado em assembleia, possui autonomia para estabelecer regras mais rigorosas. Entre elas, pode constar a proibi\u00e7\u00e3o total da utiliza\u00e7\u00e3o de artefatos pirot\u00e9cnicos em suas depend\u00eancias, sejam \u00e1reas comuns ou privativas, sempre em nome da preserva\u00e7\u00e3o da seguran\u00e7a e da conviv\u00eancia harmoniosa entre os moradores.<\/p>\n<h2 class=\"wp-block-heading\"><strong>Conviv\u00eancia e Alternativas Sustent\u00e1veis<\/strong><\/h2>\n<p>O uso de fogos de artif\u00edcio em condom\u00ednios representa um desafio constante na busca pelo equil\u00edbrio entre a liberdade individual e o direito coletivo. A conviv\u00eancia harmoniosa, especialmente em uma sociedade que valoriza o conceito de \u201cru\u00eddo zero\u201d, exige a substitui\u00e7\u00e3o de pr\u00e1ticas tradicionais e barulhentas por alternativas mais sustent\u00e1veis e respeitosas. Nesse contexto, torna-se necess\u00e1rio repensar os modos de celebra\u00e7\u00e3o, privilegiando solu\u00e7\u00f5es que preservem tanto o impacto visual das festas quanto a tranquilidade dos moradores.<\/p>\n<p>O mercado atual j\u00e1 disponibiliza op\u00e7\u00f5es que conciliam espet\u00e1culo e seguran\u00e7a. Os <strong>fogos de artif\u00edcio silenciosos<\/strong>, por exemplo, produzem efeitos luminosos e visuais sofisticados, mas com estampido m\u00ednimo ou praticamente inaud\u00edvel, reduzindo significativamente os riscos de perturba\u00e7\u00e3o. Outra alternativa s\u00e3o as <strong>proje\u00e7\u00f5es a laser e o mapeamento de fachadas<\/strong>, que, em grandes eventos ou em condom\u00ednios de alto padr\u00e3o, oferecem shows de luzes grandiosos sem qualquer amea\u00e7a de inc\u00eandio ou inc\u00f4modo sonoro, transformando a celebra\u00e7\u00e3o em uma experi\u00eancia inovadora e segura.<\/p>\n<p>Desta forma, a decis\u00e3o de n\u00e3o utilizar fogos ruidosos em condom\u00ednios deve ser compreendida como um ato de cidadania. Trata-se do reconhecimento de que o direito de festejar encontra limites no direito do vizinho, sobretudo daquele mais vulner\u00e1vel, de viver em paz e seguran\u00e7a. Assim, a ado\u00e7\u00e3o de alternativas modernas e silenciosas n\u00e3o apenas preserva a coletividade, mas tamb\u00e9m reafirma o compromisso com uma conviv\u00eancia mais consciente e respons\u00e1vel.<\/p>\n<p>SAIBA MAIS<br \/>Prot\u00f3tipo do carro voador realiza 1\u00ba voo em cidade a 120 quil\u00f4metros de Ribeir\u00e3o Preto<\/p>\n<p><strong>FIQUE ON<\/strong><\/p>\n<p>Fique ligado em tudo que acontece em Ribeir\u00e3o Preto e regi\u00e3o. Siga os perfis do\u00a0<strong>acidade on<\/strong>\u00a0no<a href=\"https:\/\/www.instagram.com\/acidadeonribeirao\" target=\"_blank\" rel=\"noreferrer noopener\">\u00a0Instagram\u00a0<\/a>e no\u00a0<a href=\"https:\/\/www.facebook.com\/acidadeonribeirao\/\" target=\"_blank\" rel=\"noreferrer noopener\">Facebook<\/a>.<\/p>\n<p>Receba not\u00edcias do\u00a0<strong>acidade on<\/strong>\u00a0no WhatsApp. Para entrar no grupo,\u00a0basta\u00a0<a href=\"https:\/\/chat.whatsapp.com\/GFH9HUMUTHNFJdnyEd0xxq\" target=\"_blank\" rel=\"noreferrer noopener\">clicar aqui<\/a>. Ou, acesse o nosso\u00a0Canal\u00a0<a href=\"https:\/\/whatsapp.com\/channel\/0029Vb6IQl1JENyAeS57fk2p\" target=\"_blank\" rel=\"noreferrer noopener\">clicando aqui<\/a>.<\/p>\n<p>Fa\u00e7a uma den\u00fancia ou sugira uma reportagem sobre Ribeir\u00e3o Preto e regi\u00e3o pelo WhatsApp: 16 99117 7802.<\/p>\n<p>VEJA TAMB\u00c9M<br \/>Como fazer crunch cake?<\/p>\n<p><!-- AI CONTENT END 1 -->\n<\/div>\n<p><script async src=\"\/\/www.instagram.com\/embed.js\"><\/script><br \/>\n<br \/><br \/>\n<br \/><a href=\"https:\/\/www.acidadeon.com\/ribeiraopreto\/cotidiano\/colunistas-ribeirao-preto\/festa-sem-ruido-o-dilema-dos-fogos-de-artificio-em-condominios\/\">Source link <\/a><\/p>\n<!-- CONTENT END 1 -->\n","protected":false},"excerpt":{"rendered":"<p>A chegada de datas festivas, como o R\u00e9veillon, sempre traz \u00e0 tona um conflito cr\u00f4nico no universo condominial: a soltura de fogos de artif\u00edcio. Se,&#8230;<\/p>\n","protected":false},"author":1,"featured_media":73614,"comment_status":"open","ping_status":"open","sticky":false,"template":"","format":"standard","meta":{"advanced_seo_description":"","jetpack_seo_html_title":"","jetpack_seo_noindex":false,"jetpack_post_was_ever_published":false,"_jetpack_newsletter_access":"","_jetpack_dont_email_post_to_subs":false,"_jetpack_newsletter_tier_id":0,"_jetpack_memberships_contains_paywalled_content":false,"_jetpack_memberships_contains_paid_content":false,"footnotes":"","jetpack_publicize_message":"","jetpack_publicize_feature_enabled":true,"jetpack_social_post_already_shared":true,"jetpack_social_options":{"image_generator_settings":{"template":"highway","default_image_id":0,"font":"","enabled":false},"version":2}},"categories":[11],"tags":[],"class_list":["post-81011","post","type-post","status-publish","format-standard","has-post-thumbnail","hentry","category-noticias-de-ribeirao-preto-sp-e-regiao-ismael-colosi"],"jetpack_publicize_connections":[],"jetpack_featured_media_url":"https:\/\/i0.wp.com\/noticiasribeiraopreto.com.br\/wp-content\/uploads\/2025\/07\/DR-MARCIO-SPIMPOLO_2025-05-16_17-40-37.webp.webp?fit=997%2C718&ssl=1","jetpack-related-posts":[{"id":21344,"url":"https:\/\/noticiasribeiraopreto.com.br\/index.php\/2023\/12\/27\/os-riscos-de-soltar-fogos-de-artificio-proximo-a-rede-eletrica\/","url_meta":{"origin":81011,"position":0},"title":"Os riscos de soltar fogos de artif\u00edcio pr\u00f3ximo \u00e0 rede el\u00e9trica","author":"noticiasribeiraopreto.com.br","date":"27 de December de 2023","format":false,"excerpt":"Artefatos pirot\u00e9cnicos, ainda que silenciosos, podem gerar interrup\u00e7\u00f5es no fornecimento de energia e acidentes graves e CPFL Paulista faz alerta 27 de dezembro de 2023 | 15:43 2A CPFL Paulista alerta a todos para os riscos de soltar fogos de artif\u00edcio, mesmo os silenciosos, t\u00e3o comuns em festas da virada\u2026","rel":"","context":"In &quot;Not\u00edcias de Ribeir\u00e3o Preto-SP e Regi\u00e3o&quot;","block_context":{"text":"Not\u00edcias de Ribeir\u00e3o Preto-SP e Regi\u00e3o","link":"https:\/\/noticiasribeiraopreto.com.br\/index.php\/category\/noticias-de-ribeirao-preto-sp-e-regiao-ismael-colosi\/"},"img":{"alt_text":"","src":"https:\/\/i0.wp.com\/noticiasribeiraopreto.com.br\/wp-content\/uploads\/2023\/12\/00-27-dez-2023-fogos-de-artificio-foto-bombeiros-mg.jpg?fit=820%2C492&ssl=1&resize=350%2C200","width":350,"height":200,"srcset":"https:\/\/i0.wp.com\/noticiasribeiraopreto.com.br\/wp-content\/uploads\/2023\/12\/00-27-dez-2023-fogos-de-artificio-foto-bombeiros-mg.jpg?fit=820%2C492&ssl=1&resize=350%2C200 1x, https:\/\/i0.wp.com\/noticiasribeiraopreto.com.br\/wp-content\/uploads\/2023\/12\/00-27-dez-2023-fogos-de-artificio-foto-bombeiros-mg.jpg?fit=820%2C492&ssl=1&resize=525%2C300 1.5x, https:\/\/i0.wp.com\/noticiasribeiraopreto.com.br\/wp-content\/uploads\/2023\/12\/00-27-dez-2023-fogos-de-artificio-foto-bombeiros-mg.jpg?fit=820%2C492&ssl=1&resize=700%2C400 2x"},"classes":[]},{"id":81373,"url":"https:\/\/noticiasribeiraopreto.com.br\/index.php\/2026\/01\/03\/cao-morre-apos-se-assustar-com-fogos-de-artificio-na-virada-do-ano-em-guaira\/","url_meta":{"origin":81011,"position":1},"title":"C\u00e3o morre ap\u00f3s se assustar com fogos de artif\u00edcio na virada do ano em Gua\u00edra","author":"noticiasribeiraopreto.com.br","date":"3 de January de 2026","format":false,"excerpt":"\r \r \r 3 de janeiro de 2026 11:553 de janeiro de 2026 11:36 \r Compartilhar0 Um c\u00e3o da ra\u00e7a husky siberiano morreu, na \u00faltima quinta-feira (1\u00ba), depois de se assustar com fogos de artif\u00edcio da virada do ano e se machucar gravemente em Gua\u00edra. Segundo o empres\u00e1rio e tutor\u2026","rel":"","context":"In &quot;Not\u00edcias de Ribeir\u00e3o Preto-SP e Regi\u00e3o&quot;","block_context":{"text":"Not\u00edcias de Ribeir\u00e3o Preto-SP e Regi\u00e3o","link":"https:\/\/noticiasribeiraopreto.com.br\/index.php\/category\/noticias-de-ribeirao-preto-sp-e-regiao-ismael-colosi\/"},"img":{"alt_text":"","src":"https:\/\/i0.wp.com\/noticiasribeiraopreto.com.br\/wp-content\/uploads\/2026\/01\/WhatsApp-Image-2026-01-03-at-11.19.52.jpeg?fit=688%2C387&ssl=1&resize=350%2C200","width":350,"height":200,"srcset":"https:\/\/i0.wp.com\/noticiasribeiraopreto.com.br\/wp-content\/uploads\/2026\/01\/WhatsApp-Image-2026-01-03-at-11.19.52.jpeg?fit=688%2C387&ssl=1&resize=350%2C200 1x, https:\/\/i0.wp.com\/noticiasribeiraopreto.com.br\/wp-content\/uploads\/2026\/01\/WhatsApp-Image-2026-01-03-at-11.19.52.jpeg?fit=688%2C387&ssl=1&resize=525%2C300 1.5x"},"classes":[]},{"id":61955,"url":"https:\/\/noticiasribeiraopreto.com.br\/index.php\/2024\/12\/29\/fogos-de-artificio-estao-proibidos-no-ano-novo-entenda-a-lei-no-estado-de-sp\/","url_meta":{"origin":81011,"position":2},"title":"Fogos de artif\u00edcio est\u00e3o proibidos no Ano Novo? Entenda a lei no estado de SP","author":"noticiasribeiraopreto.com.br","date":"29 de December de 2024","format":false,"excerpt":"Uma lei pro\u00edbe os fogos de artif\u00edcio com barulho em todo o estado de S\u00e3o Paulo. Pela lei 17.389\/2021, al\u00e9m da queima e soltura, a comercializa\u00e7\u00e3o, o armazenamento e o transporte dos fogos de artif\u00edcio de estampido tamb\u00e9m est\u00e3o vedados em todo o estado, em qualquer \u00e9poca do ano, n\u00e3o\u2026","rel":"","context":"In &quot;Not\u00edcias de Ribeir\u00e3o Preto-SP e Regi\u00e3o&quot;","block_context":{"text":"Not\u00edcias de Ribeir\u00e3o Preto-SP e Regi\u00e3o","link":"https:\/\/noticiasribeiraopreto.com.br\/index.php\/category\/noticias-de-ribeirao-preto-sp-e-regiao-ismael-colosi\/"},"img":{"alt_text":"","src":"https:\/\/i0.wp.com\/noticiasribeiraopreto.com.br\/wp-content\/uploads\/2024\/12\/703_2024-12-29_19-04-48_jpg_2024-12-29_19-04-49.webp.webp?fit=1200%2C800&ssl=1&resize=350%2C200","width":350,"height":200,"srcset":"https:\/\/i0.wp.com\/noticiasribeiraopreto.com.br\/wp-content\/uploads\/2024\/12\/703_2024-12-29_19-04-48_jpg_2024-12-29_19-04-49.webp.webp?fit=1200%2C800&ssl=1&resize=350%2C200 1x, https:\/\/i0.wp.com\/noticiasribeiraopreto.com.br\/wp-content\/uploads\/2024\/12\/703_2024-12-29_19-04-48_jpg_2024-12-29_19-04-49.webp.webp?fit=1200%2C800&ssl=1&resize=525%2C300 1.5x, https:\/\/i0.wp.com\/noticiasribeiraopreto.com.br\/wp-content\/uploads\/2024\/12\/703_2024-12-29_19-04-48_jpg_2024-12-29_19-04-49.webp.webp?fit=1200%2C800&ssl=1&resize=700%2C400 2x, https:\/\/i0.wp.com\/noticiasribeiraopreto.com.br\/wp-content\/uploads\/2024\/12\/703_2024-12-29_19-04-48_jpg_2024-12-29_19-04-49.webp.webp?fit=1200%2C800&ssl=1&resize=1050%2C600 3x"},"classes":[]},{"id":80118,"url":"https:\/\/noticiasribeiraopreto.com.br\/index.php\/2025\/11\/15\/explosao-interdita-231-imoveis-em-sp\/","url_meta":{"origin":81011,"position":3},"title":"Explos\u00e3o interdita 231 im\u00f3veis em SP","author":"noticiasribeiraopreto.com.br","date":"15 de November de 2025","format":false,"excerpt":"Uma pessoa morreu e dez ficaram feridas ap\u00f3s explos\u00e3o seguida de inc\u00eandio em uma resid\u00eancia no Tatuap\u00e9, Zona Leste de S\u00e3o Paulo, por volta de 19h50 de quinta-feira, 13 de novembro. A Pol\u00edcia Civil ainda investiga a ocorr\u00eancia. C\u00e2meras de monitoramento registraram o momento em que rajadas de fogos de\u2026","rel":"","context":"In &quot;Not\u00edcias de Ribeir\u00e3o Preto-SP e Regi\u00e3o&quot;","block_context":{"text":"Not\u00edcias de Ribeir\u00e3o Preto-SP e Regi\u00e3o","link":"https:\/\/noticiasribeiraopreto.com.br\/index.php\/category\/noticias-de-ribeirao-preto-sp-e-regiao-ismael-colosi\/"},"img":{"alt_text":"","src":"https:\/\/i0.wp.com\/noticiasribeiraopreto.com.br\/wp-content\/uploads\/2025\/11\/Explosao-Reproducao.jpg?fit=888%2C685&ssl=1&resize=350%2C200","width":350,"height":200,"srcset":"https:\/\/i0.wp.com\/noticiasribeiraopreto.com.br\/wp-content\/uploads\/2025\/11\/Explosao-Reproducao.jpg?fit=888%2C685&ssl=1&resize=350%2C200 1x, https:\/\/i0.wp.com\/noticiasribeiraopreto.com.br\/wp-content\/uploads\/2025\/11\/Explosao-Reproducao.jpg?fit=888%2C685&ssl=1&resize=525%2C300 1.5x, https:\/\/i0.wp.com\/noticiasribeiraopreto.com.br\/wp-content\/uploads\/2025\/11\/Explosao-Reproducao.jpg?fit=888%2C685&ssl=1&resize=700%2C400 2x"},"classes":[]},{"id":61990,"url":"https:\/\/noticiasribeiraopreto.com.br\/index.php\/2024\/12\/30\/fogos-de-artificio-avaliados-em-r-35-mil-sao-apreendidos-na-regiao-de-ribeirao-preto\/","url_meta":{"origin":81011,"position":4},"title":"Fogos de artif\u00edcio avaliados em R$ 35 mil s\u00e3o apreendidos na regi\u00e3o de Ribeir\u00e3o Preto","author":"noticiasribeiraopreto.com.br","date":"30 de December de 2024","format":false,"excerpt":"A Pol\u00edcia Civil apreendeu centenas de fogos de artif\u00edcio clandestinos em uma papelaria de Sert\u00e3ozinho, cidade na regi\u00e3o de Ribeir\u00e3o Preto, na manh\u00e3 desta segunda-feira (30). A mercadoria est\u00e1 avaliada em R$ 35 mil. De acordo com o boletim de ocorr\u00eancia, os produtos foram apreendidos em um estabelecimento na avenida\u2026","rel":"","context":"In &quot;Not\u00edcias de Ribeir\u00e3o Preto-SP e Regi\u00e3o&quot;","block_context":{"text":"Not\u00edcias de Ribeir\u00e3o Preto-SP e Regi\u00e3o","link":"https:\/\/noticiasribeiraopreto.com.br\/index.php\/category\/noticias-de-ribeirao-preto-sp-e-regiao-ismael-colosi\/"},"img":{"alt_text":"","src":"https:\/\/i0.wp.com\/noticiasribeiraopreto.com.br\/wp-content\/uploads\/2024\/12\/Copia-de-Copia-de-Copia-de-TAMANHO-EXATO-PARA-FOTOS-NO-SISTEMA-NOVO-2024-12-30T170716.743_2024-12-30_20-07-58_png_2024-12-30_20-07-58.webp.webp?fit=1200%2C675&ssl=1&resize=350%2C200","width":350,"height":200,"srcset":"https:\/\/i0.wp.com\/noticiasribeiraopreto.com.br\/wp-content\/uploads\/2024\/12\/Copia-de-Copia-de-Copia-de-TAMANHO-EXATO-PARA-FOTOS-NO-SISTEMA-NOVO-2024-12-30T170716.743_2024-12-30_20-07-58_png_2024-12-30_20-07-58.webp.webp?fit=1200%2C675&ssl=1&resize=350%2C200 1x, https:\/\/i0.wp.com\/noticiasribeiraopreto.com.br\/wp-content\/uploads\/2024\/12\/Copia-de-Copia-de-Copia-de-TAMANHO-EXATO-PARA-FOTOS-NO-SISTEMA-NOVO-2024-12-30T170716.743_2024-12-30_20-07-58_png_2024-12-30_20-07-58.webp.webp?fit=1200%2C675&ssl=1&resize=525%2C300 1.5x, https:\/\/i0.wp.com\/noticiasribeiraopreto.com.br\/wp-content\/uploads\/2024\/12\/Copia-de-Copia-de-Copia-de-TAMANHO-EXATO-PARA-FOTOS-NO-SISTEMA-NOVO-2024-12-30T170716.743_2024-12-30_20-07-58_png_2024-12-30_20-07-58.webp.webp?fit=1200%2C675&ssl=1&resize=700%2C400 2x, https:\/\/i0.wp.com\/noticiasribeiraopreto.com.br\/wp-content\/uploads\/2024\/12\/Copia-de-Copia-de-Copia-de-TAMANHO-EXATO-PARA-FOTOS-NO-SISTEMA-NOVO-2024-12-30T170716.743_2024-12-30_20-07-58_png_2024-12-30_20-07-58.webp.webp?fit=1200%2C675&ssl=1&resize=1050%2C600 3x"},"classes":[]},{"id":22782,"url":"https:\/\/noticiasribeiraopreto.com.br\/index.php\/2023\/12\/31\/os-10-shows-de-fogos-mais-incriveis-do-reveillon\/","url_meta":{"origin":81011,"position":5},"title":"Os 10 shows de fogos mais incr\u00edveis do R\u00e9veillon","author":"noticiasribeiraopreto.com.br","date":"31 de December de 2023","format":false,"excerpt":"Faltam poucos dias para o R\u00e9veillon, e pa\u00edses do mundo todo est\u00e3o se preparando para receber 2024 em grande estilo. As tradi\u00e7\u00f5es e simpatias mudam de pessoa para pessoa: tem gente que leva a s\u00e9rio a cor da roupa \u00edntima usada no R\u00e9veillon, tem quem guarde sementes de rom\u00e3 na\u2026","rel":"","context":"In &quot;Variedades&quot;","block_context":{"text":"Variedades","link":"https:\/\/noticiasribeiraopreto.com.br\/index.php\/category\/variedades\/"},"img":{"alt_text":"","src":"https:\/\/i0.wp.com\/noticiasribeiraopreto.com.br\/wp-content\/uploads\/2023\/12\/unnamed-5-1.jpg?fit=1200%2C638&ssl=1&resize=350%2C200","width":350,"height":200,"srcset":"https:\/\/i0.wp.com\/noticiasribeiraopreto.com.br\/wp-content\/uploads\/2023\/12\/unnamed-5-1.jpg?fit=1200%2C638&ssl=1&resize=350%2C200 1x, https:\/\/i0.wp.com\/noticiasribeiraopreto.com.br\/wp-content\/uploads\/2023\/12\/unnamed-5-1.jpg?fit=1200%2C638&ssl=1&resize=525%2C300 1.5x, https:\/\/i0.wp.com\/noticiasribeiraopreto.com.br\/wp-content\/uploads\/2023\/12\/unnamed-5-1.jpg?fit=1200%2C638&ssl=1&resize=700%2C400 2x, https:\/\/i0.wp.com\/noticiasribeiraopreto.com.br\/wp-content\/uploads\/2023\/12\/unnamed-5-1.jpg?fit=1200%2C638&ssl=1&resize=1050%2C600 3x"},"classes":[]}],"jetpack_sharing_enabled":true,"jetpack_shortlink":"https:\/\/wp.me\/peQAOb-l4D","_links":{"self":[{"href":"https:\/\/noticiasribeiraopreto.com.br\/index.php\/wp-json\/wp\/v2\/posts\/81011","targetHints":{"allow":["GET"]}}],"collection":[{"href":"https:\/\/noticiasribeiraopreto.com.br\/index.php\/wp-json\/wp\/v2\/posts"}],"about":[{"href":"https:\/\/noticiasribeiraopreto.com.br\/index.php\/wp-json\/wp\/v2\/types\/post"}],"author":[{"embeddable":true,"href":"https:\/\/noticiasribeiraopreto.com.br\/index.php\/wp-json\/wp\/v2\/users\/1"}],"replies":[{"embeddable":true,"href":"https:\/\/noticiasribeiraopreto.com.br\/index.php\/wp-json\/wp\/v2\/comments?post=81011"}],"version-history":[{"count":0,"href":"https:\/\/noticiasribeiraopreto.com.br\/index.php\/wp-json\/wp\/v2\/posts\/81011\/revisions"}],"wp:featuredmedia":[{"embeddable":true,"href":"https:\/\/noticiasribeiraopreto.com.br\/index.php\/wp-json\/wp\/v2\/media\/73614"}],"wp:attachment":[{"href":"https:\/\/noticiasribeiraopreto.com.br\/index.php\/wp-json\/wp\/v2\/media?parent=81011"}],"wp:term":[{"taxonomy":"category","embeddable":true,"href":"https:\/\/noticiasribeiraopreto.com.br\/index.php\/wp-json\/wp\/v2\/categories?post=81011"},{"taxonomy":"post_tag","embeddable":true,"href":"https:\/\/noticiasribeiraopreto.com.br\/index.php\/wp-json\/wp\/v2\/tags?post=81011"}],"curies":[{"name":"wp","href":"https:\/\/api.w.org\/{rel}","templated":true}]}}